{"id":115891,"date":"2014-12-02T16:08:20","date_gmt":"2014-12-02T15:08:20","guid":{"rendered":"https:\/\/sandzakpress.net\/arhiva\/?p=115891"},"modified":"2014-12-02T16:08:20","modified_gmt":"2014-12-02T15:08:20","slug":"invalidi-rada-iz-rozaja-performansom-osuduju-sve-koji-krse-ljudska-prava","status":"publish","type":"post","link":"https:\/\/sandzakpress.net\/arhiva\/invalidi-rada-iz-rozaja-performansom-osuduju-sve-koji-krse-ljudska-prava\/","title":{"rendered":"Invalidi rada iz Ro\u017eaja performansom osu\u0111uju sve koji kr\u0161e ljudska prava"},"content":{"rendered":"<p>&nbsp;<\/p>\n<p><img loading=\"lazy\" decoding=\"async\" class=\"aligncenter\" src=\"http:\/\/www.img2.cdm.me\/sites\/cdm.bild-studio.me\/files\/styles\/301x227\/public\/multimedia\/foto\/2014\/12\/02\/unnamed_6.jpg\" alt=\"\" width=\"619\" height=\"428\" \/><\/p>\n<p><strong>Ro\u017eaje &#8211; Invalidi rada iz Ro\u017eaja \u0107e 5. decembra, na gradskom trgu u 13 sati, obilje\u017eiti Me\u0111unarodni dan ljudskih prava, tako \u0161to \u0107e izvesti performans pod nazivom \u201cStop ugro\u017eavanju ljudskih prava i slobode gra\u0111ana na sjeveru.<\/strong><\/p>\n<p>Invalidi rada \u0107e performansom javno osuditi one koji su pozvani 10. decembra u Skup\u0161tini Crne Gore da obilje\u017ee ovaj dan, a koji, kako tvrde, kr\u0161e ljudska prava i slobodu.<\/p>\n<p>To \u0107e biti premijer Milo \u0110ukanovi\u0107, predsjednik Skup\u0161tine Ranko Krivokapi\u0107, \u0161ef Delegacije EU u Crnoj Gori Mitja Drobni\u010d, ministar rada i socijalnog staranja Predrag Bo\u0161kovi\u0107, ministar za ljudska i manjinska prava Suad Numanovi\u0107, ombudsman \u0160u\u0107ko Bakovi\u0107 i predsjednik Odbora za ljudska prava i slobode Halil Dukovi\u0107\u201d, saop\u0161tili su Invalidi rada iz Ro\u017eaja.<\/p>\n<p>\u201cOsudi\u0107emo ih kroz na\u0161 performans javno na zatvorske kazne, dok sve to ne ozvani\u010dni sud i sa time dati primjer, kako treba da se ophodimo prema svima onim koji kr\u0161e ljudska prava, na na\u010din \u0161to vr\u0161e diskriminaciju jednog naroda, \u0161to ih ignori\u0161u i smatraju gra\u0111anima tre\u0107eg reda, koji oduzimaju sva prava na\u0161oj djeci da \u017eive kao ostala djeca u ovoj dr\u017eavi. Sramota je \u0161to u Skup\u0161tini Crne Gore treba da govore pojedinci o ljudskim pravima oni koji ih kr\u0161e, sa \u010dime vr\u0161e atak na parlament\u201d, saop\u0161tili su Invalidi rada iz Ro\u017eaja.<\/p>\n<p>Invalidi rada su pozvali sve gra\u0111ane Ro\u017eaja da iza\u0111u u petak na trg na protest i zajedno obilje\u017ee \u00a0Me\u0111unarodni dan ljudskih prava.<\/p>\n<p>(cdm)<\/p>\n","protected":false},"excerpt":{"rendered":"<p>&nbsp; Ro\u017eaje &#8211; Invalidi rada iz Ro\u017eaja \u0107e 5. decembra, na gradskom trgu u 13 sati, obilje\u017eiti Me\u0111unarodni dan ljudskih prava, tako \u0161to \u0107e izvesti performans pod nazivom \u201cStop ugro\u017eavanju ljudskih prava i slobode gra\u0111ana na sjeveru. Invalidi rada \u0107e performansom javno osuditi one koji su pozvani 10. decembra u Skup\u0161tini Crne Gore da obilje\u017ee [&hellip;]<\/p>\n","protected":false},"author":83,"featured_media":115892,"comment_status":"open","ping_status":"open","sticky":false,"template":"","format":"standard","meta":{"footnotes":""},"categories":[398,5,798],"tags":[],"class_list":{"0":"post-115891","1":"post","2":"type-post","3":"status-publish","4":"format-standard","5":"has-post-thumbnail","7":"category-rozaje","8":"category-drustvo","9":"category-teme"},"yoast_head":"<!-- This site is optimized with the Yoast SEO Premium plugin v23.1 (Yoast SEO v24.9) - https:\/\/yoast.com\/wordpress\/plugins\/seo\/ -->\n<title>Invalidi rada iz Ro\u017eaja performansom osu\u0111uju sve koji kr\u0161e ljudska prava<\/title>\n<meta name=\"robots\" content=\"index, follow, max-snippet:-1, max-image-preview:large, max-video-preview:-1\" \/>\n<link rel=\"canonical\" href=\"https:\/\/sandzakpress.net\/arhiva\/invalidi-rada-iz-rozaja-performansom-osuduju-sve-koji-krse-ljudska-prava\/\" \/>\n<meta property=\"og:locale\" content=\"bs_BA\" \/>\n<meta property=\"og:type\" content=\"article\" \/>\n<meta property=\"og:title\" content=\"Invalidi rada iz Ro\u017eaja performansom osu\u0111uju sve koji kr\u0161e ljudska prava\" \/>\n<meta property=\"og:description\" content=\"&nbsp; Ro\u017eaje &#8211; Invalidi rada iz Ro\u017eaja \u0107e 5. decembra, na gradskom trgu u 13 sati, obilje\u017eiti Me\u0111unarodni dan ljudskih prava, tako \u0161to \u0107e izvesti performans pod nazivom \u201cStop ugro\u017eavanju ljudskih prava i slobode gra\u0111ana na sjeveru. Invalidi rada \u0107e performansom javno osuditi one koji su pozvani 10. decembra u Skup\u0161tini Crne Gore da obilje\u017ee [&hellip;]\" \/>\n<meta property=\"og:url\" content=\"https:\/\/sandzakpress.net\/arhiva\/invalidi-rada-iz-rozaja-performansom-osuduju-sve-koji-krse-ljudska-prava\/\" \/>\n<meta property=\"og:site_name\" content=\"Sand\u017eak PRESS\" \/>\n<meta property=\"article:published_time\" content=\"2014-12-02T15:08:20+00:00\" \/>\n<meta property=\"og:image\" content=\"https:\/\/sandzakpress.net\/arhiva\/wp-content\/uploads\/2014\/12\/unnamed_6.jpg\" \/>\n\t<meta property=\"og:image:width\" content=\"573\" \/>\n\t<meta property=\"og:image:height\" content=\"396\" \/>\n\t<meta property=\"og:image:type\" content=\"image\/jpeg\" \/>\n<meta name=\"author\" content=\"bosniak\" \/>\n<meta name=\"twitter:card\" content=\"summary_large_image\" \/>\n<meta name=\"twitter:label1\" content=\"Written by\" \/>\n\t<meta name=\"twitter:data1\" content=\"bosniak\" \/>\n\t<meta name=\"twitter:label2\" content=\"Est. reading time\" \/>\n\t<meta name=\"twitter:data2\" content=\"1 minuta\" \/>\n<script type=\"application\/ld+json\" class=\"yoast-schema-graph\">{\"@context\":\"https:\/\/schema.org\",\"@graph\":[{\"@type\":\"Article\",\"@id\":\"https:\/\/sandzakpress.net\/arhiva\/invalidi-rada-iz-rozaja-performansom-osuduju-sve-koji-krse-ljudska-prava\/#article\",\"isPartOf\":{\"@id\":\"https:\/\/sandzakpress.net\/arhiva\/invalidi-rada-iz-rozaja-performansom-osuduju-sve-koji-krse-ljudska-prava\/\"},\"author\":{\"name\":\"bosniak\",\"@id\":\"https:\/\/sandzakpress.net\/arhiva\/#\/schema\/person\/c8baee722073534b583ea7bdb2e36c02\"},\"headline\":\"Invalidi rada iz Ro\u017eaja performansom osu\u0111uju sve koji kr\u0161e ljudska prava\",\"datePublished\":\"2014-12-02T15:08:20+00:00\",\"mainEntityOfPage\":{\"@id\":\"https:\/\/sandzakpress.net\/arhiva\/invalidi-rada-iz-rozaja-performansom-osuduju-sve-koji-krse-ljudska-prava\/\"},\"wordCount\":277,\"commentCount\":0,\"publisher\":{\"@id\":\"https:\/\/sandzakpress.net\/arhiva\/#\/schema\/person\/6e72b67d6e51910a1117b3b483ba20bd\"},\"image\":{\"@id\":\"https:\/\/sandzakpress.net\/arhiva\/invalidi-rada-iz-rozaja-performansom-osuduju-sve-koji-krse-ljudska-prava\/#primaryimage\"},\"thumbnailUrl\":\"https:\/\/sandzakpress.net\/arhiva\/wp-content\/uploads\/2014\/12\/unnamed_6.jpg\",\"articleSection\":[\"Ro\u017eaje\",\"Dru\u0161tvo\",\"NAJNOVIJE\"],\"inLanguage\":\"bs-BA\",\"potentialAction\":[{\"@type\":\"CommentAction\",\"name\":\"Comment\",\"target\":[\"https:\/\/sandzakpress.net\/arhiva\/invalidi-rada-iz-rozaja-performansom-osuduju-sve-koji-krse-ljudska-prava\/#respond\"]}]},{\"@type\":\"WebPage\",\"@id\":\"https:\/\/sandzakpress.net\/arhiva\/invalidi-rada-iz-rozaja-performansom-osuduju-sve-koji-krse-ljudska-prava\/\",\"url\":\"https:\/\/sandzakpress.net\/arhiva\/invalidi-rada-iz-rozaja-performansom-osuduju-sve-koji-krse-ljudska-prava\/\",\"name\":\"Invalidi rada iz Ro\u017eaja performansom osu\u0111uju sve koji kr\u0161e ljudska prava\",\"isPartOf\":{\"@id\":\"https:\/\/sandzakpress.net\/arhiva\/#website\"},\"primaryImageOfPage\":{\"@id\":\"https:\/\/sandzakpress.net\/arhiva\/invalidi-rada-iz-rozaja-performansom-osuduju-sve-koji-krse-ljudska-prava\/#primaryimage\"},\"image\":{\"@id\":\"https:\/\/sandzakpress.net\/arhiva\/invalidi-rada-iz-rozaja-performansom-osuduju-sve-koji-krse-ljudska-prava\/#primaryimage\"},\"thumbnailUrl\":\"https:\/\/sandzakpress.net\/arhiva\/wp-content\/uploads\/2014\/12\/unnamed_6.jpg\",\"datePublished\":\"2014-12-02T15:08:20+00:00\",\"breadcrumb\":{\"@id\":\"https:\/\/sandzakpress.net\/arhiva\/invalidi-rada-iz-rozaja-performansom-osuduju-sve-koji-krse-ljudska-prava\/#breadcrumb\"},\"inLanguage\":\"bs-BA\",\"potentialAction\":[{\"@type\":\"ReadAction\",\"target\":[\"https:\/\/sandzakpress.net\/arhiva\/invalidi-rada-iz-rozaja-performansom-osuduju-sve-koji-krse-ljudska-prava\/\"]}]},{\"@type\":\"ImageObject\",\"inLanguage\":\"bs-BA\",\"@id\":\"https:\/\/sandzakpress.net\/arhiva\/invalidi-rada-iz-rozaja-performansom-osuduju-sve-koji-krse-ljudska-prava\/#primaryimage\",\"url\":\"https:\/\/sandzakpress.net\/arhiva\/wp-content\/uploads\/2014\/12\/unnamed_6.jpg\",\"contentUrl\":\"https:\/\/sandzakpress.net\/arhiva\/wp-content\/uploads\/2014\/12\/unnamed_6.jpg\",\"width\":573,\"height\":396},{\"@type\":\"BreadcrumbList\",\"@id\":\"https:\/\/sandzakpress.net\/arhiva\/invalidi-rada-iz-rozaja-performansom-osuduju-sve-koji-krse-ljudska-prava\/#breadcrumb\",\"itemListElement\":[{\"@type\":\"ListItem\",\"position\":1,\"name\":\"Home\",\"item\":\"https:\/\/sandzakpress.net\/arhiva\/\"},{\"@type\":\"ListItem\",\"position\":2,\"name\":\"Invalidi rada iz Ro\u017eaja performansom osu\u0111uju sve koji kr\u0161e ljudska prava\"}]},{\"@type\":\"WebSite\",\"@id\":\"https:\/\/sandzakpress.net\/arhiva\/#website\",\"url\":\"https:\/\/sandzakpress.net\/arhiva\/\",\"name\":\"Sand\u017eak PRESS\",\"description\":\"Prve elektronske novine u Sand\u017eaku\",\"publisher\":{\"@id\":\"https:\/\/sandzakpress.net\/arhiva\/#\/schema\/person\/6e72b67d6e51910a1117b3b483ba20bd\"},\"potentialAction\":[{\"@type\":\"SearchAction\",\"target\":{\"@type\":\"EntryPoint\",\"urlTemplate\":\"https:\/\/sandzakpress.net\/arhiva\/?s={search_term_string}\"},\"query-input\":{\"@type\":\"PropertyValueSpecification\",\"valueRequired\":true,\"valueName\":\"search_term_string\"}}],\"inLanguage\":\"bs-BA\"},{\"@type\":[\"Person\",\"Organization\"],\"@id\":\"https:\/\/sandzakpress.net\/arhiva\/#\/schema\/person\/6e72b67d6e51910a1117b3b483ba20bd\",\"name\":\"Kul\",\"image\":{\"@type\":\"ImageObject\",\"inLanguage\":\"bs-BA\",\"@id\":\"https:\/\/sandzakpress.net\/arhiva\/#\/schema\/person\/image\/\",\"url\":\"https:\/\/secure.gravatar.com\/avatar\/42263f39aa27ac04c43cab85c280eb2e?s=96&d=mm&r=pg\",\"contentUrl\":\"https:\/\/secure.gravatar.com\/avatar\/42263f39aa27ac04c43cab85c280eb2e?s=96&d=mm&r=pg\",\"caption\":\"Kul\"},\"logo\":{\"@id\":\"https:\/\/sandzakpress.net\/arhiva\/#\/schema\/person\/image\/\"}},{\"@type\":\"Person\",\"@id\":\"https:\/\/sandzakpress.net\/arhiva\/#\/schema\/person\/c8baee722073534b583ea7bdb2e36c02\",\"name\":\"bosniak\",\"image\":{\"@type\":\"ImageObject\",\"inLanguage\":\"bs-BA\",\"@id\":\"https:\/\/sandzakpress.net\/arhiva\/#\/schema\/person\/image\/\",\"url\":\"https:\/\/secure.gravatar.com\/avatar\/a04fd330bfe3a36a72a0ad4a6d89fca7?s=96&d=mm&r=pg\",\"contentUrl\":\"https:\/\/secure.gravatar.com\/avatar\/a04fd330bfe3a36a72a0ad4a6d89fca7?s=96&d=mm&r=pg\",\"caption\":\"bosniak\"},\"url\":\"https:\/\/sandzakpress.net\/arhiva\/author\/bosniak\/\"}]}<\/script>\n<!-- \/ Yoast SEO Premium plugin. -->","yoast_head_json":{"title":"Invalidi rada iz Ro\u017eaja performansom osu\u0111uju sve koji kr\u0161e ljudska prava","robots":{"index":"index","follow":"follow","max-snippet":"max-snippet:-1","max-image-preview":"max-image-preview:large","max-video-preview":"max-video-preview:-1"},"canonical":"https:\/\/sandzakpress.net\/arhiva\/invalidi-rada-iz-rozaja-performansom-osuduju-sve-koji-krse-ljudska-prava\/","og_locale":"bs_BA","og_type":"article","og_title":"Invalidi rada iz Ro\u017eaja performansom osu\u0111uju sve koji kr\u0161e ljudska prava","og_description":"&nbsp; Ro\u017eaje &#8211; Invalidi rada iz Ro\u017eaja \u0107e 5. decembra, na gradskom trgu u 13 sati, obilje\u017eiti Me\u0111unarodni dan ljudskih prava, tako \u0161to \u0107e izvesti performans pod nazivom \u201cStop ugro\u017eavanju ljudskih prava i slobode gra\u0111ana na sjeveru. Invalidi rada \u0107e performansom javno osuditi one koji su pozvani 10. decembra u Skup\u0161tini Crne Gore da obilje\u017ee [&hellip;]","og_url":"https:\/\/sandzakpress.net\/arhiva\/invalidi-rada-iz-rozaja-performansom-osuduju-sve-koji-krse-ljudska-prava\/","og_site_name":"Sand\u017eak PRESS","article_published_time":"2014-12-02T15:08:20+00:00","og_image":[{"width":573,"height":396,"url":"https:\/\/sandzakpress.net\/arhiva\/wp-content\/uploads\/2014\/12\/unnamed_6.jpg","type":"image\/jpeg"}],"author":"bosniak","twitter_card":"summary_large_image","twitter_misc":{"Written by":"bosniak","Est. reading time":"1 minuta"},"schema":{"@context":"https:\/\/schema.org","@graph":[{"@type":"Article","@id":"https:\/\/sandzakpress.net\/arhiva\/invalidi-rada-iz-rozaja-performansom-osuduju-sve-koji-krse-ljudska-prava\/#article","isPartOf":{"@id":"https:\/\/sandzakpress.net\/arhiva\/invalidi-rada-iz-rozaja-performansom-osuduju-sve-koji-krse-ljudska-prava\/"},"author":{"name":"bosniak","@id":"https:\/\/sandzakpress.net\/arhiva\/#\/schema\/person\/c8baee722073534b583ea7bdb2e36c02"},"headline":"Invalidi rada iz Ro\u017eaja performansom osu\u0111uju sve koji kr\u0161e ljudska prava","datePublished":"2014-12-02T15:08:20+00:00","mainEntityOfPage":{"@id":"https:\/\/sandzakpress.net\/arhiva\/invalidi-rada-iz-rozaja-performansom-osuduju-sve-koji-krse-ljudska-prava\/"},"wordCount":277,"commentCount":0,"publisher":{"@id":"https:\/\/sandzakpress.net\/arhiva\/#\/schema\/person\/6e72b67d6e51910a1117b3b483ba20bd"},"image":{"@id":"https:\/\/sandzakpress.net\/arhiva\/invalidi-rada-iz-rozaja-performansom-osuduju-sve-koji-krse-ljudska-prava\/#primaryimage"},"thumbnailUrl":"https:\/\/sandzakpress.net\/arhiva\/wp-content\/uploads\/2014\/12\/unnamed_6.jpg","articleSection":["Ro\u017eaje","Dru\u0161tvo","NAJNOVIJE"],"inLanguage":"bs-BA","potentialAction":[{"@type":"CommentAction","name":"Comment","target":["https:\/\/sandzakpress.net\/arhiva\/invalidi-rada-iz-rozaja-performansom-osuduju-sve-koji-krse-ljudska-prava\/#respond"]}]},{"@type":"WebPage","@id":"https:\/\/sandzakpress.net\/arhiva\/invalidi-rada-iz-rozaja-performansom-osuduju-sve-koji-krse-ljudska-prava\/","url":"https:\/\/sandzakpress.net\/arhiva\/invalidi-rada-iz-rozaja-performansom-osuduju-sve-koji-krse-ljudska-prava\/","name":"Invalidi rada iz Ro\u017eaja performansom osu\u0111uju sve koji kr\u0161e ljudska prava","isPartOf":{"@id":"https:\/\/sandzakpress.net\/arhiva\/#website"},"primaryImageOfPage":{"@id":"https:\/\/sandzakpress.net\/arhiva\/invalidi-rada-iz-rozaja-performansom-osuduju-sve-koji-krse-ljudska-prava\/#primaryimage"},"image":{"@id":"https:\/\/sandzakpress.net\/arhiva\/invalidi-rada-iz-rozaja-performansom-osuduju-sve-koji-krse-ljudska-prava\/#primaryimage"},"thumbnailUrl":"https:\/\/sandzakpress.net\/arhiva\/wp-content\/uploads\/2014\/12\/unnamed_6.jpg","datePublished":"2014-12-02T15:08:20+00:00","breadcrumb":{"@id":"https:\/\/sandzakpress.net\/arhiva\/invalidi-rada-iz-rozaja-performansom-osuduju-sve-koji-krse-ljudska-prava\/#breadcrumb"},"inLanguage":"bs-BA","potentialAction":[{"@type":"ReadAction","target":["https:\/\/sandzakpress.net\/arhiva\/invalidi-rada-iz-rozaja-performansom-osuduju-sve-koji-krse-ljudska-prava\/"]}]},{"@type":"ImageObject","inLanguage":"bs-BA","@id":"https:\/\/sandzakpress.net\/arhiva\/invalidi-rada-iz-rozaja-performansom-osuduju-sve-koji-krse-ljudska-prava\/#primaryimage","url":"https:\/\/sandzakpress.net\/arhiva\/wp-content\/uploads\/2014\/12\/unnamed_6.jpg","contentUrl":"https:\/\/sandzakpress.net\/arhiva\/wp-content\/uploads\/2014\/12\/unnamed_6.jpg","width":573,"height":396},{"@type":"BreadcrumbList","@id":"https:\/\/sandzakpress.net\/arhiva\/invalidi-rada-iz-rozaja-performansom-osuduju-sve-koji-krse-ljudska-prava\/#breadcrumb","itemListElement":[{"@type":"ListItem","position":1,"name":"Home","item":"https:\/\/sandzakpress.net\/arhiva\/"},{"@type":"ListItem","position":2,"name":"Invalidi rada iz Ro\u017eaja performansom osu\u0111uju sve koji kr\u0161e ljudska prava"}]},{"@type":"WebSite","@id":"https:\/\/sandzakpress.net\/arhiva\/#website","url":"https:\/\/sandzakpress.net\/arhiva\/","name":"Sand\u017eak PRESS","description":"Prve elektronske novine u Sand\u017eaku","publisher":{"@id":"https:\/\/sandzakpress.net\/arhiva\/#\/schema\/person\/6e72b67d6e51910a1117b3b483ba20bd"},"potentialAction":[{"@type":"SearchAction","target":{"@type":"EntryPoint","urlTemplate":"https:\/\/sandzakpress.net\/arhiva\/?s={search_term_string}"},"query-input":{"@type":"PropertyValueSpecification","valueRequired":true,"valueName":"search_term_string"}}],"inLanguage":"bs-BA"},{"@type":["Person","Organization"],"@id":"https:\/\/sandzakpress.net\/arhiva\/#\/schema\/person\/6e72b67d6e51910a1117b3b483ba20bd","name":"Kul","image":{"@type":"ImageObject","inLanguage":"bs-BA","@id":"https:\/\/sandzakpress.net\/arhiva\/#\/schema\/person\/image\/","url":"https:\/\/secure.gravatar.com\/avatar\/42263f39aa27ac04c43cab85c280eb2e?s=96&d=mm&r=pg","contentUrl":"https:\/\/secure.gravatar.com\/avatar\/42263f39aa27ac04c43cab85c280eb2e?s=96&d=mm&r=pg","caption":"Kul"},"logo":{"@id":"https:\/\/sandzakpress.net\/arhiva\/#\/schema\/person\/image\/"}},{"@type":"Person","@id":"https:\/\/sandzakpress.net\/arhiva\/#\/schema\/person\/c8baee722073534b583ea7bdb2e36c02","name":"bosniak","image":{"@type":"ImageObject","inLanguage":"bs-BA","@id":"https:\/\/sandzakpress.net\/arhiva\/#\/schema\/person\/image\/","url":"https:\/\/secure.gravatar.com\/avatar\/a04fd330bfe3a36a72a0ad4a6d89fca7?s=96&d=mm&r=pg","contentUrl":"https:\/\/secure.gravatar.com\/avatar\/a04fd330bfe3a36a72a0ad4a6d89fca7?s=96&d=mm&r=pg","caption":"bosniak"},"url":"https:\/\/sandzakpress.net\/arhiva\/author\/bosniak\/"}]}},"_links":{"self":[{"href":"https:\/\/sandzakpress.net\/arhiva\/wp-json\/wp\/v2\/posts\/115891"}],"collection":[{"href":"https:\/\/sandzakpress.net\/arhiva\/wp-json\/wp\/v2\/posts"}],"about":[{"href":"https:\/\/sandzakpress.net\/arhiva\/wp-json\/wp\/v2\/types\/post"}],"author":[{"embeddable":true,"href":"https:\/\/sandzakpress.net\/arhiva\/wp-json\/wp\/v2\/users\/83"}],"replies":[{"embeddable":true,"href":"https:\/\/sandzakpress.net\/arhiva\/wp-json\/wp\/v2\/comments?post=115891"}],"version-history":[{"count":0,"href":"https:\/\/sandzakpress.net\/arhiva\/wp-json\/wp\/v2\/posts\/115891\/revisions"}],"wp:featuredmedia":[{"embeddable":true,"href":"https:\/\/sandzakpress.net\/arhiva\/wp-json\/wp\/v2\/media\/115892"}],"wp:attachment":[{"href":"https:\/\/sandzakpress.net\/arhiva\/wp-json\/wp\/v2\/media?parent=115891"}],"wp:term":[{"taxonomy":"category","embeddable":true,"href":"https:\/\/sandzakpress.net\/arhiva\/wp-json\/wp\/v2\/categories?post=115891"},{"taxonomy":"post_tag","embeddable":true,"href":"https:\/\/sandzakpress.net\/arhiva\/wp-json\/wp\/v2\/tags?post=115891"}],"curies":[{"name":"wp","href":"https:\/\/api.w.org\/{rel}","templated":true}]}}