{"id":11583,"date":"2011-01-21T14:45:14","date_gmt":"2011-01-21T13:45:14","guid":{"rendered":"https:\/\/sandzakpress.net\/arhiva\/?p=11583"},"modified":"2011-01-21T14:45:14","modified_gmt":"2011-01-21T13:45:14","slug":"bjeloglavi-sup-sa-uvca-stigao-do-jemena","status":"publish","type":"post","link":"https:\/\/sandzakpress.net\/arhiva\/bjeloglavi-sup-sa-uvca-stigao-do-jemena\/","title":{"rendered":"Bjeloglavi sup sa Uvca stigao do Jemena"},"content":{"rendered":"<p><strong><a href=\"https:\/\/sandzakpress.net\/arhiva\/wp-content\/uploads\/2011\/01\/beloglavi_sup-001.jpg\"><img loading=\"lazy\" decoding=\"async\" class=\"alignleft size-full wp-image-11584\" title=\"beloglavi_sup-001\" src=\"https:\/\/sandzakpress.net\/arhiva\/wp-content\/uploads\/2011\/01\/beloglavi_sup-001.jpg\" alt=\"\" width=\"268\" height=\"237\" \/><\/a>Sjenica &#8211; Mladunac bjeloglavog supa koji se proljetos ispilio u kanjonu Uvca nedavno je zalutao \u010dak u daleku Republiku Jemen. Pri prvom letu iznad vode Uva\u010dkog jezera pti\u0107a nejakih krila nebu pod oblake podigle su vazdu\u0161ne struje i odnijele do krajnjeg jugozapada Arapskog poluostrva, tri i po hiljade kilometara daleko od roditeljskog gnijezda.<br \/>\n<\/strong><br \/>\nVijest o prizemljenju mladog bjeloglavog supa u za njega nepoznate krajeve u Srbiju su poslali ornitolozi iz Jemena. Na nozi odbjeglog pti\u0107a oni su prona\u0161li identifikacioni prsten i o dolasku nezvanog gosta obavijestili kolegu dr Sa\u0161u Marinkovi\u0107a iz Beograda, a ovaj zaposlene u preduze\u0107u \u201eRezervat Uvac\u201c koje se stara o 7.500 hektara za\u0161ti\u0107enog prirodnog dobra i koloniji od oko 500 ptica orla le\u0161inara koji je pod za\u0161titom dr\u017eave.<\/p>\n<p>&#8211; Mada je ovo najdu\u017ei zabilje\u017eeni let jednog bjeloglavog supa iz kanjona Uvca, ipak nije veliko \u010dudo za pticu koju zbog zadivljuju\u0107eg leta i raspona krila od gotovo tri metra s pravom zovu \u201enebeski kralj\u201c. Jedan od na\u0161ih prstenovanih orlova pre nekoliko godina stigao je do Izraela, na oko dvije hiljade kilometara od Uvca, a drugi do Estonije &#8211; ka\u017ee Slobodan Ljubojevi\u0107, direktor preduze\u0107a \u201eRezervat Uvac\u201c.<\/p>\n<p>Beloglavi supovi su visokoleta\u010di koji \u010desto dosegnu visinu od oko tri hiljade metara. Tehniku leta su, tvrde ornitolozi, doveli do savr\u0161enstva i jedre\u0107i na toplim vazdu\u0161nim strujama \u010desto znaju da prevale i po par stotina kilometara.<\/p>\n<p>Bjeloglavi supovi, svojevrsni \u010dista\u010di prirode koji su odvajkada letjeli iznad ovih prostora, prije samo tridesetak godina bili su na ivici istrebljenja. Zahvaljuju\u0107i akciji koju je sredinom devedesetih godina pro\u0161log vijeka pokrenula grupa zaljubljenika u ove ptice i pomo\u0107i dr\u017eave, danas se u liticama iznad Uva\u010dkog, Zlatarskog i Radonjskog jezera gnijezdi preko 80 parova ptica, a kolonija bjeloglavog supa u Specijalnom rezervatu prirode Uvac jedna je od najve\u0107ih u ovom dijelu Evrope.<\/p>\n<p>&#8211; Narod se u ovom kraju oduvijek prema beloglavim supovima ophodio sa strahopo\u0161tovanjem, pa je \u201enebeski kralj\u201c vjerovatno zbog toga i odabrao da mu kanjon Uvca bude jedno od posljednjih stani\u0161ta na Balkanu. U ne tako davna vremena, kada su se pa\u0161njaci na obodu kanjona bijeleli od stada, doma\u0107ini su, ka\u017ee legenda, najboljeg brava iz stada ostavljali za orlove. Danas se na dva hranili\u0161ta u kanjonu, uz pomo\u0107 mje\u0161tana i klani\u010dara, istjera i orlovima servira preko 60 tona mesa uginulih \u017eivotinja i klani\u010dkog otpada &#8211; ka\u017ee Ljubojevi\u0107.<\/p>\n<p><strong>Gosti na pansionu<\/strong><\/p>\n<p>&#8211; Beloglavi supovi iz na\u0161eg rezervata redovno krstare nebom iznad Mediterana i vra\u0107aju se ovdje na Uvac. Nije rijedak slu\u010daj ni da ove ptice zalutaju u kanjon Uvca iz kolonija \u0161irom Evrope i Azije. Tako trenutno \u201ena pansionu\u201c imamo nekoliko bjeloglavih supova stranaca iz Izraela i Italije, kao i jednog orla le\u0161inara sa nepoznatim markerom, koji \u0107e tek narednih dana biti de\u0161ifrovan uz pomo\u0107 ornitologa &#8211; ka\u017ee Slobodan Ljubojevi\u0107, direktor preduze\u0107a \u201cRezervat Uvac\u201d<\/p>\n<p>Izvor: <strong>Sandzak-x.com<\/strong><\/p>\n","protected":false},"excerpt":{"rendered":"<p>Sjenica &#8211; Mladunac bjeloglavog supa koji se proljetos ispilio u kanjonu Uvca nedavno je zalutao \u010dak u daleku Republiku Jemen. Pri prvom letu iznad vode Uva\u010dkog jezera pti\u0107a nejakih krila nebu pod oblake podigle su vazdu\u0161ne struje i odnijele do krajnjeg jugozapada Arapskog poluostrva, tri i po hiljade kilometara daleko od roditeljskog gnijezda. Vijest o [&hellip;]<\/p>\n","protected":false},"author":83,"featured_media":11584,"comment_status":"open","ping_status":"open","sticky":false,"template":"","format":"standard","meta":{"footnotes":""},"categories":[800,52],"tags":[],"class_list":{"0":"post-11583","1":"post","2":"type-post","3":"status-publish","4":"format-standard","5":"has-post-thumbnail","7":"category-nacija","8":"category-sjenica"},"yoast_head":"<!-- This site is optimized with the Yoast SEO Premium plugin v23.1 (Yoast SEO v24.9) - https:\/\/yoast.com\/wordpress\/plugins\/seo\/ -->\n<title>Bjeloglavi sup sa Uvca stigao do Jemena<\/title>\n<meta name=\"robots\" content=\"index, follow, max-snippet:-1, max-image-preview:large, max-video-preview:-1\" \/>\n<link rel=\"canonical\" href=\"https:\/\/sandzakpress.net\/arhiva\/bjeloglavi-sup-sa-uvca-stigao-do-jemena\/\" \/>\n<meta property=\"og:locale\" content=\"bs_BA\" \/>\n<meta property=\"og:type\" content=\"article\" \/>\n<meta property=\"og:title\" content=\"Bjeloglavi sup sa Uvca stigao do Jemena\" \/>\n<meta property=\"og:description\" content=\"Sjenica &#8211; Mladunac bjeloglavog supa koji se proljetos ispilio u kanjonu Uvca nedavno je zalutao \u010dak u daleku Republiku Jemen. Pri prvom letu iznad vode Uva\u010dkog jezera pti\u0107a nejakih krila nebu pod oblake podigle su vazdu\u0161ne struje i odnijele do krajnjeg jugozapada Arapskog poluostrva, tri i po hiljade kilometara daleko od roditeljskog gnijezda. Vijest o [&hellip;]\" \/>\n<meta property=\"og:url\" content=\"https:\/\/sandzakpress.net\/arhiva\/bjeloglavi-sup-sa-uvca-stigao-do-jemena\/\" \/>\n<meta property=\"og:site_name\" content=\"Sand\u017eak PRESS\" \/>\n<meta property=\"article:published_time\" content=\"2011-01-21T13:45:14+00:00\" \/>\n<meta property=\"og:image\" content=\"https:\/\/sandzakpress.net\/arhiva\/wp-content\/uploads\/2011\/01\/beloglavi_sup-001.jpg\" \/>\n\t<meta property=\"og:image:width\" content=\"268\" \/>\n\t<meta property=\"og:image:height\" content=\"237\" \/>\n\t<meta property=\"og:image:type\" content=\"image\/jpeg\" \/>\n<meta name=\"author\" content=\"bosniak\" \/>\n<meta name=\"twitter:card\" content=\"summary_large_image\" \/>\n<meta name=\"twitter:label1\" content=\"Written by\" \/>\n\t<meta name=\"twitter:data1\" content=\"bosniak\" \/>\n\t<meta name=\"twitter:label2\" content=\"Est. reading time\" \/>\n\t<meta name=\"twitter:data2\" content=\"3 minute\" \/>\n<script type=\"application\/ld+json\" class=\"yoast-schema-graph\">{\"@context\":\"https:\/\/schema.org\",\"@graph\":[{\"@type\":\"Article\",\"@id\":\"https:\/\/sandzakpress.net\/arhiva\/bjeloglavi-sup-sa-uvca-stigao-do-jemena\/#article\",\"isPartOf\":{\"@id\":\"https:\/\/sandzakpress.net\/arhiva\/bjeloglavi-sup-sa-uvca-stigao-do-jemena\/\"},\"author\":{\"name\":\"bosniak\",\"@id\":\"https:\/\/sandzakpress.net\/arhiva\/#\/schema\/person\/c8baee722073534b583ea7bdb2e36c02\"},\"headline\":\"Bjeloglavi sup sa Uvca stigao do Jemena\",\"datePublished\":\"2011-01-21T13:45:14+00:00\",\"mainEntityOfPage\":{\"@id\":\"https:\/\/sandzakpress.net\/arhiva\/bjeloglavi-sup-sa-uvca-stigao-do-jemena\/\"},\"wordCount\":510,\"commentCount\":0,\"publisher\":{\"@id\":\"https:\/\/sandzakpress.net\/arhiva\/#\/schema\/person\/6e72b67d6e51910a1117b3b483ba20bd\"},\"image\":{\"@id\":\"https:\/\/sandzakpress.net\/arhiva\/bjeloglavi-sup-sa-uvca-stigao-do-jemena\/#primaryimage\"},\"thumbnailUrl\":\"https:\/\/sandzakpress.net\/arhiva\/wp-content\/uploads\/2011\/01\/beloglavi_sup-001.jpg\",\"articleSection\":[\"Nacija\",\"Sjenica\"],\"inLanguage\":\"bs-BA\",\"potentialAction\":[{\"@type\":\"CommentAction\",\"name\":\"Comment\",\"target\":[\"https:\/\/sandzakpress.net\/arhiva\/bjeloglavi-sup-sa-uvca-stigao-do-jemena\/#respond\"]}]},{\"@type\":\"WebPage\",\"@id\":\"https:\/\/sandzakpress.net\/arhiva\/bjeloglavi-sup-sa-uvca-stigao-do-jemena\/\",\"url\":\"https:\/\/sandzakpress.net\/arhiva\/bjeloglavi-sup-sa-uvca-stigao-do-jemena\/\",\"name\":\"Bjeloglavi sup sa Uvca stigao do Jemena\",\"isPartOf\":{\"@id\":\"https:\/\/sandzakpress.net\/arhiva\/#website\"},\"primaryImageOfPage\":{\"@id\":\"https:\/\/sandzakpress.net\/arhiva\/bjeloglavi-sup-sa-uvca-stigao-do-jemena\/#primaryimage\"},\"image\":{\"@id\":\"https:\/\/sandzakpress.net\/arhiva\/bjeloglavi-sup-sa-uvca-stigao-do-jemena\/#primaryimage\"},\"thumbnailUrl\":\"https:\/\/sandzakpress.net\/arhiva\/wp-content\/uploads\/2011\/01\/beloglavi_sup-001.jpg\",\"datePublished\":\"2011-01-21T13:45:14+00:00\",\"breadcrumb\":{\"@id\":\"https:\/\/sandzakpress.net\/arhiva\/bjeloglavi-sup-sa-uvca-stigao-do-jemena\/#breadcrumb\"},\"inLanguage\":\"bs-BA\",\"potentialAction\":[{\"@type\":\"ReadAction\",\"target\":[\"https:\/\/sandzakpress.net\/arhiva\/bjeloglavi-sup-sa-uvca-stigao-do-jemena\/\"]}]},{\"@type\":\"ImageObject\",\"inLanguage\":\"bs-BA\",\"@id\":\"https:\/\/sandzakpress.net\/arhiva\/bjeloglavi-sup-sa-uvca-stigao-do-jemena\/#primaryimage\",\"url\":\"https:\/\/sandzakpress.net\/arhiva\/wp-content\/uploads\/2011\/01\/beloglavi_sup-001.jpg\",\"contentUrl\":\"https:\/\/sandzakpress.net\/arhiva\/wp-content\/uploads\/2011\/01\/beloglavi_sup-001.jpg\",\"width\":268,\"height\":237},{\"@type\":\"BreadcrumbList\",\"@id\":\"https:\/\/sandzakpress.net\/arhiva\/bjeloglavi-sup-sa-uvca-stigao-do-jemena\/#breadcrumb\",\"itemListElement\":[{\"@type\":\"ListItem\",\"position\":1,\"name\":\"Home\",\"item\":\"https:\/\/sandzakpress.net\/arhiva\/\"},{\"@type\":\"ListItem\",\"position\":2,\"name\":\"Bjeloglavi sup sa Uvca stigao do Jemena\"}]},{\"@type\":\"WebSite\",\"@id\":\"https:\/\/sandzakpress.net\/arhiva\/#website\",\"url\":\"https:\/\/sandzakpress.net\/arhiva\/\",\"name\":\"Sand\u017eak PRESS\",\"description\":\"Prve elektronske novine u Sand\u017eaku\",\"publisher\":{\"@id\":\"https:\/\/sandzakpress.net\/arhiva\/#\/schema\/person\/6e72b67d6e51910a1117b3b483ba20bd\"},\"potentialAction\":[{\"@type\":\"SearchAction\",\"target\":{\"@type\":\"EntryPoint\",\"urlTemplate\":\"https:\/\/sandzakpress.net\/arhiva\/?s={search_term_string}\"},\"query-input\":{\"@type\":\"PropertyValueSpecification\",\"valueRequired\":true,\"valueName\":\"search_term_string\"}}],\"inLanguage\":\"bs-BA\"},{\"@type\":[\"Person\",\"Organization\"],\"@id\":\"https:\/\/sandzakpress.net\/arhiva\/#\/schema\/person\/6e72b67d6e51910a1117b3b483ba20bd\",\"name\":\"Kul\",\"image\":{\"@type\":\"ImageObject\",\"inLanguage\":\"bs-BA\",\"@id\":\"https:\/\/sandzakpress.net\/arhiva\/#\/schema\/person\/image\/\",\"url\":\"https:\/\/secure.gravatar.com\/avatar\/42263f39aa27ac04c43cab85c280eb2e?s=96&d=mm&r=pg\",\"contentUrl\":\"https:\/\/secure.gravatar.com\/avatar\/42263f39aa27ac04c43cab85c280eb2e?s=96&d=mm&r=pg\",\"caption\":\"Kul\"},\"logo\":{\"@id\":\"https:\/\/sandzakpress.net\/arhiva\/#\/schema\/person\/image\/\"}},{\"@type\":\"Person\",\"@id\":\"https:\/\/sandzakpress.net\/arhiva\/#\/schema\/person\/c8baee722073534b583ea7bdb2e36c02\",\"name\":\"bosniak\",\"image\":{\"@type\":\"ImageObject\",\"inLanguage\":\"bs-BA\",\"@id\":\"https:\/\/sandzakpress.net\/arhiva\/#\/schema\/person\/image\/\",\"url\":\"https:\/\/secure.gravatar.com\/avatar\/a04fd330bfe3a36a72a0ad4a6d89fca7?s=96&d=mm&r=pg\",\"contentUrl\":\"https:\/\/secure.gravatar.com\/avatar\/a04fd330bfe3a36a72a0ad4a6d89fca7?s=96&d=mm&r=pg\",\"caption\":\"bosniak\"},\"url\":\"https:\/\/sandzakpress.net\/arhiva\/author\/bosniak\/\"}]}<\/script>\n<!-- \/ Yoast SEO Premium plugin. -->","yoast_head_json":{"title":"Bjeloglavi sup sa Uvca stigao do Jemena","robots":{"index":"index","follow":"follow","max-snippet":"max-snippet:-1","max-image-preview":"max-image-preview:large","max-video-preview":"max-video-preview:-1"},"canonical":"https:\/\/sandzakpress.net\/arhiva\/bjeloglavi-sup-sa-uvca-stigao-do-jemena\/","og_locale":"bs_BA","og_type":"article","og_title":"Bjeloglavi sup sa Uvca stigao do Jemena","og_description":"Sjenica &#8211; Mladunac bjeloglavog supa koji se proljetos ispilio u kanjonu Uvca nedavno je zalutao \u010dak u daleku Republiku Jemen. Pri prvom letu iznad vode Uva\u010dkog jezera pti\u0107a nejakih krila nebu pod oblake podigle su vazdu\u0161ne struje i odnijele do krajnjeg jugozapada Arapskog poluostrva, tri i po hiljade kilometara daleko od roditeljskog gnijezda. Vijest o [&hellip;]","og_url":"https:\/\/sandzakpress.net\/arhiva\/bjeloglavi-sup-sa-uvca-stigao-do-jemena\/","og_site_name":"Sand\u017eak PRESS","article_published_time":"2011-01-21T13:45:14+00:00","og_image":[{"width":268,"height":237,"url":"https:\/\/sandzakpress.net\/arhiva\/wp-content\/uploads\/2011\/01\/beloglavi_sup-001.jpg","type":"image\/jpeg"}],"author":"bosniak","twitter_card":"summary_large_image","twitter_misc":{"Written by":"bosniak","Est. reading time":"3 minute"},"schema":{"@context":"https:\/\/schema.org","@graph":[{"@type":"Article","@id":"https:\/\/sandzakpress.net\/arhiva\/bjeloglavi-sup-sa-uvca-stigao-do-jemena\/#article","isPartOf":{"@id":"https:\/\/sandzakpress.net\/arhiva\/bjeloglavi-sup-sa-uvca-stigao-do-jemena\/"},"author":{"name":"bosniak","@id":"https:\/\/sandzakpress.net\/arhiva\/#\/schema\/person\/c8baee722073534b583ea7bdb2e36c02"},"headline":"Bjeloglavi sup sa Uvca stigao do Jemena","datePublished":"2011-01-21T13:45:14+00:00","mainEntityOfPage":{"@id":"https:\/\/sandzakpress.net\/arhiva\/bjeloglavi-sup-sa-uvca-stigao-do-jemena\/"},"wordCount":510,"commentCount":0,"publisher":{"@id":"https:\/\/sandzakpress.net\/arhiva\/#\/schema\/person\/6e72b67d6e51910a1117b3b483ba20bd"},"image":{"@id":"https:\/\/sandzakpress.net\/arhiva\/bjeloglavi-sup-sa-uvca-stigao-do-jemena\/#primaryimage"},"thumbnailUrl":"https:\/\/sandzakpress.net\/arhiva\/wp-content\/uploads\/2011\/01\/beloglavi_sup-001.jpg","articleSection":["Nacija","Sjenica"],"inLanguage":"bs-BA","potentialAction":[{"@type":"CommentAction","name":"Comment","target":["https:\/\/sandzakpress.net\/arhiva\/bjeloglavi-sup-sa-uvca-stigao-do-jemena\/#respond"]}]},{"@type":"WebPage","@id":"https:\/\/sandzakpress.net\/arhiva\/bjeloglavi-sup-sa-uvca-stigao-do-jemena\/","url":"https:\/\/sandzakpress.net\/arhiva\/bjeloglavi-sup-sa-uvca-stigao-do-jemena\/","name":"Bjeloglavi sup sa Uvca stigao do Jemena","isPartOf":{"@id":"https:\/\/sandzakpress.net\/arhiva\/#website"},"primaryImageOfPage":{"@id":"https:\/\/sandzakpress.net\/arhiva\/bjeloglavi-sup-sa-uvca-stigao-do-jemena\/#primaryimage"},"image":{"@id":"https:\/\/sandzakpress.net\/arhiva\/bjeloglavi-sup-sa-uvca-stigao-do-jemena\/#primaryimage"},"thumbnailUrl":"https:\/\/sandzakpress.net\/arhiva\/wp-content\/uploads\/2011\/01\/beloglavi_sup-001.jpg","datePublished":"2011-01-21T13:45:14+00:00","breadcrumb":{"@id":"https:\/\/sandzakpress.net\/arhiva\/bjeloglavi-sup-sa-uvca-stigao-do-jemena\/#breadcrumb"},"inLanguage":"bs-BA","potentialAction":[{"@type":"ReadAction","target":["https:\/\/sandzakpress.net\/arhiva\/bjeloglavi-sup-sa-uvca-stigao-do-jemena\/"]}]},{"@type":"ImageObject","inLanguage":"bs-BA","@id":"https:\/\/sandzakpress.net\/arhiva\/bjeloglavi-sup-sa-uvca-stigao-do-jemena\/#primaryimage","url":"https:\/\/sandzakpress.net\/arhiva\/wp-content\/uploads\/2011\/01\/beloglavi_sup-001.jpg","contentUrl":"https:\/\/sandzakpress.net\/arhiva\/wp-content\/uploads\/2011\/01\/beloglavi_sup-001.jpg","width":268,"height":237},{"@type":"BreadcrumbList","@id":"https:\/\/sandzakpress.net\/arhiva\/bjeloglavi-sup-sa-uvca-stigao-do-jemena\/#breadcrumb","itemListElement":[{"@type":"ListItem","position":1,"name":"Home","item":"https:\/\/sandzakpress.net\/arhiva\/"},{"@type":"ListItem","position":2,"name":"Bjeloglavi sup sa Uvca stigao do Jemena"}]},{"@type":"WebSite","@id":"https:\/\/sandzakpress.net\/arhiva\/#website","url":"https:\/\/sandzakpress.net\/arhiva\/","name":"Sand\u017eak PRESS","description":"Prve elektronske novine u Sand\u017eaku","publisher":{"@id":"https:\/\/sandzakpress.net\/arhiva\/#\/schema\/person\/6e72b67d6e51910a1117b3b483ba20bd"},"potentialAction":[{"@type":"SearchAction","target":{"@type":"EntryPoint","urlTemplate":"https:\/\/sandzakpress.net\/arhiva\/?s={search_term_string}"},"query-input":{"@type":"PropertyValueSpecification","valueRequired":true,"valueName":"search_term_string"}}],"inLanguage":"bs-BA"},{"@type":["Person","Organization"],"@id":"https:\/\/sandzakpress.net\/arhiva\/#\/schema\/person\/6e72b67d6e51910a1117b3b483ba20bd","name":"Kul","image":{"@type":"ImageObject","inLanguage":"bs-BA","@id":"https:\/\/sandzakpress.net\/arhiva\/#\/schema\/person\/image\/","url":"https:\/\/secure.gravatar.com\/avatar\/42263f39aa27ac04c43cab85c280eb2e?s=96&d=mm&r=pg","contentUrl":"https:\/\/secure.gravatar.com\/avatar\/42263f39aa27ac04c43cab85c280eb2e?s=96&d=mm&r=pg","caption":"Kul"},"logo":{"@id":"https:\/\/sandzakpress.net\/arhiva\/#\/schema\/person\/image\/"}},{"@type":"Person","@id":"https:\/\/sandzakpress.net\/arhiva\/#\/schema\/person\/c8baee722073534b583ea7bdb2e36c02","name":"bosniak","image":{"@type":"ImageObject","inLanguage":"bs-BA","@id":"https:\/\/sandzakpress.net\/arhiva\/#\/schema\/person\/image\/","url":"https:\/\/secure.gravatar.com\/avatar\/a04fd330bfe3a36a72a0ad4a6d89fca7?s=96&d=mm&r=pg","contentUrl":"https:\/\/secure.gravatar.com\/avatar\/a04fd330bfe3a36a72a0ad4a6d89fca7?s=96&d=mm&r=pg","caption":"bosniak"},"url":"https:\/\/sandzakpress.net\/arhiva\/author\/bosniak\/"}]}},"_links":{"self":[{"href":"https:\/\/sandzakpress.net\/arhiva\/wp-json\/wp\/v2\/posts\/11583"}],"collection":[{"href":"https:\/\/sandzakpress.net\/arhiva\/wp-json\/wp\/v2\/posts"}],"about":[{"href":"https:\/\/sandzakpress.net\/arhiva\/wp-json\/wp\/v2\/types\/post"}],"author":[{"embeddable":true,"href":"https:\/\/sandzakpress.net\/arhiva\/wp-json\/wp\/v2\/users\/83"}],"replies":[{"embeddable":true,"href":"https:\/\/sandzakpress.net\/arhiva\/wp-json\/wp\/v2\/comments?post=11583"}],"version-history":[{"count":0,"href":"https:\/\/sandzakpress.net\/arhiva\/wp-json\/wp\/v2\/posts\/11583\/revisions"}],"wp:featuredmedia":[{"embeddable":true,"href":"https:\/\/sandzakpress.net\/arhiva\/wp-json\/wp\/v2\/media\/11584"}],"wp:attachment":[{"href":"https:\/\/sandzakpress.net\/arhiva\/wp-json\/wp\/v2\/media?parent=11583"}],"wp:term":[{"taxonomy":"category","embeddable":true,"href":"https:\/\/sandzakpress.net\/arhiva\/wp-json\/wp\/v2\/categories?post=11583"},{"taxonomy":"post_tag","embeddable":true,"href":"https:\/\/sandzakpress.net\/arhiva\/wp-json\/wp\/v2\/tags?post=11583"}],"curies":[{"name":"wp","href":"https:\/\/api.w.org\/{rel}","templated":true}]}}