{"id":115768,"date":"2014-12-01T18:59:10","date_gmt":"2014-12-01T17:59:10","guid":{"rendered":"https:\/\/sandzakpress.net\/arhiva\/?p=115768"},"modified":"2014-12-01T18:59:10","modified_gmt":"2014-12-01T17:59:10","slug":"pljevlja-drugi-blok-kamen-spoticanja","status":"publish","type":"post","link":"https:\/\/sandzakpress.net\/arhiva\/pljevlja-drugi-blok-kamen-spoticanja\/","title":{"rendered":"Pljevlja: Drugi blok &#8211; kamen spoticanja"},"content":{"rendered":"<p><strong><img loading=\"lazy\" decoding=\"async\" class=\"aligncenter\" src=\"http:\/\/www.novosti.rs\/upload\/thumbs\/images\/2014\/\/11\/30\/reg-Uz-tekst-o-drugom-bloku_620x0.jpg\" alt=\"\" width=\"617\" height=\"464\" \/>Pljevlja &#8211;\u00a0Ako sa A2A ne postignu dogovor oko gradnje drugog bloka Termoelektrane, Vlada ne\u0107e potpisati novi ugovor o menad\u017ementu u Elektroprivredi (EPCG), saop\u0161tio je potpredsjednik Vlade Vujica Lazovi\u0107. Ovo je ukratko bio Lazovi\u0107ev odgovor na \u201epretnje\u201c predsjednika odbora direktora italijanske A2A \u0110ovanija Valotija.<\/strong><\/p>\n<p>Valoti je ranije pred Vladu postavio tri uslova potrebna za obnavljanje sporazuma u EPCG: osiguranje profitabilnosti investiranog kapitala, autonomija u upravljanje kompanijom i garancije po pitanju cijene struje.<\/p>\n<p>Ovo uslovljavanje nai\u0161lo je, me\u0111utim, na \u201ekontru\u201c vicepremijera Lazovi\u0107a. &#8211; Okolnosti su takve da oni nas ne mogu uslovljavati, ve\u0107 mi njih uslovljavamo. Bez obzira na to kako se pregovori zavr\u0161e, ne mo\u017eemo o\u010dekivati da neko ko je vlasnik 41,7 odsto akcija EPCG odjedanput nestane &#8211; izjavio je ranije Lazovi\u0107.<\/p>\n<p>\u010clanovi ekspertskog tima italijanske kompanije A2A donekle su prihvatili crnogorsku argumentaciju o izgradnji Drugog bloka Termoelektrane u Pljevljima. Tokom boravka u Crnoj Gori, sa predstavnicima italijanske kompanije sastali su se ministar ekonomije Vladimir Kavari\u0107 i koordinator crnogorskog tima za pregovore Branko Vujovi\u0107.<\/p>\n<p>Na prvom sastanku, koji je trajao vi\u0161e od pet sati, sagovornici su razmijenili mi\u0161ljenja o biznis planu i investicionom programu budu\u0107i da petogodi\u0161nji ugovor o menad\u017ementu u Elektorprivredi isti\u010de krajem godine.<\/p>\n<p>Italijani su i ranije izra\u017eavali nezadovoljstvo dok je Kombinatom aluminijuma gazdovao ruski CEAC, koji im nije pla\u0107ao struju i nekoliko puta pretili da \u0107e iza\u0107i iz posla sa Vladom ukoliko im ne rije\u0161i probleme sa KAP. Spor je rije\u0161en tako \u0161to Elektroprivreda nije pla\u0107ala doprinose u iznosu koji je bio blizu onog koji je njima dugovao gigant u ste\u010daju.<\/p>\n<p>Ugovor o menad\u017ementu sa A2A isti\u010de krajem godine. Italijani upravljaju EPCG od 2009. godine, kada su za 430 miliona eura kupili 43,7 odsto akcija. U me\u0111uvremenu su ostali bez dva odsto dionica, koje su konvertovane za 45 miliona eura poreskog duga. A2A za pet godina nije povratila ulo\u017eeni novac, a nije ni ispunila parametre iz ugovora sa vladom na osnovu kojih je mogla da preuzme ve\u0107inski paket akcija Elektroprivrede. Italijani su proteklih godina spominjali arbitra\u017eu kao mogu\u0107u opciju u slu\u010daju da se nakon isteka ugovora o menad\u017ementu ne dogovore o nastavku saradnje ili prodaje akcija vladi.<\/p>\n<p>Prema ugovoru sa A2A, vlada nakon petogodi\u0161njeg ugovora ima pravo da otkupi akcije od A2A. Prema izvje\u0161taju kompanije A2A, oni su tokom devet mjeseci ove godine smanjili ukupna dugovanja za 11 odsto, odnosno 408 miliona eura na 3,4 milijarde eura. Akcionari A2A nisu zadovoljni \u0161to su paket akcija EPCG platili oko 430 miliona eura, a sada ne mogu da ga prodaju za toliko. To ulaganje im njihov menad\u017ement nije vratio rukovode\u0107i crnogorskom kompanijom.<\/p>\n<p><b>IMA NOVCA ZA SPONZORSTVA<\/b><\/p>\n<p>Elektroprivreda je posljednje dvije godine za donacije i sponzorstva kompanijama i pojedincima isplatila 778.000 eura, saop\u0161teno je iz Centra za demokratsku tranziciju. &#8211; Ove godine EPCG je isplatila 491.000 eura. Od toga su 400.000 eura bila sponzorstva, preko 86.000 donacije kompanijama, a oko \u010detiri hiljade pomo\u0107 pojedincima &#8211; navodi se u saop\u0161tenju.<\/p>\n","protected":false},"excerpt":{"rendered":"<p>Pljevlja &#8211;\u00a0Ako sa A2A ne postignu dogovor oko gradnje drugog bloka Termoelektrane, Vlada ne\u0107e potpisati novi ugovor o menad\u017ementu u Elektroprivredi (EPCG), saop\u0161tio je potpredsjednik Vlade Vujica Lazovi\u0107. Ovo je ukratko bio Lazovi\u0107ev odgovor na \u201epretnje\u201c predsjednika odbora direktora italijanske A2A \u0110ovanija Valotija. Valoti je ranije pred Vladu postavio tri uslova potrebna za obnavljanje sporazuma [&hellip;]<\/p>\n","protected":false},"author":83,"featured_media":115769,"comment_status":"open","ping_status":"open","sticky":false,"template":"","format":"standard","meta":{"footnotes":""},"categories":[3,395,798],"tags":[],"class_list":{"0":"post-115768","1":"post","2":"type-post","3":"status-publish","4":"format-standard","5":"has-post-thumbnail","7":"category-privreda","8":"category-pljevlja_","9":"category-teme"},"yoast_head":"<!-- This site is optimized with the Yoast SEO Premium plugin v23.1 (Yoast SEO v24.9) - https:\/\/yoast.com\/wordpress\/plugins\/seo\/ -->\n<title>Pljevlja: Drugi blok - kamen spoticanja<\/title>\n<meta name=\"robots\" content=\"index, follow, max-snippet:-1, max-image-preview:large, max-video-preview:-1\" \/>\n<link rel=\"canonical\" href=\"https:\/\/sandzakpress.net\/arhiva\/pljevlja-drugi-blok-kamen-spoticanja\/\" \/>\n<meta property=\"og:locale\" content=\"bs_BA\" \/>\n<meta property=\"og:type\" content=\"article\" \/>\n<meta property=\"og:title\" content=\"Pljevlja: Drugi blok - kamen spoticanja\" \/>\n<meta property=\"og:description\" content=\"Pljevlja &#8211;\u00a0Ako sa A2A ne postignu dogovor oko gradnje drugog bloka Termoelektrane, Vlada ne\u0107e potpisati novi ugovor o menad\u017ementu u Elektroprivredi (EPCG), saop\u0161tio je potpredsjednik Vlade Vujica Lazovi\u0107. Ovo je ukratko bio Lazovi\u0107ev odgovor na \u201epretnje\u201c predsjednika odbora direktora italijanske A2A \u0110ovanija Valotija. Valoti je ranije pred Vladu postavio tri uslova potrebna za obnavljanje sporazuma [&hellip;]\" \/>\n<meta property=\"og:url\" content=\"https:\/\/sandzakpress.net\/arhiva\/pljevlja-drugi-blok-kamen-spoticanja\/\" \/>\n<meta property=\"og:site_name\" content=\"Sand\u017eak PRESS\" \/>\n<meta property=\"article:published_time\" content=\"2014-12-01T17:59:10+00:00\" \/>\n<meta property=\"og:image\" content=\"https:\/\/sandzakpress.net\/arhiva\/wp-content\/uploads\/2014\/12\/reg-Uz-tekst-o-drugom-bloku_620x0.jpg\" \/>\n\t<meta property=\"og:image:width\" content=\"620\" \/>\n\t<meta property=\"og:image:height\" content=\"465\" \/>\n\t<meta property=\"og:image:type\" content=\"image\/jpeg\" \/>\n<meta name=\"author\" content=\"bosniak\" \/>\n<meta name=\"twitter:card\" content=\"summary_large_image\" \/>\n<meta name=\"twitter:label1\" content=\"Written by\" \/>\n\t<meta name=\"twitter:data1\" content=\"bosniak\" \/>\n\t<meta name=\"twitter:label2\" content=\"Est. reading time\" \/>\n\t<meta name=\"twitter:data2\" content=\"3 minute\" \/>\n<script type=\"application\/ld+json\" class=\"yoast-schema-graph\">{\"@context\":\"https:\/\/schema.org\",\"@graph\":[{\"@type\":\"Article\",\"@id\":\"https:\/\/sandzakpress.net\/arhiva\/pljevlja-drugi-blok-kamen-spoticanja\/#article\",\"isPartOf\":{\"@id\":\"https:\/\/sandzakpress.net\/arhiva\/pljevlja-drugi-blok-kamen-spoticanja\/\"},\"author\":{\"name\":\"bosniak\",\"@id\":\"https:\/\/sandzakpress.net\/arhiva\/#\/schema\/person\/c8baee722073534b583ea7bdb2e36c02\"},\"headline\":\"Pljevlja: Drugi blok &#8211; kamen spoticanja\",\"datePublished\":\"2014-12-01T17:59:10+00:00\",\"mainEntityOfPage\":{\"@id\":\"https:\/\/sandzakpress.net\/arhiva\/pljevlja-drugi-blok-kamen-spoticanja\/\"},\"wordCount\":519,\"commentCount\":0,\"publisher\":{\"@id\":\"https:\/\/sandzakpress.net\/arhiva\/#\/schema\/person\/6e72b67d6e51910a1117b3b483ba20bd\"},\"image\":{\"@id\":\"https:\/\/sandzakpress.net\/arhiva\/pljevlja-drugi-blok-kamen-spoticanja\/#primaryimage\"},\"thumbnailUrl\":\"https:\/\/sandzakpress.net\/arhiva\/wp-content\/uploads\/2014\/12\/reg-Uz-tekst-o-drugom-bloku_620x0.jpg\",\"articleSection\":[\"Privreda\",\"Pljevlja\",\"NAJNOVIJE\"],\"inLanguage\":\"bs-BA\",\"potentialAction\":[{\"@type\":\"CommentAction\",\"name\":\"Comment\",\"target\":[\"https:\/\/sandzakpress.net\/arhiva\/pljevlja-drugi-blok-kamen-spoticanja\/#respond\"]}]},{\"@type\":\"WebPage\",\"@id\":\"https:\/\/sandzakpress.net\/arhiva\/pljevlja-drugi-blok-kamen-spoticanja\/\",\"url\":\"https:\/\/sandzakpress.net\/arhiva\/pljevlja-drugi-blok-kamen-spoticanja\/\",\"name\":\"Pljevlja: Drugi blok - kamen spoticanja\",\"isPartOf\":{\"@id\":\"https:\/\/sandzakpress.net\/arhiva\/#website\"},\"primaryImageOfPage\":{\"@id\":\"https:\/\/sandzakpress.net\/arhiva\/pljevlja-drugi-blok-kamen-spoticanja\/#primaryimage\"},\"image\":{\"@id\":\"https:\/\/sandzakpress.net\/arhiva\/pljevlja-drugi-blok-kamen-spoticanja\/#primaryimage\"},\"thumbnailUrl\":\"https:\/\/sandzakpress.net\/arhiva\/wp-content\/uploads\/2014\/12\/reg-Uz-tekst-o-drugom-bloku_620x0.jpg\",\"datePublished\":\"2014-12-01T17:59:10+00:00\",\"breadcrumb\":{\"@id\":\"https:\/\/sandzakpress.net\/arhiva\/pljevlja-drugi-blok-kamen-spoticanja\/#breadcrumb\"},\"inLanguage\":\"bs-BA\",\"potentialAction\":[{\"@type\":\"ReadAction\",\"target\":[\"https:\/\/sandzakpress.net\/arhiva\/pljevlja-drugi-blok-kamen-spoticanja\/\"]}]},{\"@type\":\"ImageObject\",\"inLanguage\":\"bs-BA\",\"@id\":\"https:\/\/sandzakpress.net\/arhiva\/pljevlja-drugi-blok-kamen-spoticanja\/#primaryimage\",\"url\":\"https:\/\/sandzakpress.net\/arhiva\/wp-content\/uploads\/2014\/12\/reg-Uz-tekst-o-drugom-bloku_620x0.jpg\",\"contentUrl\":\"https:\/\/sandzakpress.net\/arhiva\/wp-content\/uploads\/2014\/12\/reg-Uz-tekst-o-drugom-bloku_620x0.jpg\",\"width\":620,\"height\":465},{\"@type\":\"BreadcrumbList\",\"@id\":\"https:\/\/sandzakpress.net\/arhiva\/pljevlja-drugi-blok-kamen-spoticanja\/#breadcrumb\",\"itemListElement\":[{\"@type\":\"ListItem\",\"position\":1,\"name\":\"Home\",\"item\":\"https:\/\/sandzakpress.net\/arhiva\/\"},{\"@type\":\"ListItem\",\"position\":2,\"name\":\"Pljevlja: Drugi blok &#8211; kamen spoticanja\"}]},{\"@type\":\"WebSite\",\"@id\":\"https:\/\/sandzakpress.net\/arhiva\/#website\",\"url\":\"https:\/\/sandzakpress.net\/arhiva\/\",\"name\":\"Sand\u017eak PRESS\",\"description\":\"Prve elektronske novine u Sand\u017eaku\",\"publisher\":{\"@id\":\"https:\/\/sandzakpress.net\/arhiva\/#\/schema\/person\/6e72b67d6e51910a1117b3b483ba20bd\"},\"potentialAction\":[{\"@type\":\"SearchAction\",\"target\":{\"@type\":\"EntryPoint\",\"urlTemplate\":\"https:\/\/sandzakpress.net\/arhiva\/?s={search_term_string}\"},\"query-input\":{\"@type\":\"PropertyValueSpecification\",\"valueRequired\":true,\"valueName\":\"search_term_string\"}}],\"inLanguage\":\"bs-BA\"},{\"@type\":[\"Person\",\"Organization\"],\"@id\":\"https:\/\/sandzakpress.net\/arhiva\/#\/schema\/person\/6e72b67d6e51910a1117b3b483ba20bd\",\"name\":\"Kul\",\"image\":{\"@type\":\"ImageObject\",\"inLanguage\":\"bs-BA\",\"@id\":\"https:\/\/sandzakpress.net\/arhiva\/#\/schema\/person\/image\/\",\"url\":\"https:\/\/secure.gravatar.com\/avatar\/42263f39aa27ac04c43cab85c280eb2e?s=96&d=mm&r=pg\",\"contentUrl\":\"https:\/\/secure.gravatar.com\/avatar\/42263f39aa27ac04c43cab85c280eb2e?s=96&d=mm&r=pg\",\"caption\":\"Kul\"},\"logo\":{\"@id\":\"https:\/\/sandzakpress.net\/arhiva\/#\/schema\/person\/image\/\"}},{\"@type\":\"Person\",\"@id\":\"https:\/\/sandzakpress.net\/arhiva\/#\/schema\/person\/c8baee722073534b583ea7bdb2e36c02\",\"name\":\"bosniak\",\"image\":{\"@type\":\"ImageObject\",\"inLanguage\":\"bs-BA\",\"@id\":\"https:\/\/sandzakpress.net\/arhiva\/#\/schema\/person\/image\/\",\"url\":\"https:\/\/secure.gravatar.com\/avatar\/a04fd330bfe3a36a72a0ad4a6d89fca7?s=96&d=mm&r=pg\",\"contentUrl\":\"https:\/\/secure.gravatar.com\/avatar\/a04fd330bfe3a36a72a0ad4a6d89fca7?s=96&d=mm&r=pg\",\"caption\":\"bosniak\"},\"url\":\"https:\/\/sandzakpress.net\/arhiva\/author\/bosniak\/\"}]}<\/script>\n<!-- \/ Yoast SEO Premium plugin. -->","yoast_head_json":{"title":"Pljevlja: Drugi blok - kamen spoticanja","robots":{"index":"index","follow":"follow","max-snippet":"max-snippet:-1","max-image-preview":"max-image-preview:large","max-video-preview":"max-video-preview:-1"},"canonical":"https:\/\/sandzakpress.net\/arhiva\/pljevlja-drugi-blok-kamen-spoticanja\/","og_locale":"bs_BA","og_type":"article","og_title":"Pljevlja: Drugi blok - kamen spoticanja","og_description":"Pljevlja &#8211;\u00a0Ako sa A2A ne postignu dogovor oko gradnje drugog bloka Termoelektrane, Vlada ne\u0107e potpisati novi ugovor o menad\u017ementu u Elektroprivredi (EPCG), saop\u0161tio je potpredsjednik Vlade Vujica Lazovi\u0107. Ovo je ukratko bio Lazovi\u0107ev odgovor na \u201epretnje\u201c predsjednika odbora direktora italijanske A2A \u0110ovanija Valotija. Valoti je ranije pred Vladu postavio tri uslova potrebna za obnavljanje sporazuma [&hellip;]","og_url":"https:\/\/sandzakpress.net\/arhiva\/pljevlja-drugi-blok-kamen-spoticanja\/","og_site_name":"Sand\u017eak PRESS","article_published_time":"2014-12-01T17:59:10+00:00","og_image":[{"width":620,"height":465,"url":"https:\/\/sandzakpress.net\/arhiva\/wp-content\/uploads\/2014\/12\/reg-Uz-tekst-o-drugom-bloku_620x0.jpg","type":"image\/jpeg"}],"author":"bosniak","twitter_card":"summary_large_image","twitter_misc":{"Written by":"bosniak","Est. reading time":"3 minute"},"schema":{"@context":"https:\/\/schema.org","@graph":[{"@type":"Article","@id":"https:\/\/sandzakpress.net\/arhiva\/pljevlja-drugi-blok-kamen-spoticanja\/#article","isPartOf":{"@id":"https:\/\/sandzakpress.net\/arhiva\/pljevlja-drugi-blok-kamen-spoticanja\/"},"author":{"name":"bosniak","@id":"https:\/\/sandzakpress.net\/arhiva\/#\/schema\/person\/c8baee722073534b583ea7bdb2e36c02"},"headline":"Pljevlja: Drugi blok &#8211; kamen spoticanja","datePublished":"2014-12-01T17:59:10+00:00","mainEntityOfPage":{"@id":"https:\/\/sandzakpress.net\/arhiva\/pljevlja-drugi-blok-kamen-spoticanja\/"},"wordCount":519,"commentCount":0,"publisher":{"@id":"https:\/\/sandzakpress.net\/arhiva\/#\/schema\/person\/6e72b67d6e51910a1117b3b483ba20bd"},"image":{"@id":"https:\/\/sandzakpress.net\/arhiva\/pljevlja-drugi-blok-kamen-spoticanja\/#primaryimage"},"thumbnailUrl":"https:\/\/sandzakpress.net\/arhiva\/wp-content\/uploads\/2014\/12\/reg-Uz-tekst-o-drugom-bloku_620x0.jpg","articleSection":["Privreda","Pljevlja","NAJNOVIJE"],"inLanguage":"bs-BA","potentialAction":[{"@type":"CommentAction","name":"Comment","target":["https:\/\/sandzakpress.net\/arhiva\/pljevlja-drugi-blok-kamen-spoticanja\/#respond"]}]},{"@type":"WebPage","@id":"https:\/\/sandzakpress.net\/arhiva\/pljevlja-drugi-blok-kamen-spoticanja\/","url":"https:\/\/sandzakpress.net\/arhiva\/pljevlja-drugi-blok-kamen-spoticanja\/","name":"Pljevlja: Drugi blok - kamen spoticanja","isPartOf":{"@id":"https:\/\/sandzakpress.net\/arhiva\/#website"},"primaryImageOfPage":{"@id":"https:\/\/sandzakpress.net\/arhiva\/pljevlja-drugi-blok-kamen-spoticanja\/#primaryimage"},"image":{"@id":"https:\/\/sandzakpress.net\/arhiva\/pljevlja-drugi-blok-kamen-spoticanja\/#primaryimage"},"thumbnailUrl":"https:\/\/sandzakpress.net\/arhiva\/wp-content\/uploads\/2014\/12\/reg-Uz-tekst-o-drugom-bloku_620x0.jpg","datePublished":"2014-12-01T17:59:10+00:00","breadcrumb":{"@id":"https:\/\/sandzakpress.net\/arhiva\/pljevlja-drugi-blok-kamen-spoticanja\/#breadcrumb"},"inLanguage":"bs-BA","potentialAction":[{"@type":"ReadAction","target":["https:\/\/sandzakpress.net\/arhiva\/pljevlja-drugi-blok-kamen-spoticanja\/"]}]},{"@type":"ImageObject","inLanguage":"bs-BA","@id":"https:\/\/sandzakpress.net\/arhiva\/pljevlja-drugi-blok-kamen-spoticanja\/#primaryimage","url":"https:\/\/sandzakpress.net\/arhiva\/wp-content\/uploads\/2014\/12\/reg-Uz-tekst-o-drugom-bloku_620x0.jpg","contentUrl":"https:\/\/sandzakpress.net\/arhiva\/wp-content\/uploads\/2014\/12\/reg-Uz-tekst-o-drugom-bloku_620x0.jpg","width":620,"height":465},{"@type":"BreadcrumbList","@id":"https:\/\/sandzakpress.net\/arhiva\/pljevlja-drugi-blok-kamen-spoticanja\/#breadcrumb","itemListElement":[{"@type":"ListItem","position":1,"name":"Home","item":"https:\/\/sandzakpress.net\/arhiva\/"},{"@type":"ListItem","position":2,"name":"Pljevlja: Drugi blok &#8211; kamen spoticanja"}]},{"@type":"WebSite","@id":"https:\/\/sandzakpress.net\/arhiva\/#website","url":"https:\/\/sandzakpress.net\/arhiva\/","name":"Sand\u017eak PRESS","description":"Prve elektronske novine u Sand\u017eaku","publisher":{"@id":"https:\/\/sandzakpress.net\/arhiva\/#\/schema\/person\/6e72b67d6e51910a1117b3b483ba20bd"},"potentialAction":[{"@type":"SearchAction","target":{"@type":"EntryPoint","urlTemplate":"https:\/\/sandzakpress.net\/arhiva\/?s={search_term_string}"},"query-input":{"@type":"PropertyValueSpecification","valueRequired":true,"valueName":"search_term_string"}}],"inLanguage":"bs-BA"},{"@type":["Person","Organization"],"@id":"https:\/\/sandzakpress.net\/arhiva\/#\/schema\/person\/6e72b67d6e51910a1117b3b483ba20bd","name":"Kul","image":{"@type":"ImageObject","inLanguage":"bs-BA","@id":"https:\/\/sandzakpress.net\/arhiva\/#\/schema\/person\/image\/","url":"https:\/\/secure.gravatar.com\/avatar\/42263f39aa27ac04c43cab85c280eb2e?s=96&d=mm&r=pg","contentUrl":"https:\/\/secure.gravatar.com\/avatar\/42263f39aa27ac04c43cab85c280eb2e?s=96&d=mm&r=pg","caption":"Kul"},"logo":{"@id":"https:\/\/sandzakpress.net\/arhiva\/#\/schema\/person\/image\/"}},{"@type":"Person","@id":"https:\/\/sandzakpress.net\/arhiva\/#\/schema\/person\/c8baee722073534b583ea7bdb2e36c02","name":"bosniak","image":{"@type":"ImageObject","inLanguage":"bs-BA","@id":"https:\/\/sandzakpress.net\/arhiva\/#\/schema\/person\/image\/","url":"https:\/\/secure.gravatar.com\/avatar\/a04fd330bfe3a36a72a0ad4a6d89fca7?s=96&d=mm&r=pg","contentUrl":"https:\/\/secure.gravatar.com\/avatar\/a04fd330bfe3a36a72a0ad4a6d89fca7?s=96&d=mm&r=pg","caption":"bosniak"},"url":"https:\/\/sandzakpress.net\/arhiva\/author\/bosniak\/"}]}},"_links":{"self":[{"href":"https:\/\/sandzakpress.net\/arhiva\/wp-json\/wp\/v2\/posts\/115768"}],"collection":[{"href":"https:\/\/sandzakpress.net\/arhiva\/wp-json\/wp\/v2\/posts"}],"about":[{"href":"https:\/\/sandzakpress.net\/arhiva\/wp-json\/wp\/v2\/types\/post"}],"author":[{"embeddable":true,"href":"https:\/\/sandzakpress.net\/arhiva\/wp-json\/wp\/v2\/users\/83"}],"replies":[{"embeddable":true,"href":"https:\/\/sandzakpress.net\/arhiva\/wp-json\/wp\/v2\/comments?post=115768"}],"version-history":[{"count":0,"href":"https:\/\/sandzakpress.net\/arhiva\/wp-json\/wp\/v2\/posts\/115768\/revisions"}],"wp:featuredmedia":[{"embeddable":true,"href":"https:\/\/sandzakpress.net\/arhiva\/wp-json\/wp\/v2\/media\/115769"}],"wp:attachment":[{"href":"https:\/\/sandzakpress.net\/arhiva\/wp-json\/wp\/v2\/media?parent=115768"}],"wp:term":[{"taxonomy":"category","embeddable":true,"href":"https:\/\/sandzakpress.net\/arhiva\/wp-json\/wp\/v2\/categories?post=115768"},{"taxonomy":"post_tag","embeddable":true,"href":"https:\/\/sandzakpress.net\/arhiva\/wp-json\/wp\/v2\/tags?post=115768"}],"curies":[{"name":"wp","href":"https:\/\/api.w.org\/{rel}","templated":true}]}}