{"id":115465,"date":"2014-11-28T11:18:58","date_gmt":"2014-11-28T10:18:58","guid":{"rendered":"https:\/\/sandzakpress.net\/arhiva\/?p=115465"},"modified":"2014-11-28T11:32:01","modified_gmt":"2014-11-28T10:32:01","slug":"francuska-odlucila-odobriti-azil-kosovarima","status":"publish","type":"post","link":"https:\/\/sandzakpress.net\/arhiva\/francuska-odlucila-odobriti-azil-kosovarima\/","title":{"rendered":"Francuska odlu\u010dila odobriti azil Kosovarima"},"content":{"rendered":"<p><img loading=\"lazy\" decoding=\"async\" class=\"aligncenter\" src=\"http:\/\/www.info-ks.net\/slike\/clanci\/slike\/2014\/novembar\/franca.jpg\" alt=\"\" width=\"617\" height=\"359\" \/><\/p>\n<p><strong>Francuska, Kosovo &#8211;\u00a0Kosovari koji se ve\u0107 nalaze u Francuskoj ili oni koji misle po\u0107i na taj put mogu se ponadati ostanku u toj zemlji. Francuska i dalje odobrava azil za Kosovare, prenosi KTV<\/strong>.<\/p>\n<div class=\"tekst\"><\/div>\n<p>Na kraju, poni\u0161tena je odluka kojom je Kosovo postavljeno na listi sigurnih zemalja, prenosi koha.net. Tom odlukom je francuska Vlada Kosovo na toj listi uvela decembra 2013. godine, zajedno s Albanijom i Gruzijom.<\/p>\n<p>Ali, nedavno je Dr\u017eavni savjet, koji je dio vlade u Parizu odlu\u010dio da sa liste ukloni samo Kosovo, otvoriv\u0161i mogu\u0107nost podno\u0161enja zahtjeva za azil, prenosi KTV.<\/p>\n<p>&#8220;Vije\u0107e je pregledalo svoju prvobitnu odluku od 16. decembra 2013. godine koju je zatra\u017eio OFPRA (Ured za migracije i izbjeglice) za Republiku Kosovo, Republiku Albaniju i Gruziju. Bilo je nekoliko zahtjeva da se poni\u0161ti ova odluka. Dr\u017eavno vije\u0107e je odlu\u010dilo da ozakoni odluku za Republiku Albaniju i Gruziju, ali da poni\u0161ti odluku za Kosovo&#8221;, stoji u saop\u0161tenju francuske vlade.<\/p>\n<p>Vije\u0107e je objasnilo odluku rekav\u0161i da uprkos pozitivnim kretanjima u dr\u017eavi Kosovo, jo\u0161 uvijek postoji politi\u010dka i dru\u0161tvena nestabilnosti jer dr\u017eavne institucije u velikoj mjeri zavise od podr\u0161ke me\u0111unarodnih organizacija i misija.<\/p>\n<p>Tako\u0111er, francuska vlada tvrdi da jo\u0161 uvijek postoji zna\u010dajna kategorija dru\u0161tva koja nema adekvatnu institucionalnu za\u0161titu od razli\u010ditih oblika nasilja.<\/p>\n<p>Zahtjev za uklanjanje Kosova sa liste sigurnih dr\u017eava je podnijelo niz organizacija za ljudska prava.<\/p>\n<p>Ali, odluka je tako\u0111er nai\u0161la na dosta kritika, jer se pretpostavlja da \u0107e se Francuska suo\u010diti sa novim prilivom Kosovara sa zahtjevima za azil.<\/p>\n<p>U 2013. godini Kosovo je bilo na \u010delu liste zemalja s najvi\u0161e zahtjeva za azil, ukupno 3.500, zatim Kongo sa 4000 i Albanije sa 3300.<\/p>\n<p>Zbog dolaska zime Francuska je odlu\u010dila ukloniti Kosovare iz Metza koji se nalaze pod otvorenim nebom, za koje je KTV izvjstila pro\u0161log ljeta.<\/p>\n<p>(info-ks)<\/p>\n","protected":false},"excerpt":{"rendered":"<p>Francuska, Kosovo &#8211;\u00a0Kosovari koji se ve\u0107 nalaze u Francuskoj ili oni koji misle po\u0107i na taj put mogu se ponadati ostanku u toj zemlji. Francuska i dalje odobrava azil za Kosovare, prenosi KTV. Na kraju, poni\u0161tena je odluka kojom je Kosovo postavljeno na listi sigurnih zemalja, prenosi koha.net. Tom odlukom je francuska Vlada Kosovo na [&hellip;]<\/p>\n","protected":false},"author":83,"featured_media":115466,"comment_status":"open","ping_status":"open","sticky":false,"template":"","format":"standard","meta":{"footnotes":""},"categories":[2690,9550,9,798],"tags":[],"class_list":{"0":"post-115465","1":"post","2":"type-post","3":"status-publish","4":"format-standard","5":"has-post-thumbnail","7":"category-kosovo-gradovi","8":"category-francuska-dijaspora-gradovi-vase-vijesti","9":"category-svijet","10":"category-teme"},"yoast_head":"<!-- This site is optimized with the Yoast SEO Premium plugin v23.1 (Yoast SEO v24.9) - https:\/\/yoast.com\/wordpress\/plugins\/seo\/ -->\n<title>Francuska odlu\u010dila odobriti azil Kosovarima<\/title>\n<meta name=\"robots\" content=\"index, follow, max-snippet:-1, max-image-preview:large, max-video-preview:-1\" \/>\n<link rel=\"canonical\" href=\"https:\/\/sandzakpress.net\/arhiva\/francuska-odlucila-odobriti-azil-kosovarima\/\" \/>\n<meta property=\"og:locale\" content=\"bs_BA\" \/>\n<meta property=\"og:type\" content=\"article\" \/>\n<meta property=\"og:title\" content=\"Francuska odlu\u010dila odobriti azil Kosovarima\" \/>\n<meta property=\"og:description\" content=\"Francuska, Kosovo &#8211;\u00a0Kosovari koji se ve\u0107 nalaze u Francuskoj ili oni koji misle po\u0107i na taj put mogu se ponadati ostanku u toj zemlji. Francuska i dalje odobrava azil za Kosovare, prenosi KTV. Na kraju, poni\u0161tena je odluka kojom je Kosovo postavljeno na listi sigurnih zemalja, prenosi koha.net. Tom odlukom je francuska Vlada Kosovo na [&hellip;]\" \/>\n<meta property=\"og:url\" content=\"https:\/\/sandzakpress.net\/arhiva\/francuska-odlucila-odobriti-azil-kosovarima\/\" \/>\n<meta property=\"og:site_name\" content=\"Sand\u017eak PRESS\" \/>\n<meta property=\"article:published_time\" content=\"2014-11-28T10:18:58+00:00\" \/>\n<meta property=\"article:modified_time\" content=\"2014-11-28T10:32:01+00:00\" \/>\n<meta property=\"og:image\" content=\"https:\/\/sandzakpress.net\/arhiva\/wp-content\/uploads\/2014\/11\/franca.jpg\" \/>\n\t<meta property=\"og:image:width\" content=\"655\" \/>\n\t<meta property=\"og:image:height\" content=\"381\" \/>\n\t<meta property=\"og:image:type\" content=\"image\/jpeg\" \/>\n<meta name=\"author\" content=\"bosniak\" \/>\n<meta name=\"twitter:card\" content=\"summary_large_image\" \/>\n<meta name=\"twitter:label1\" content=\"Written by\" \/>\n\t<meta name=\"twitter:data1\" content=\"bosniak\" \/>\n\t<meta name=\"twitter:label2\" content=\"Est. reading time\" \/>\n\t<meta name=\"twitter:data2\" content=\"2 minute\" \/>\n<script type=\"application\/ld+json\" class=\"yoast-schema-graph\">{\"@context\":\"https:\/\/schema.org\",\"@graph\":[{\"@type\":\"Article\",\"@id\":\"https:\/\/sandzakpress.net\/arhiva\/francuska-odlucila-odobriti-azil-kosovarima\/#article\",\"isPartOf\":{\"@id\":\"https:\/\/sandzakpress.net\/arhiva\/francuska-odlucila-odobriti-azil-kosovarima\/\"},\"author\":{\"name\":\"bosniak\",\"@id\":\"https:\/\/sandzakpress.net\/arhiva\/#\/schema\/person\/c8baee722073534b583ea7bdb2e36c02\"},\"headline\":\"Francuska odlu\u010dila odobriti azil Kosovarima\",\"datePublished\":\"2014-11-28T10:18:58+00:00\",\"dateModified\":\"2014-11-28T10:32:01+00:00\",\"mainEntityOfPage\":{\"@id\":\"https:\/\/sandzakpress.net\/arhiva\/francuska-odlucila-odobriti-azil-kosovarima\/\"},\"wordCount\":327,\"commentCount\":1,\"publisher\":{\"@id\":\"https:\/\/sandzakpress.net\/arhiva\/#\/schema\/person\/6e72b67d6e51910a1117b3b483ba20bd\"},\"image\":{\"@id\":\"https:\/\/sandzakpress.net\/arhiva\/francuska-odlucila-odobriti-azil-kosovarima\/#primaryimage\"},\"thumbnailUrl\":\"https:\/\/sandzakpress.net\/arhiva\/wp-content\/uploads\/2014\/11\/franca.jpg\",\"articleSection\":[\"Kosovo\",\"Francuska\",\"Svijet\",\"NAJNOVIJE\"],\"inLanguage\":\"bs-BA\",\"potentialAction\":[{\"@type\":\"CommentAction\",\"name\":\"Comment\",\"target\":[\"https:\/\/sandzakpress.net\/arhiva\/francuska-odlucila-odobriti-azil-kosovarima\/#respond\"]}]},{\"@type\":\"WebPage\",\"@id\":\"https:\/\/sandzakpress.net\/arhiva\/francuska-odlucila-odobriti-azil-kosovarima\/\",\"url\":\"https:\/\/sandzakpress.net\/arhiva\/francuska-odlucila-odobriti-azil-kosovarima\/\",\"name\":\"Francuska odlu\u010dila odobriti azil Kosovarima\",\"isPartOf\":{\"@id\":\"https:\/\/sandzakpress.net\/arhiva\/#website\"},\"primaryImageOfPage\":{\"@id\":\"https:\/\/sandzakpress.net\/arhiva\/francuska-odlucila-odobriti-azil-kosovarima\/#primaryimage\"},\"image\":{\"@id\":\"https:\/\/sandzakpress.net\/arhiva\/francuska-odlucila-odobriti-azil-kosovarima\/#primaryimage\"},\"thumbnailUrl\":\"https:\/\/sandzakpress.net\/arhiva\/wp-content\/uploads\/2014\/11\/franca.jpg\",\"datePublished\":\"2014-11-28T10:18:58+00:00\",\"dateModified\":\"2014-11-28T10:32:01+00:00\",\"breadcrumb\":{\"@id\":\"https:\/\/sandzakpress.net\/arhiva\/francuska-odlucila-odobriti-azil-kosovarima\/#breadcrumb\"},\"inLanguage\":\"bs-BA\",\"potentialAction\":[{\"@type\":\"ReadAction\",\"target\":[\"https:\/\/sandzakpress.net\/arhiva\/francuska-odlucila-odobriti-azil-kosovarima\/\"]}]},{\"@type\":\"ImageObject\",\"inLanguage\":\"bs-BA\",\"@id\":\"https:\/\/sandzakpress.net\/arhiva\/francuska-odlucila-odobriti-azil-kosovarima\/#primaryimage\",\"url\":\"https:\/\/sandzakpress.net\/arhiva\/wp-content\/uploads\/2014\/11\/franca.jpg\",\"contentUrl\":\"https:\/\/sandzakpress.net\/arhiva\/wp-content\/uploads\/2014\/11\/franca.jpg\",\"width\":655,\"height\":381},{\"@type\":\"BreadcrumbList\",\"@id\":\"https:\/\/sandzakpress.net\/arhiva\/francuska-odlucila-odobriti-azil-kosovarima\/#breadcrumb\",\"itemListElement\":[{\"@type\":\"ListItem\",\"position\":1,\"name\":\"Home\",\"item\":\"https:\/\/sandzakpress.net\/arhiva\/\"},{\"@type\":\"ListItem\",\"position\":2,\"name\":\"Francuska odlu\u010dila odobriti azil Kosovarima\"}]},{\"@type\":\"WebSite\",\"@id\":\"https:\/\/sandzakpress.net\/arhiva\/#website\",\"url\":\"https:\/\/sandzakpress.net\/arhiva\/\",\"name\":\"Sand\u017eak PRESS\",\"description\":\"Prve elektronske novine u Sand\u017eaku\",\"publisher\":{\"@id\":\"https:\/\/sandzakpress.net\/arhiva\/#\/schema\/person\/6e72b67d6e51910a1117b3b483ba20bd\"},\"potentialAction\":[{\"@type\":\"SearchAction\",\"target\":{\"@type\":\"EntryPoint\",\"urlTemplate\":\"https:\/\/sandzakpress.net\/arhiva\/?s={search_term_string}\"},\"query-input\":{\"@type\":\"PropertyValueSpecification\",\"valueRequired\":true,\"valueName\":\"search_term_string\"}}],\"inLanguage\":\"bs-BA\"},{\"@type\":[\"Person\",\"Organization\"],\"@id\":\"https:\/\/sandzakpress.net\/arhiva\/#\/schema\/person\/6e72b67d6e51910a1117b3b483ba20bd\",\"name\":\"Kul\",\"image\":{\"@type\":\"ImageObject\",\"inLanguage\":\"bs-BA\",\"@id\":\"https:\/\/sandzakpress.net\/arhiva\/#\/schema\/person\/image\/\",\"url\":\"https:\/\/secure.gravatar.com\/avatar\/42263f39aa27ac04c43cab85c280eb2e?s=96&d=mm&r=pg\",\"contentUrl\":\"https:\/\/secure.gravatar.com\/avatar\/42263f39aa27ac04c43cab85c280eb2e?s=96&d=mm&r=pg\",\"caption\":\"Kul\"},\"logo\":{\"@id\":\"https:\/\/sandzakpress.net\/arhiva\/#\/schema\/person\/image\/\"}},{\"@type\":\"Person\",\"@id\":\"https:\/\/sandzakpress.net\/arhiva\/#\/schema\/person\/c8baee722073534b583ea7bdb2e36c02\",\"name\":\"bosniak\",\"image\":{\"@type\":\"ImageObject\",\"inLanguage\":\"bs-BA\",\"@id\":\"https:\/\/sandzakpress.net\/arhiva\/#\/schema\/person\/image\/\",\"url\":\"https:\/\/secure.gravatar.com\/avatar\/a04fd330bfe3a36a72a0ad4a6d89fca7?s=96&d=mm&r=pg\",\"contentUrl\":\"https:\/\/secure.gravatar.com\/avatar\/a04fd330bfe3a36a72a0ad4a6d89fca7?s=96&d=mm&r=pg\",\"caption\":\"bosniak\"},\"url\":\"https:\/\/sandzakpress.net\/arhiva\/author\/bosniak\/\"}]}<\/script>\n<!-- \/ Yoast SEO Premium plugin. -->","yoast_head_json":{"title":"Francuska odlu\u010dila odobriti azil Kosovarima","robots":{"index":"index","follow":"follow","max-snippet":"max-snippet:-1","max-image-preview":"max-image-preview:large","max-video-preview":"max-video-preview:-1"},"canonical":"https:\/\/sandzakpress.net\/arhiva\/francuska-odlucila-odobriti-azil-kosovarima\/","og_locale":"bs_BA","og_type":"article","og_title":"Francuska odlu\u010dila odobriti azil Kosovarima","og_description":"Francuska, Kosovo &#8211;\u00a0Kosovari koji se ve\u0107 nalaze u Francuskoj ili oni koji misle po\u0107i na taj put mogu se ponadati ostanku u toj zemlji. Francuska i dalje odobrava azil za Kosovare, prenosi KTV. Na kraju, poni\u0161tena je odluka kojom je Kosovo postavljeno na listi sigurnih zemalja, prenosi koha.net. Tom odlukom je francuska Vlada Kosovo na [&hellip;]","og_url":"https:\/\/sandzakpress.net\/arhiva\/francuska-odlucila-odobriti-azil-kosovarima\/","og_site_name":"Sand\u017eak PRESS","article_published_time":"2014-11-28T10:18:58+00:00","article_modified_time":"2014-11-28T10:32:01+00:00","og_image":[{"width":655,"height":381,"url":"https:\/\/sandzakpress.net\/arhiva\/wp-content\/uploads\/2014\/11\/franca.jpg","type":"image\/jpeg"}],"author":"bosniak","twitter_card":"summary_large_image","twitter_misc":{"Written by":"bosniak","Est. reading time":"2 minute"},"schema":{"@context":"https:\/\/schema.org","@graph":[{"@type":"Article","@id":"https:\/\/sandzakpress.net\/arhiva\/francuska-odlucila-odobriti-azil-kosovarima\/#article","isPartOf":{"@id":"https:\/\/sandzakpress.net\/arhiva\/francuska-odlucila-odobriti-azil-kosovarima\/"},"author":{"name":"bosniak","@id":"https:\/\/sandzakpress.net\/arhiva\/#\/schema\/person\/c8baee722073534b583ea7bdb2e36c02"},"headline":"Francuska odlu\u010dila odobriti azil Kosovarima","datePublished":"2014-11-28T10:18:58+00:00","dateModified":"2014-11-28T10:32:01+00:00","mainEntityOfPage":{"@id":"https:\/\/sandzakpress.net\/arhiva\/francuska-odlucila-odobriti-azil-kosovarima\/"},"wordCount":327,"commentCount":1,"publisher":{"@id":"https:\/\/sandzakpress.net\/arhiva\/#\/schema\/person\/6e72b67d6e51910a1117b3b483ba20bd"},"image":{"@id":"https:\/\/sandzakpress.net\/arhiva\/francuska-odlucila-odobriti-azil-kosovarima\/#primaryimage"},"thumbnailUrl":"https:\/\/sandzakpress.net\/arhiva\/wp-content\/uploads\/2014\/11\/franca.jpg","articleSection":["Kosovo","Francuska","Svijet","NAJNOVIJE"],"inLanguage":"bs-BA","potentialAction":[{"@type":"CommentAction","name":"Comment","target":["https:\/\/sandzakpress.net\/arhiva\/francuska-odlucila-odobriti-azil-kosovarima\/#respond"]}]},{"@type":"WebPage","@id":"https:\/\/sandzakpress.net\/arhiva\/francuska-odlucila-odobriti-azil-kosovarima\/","url":"https:\/\/sandzakpress.net\/arhiva\/francuska-odlucila-odobriti-azil-kosovarima\/","name":"Francuska odlu\u010dila odobriti azil Kosovarima","isPartOf":{"@id":"https:\/\/sandzakpress.net\/arhiva\/#website"},"primaryImageOfPage":{"@id":"https:\/\/sandzakpress.net\/arhiva\/francuska-odlucila-odobriti-azil-kosovarima\/#primaryimage"},"image":{"@id":"https:\/\/sandzakpress.net\/arhiva\/francuska-odlucila-odobriti-azil-kosovarima\/#primaryimage"},"thumbnailUrl":"https:\/\/sandzakpress.net\/arhiva\/wp-content\/uploads\/2014\/11\/franca.jpg","datePublished":"2014-11-28T10:18:58+00:00","dateModified":"2014-11-28T10:32:01+00:00","breadcrumb":{"@id":"https:\/\/sandzakpress.net\/arhiva\/francuska-odlucila-odobriti-azil-kosovarima\/#breadcrumb"},"inLanguage":"bs-BA","potentialAction":[{"@type":"ReadAction","target":["https:\/\/sandzakpress.net\/arhiva\/francuska-odlucila-odobriti-azil-kosovarima\/"]}]},{"@type":"ImageObject","inLanguage":"bs-BA","@id":"https:\/\/sandzakpress.net\/arhiva\/francuska-odlucila-odobriti-azil-kosovarima\/#primaryimage","url":"https:\/\/sandzakpress.net\/arhiva\/wp-content\/uploads\/2014\/11\/franca.jpg","contentUrl":"https:\/\/sandzakpress.net\/arhiva\/wp-content\/uploads\/2014\/11\/franca.jpg","width":655,"height":381},{"@type":"BreadcrumbList","@id":"https:\/\/sandzakpress.net\/arhiva\/francuska-odlucila-odobriti-azil-kosovarima\/#breadcrumb","itemListElement":[{"@type":"ListItem","position":1,"name":"Home","item":"https:\/\/sandzakpress.net\/arhiva\/"},{"@type":"ListItem","position":2,"name":"Francuska odlu\u010dila odobriti azil Kosovarima"}]},{"@type":"WebSite","@id":"https:\/\/sandzakpress.net\/arhiva\/#website","url":"https:\/\/sandzakpress.net\/arhiva\/","name":"Sand\u017eak PRESS","description":"Prve elektronske novine u Sand\u017eaku","publisher":{"@id":"https:\/\/sandzakpress.net\/arhiva\/#\/schema\/person\/6e72b67d6e51910a1117b3b483ba20bd"},"potentialAction":[{"@type":"SearchAction","target":{"@type":"EntryPoint","urlTemplate":"https:\/\/sandzakpress.net\/arhiva\/?s={search_term_string}"},"query-input":{"@type":"PropertyValueSpecification","valueRequired":true,"valueName":"search_term_string"}}],"inLanguage":"bs-BA"},{"@type":["Person","Organization"],"@id":"https:\/\/sandzakpress.net\/arhiva\/#\/schema\/person\/6e72b67d6e51910a1117b3b483ba20bd","name":"Kul","image":{"@type":"ImageObject","inLanguage":"bs-BA","@id":"https:\/\/sandzakpress.net\/arhiva\/#\/schema\/person\/image\/","url":"https:\/\/secure.gravatar.com\/avatar\/42263f39aa27ac04c43cab85c280eb2e?s=96&d=mm&r=pg","contentUrl":"https:\/\/secure.gravatar.com\/avatar\/42263f39aa27ac04c43cab85c280eb2e?s=96&d=mm&r=pg","caption":"Kul"},"logo":{"@id":"https:\/\/sandzakpress.net\/arhiva\/#\/schema\/person\/image\/"}},{"@type":"Person","@id":"https:\/\/sandzakpress.net\/arhiva\/#\/schema\/person\/c8baee722073534b583ea7bdb2e36c02","name":"bosniak","image":{"@type":"ImageObject","inLanguage":"bs-BA","@id":"https:\/\/sandzakpress.net\/arhiva\/#\/schema\/person\/image\/","url":"https:\/\/secure.gravatar.com\/avatar\/a04fd330bfe3a36a72a0ad4a6d89fca7?s=96&d=mm&r=pg","contentUrl":"https:\/\/secure.gravatar.com\/avatar\/a04fd330bfe3a36a72a0ad4a6d89fca7?s=96&d=mm&r=pg","caption":"bosniak"},"url":"https:\/\/sandzakpress.net\/arhiva\/author\/bosniak\/"}]}},"_links":{"self":[{"href":"https:\/\/sandzakpress.net\/arhiva\/wp-json\/wp\/v2\/posts\/115465"}],"collection":[{"href":"https:\/\/sandzakpress.net\/arhiva\/wp-json\/wp\/v2\/posts"}],"about":[{"href":"https:\/\/sandzakpress.net\/arhiva\/wp-json\/wp\/v2\/types\/post"}],"author":[{"embeddable":true,"href":"https:\/\/sandzakpress.net\/arhiva\/wp-json\/wp\/v2\/users\/83"}],"replies":[{"embeddable":true,"href":"https:\/\/sandzakpress.net\/arhiva\/wp-json\/wp\/v2\/comments?post=115465"}],"version-history":[{"count":0,"href":"https:\/\/sandzakpress.net\/arhiva\/wp-json\/wp\/v2\/posts\/115465\/revisions"}],"wp:featuredmedia":[{"embeddable":true,"href":"https:\/\/sandzakpress.net\/arhiva\/wp-json\/wp\/v2\/media\/115466"}],"wp:attachment":[{"href":"https:\/\/sandzakpress.net\/arhiva\/wp-json\/wp\/v2\/media?parent=115465"}],"wp:term":[{"taxonomy":"category","embeddable":true,"href":"https:\/\/sandzakpress.net\/arhiva\/wp-json\/wp\/v2\/categories?post=115465"},{"taxonomy":"post_tag","embeddable":true,"href":"https:\/\/sandzakpress.net\/arhiva\/wp-json\/wp\/v2\/tags?post=115465"}],"curies":[{"name":"wp","href":"https:\/\/api.w.org\/{rel}","templated":true}]}}