{"id":115455,"date":"2014-11-27T20:37:31","date_gmt":"2014-11-27T19:37:31","guid":{"rendered":"https:\/\/sandzakpress.net\/arhiva\/?p=115455"},"modified":"2014-11-27T20:37:31","modified_gmt":"2014-11-27T19:37:31","slug":"pravda-za-novi-pazar-2","status":"publish","type":"post","link":"https:\/\/sandzakpress.net\/arhiva\/pravda-za-novi-pazar-2\/","title":{"rendered":"Pravda za Novi Pazar"},"content":{"rendered":"<div class=\"text_holder\">\n<p><img loading=\"lazy\" decoding=\"async\" class=\"aligncenter\" src=\"http:\/\/cdn.butasport.rs\/wp-content\/uploads\/2014\/11\/10687362_745843252161114_5624779253697686718_o.jpg\" alt=\"\" width=\"616\" height=\"411\" \/><\/p>\n<p>Srbija je pro\u0161le nedjelje uvrijedila Novopazarce. Dr\u017eava i Fudbalski savez su povezali bez ikakve istrage i presude navija\u010de i FK Novi Pazar sa mu\u010dkim ubistvom navija\u010da Zvezde Marka Ivkovi\u0107a Jagode u Istanbulu. Verovatno to nisu \u017eeleli, ali je tako ispalo.<\/p>\n<p>\u0160ta se doga\u0111alo pro\u0161le nedjelje u Beogradu i za\u0161to klub i navija\u010di Pazara, koji, uzgred, nisu nevina\u0161ca, zaslu\u017euju izvinjenje najvi\u0161ih zvani\u010dnika?<\/p>\n<p>Fudbaleri Pazara doputovali su u pro\u0161li petak u Beograd i smjestili se u hotel \u201ePresti\u017e\u201d. \u010cuvao ih je samo jedan policajac. Logi\u010dno, jer su ti momci dobrodo\u0161li u Beograd. \u010cekala ih je utakmica sa Vo\u017edovcem. Oko 20 \u010dasova, trebalo je da im se priklju\u010di i oko 150 navija\u010da iz Pazara.<\/p>\n<p>Ali, tada je uprava kluba obavije\u0161tena da je dolazak pazarskih navija\u010da u Beograd zabranjen zbog ubistva navija\u010da Crvene zvezde. Navija\u010di Pazara su to prihvatili te\u0161ka srca, jer dugo nisu bili na gostovanjima. Ali, razumeli su tugu i bes delija, sa kojima, ina\u010de, pa\u017eljivo i dugotrajno gaje iskrenu netrpeljivost.<\/p>\n<p>Ali, navija\u010de Novog Pazara i klub mnogo je vi\u0161e pogodilo to \u0161to je, po preporuci MUP-a, utakmica sa Vo\u017edovcem odlo\u017eena. Ni danas upravi i navija\u010dima nije jasno kakve oni veze imaju sa doga\u0111ajima u Istanbulu i kako im je prika\u010dena pretpostavka krivice.<\/p>\n<p>Otuda su Pazarci te\u0161ko prihvatili odluku dr\u017eavnih i fudbalskih organa da se utakmica odlo\u017ei. Ali, postoji li danas ikakva logika u fudbalskoj Srbiji? Kako objasniti usijanim glavama da su od 25 ljudi iz kluba koji su do\u0161li u Beograd, samo petorica njih \u2013 Bo\u0161njaci. Pa i da ih je sto odsto, zar je to razlog da gra\u0111ene Srbije povezujemo sa zlo\u010dinom u Turskoj?<\/p>\n<p>Ovaj klub je zapravo primjer fudbalske multietni\u010dnosti: za igra\u010de koji se krste sa tri prsta, \u017eestoko navijaju momci koji se mole Allahu!<\/p>\n<p>Otuda su dr\u017eavni organi morali da sko\u010de na noge lagane i da doka\u017eu kako su svi Pazarci sigurni i dobrodo\u0161li na svakom pedlju njihove i na\u0161e Srbije, makar u istoj onoj mjeri kada se \u010ditav aparat sile rastr\u010di da bi se odr\u017eala gej-parada.<\/p>\n<p>U tom kolopletu komplikovanih fudbalskih i geostrate\u0161kih stadionskih odnosa, novopazarski navija\u010di odr\u017eavaju bliske kontakte sa kolegama turskog Fenerbah\u010dea, ali ne i sa Galatasarajem, \u010diji su navija\u010di ubili Jagodu.<\/p>\n<p>U nedjelju, u Novom Pazaru, gostuje Partizan. I, \u0161ta sada? Slu\u0161amo preporuke da \u201egrobari\u201d ne dolaze u Pazar!<\/p>\n<p>\u010cak \u0107e FSS, policija i tu\u017eila\u0161tvo raspravljati o tome treba li odr\u017eati minut \u0107utanja u pomen na ubijenog Jagodu. Treba li re\u0107i da su Pazarci poslali sau\u010de\u0161\u0107e kolegama iz Zvezde, kao i navija\u010dkoj grupi sa Marakane?<\/p>\n<p>Treba li re\u0107i da bi bilo ljudski da svi navija\u010di minut u\u0107ute zbog Jagode? I treba li re\u0107i da u Pazaru o\u010dekujemo dobar fudbal?<\/p>\n<p>Ali, to bi ve\u0107 zna\u010dilo da smo ozbiljni ljudi.<\/p>\n<\/div>\n<div class=\"author\">Autor: <strong>Aleksandar Apostolovski<\/strong><\/div>\n","protected":false},"excerpt":{"rendered":"<p>Aleksandar Apostolovski<\/p>\n","protected":false},"author":83,"featured_media":115459,"comment_status":"open","ping_status":"open","sticky":false,"template":"","format":"standard","meta":{"footnotes":""},"categories":[72,10196],"tags":[10208],"class_list":{"0":"post-115455","1":"post","2":"type-post","3":"status-publish","4":"format-standard","5":"has-post-thumbnail","7":"category-novi-pazar","8":"category-iz-pera-nasih-autora","9":"tag-fk-novi-pazar"},"yoast_head":"<!-- This site is optimized with the Yoast SEO Premium plugin v23.1 (Yoast SEO v24.9) - https:\/\/yoast.com\/wordpress\/plugins\/seo\/ -->\n<title>Pravda za Novi Pazar<\/title>\n<meta name=\"robots\" content=\"index, follow, max-snippet:-1, max-image-preview:large, max-video-preview:-1\" \/>\n<link rel=\"canonical\" href=\"https:\/\/sandzakpress.net\/arhiva\/pravda-za-novi-pazar-2\/\" \/>\n<meta property=\"og:locale\" content=\"bs_BA\" \/>\n<meta property=\"og:type\" content=\"article\" \/>\n<meta property=\"og:title\" content=\"Pravda za Novi Pazar\" \/>\n<meta property=\"og:description\" content=\"Aleksandar Apostolovski\" \/>\n<meta property=\"og:url\" content=\"https:\/\/sandzakpress.net\/arhiva\/pravda-za-novi-pazar-2\/\" \/>\n<meta property=\"og:site_name\" content=\"Sand\u017eak PRESS\" \/>\n<meta property=\"article:published_time\" content=\"2014-11-27T19:37:31+00:00\" \/>\n<meta property=\"og:image\" content=\"https:\/\/sandzakpress.net\/arhiva\/wp-content\/uploads\/2014\/11\/10687362_745843252161114_5624779253697686718_o.jpg\" \/>\n\t<meta property=\"og:image:width\" content=\"700\" \/>\n\t<meta property=\"og:image:height\" content=\"467\" \/>\n\t<meta property=\"og:image:type\" content=\"image\/jpeg\" \/>\n<meta name=\"author\" content=\"bosniak\" \/>\n<meta name=\"twitter:card\" content=\"summary_large_image\" \/>\n<meta name=\"twitter:label1\" content=\"Written by\" \/>\n\t<meta name=\"twitter:data1\" content=\"bosniak\" \/>\n\t<meta name=\"twitter:label2\" content=\"Est. reading time\" \/>\n\t<meta name=\"twitter:data2\" content=\"3 minute\" \/>\n<script type=\"application\/ld+json\" class=\"yoast-schema-graph\">{\"@context\":\"https:\/\/schema.org\",\"@graph\":[{\"@type\":\"Article\",\"@id\":\"https:\/\/sandzakpress.net\/arhiva\/pravda-za-novi-pazar-2\/#article\",\"isPartOf\":{\"@id\":\"https:\/\/sandzakpress.net\/arhiva\/pravda-za-novi-pazar-2\/\"},\"author\":{\"name\":\"bosniak\",\"@id\":\"https:\/\/sandzakpress.net\/arhiva\/#\/schema\/person\/c8baee722073534b583ea7bdb2e36c02\"},\"headline\":\"Pravda za Novi Pazar\",\"datePublished\":\"2014-11-27T19:37:31+00:00\",\"mainEntityOfPage\":{\"@id\":\"https:\/\/sandzakpress.net\/arhiva\/pravda-za-novi-pazar-2\/\"},\"wordCount\":516,\"commentCount\":0,\"publisher\":{\"@id\":\"https:\/\/sandzakpress.net\/arhiva\/#\/schema\/person\/6e72b67d6e51910a1117b3b483ba20bd\"},\"image\":{\"@id\":\"https:\/\/sandzakpress.net\/arhiva\/pravda-za-novi-pazar-2\/#primaryimage\"},\"thumbnailUrl\":\"https:\/\/sandzakpress.net\/arhiva\/wp-content\/uploads\/2014\/11\/10687362_745843252161114_5624779253697686718_o.jpg\",\"keywords\":[\"fk Novi Pazar\"],\"articleSection\":[\"Novi Pazar\",\"Iz pera na\u0161ih autora\"],\"inLanguage\":\"bs-BA\",\"potentialAction\":[{\"@type\":\"CommentAction\",\"name\":\"Comment\",\"target\":[\"https:\/\/sandzakpress.net\/arhiva\/pravda-za-novi-pazar-2\/#respond\"]}]},{\"@type\":\"WebPage\",\"@id\":\"https:\/\/sandzakpress.net\/arhiva\/pravda-za-novi-pazar-2\/\",\"url\":\"https:\/\/sandzakpress.net\/arhiva\/pravda-za-novi-pazar-2\/\",\"name\":\"Pravda za Novi Pazar\",\"isPartOf\":{\"@id\":\"https:\/\/sandzakpress.net\/arhiva\/#website\"},\"primaryImageOfPage\":{\"@id\":\"https:\/\/sandzakpress.net\/arhiva\/pravda-za-novi-pazar-2\/#primaryimage\"},\"image\":{\"@id\":\"https:\/\/sandzakpress.net\/arhiva\/pravda-za-novi-pazar-2\/#primaryimage\"},\"thumbnailUrl\":\"https:\/\/sandzakpress.net\/arhiva\/wp-content\/uploads\/2014\/11\/10687362_745843252161114_5624779253697686718_o.jpg\",\"datePublished\":\"2014-11-27T19:37:31+00:00\",\"breadcrumb\":{\"@id\":\"https:\/\/sandzakpress.net\/arhiva\/pravda-za-novi-pazar-2\/#breadcrumb\"},\"inLanguage\":\"bs-BA\",\"potentialAction\":[{\"@type\":\"ReadAction\",\"target\":[\"https:\/\/sandzakpress.net\/arhiva\/pravda-za-novi-pazar-2\/\"]}]},{\"@type\":\"ImageObject\",\"inLanguage\":\"bs-BA\",\"@id\":\"https:\/\/sandzakpress.net\/arhiva\/pravda-za-novi-pazar-2\/#primaryimage\",\"url\":\"https:\/\/sandzakpress.net\/arhiva\/wp-content\/uploads\/2014\/11\/10687362_745843252161114_5624779253697686718_o.jpg\",\"contentUrl\":\"https:\/\/sandzakpress.net\/arhiva\/wp-content\/uploads\/2014\/11\/10687362_745843252161114_5624779253697686718_o.jpg\",\"width\":700,\"height\":467},{\"@type\":\"BreadcrumbList\",\"@id\":\"https:\/\/sandzakpress.net\/arhiva\/pravda-za-novi-pazar-2\/#breadcrumb\",\"itemListElement\":[{\"@type\":\"ListItem\",\"position\":1,\"name\":\"Home\",\"item\":\"https:\/\/sandzakpress.net\/arhiva\/\"},{\"@type\":\"ListItem\",\"position\":2,\"name\":\"Pravda za Novi Pazar\"}]},{\"@type\":\"WebSite\",\"@id\":\"https:\/\/sandzakpress.net\/arhiva\/#website\",\"url\":\"https:\/\/sandzakpress.net\/arhiva\/\",\"name\":\"Sand\u017eak PRESS\",\"description\":\"Prve elektronske novine u Sand\u017eaku\",\"publisher\":{\"@id\":\"https:\/\/sandzakpress.net\/arhiva\/#\/schema\/person\/6e72b67d6e51910a1117b3b483ba20bd\"},\"potentialAction\":[{\"@type\":\"SearchAction\",\"target\":{\"@type\":\"EntryPoint\",\"urlTemplate\":\"https:\/\/sandzakpress.net\/arhiva\/?s={search_term_string}\"},\"query-input\":{\"@type\":\"PropertyValueSpecification\",\"valueRequired\":true,\"valueName\":\"search_term_string\"}}],\"inLanguage\":\"bs-BA\"},{\"@type\":[\"Person\",\"Organization\"],\"@id\":\"https:\/\/sandzakpress.net\/arhiva\/#\/schema\/person\/6e72b67d6e51910a1117b3b483ba20bd\",\"name\":\"Kul\",\"image\":{\"@type\":\"ImageObject\",\"inLanguage\":\"bs-BA\",\"@id\":\"https:\/\/sandzakpress.net\/arhiva\/#\/schema\/person\/image\/\",\"url\":\"https:\/\/secure.gravatar.com\/avatar\/42263f39aa27ac04c43cab85c280eb2e?s=96&d=mm&r=pg\",\"contentUrl\":\"https:\/\/secure.gravatar.com\/avatar\/42263f39aa27ac04c43cab85c280eb2e?s=96&d=mm&r=pg\",\"caption\":\"Kul\"},\"logo\":{\"@id\":\"https:\/\/sandzakpress.net\/arhiva\/#\/schema\/person\/image\/\"}},{\"@type\":\"Person\",\"@id\":\"https:\/\/sandzakpress.net\/arhiva\/#\/schema\/person\/c8baee722073534b583ea7bdb2e36c02\",\"name\":\"bosniak\",\"image\":{\"@type\":\"ImageObject\",\"inLanguage\":\"bs-BA\",\"@id\":\"https:\/\/sandzakpress.net\/arhiva\/#\/schema\/person\/image\/\",\"url\":\"https:\/\/secure.gravatar.com\/avatar\/a04fd330bfe3a36a72a0ad4a6d89fca7?s=96&d=mm&r=pg\",\"contentUrl\":\"https:\/\/secure.gravatar.com\/avatar\/a04fd330bfe3a36a72a0ad4a6d89fca7?s=96&d=mm&r=pg\",\"caption\":\"bosniak\"},\"url\":\"https:\/\/sandzakpress.net\/arhiva\/author\/bosniak\/\"}]}<\/script>\n<!-- \/ Yoast SEO Premium plugin. -->","yoast_head_json":{"title":"Pravda za Novi Pazar","robots":{"index":"index","follow":"follow","max-snippet":"max-snippet:-1","max-image-preview":"max-image-preview:large","max-video-preview":"max-video-preview:-1"},"canonical":"https:\/\/sandzakpress.net\/arhiva\/pravda-za-novi-pazar-2\/","og_locale":"bs_BA","og_type":"article","og_title":"Pravda za Novi Pazar","og_description":"Aleksandar Apostolovski","og_url":"https:\/\/sandzakpress.net\/arhiva\/pravda-za-novi-pazar-2\/","og_site_name":"Sand\u017eak PRESS","article_published_time":"2014-11-27T19:37:31+00:00","og_image":[{"width":700,"height":467,"url":"https:\/\/sandzakpress.net\/arhiva\/wp-content\/uploads\/2014\/11\/10687362_745843252161114_5624779253697686718_o.jpg","type":"image\/jpeg"}],"author":"bosniak","twitter_card":"summary_large_image","twitter_misc":{"Written by":"bosniak","Est. reading time":"3 minute"},"schema":{"@context":"https:\/\/schema.org","@graph":[{"@type":"Article","@id":"https:\/\/sandzakpress.net\/arhiva\/pravda-za-novi-pazar-2\/#article","isPartOf":{"@id":"https:\/\/sandzakpress.net\/arhiva\/pravda-za-novi-pazar-2\/"},"author":{"name":"bosniak","@id":"https:\/\/sandzakpress.net\/arhiva\/#\/schema\/person\/c8baee722073534b583ea7bdb2e36c02"},"headline":"Pravda za Novi Pazar","datePublished":"2014-11-27T19:37:31+00:00","mainEntityOfPage":{"@id":"https:\/\/sandzakpress.net\/arhiva\/pravda-za-novi-pazar-2\/"},"wordCount":516,"commentCount":0,"publisher":{"@id":"https:\/\/sandzakpress.net\/arhiva\/#\/schema\/person\/6e72b67d6e51910a1117b3b483ba20bd"},"image":{"@id":"https:\/\/sandzakpress.net\/arhiva\/pravda-za-novi-pazar-2\/#primaryimage"},"thumbnailUrl":"https:\/\/sandzakpress.net\/arhiva\/wp-content\/uploads\/2014\/11\/10687362_745843252161114_5624779253697686718_o.jpg","keywords":["fk Novi Pazar"],"articleSection":["Novi Pazar","Iz pera na\u0161ih autora"],"inLanguage":"bs-BA","potentialAction":[{"@type":"CommentAction","name":"Comment","target":["https:\/\/sandzakpress.net\/arhiva\/pravda-za-novi-pazar-2\/#respond"]}]},{"@type":"WebPage","@id":"https:\/\/sandzakpress.net\/arhiva\/pravda-za-novi-pazar-2\/","url":"https:\/\/sandzakpress.net\/arhiva\/pravda-za-novi-pazar-2\/","name":"Pravda za Novi Pazar","isPartOf":{"@id":"https:\/\/sandzakpress.net\/arhiva\/#website"},"primaryImageOfPage":{"@id":"https:\/\/sandzakpress.net\/arhiva\/pravda-za-novi-pazar-2\/#primaryimage"},"image":{"@id":"https:\/\/sandzakpress.net\/arhiva\/pravda-za-novi-pazar-2\/#primaryimage"},"thumbnailUrl":"https:\/\/sandzakpress.net\/arhiva\/wp-content\/uploads\/2014\/11\/10687362_745843252161114_5624779253697686718_o.jpg","datePublished":"2014-11-27T19:37:31+00:00","breadcrumb":{"@id":"https:\/\/sandzakpress.net\/arhiva\/pravda-za-novi-pazar-2\/#breadcrumb"},"inLanguage":"bs-BA","potentialAction":[{"@type":"ReadAction","target":["https:\/\/sandzakpress.net\/arhiva\/pravda-za-novi-pazar-2\/"]}]},{"@type":"ImageObject","inLanguage":"bs-BA","@id":"https:\/\/sandzakpress.net\/arhiva\/pravda-za-novi-pazar-2\/#primaryimage","url":"https:\/\/sandzakpress.net\/arhiva\/wp-content\/uploads\/2014\/11\/10687362_745843252161114_5624779253697686718_o.jpg","contentUrl":"https:\/\/sandzakpress.net\/arhiva\/wp-content\/uploads\/2014\/11\/10687362_745843252161114_5624779253697686718_o.jpg","width":700,"height":467},{"@type":"BreadcrumbList","@id":"https:\/\/sandzakpress.net\/arhiva\/pravda-za-novi-pazar-2\/#breadcrumb","itemListElement":[{"@type":"ListItem","position":1,"name":"Home","item":"https:\/\/sandzakpress.net\/arhiva\/"},{"@type":"ListItem","position":2,"name":"Pravda za Novi Pazar"}]},{"@type":"WebSite","@id":"https:\/\/sandzakpress.net\/arhiva\/#website","url":"https:\/\/sandzakpress.net\/arhiva\/","name":"Sand\u017eak PRESS","description":"Prve elektronske novine u Sand\u017eaku","publisher":{"@id":"https:\/\/sandzakpress.net\/arhiva\/#\/schema\/person\/6e72b67d6e51910a1117b3b483ba20bd"},"potentialAction":[{"@type":"SearchAction","target":{"@type":"EntryPoint","urlTemplate":"https:\/\/sandzakpress.net\/arhiva\/?s={search_term_string}"},"query-input":{"@type":"PropertyValueSpecification","valueRequired":true,"valueName":"search_term_string"}}],"inLanguage":"bs-BA"},{"@type":["Person","Organization"],"@id":"https:\/\/sandzakpress.net\/arhiva\/#\/schema\/person\/6e72b67d6e51910a1117b3b483ba20bd","name":"Kul","image":{"@type":"ImageObject","inLanguage":"bs-BA","@id":"https:\/\/sandzakpress.net\/arhiva\/#\/schema\/person\/image\/","url":"https:\/\/secure.gravatar.com\/avatar\/42263f39aa27ac04c43cab85c280eb2e?s=96&d=mm&r=pg","contentUrl":"https:\/\/secure.gravatar.com\/avatar\/42263f39aa27ac04c43cab85c280eb2e?s=96&d=mm&r=pg","caption":"Kul"},"logo":{"@id":"https:\/\/sandzakpress.net\/arhiva\/#\/schema\/person\/image\/"}},{"@type":"Person","@id":"https:\/\/sandzakpress.net\/arhiva\/#\/schema\/person\/c8baee722073534b583ea7bdb2e36c02","name":"bosniak","image":{"@type":"ImageObject","inLanguage":"bs-BA","@id":"https:\/\/sandzakpress.net\/arhiva\/#\/schema\/person\/image\/","url":"https:\/\/secure.gravatar.com\/avatar\/a04fd330bfe3a36a72a0ad4a6d89fca7?s=96&d=mm&r=pg","contentUrl":"https:\/\/secure.gravatar.com\/avatar\/a04fd330bfe3a36a72a0ad4a6d89fca7?s=96&d=mm&r=pg","caption":"bosniak"},"url":"https:\/\/sandzakpress.net\/arhiva\/author\/bosniak\/"}]}},"_links":{"self":[{"href":"https:\/\/sandzakpress.net\/arhiva\/wp-json\/wp\/v2\/posts\/115455"}],"collection":[{"href":"https:\/\/sandzakpress.net\/arhiva\/wp-json\/wp\/v2\/posts"}],"about":[{"href":"https:\/\/sandzakpress.net\/arhiva\/wp-json\/wp\/v2\/types\/post"}],"author":[{"embeddable":true,"href":"https:\/\/sandzakpress.net\/arhiva\/wp-json\/wp\/v2\/users\/83"}],"replies":[{"embeddable":true,"href":"https:\/\/sandzakpress.net\/arhiva\/wp-json\/wp\/v2\/comments?post=115455"}],"version-history":[{"count":0,"href":"https:\/\/sandzakpress.net\/arhiva\/wp-json\/wp\/v2\/posts\/115455\/revisions"}],"wp:featuredmedia":[{"embeddable":true,"href":"https:\/\/sandzakpress.net\/arhiva\/wp-json\/wp\/v2\/media\/115459"}],"wp:attachment":[{"href":"https:\/\/sandzakpress.net\/arhiva\/wp-json\/wp\/v2\/media?parent=115455"}],"wp:term":[{"taxonomy":"category","embeddable":true,"href":"https:\/\/sandzakpress.net\/arhiva\/wp-json\/wp\/v2\/categories?post=115455"},{"taxonomy":"post_tag","embeddable":true,"href":"https:\/\/sandzakpress.net\/arhiva\/wp-json\/wp\/v2\/tags?post=115455"}],"curies":[{"name":"wp","href":"https:\/\/api.w.org\/{rel}","templated":true}]}}