{"id":115408,"date":"2014-11-27T19:24:05","date_gmt":"2014-11-27T18:24:05","guid":{"rendered":"https:\/\/sandzakpress.net\/arhiva\/?p=115408"},"modified":"2014-11-27T19:24:05","modified_gmt":"2014-11-27T18:24:05","slug":"termoelektrana-pljevlja-van-pogona-zbog-zimske-njege","status":"publish","type":"post","link":"https:\/\/sandzakpress.net\/arhiva\/termoelektrana-pljevlja-van-pogona-zbog-zimske-njege\/","title":{"rendered":"Termoelektrana \u201cPljevlja\u201c van pogona zbog \u201ezimske njege\u201c"},"content":{"rendered":"<p><img decoding=\"async\" src=\"http:\/\/pvportal.me\/wp-content\/uploads\/2014\/11\/TE-Pljevlja-770x472.jpg\" alt=\"TE Pljevlja\" \/><\/p>\n<p><strong>Pljevlja &#8211; Termoelektrana Pljevlja je van mre\u017ee od ponedeljka i bi\u0107e, kako je saop\u0161teno iz Elektroprivrede Crne Gore, van mre\u017ee sve do nedjelje 30. novembra. \u201eEnerd\u017ei menad\u017ement TE Pljevlja\u201c odlu\u010dio je , iako je prije sedam dana saop\u0161teno da takozvane \u201eZimske njege\u201c ne\u0107e biti, ipak u\u0111u u takozvani re\u017eim \u201cZimske njege\u201d.<br \/>\n<\/strong><br \/>\nSaop\u0161teno je da je od remonta je prisutan problem u kotlu, pa se ve\u0107 drugi put u ovom mjesecu javlja problem na ekranskoj cijevi u lo\u017ei\u0161tu. U cilju pouzdanijeg rada do kraja godine i tokom zime do\u0161lo se do zaklju\u010dka da je najbolje zaustaviti rad, sanirati uo\u010dene problem u toku ove sedmice kroz re\u017eim \u201cZimske njege\u201d.<\/p>\n<p>Ovi zastoji \u0107e vjerovatno uticati na ostvarenje plana. U kompaniji smatraju da \u0107e plan ipak biti osvaren oko 97 procenata. Ove godine planirano je termoelektrana proizvede million I 400 hiljada megavat sati.<\/p>\n<p>(Pvportal)<\/p>\n","protected":false},"excerpt":{"rendered":"<p>Pljevlja &#8211; Termoelektrana Pljevlja je van mre\u017ee od ponedeljka i bi\u0107e, kako je saop\u0161teno iz Elektroprivrede Crne Gore, van mre\u017ee sve do nedjelje 30. novembra. \u201eEnerd\u017ei menad\u017ement TE Pljevlja\u201c odlu\u010dio je , iako je prije sedam dana saop\u0161teno da takozvane \u201eZimske njege\u201c ne\u0107e biti, ipak u\u0111u u takozvani re\u017eim \u201cZimske njege\u201d. Saop\u0161teno je da je [&hellip;]<\/p>\n","protected":false},"author":83,"featured_media":115409,"comment_status":"open","ping_status":"open","sticky":false,"template":"","format":"standard","meta":{"footnotes":""},"categories":[3,395,798],"tags":[],"class_list":{"0":"post-115408","1":"post","2":"type-post","3":"status-publish","4":"format-standard","5":"has-post-thumbnail","7":"category-privreda","8":"category-pljevlja_","9":"category-teme"},"yoast_head":"<!-- This site is optimized with the Yoast SEO Premium plugin v23.1 (Yoast SEO v24.9) - https:\/\/yoast.com\/wordpress\/plugins\/seo\/ -->\n<title>Termoelektrana \u201cPljevlja\u201c van pogona zbog \u201ezimske njege\u201c<\/title>\n<meta name=\"robots\" content=\"index, follow, max-snippet:-1, max-image-preview:large, max-video-preview:-1\" \/>\n<link rel=\"canonical\" href=\"https:\/\/sandzakpress.net\/arhiva\/termoelektrana-pljevlja-van-pogona-zbog-zimske-njege\/\" \/>\n<meta property=\"og:locale\" content=\"bs_BA\" \/>\n<meta property=\"og:type\" content=\"article\" \/>\n<meta property=\"og:title\" content=\"Termoelektrana \u201cPljevlja\u201c van pogona zbog \u201ezimske njege\u201c\" \/>\n<meta property=\"og:description\" content=\"Pljevlja &#8211; Termoelektrana Pljevlja je van mre\u017ee od ponedeljka i bi\u0107e, kako je saop\u0161teno iz Elektroprivrede Crne Gore, van mre\u017ee sve do nedjelje 30. novembra. \u201eEnerd\u017ei menad\u017ement TE Pljevlja\u201c odlu\u010dio je , iako je prije sedam dana saop\u0161teno da takozvane \u201eZimske njege\u201c ne\u0107e biti, ipak u\u0111u u takozvani re\u017eim \u201cZimske njege\u201d. Saop\u0161teno je da je [&hellip;]\" \/>\n<meta property=\"og:url\" content=\"https:\/\/sandzakpress.net\/arhiva\/termoelektrana-pljevlja-van-pogona-zbog-zimske-njege\/\" \/>\n<meta property=\"og:site_name\" content=\"Sand\u017eak PRESS\" \/>\n<meta property=\"article:published_time\" content=\"2014-11-27T18:24:05+00:00\" \/>\n<meta property=\"og:image\" content=\"https:\/\/sandzakpress.net\/arhiva\/wp-content\/uploads\/2014\/11\/TE-Pljevlja-770x472.jpg\" \/>\n\t<meta property=\"og:image:width\" content=\"770\" \/>\n\t<meta property=\"og:image:height\" content=\"472\" \/>\n\t<meta property=\"og:image:type\" content=\"image\/jpeg\" \/>\n<meta name=\"author\" content=\"bosniak\" \/>\n<meta name=\"twitter:card\" content=\"summary_large_image\" \/>\n<meta name=\"twitter:label1\" content=\"Written by\" \/>\n\t<meta name=\"twitter:data1\" content=\"bosniak\" \/>\n\t<meta name=\"twitter:label2\" content=\"Est. reading time\" \/>\n\t<meta name=\"twitter:data2\" content=\"1 minuta\" \/>\n<script type=\"application\/ld+json\" class=\"yoast-schema-graph\">{\"@context\":\"https:\/\/schema.org\",\"@graph\":[{\"@type\":\"Article\",\"@id\":\"https:\/\/sandzakpress.net\/arhiva\/termoelektrana-pljevlja-van-pogona-zbog-zimske-njege\/#article\",\"isPartOf\":{\"@id\":\"https:\/\/sandzakpress.net\/arhiva\/termoelektrana-pljevlja-van-pogona-zbog-zimske-njege\/\"},\"author\":{\"name\":\"bosniak\",\"@id\":\"https:\/\/sandzakpress.net\/arhiva\/#\/schema\/person\/c8baee722073534b583ea7bdb2e36c02\"},\"headline\":\"Termoelektrana \u201cPljevlja\u201c van pogona zbog \u201ezimske njege\u201c\",\"datePublished\":\"2014-11-27T18:24:05+00:00\",\"mainEntityOfPage\":{\"@id\":\"https:\/\/sandzakpress.net\/arhiva\/termoelektrana-pljevlja-van-pogona-zbog-zimske-njege\/\"},\"wordCount\":161,\"commentCount\":0,\"publisher\":{\"@id\":\"https:\/\/sandzakpress.net\/arhiva\/#\/schema\/person\/6e72b67d6e51910a1117b3b483ba20bd\"},\"image\":{\"@id\":\"https:\/\/sandzakpress.net\/arhiva\/termoelektrana-pljevlja-van-pogona-zbog-zimske-njege\/#primaryimage\"},\"thumbnailUrl\":\"https:\/\/sandzakpress.net\/arhiva\/wp-content\/uploads\/2014\/11\/TE-Pljevlja-770x472.jpg\",\"articleSection\":[\"Privreda\",\"Pljevlja\",\"NAJNOVIJE\"],\"inLanguage\":\"bs-BA\",\"potentialAction\":[{\"@type\":\"CommentAction\",\"name\":\"Comment\",\"target\":[\"https:\/\/sandzakpress.net\/arhiva\/termoelektrana-pljevlja-van-pogona-zbog-zimske-njege\/#respond\"]}]},{\"@type\":\"WebPage\",\"@id\":\"https:\/\/sandzakpress.net\/arhiva\/termoelektrana-pljevlja-van-pogona-zbog-zimske-njege\/\",\"url\":\"https:\/\/sandzakpress.net\/arhiva\/termoelektrana-pljevlja-van-pogona-zbog-zimske-njege\/\",\"name\":\"Termoelektrana \u201cPljevlja\u201c van pogona zbog \u201ezimske njege\u201c\",\"isPartOf\":{\"@id\":\"https:\/\/sandzakpress.net\/arhiva\/#website\"},\"primaryImageOfPage\":{\"@id\":\"https:\/\/sandzakpress.net\/arhiva\/termoelektrana-pljevlja-van-pogona-zbog-zimske-njege\/#primaryimage\"},\"image\":{\"@id\":\"https:\/\/sandzakpress.net\/arhiva\/termoelektrana-pljevlja-van-pogona-zbog-zimske-njege\/#primaryimage\"},\"thumbnailUrl\":\"https:\/\/sandzakpress.net\/arhiva\/wp-content\/uploads\/2014\/11\/TE-Pljevlja-770x472.jpg\",\"datePublished\":\"2014-11-27T18:24:05+00:00\",\"breadcrumb\":{\"@id\":\"https:\/\/sandzakpress.net\/arhiva\/termoelektrana-pljevlja-van-pogona-zbog-zimske-njege\/#breadcrumb\"},\"inLanguage\":\"bs-BA\",\"potentialAction\":[{\"@type\":\"ReadAction\",\"target\":[\"https:\/\/sandzakpress.net\/arhiva\/termoelektrana-pljevlja-van-pogona-zbog-zimske-njege\/\"]}]},{\"@type\":\"ImageObject\",\"inLanguage\":\"bs-BA\",\"@id\":\"https:\/\/sandzakpress.net\/arhiva\/termoelektrana-pljevlja-van-pogona-zbog-zimske-njege\/#primaryimage\",\"url\":\"https:\/\/sandzakpress.net\/arhiva\/wp-content\/uploads\/2014\/11\/TE-Pljevlja-770x472.jpg\",\"contentUrl\":\"https:\/\/sandzakpress.net\/arhiva\/wp-content\/uploads\/2014\/11\/TE-Pljevlja-770x472.jpg\",\"width\":770,\"height\":472},{\"@type\":\"BreadcrumbList\",\"@id\":\"https:\/\/sandzakpress.net\/arhiva\/termoelektrana-pljevlja-van-pogona-zbog-zimske-njege\/#breadcrumb\",\"itemListElement\":[{\"@type\":\"ListItem\",\"position\":1,\"name\":\"Home\",\"item\":\"https:\/\/sandzakpress.net\/arhiva\/\"},{\"@type\":\"ListItem\",\"position\":2,\"name\":\"Termoelektrana \u201cPljevlja\u201c van pogona zbog \u201ezimske njege\u201c\"}]},{\"@type\":\"WebSite\",\"@id\":\"https:\/\/sandzakpress.net\/arhiva\/#website\",\"url\":\"https:\/\/sandzakpress.net\/arhiva\/\",\"name\":\"Sand\u017eak PRESS\",\"description\":\"Prve elektronske novine u Sand\u017eaku\",\"publisher\":{\"@id\":\"https:\/\/sandzakpress.net\/arhiva\/#\/schema\/person\/6e72b67d6e51910a1117b3b483ba20bd\"},\"potentialAction\":[{\"@type\":\"SearchAction\",\"target\":{\"@type\":\"EntryPoint\",\"urlTemplate\":\"https:\/\/sandzakpress.net\/arhiva\/?s={search_term_string}\"},\"query-input\":{\"@type\":\"PropertyValueSpecification\",\"valueRequired\":true,\"valueName\":\"search_term_string\"}}],\"inLanguage\":\"bs-BA\"},{\"@type\":[\"Person\",\"Organization\"],\"@id\":\"https:\/\/sandzakpress.net\/arhiva\/#\/schema\/person\/6e72b67d6e51910a1117b3b483ba20bd\",\"name\":\"Kul\",\"image\":{\"@type\":\"ImageObject\",\"inLanguage\":\"bs-BA\",\"@id\":\"https:\/\/sandzakpress.net\/arhiva\/#\/schema\/person\/image\/\",\"url\":\"https:\/\/secure.gravatar.com\/avatar\/42263f39aa27ac04c43cab85c280eb2e?s=96&d=mm&r=pg\",\"contentUrl\":\"https:\/\/secure.gravatar.com\/avatar\/42263f39aa27ac04c43cab85c280eb2e?s=96&d=mm&r=pg\",\"caption\":\"Kul\"},\"logo\":{\"@id\":\"https:\/\/sandzakpress.net\/arhiva\/#\/schema\/person\/image\/\"}},{\"@type\":\"Person\",\"@id\":\"https:\/\/sandzakpress.net\/arhiva\/#\/schema\/person\/c8baee722073534b583ea7bdb2e36c02\",\"name\":\"bosniak\",\"image\":{\"@type\":\"ImageObject\",\"inLanguage\":\"bs-BA\",\"@id\":\"https:\/\/sandzakpress.net\/arhiva\/#\/schema\/person\/image\/\",\"url\":\"https:\/\/secure.gravatar.com\/avatar\/a04fd330bfe3a36a72a0ad4a6d89fca7?s=96&d=mm&r=pg\",\"contentUrl\":\"https:\/\/secure.gravatar.com\/avatar\/a04fd330bfe3a36a72a0ad4a6d89fca7?s=96&d=mm&r=pg\",\"caption\":\"bosniak\"},\"url\":\"https:\/\/sandzakpress.net\/arhiva\/author\/bosniak\/\"}]}<\/script>\n<!-- \/ Yoast SEO Premium plugin. -->","yoast_head_json":{"title":"Termoelektrana \u201cPljevlja\u201c van pogona zbog \u201ezimske njege\u201c","robots":{"index":"index","follow":"follow","max-snippet":"max-snippet:-1","max-image-preview":"max-image-preview:large","max-video-preview":"max-video-preview:-1"},"canonical":"https:\/\/sandzakpress.net\/arhiva\/termoelektrana-pljevlja-van-pogona-zbog-zimske-njege\/","og_locale":"bs_BA","og_type":"article","og_title":"Termoelektrana \u201cPljevlja\u201c van pogona zbog \u201ezimske njege\u201c","og_description":"Pljevlja &#8211; Termoelektrana Pljevlja je van mre\u017ee od ponedeljka i bi\u0107e, kako je saop\u0161teno iz Elektroprivrede Crne Gore, van mre\u017ee sve do nedjelje 30. novembra. \u201eEnerd\u017ei menad\u017ement TE Pljevlja\u201c odlu\u010dio je , iako je prije sedam dana saop\u0161teno da takozvane \u201eZimske njege\u201c ne\u0107e biti, ipak u\u0111u u takozvani re\u017eim \u201cZimske njege\u201d. Saop\u0161teno je da je [&hellip;]","og_url":"https:\/\/sandzakpress.net\/arhiva\/termoelektrana-pljevlja-van-pogona-zbog-zimske-njege\/","og_site_name":"Sand\u017eak PRESS","article_published_time":"2014-11-27T18:24:05+00:00","og_image":[{"width":770,"height":472,"url":"https:\/\/sandzakpress.net\/arhiva\/wp-content\/uploads\/2014\/11\/TE-Pljevlja-770x472.jpg","type":"image\/jpeg"}],"author":"bosniak","twitter_card":"summary_large_image","twitter_misc":{"Written by":"bosniak","Est. reading time":"1 minuta"},"schema":{"@context":"https:\/\/schema.org","@graph":[{"@type":"Article","@id":"https:\/\/sandzakpress.net\/arhiva\/termoelektrana-pljevlja-van-pogona-zbog-zimske-njege\/#article","isPartOf":{"@id":"https:\/\/sandzakpress.net\/arhiva\/termoelektrana-pljevlja-van-pogona-zbog-zimske-njege\/"},"author":{"name":"bosniak","@id":"https:\/\/sandzakpress.net\/arhiva\/#\/schema\/person\/c8baee722073534b583ea7bdb2e36c02"},"headline":"Termoelektrana \u201cPljevlja\u201c van pogona zbog \u201ezimske njege\u201c","datePublished":"2014-11-27T18:24:05+00:00","mainEntityOfPage":{"@id":"https:\/\/sandzakpress.net\/arhiva\/termoelektrana-pljevlja-van-pogona-zbog-zimske-njege\/"},"wordCount":161,"commentCount":0,"publisher":{"@id":"https:\/\/sandzakpress.net\/arhiva\/#\/schema\/person\/6e72b67d6e51910a1117b3b483ba20bd"},"image":{"@id":"https:\/\/sandzakpress.net\/arhiva\/termoelektrana-pljevlja-van-pogona-zbog-zimske-njege\/#primaryimage"},"thumbnailUrl":"https:\/\/sandzakpress.net\/arhiva\/wp-content\/uploads\/2014\/11\/TE-Pljevlja-770x472.jpg","articleSection":["Privreda","Pljevlja","NAJNOVIJE"],"inLanguage":"bs-BA","potentialAction":[{"@type":"CommentAction","name":"Comment","target":["https:\/\/sandzakpress.net\/arhiva\/termoelektrana-pljevlja-van-pogona-zbog-zimske-njege\/#respond"]}]},{"@type":"WebPage","@id":"https:\/\/sandzakpress.net\/arhiva\/termoelektrana-pljevlja-van-pogona-zbog-zimske-njege\/","url":"https:\/\/sandzakpress.net\/arhiva\/termoelektrana-pljevlja-van-pogona-zbog-zimske-njege\/","name":"Termoelektrana \u201cPljevlja\u201c van pogona zbog \u201ezimske njege\u201c","isPartOf":{"@id":"https:\/\/sandzakpress.net\/arhiva\/#website"},"primaryImageOfPage":{"@id":"https:\/\/sandzakpress.net\/arhiva\/termoelektrana-pljevlja-van-pogona-zbog-zimske-njege\/#primaryimage"},"image":{"@id":"https:\/\/sandzakpress.net\/arhiva\/termoelektrana-pljevlja-van-pogona-zbog-zimske-njege\/#primaryimage"},"thumbnailUrl":"https:\/\/sandzakpress.net\/arhiva\/wp-content\/uploads\/2014\/11\/TE-Pljevlja-770x472.jpg","datePublished":"2014-11-27T18:24:05+00:00","breadcrumb":{"@id":"https:\/\/sandzakpress.net\/arhiva\/termoelektrana-pljevlja-van-pogona-zbog-zimske-njege\/#breadcrumb"},"inLanguage":"bs-BA","potentialAction":[{"@type":"ReadAction","target":["https:\/\/sandzakpress.net\/arhiva\/termoelektrana-pljevlja-van-pogona-zbog-zimske-njege\/"]}]},{"@type":"ImageObject","inLanguage":"bs-BA","@id":"https:\/\/sandzakpress.net\/arhiva\/termoelektrana-pljevlja-van-pogona-zbog-zimske-njege\/#primaryimage","url":"https:\/\/sandzakpress.net\/arhiva\/wp-content\/uploads\/2014\/11\/TE-Pljevlja-770x472.jpg","contentUrl":"https:\/\/sandzakpress.net\/arhiva\/wp-content\/uploads\/2014\/11\/TE-Pljevlja-770x472.jpg","width":770,"height":472},{"@type":"BreadcrumbList","@id":"https:\/\/sandzakpress.net\/arhiva\/termoelektrana-pljevlja-van-pogona-zbog-zimske-njege\/#breadcrumb","itemListElement":[{"@type":"ListItem","position":1,"name":"Home","item":"https:\/\/sandzakpress.net\/arhiva\/"},{"@type":"ListItem","position":2,"name":"Termoelektrana \u201cPljevlja\u201c van pogona zbog \u201ezimske njege\u201c"}]},{"@type":"WebSite","@id":"https:\/\/sandzakpress.net\/arhiva\/#website","url":"https:\/\/sandzakpress.net\/arhiva\/","name":"Sand\u017eak PRESS","description":"Prve elektronske novine u Sand\u017eaku","publisher":{"@id":"https:\/\/sandzakpress.net\/arhiva\/#\/schema\/person\/6e72b67d6e51910a1117b3b483ba20bd"},"potentialAction":[{"@type":"SearchAction","target":{"@type":"EntryPoint","urlTemplate":"https:\/\/sandzakpress.net\/arhiva\/?s={search_term_string}"},"query-input":{"@type":"PropertyValueSpecification","valueRequired":true,"valueName":"search_term_string"}}],"inLanguage":"bs-BA"},{"@type":["Person","Organization"],"@id":"https:\/\/sandzakpress.net\/arhiva\/#\/schema\/person\/6e72b67d6e51910a1117b3b483ba20bd","name":"Kul","image":{"@type":"ImageObject","inLanguage":"bs-BA","@id":"https:\/\/sandzakpress.net\/arhiva\/#\/schema\/person\/image\/","url":"https:\/\/secure.gravatar.com\/avatar\/42263f39aa27ac04c43cab85c280eb2e?s=96&d=mm&r=pg","contentUrl":"https:\/\/secure.gravatar.com\/avatar\/42263f39aa27ac04c43cab85c280eb2e?s=96&d=mm&r=pg","caption":"Kul"},"logo":{"@id":"https:\/\/sandzakpress.net\/arhiva\/#\/schema\/person\/image\/"}},{"@type":"Person","@id":"https:\/\/sandzakpress.net\/arhiva\/#\/schema\/person\/c8baee722073534b583ea7bdb2e36c02","name":"bosniak","image":{"@type":"ImageObject","inLanguage":"bs-BA","@id":"https:\/\/sandzakpress.net\/arhiva\/#\/schema\/person\/image\/","url":"https:\/\/secure.gravatar.com\/avatar\/a04fd330bfe3a36a72a0ad4a6d89fca7?s=96&d=mm&r=pg","contentUrl":"https:\/\/secure.gravatar.com\/avatar\/a04fd330bfe3a36a72a0ad4a6d89fca7?s=96&d=mm&r=pg","caption":"bosniak"},"url":"https:\/\/sandzakpress.net\/arhiva\/author\/bosniak\/"}]}},"_links":{"self":[{"href":"https:\/\/sandzakpress.net\/arhiva\/wp-json\/wp\/v2\/posts\/115408"}],"collection":[{"href":"https:\/\/sandzakpress.net\/arhiva\/wp-json\/wp\/v2\/posts"}],"about":[{"href":"https:\/\/sandzakpress.net\/arhiva\/wp-json\/wp\/v2\/types\/post"}],"author":[{"embeddable":true,"href":"https:\/\/sandzakpress.net\/arhiva\/wp-json\/wp\/v2\/users\/83"}],"replies":[{"embeddable":true,"href":"https:\/\/sandzakpress.net\/arhiva\/wp-json\/wp\/v2\/comments?post=115408"}],"version-history":[{"count":0,"href":"https:\/\/sandzakpress.net\/arhiva\/wp-json\/wp\/v2\/posts\/115408\/revisions"}],"wp:featuredmedia":[{"embeddable":true,"href":"https:\/\/sandzakpress.net\/arhiva\/wp-json\/wp\/v2\/media\/115409"}],"wp:attachment":[{"href":"https:\/\/sandzakpress.net\/arhiva\/wp-json\/wp\/v2\/media?parent=115408"}],"wp:term":[{"taxonomy":"category","embeddable":true,"href":"https:\/\/sandzakpress.net\/arhiva\/wp-json\/wp\/v2\/categories?post=115408"},{"taxonomy":"post_tag","embeddable":true,"href":"https:\/\/sandzakpress.net\/arhiva\/wp-json\/wp\/v2\/tags?post=115408"}],"curies":[{"name":"wp","href":"https:\/\/api.w.org\/{rel}","templated":true}]}}