{"id":115359,"date":"2014-11-27T16:54:42","date_gmt":"2014-11-27T15:54:42","guid":{"rendered":"https:\/\/sandzakpress.net\/arhiva\/?p=115359"},"modified":"2014-11-27T16:54:42","modified_gmt":"2014-11-27T15:54:42","slug":"nastavak-saradnje-sa-kfw-i-nacrt-budzeta-za-2015-na-dnevnom-redu-vijeca","status":"publish","type":"post","link":"https:\/\/sandzakpress.net\/arhiva\/nastavak-saradnje-sa-kfw-i-nacrt-budzeta-za-2015-na-dnevnom-redu-vijeca\/","title":{"rendered":"Nastavak saradnje sa KFW i nacrt bud\u017eeta za 2015. na dnevnom redu Vije\u0107a"},"content":{"rendered":"<p><img decoding=\"async\" src=\"http:\/\/rtvnp.rs\/images\/stories\/nastavak_saradnje_sa_kfw_i_nacrt_budzeta_za_2015_na_dnevnom_redu_veca.jpg\" alt=\"\" \/><\/p>\n<p><strong>Novi Pazar &#8211; Tre\u0107i rebalans bud\u017eeta za teku\u0107u 2014. godinu i nacrt odluke bud\u017eeta za 2015. godinu, u te\u017ei\u0161tu su odr\u017eane 29. sjednice Gradskog ve\u0107a grada Novog Pazara.<br \/>\n<\/strong><br \/>\nBud\u017eet za narednu godinu, prema rije\u010dima Munira Poturka podrazumeva potpuno nov, projektni sistem raspore\u0111ivanja sredstava \u0161to je u izvesnoj mjeri nepoznanica ne samo za grad ve\u0107 i za \u010ditavu Republiku.<\/p>\n<p>\u201eOno \u0161to nas u pogledu definisanja bud\u017eeta za 2015. godinu razlikuje od drugih lokalnih zajednica jeste ozbiljan i dugoro\u010dan pristup njegovom definisanju. Uz podr\u0161ku Stalne konferencije gradova i op\u0161tina definisana je dobra finansijska konstrukcija, a ovakav bud\u017eet doprinosi stabilizaciji ekonomskih prilika u zajednici\u201c, rekao je Poturak.<\/p>\n<p>\u010clanovi Ve\u0107a usvojili su zahtjev Ministarstva energetike i rudarstva za realizaciju projekta kori\u0161\u0107enja obnovljivih izvora energije, odnosno biomase. Rije\u010d je o izuzetno vrijednom projektu koji \u0107e se kako je pojasnio \u010dlan Gradskog ve\u0107a Erviin \u010ca\u0161i\u0107, realizovati u partnerstvu sa njema\u010dkim KFW.<\/p>\n<p>\u201eSem Novog Pazara, projektom vrijednim oko petnaest miliona eura je obuhva\u0107eno jo\u0161 svega nekoliko gradova u Srbiji. Prelaskom na potpuno nov sistem grejanja ova usluga \u0107e biti jeftinija \u010dime se smanjuju tro\u0161kovi gra\u0111ana kao kranjih korisnika. Kvalitet same usluge je, uz odre\u0111ene rekonstrukcije sistema same Gradske toplane, daleko bolji od postoje\u0107eg\u201c.<\/p>\n<p>(Rtvnp)<\/p>\n","protected":false},"excerpt":{"rendered":"<p>Novi Pazar &#8211; Tre\u0107i rebalans bud\u017eeta za teku\u0107u 2014. godinu i nacrt odluke bud\u017eeta za 2015. godinu, u te\u017ei\u0161tu su odr\u017eane 29. sjednice Gradskog ve\u0107a grada Novog Pazara. Bud\u017eet za narednu godinu, prema rije\u010dima Munira Poturka podrazumeva potpuno nov, projektni sistem raspore\u0111ivanja sredstava \u0161to je u izvesnoj mjeri nepoznanica ne samo za grad ve\u0107 i [&hellip;]<\/p>\n","protected":false},"author":83,"featured_media":115360,"comment_status":"open","ping_status":"open","sticky":false,"template":"","format":"standard","meta":{"footnotes":""},"categories":[72,1,798,10193],"tags":[],"class_list":{"0":"post-115359","1":"post","2":"type-post","3":"status-publish","4":"format-standard","5":"has-post-thumbnail","7":"category-novi-pazar","8":"category-politika","9":"category-teme","10":"category-sandzak-2"},"yoast_head":"<!-- This site is optimized with the Yoast SEO Premium plugin v23.1 (Yoast SEO v24.9) - https:\/\/yoast.com\/wordpress\/plugins\/seo\/ -->\n<title>Nastavak saradnje sa KFW i nacrt bud\u017eeta za 2015. na dnevnom redu Vije\u0107a<\/title>\n<meta name=\"robots\" content=\"index, follow, max-snippet:-1, max-image-preview:large, max-video-preview:-1\" \/>\n<link rel=\"canonical\" href=\"https:\/\/sandzakpress.net\/arhiva\/nastavak-saradnje-sa-kfw-i-nacrt-budzeta-za-2015-na-dnevnom-redu-vijeca\/\" \/>\n<meta property=\"og:locale\" content=\"bs_BA\" \/>\n<meta property=\"og:type\" content=\"article\" \/>\n<meta property=\"og:title\" content=\"Nastavak saradnje sa KFW i nacrt bud\u017eeta za 2015. na dnevnom redu Vije\u0107a\" \/>\n<meta property=\"og:description\" content=\"Novi Pazar &#8211; Tre\u0107i rebalans bud\u017eeta za teku\u0107u 2014. godinu i nacrt odluke bud\u017eeta za 2015. godinu, u te\u017ei\u0161tu su odr\u017eane 29. sjednice Gradskog ve\u0107a grada Novog Pazara. Bud\u017eet za narednu godinu, prema rije\u010dima Munira Poturka podrazumeva potpuno nov, projektni sistem raspore\u0111ivanja sredstava \u0161to je u izvesnoj mjeri nepoznanica ne samo za grad ve\u0107 i [&hellip;]\" \/>\n<meta property=\"og:url\" content=\"https:\/\/sandzakpress.net\/arhiva\/nastavak-saradnje-sa-kfw-i-nacrt-budzeta-za-2015-na-dnevnom-redu-vijeca\/\" \/>\n<meta property=\"og:site_name\" content=\"Sand\u017eak PRESS\" \/>\n<meta property=\"article:published_time\" content=\"2014-11-27T15:54:42+00:00\" \/>\n<meta property=\"og:image\" content=\"https:\/\/sandzakpress.net\/arhiva\/wp-content\/uploads\/2014\/11\/nastavak_saradnje_sa_kfw_i_nacrt_budzeta_za_2015_na_dnevnom_redu_veca.jpg\" \/>\n\t<meta property=\"og:image:width\" content=\"500\" \/>\n\t<meta property=\"og:image:height\" content=\"314\" \/>\n\t<meta property=\"og:image:type\" content=\"image\/jpeg\" \/>\n<meta name=\"author\" content=\"bosniak\" \/>\n<meta name=\"twitter:card\" content=\"summary_large_image\" \/>\n<meta name=\"twitter:label1\" content=\"Written by\" \/>\n\t<meta name=\"twitter:data1\" content=\"bosniak\" \/>\n\t<meta name=\"twitter:label2\" content=\"Est. reading time\" \/>\n\t<meta name=\"twitter:data2\" content=\"1 minuta\" \/>\n<script type=\"application\/ld+json\" class=\"yoast-schema-graph\">{\"@context\":\"https:\/\/schema.org\",\"@graph\":[{\"@type\":\"Article\",\"@id\":\"https:\/\/sandzakpress.net\/arhiva\/nastavak-saradnje-sa-kfw-i-nacrt-budzeta-za-2015-na-dnevnom-redu-vijeca\/#article\",\"isPartOf\":{\"@id\":\"https:\/\/sandzakpress.net\/arhiva\/nastavak-saradnje-sa-kfw-i-nacrt-budzeta-za-2015-na-dnevnom-redu-vijeca\/\"},\"author\":{\"name\":\"bosniak\",\"@id\":\"https:\/\/sandzakpress.net\/arhiva\/#\/schema\/person\/c8baee722073534b583ea7bdb2e36c02\"},\"headline\":\"Nastavak saradnje sa KFW i nacrt bud\u017eeta za 2015. na dnevnom redu Vije\u0107a\",\"datePublished\":\"2014-11-27T15:54:42+00:00\",\"mainEntityOfPage\":{\"@id\":\"https:\/\/sandzakpress.net\/arhiva\/nastavak-saradnje-sa-kfw-i-nacrt-budzeta-za-2015-na-dnevnom-redu-vijeca\/\"},\"wordCount\":233,\"commentCount\":0,\"publisher\":{\"@id\":\"https:\/\/sandzakpress.net\/arhiva\/#\/schema\/person\/6e72b67d6e51910a1117b3b483ba20bd\"},\"image\":{\"@id\":\"https:\/\/sandzakpress.net\/arhiva\/nastavak-saradnje-sa-kfw-i-nacrt-budzeta-za-2015-na-dnevnom-redu-vijeca\/#primaryimage\"},\"thumbnailUrl\":\"https:\/\/sandzakpress.net\/arhiva\/wp-content\/uploads\/2014\/11\/nastavak_saradnje_sa_kfw_i_nacrt_budzeta_za_2015_na_dnevnom_redu_veca.jpg\",\"articleSection\":[\"Novi Pazar\",\"Politika\",\"NAJNOVIJE\",\"Sand\u017eak\"],\"inLanguage\":\"bs-BA\",\"potentialAction\":[{\"@type\":\"CommentAction\",\"name\":\"Comment\",\"target\":[\"https:\/\/sandzakpress.net\/arhiva\/nastavak-saradnje-sa-kfw-i-nacrt-budzeta-za-2015-na-dnevnom-redu-vijeca\/#respond\"]}]},{\"@type\":\"WebPage\",\"@id\":\"https:\/\/sandzakpress.net\/arhiva\/nastavak-saradnje-sa-kfw-i-nacrt-budzeta-za-2015-na-dnevnom-redu-vijeca\/\",\"url\":\"https:\/\/sandzakpress.net\/arhiva\/nastavak-saradnje-sa-kfw-i-nacrt-budzeta-za-2015-na-dnevnom-redu-vijeca\/\",\"name\":\"Nastavak saradnje sa KFW i nacrt bud\u017eeta za 2015. na dnevnom redu Vije\u0107a\",\"isPartOf\":{\"@id\":\"https:\/\/sandzakpress.net\/arhiva\/#website\"},\"primaryImageOfPage\":{\"@id\":\"https:\/\/sandzakpress.net\/arhiva\/nastavak-saradnje-sa-kfw-i-nacrt-budzeta-za-2015-na-dnevnom-redu-vijeca\/#primaryimage\"},\"image\":{\"@id\":\"https:\/\/sandzakpress.net\/arhiva\/nastavak-saradnje-sa-kfw-i-nacrt-budzeta-za-2015-na-dnevnom-redu-vijeca\/#primaryimage\"},\"thumbnailUrl\":\"https:\/\/sandzakpress.net\/arhiva\/wp-content\/uploads\/2014\/11\/nastavak_saradnje_sa_kfw_i_nacrt_budzeta_za_2015_na_dnevnom_redu_veca.jpg\",\"datePublished\":\"2014-11-27T15:54:42+00:00\",\"breadcrumb\":{\"@id\":\"https:\/\/sandzakpress.net\/arhiva\/nastavak-saradnje-sa-kfw-i-nacrt-budzeta-za-2015-na-dnevnom-redu-vijeca\/#breadcrumb\"},\"inLanguage\":\"bs-BA\",\"potentialAction\":[{\"@type\":\"ReadAction\",\"target\":[\"https:\/\/sandzakpress.net\/arhiva\/nastavak-saradnje-sa-kfw-i-nacrt-budzeta-za-2015-na-dnevnom-redu-vijeca\/\"]}]},{\"@type\":\"ImageObject\",\"inLanguage\":\"bs-BA\",\"@id\":\"https:\/\/sandzakpress.net\/arhiva\/nastavak-saradnje-sa-kfw-i-nacrt-budzeta-za-2015-na-dnevnom-redu-vijeca\/#primaryimage\",\"url\":\"https:\/\/sandzakpress.net\/arhiva\/wp-content\/uploads\/2014\/11\/nastavak_saradnje_sa_kfw_i_nacrt_budzeta_za_2015_na_dnevnom_redu_veca.jpg\",\"contentUrl\":\"https:\/\/sandzakpress.net\/arhiva\/wp-content\/uploads\/2014\/11\/nastavak_saradnje_sa_kfw_i_nacrt_budzeta_za_2015_na_dnevnom_redu_veca.jpg\",\"width\":500,\"height\":314},{\"@type\":\"BreadcrumbList\",\"@id\":\"https:\/\/sandzakpress.net\/arhiva\/nastavak-saradnje-sa-kfw-i-nacrt-budzeta-za-2015-na-dnevnom-redu-vijeca\/#breadcrumb\",\"itemListElement\":[{\"@type\":\"ListItem\",\"position\":1,\"name\":\"Home\",\"item\":\"https:\/\/sandzakpress.net\/arhiva\/\"},{\"@type\":\"ListItem\",\"position\":2,\"name\":\"Nastavak saradnje sa KFW i nacrt bud\u017eeta za 2015. na dnevnom redu Vije\u0107a\"}]},{\"@type\":\"WebSite\",\"@id\":\"https:\/\/sandzakpress.net\/arhiva\/#website\",\"url\":\"https:\/\/sandzakpress.net\/arhiva\/\",\"name\":\"Sand\u017eak PRESS\",\"description\":\"Prve elektronske novine u Sand\u017eaku\",\"publisher\":{\"@id\":\"https:\/\/sandzakpress.net\/arhiva\/#\/schema\/person\/6e72b67d6e51910a1117b3b483ba20bd\"},\"potentialAction\":[{\"@type\":\"SearchAction\",\"target\":{\"@type\":\"EntryPoint\",\"urlTemplate\":\"https:\/\/sandzakpress.net\/arhiva\/?s={search_term_string}\"},\"query-input\":{\"@type\":\"PropertyValueSpecification\",\"valueRequired\":true,\"valueName\":\"search_term_string\"}}],\"inLanguage\":\"bs-BA\"},{\"@type\":[\"Person\",\"Organization\"],\"@id\":\"https:\/\/sandzakpress.net\/arhiva\/#\/schema\/person\/6e72b67d6e51910a1117b3b483ba20bd\",\"name\":\"Kul\",\"image\":{\"@type\":\"ImageObject\",\"inLanguage\":\"bs-BA\",\"@id\":\"https:\/\/sandzakpress.net\/arhiva\/#\/schema\/person\/image\/\",\"url\":\"https:\/\/secure.gravatar.com\/avatar\/42263f39aa27ac04c43cab85c280eb2e?s=96&d=mm&r=pg\",\"contentUrl\":\"https:\/\/secure.gravatar.com\/avatar\/42263f39aa27ac04c43cab85c280eb2e?s=96&d=mm&r=pg\",\"caption\":\"Kul\"},\"logo\":{\"@id\":\"https:\/\/sandzakpress.net\/arhiva\/#\/schema\/person\/image\/\"}},{\"@type\":\"Person\",\"@id\":\"https:\/\/sandzakpress.net\/arhiva\/#\/schema\/person\/c8baee722073534b583ea7bdb2e36c02\",\"name\":\"bosniak\",\"image\":{\"@type\":\"ImageObject\",\"inLanguage\":\"bs-BA\",\"@id\":\"https:\/\/sandzakpress.net\/arhiva\/#\/schema\/person\/image\/\",\"url\":\"https:\/\/secure.gravatar.com\/avatar\/a04fd330bfe3a36a72a0ad4a6d89fca7?s=96&d=mm&r=pg\",\"contentUrl\":\"https:\/\/secure.gravatar.com\/avatar\/a04fd330bfe3a36a72a0ad4a6d89fca7?s=96&d=mm&r=pg\",\"caption\":\"bosniak\"},\"url\":\"https:\/\/sandzakpress.net\/arhiva\/author\/bosniak\/\"}]}<\/script>\n<!-- \/ Yoast SEO Premium plugin. -->","yoast_head_json":{"title":"Nastavak saradnje sa KFW i nacrt bud\u017eeta za 2015. na dnevnom redu Vije\u0107a","robots":{"index":"index","follow":"follow","max-snippet":"max-snippet:-1","max-image-preview":"max-image-preview:large","max-video-preview":"max-video-preview:-1"},"canonical":"https:\/\/sandzakpress.net\/arhiva\/nastavak-saradnje-sa-kfw-i-nacrt-budzeta-za-2015-na-dnevnom-redu-vijeca\/","og_locale":"bs_BA","og_type":"article","og_title":"Nastavak saradnje sa KFW i nacrt bud\u017eeta za 2015. na dnevnom redu Vije\u0107a","og_description":"Novi Pazar &#8211; Tre\u0107i rebalans bud\u017eeta za teku\u0107u 2014. godinu i nacrt odluke bud\u017eeta za 2015. godinu, u te\u017ei\u0161tu su odr\u017eane 29. sjednice Gradskog ve\u0107a grada Novog Pazara. Bud\u017eet za narednu godinu, prema rije\u010dima Munira Poturka podrazumeva potpuno nov, projektni sistem raspore\u0111ivanja sredstava \u0161to je u izvesnoj mjeri nepoznanica ne samo za grad ve\u0107 i [&hellip;]","og_url":"https:\/\/sandzakpress.net\/arhiva\/nastavak-saradnje-sa-kfw-i-nacrt-budzeta-za-2015-na-dnevnom-redu-vijeca\/","og_site_name":"Sand\u017eak PRESS","article_published_time":"2014-11-27T15:54:42+00:00","og_image":[{"width":500,"height":314,"url":"https:\/\/sandzakpress.net\/arhiva\/wp-content\/uploads\/2014\/11\/nastavak_saradnje_sa_kfw_i_nacrt_budzeta_za_2015_na_dnevnom_redu_veca.jpg","type":"image\/jpeg"}],"author":"bosniak","twitter_card":"summary_large_image","twitter_misc":{"Written by":"bosniak","Est. reading time":"1 minuta"},"schema":{"@context":"https:\/\/schema.org","@graph":[{"@type":"Article","@id":"https:\/\/sandzakpress.net\/arhiva\/nastavak-saradnje-sa-kfw-i-nacrt-budzeta-za-2015-na-dnevnom-redu-vijeca\/#article","isPartOf":{"@id":"https:\/\/sandzakpress.net\/arhiva\/nastavak-saradnje-sa-kfw-i-nacrt-budzeta-za-2015-na-dnevnom-redu-vijeca\/"},"author":{"name":"bosniak","@id":"https:\/\/sandzakpress.net\/arhiva\/#\/schema\/person\/c8baee722073534b583ea7bdb2e36c02"},"headline":"Nastavak saradnje sa KFW i nacrt bud\u017eeta za 2015. na dnevnom redu Vije\u0107a","datePublished":"2014-11-27T15:54:42+00:00","mainEntityOfPage":{"@id":"https:\/\/sandzakpress.net\/arhiva\/nastavak-saradnje-sa-kfw-i-nacrt-budzeta-za-2015-na-dnevnom-redu-vijeca\/"},"wordCount":233,"commentCount":0,"publisher":{"@id":"https:\/\/sandzakpress.net\/arhiva\/#\/schema\/person\/6e72b67d6e51910a1117b3b483ba20bd"},"image":{"@id":"https:\/\/sandzakpress.net\/arhiva\/nastavak-saradnje-sa-kfw-i-nacrt-budzeta-za-2015-na-dnevnom-redu-vijeca\/#primaryimage"},"thumbnailUrl":"https:\/\/sandzakpress.net\/arhiva\/wp-content\/uploads\/2014\/11\/nastavak_saradnje_sa_kfw_i_nacrt_budzeta_za_2015_na_dnevnom_redu_veca.jpg","articleSection":["Novi Pazar","Politika","NAJNOVIJE","Sand\u017eak"],"inLanguage":"bs-BA","potentialAction":[{"@type":"CommentAction","name":"Comment","target":["https:\/\/sandzakpress.net\/arhiva\/nastavak-saradnje-sa-kfw-i-nacrt-budzeta-za-2015-na-dnevnom-redu-vijeca\/#respond"]}]},{"@type":"WebPage","@id":"https:\/\/sandzakpress.net\/arhiva\/nastavak-saradnje-sa-kfw-i-nacrt-budzeta-za-2015-na-dnevnom-redu-vijeca\/","url":"https:\/\/sandzakpress.net\/arhiva\/nastavak-saradnje-sa-kfw-i-nacrt-budzeta-za-2015-na-dnevnom-redu-vijeca\/","name":"Nastavak saradnje sa KFW i nacrt bud\u017eeta za 2015. na dnevnom redu Vije\u0107a","isPartOf":{"@id":"https:\/\/sandzakpress.net\/arhiva\/#website"},"primaryImageOfPage":{"@id":"https:\/\/sandzakpress.net\/arhiva\/nastavak-saradnje-sa-kfw-i-nacrt-budzeta-za-2015-na-dnevnom-redu-vijeca\/#primaryimage"},"image":{"@id":"https:\/\/sandzakpress.net\/arhiva\/nastavak-saradnje-sa-kfw-i-nacrt-budzeta-za-2015-na-dnevnom-redu-vijeca\/#primaryimage"},"thumbnailUrl":"https:\/\/sandzakpress.net\/arhiva\/wp-content\/uploads\/2014\/11\/nastavak_saradnje_sa_kfw_i_nacrt_budzeta_za_2015_na_dnevnom_redu_veca.jpg","datePublished":"2014-11-27T15:54:42+00:00","breadcrumb":{"@id":"https:\/\/sandzakpress.net\/arhiva\/nastavak-saradnje-sa-kfw-i-nacrt-budzeta-za-2015-na-dnevnom-redu-vijeca\/#breadcrumb"},"inLanguage":"bs-BA","potentialAction":[{"@type":"ReadAction","target":["https:\/\/sandzakpress.net\/arhiva\/nastavak-saradnje-sa-kfw-i-nacrt-budzeta-za-2015-na-dnevnom-redu-vijeca\/"]}]},{"@type":"ImageObject","inLanguage":"bs-BA","@id":"https:\/\/sandzakpress.net\/arhiva\/nastavak-saradnje-sa-kfw-i-nacrt-budzeta-za-2015-na-dnevnom-redu-vijeca\/#primaryimage","url":"https:\/\/sandzakpress.net\/arhiva\/wp-content\/uploads\/2014\/11\/nastavak_saradnje_sa_kfw_i_nacrt_budzeta_za_2015_na_dnevnom_redu_veca.jpg","contentUrl":"https:\/\/sandzakpress.net\/arhiva\/wp-content\/uploads\/2014\/11\/nastavak_saradnje_sa_kfw_i_nacrt_budzeta_za_2015_na_dnevnom_redu_veca.jpg","width":500,"height":314},{"@type":"BreadcrumbList","@id":"https:\/\/sandzakpress.net\/arhiva\/nastavak-saradnje-sa-kfw-i-nacrt-budzeta-za-2015-na-dnevnom-redu-vijeca\/#breadcrumb","itemListElement":[{"@type":"ListItem","position":1,"name":"Home","item":"https:\/\/sandzakpress.net\/arhiva\/"},{"@type":"ListItem","position":2,"name":"Nastavak saradnje sa KFW i nacrt bud\u017eeta za 2015. na dnevnom redu Vije\u0107a"}]},{"@type":"WebSite","@id":"https:\/\/sandzakpress.net\/arhiva\/#website","url":"https:\/\/sandzakpress.net\/arhiva\/","name":"Sand\u017eak PRESS","description":"Prve elektronske novine u Sand\u017eaku","publisher":{"@id":"https:\/\/sandzakpress.net\/arhiva\/#\/schema\/person\/6e72b67d6e51910a1117b3b483ba20bd"},"potentialAction":[{"@type":"SearchAction","target":{"@type":"EntryPoint","urlTemplate":"https:\/\/sandzakpress.net\/arhiva\/?s={search_term_string}"},"query-input":{"@type":"PropertyValueSpecification","valueRequired":true,"valueName":"search_term_string"}}],"inLanguage":"bs-BA"},{"@type":["Person","Organization"],"@id":"https:\/\/sandzakpress.net\/arhiva\/#\/schema\/person\/6e72b67d6e51910a1117b3b483ba20bd","name":"Kul","image":{"@type":"ImageObject","inLanguage":"bs-BA","@id":"https:\/\/sandzakpress.net\/arhiva\/#\/schema\/person\/image\/","url":"https:\/\/secure.gravatar.com\/avatar\/42263f39aa27ac04c43cab85c280eb2e?s=96&d=mm&r=pg","contentUrl":"https:\/\/secure.gravatar.com\/avatar\/42263f39aa27ac04c43cab85c280eb2e?s=96&d=mm&r=pg","caption":"Kul"},"logo":{"@id":"https:\/\/sandzakpress.net\/arhiva\/#\/schema\/person\/image\/"}},{"@type":"Person","@id":"https:\/\/sandzakpress.net\/arhiva\/#\/schema\/person\/c8baee722073534b583ea7bdb2e36c02","name":"bosniak","image":{"@type":"ImageObject","inLanguage":"bs-BA","@id":"https:\/\/sandzakpress.net\/arhiva\/#\/schema\/person\/image\/","url":"https:\/\/secure.gravatar.com\/avatar\/a04fd330bfe3a36a72a0ad4a6d89fca7?s=96&d=mm&r=pg","contentUrl":"https:\/\/secure.gravatar.com\/avatar\/a04fd330bfe3a36a72a0ad4a6d89fca7?s=96&d=mm&r=pg","caption":"bosniak"},"url":"https:\/\/sandzakpress.net\/arhiva\/author\/bosniak\/"}]}},"_links":{"self":[{"href":"https:\/\/sandzakpress.net\/arhiva\/wp-json\/wp\/v2\/posts\/115359"}],"collection":[{"href":"https:\/\/sandzakpress.net\/arhiva\/wp-json\/wp\/v2\/posts"}],"about":[{"href":"https:\/\/sandzakpress.net\/arhiva\/wp-json\/wp\/v2\/types\/post"}],"author":[{"embeddable":true,"href":"https:\/\/sandzakpress.net\/arhiva\/wp-json\/wp\/v2\/users\/83"}],"replies":[{"embeddable":true,"href":"https:\/\/sandzakpress.net\/arhiva\/wp-json\/wp\/v2\/comments?post=115359"}],"version-history":[{"count":0,"href":"https:\/\/sandzakpress.net\/arhiva\/wp-json\/wp\/v2\/posts\/115359\/revisions"}],"wp:featuredmedia":[{"embeddable":true,"href":"https:\/\/sandzakpress.net\/arhiva\/wp-json\/wp\/v2\/media\/115360"}],"wp:attachment":[{"href":"https:\/\/sandzakpress.net\/arhiva\/wp-json\/wp\/v2\/media?parent=115359"}],"wp:term":[{"taxonomy":"category","embeddable":true,"href":"https:\/\/sandzakpress.net\/arhiva\/wp-json\/wp\/v2\/categories?post=115359"},{"taxonomy":"post_tag","embeddable":true,"href":"https:\/\/sandzakpress.net\/arhiva\/wp-json\/wp\/v2\/tags?post=115359"}],"curies":[{"name":"wp","href":"https:\/\/api.w.org\/{rel}","templated":true}]}}