{"id":115331,"date":"2014-11-27T14:34:12","date_gmt":"2014-11-27T13:34:12","guid":{"rendered":"https:\/\/sandzakpress.net\/arhiva\/?p=115331"},"modified":"2014-11-27T17:47:49","modified_gmt":"2014-11-27T16:47:49","slug":"autoput-bar-boljare-ce-zaustaviti-migracije-sa-sjevera","status":"publish","type":"post","link":"https:\/\/sandzakpress.net\/arhiva\/autoput-bar-boljare-ce-zaustaviti-migracije-sa-sjevera\/","title":{"rendered":"Autoput Bar- Boljare \u0107e zaustaviti migracije sa sjevera"},"content":{"rendered":"<p><img loading=\"lazy\" decoding=\"async\" class=\"aligncenter\" src=\"http:\/\/www.img2.cdm.me\/sites\/cdm.bild-studio.me\/files\/styles\/301x227\/public\/multimedia\/foto\/2014\/11\/26\/autoput.jpg\" alt=\"\" width=\"616\" height=\"397\" \/><\/p>\n<p><strong>Crna Gora &#8211; Poslanici su drugog dana rasprave o Prijedlogu zakona o autoputu Bar \u2013 Boljare ocijenili da \u0107e se izgradnjom prioritetne dionice zaustaviti migracije stanovni\u0161tva sa sjevera dr\u017eave, ali i da se o \u010ditavom projektu trebalo izjasniti na referendumu.<\/strong><\/p>\n<p>Poslanik Demokratske partije socijalista DPS Obrad Stani\u0161i\u0107 ocijenio je da bez izgradnje autoputa nema ravnomjernog razvoja Crne Gore, prenosi agencija MINA-business.<\/p>\n<p>\u201cIzgradnjom prioritetne dionice zaustavi\u0107e se migracije stanovni\u0161tva iz ju\u017enog Sand\u017eaka\u00a0i na\u0161i prioritetni ciljevi razvoja do\u0107i \u0107e do izra\u017eaja, a to su turizam i poljoprivreda, odnosno proizvodnja zdrave hrane\u201d, kazao je Stani\u0161i\u0107.<\/p>\n<p>\u201cBilo je pri\u010de da \u0107emo zadu\u017eiti generacije. Sla\u017eem se, zadu\u017ei\u0107emo ih, ali \u0107emo ih zadu\u017eiti da nas pamte po dobru\u201d, smatra Stani\u0161i\u0107.<\/p>\n<p>Poslanik Demokratskog fronta DF Jelisava Kalezi\u0107 kazala je da je protiv izgradnje autoputa i da ima argumente za to, koliko god se oni, kako je navela, u nekom dijelu \u010dinili daleki.<\/p>\n<p>\u201cCrna Gora mo\u017ee da izdr\u017ei tu muku da ka\u017ee da nema ni kilometer autoputa. Autoput je jedan kanjon kroz prostor Crne Gore. Crna Gora je prostor koji je mnogo kompleksniji od mnogih koje Evropa poznaje\u201d, rekla je Kalezi\u0107.<\/p>\n<p>Prema njenim rije\u010dima, postoji mnogo aspekata koji su prili\u010dno nedora\u0111eni da bi se i\u0161lo u jedan takav projekat, kao \u0161to je in\u017eenjerski i socio-ekonomski.<\/p>\n<p>Kalezi\u0107 smatra da bi pitanje izgradnje autoputa trebalo da se odlu\u010di na referendumu, jer se prije svega dr\u017eava zadu\u017euje.<\/p>\n<p>Ministar saobra\u0107aja i pomorstva Ivan Brajovi\u0107 rekao je da se projekat izgradnje autoputa ne realizuje da bi se Crna Gora prijavila u spisak zemalja koje ve\u0107 imaju izgra\u0111en autoput.<\/p>\n<p>\u201cNije to na\u0161a namjera, ve\u0107 smatramo da je potreba da se realizuje taj projekat\u201d, kazao je Brajovi\u0107.<\/p>\n<p>On je ocijenio da je \u010ditavi projekat sa Kinezima na najbolji na\u010din ispregovaran i da je bolji nego ijedan aran\u017eman s Kinezima u regionu i Evropi.<\/p>\n<p>Poslanik DF-a Milan Kne\u017eevi\u0107 je, obra\u0107aju\u0107i se Brajovi\u0107u i njegovim saradnicima u parlamentu, kazao da brojnija delegacija nije dolazila pa \u010dak ni iz Kine.<\/p>\n<p>On je, komentari\u0161u\u0107i ranije izjave da je opozicija protiv investicija u Crnoj Gori, rekao da se radi o zamjeni teza.<\/p>\n<p>\u201cMi vama samo ne vjerujemo, jer sve \u0161to ste do sada radili osu\u0161ilo se kao da smo u Sahari, a ne u Evropi\u201d, rekao je Kne\u017eevi\u0107.<\/p>\n<p>On je pitao za\u0161to Crna Gora nije poku\u0161ala da na\u0111e sredstva iz sopstvenih izvora.<\/p>\n<p>\u201cTu mislim na na\u0161e dr\u017eavnike, lidere, ministre i premijere \u010diji imovinski kartoni pokazuju da mo\u017eemo i kod njih da se zadu\u017eimo\u201d, kazao je Kne\u017eevi\u0107.<\/p>\n<p>On je komentari\u0161u\u0107i \u010dinjenicu da je Vlada Kineze oslobodila pla\u0107anja poreza i carina, predlo\u017eio da on radi taj posao.<\/p>\n<p>\u201cOsloba\u0111ate ih svega, nalazite im novac i radnu snagu. Evo ja \u0107u da radim taj posao. To nije uop\u0161te komplikovano. Za\u0161to mene ne odlobodite pla\u0107anja poreza i penzionere i lica sa posebnim potrebma\u201d, pitao je Kne\u017eevi\u0107.<\/p>\n<p>On je kazao da \u0107e podnijeti amandman koji \u0107e se odnositi na to da se Kinezi ne osloba\u0111aju pla\u0107anja poreza i carina.<\/p>\n<p><strong>Radulovi\u0107: I ja no\u0107as ka\u017eem Crna Goro volim te!<\/strong><\/p>\n<p>Potpredsjednik Skup\u0161tine i poslanik DF-a Branko Radulovi\u0107 rekao je da nikada nije bio stru\u010dniji nego no\u0107as.<\/p>\n<p>\u201cNe treba da sjedite tu ministre, prvo jer ste ne\u0161to ovako predlo\u017eili u ovom vremenu na ovakav na\u010din i sa ovakvom Crnom Gorom. Autoput se ne mo\u017ee graditi iz bud\u017eeta nego javno-privatnog partnerstva. Javno da je minimalno, a privatno maksimalno. Ovo je bruka i sramota \u0161to vi radite\u201d, poru\u010dio je Radulovi\u0107.<\/p>\n<p>On je kazao da je najbolji kadar iz filmova kada Ljuba Tadi\u0107 na Ceru u samrtni\u010dkom ropstvu opsuje Drinu, umire i ka\u017ee \u201cDrino majku ti\u2026\u201d.<\/p>\n<p>\u201cI ja no\u0107as ka\u017eem Crna Goro\u2026volim te\u201d, kazao je Radulovi\u0107.<\/p>\n<p>On je, obra\u0107aju\u0107i se Brajovi\u0107u, rekao da je bio u Kini prije nekoliko godina i da tamo imaju jednu veliku magsitralu koja povezuje njihovo najve\u0107e ostrvo.<\/p>\n<p>\u201cZnadite ministre, da li su bila lo\u0161a kola ili lo\u0161a magistrala, ali bubrezi su me boljeli\u201d, rekao je Radulovi\u0107.<\/p>\n<p>Brajovi\u0107 je kazao da Radulovi\u0107 nije naveo nijedan argument koji bi i\u0161ao u prilog tezi da ne treba graditi autoput.<\/p>\n<p>Poslanik Socijaldemokratske partije SDP D\u017eavid \u0160abovi\u0107 ocijenio je da je ovo istorijski trenutak za Crnu Goru, ali je pitao da li je bilo istorijske odgovornosti kada su se odabirali partneri.<\/p>\n<p>\u201cDa li je bilo na\u010dina da nam se transparentnije dostve sve ponude kako bismo bili ubije\u0111eni da se zaista radi o najboljoj ponudi. Trebalo je da vidimo sve ponude i da i mi zaklju\u010dimo da je ovo najbolja\u201d, kazao je \u0160abovi\u0107.<\/p>\n<p>Poslanik DPS-a Predrag Sekuli\u0107 kazao je da bi se, i kada bi se odr\u017eao referendum, 99 odsto gra\u0111ana izjasnilo za izgradnju autoputa.<\/p>\n<p>\u201cDobro je \u0161to smo po\u010deli sa najte\u017eom dionicom. Kreditne uslove kakve je Crna Gora dobila za izgradnju autoputa nemate nigdje u Evropi\u201d, kazao je Sekuli\u0107.<\/p>\n<p>On je ocijenio da su partneri Crne Gore u tom projektu respektabilni.<\/p>\n<p>\u201cNa\u0161e firme \u0107e iskoristiit rad na autoputu ne samo za zaradu nego i za sticanje referenci i stru\u010dno osposobljavanje kadra\u201d, smatra Sekuli\u0107.<\/p>\n<p>Poslanici \u0107e raspravu o predlo\u017eenom zakonu nastaviti sjutra.<\/p>\n<p>Rasprava o Prijedlogu zakona o autoputu Bar &#8211; Boljare, kojim je predvi\u0111eno da kineske kompanije, anga\u017eovane na izgradnji prioritetne dionice od Smokovca do Mate\u0161eva, ne pla\u0107aju poreze po\u010dela je u Skup\u0161tini u utorak.<\/p>\n<p>Prijedlogom zakona o autoputu, koji je Vlada usvojila 29. maja predvi\u0111eno je da se porez na dodatu vrijednost PDV\u00a0pla\u0107a po stopi od nula odsto na promet prozvoda i usluga namijenjenih za gradnju autoputa koje realizuje izvo\u0111a\u010d radova ili za njegov ra\u010dun.<\/p>\n<p>Vlada je u julu pro\u0161le godine prihvatila ponudu Kineske kompanije za telekomunikacije i infrastrukturu CCCC i njene k\u0107erke firme China Road and Bridge Corporation CRBC za izgradnju prve dionice autoputa Bar-Boljare od Smokovca do Mate\u0161eva. Te kompanije su ponudile da prioritetnu dionicu autoputa od Smokovca do Mate\u0161eva izgrade za 809,58 miliona eura.<\/p>\n<p>Kineska Exim bankom je u septembru odobrila Crnoj Gori kredit od oko 687 miliona eura za gradnju dionice autoputa od Smokovca do Mate\u0161eva, \u0161to je 85 odsto neophodnog iznosa. Preostalih 120 miliona, od ukupno 809,58 miliona eura, obezbijedi\u0107e dr\u017eava.<\/p>\n<p>(CDM)<\/p>\n","protected":false},"excerpt":{"rendered":"<p>Crna Gora &#8211; Poslanici su drugog dana rasprave o Prijedlogu zakona o autoputu Bar \u2013 Boljare ocijenili da \u0107e se izgradnjom prioritetne dionice zaustaviti migracije stanovni\u0161tva sa sjevera dr\u017eave, ali i da se o \u010ditavom projektu trebalo izjasniti na referendumu. Poslanik Demokratske partije socijalista DPS Obrad Stani\u0161i\u0107 ocijenio je da bez izgradnje autoputa nema ravnomjernog [&hellip;]<\/p>\n","protected":false},"author":83,"featured_media":115332,"comment_status":"open","ping_status":"open","sticky":false,"template":"","format":"standard","meta":{"footnotes":""},"categories":[1,10308],"tags":[],"class_list":{"0":"post-115331","1":"post","2":"type-post","3":"status-publish","4":"format-standard","5":"has-post-thumbnail","7":"category-politika","8":"category-crna-gora"},"yoast_head":"<!-- This site is optimized with the Yoast SEO Premium plugin v23.1 (Yoast SEO v24.9) - https:\/\/yoast.com\/wordpress\/plugins\/seo\/ -->\n<title>Autoput Bar- Boljare \u0107e zaustaviti migracije sa sjevera<\/title>\n<meta name=\"robots\" content=\"index, follow, max-snippet:-1, max-image-preview:large, max-video-preview:-1\" \/>\n<link rel=\"canonical\" href=\"https:\/\/sandzakpress.net\/arhiva\/autoput-bar-boljare-ce-zaustaviti-migracije-sa-sjevera\/\" \/>\n<meta property=\"og:locale\" content=\"bs_BA\" \/>\n<meta property=\"og:type\" content=\"article\" \/>\n<meta property=\"og:title\" content=\"Autoput Bar- Boljare \u0107e zaustaviti migracije sa sjevera\" \/>\n<meta property=\"og:description\" content=\"Crna Gora &#8211; Poslanici su drugog dana rasprave o Prijedlogu zakona o autoputu Bar \u2013 Boljare ocijenili da \u0107e se izgradnjom prioritetne dionice zaustaviti migracije stanovni\u0161tva sa sjevera dr\u017eave, ali i da se o \u010ditavom projektu trebalo izjasniti na referendumu. Poslanik Demokratske partije socijalista DPS Obrad Stani\u0161i\u0107 ocijenio je da bez izgradnje autoputa nema ravnomjernog [&hellip;]\" \/>\n<meta property=\"og:url\" content=\"https:\/\/sandzakpress.net\/arhiva\/autoput-bar-boljare-ce-zaustaviti-migracije-sa-sjevera\/\" \/>\n<meta property=\"og:site_name\" content=\"Sand\u017eak PRESS\" \/>\n<meta property=\"article:published_time\" content=\"2014-11-27T13:34:12+00:00\" \/>\n<meta property=\"article:modified_time\" content=\"2014-11-27T16:47:49+00:00\" \/>\n<meta property=\"og:image\" content=\"https:\/\/sandzakpress.net\/arhiva\/wp-content\/uploads\/2014\/11\/autoput.jpg\" \/>\n\t<meta property=\"og:image:width\" content=\"573\" \/>\n\t<meta property=\"og:image:height\" content=\"369\" \/>\n\t<meta property=\"og:image:type\" content=\"image\/jpeg\" \/>\n<meta name=\"author\" content=\"bosniak\" \/>\n<meta name=\"twitter:card\" content=\"summary_large_image\" \/>\n<meta name=\"twitter:label1\" content=\"Written by\" \/>\n\t<meta name=\"twitter:data1\" content=\"bosniak\" \/>\n\t<meta name=\"twitter:label2\" content=\"Est. reading time\" \/>\n\t<meta name=\"twitter:data2\" content=\"5 minuta\" \/>\n<script type=\"application\/ld+json\" class=\"yoast-schema-graph\">{\"@context\":\"https:\/\/schema.org\",\"@graph\":[{\"@type\":\"Article\",\"@id\":\"https:\/\/sandzakpress.net\/arhiva\/autoput-bar-boljare-ce-zaustaviti-migracije-sa-sjevera\/#article\",\"isPartOf\":{\"@id\":\"https:\/\/sandzakpress.net\/arhiva\/autoput-bar-boljare-ce-zaustaviti-migracije-sa-sjevera\/\"},\"author\":{\"name\":\"bosniak\",\"@id\":\"https:\/\/sandzakpress.net\/arhiva\/#\/schema\/person\/c8baee722073534b583ea7bdb2e36c02\"},\"headline\":\"Autoput Bar- Boljare \u0107e zaustaviti migracije sa sjevera\",\"datePublished\":\"2014-11-27T13:34:12+00:00\",\"dateModified\":\"2014-11-27T16:47:49+00:00\",\"mainEntityOfPage\":{\"@id\":\"https:\/\/sandzakpress.net\/arhiva\/autoput-bar-boljare-ce-zaustaviti-migracije-sa-sjevera\/\"},\"wordCount\":1099,\"commentCount\":0,\"publisher\":{\"@id\":\"https:\/\/sandzakpress.net\/arhiva\/#\/schema\/person\/6e72b67d6e51910a1117b3b483ba20bd\"},\"image\":{\"@id\":\"https:\/\/sandzakpress.net\/arhiva\/autoput-bar-boljare-ce-zaustaviti-migracije-sa-sjevera\/#primaryimage\"},\"thumbnailUrl\":\"https:\/\/sandzakpress.net\/arhiva\/wp-content\/uploads\/2014\/11\/autoput.jpg\",\"articleSection\":[\"Politika\",\"Crna Gora\"],\"inLanguage\":\"bs-BA\",\"potentialAction\":[{\"@type\":\"CommentAction\",\"name\":\"Comment\",\"target\":[\"https:\/\/sandzakpress.net\/arhiva\/autoput-bar-boljare-ce-zaustaviti-migracije-sa-sjevera\/#respond\"]}]},{\"@type\":\"WebPage\",\"@id\":\"https:\/\/sandzakpress.net\/arhiva\/autoput-bar-boljare-ce-zaustaviti-migracije-sa-sjevera\/\",\"url\":\"https:\/\/sandzakpress.net\/arhiva\/autoput-bar-boljare-ce-zaustaviti-migracije-sa-sjevera\/\",\"name\":\"Autoput Bar- Boljare \u0107e zaustaviti migracije sa sjevera\",\"isPartOf\":{\"@id\":\"https:\/\/sandzakpress.net\/arhiva\/#website\"},\"primaryImageOfPage\":{\"@id\":\"https:\/\/sandzakpress.net\/arhiva\/autoput-bar-boljare-ce-zaustaviti-migracije-sa-sjevera\/#primaryimage\"},\"image\":{\"@id\":\"https:\/\/sandzakpress.net\/arhiva\/autoput-bar-boljare-ce-zaustaviti-migracije-sa-sjevera\/#primaryimage\"},\"thumbnailUrl\":\"https:\/\/sandzakpress.net\/arhiva\/wp-content\/uploads\/2014\/11\/autoput.jpg\",\"datePublished\":\"2014-11-27T13:34:12+00:00\",\"dateModified\":\"2014-11-27T16:47:49+00:00\",\"breadcrumb\":{\"@id\":\"https:\/\/sandzakpress.net\/arhiva\/autoput-bar-boljare-ce-zaustaviti-migracije-sa-sjevera\/#breadcrumb\"},\"inLanguage\":\"bs-BA\",\"potentialAction\":[{\"@type\":\"ReadAction\",\"target\":[\"https:\/\/sandzakpress.net\/arhiva\/autoput-bar-boljare-ce-zaustaviti-migracije-sa-sjevera\/\"]}]},{\"@type\":\"ImageObject\",\"inLanguage\":\"bs-BA\",\"@id\":\"https:\/\/sandzakpress.net\/arhiva\/autoput-bar-boljare-ce-zaustaviti-migracije-sa-sjevera\/#primaryimage\",\"url\":\"https:\/\/sandzakpress.net\/arhiva\/wp-content\/uploads\/2014\/11\/autoput.jpg\",\"contentUrl\":\"https:\/\/sandzakpress.net\/arhiva\/wp-content\/uploads\/2014\/11\/autoput.jpg\",\"width\":573,\"height\":369},{\"@type\":\"BreadcrumbList\",\"@id\":\"https:\/\/sandzakpress.net\/arhiva\/autoput-bar-boljare-ce-zaustaviti-migracije-sa-sjevera\/#breadcrumb\",\"itemListElement\":[{\"@type\":\"ListItem\",\"position\":1,\"name\":\"Home\",\"item\":\"https:\/\/sandzakpress.net\/arhiva\/\"},{\"@type\":\"ListItem\",\"position\":2,\"name\":\"Autoput Bar- Boljare \u0107e zaustaviti migracije sa sjevera\"}]},{\"@type\":\"WebSite\",\"@id\":\"https:\/\/sandzakpress.net\/arhiva\/#website\",\"url\":\"https:\/\/sandzakpress.net\/arhiva\/\",\"name\":\"Sand\u017eak PRESS\",\"description\":\"Prve elektronske novine u Sand\u017eaku\",\"publisher\":{\"@id\":\"https:\/\/sandzakpress.net\/arhiva\/#\/schema\/person\/6e72b67d6e51910a1117b3b483ba20bd\"},\"potentialAction\":[{\"@type\":\"SearchAction\",\"target\":{\"@type\":\"EntryPoint\",\"urlTemplate\":\"https:\/\/sandzakpress.net\/arhiva\/?s={search_term_string}\"},\"query-input\":{\"@type\":\"PropertyValueSpecification\",\"valueRequired\":true,\"valueName\":\"search_term_string\"}}],\"inLanguage\":\"bs-BA\"},{\"@type\":[\"Person\",\"Organization\"],\"@id\":\"https:\/\/sandzakpress.net\/arhiva\/#\/schema\/person\/6e72b67d6e51910a1117b3b483ba20bd\",\"name\":\"Kul\",\"image\":{\"@type\":\"ImageObject\",\"inLanguage\":\"bs-BA\",\"@id\":\"https:\/\/sandzakpress.net\/arhiva\/#\/schema\/person\/image\/\",\"url\":\"https:\/\/secure.gravatar.com\/avatar\/42263f39aa27ac04c43cab85c280eb2e?s=96&d=mm&r=pg\",\"contentUrl\":\"https:\/\/secure.gravatar.com\/avatar\/42263f39aa27ac04c43cab85c280eb2e?s=96&d=mm&r=pg\",\"caption\":\"Kul\"},\"logo\":{\"@id\":\"https:\/\/sandzakpress.net\/arhiva\/#\/schema\/person\/image\/\"}},{\"@type\":\"Person\",\"@id\":\"https:\/\/sandzakpress.net\/arhiva\/#\/schema\/person\/c8baee722073534b583ea7bdb2e36c02\",\"name\":\"bosniak\",\"image\":{\"@type\":\"ImageObject\",\"inLanguage\":\"bs-BA\",\"@id\":\"https:\/\/sandzakpress.net\/arhiva\/#\/schema\/person\/image\/\",\"url\":\"https:\/\/secure.gravatar.com\/avatar\/a04fd330bfe3a36a72a0ad4a6d89fca7?s=96&d=mm&r=pg\",\"contentUrl\":\"https:\/\/secure.gravatar.com\/avatar\/a04fd330bfe3a36a72a0ad4a6d89fca7?s=96&d=mm&r=pg\",\"caption\":\"bosniak\"},\"url\":\"https:\/\/sandzakpress.net\/arhiva\/author\/bosniak\/\"}]}<\/script>\n<!-- \/ Yoast SEO Premium plugin. -->","yoast_head_json":{"title":"Autoput Bar- Boljare \u0107e zaustaviti migracije sa sjevera","robots":{"index":"index","follow":"follow","max-snippet":"max-snippet:-1","max-image-preview":"max-image-preview:large","max-video-preview":"max-video-preview:-1"},"canonical":"https:\/\/sandzakpress.net\/arhiva\/autoput-bar-boljare-ce-zaustaviti-migracije-sa-sjevera\/","og_locale":"bs_BA","og_type":"article","og_title":"Autoput Bar- Boljare \u0107e zaustaviti migracije sa sjevera","og_description":"Crna Gora &#8211; Poslanici su drugog dana rasprave o Prijedlogu zakona o autoputu Bar \u2013 Boljare ocijenili da \u0107e se izgradnjom prioritetne dionice zaustaviti migracije stanovni\u0161tva sa sjevera dr\u017eave, ali i da se o \u010ditavom projektu trebalo izjasniti na referendumu. Poslanik Demokratske partije socijalista DPS Obrad Stani\u0161i\u0107 ocijenio je da bez izgradnje autoputa nema ravnomjernog [&hellip;]","og_url":"https:\/\/sandzakpress.net\/arhiva\/autoput-bar-boljare-ce-zaustaviti-migracije-sa-sjevera\/","og_site_name":"Sand\u017eak PRESS","article_published_time":"2014-11-27T13:34:12+00:00","article_modified_time":"2014-11-27T16:47:49+00:00","og_image":[{"width":573,"height":369,"url":"https:\/\/sandzakpress.net\/arhiva\/wp-content\/uploads\/2014\/11\/autoput.jpg","type":"image\/jpeg"}],"author":"bosniak","twitter_card":"summary_large_image","twitter_misc":{"Written by":"bosniak","Est. reading time":"5 minuta"},"schema":{"@context":"https:\/\/schema.org","@graph":[{"@type":"Article","@id":"https:\/\/sandzakpress.net\/arhiva\/autoput-bar-boljare-ce-zaustaviti-migracije-sa-sjevera\/#article","isPartOf":{"@id":"https:\/\/sandzakpress.net\/arhiva\/autoput-bar-boljare-ce-zaustaviti-migracije-sa-sjevera\/"},"author":{"name":"bosniak","@id":"https:\/\/sandzakpress.net\/arhiva\/#\/schema\/person\/c8baee722073534b583ea7bdb2e36c02"},"headline":"Autoput Bar- Boljare \u0107e zaustaviti migracije sa sjevera","datePublished":"2014-11-27T13:34:12+00:00","dateModified":"2014-11-27T16:47:49+00:00","mainEntityOfPage":{"@id":"https:\/\/sandzakpress.net\/arhiva\/autoput-bar-boljare-ce-zaustaviti-migracije-sa-sjevera\/"},"wordCount":1099,"commentCount":0,"publisher":{"@id":"https:\/\/sandzakpress.net\/arhiva\/#\/schema\/person\/6e72b67d6e51910a1117b3b483ba20bd"},"image":{"@id":"https:\/\/sandzakpress.net\/arhiva\/autoput-bar-boljare-ce-zaustaviti-migracije-sa-sjevera\/#primaryimage"},"thumbnailUrl":"https:\/\/sandzakpress.net\/arhiva\/wp-content\/uploads\/2014\/11\/autoput.jpg","articleSection":["Politika","Crna Gora"],"inLanguage":"bs-BA","potentialAction":[{"@type":"CommentAction","name":"Comment","target":["https:\/\/sandzakpress.net\/arhiva\/autoput-bar-boljare-ce-zaustaviti-migracije-sa-sjevera\/#respond"]}]},{"@type":"WebPage","@id":"https:\/\/sandzakpress.net\/arhiva\/autoput-bar-boljare-ce-zaustaviti-migracije-sa-sjevera\/","url":"https:\/\/sandzakpress.net\/arhiva\/autoput-bar-boljare-ce-zaustaviti-migracije-sa-sjevera\/","name":"Autoput Bar- Boljare \u0107e zaustaviti migracije sa sjevera","isPartOf":{"@id":"https:\/\/sandzakpress.net\/arhiva\/#website"},"primaryImageOfPage":{"@id":"https:\/\/sandzakpress.net\/arhiva\/autoput-bar-boljare-ce-zaustaviti-migracije-sa-sjevera\/#primaryimage"},"image":{"@id":"https:\/\/sandzakpress.net\/arhiva\/autoput-bar-boljare-ce-zaustaviti-migracije-sa-sjevera\/#primaryimage"},"thumbnailUrl":"https:\/\/sandzakpress.net\/arhiva\/wp-content\/uploads\/2014\/11\/autoput.jpg","datePublished":"2014-11-27T13:34:12+00:00","dateModified":"2014-11-27T16:47:49+00:00","breadcrumb":{"@id":"https:\/\/sandzakpress.net\/arhiva\/autoput-bar-boljare-ce-zaustaviti-migracije-sa-sjevera\/#breadcrumb"},"inLanguage":"bs-BA","potentialAction":[{"@type":"ReadAction","target":["https:\/\/sandzakpress.net\/arhiva\/autoput-bar-boljare-ce-zaustaviti-migracije-sa-sjevera\/"]}]},{"@type":"ImageObject","inLanguage":"bs-BA","@id":"https:\/\/sandzakpress.net\/arhiva\/autoput-bar-boljare-ce-zaustaviti-migracije-sa-sjevera\/#primaryimage","url":"https:\/\/sandzakpress.net\/arhiva\/wp-content\/uploads\/2014\/11\/autoput.jpg","contentUrl":"https:\/\/sandzakpress.net\/arhiva\/wp-content\/uploads\/2014\/11\/autoput.jpg","width":573,"height":369},{"@type":"BreadcrumbList","@id":"https:\/\/sandzakpress.net\/arhiva\/autoput-bar-boljare-ce-zaustaviti-migracije-sa-sjevera\/#breadcrumb","itemListElement":[{"@type":"ListItem","position":1,"name":"Home","item":"https:\/\/sandzakpress.net\/arhiva\/"},{"@type":"ListItem","position":2,"name":"Autoput Bar- Boljare \u0107e zaustaviti migracije sa sjevera"}]},{"@type":"WebSite","@id":"https:\/\/sandzakpress.net\/arhiva\/#website","url":"https:\/\/sandzakpress.net\/arhiva\/","name":"Sand\u017eak PRESS","description":"Prve elektronske novine u Sand\u017eaku","publisher":{"@id":"https:\/\/sandzakpress.net\/arhiva\/#\/schema\/person\/6e72b67d6e51910a1117b3b483ba20bd"},"potentialAction":[{"@type":"SearchAction","target":{"@type":"EntryPoint","urlTemplate":"https:\/\/sandzakpress.net\/arhiva\/?s={search_term_string}"},"query-input":{"@type":"PropertyValueSpecification","valueRequired":true,"valueName":"search_term_string"}}],"inLanguage":"bs-BA"},{"@type":["Person","Organization"],"@id":"https:\/\/sandzakpress.net\/arhiva\/#\/schema\/person\/6e72b67d6e51910a1117b3b483ba20bd","name":"Kul","image":{"@type":"ImageObject","inLanguage":"bs-BA","@id":"https:\/\/sandzakpress.net\/arhiva\/#\/schema\/person\/image\/","url":"https:\/\/secure.gravatar.com\/avatar\/42263f39aa27ac04c43cab85c280eb2e?s=96&d=mm&r=pg","contentUrl":"https:\/\/secure.gravatar.com\/avatar\/42263f39aa27ac04c43cab85c280eb2e?s=96&d=mm&r=pg","caption":"Kul"},"logo":{"@id":"https:\/\/sandzakpress.net\/arhiva\/#\/schema\/person\/image\/"}},{"@type":"Person","@id":"https:\/\/sandzakpress.net\/arhiva\/#\/schema\/person\/c8baee722073534b583ea7bdb2e36c02","name":"bosniak","image":{"@type":"ImageObject","inLanguage":"bs-BA","@id":"https:\/\/sandzakpress.net\/arhiva\/#\/schema\/person\/image\/","url":"https:\/\/secure.gravatar.com\/avatar\/a04fd330bfe3a36a72a0ad4a6d89fca7?s=96&d=mm&r=pg","contentUrl":"https:\/\/secure.gravatar.com\/avatar\/a04fd330bfe3a36a72a0ad4a6d89fca7?s=96&d=mm&r=pg","caption":"bosniak"},"url":"https:\/\/sandzakpress.net\/arhiva\/author\/bosniak\/"}]}},"_links":{"self":[{"href":"https:\/\/sandzakpress.net\/arhiva\/wp-json\/wp\/v2\/posts\/115331"}],"collection":[{"href":"https:\/\/sandzakpress.net\/arhiva\/wp-json\/wp\/v2\/posts"}],"about":[{"href":"https:\/\/sandzakpress.net\/arhiva\/wp-json\/wp\/v2\/types\/post"}],"author":[{"embeddable":true,"href":"https:\/\/sandzakpress.net\/arhiva\/wp-json\/wp\/v2\/users\/83"}],"replies":[{"embeddable":true,"href":"https:\/\/sandzakpress.net\/arhiva\/wp-json\/wp\/v2\/comments?post=115331"}],"version-history":[{"count":0,"href":"https:\/\/sandzakpress.net\/arhiva\/wp-json\/wp\/v2\/posts\/115331\/revisions"}],"wp:featuredmedia":[{"embeddable":true,"href":"https:\/\/sandzakpress.net\/arhiva\/wp-json\/wp\/v2\/media\/115332"}],"wp:attachment":[{"href":"https:\/\/sandzakpress.net\/arhiva\/wp-json\/wp\/v2\/media?parent=115331"}],"wp:term":[{"taxonomy":"category","embeddable":true,"href":"https:\/\/sandzakpress.net\/arhiva\/wp-json\/wp\/v2\/categories?post=115331"},{"taxonomy":"post_tag","embeddable":true,"href":"https:\/\/sandzakpress.net\/arhiva\/wp-json\/wp\/v2\/tags?post=115331"}],"curies":[{"name":"wp","href":"https:\/\/api.w.org\/{rel}","templated":true}]}}