{"id":115196,"date":"2014-11-26T12:00:02","date_gmt":"2014-11-26T11:00:02","guid":{"rendered":"https:\/\/sandzakpress.net\/arhiva\/?p=115196"},"modified":"2014-11-26T12:00:02","modified_gmt":"2014-11-26T11:00:02","slug":"u-islamskom-kulturnom-centru-bosnjaka-u-kolnu-odrzana-medureligijska-molitva","status":"publish","type":"post","link":"https:\/\/sandzakpress.net\/arhiva\/u-islamskom-kulturnom-centru-bosnjaka-u-kolnu-odrzana-medureligijska-molitva\/","title":{"rendered":"U Islamskom kulturnom centru Bo\u0161njaka u K\u00f6lnu odr\u017eana me\u0111ureligijska molitva"},"content":{"rendered":"<div><img loading=\"lazy\" decoding=\"async\" class=\"aligncenter\" src=\"http:\/\/igbd.org\/wp-content\/uploads\/2014\/11\/013.jpg\" alt=\"01\" width=\"616\" height=\"347\" \/><\/div>\n<div id=\"breadcrumbs\"><strong>Njema\u010dka &#8211; Povodom Me\u0111unarodnog dana protiv nasilja nad \u017eenama je u K\u00f6lnu odr\u017eana me\u0111ureligijska molitva u kojoj su se muslimanske i hri\u0161\u0107anke molile za udovice i siro\u010dad kao i za svijet u kojem \u0107e \u017eene imati ve\u0107a prava.<\/strong><\/div>\n<div id=\"post-7988\" class=\"post-7988 post type-post status-publish format-standard has-post-thumbnail hentry category-aktuelnosti-dzemati tag-izdvojeno tag-koln\">\n<div class=\"entry-content\">\n<p>&nbsp;<\/p>\n<p>Nasilje u porodici je najra\u0161irenija vrsta nasilja nad \u017eenama. Pod nasiljem u porodici se podrazumijeva: uvreda, prijetnja, zastra\u0161ivanje, zlostavljanje, silovanje i ubistvo. Prema podacima komisije za za\u0161titu ljudskih prava Vije\u0107a Evrope, u Evropi dnevno od posljedica nasilja umre 12 \u017eena. Ovo su podaci koji su za muslimanke i hri\u0161\u0107anke u K\u00f6lnu znak za uzbunu, znak da se dru\u0161tvo, ali i vjerske zajednice i udru\u017eenja moraju sna\u017enije boriti za suzbijanje nasilja nad \u017eenama.<\/p>\n<p><strong>\u201e\u017dene su\u00a0\u010desto\u00a0prepu\u0161tene same sebi\u201c<\/strong><\/p>\n<p>\u201e\u010cujmo vapaj udovica i siro\u010dadi koji su u bijegu. Ponudimo im za\u0161titu i sigurno mjesto u na\u0161em gradu\u201c, poru\u010dila je evangelisti\u010dka sve\u0161tenica Almuth Vo\u00df. Ona ka\u017ee da su \u017eene \u017ertve i svjedoci seksualnog nasilja, kao \u0161to su to bile \u017eene u ratu u BiH, \u017eene naroda Tuci u Ruandi ili Afganistanke koje talibani prodaju u Saudijskoj Arabiji.<\/p>\n<p>\u201eU izbjegli\u010dkim centrima u Libanu, Jordanu i Turskoj je veliki broj \u017eena koje su pobjegle od nasilja. \u017dene su \u010desto prepu\u0161tene same sebi. Savjetovali\u0161ta i slu\u017ebe za konkretniju pomo\u0107 \u017eenama skoro da i ne postoje. Umjesto toga se \u017eenama u izbjegli\u010dkim centrima u tim zemljama nudi udaja za mu\u0161karce iz zemalja koje su izbjeglicama pru\u017eile uto\u010di\u0161te\u201c, ka\u017ee Vo\u00df.<\/p>\n<p><strong>Lo\u0161i uslovi u kojim \u017eive izbjeglice u Njema\u010dkoj<\/strong><\/p>\n<p>Udovice i siro\u010dad su ove godine u centru pa\u017enje muslimansko-hri\u0161\u0107anskih \u017eenskih vjerskih udru\u017eenja u K\u00f6lnu i regiji. Razlog da upravo ova kategorija bude u centru pa\u017enje je sve ve\u0107i broj izbjeglica kako u Njema\u010dkoj, tako i u svijetu.<\/p>\n<div class=\"picBox full&lt;br \/&gt;\n\" style=\"border: 0px; font-family: inherit; font-size: 12px; font-style: inherit; font-weight: inherit; margin: 0px; outline: 0px; padding: 0px; vertical-align: baseline; color: #3e3e3e;\"><img loading=\"lazy\" decoding=\"async\" class=\"aligncenter wp-image-7990\" src=\"http:\/\/igbd.org\/wp-content\/uploads\/2014\/11\/022.jpg\" alt=\"02\" width=\"600\" height=\"338\" \/><em>Me\u0111ureligijska molitva u K\u00f6lnu \u2013 Zajedno protiv nasilja nad \u017eenama<\/em><\/p>\n<\/div>\n<p>Ove godine je do oktobra u Njema\u010dkoj podne\u0161eno 158.000 zahtjeva za azil. U oktobru je najvi\u0161e zahtjeva za azil podnijeto od strane dr\u017eavljana Sirije. Zatim slijede dr\u017eavljani Srbije, Eritreje, Kosova, Afganistana, Bosne i Hercegovine, Albanije, Makedonije, Ukrajine i Iraka. U K\u00f6lnu trenutno \u017eivi 4.890 izbjeglica me\u0111u kojima je veliki broj \u017eena.<\/p>\n<p>\u201eUslovi u kojim \u017eive izbjeglice su u nekoliko slu\u010dajeva katastrofalni\u201c, ka\u017ee Zwan Karim koja je i sama bila izbjeglica. Naime, Karimova je zajedno sa porodicom 1996. godine pobjegla iz Iraka. U Njema\u010dkoj je zavr\u0161ila fakultet i trenutno radi u Edukativnom \u017eenskom muslimanskom centru u K\u00f6lnu (BFmF) u kojem pru\u017ea savjetodavnu pomo\u0107 izbjeglicama. Karimova je istakla lo\u0161e uslove u izbjegli\u010dkim centrima u svijetu, ali i u Njema\u010dkoj, posebno kada je o \u017eenama rije\u010d.<\/p>\n<p>\u201eZbog velikog broja izbjeglica, imamo slu\u010dajeva u kojim su mu\u0161karci i \u017eene smje\u0161teni u jednu prostoriju. Za Njema\u010dku je nezamislivo, ali ipak imamo primjere, u kojim sanitarne \u010dvorove i kupatila \u017eene moraju dijeliti sa mu\u0161karcima\u201c, istakla je Zwan Karim i dodala da Njema\u010dka mo\u017ee daleko vi\u0161e uraditi na pru\u017eanju pomo\u0107i \u017eenama koje su zbog nasilja ili rata morale okrenuti le\u0111a svojim domovinama. Njema\u010dka bi tako\u0111er mogla profitirati od izbjeglica, ka\u017ee Karimova: \u201eMe\u0111u izbjeglicama imamo veliki broj visokoobrazovanih ljudi. U Njema\u010dkoj \u010desto govorimo o nedostatku stru\u010dne radne snage. Me\u0111utim, resursi koje imamo uop\u0161te se ne koriste\u201c.<\/p>\n<p><strong>Zajedni\u010dka molitva prvi put u d\u017eamiji<\/strong><\/p>\n<p><img loading=\"lazy\" decoding=\"async\" class=\"wp-image-7991 aligncenter\" src=\"http:\/\/igbd.org\/wp-content\/uploads\/2014\/11\/nedzad-osmic.jpg\" alt=\"nedzad-osmic\" width=\"600\" height=\"338\" \/><\/p>\n<p><em>Imam Ned\u017ead Osmi\u0107 \u2013 novo iskustvo i doprinos su\u017eivotu u njema\u010dkom dru\u0161tvu<\/em><\/p>\n<p>Me\u0111ureligijska ve\u010dernja molitva povodom 25. novembra Me\u0111unarodnog dana protiv nasilja nad \u017eenama se u K\u00f6lnu odr\u017eava od 2005. godine. Ovo je prvi put da je me\u0111ureligijska molitva odr\u017eana u d\u017eamiji. Bo\u0161nja\u010dki islamski kulturni centar \u201eGazi Husrev-beg\u201c u K\u00f6lnu je do sada nekoliko puta bio gost me\u0111ureligijskih molitvi za mir, a \u010dlanovi Vije\u0107a religija u organizaciji ovog centra su prije dvije godine bili u sedmodnevnoj posjeti BiH.<\/p>\n<p>Za imama ovog centra, Ned\u017eada Osmi\u0107a, koji je na toj poziciji samo nekoliko mjeseci, me\u0111ureligijska molitva je jedno sasvim novo iskustvo. Kroz dugogodi\u0161nji rad u BiH, kako ka\u017ee, u\u010destvovao je u me\u0111ureligijskom dijalogu, ali ne i u zajedni\u010dkoj molitvi.<\/p>\n<p>\u201eOvakve molitve i dru\u017eenja su u ovo vrijeme jako bitni. Rije\u010d je o vremenu u kojem se ponovo negativno govori o islamu. Mislim da muslimani trebaju i moraju dati doprinos ovim i sli\u010dnim skupovima kako bi pokazali da \u017eele zajedno \u017eivjeti s drugima\u201c, ka\u017ee Osmi\u0107.<\/p>\n<p><strong>\u201eJa\u010danjem porodice se ja\u010da pravo \u017eene\u201c<\/strong><\/p>\n<p>Vjera islam \u017eeni daje posebno i va\u017eno mjesto u dru\u0161tvu, prije svega u porodici. \u201eKako bi se smanjilo nasilje nad \u017eenama, potrebno je ja\u010dati porodicu i pravilno tuma\u010diti vjeru\u201c, ka\u017ee imam Osmi\u0107.<\/p>\n<p>\u201eIslam strogo zabranjuje nasilje. Osnovna ideja islama je pravda. Svako onaj ko se bori u ime Boga, a \u010dini nasilje, da li nad \u017eenama, djecom ili starcima, ni u kojem slu\u010daju ne mo\u017ee biti borac u ime Allaha\u201c, poru\u010dio je Osmi\u0107.<\/p>\n<p>U zajedni\u010dkoj molitvi, u\u010desnici, dr\u017ee\u0107i se za ruke, molili su se za udovice i siro\u010dad koji su \u017ertve nasilja i koje moraju \u017eivjeti u strahu za svoje \u017eivote. Molili su se za one koji su \u017ertve nasilja, rata i terora. Ovom molitvom su tako\u0111er zatra\u017eili i snagu za one, koji \u017eele izgraditi svijet u kojem \u0107e vladati mir i pravda.<\/p>\n<p><em>Izvor: Deutsche Welle, Mehmed Smaji\u0107<\/em><\/p>\n<\/div>\n<\/div>\n","protected":false},"excerpt":{"rendered":"<p>Njema\u010dka &#8211; Povodom Me\u0111unarodnog dana protiv nasilja nad \u017eenama je u K\u00f6lnu odr\u017eana me\u0111ureligijska molitva u kojoj su se muslimanske i hri\u0161\u0107anke molile za udovice i siro\u010dad kao i za svijet u kojem \u0107e \u017eene imati ve\u0107a prava. &nbsp; Nasilje u porodici je najra\u0161irenija vrsta nasilja nad \u017eenama. Pod nasiljem u porodici se podrazumijeva: uvreda, [&hellip;]<\/p>\n","protected":false},"author":83,"featured_media":115197,"comment_status":"open","ping_status":"open","sticky":false,"template":"","format":"standard","meta":{"footnotes":""},"categories":[9538,802,798],"tags":[],"class_list":{"0":"post-115196","1":"post","2":"type-post","3":"status-publish","4":"format-standard","5":"has-post-thumbnail","7":"category-njemacka-dijaspora-gradovi-vase-vijesti","8":"category-islamska_zajednica","9":"category-teme"},"yoast_head":"<!-- This site is optimized with the Yoast SEO Premium plugin v23.1 (Yoast SEO v24.9) - https:\/\/yoast.com\/wordpress\/plugins\/seo\/ -->\n<title>U Islamskom kulturnom centru Bo\u0161njaka u K\u00f6lnu odr\u017eana me\u0111ureligijska molitva<\/title>\n<meta name=\"robots\" content=\"index, follow, max-snippet:-1, max-image-preview:large, max-video-preview:-1\" \/>\n<link rel=\"canonical\" href=\"https:\/\/sandzakpress.net\/arhiva\/u-islamskom-kulturnom-centru-bosnjaka-u-kolnu-odrzana-medureligijska-molitva\/\" \/>\n<meta property=\"og:locale\" content=\"bs_BA\" \/>\n<meta property=\"og:type\" content=\"article\" \/>\n<meta property=\"og:title\" content=\"U Islamskom kulturnom centru Bo\u0161njaka u K\u00f6lnu odr\u017eana me\u0111ureligijska molitva\" \/>\n<meta property=\"og:description\" content=\"Njema\u010dka &#8211; Povodom Me\u0111unarodnog dana protiv nasilja nad \u017eenama je u K\u00f6lnu odr\u017eana me\u0111ureligijska molitva u kojoj su se muslimanske i hri\u0161\u0107anke molile za udovice i siro\u010dad kao i za svijet u kojem \u0107e \u017eene imati ve\u0107a prava. &nbsp; Nasilje u porodici je najra\u0161irenija vrsta nasilja nad \u017eenama. Pod nasiljem u porodici se podrazumijeva: uvreda, [&hellip;]\" \/>\n<meta property=\"og:url\" content=\"https:\/\/sandzakpress.net\/arhiva\/u-islamskom-kulturnom-centru-bosnjaka-u-kolnu-odrzana-medureligijska-molitva\/\" \/>\n<meta property=\"og:site_name\" content=\"Sand\u017eak PRESS\" \/>\n<meta property=\"article:published_time\" content=\"2014-11-26T11:00:02+00:00\" \/>\n<meta property=\"og:image\" content=\"https:\/\/sandzakpress.net\/arhiva\/wp-content\/uploads\/2014\/11\/0131.jpg\" \/>\n\t<meta property=\"og:image:width\" content=\"700\" \/>\n\t<meta property=\"og:image:height\" content=\"394\" \/>\n\t<meta property=\"og:image:type\" content=\"image\/jpeg\" \/>\n<meta name=\"author\" content=\"bosniak\" \/>\n<meta name=\"twitter:card\" content=\"summary_large_image\" \/>\n<meta name=\"twitter:label1\" content=\"Written by\" \/>\n\t<meta name=\"twitter:data1\" content=\"bosniak\" \/>\n\t<meta name=\"twitter:label2\" content=\"Est. reading time\" \/>\n\t<meta name=\"twitter:data2\" content=\"5 minuta\" \/>\n<script type=\"application\/ld+json\" class=\"yoast-schema-graph\">{\"@context\":\"https:\/\/schema.org\",\"@graph\":[{\"@type\":\"Article\",\"@id\":\"https:\/\/sandzakpress.net\/arhiva\/u-islamskom-kulturnom-centru-bosnjaka-u-kolnu-odrzana-medureligijska-molitva\/#article\",\"isPartOf\":{\"@id\":\"https:\/\/sandzakpress.net\/arhiva\/u-islamskom-kulturnom-centru-bosnjaka-u-kolnu-odrzana-medureligijska-molitva\/\"},\"author\":{\"name\":\"bosniak\",\"@id\":\"https:\/\/sandzakpress.net\/arhiva\/#\/schema\/person\/c8baee722073534b583ea7bdb2e36c02\"},\"headline\":\"U Islamskom kulturnom centru Bo\u0161njaka u K\u00f6lnu odr\u017eana me\u0111ureligijska molitva\",\"datePublished\":\"2014-11-26T11:00:02+00:00\",\"mainEntityOfPage\":{\"@id\":\"https:\/\/sandzakpress.net\/arhiva\/u-islamskom-kulturnom-centru-bosnjaka-u-kolnu-odrzana-medureligijska-molitva\/\"},\"wordCount\":953,\"commentCount\":0,\"publisher\":{\"@id\":\"https:\/\/sandzakpress.net\/arhiva\/#\/schema\/person\/6e72b67d6e51910a1117b3b483ba20bd\"},\"image\":{\"@id\":\"https:\/\/sandzakpress.net\/arhiva\/u-islamskom-kulturnom-centru-bosnjaka-u-kolnu-odrzana-medureligijska-molitva\/#primaryimage\"},\"thumbnailUrl\":\"https:\/\/sandzakpress.net\/arhiva\/wp-content\/uploads\/2014\/11\/0131.jpg\",\"articleSection\":[\"Njema\u010dka\",\"Islamska zajednica\",\"NAJNOVIJE\"],\"inLanguage\":\"bs-BA\",\"potentialAction\":[{\"@type\":\"CommentAction\",\"name\":\"Comment\",\"target\":[\"https:\/\/sandzakpress.net\/arhiva\/u-islamskom-kulturnom-centru-bosnjaka-u-kolnu-odrzana-medureligijska-molitva\/#respond\"]}]},{\"@type\":\"WebPage\",\"@id\":\"https:\/\/sandzakpress.net\/arhiva\/u-islamskom-kulturnom-centru-bosnjaka-u-kolnu-odrzana-medureligijska-molitva\/\",\"url\":\"https:\/\/sandzakpress.net\/arhiva\/u-islamskom-kulturnom-centru-bosnjaka-u-kolnu-odrzana-medureligijska-molitva\/\",\"name\":\"U Islamskom kulturnom centru Bo\u0161njaka u K\u00f6lnu odr\u017eana me\u0111ureligijska molitva\",\"isPartOf\":{\"@id\":\"https:\/\/sandzakpress.net\/arhiva\/#website\"},\"primaryImageOfPage\":{\"@id\":\"https:\/\/sandzakpress.net\/arhiva\/u-islamskom-kulturnom-centru-bosnjaka-u-kolnu-odrzana-medureligijska-molitva\/#primaryimage\"},\"image\":{\"@id\":\"https:\/\/sandzakpress.net\/arhiva\/u-islamskom-kulturnom-centru-bosnjaka-u-kolnu-odrzana-medureligijska-molitva\/#primaryimage\"},\"thumbnailUrl\":\"https:\/\/sandzakpress.net\/arhiva\/wp-content\/uploads\/2014\/11\/0131.jpg\",\"datePublished\":\"2014-11-26T11:00:02+00:00\",\"breadcrumb\":{\"@id\":\"https:\/\/sandzakpress.net\/arhiva\/u-islamskom-kulturnom-centru-bosnjaka-u-kolnu-odrzana-medureligijska-molitva\/#breadcrumb\"},\"inLanguage\":\"bs-BA\",\"potentialAction\":[{\"@type\":\"ReadAction\",\"target\":[\"https:\/\/sandzakpress.net\/arhiva\/u-islamskom-kulturnom-centru-bosnjaka-u-kolnu-odrzana-medureligijska-molitva\/\"]}]},{\"@type\":\"ImageObject\",\"inLanguage\":\"bs-BA\",\"@id\":\"https:\/\/sandzakpress.net\/arhiva\/u-islamskom-kulturnom-centru-bosnjaka-u-kolnu-odrzana-medureligijska-molitva\/#primaryimage\",\"url\":\"https:\/\/sandzakpress.net\/arhiva\/wp-content\/uploads\/2014\/11\/0131.jpg\",\"contentUrl\":\"https:\/\/sandzakpress.net\/arhiva\/wp-content\/uploads\/2014\/11\/0131.jpg\",\"width\":700,\"height\":394},{\"@type\":\"BreadcrumbList\",\"@id\":\"https:\/\/sandzakpress.net\/arhiva\/u-islamskom-kulturnom-centru-bosnjaka-u-kolnu-odrzana-medureligijska-molitva\/#breadcrumb\",\"itemListElement\":[{\"@type\":\"ListItem\",\"position\":1,\"name\":\"Home\",\"item\":\"https:\/\/sandzakpress.net\/arhiva\/\"},{\"@type\":\"ListItem\",\"position\":2,\"name\":\"U Islamskom kulturnom centru Bo\u0161njaka u K\u00f6lnu odr\u017eana me\u0111ureligijska molitva\"}]},{\"@type\":\"WebSite\",\"@id\":\"https:\/\/sandzakpress.net\/arhiva\/#website\",\"url\":\"https:\/\/sandzakpress.net\/arhiva\/\",\"name\":\"Sand\u017eak PRESS\",\"description\":\"Prve elektronske novine u Sand\u017eaku\",\"publisher\":{\"@id\":\"https:\/\/sandzakpress.net\/arhiva\/#\/schema\/person\/6e72b67d6e51910a1117b3b483ba20bd\"},\"potentialAction\":[{\"@type\":\"SearchAction\",\"target\":{\"@type\":\"EntryPoint\",\"urlTemplate\":\"https:\/\/sandzakpress.net\/arhiva\/?s={search_term_string}\"},\"query-input\":{\"@type\":\"PropertyValueSpecification\",\"valueRequired\":true,\"valueName\":\"search_term_string\"}}],\"inLanguage\":\"bs-BA\"},{\"@type\":[\"Person\",\"Organization\"],\"@id\":\"https:\/\/sandzakpress.net\/arhiva\/#\/schema\/person\/6e72b67d6e51910a1117b3b483ba20bd\",\"name\":\"Kul\",\"image\":{\"@type\":\"ImageObject\",\"inLanguage\":\"bs-BA\",\"@id\":\"https:\/\/sandzakpress.net\/arhiva\/#\/schema\/person\/image\/\",\"url\":\"https:\/\/secure.gravatar.com\/avatar\/42263f39aa27ac04c43cab85c280eb2e?s=96&d=mm&r=pg\",\"contentUrl\":\"https:\/\/secure.gravatar.com\/avatar\/42263f39aa27ac04c43cab85c280eb2e?s=96&d=mm&r=pg\",\"caption\":\"Kul\"},\"logo\":{\"@id\":\"https:\/\/sandzakpress.net\/arhiva\/#\/schema\/person\/image\/\"}},{\"@type\":\"Person\",\"@id\":\"https:\/\/sandzakpress.net\/arhiva\/#\/schema\/person\/c8baee722073534b583ea7bdb2e36c02\",\"name\":\"bosniak\",\"image\":{\"@type\":\"ImageObject\",\"inLanguage\":\"bs-BA\",\"@id\":\"https:\/\/sandzakpress.net\/arhiva\/#\/schema\/person\/image\/\",\"url\":\"https:\/\/secure.gravatar.com\/avatar\/a04fd330bfe3a36a72a0ad4a6d89fca7?s=96&d=mm&r=pg\",\"contentUrl\":\"https:\/\/secure.gravatar.com\/avatar\/a04fd330bfe3a36a72a0ad4a6d89fca7?s=96&d=mm&r=pg\",\"caption\":\"bosniak\"},\"url\":\"https:\/\/sandzakpress.net\/arhiva\/author\/bosniak\/\"}]}<\/script>\n<!-- \/ Yoast SEO Premium plugin. -->","yoast_head_json":{"title":"U Islamskom kulturnom centru Bo\u0161njaka u K\u00f6lnu odr\u017eana me\u0111ureligijska molitva","robots":{"index":"index","follow":"follow","max-snippet":"max-snippet:-1","max-image-preview":"max-image-preview:large","max-video-preview":"max-video-preview:-1"},"canonical":"https:\/\/sandzakpress.net\/arhiva\/u-islamskom-kulturnom-centru-bosnjaka-u-kolnu-odrzana-medureligijska-molitva\/","og_locale":"bs_BA","og_type":"article","og_title":"U Islamskom kulturnom centru Bo\u0161njaka u K\u00f6lnu odr\u017eana me\u0111ureligijska molitva","og_description":"Njema\u010dka &#8211; Povodom Me\u0111unarodnog dana protiv nasilja nad \u017eenama je u K\u00f6lnu odr\u017eana me\u0111ureligijska molitva u kojoj su se muslimanske i hri\u0161\u0107anke molile za udovice i siro\u010dad kao i za svijet u kojem \u0107e \u017eene imati ve\u0107a prava. &nbsp; Nasilje u porodici je najra\u0161irenija vrsta nasilja nad \u017eenama. Pod nasiljem u porodici se podrazumijeva: uvreda, [&hellip;]","og_url":"https:\/\/sandzakpress.net\/arhiva\/u-islamskom-kulturnom-centru-bosnjaka-u-kolnu-odrzana-medureligijska-molitva\/","og_site_name":"Sand\u017eak PRESS","article_published_time":"2014-11-26T11:00:02+00:00","og_image":[{"width":700,"height":394,"url":"https:\/\/sandzakpress.net\/arhiva\/wp-content\/uploads\/2014\/11\/0131.jpg","type":"image\/jpeg"}],"author":"bosniak","twitter_card":"summary_large_image","twitter_misc":{"Written by":"bosniak","Est. reading time":"5 minuta"},"schema":{"@context":"https:\/\/schema.org","@graph":[{"@type":"Article","@id":"https:\/\/sandzakpress.net\/arhiva\/u-islamskom-kulturnom-centru-bosnjaka-u-kolnu-odrzana-medureligijska-molitva\/#article","isPartOf":{"@id":"https:\/\/sandzakpress.net\/arhiva\/u-islamskom-kulturnom-centru-bosnjaka-u-kolnu-odrzana-medureligijska-molitva\/"},"author":{"name":"bosniak","@id":"https:\/\/sandzakpress.net\/arhiva\/#\/schema\/person\/c8baee722073534b583ea7bdb2e36c02"},"headline":"U Islamskom kulturnom centru Bo\u0161njaka u K\u00f6lnu odr\u017eana me\u0111ureligijska molitva","datePublished":"2014-11-26T11:00:02+00:00","mainEntityOfPage":{"@id":"https:\/\/sandzakpress.net\/arhiva\/u-islamskom-kulturnom-centru-bosnjaka-u-kolnu-odrzana-medureligijska-molitva\/"},"wordCount":953,"commentCount":0,"publisher":{"@id":"https:\/\/sandzakpress.net\/arhiva\/#\/schema\/person\/6e72b67d6e51910a1117b3b483ba20bd"},"image":{"@id":"https:\/\/sandzakpress.net\/arhiva\/u-islamskom-kulturnom-centru-bosnjaka-u-kolnu-odrzana-medureligijska-molitva\/#primaryimage"},"thumbnailUrl":"https:\/\/sandzakpress.net\/arhiva\/wp-content\/uploads\/2014\/11\/0131.jpg","articleSection":["Njema\u010dka","Islamska zajednica","NAJNOVIJE"],"inLanguage":"bs-BA","potentialAction":[{"@type":"CommentAction","name":"Comment","target":["https:\/\/sandzakpress.net\/arhiva\/u-islamskom-kulturnom-centru-bosnjaka-u-kolnu-odrzana-medureligijska-molitva\/#respond"]}]},{"@type":"WebPage","@id":"https:\/\/sandzakpress.net\/arhiva\/u-islamskom-kulturnom-centru-bosnjaka-u-kolnu-odrzana-medureligijska-molitva\/","url":"https:\/\/sandzakpress.net\/arhiva\/u-islamskom-kulturnom-centru-bosnjaka-u-kolnu-odrzana-medureligijska-molitva\/","name":"U Islamskom kulturnom centru Bo\u0161njaka u K\u00f6lnu odr\u017eana me\u0111ureligijska molitva","isPartOf":{"@id":"https:\/\/sandzakpress.net\/arhiva\/#website"},"primaryImageOfPage":{"@id":"https:\/\/sandzakpress.net\/arhiva\/u-islamskom-kulturnom-centru-bosnjaka-u-kolnu-odrzana-medureligijska-molitva\/#primaryimage"},"image":{"@id":"https:\/\/sandzakpress.net\/arhiva\/u-islamskom-kulturnom-centru-bosnjaka-u-kolnu-odrzana-medureligijska-molitva\/#primaryimage"},"thumbnailUrl":"https:\/\/sandzakpress.net\/arhiva\/wp-content\/uploads\/2014\/11\/0131.jpg","datePublished":"2014-11-26T11:00:02+00:00","breadcrumb":{"@id":"https:\/\/sandzakpress.net\/arhiva\/u-islamskom-kulturnom-centru-bosnjaka-u-kolnu-odrzana-medureligijska-molitva\/#breadcrumb"},"inLanguage":"bs-BA","potentialAction":[{"@type":"ReadAction","target":["https:\/\/sandzakpress.net\/arhiva\/u-islamskom-kulturnom-centru-bosnjaka-u-kolnu-odrzana-medureligijska-molitva\/"]}]},{"@type":"ImageObject","inLanguage":"bs-BA","@id":"https:\/\/sandzakpress.net\/arhiva\/u-islamskom-kulturnom-centru-bosnjaka-u-kolnu-odrzana-medureligijska-molitva\/#primaryimage","url":"https:\/\/sandzakpress.net\/arhiva\/wp-content\/uploads\/2014\/11\/0131.jpg","contentUrl":"https:\/\/sandzakpress.net\/arhiva\/wp-content\/uploads\/2014\/11\/0131.jpg","width":700,"height":394},{"@type":"BreadcrumbList","@id":"https:\/\/sandzakpress.net\/arhiva\/u-islamskom-kulturnom-centru-bosnjaka-u-kolnu-odrzana-medureligijska-molitva\/#breadcrumb","itemListElement":[{"@type":"ListItem","position":1,"name":"Home","item":"https:\/\/sandzakpress.net\/arhiva\/"},{"@type":"ListItem","position":2,"name":"U Islamskom kulturnom centru Bo\u0161njaka u K\u00f6lnu odr\u017eana me\u0111ureligijska molitva"}]},{"@type":"WebSite","@id":"https:\/\/sandzakpress.net\/arhiva\/#website","url":"https:\/\/sandzakpress.net\/arhiva\/","name":"Sand\u017eak PRESS","description":"Prve elektronske novine u Sand\u017eaku","publisher":{"@id":"https:\/\/sandzakpress.net\/arhiva\/#\/schema\/person\/6e72b67d6e51910a1117b3b483ba20bd"},"potentialAction":[{"@type":"SearchAction","target":{"@type":"EntryPoint","urlTemplate":"https:\/\/sandzakpress.net\/arhiva\/?s={search_term_string}"},"query-input":{"@type":"PropertyValueSpecification","valueRequired":true,"valueName":"search_term_string"}}],"inLanguage":"bs-BA"},{"@type":["Person","Organization"],"@id":"https:\/\/sandzakpress.net\/arhiva\/#\/schema\/person\/6e72b67d6e51910a1117b3b483ba20bd","name":"Kul","image":{"@type":"ImageObject","inLanguage":"bs-BA","@id":"https:\/\/sandzakpress.net\/arhiva\/#\/schema\/person\/image\/","url":"https:\/\/secure.gravatar.com\/avatar\/42263f39aa27ac04c43cab85c280eb2e?s=96&d=mm&r=pg","contentUrl":"https:\/\/secure.gravatar.com\/avatar\/42263f39aa27ac04c43cab85c280eb2e?s=96&d=mm&r=pg","caption":"Kul"},"logo":{"@id":"https:\/\/sandzakpress.net\/arhiva\/#\/schema\/person\/image\/"}},{"@type":"Person","@id":"https:\/\/sandzakpress.net\/arhiva\/#\/schema\/person\/c8baee722073534b583ea7bdb2e36c02","name":"bosniak","image":{"@type":"ImageObject","inLanguage":"bs-BA","@id":"https:\/\/sandzakpress.net\/arhiva\/#\/schema\/person\/image\/","url":"https:\/\/secure.gravatar.com\/avatar\/a04fd330bfe3a36a72a0ad4a6d89fca7?s=96&d=mm&r=pg","contentUrl":"https:\/\/secure.gravatar.com\/avatar\/a04fd330bfe3a36a72a0ad4a6d89fca7?s=96&d=mm&r=pg","caption":"bosniak"},"url":"https:\/\/sandzakpress.net\/arhiva\/author\/bosniak\/"}]}},"_links":{"self":[{"href":"https:\/\/sandzakpress.net\/arhiva\/wp-json\/wp\/v2\/posts\/115196"}],"collection":[{"href":"https:\/\/sandzakpress.net\/arhiva\/wp-json\/wp\/v2\/posts"}],"about":[{"href":"https:\/\/sandzakpress.net\/arhiva\/wp-json\/wp\/v2\/types\/post"}],"author":[{"embeddable":true,"href":"https:\/\/sandzakpress.net\/arhiva\/wp-json\/wp\/v2\/users\/83"}],"replies":[{"embeddable":true,"href":"https:\/\/sandzakpress.net\/arhiva\/wp-json\/wp\/v2\/comments?post=115196"}],"version-history":[{"count":0,"href":"https:\/\/sandzakpress.net\/arhiva\/wp-json\/wp\/v2\/posts\/115196\/revisions"}],"wp:featuredmedia":[{"embeddable":true,"href":"https:\/\/sandzakpress.net\/arhiva\/wp-json\/wp\/v2\/media\/115197"}],"wp:attachment":[{"href":"https:\/\/sandzakpress.net\/arhiva\/wp-json\/wp\/v2\/media?parent=115196"}],"wp:term":[{"taxonomy":"category","embeddable":true,"href":"https:\/\/sandzakpress.net\/arhiva\/wp-json\/wp\/v2\/categories?post=115196"},{"taxonomy":"post_tag","embeddable":true,"href":"https:\/\/sandzakpress.net\/arhiva\/wp-json\/wp\/v2\/tags?post=115196"}],"curies":[{"name":"wp","href":"https:\/\/api.w.org\/{rel}","templated":true}]}}