{"id":115076,"date":"2014-11-25T11:08:45","date_gmt":"2014-11-25T10:08:45","guid":{"rendered":"https:\/\/sandzakpress.net\/arhiva\/?p=115076"},"modified":"2014-11-25T11:08:45","modified_gmt":"2014-11-25T10:08:45","slug":"ugljanin-najvece-zlo-je-mijesanje-politicara-u-vjerska-pitanja-i-mijesanje-vjerskih-poglavara-u-politicka-pitanja","status":"publish","type":"post","link":"https:\/\/sandzakpress.net\/arhiva\/ugljanin-najvece-zlo-je-mijesanje-politicara-u-vjerska-pitanja-i-mijesanje-vjerskih-poglavara-u-politicka-pitanja\/","title":{"rendered":"Ugljanin &#8211; Najve\u0107e zlo je mije\u0161anje politi\u010dara u vjerska pitanja, i mije\u0161anje vjerskih poglavara u politi\u010dka pitanja"},"content":{"rendered":"<p><img decoding=\"async\" src=\"http:\/\/www.info-ks.net\/slike\/clanci\/slike\/2014\/novembar\/Sulejman-Ugljanin.jpg\" alt=\"\" \/><\/p>\n<p><strong>Novi Pazar, Kosovo &#8211; Novoizabrani predsjednik Bo\u0161nja\u010dkog nacionalnog vije\u0107a u Srbiji, dr. Sulejman Ugljanin, izjavio je da je njegov cilj da ujedini sve bo\u0161nja\u010dke nacionalne institucije i ugledne Bo\u0161njake, da ula\u017eu svoje znanje i svoje spozobnosti i da budu servis ovom legitimno izabranom organu Bo\u0161njaka, a koji \u0107e biti na usluzi svim Bo\u0161njacima. On je kazao da su izbori za nacionalno vije\u0107e protekli u najboljem, mogu\u0107em redu.<\/strong><\/p>\n<p>U intervjuu za program na bosanskom jeziku Radio Kosova 2, on je naglasio da najve\u0107e zlo koje mo\u017ee da postoji je me\u0161anje politi\u010dara u vjerska pitanja, i me\u0161anje vjerskih poglavara u politi\u010dka pitanja.<\/p>\n<p>&#8220;Svako \u0107e u nacionalnom vije\u0107u na\u0107i svoje mjesto, bez obzira na politi\u010dko, stran\u010dko ili druga opredeljenja. Ovo vije\u0107e pripada svim Bo\u0161njacima, svima \u0107e biti vrata otvorena, i sva pitanja \u0107e tu biti re\u0161avana&#8221;, kazao je Ugljanin.<br \/>\nN\u0430cion\u0430lno vije\u0107e u Srbiji predst\u0430vlj\u0430 n\u0430cion\u0430lnu m\u0430njinu u obl\u0430sti obr\u0430zov\u0430nj\u0430, kulture, ob\u0430ve\u0161t\u0430v\u0430nj\u0430 n\u0430 jeziku n\u0430cion\u0430lne m\u0430njine i slu\u017ebene upotrebe jezik\u0430 i pism\u0430, u\u010destvuje u procesu odlu\u010div\u0430nj\u0430 ili odlu\u010duje o pit\u0430njim\u0430 iz tih obl\u0430sti i osniv\u0430 ust\u0430nove, privredn\u0430 dru\u0161tv\u0430 i druge org\u0430niz\u0430cije iz ovih obl\u0430sti.<\/p>\n<p>Ugljanin ka\u017ee da se na najbolji mogu\u0107i na\u010din trebaju re\u0161iti svi nagomilani problemi sa kojima se Bo\u0161njaci suo\u010davaju i za\u0161tite individualna i kolektivna prava bo\u0161nja\u010dke zajednice u Srbiji.<br \/>\nZlo\u010dini koji su po\u010dinjeni nad Bo\u0161njacima u periodu od 1990 \u2013 2000 god., a koji nisu rije\u0161eni, je hroni\u010dna bolest ove zajednice, kazao je on. U pitanju su pitanja nestalih Bo\u0161njaka, kidnapovanje Bo\u0161njak, maltretiranja, pretresi u sand\u017ea\u010dkim porodicama i dr.<\/p>\n<p>Pored toga, Sand\u017eak je jedan od najsiroma\u0161nijih krajeva gdje se te\u0161ko \u017eivi, a pritom dr\u017eavni vrh nije planirao nikakve investicije.<br \/>\n&#8220;U Srbiji je nezaposleno 26 posto, a u Novom Pazaru 52 posto, u Tutinu i Sjenici jo\u0161 vi\u0161e. To je ne\u0161to mu\u010di nas i ono na \u010demu \u0107emo raditi kao vije\u0107e, ali i mi kao SDA Sand\u017eaka, mi \u0107emo sve te stavove BNV zastupati u Skup\u0161tini Srbije i tra\u017eiti od vlade i drugih organa da to ispune&#8221;, kazao je Ugljanin.<\/p>\n<p>Kada je Sand\u017eak u pitanju, Ugljanin dodaje da je klju\u010dni problem nepostojanje pravne dr\u017eave, odnosno nepostojanje vladavine prava i pravne sigurnosti.<br \/>\n&#8220;Mi moramo da izvr\u0161imo promene u tu\u017eila\u0161tvu, sudstvu i policiji i drugim dr\u017eavnim organima, a da Bo\u0161njaci dobiju onoliki procenat koliko im pripada. Kada to uredimo, stvori\u0107emo preduslove za vladavinu prava, a potom \u0107e i strani investitori da do\u0111u i otvaraju fabrike. Niko nije spreman da investira u Sand\u017eak, gdje jo\u0161 uvijek funkcioni\u0161e policijska i partijska dr\u017eava&#8221;.<br \/>\nUgljanin dodaje da dr\u017eavni vrh ni malo nije posvje\u0107en da pru\u017ei pomo\u0107 bo\u0161nja\u010dkoj zajednici u Sand\u017eaku.<\/p>\n<p>&#8220;Ja sam bio skoro \u0161est godina u vladi, i u\u010dinio sam vi\u0161e nego \u0161to je mogu\u0107e. Osnovao sam instituciju za odr\u017eiv razvoj nedovoljnih razvijenih podru\u010dja, gdje pored Sand\u017ea\u010dkih op\u0161tina, je jo\u0161 40 op\u0161tina u Srbiji. Me\u0111utim, na\u017ealost, ova vlada je to sada ugasila, i to je katastrofa za ovu dr\u017eavu, i za sve nerazvijene krajeve. Dr\u017eavni vrh ne pokazuje interes i ne pada im na pamet da razmi\u0161ljaju o Sand\u017eaku kada imaju stotine svojih li\u010dnih problema. Ovdje mi moramo da se oslonimo na sebe i na svoje vlastite snage. Mi moramo da na\u0111em jedan kra\u0107i put do EU, da koristimo EU fondove za na\u0161 razvoj. Ako \u010dekamo da ti fondovi do\u0111u preko Vlade Srbije, ovaj kraj nikada dinar ne\u0107e dobiti&#8221;, kazao je on.<br \/>\nUgljanin dodaje da dr\u017eava mora kona\u010dno da shvati izbornu volju Bo\u0161njaka i da prestane da name\u0107e svoje &#8220;privatne Bo\u0161njake kao lidere&#8221;.<br \/>\nUgljanin je dodao da je autonomija Sand\u017eaka jedna od osnovnih i ve\u010ditih ciljeva njegove partije, a u cilju br\u017eeg ekonomskog razvoja.<\/p>\n<p>&#8220;Kada smo pravili listu za Bo\u0161nja\u010dko jedinstvo, definisali smo kriterijume i principe za to. A jedan od kriterijuma i principa bio je priznavanje rezultata referenduma za potpunu autonomiju Sand\u017eaka iz 1991. godine. Druga stvar, autonomija je ne\u0161to \u0161to uop\u0161te ne \u0161teti ti dr\u017eavnom suverenitetu ni integritetu, ali rje\u0161ava jedno od najte\u017eih pitanja, a to je pitanje nerazvijenosti. \u0160ta hvali Njema\u010dkoj \u0161to ima 16 lendera? Zna\u010di, regionalizacija i autonomija Sand\u017eaka samo mogu da pomognu ekonomski razvoj zemlje, i mogu da skinu sa tereta dr\u017eavnog bud\u017eeta Sand\u017eak, i da mogu ljudi legitino i legalno da tra\u017ee fondove za svoje op\u0161tine direktno, bez uslovljavanja Brisela koje normalno dr\u017eave mogu da ispune. Ali, niko ne\u0107e uslovljavati ni prekograni\u010dnu regiju Sand\u017eak, koja je pola u Srbiji pola u Crnoj Gori. Niti \u0107e uslovljavati op\u0161tine\u201c, istakao je on.<\/p>\n<p>Na pitanje da li ima saradnju sa Bo\u0161njacima na Kosovu, s ozbirom i da je rodjen u Bo\u0161nja\u010dkoj mahali u sjevernom dijelu Mitrovice, on je priznao da je ta saradnja bila slaba, ali sada, nakon formiranja vije\u0107a i ja\u010danja SDA Sand\u017eaka koja sa Albancima iz Pre\u0161evske doline ima poslani\u010dki klub u Skup\u0161tini Srbije, mo\u017ee se posvjetiti i ve\u0107a saradnja sa Bo\u0161njacima na Kosovu.<\/p>\n<p>&#8220;Ja li\u010dno imam o obavezu jer sam tamo ro\u0111en. \u0160kolovao sam se u Pri\u0161tini a kasnije i po \u010ditavom svijetu. \u017delim dobro svim Bo\u0161njacima mada Bo\u0161nja\u010dka mahala danas je kao Vukovar. Ja sam bio savezni poslanik te 1999 kada su mojim ro\u0111acima zapalili ku\u0107u u Bo\u0161nja\u010dkoj mahali. Kada sam ja kao savezni poslanik do\u017eiveo takvu tragediju, \u0161ta je bilo tek sa drugim Bo\u0161njacima?<\/p>\n<p>Oni koji su ostali tu, trebaju da se konsoliduju, da se uklju\u010de u dru\u0161tvo i da iskoriste sve povoljnosti koje novo kosovsko dru\u0161tvo pru\u017ea u skladu sa svojim Ustavom i zakonom. Mi \u0107emo sada vrlo brzo, kao legitimni predstavnici Bo\u0161njaka, i u Parlamentu ali i u nacionalnom vije\u0107u, uspostaviti blisku saradnju i sa Bo\u0161njacima, i sa kosovskim zvani\u010dnim institucijama a u cilju toga da Bo\u0161njaci na\u0111u svoje mjesto u kosovskom dru\u0161tvu\u201c, poru\u010dio je Ugljanin.<\/p>\n<p>(Radio Kosovo 2 \/ Program na bosanskom jeziku)<\/p>\n","protected":false},"excerpt":{"rendered":"<p>Novi Pazar, Kosovo &#8211; Novoizabrani predsjednik Bo\u0161nja\u010dkog nacionalnog vije\u0107a u Srbiji, dr. Sulejman Ugljanin, izjavio je da je njegov cilj da ujedini sve bo\u0161nja\u010dke nacionalne institucije i ugledne Bo\u0161njake, da ula\u017eu svoje znanje i svoje spozobnosti i da budu servis ovom legitimno izabranom organu Bo\u0161njaka, a koji \u0107e biti na usluzi svim Bo\u0161njacima. On je [&hellip;]<\/p>\n","protected":false},"author":83,"featured_media":115077,"comment_status":"open","ping_status":"open","sticky":false,"template":"","format":"standard","meta":{"footnotes":""},"categories":[72,1,2690,8957],"tags":[10255,10269],"class_list":{"0":"post-115076","1":"post","2":"type-post","3":"status-publish","4":"format-standard","5":"has-post-thumbnail","7":"category-novi-pazar","8":"category-politika","9":"category-kosovo-gradovi","10":"category-vijesti-dana","11":"tag-sda","12":"tag-sulejman-ugljanin"},"yoast_head":"<!-- This site is optimized with the Yoast SEO Premium plugin v23.1 (Yoast SEO v24.9) - https:\/\/yoast.com\/wordpress\/plugins\/seo\/ -->\n<title>Ugljanin - Najve\u0107e zlo je mije\u0161anje politi\u010dara u vjerska pitanja, i mije\u0161anje vjerskih poglavara u politi\u010dka pitanja<\/title>\n<meta name=\"robots\" content=\"index, follow, max-snippet:-1, max-image-preview:large, max-video-preview:-1\" \/>\n<link rel=\"canonical\" href=\"https:\/\/sandzakpress.net\/arhiva\/ugljanin-najvece-zlo-je-mijesanje-politicara-u-vjerska-pitanja-i-mijesanje-vjerskih-poglavara-u-politicka-pitanja\/\" \/>\n<meta property=\"og:locale\" content=\"bs_BA\" \/>\n<meta property=\"og:type\" content=\"article\" \/>\n<meta property=\"og:title\" content=\"Ugljanin - Najve\u0107e zlo je mije\u0161anje politi\u010dara u vjerska pitanja, i mije\u0161anje vjerskih poglavara u politi\u010dka pitanja\" \/>\n<meta property=\"og:description\" content=\"Novi Pazar, Kosovo &#8211; Novoizabrani predsjednik Bo\u0161nja\u010dkog nacionalnog vije\u0107a u Srbiji, dr. Sulejman Ugljanin, izjavio je da je njegov cilj da ujedini sve bo\u0161nja\u010dke nacionalne institucije i ugledne Bo\u0161njake, da ula\u017eu svoje znanje i svoje spozobnosti i da budu servis ovom legitimno izabranom organu Bo\u0161njaka, a koji \u0107e biti na usluzi svim Bo\u0161njacima. On je [&hellip;]\" \/>\n<meta property=\"og:url\" content=\"https:\/\/sandzakpress.net\/arhiva\/ugljanin-najvece-zlo-je-mijesanje-politicara-u-vjerska-pitanja-i-mijesanje-vjerskih-poglavara-u-politicka-pitanja\/\" \/>\n<meta property=\"og:site_name\" content=\"Sand\u017eak PRESS\" \/>\n<meta property=\"article:published_time\" content=\"2014-11-25T10:08:45+00:00\" \/>\n<meta property=\"og:image\" content=\"https:\/\/sandzakpress.net\/arhiva\/wp-content\/uploads\/2014\/11\/Sulejman-Ugljanin.jpg\" \/>\n\t<meta property=\"og:image:width\" content=\"655\" \/>\n\t<meta property=\"og:image:height\" content=\"436\" \/>\n\t<meta property=\"og:image:type\" content=\"image\/jpeg\" \/>\n<meta name=\"author\" content=\"bosniak\" \/>\n<meta name=\"twitter:card\" content=\"summary_large_image\" \/>\n<meta name=\"twitter:label1\" content=\"Written by\" \/>\n\t<meta name=\"twitter:data1\" content=\"bosniak\" \/>\n\t<meta name=\"twitter:label2\" content=\"Est. reading time\" \/>\n\t<meta name=\"twitter:data2\" content=\"6 minuta\" \/>\n<script type=\"application\/ld+json\" class=\"yoast-schema-graph\">{\"@context\":\"https:\/\/schema.org\",\"@graph\":[{\"@type\":\"Article\",\"@id\":\"https:\/\/sandzakpress.net\/arhiva\/ugljanin-najvece-zlo-je-mijesanje-politicara-u-vjerska-pitanja-i-mijesanje-vjerskih-poglavara-u-politicka-pitanja\/#article\",\"isPartOf\":{\"@id\":\"https:\/\/sandzakpress.net\/arhiva\/ugljanin-najvece-zlo-je-mijesanje-politicara-u-vjerska-pitanja-i-mijesanje-vjerskih-poglavara-u-politicka-pitanja\/\"},\"author\":{\"name\":\"bosniak\",\"@id\":\"https:\/\/sandzakpress.net\/arhiva\/#\/schema\/person\/c8baee722073534b583ea7bdb2e36c02\"},\"headline\":\"Ugljanin &#8211; Najve\u0107e zlo je mije\u0161anje politi\u010dara u vjerska pitanja, i mije\u0161anje vjerskih poglavara u politi\u010dka pitanja\",\"datePublished\":\"2014-11-25T10:08:45+00:00\",\"mainEntityOfPage\":{\"@id\":\"https:\/\/sandzakpress.net\/arhiva\/ugljanin-najvece-zlo-je-mijesanje-politicara-u-vjerska-pitanja-i-mijesanje-vjerskih-poglavara-u-politicka-pitanja\/\"},\"wordCount\":1102,\"commentCount\":85,\"publisher\":{\"@id\":\"https:\/\/sandzakpress.net\/arhiva\/#\/schema\/person\/6e72b67d6e51910a1117b3b483ba20bd\"},\"image\":{\"@id\":\"https:\/\/sandzakpress.net\/arhiva\/ugljanin-najvece-zlo-je-mijesanje-politicara-u-vjerska-pitanja-i-mijesanje-vjerskih-poglavara-u-politicka-pitanja\/#primaryimage\"},\"thumbnailUrl\":\"https:\/\/sandzakpress.net\/arhiva\/wp-content\/uploads\/2014\/11\/Sulejman-Ugljanin.jpg\",\"keywords\":[\"SDA\",\"Sulejman Ugljanin\"],\"articleSection\":[\"Novi Pazar\",\"Politika\",\"Kosovo\",\"VIJESTI DANA\"],\"inLanguage\":\"bs-BA\",\"potentialAction\":[{\"@type\":\"CommentAction\",\"name\":\"Comment\",\"target\":[\"https:\/\/sandzakpress.net\/arhiva\/ugljanin-najvece-zlo-je-mijesanje-politicara-u-vjerska-pitanja-i-mijesanje-vjerskih-poglavara-u-politicka-pitanja\/#respond\"]}]},{\"@type\":\"WebPage\",\"@id\":\"https:\/\/sandzakpress.net\/arhiva\/ugljanin-najvece-zlo-je-mijesanje-politicara-u-vjerska-pitanja-i-mijesanje-vjerskih-poglavara-u-politicka-pitanja\/\",\"url\":\"https:\/\/sandzakpress.net\/arhiva\/ugljanin-najvece-zlo-je-mijesanje-politicara-u-vjerska-pitanja-i-mijesanje-vjerskih-poglavara-u-politicka-pitanja\/\",\"name\":\"Ugljanin - Najve\u0107e zlo je mije\u0161anje politi\u010dara u vjerska pitanja, i mije\u0161anje vjerskih poglavara u politi\u010dka pitanja\",\"isPartOf\":{\"@id\":\"https:\/\/sandzakpress.net\/arhiva\/#website\"},\"primaryImageOfPage\":{\"@id\":\"https:\/\/sandzakpress.net\/arhiva\/ugljanin-najvece-zlo-je-mijesanje-politicara-u-vjerska-pitanja-i-mijesanje-vjerskih-poglavara-u-politicka-pitanja\/#primaryimage\"},\"image\":{\"@id\":\"https:\/\/sandzakpress.net\/arhiva\/ugljanin-najvece-zlo-je-mijesanje-politicara-u-vjerska-pitanja-i-mijesanje-vjerskih-poglavara-u-politicka-pitanja\/#primaryimage\"},\"thumbnailUrl\":\"https:\/\/sandzakpress.net\/arhiva\/wp-content\/uploads\/2014\/11\/Sulejman-Ugljanin.jpg\",\"datePublished\":\"2014-11-25T10:08:45+00:00\",\"breadcrumb\":{\"@id\":\"https:\/\/sandzakpress.net\/arhiva\/ugljanin-najvece-zlo-je-mijesanje-politicara-u-vjerska-pitanja-i-mijesanje-vjerskih-poglavara-u-politicka-pitanja\/#breadcrumb\"},\"inLanguage\":\"bs-BA\",\"potentialAction\":[{\"@type\":\"ReadAction\",\"target\":[\"https:\/\/sandzakpress.net\/arhiva\/ugljanin-najvece-zlo-je-mijesanje-politicara-u-vjerska-pitanja-i-mijesanje-vjerskih-poglavara-u-politicka-pitanja\/\"]}]},{\"@type\":\"ImageObject\",\"inLanguage\":\"bs-BA\",\"@id\":\"https:\/\/sandzakpress.net\/arhiva\/ugljanin-najvece-zlo-je-mijesanje-politicara-u-vjerska-pitanja-i-mijesanje-vjerskih-poglavara-u-politicka-pitanja\/#primaryimage\",\"url\":\"https:\/\/sandzakpress.net\/arhiva\/wp-content\/uploads\/2014\/11\/Sulejman-Ugljanin.jpg\",\"contentUrl\":\"https:\/\/sandzakpress.net\/arhiva\/wp-content\/uploads\/2014\/11\/Sulejman-Ugljanin.jpg\",\"width\":655,\"height\":436},{\"@type\":\"BreadcrumbList\",\"@id\":\"https:\/\/sandzakpress.net\/arhiva\/ugljanin-najvece-zlo-je-mijesanje-politicara-u-vjerska-pitanja-i-mijesanje-vjerskih-poglavara-u-politicka-pitanja\/#breadcrumb\",\"itemListElement\":[{\"@type\":\"ListItem\",\"position\":1,\"name\":\"Home\",\"item\":\"https:\/\/sandzakpress.net\/arhiva\/\"},{\"@type\":\"ListItem\",\"position\":2,\"name\":\"Ugljanin &#8211; Najve\u0107e zlo je mije\u0161anje politi\u010dara u vjerska pitanja, i mije\u0161anje vjerskih poglavara u politi\u010dka pitanja\"}]},{\"@type\":\"WebSite\",\"@id\":\"https:\/\/sandzakpress.net\/arhiva\/#website\",\"url\":\"https:\/\/sandzakpress.net\/arhiva\/\",\"name\":\"Sand\u017eak PRESS\",\"description\":\"Prve elektronske novine u Sand\u017eaku\",\"publisher\":{\"@id\":\"https:\/\/sandzakpress.net\/arhiva\/#\/schema\/person\/6e72b67d6e51910a1117b3b483ba20bd\"},\"potentialAction\":[{\"@type\":\"SearchAction\",\"target\":{\"@type\":\"EntryPoint\",\"urlTemplate\":\"https:\/\/sandzakpress.net\/arhiva\/?s={search_term_string}\"},\"query-input\":{\"@type\":\"PropertyValueSpecification\",\"valueRequired\":true,\"valueName\":\"search_term_string\"}}],\"inLanguage\":\"bs-BA\"},{\"@type\":[\"Person\",\"Organization\"],\"@id\":\"https:\/\/sandzakpress.net\/arhiva\/#\/schema\/person\/6e72b67d6e51910a1117b3b483ba20bd\",\"name\":\"Kul\",\"image\":{\"@type\":\"ImageObject\",\"inLanguage\":\"bs-BA\",\"@id\":\"https:\/\/sandzakpress.net\/arhiva\/#\/schema\/person\/image\/\",\"url\":\"https:\/\/secure.gravatar.com\/avatar\/42263f39aa27ac04c43cab85c280eb2e?s=96&d=mm&r=pg\",\"contentUrl\":\"https:\/\/secure.gravatar.com\/avatar\/42263f39aa27ac04c43cab85c280eb2e?s=96&d=mm&r=pg\",\"caption\":\"Kul\"},\"logo\":{\"@id\":\"https:\/\/sandzakpress.net\/arhiva\/#\/schema\/person\/image\/\"}},{\"@type\":\"Person\",\"@id\":\"https:\/\/sandzakpress.net\/arhiva\/#\/schema\/person\/c8baee722073534b583ea7bdb2e36c02\",\"name\":\"bosniak\",\"image\":{\"@type\":\"ImageObject\",\"inLanguage\":\"bs-BA\",\"@id\":\"https:\/\/sandzakpress.net\/arhiva\/#\/schema\/person\/image\/\",\"url\":\"https:\/\/secure.gravatar.com\/avatar\/a04fd330bfe3a36a72a0ad4a6d89fca7?s=96&d=mm&r=pg\",\"contentUrl\":\"https:\/\/secure.gravatar.com\/avatar\/a04fd330bfe3a36a72a0ad4a6d89fca7?s=96&d=mm&r=pg\",\"caption\":\"bosniak\"},\"url\":\"https:\/\/sandzakpress.net\/arhiva\/author\/bosniak\/\"}]}<\/script>\n<!-- \/ Yoast SEO Premium plugin. -->","yoast_head_json":{"title":"Ugljanin - Najve\u0107e zlo je mije\u0161anje politi\u010dara u vjerska pitanja, i mije\u0161anje vjerskih poglavara u politi\u010dka pitanja","robots":{"index":"index","follow":"follow","max-snippet":"max-snippet:-1","max-image-preview":"max-image-preview:large","max-video-preview":"max-video-preview:-1"},"canonical":"https:\/\/sandzakpress.net\/arhiva\/ugljanin-najvece-zlo-je-mijesanje-politicara-u-vjerska-pitanja-i-mijesanje-vjerskih-poglavara-u-politicka-pitanja\/","og_locale":"bs_BA","og_type":"article","og_title":"Ugljanin - Najve\u0107e zlo je mije\u0161anje politi\u010dara u vjerska pitanja, i mije\u0161anje vjerskih poglavara u politi\u010dka pitanja","og_description":"Novi Pazar, Kosovo &#8211; Novoizabrani predsjednik Bo\u0161nja\u010dkog nacionalnog vije\u0107a u Srbiji, dr. Sulejman Ugljanin, izjavio je da je njegov cilj da ujedini sve bo\u0161nja\u010dke nacionalne institucije i ugledne Bo\u0161njake, da ula\u017eu svoje znanje i svoje spozobnosti i da budu servis ovom legitimno izabranom organu Bo\u0161njaka, a koji \u0107e biti na usluzi svim Bo\u0161njacima. On je [&hellip;]","og_url":"https:\/\/sandzakpress.net\/arhiva\/ugljanin-najvece-zlo-je-mijesanje-politicara-u-vjerska-pitanja-i-mijesanje-vjerskih-poglavara-u-politicka-pitanja\/","og_site_name":"Sand\u017eak PRESS","article_published_time":"2014-11-25T10:08:45+00:00","og_image":[{"width":655,"height":436,"url":"https:\/\/sandzakpress.net\/arhiva\/wp-content\/uploads\/2014\/11\/Sulejman-Ugljanin.jpg","type":"image\/jpeg"}],"author":"bosniak","twitter_card":"summary_large_image","twitter_misc":{"Written by":"bosniak","Est. reading time":"6 minuta"},"schema":{"@context":"https:\/\/schema.org","@graph":[{"@type":"Article","@id":"https:\/\/sandzakpress.net\/arhiva\/ugljanin-najvece-zlo-je-mijesanje-politicara-u-vjerska-pitanja-i-mijesanje-vjerskih-poglavara-u-politicka-pitanja\/#article","isPartOf":{"@id":"https:\/\/sandzakpress.net\/arhiva\/ugljanin-najvece-zlo-je-mijesanje-politicara-u-vjerska-pitanja-i-mijesanje-vjerskih-poglavara-u-politicka-pitanja\/"},"author":{"name":"bosniak","@id":"https:\/\/sandzakpress.net\/arhiva\/#\/schema\/person\/c8baee722073534b583ea7bdb2e36c02"},"headline":"Ugljanin &#8211; Najve\u0107e zlo je mije\u0161anje politi\u010dara u vjerska pitanja, i mije\u0161anje vjerskih poglavara u politi\u010dka pitanja","datePublished":"2014-11-25T10:08:45+00:00","mainEntityOfPage":{"@id":"https:\/\/sandzakpress.net\/arhiva\/ugljanin-najvece-zlo-je-mijesanje-politicara-u-vjerska-pitanja-i-mijesanje-vjerskih-poglavara-u-politicka-pitanja\/"},"wordCount":1102,"commentCount":85,"publisher":{"@id":"https:\/\/sandzakpress.net\/arhiva\/#\/schema\/person\/6e72b67d6e51910a1117b3b483ba20bd"},"image":{"@id":"https:\/\/sandzakpress.net\/arhiva\/ugljanin-najvece-zlo-je-mijesanje-politicara-u-vjerska-pitanja-i-mijesanje-vjerskih-poglavara-u-politicka-pitanja\/#primaryimage"},"thumbnailUrl":"https:\/\/sandzakpress.net\/arhiva\/wp-content\/uploads\/2014\/11\/Sulejman-Ugljanin.jpg","keywords":["SDA","Sulejman Ugljanin"],"articleSection":["Novi Pazar","Politika","Kosovo","VIJESTI DANA"],"inLanguage":"bs-BA","potentialAction":[{"@type":"CommentAction","name":"Comment","target":["https:\/\/sandzakpress.net\/arhiva\/ugljanin-najvece-zlo-je-mijesanje-politicara-u-vjerska-pitanja-i-mijesanje-vjerskih-poglavara-u-politicka-pitanja\/#respond"]}]},{"@type":"WebPage","@id":"https:\/\/sandzakpress.net\/arhiva\/ugljanin-najvece-zlo-je-mijesanje-politicara-u-vjerska-pitanja-i-mijesanje-vjerskih-poglavara-u-politicka-pitanja\/","url":"https:\/\/sandzakpress.net\/arhiva\/ugljanin-najvece-zlo-je-mijesanje-politicara-u-vjerska-pitanja-i-mijesanje-vjerskih-poglavara-u-politicka-pitanja\/","name":"Ugljanin - Najve\u0107e zlo je mije\u0161anje politi\u010dara u vjerska pitanja, i mije\u0161anje vjerskih poglavara u politi\u010dka pitanja","isPartOf":{"@id":"https:\/\/sandzakpress.net\/arhiva\/#website"},"primaryImageOfPage":{"@id":"https:\/\/sandzakpress.net\/arhiva\/ugljanin-najvece-zlo-je-mijesanje-politicara-u-vjerska-pitanja-i-mijesanje-vjerskih-poglavara-u-politicka-pitanja\/#primaryimage"},"image":{"@id":"https:\/\/sandzakpress.net\/arhiva\/ugljanin-najvece-zlo-je-mijesanje-politicara-u-vjerska-pitanja-i-mijesanje-vjerskih-poglavara-u-politicka-pitanja\/#primaryimage"},"thumbnailUrl":"https:\/\/sandzakpress.net\/arhiva\/wp-content\/uploads\/2014\/11\/Sulejman-Ugljanin.jpg","datePublished":"2014-11-25T10:08:45+00:00","breadcrumb":{"@id":"https:\/\/sandzakpress.net\/arhiva\/ugljanin-najvece-zlo-je-mijesanje-politicara-u-vjerska-pitanja-i-mijesanje-vjerskih-poglavara-u-politicka-pitanja\/#breadcrumb"},"inLanguage":"bs-BA","potentialAction":[{"@type":"ReadAction","target":["https:\/\/sandzakpress.net\/arhiva\/ugljanin-najvece-zlo-je-mijesanje-politicara-u-vjerska-pitanja-i-mijesanje-vjerskih-poglavara-u-politicka-pitanja\/"]}]},{"@type":"ImageObject","inLanguage":"bs-BA","@id":"https:\/\/sandzakpress.net\/arhiva\/ugljanin-najvece-zlo-je-mijesanje-politicara-u-vjerska-pitanja-i-mijesanje-vjerskih-poglavara-u-politicka-pitanja\/#primaryimage","url":"https:\/\/sandzakpress.net\/arhiva\/wp-content\/uploads\/2014\/11\/Sulejman-Ugljanin.jpg","contentUrl":"https:\/\/sandzakpress.net\/arhiva\/wp-content\/uploads\/2014\/11\/Sulejman-Ugljanin.jpg","width":655,"height":436},{"@type":"BreadcrumbList","@id":"https:\/\/sandzakpress.net\/arhiva\/ugljanin-najvece-zlo-je-mijesanje-politicara-u-vjerska-pitanja-i-mijesanje-vjerskih-poglavara-u-politicka-pitanja\/#breadcrumb","itemListElement":[{"@type":"ListItem","position":1,"name":"Home","item":"https:\/\/sandzakpress.net\/arhiva\/"},{"@type":"ListItem","position":2,"name":"Ugljanin &#8211; Najve\u0107e zlo je mije\u0161anje politi\u010dara u vjerska pitanja, i mije\u0161anje vjerskih poglavara u politi\u010dka pitanja"}]},{"@type":"WebSite","@id":"https:\/\/sandzakpress.net\/arhiva\/#website","url":"https:\/\/sandzakpress.net\/arhiva\/","name":"Sand\u017eak PRESS","description":"Prve elektronske novine u Sand\u017eaku","publisher":{"@id":"https:\/\/sandzakpress.net\/arhiva\/#\/schema\/person\/6e72b67d6e51910a1117b3b483ba20bd"},"potentialAction":[{"@type":"SearchAction","target":{"@type":"EntryPoint","urlTemplate":"https:\/\/sandzakpress.net\/arhiva\/?s={search_term_string}"},"query-input":{"@type":"PropertyValueSpecification","valueRequired":true,"valueName":"search_term_string"}}],"inLanguage":"bs-BA"},{"@type":["Person","Organization"],"@id":"https:\/\/sandzakpress.net\/arhiva\/#\/schema\/person\/6e72b67d6e51910a1117b3b483ba20bd","name":"Kul","image":{"@type":"ImageObject","inLanguage":"bs-BA","@id":"https:\/\/sandzakpress.net\/arhiva\/#\/schema\/person\/image\/","url":"https:\/\/secure.gravatar.com\/avatar\/42263f39aa27ac04c43cab85c280eb2e?s=96&d=mm&r=pg","contentUrl":"https:\/\/secure.gravatar.com\/avatar\/42263f39aa27ac04c43cab85c280eb2e?s=96&d=mm&r=pg","caption":"Kul"},"logo":{"@id":"https:\/\/sandzakpress.net\/arhiva\/#\/schema\/person\/image\/"}},{"@type":"Person","@id":"https:\/\/sandzakpress.net\/arhiva\/#\/schema\/person\/c8baee722073534b583ea7bdb2e36c02","name":"bosniak","image":{"@type":"ImageObject","inLanguage":"bs-BA","@id":"https:\/\/sandzakpress.net\/arhiva\/#\/schema\/person\/image\/","url":"https:\/\/secure.gravatar.com\/avatar\/a04fd330bfe3a36a72a0ad4a6d89fca7?s=96&d=mm&r=pg","contentUrl":"https:\/\/secure.gravatar.com\/avatar\/a04fd330bfe3a36a72a0ad4a6d89fca7?s=96&d=mm&r=pg","caption":"bosniak"},"url":"https:\/\/sandzakpress.net\/arhiva\/author\/bosniak\/"}]}},"_links":{"self":[{"href":"https:\/\/sandzakpress.net\/arhiva\/wp-json\/wp\/v2\/posts\/115076"}],"collection":[{"href":"https:\/\/sandzakpress.net\/arhiva\/wp-json\/wp\/v2\/posts"}],"about":[{"href":"https:\/\/sandzakpress.net\/arhiva\/wp-json\/wp\/v2\/types\/post"}],"author":[{"embeddable":true,"href":"https:\/\/sandzakpress.net\/arhiva\/wp-json\/wp\/v2\/users\/83"}],"replies":[{"embeddable":true,"href":"https:\/\/sandzakpress.net\/arhiva\/wp-json\/wp\/v2\/comments?post=115076"}],"version-history":[{"count":0,"href":"https:\/\/sandzakpress.net\/arhiva\/wp-json\/wp\/v2\/posts\/115076\/revisions"}],"wp:featuredmedia":[{"embeddable":true,"href":"https:\/\/sandzakpress.net\/arhiva\/wp-json\/wp\/v2\/media\/115077"}],"wp:attachment":[{"href":"https:\/\/sandzakpress.net\/arhiva\/wp-json\/wp\/v2\/media?parent=115076"}],"wp:term":[{"taxonomy":"category","embeddable":true,"href":"https:\/\/sandzakpress.net\/arhiva\/wp-json\/wp\/v2\/categories?post=115076"},{"taxonomy":"post_tag","embeddable":true,"href":"https:\/\/sandzakpress.net\/arhiva\/wp-json\/wp\/v2\/tags?post=115076"}],"curies":[{"name":"wp","href":"https:\/\/api.w.org\/{rel}","templated":true}]}}