{"id":115004,"date":"2014-11-24T17:14:02","date_gmt":"2014-11-24T16:14:02","guid":{"rendered":"https:\/\/sandzakpress.net\/arhiva\/?p=115004"},"modified":"2014-11-24T17:14:02","modified_gmt":"2014-11-24T16:14:02","slug":"hrvatska-ce-stav-o-seselju-iznijeti-pred-un","status":"publish","type":"post","link":"https:\/\/sandzakpress.net\/arhiva\/hrvatska-ce-stav-o-seselju-iznijeti-pred-un\/","title":{"rendered":"Hrvatska \u0107e stav o \u0160e\u0161elju iznijeti pred UN"},"content":{"rendered":"<p><img decoding=\"async\" src=\"http:\/\/balkans.aljazeera.net\/sites\/staff.balkans.aljazeera.com\/files\/styles\/aljazeera_article_main_image\/public\/josipovic-skupstinasrbije-tanjug-rade-prelic_1.jpg?itok=vahNVvMS\" alt=\"Ivo Josipovi\u0107, Hrvatska, Vojislav \u0160e\u0161elj\" \/><\/p>\n<p><strong>Hrvatska &#8211; Problem je ideologija koju zastupa \u0160e\u0161elj i \u010dinjenica da jedan broj ljudi pristaje uz tu ideologiju, rekao Josipovi\u0107.<br \/>\n<\/strong><\/p>\n<p>Predsjednik Hrvatske Ivo Josipovi\u0107 najavio je u nedjelju kako \u0107e njegova dr\u017eava na sjednici Vije\u0107a sigurnosti UN-a sredinom decembra predstaviti svoja stajali\u0161ta o javnim istupima Vojislava \u0160e\u0161elja koga je Ha\u0161ki sud (ICTY) zbog humanitarnih razloga pustio na privremenu slobodu.<\/p>\n<p>\u201eDo sredine prosinca bit \u0107e rasprava o radu Ha\u0161kog suda u Vije\u0107u sigurnosti, vjerojatno i u Op\u0107oj skup\u0161tini, i pripremamo jedan nastup u kojem \u0107emo sve prezentirati Vije\u0107u sigurnosti i zatra\u017eiti da u okviru svojih nadle\u017enosti poduzme mjere koje ima\u201c, rekao je Josipovi\u0107 u razgovoru s novinarima na susretu s gra\u0111anima.<\/p>\n<p>Dodao je kako su u tom smislu obavljene konsultacije s hrvatskim ambasadorom pri UN-u.<\/p>\n<p>Naglasio je da je ideologija koju \u0160e\u0161elj zastupa u svojim istupima nakon izlaska iz zatvora \u201eduh iz boce\u201c koji pla\u0161i te da ga je potrebno ponovno \u201evratiti u bocu\u201c.<\/p>\n<p>Novinari su ga pitali kako gleda na ocjene srbijanskih vlasti da \u0160e\u0161elj nije bitan politi\u010dki faktor, a Josipovi\u0107 je odgovorio da \u0160e\u0161elj li\u010dno mo\u017eda i nije preveliki politi\u010dki faktor \u201es obzirom na stanje i bolest\u201c, ali da je problem njegova ideologija.<\/p>\n<p>\u201eZasigurno je ozbiljan problem ideologija koju zastupa i \u010dinjenica da jedan broj ljudi pristaje uz tu ideologiju. To je rekao bih duh iz boce koji s pravom pla\u0161i sve koji znaju \u0161to je bilo 90-ih i mislim da je zajedni\u010dka zada\u0107a svih, uklju\u010duju\u0107i EU i Srbiju, da taj duh vrati u bocu da vi\u0161e nikad ne zaleluja ovim prostorima\u201c, rekao je Josipovi\u0107.<\/p>\n<p>Pismo Meronu<\/p>\n<p>Upitan za komentar izjave srbijanskog potpredsjednika Vlade i ministra vanjskih poslova Ivice Da\u010di\u0107a da Hrvatska ne mo\u017ee dijeliti lekcije Srbiji vezano uz slu\u010daj \u0160e\u0161elj, Josipovi\u0107 je odgovorio kako je Da\u010di\u0107u poznato kakva je \u0160e\u0161eljeva ideologija kao i to koji su kriteriji za ulazak Srbije u EU.<\/p>\n<p>\u201ePrema tome, mora biti svjestan da kao \u0161to smo i mi ispunili uvjete, koji nisu samo uskla\u0111ivanje s tehni\u010dkim normama, nego su i odre\u0111eni standardi demokracije, da \u0107e i Srbija morati ispuniti te uvjete\u201c, poru\u010dio je hrvatski lider.<\/p>\n<p>Potvrdio je i da mu je predsjednik Ha\u0161kog suda Theodor Meron odgovorio na pismo koje mu je Josipovi\u0107 poslao nezadovoljan odlukom da se \u0160e\u0161elja pusti na privremenu slobodu.<\/p>\n<p>Josipovi\u0107 ka\u017ee da se Meron u pismu \u201ena neki na\u010din ogradio od odluke sudskog vije\u0107a\u201c, napisav\u0161i da ona nije u njegovoj nadle\u017enosti.<\/p>\n<p>\u201ePredsjednik suda, naravno, ne mo\u017ee nametnuti odluku Vije\u0107u, ali mislim da je dobro da ga kao predsjednika suda upozorim da ovakvim odlukama, koje idu kontra temelja zbog kojih je sud osnovan, Ha\u0161ki sud zapravo gubi smisao i generira jedno veliko nepovjerenje u me\u0111unarodnu pravdu i me\u0111unarodna sudi\u0161ta, \u010dak i kod nas koji smo veliki zagovornici me\u0111unarodne pravde\u201c, kazao je Josipovi\u0107.<\/p>\n<p>(Agencije)<\/p>\n","protected":false},"excerpt":{"rendered":"<p>Hrvatska &#8211; Problem je ideologija koju zastupa \u0160e\u0161elj i \u010dinjenica da jedan broj ljudi pristaje uz tu ideologiju, rekao Josipovi\u0107. Predsjednik Hrvatske Ivo Josipovi\u0107 najavio je u nedjelju kako \u0107e njegova dr\u017eava na sjednici Vije\u0107a sigurnosti UN-a sredinom decembra predstaviti svoja stajali\u0161ta o javnim istupima Vojislava \u0160e\u0161elja koga je Ha\u0161ki sud (ICTY) zbog humanitarnih razloga [&hellip;]<\/p>\n","protected":false},"author":83,"featured_media":115005,"comment_status":"open","ping_status":"open","sticky":false,"template":"","format":"standard","meta":{"footnotes":""},"categories":[1,10306,798],"tags":[],"class_list":{"0":"post-115004","1":"post","2":"type-post","3":"status-publish","4":"format-standard","5":"has-post-thumbnail","7":"category-politika","8":"category-hrvatska","9":"category-teme"},"yoast_head":"<!-- This site is optimized with the Yoast SEO Premium plugin v23.1 (Yoast SEO v24.9) - https:\/\/yoast.com\/wordpress\/plugins\/seo\/ -->\n<title>Hrvatska \u0107e stav o \u0160e\u0161elju iznijeti pred UN<\/title>\n<meta name=\"robots\" content=\"index, follow, max-snippet:-1, max-image-preview:large, max-video-preview:-1\" \/>\n<link rel=\"canonical\" href=\"https:\/\/sandzakpress.net\/arhiva\/hrvatska-ce-stav-o-seselju-iznijeti-pred-un\/\" \/>\n<meta property=\"og:locale\" content=\"bs_BA\" \/>\n<meta property=\"og:type\" content=\"article\" \/>\n<meta property=\"og:title\" content=\"Hrvatska \u0107e stav o \u0160e\u0161elju iznijeti pred UN\" \/>\n<meta property=\"og:description\" content=\"Hrvatska &#8211; Problem je ideologija koju zastupa \u0160e\u0161elj i \u010dinjenica da jedan broj ljudi pristaje uz tu ideologiju, rekao Josipovi\u0107. Predsjednik Hrvatske Ivo Josipovi\u0107 najavio je u nedjelju kako \u0107e njegova dr\u017eava na sjednici Vije\u0107a sigurnosti UN-a sredinom decembra predstaviti svoja stajali\u0161ta o javnim istupima Vojislava \u0160e\u0161elja koga je Ha\u0161ki sud (ICTY) zbog humanitarnih razloga [&hellip;]\" \/>\n<meta property=\"og:url\" content=\"https:\/\/sandzakpress.net\/arhiva\/hrvatska-ce-stav-o-seselju-iznijeti-pred-un\/\" \/>\n<meta property=\"og:site_name\" content=\"Sand\u017eak PRESS\" \/>\n<meta property=\"article:published_time\" content=\"2014-11-24T16:14:02+00:00\" \/>\n<meta property=\"og:image\" content=\"https:\/\/sandzakpress.net\/arhiva\/wp-content\/uploads\/2014\/11\/josipovic-skupstinasrbije-tanjug-rade-prelic_1.jpg\" \/>\n\t<meta property=\"og:image:width\" content=\"900\" \/>\n\t<meta property=\"og:image:height\" content=\"600\" \/>\n\t<meta property=\"og:image:type\" content=\"image\/jpeg\" \/>\n<meta name=\"author\" content=\"bosniak\" \/>\n<meta name=\"twitter:card\" content=\"summary_large_image\" \/>\n<meta name=\"twitter:label1\" content=\"Written by\" \/>\n\t<meta name=\"twitter:data1\" content=\"bosniak\" \/>\n\t<meta name=\"twitter:label2\" content=\"Est. reading time\" \/>\n\t<meta name=\"twitter:data2\" content=\"3 minute\" \/>\n<script type=\"application\/ld+json\" class=\"yoast-schema-graph\">{\"@context\":\"https:\/\/schema.org\",\"@graph\":[{\"@type\":\"Article\",\"@id\":\"https:\/\/sandzakpress.net\/arhiva\/hrvatska-ce-stav-o-seselju-iznijeti-pred-un\/#article\",\"isPartOf\":{\"@id\":\"https:\/\/sandzakpress.net\/arhiva\/hrvatska-ce-stav-o-seselju-iznijeti-pred-un\/\"},\"author\":{\"name\":\"bosniak\",\"@id\":\"https:\/\/sandzakpress.net\/arhiva\/#\/schema\/person\/c8baee722073534b583ea7bdb2e36c02\"},\"headline\":\"Hrvatska \u0107e stav o \u0160e\u0161elju iznijeti pred UN\",\"datePublished\":\"2014-11-24T16:14:02+00:00\",\"mainEntityOfPage\":{\"@id\":\"https:\/\/sandzakpress.net\/arhiva\/hrvatska-ce-stav-o-seselju-iznijeti-pred-un\/\"},\"wordCount\":516,\"commentCount\":0,\"publisher\":{\"@id\":\"https:\/\/sandzakpress.net\/arhiva\/#\/schema\/person\/6e72b67d6e51910a1117b3b483ba20bd\"},\"image\":{\"@id\":\"https:\/\/sandzakpress.net\/arhiva\/hrvatska-ce-stav-o-seselju-iznijeti-pred-un\/#primaryimage\"},\"thumbnailUrl\":\"https:\/\/sandzakpress.net\/arhiva\/wp-content\/uploads\/2014\/11\/josipovic-skupstinasrbije-tanjug-rade-prelic_1.jpg\",\"articleSection\":[\"Politika\",\"Hrvatska\",\"NAJNOVIJE\"],\"inLanguage\":\"bs-BA\",\"potentialAction\":[{\"@type\":\"CommentAction\",\"name\":\"Comment\",\"target\":[\"https:\/\/sandzakpress.net\/arhiva\/hrvatska-ce-stav-o-seselju-iznijeti-pred-un\/#respond\"]}]},{\"@type\":\"WebPage\",\"@id\":\"https:\/\/sandzakpress.net\/arhiva\/hrvatska-ce-stav-o-seselju-iznijeti-pred-un\/\",\"url\":\"https:\/\/sandzakpress.net\/arhiva\/hrvatska-ce-stav-o-seselju-iznijeti-pred-un\/\",\"name\":\"Hrvatska \u0107e stav o \u0160e\u0161elju iznijeti pred UN\",\"isPartOf\":{\"@id\":\"https:\/\/sandzakpress.net\/arhiva\/#website\"},\"primaryImageOfPage\":{\"@id\":\"https:\/\/sandzakpress.net\/arhiva\/hrvatska-ce-stav-o-seselju-iznijeti-pred-un\/#primaryimage\"},\"image\":{\"@id\":\"https:\/\/sandzakpress.net\/arhiva\/hrvatska-ce-stav-o-seselju-iznijeti-pred-un\/#primaryimage\"},\"thumbnailUrl\":\"https:\/\/sandzakpress.net\/arhiva\/wp-content\/uploads\/2014\/11\/josipovic-skupstinasrbije-tanjug-rade-prelic_1.jpg\",\"datePublished\":\"2014-11-24T16:14:02+00:00\",\"breadcrumb\":{\"@id\":\"https:\/\/sandzakpress.net\/arhiva\/hrvatska-ce-stav-o-seselju-iznijeti-pred-un\/#breadcrumb\"},\"inLanguage\":\"bs-BA\",\"potentialAction\":[{\"@type\":\"ReadAction\",\"target\":[\"https:\/\/sandzakpress.net\/arhiva\/hrvatska-ce-stav-o-seselju-iznijeti-pred-un\/\"]}]},{\"@type\":\"ImageObject\",\"inLanguage\":\"bs-BA\",\"@id\":\"https:\/\/sandzakpress.net\/arhiva\/hrvatska-ce-stav-o-seselju-iznijeti-pred-un\/#primaryimage\",\"url\":\"https:\/\/sandzakpress.net\/arhiva\/wp-content\/uploads\/2014\/11\/josipovic-skupstinasrbije-tanjug-rade-prelic_1.jpg\",\"contentUrl\":\"https:\/\/sandzakpress.net\/arhiva\/wp-content\/uploads\/2014\/11\/josipovic-skupstinasrbije-tanjug-rade-prelic_1.jpg\",\"width\":900,\"height\":600},{\"@type\":\"BreadcrumbList\",\"@id\":\"https:\/\/sandzakpress.net\/arhiva\/hrvatska-ce-stav-o-seselju-iznijeti-pred-un\/#breadcrumb\",\"itemListElement\":[{\"@type\":\"ListItem\",\"position\":1,\"name\":\"Home\",\"item\":\"https:\/\/sandzakpress.net\/arhiva\/\"},{\"@type\":\"ListItem\",\"position\":2,\"name\":\"Hrvatska \u0107e stav o \u0160e\u0161elju iznijeti pred UN\"}]},{\"@type\":\"WebSite\",\"@id\":\"https:\/\/sandzakpress.net\/arhiva\/#website\",\"url\":\"https:\/\/sandzakpress.net\/arhiva\/\",\"name\":\"Sand\u017eak PRESS\",\"description\":\"Prve elektronske novine u Sand\u017eaku\",\"publisher\":{\"@id\":\"https:\/\/sandzakpress.net\/arhiva\/#\/schema\/person\/6e72b67d6e51910a1117b3b483ba20bd\"},\"potentialAction\":[{\"@type\":\"SearchAction\",\"target\":{\"@type\":\"EntryPoint\",\"urlTemplate\":\"https:\/\/sandzakpress.net\/arhiva\/?s={search_term_string}\"},\"query-input\":{\"@type\":\"PropertyValueSpecification\",\"valueRequired\":true,\"valueName\":\"search_term_string\"}}],\"inLanguage\":\"bs-BA\"},{\"@type\":[\"Person\",\"Organization\"],\"@id\":\"https:\/\/sandzakpress.net\/arhiva\/#\/schema\/person\/6e72b67d6e51910a1117b3b483ba20bd\",\"name\":\"Kul\",\"image\":{\"@type\":\"ImageObject\",\"inLanguage\":\"bs-BA\",\"@id\":\"https:\/\/sandzakpress.net\/arhiva\/#\/schema\/person\/image\/\",\"url\":\"https:\/\/secure.gravatar.com\/avatar\/42263f39aa27ac04c43cab85c280eb2e?s=96&d=mm&r=pg\",\"contentUrl\":\"https:\/\/secure.gravatar.com\/avatar\/42263f39aa27ac04c43cab85c280eb2e?s=96&d=mm&r=pg\",\"caption\":\"Kul\"},\"logo\":{\"@id\":\"https:\/\/sandzakpress.net\/arhiva\/#\/schema\/person\/image\/\"}},{\"@type\":\"Person\",\"@id\":\"https:\/\/sandzakpress.net\/arhiva\/#\/schema\/person\/c8baee722073534b583ea7bdb2e36c02\",\"name\":\"bosniak\",\"image\":{\"@type\":\"ImageObject\",\"inLanguage\":\"bs-BA\",\"@id\":\"https:\/\/sandzakpress.net\/arhiva\/#\/schema\/person\/image\/\",\"url\":\"https:\/\/secure.gravatar.com\/avatar\/a04fd330bfe3a36a72a0ad4a6d89fca7?s=96&d=mm&r=pg\",\"contentUrl\":\"https:\/\/secure.gravatar.com\/avatar\/a04fd330bfe3a36a72a0ad4a6d89fca7?s=96&d=mm&r=pg\",\"caption\":\"bosniak\"},\"url\":\"https:\/\/sandzakpress.net\/arhiva\/author\/bosniak\/\"}]}<\/script>\n<!-- \/ Yoast SEO Premium plugin. -->","yoast_head_json":{"title":"Hrvatska \u0107e stav o \u0160e\u0161elju iznijeti pred UN","robots":{"index":"index","follow":"follow","max-snippet":"max-snippet:-1","max-image-preview":"max-image-preview:large","max-video-preview":"max-video-preview:-1"},"canonical":"https:\/\/sandzakpress.net\/arhiva\/hrvatska-ce-stav-o-seselju-iznijeti-pred-un\/","og_locale":"bs_BA","og_type":"article","og_title":"Hrvatska \u0107e stav o \u0160e\u0161elju iznijeti pred UN","og_description":"Hrvatska &#8211; Problem je ideologija koju zastupa \u0160e\u0161elj i \u010dinjenica da jedan broj ljudi pristaje uz tu ideologiju, rekao Josipovi\u0107. Predsjednik Hrvatske Ivo Josipovi\u0107 najavio je u nedjelju kako \u0107e njegova dr\u017eava na sjednici Vije\u0107a sigurnosti UN-a sredinom decembra predstaviti svoja stajali\u0161ta o javnim istupima Vojislava \u0160e\u0161elja koga je Ha\u0161ki sud (ICTY) zbog humanitarnih razloga [&hellip;]","og_url":"https:\/\/sandzakpress.net\/arhiva\/hrvatska-ce-stav-o-seselju-iznijeti-pred-un\/","og_site_name":"Sand\u017eak PRESS","article_published_time":"2014-11-24T16:14:02+00:00","og_image":[{"width":900,"height":600,"url":"https:\/\/sandzakpress.net\/arhiva\/wp-content\/uploads\/2014\/11\/josipovic-skupstinasrbije-tanjug-rade-prelic_1.jpg","type":"image\/jpeg"}],"author":"bosniak","twitter_card":"summary_large_image","twitter_misc":{"Written by":"bosniak","Est. reading time":"3 minute"},"schema":{"@context":"https:\/\/schema.org","@graph":[{"@type":"Article","@id":"https:\/\/sandzakpress.net\/arhiva\/hrvatska-ce-stav-o-seselju-iznijeti-pred-un\/#article","isPartOf":{"@id":"https:\/\/sandzakpress.net\/arhiva\/hrvatska-ce-stav-o-seselju-iznijeti-pred-un\/"},"author":{"name":"bosniak","@id":"https:\/\/sandzakpress.net\/arhiva\/#\/schema\/person\/c8baee722073534b583ea7bdb2e36c02"},"headline":"Hrvatska \u0107e stav o \u0160e\u0161elju iznijeti pred UN","datePublished":"2014-11-24T16:14:02+00:00","mainEntityOfPage":{"@id":"https:\/\/sandzakpress.net\/arhiva\/hrvatska-ce-stav-o-seselju-iznijeti-pred-un\/"},"wordCount":516,"commentCount":0,"publisher":{"@id":"https:\/\/sandzakpress.net\/arhiva\/#\/schema\/person\/6e72b67d6e51910a1117b3b483ba20bd"},"image":{"@id":"https:\/\/sandzakpress.net\/arhiva\/hrvatska-ce-stav-o-seselju-iznijeti-pred-un\/#primaryimage"},"thumbnailUrl":"https:\/\/sandzakpress.net\/arhiva\/wp-content\/uploads\/2014\/11\/josipovic-skupstinasrbije-tanjug-rade-prelic_1.jpg","articleSection":["Politika","Hrvatska","NAJNOVIJE"],"inLanguage":"bs-BA","potentialAction":[{"@type":"CommentAction","name":"Comment","target":["https:\/\/sandzakpress.net\/arhiva\/hrvatska-ce-stav-o-seselju-iznijeti-pred-un\/#respond"]}]},{"@type":"WebPage","@id":"https:\/\/sandzakpress.net\/arhiva\/hrvatska-ce-stav-o-seselju-iznijeti-pred-un\/","url":"https:\/\/sandzakpress.net\/arhiva\/hrvatska-ce-stav-o-seselju-iznijeti-pred-un\/","name":"Hrvatska \u0107e stav o \u0160e\u0161elju iznijeti pred UN","isPartOf":{"@id":"https:\/\/sandzakpress.net\/arhiva\/#website"},"primaryImageOfPage":{"@id":"https:\/\/sandzakpress.net\/arhiva\/hrvatska-ce-stav-o-seselju-iznijeti-pred-un\/#primaryimage"},"image":{"@id":"https:\/\/sandzakpress.net\/arhiva\/hrvatska-ce-stav-o-seselju-iznijeti-pred-un\/#primaryimage"},"thumbnailUrl":"https:\/\/sandzakpress.net\/arhiva\/wp-content\/uploads\/2014\/11\/josipovic-skupstinasrbije-tanjug-rade-prelic_1.jpg","datePublished":"2014-11-24T16:14:02+00:00","breadcrumb":{"@id":"https:\/\/sandzakpress.net\/arhiva\/hrvatska-ce-stav-o-seselju-iznijeti-pred-un\/#breadcrumb"},"inLanguage":"bs-BA","potentialAction":[{"@type":"ReadAction","target":["https:\/\/sandzakpress.net\/arhiva\/hrvatska-ce-stav-o-seselju-iznijeti-pred-un\/"]}]},{"@type":"ImageObject","inLanguage":"bs-BA","@id":"https:\/\/sandzakpress.net\/arhiva\/hrvatska-ce-stav-o-seselju-iznijeti-pred-un\/#primaryimage","url":"https:\/\/sandzakpress.net\/arhiva\/wp-content\/uploads\/2014\/11\/josipovic-skupstinasrbije-tanjug-rade-prelic_1.jpg","contentUrl":"https:\/\/sandzakpress.net\/arhiva\/wp-content\/uploads\/2014\/11\/josipovic-skupstinasrbije-tanjug-rade-prelic_1.jpg","width":900,"height":600},{"@type":"BreadcrumbList","@id":"https:\/\/sandzakpress.net\/arhiva\/hrvatska-ce-stav-o-seselju-iznijeti-pred-un\/#breadcrumb","itemListElement":[{"@type":"ListItem","position":1,"name":"Home","item":"https:\/\/sandzakpress.net\/arhiva\/"},{"@type":"ListItem","position":2,"name":"Hrvatska \u0107e stav o \u0160e\u0161elju iznijeti pred UN"}]},{"@type":"WebSite","@id":"https:\/\/sandzakpress.net\/arhiva\/#website","url":"https:\/\/sandzakpress.net\/arhiva\/","name":"Sand\u017eak PRESS","description":"Prve elektronske novine u Sand\u017eaku","publisher":{"@id":"https:\/\/sandzakpress.net\/arhiva\/#\/schema\/person\/6e72b67d6e51910a1117b3b483ba20bd"},"potentialAction":[{"@type":"SearchAction","target":{"@type":"EntryPoint","urlTemplate":"https:\/\/sandzakpress.net\/arhiva\/?s={search_term_string}"},"query-input":{"@type":"PropertyValueSpecification","valueRequired":true,"valueName":"search_term_string"}}],"inLanguage":"bs-BA"},{"@type":["Person","Organization"],"@id":"https:\/\/sandzakpress.net\/arhiva\/#\/schema\/person\/6e72b67d6e51910a1117b3b483ba20bd","name":"Kul","image":{"@type":"ImageObject","inLanguage":"bs-BA","@id":"https:\/\/sandzakpress.net\/arhiva\/#\/schema\/person\/image\/","url":"https:\/\/secure.gravatar.com\/avatar\/42263f39aa27ac04c43cab85c280eb2e?s=96&d=mm&r=pg","contentUrl":"https:\/\/secure.gravatar.com\/avatar\/42263f39aa27ac04c43cab85c280eb2e?s=96&d=mm&r=pg","caption":"Kul"},"logo":{"@id":"https:\/\/sandzakpress.net\/arhiva\/#\/schema\/person\/image\/"}},{"@type":"Person","@id":"https:\/\/sandzakpress.net\/arhiva\/#\/schema\/person\/c8baee722073534b583ea7bdb2e36c02","name":"bosniak","image":{"@type":"ImageObject","inLanguage":"bs-BA","@id":"https:\/\/sandzakpress.net\/arhiva\/#\/schema\/person\/image\/","url":"https:\/\/secure.gravatar.com\/avatar\/a04fd330bfe3a36a72a0ad4a6d89fca7?s=96&d=mm&r=pg","contentUrl":"https:\/\/secure.gravatar.com\/avatar\/a04fd330bfe3a36a72a0ad4a6d89fca7?s=96&d=mm&r=pg","caption":"bosniak"},"url":"https:\/\/sandzakpress.net\/arhiva\/author\/bosniak\/"}]}},"_links":{"self":[{"href":"https:\/\/sandzakpress.net\/arhiva\/wp-json\/wp\/v2\/posts\/115004"}],"collection":[{"href":"https:\/\/sandzakpress.net\/arhiva\/wp-json\/wp\/v2\/posts"}],"about":[{"href":"https:\/\/sandzakpress.net\/arhiva\/wp-json\/wp\/v2\/types\/post"}],"author":[{"embeddable":true,"href":"https:\/\/sandzakpress.net\/arhiva\/wp-json\/wp\/v2\/users\/83"}],"replies":[{"embeddable":true,"href":"https:\/\/sandzakpress.net\/arhiva\/wp-json\/wp\/v2\/comments?post=115004"}],"version-history":[{"count":0,"href":"https:\/\/sandzakpress.net\/arhiva\/wp-json\/wp\/v2\/posts\/115004\/revisions"}],"wp:featuredmedia":[{"embeddable":true,"href":"https:\/\/sandzakpress.net\/arhiva\/wp-json\/wp\/v2\/media\/115005"}],"wp:attachment":[{"href":"https:\/\/sandzakpress.net\/arhiva\/wp-json\/wp\/v2\/media?parent=115004"}],"wp:term":[{"taxonomy":"category","embeddable":true,"href":"https:\/\/sandzakpress.net\/arhiva\/wp-json\/wp\/v2\/categories?post=115004"},{"taxonomy":"post_tag","embeddable":true,"href":"https:\/\/sandzakpress.net\/arhiva\/wp-json\/wp\/v2\/tags?post=115004"}],"curies":[{"name":"wp","href":"https:\/\/api.w.org\/{rel}","templated":true}]}}