{"id":114798,"date":"2014-11-22T10:45:59","date_gmt":"2014-11-22T09:45:59","guid":{"rendered":"https:\/\/sandzakpress.net\/arhiva\/?p=114798"},"modified":"2014-11-22T10:51:43","modified_gmt":"2014-11-22T09:51:43","slug":"evropski-parlament-27-novembra-glasa-o-priznavanju-palestine-kao-drzave","status":"publish","type":"post","link":"https:\/\/sandzakpress.net\/arhiva\/evropski-parlament-27-novembra-glasa-o-priznavanju-palestine-kao-drzave\/","title":{"rendered":"Evropski parlament 27. novembra glasa o priznavanju Palestine kao dr\u017eave"},"content":{"rendered":"<p><img decoding=\"async\" src=\"http:\/\/www.trt.net.tr\/bosanski\/fotograf\/haberler\/detay\/evropski-parlament-27-novembra-glasa-o-prizna_trt-bosanski-33018.jpg\" alt=\"evropski-parlament-27-novembra-glasa-o-prizna\" \/><\/p>\n<p><strong>U Evropskom parlamentu \u0107e se 27. novembra glasati o Nacrtu odluke o priznavanju Palestine kao dr\u017eave.<br \/>\n<\/strong><br \/>\n\u010clan francuskih socijalista u Evropskom parlamentu Gilles Pargneaux je uputio Nacrt odluke o kojoj \u0107e se galasti na narednoj sjednici.<\/p>\n<p>On je na dru\u0161tvenoj mre\u017ei napisao da priznavanje Palestine kao dr\u017eave od strane Evropskog parlamenta mo\u017ee doprinijeti rje\u0161avanju izraelsko-palestinskog problema.<\/p>\n<p>Francuski parlamentarci su naveli da je za prevazila\u017eenje problema potrebna brza reakcija Evropskog parlamenta.<\/p>\n<p>Parlament \u0160panije prije nekoliko dana je jednoglasno prihvatio rezoluciju koja je upu\u0107ena vladi o priznanju dr\u017eave Palestine. Nakon Velike Britanije, \u0160panije i Irske, ju\u010de je grupa socijalista iz Francuske uputila parlamentu Nacrt odluke o priznavanju Palestine kao dr\u017eave. Pre\u0111vi\u0111a se da bi, ukoliko se 28. novembra odr\u017ei rasprava o pomenutom nacrtu, drugog decembra moglo biti odr\u017eano i glasanje.<\/p>\n<p>Ina\u010de, ova inicijativa dolazi samo nekoliko sedmica nakon \u0161to je britanski parlament 14. oktobra prihvatio s 274 glasa za i 12 protiv neobavezuju\u0107i prijedlog da se prizna dr\u017eava Palestina. Prijedlog nema prakti\u010dnog zna\u010daja, jer ne obavezuje britansku vladu da izmijeni trenutnu politiku priznanja Palestine dok se ne postigne mirovni sporazum izme\u0111u Izraela i Palestinaca.<\/p>\n<p>Do sada je \u0160vedska jedina evropska zemlja koja je priznala Palestinu tokom \u010dlanstva u EU. Osim \u0160vedske, Palestinu je priznalo jo\u0161 sedam \u010dlanica EU-a, ali prije ulaska u Uniju. To su \u010ce\u0161ka, Ma\u0111arska, Poljska, Bugarska, Rumunija, Malta i Ju\u017eni Kipar. Ina\u010de, Palestinu kao nezavisnu dr\u017eavu je priznalo vi\u0161e od 130 zemalja svijeta.<\/p>\n<p>(Anadolu Agency)<\/p>\n","protected":false},"excerpt":{"rendered":"<p>U Evropskom parlamentu \u0107e se 27. novembra glasati o Nacrtu odluke o priznavanju Palestine kao dr\u017eave. \u010clan francuskih socijalista u Evropskom parlamentu Gilles Pargneaux je uputio Nacrt odluke o kojoj \u0107e se galasti na narednoj sjednici. On je na dru\u0161tvenoj mre\u017ei napisao da priznavanje Palestine kao dr\u017eave od strane Evropskog parlamenta mo\u017ee doprinijeti rje\u0161avanju izraelsko-palestinskog [&hellip;]<\/p>\n","protected":false},"author":83,"featured_media":114800,"comment_status":"open","ping_status":"open","sticky":false,"template":"","format":"standard","meta":{"footnotes":""},"categories":[1,9550,9544,9548,9549,798,2693],"tags":[10249],"class_list":{"0":"post-114798","1":"post","2":"type-post","3":"status-publish","4":"format-standard","5":"has-post-thumbnail","7":"category-politika","8":"category-francuska-dijaspora-gradovi-vase-vijesti","9":"category-svicarska-dijaspora-gradovi-vase-vijesti","10":"category-belgija-dijaspora-gradovi-vase-vijesti","11":"category-luxemburg","12":"category-teme","13":"category-dijaspora-gradovi","14":"tag-palestina"},"yoast_head":"<!-- This site is optimized with the Yoast SEO Premium plugin v23.1 (Yoast SEO v24.9) - https:\/\/yoast.com\/wordpress\/plugins\/seo\/ -->\n<title>Evropski parlament 27. novembra glasa o priznavanju Palestine kao dr\u017eave<\/title>\n<meta name=\"robots\" content=\"index, follow, max-snippet:-1, max-image-preview:large, max-video-preview:-1\" \/>\n<link rel=\"canonical\" href=\"https:\/\/sandzakpress.net\/arhiva\/evropski-parlament-27-novembra-glasa-o-priznavanju-palestine-kao-drzave\/\" \/>\n<meta property=\"og:locale\" content=\"bs_BA\" \/>\n<meta property=\"og:type\" content=\"article\" \/>\n<meta property=\"og:title\" content=\"Evropski parlament 27. novembra glasa o priznavanju Palestine kao dr\u017eave\" \/>\n<meta property=\"og:description\" content=\"U Evropskom parlamentu \u0107e se 27. novembra glasati o Nacrtu odluke o priznavanju Palestine kao dr\u017eave. \u010clan francuskih socijalista u Evropskom parlamentu Gilles Pargneaux je uputio Nacrt odluke o kojoj \u0107e se galasti na narednoj sjednici. On je na dru\u0161tvenoj mre\u017ei napisao da priznavanje Palestine kao dr\u017eave od strane Evropskog parlamenta mo\u017ee doprinijeti rje\u0161avanju izraelsko-palestinskog [&hellip;]\" \/>\n<meta property=\"og:url\" content=\"https:\/\/sandzakpress.net\/arhiva\/evropski-parlament-27-novembra-glasa-o-priznavanju-palestine-kao-drzave\/\" \/>\n<meta property=\"og:site_name\" content=\"Sand\u017eak PRESS\" \/>\n<meta property=\"article:published_time\" content=\"2014-11-22T09:45:59+00:00\" \/>\n<meta property=\"article:modified_time\" content=\"2014-11-22T09:51:43+00:00\" \/>\n<meta property=\"og:image\" content=\"https:\/\/sandzakpress.net\/arhiva\/wp-content\/uploads\/2014\/11\/evropski-parlament-27-novembra-glasa-o-prizna_trt-bosanski-33018.jpg\" \/>\n\t<meta property=\"og:image:width\" content=\"600\" \/>\n\t<meta property=\"og:image:height\" content=\"408\" \/>\n\t<meta property=\"og:image:type\" content=\"image\/jpeg\" \/>\n<meta name=\"author\" content=\"bosniak\" \/>\n<meta name=\"twitter:card\" content=\"summary_large_image\" \/>\n<meta name=\"twitter:label1\" content=\"Written by\" \/>\n\t<meta name=\"twitter:data1\" content=\"bosniak\" \/>\n\t<meta name=\"twitter:label2\" content=\"Est. reading time\" \/>\n\t<meta name=\"twitter:data2\" content=\"1 minuta\" \/>\n<script type=\"application\/ld+json\" class=\"yoast-schema-graph\">{\"@context\":\"https:\/\/schema.org\",\"@graph\":[{\"@type\":\"Article\",\"@id\":\"https:\/\/sandzakpress.net\/arhiva\/evropski-parlament-27-novembra-glasa-o-priznavanju-palestine-kao-drzave\/#article\",\"isPartOf\":{\"@id\":\"https:\/\/sandzakpress.net\/arhiva\/evropski-parlament-27-novembra-glasa-o-priznavanju-palestine-kao-drzave\/\"},\"author\":{\"name\":\"bosniak\",\"@id\":\"https:\/\/sandzakpress.net\/arhiva\/#\/schema\/person\/c8baee722073534b583ea7bdb2e36c02\"},\"headline\":\"Evropski parlament 27. novembra glasa o priznavanju Palestine kao dr\u017eave\",\"datePublished\":\"2014-11-22T09:45:59+00:00\",\"dateModified\":\"2014-11-22T09:51:43+00:00\",\"mainEntityOfPage\":{\"@id\":\"https:\/\/sandzakpress.net\/arhiva\/evropski-parlament-27-novembra-glasa-o-priznavanju-palestine-kao-drzave\/\"},\"wordCount\":267,\"commentCount\":1,\"publisher\":{\"@id\":\"https:\/\/sandzakpress.net\/arhiva\/#\/schema\/person\/6e72b67d6e51910a1117b3b483ba20bd\"},\"image\":{\"@id\":\"https:\/\/sandzakpress.net\/arhiva\/evropski-parlament-27-novembra-glasa-o-priznavanju-palestine-kao-drzave\/#primaryimage\"},\"thumbnailUrl\":\"https:\/\/sandzakpress.net\/arhiva\/wp-content\/uploads\/2014\/11\/evropski-parlament-27-novembra-glasa-o-prizna_trt-bosanski-33018.jpg\",\"keywords\":[\"Palestina\"],\"articleSection\":[\"Politika\",\"Francuska\",\"\u0160vicarska\",\"Belgija\",\"Luksemburg\",\"NAJNOVIJE\",\"Evropa\"],\"inLanguage\":\"bs-BA\",\"potentialAction\":[{\"@type\":\"CommentAction\",\"name\":\"Comment\",\"target\":[\"https:\/\/sandzakpress.net\/arhiva\/evropski-parlament-27-novembra-glasa-o-priznavanju-palestine-kao-drzave\/#respond\"]}]},{\"@type\":\"WebPage\",\"@id\":\"https:\/\/sandzakpress.net\/arhiva\/evropski-parlament-27-novembra-glasa-o-priznavanju-palestine-kao-drzave\/\",\"url\":\"https:\/\/sandzakpress.net\/arhiva\/evropski-parlament-27-novembra-glasa-o-priznavanju-palestine-kao-drzave\/\",\"name\":\"Evropski parlament 27. novembra glasa o priznavanju Palestine kao dr\u017eave\",\"isPartOf\":{\"@id\":\"https:\/\/sandzakpress.net\/arhiva\/#website\"},\"primaryImageOfPage\":{\"@id\":\"https:\/\/sandzakpress.net\/arhiva\/evropski-parlament-27-novembra-glasa-o-priznavanju-palestine-kao-drzave\/#primaryimage\"},\"image\":{\"@id\":\"https:\/\/sandzakpress.net\/arhiva\/evropski-parlament-27-novembra-glasa-o-priznavanju-palestine-kao-drzave\/#primaryimage\"},\"thumbnailUrl\":\"https:\/\/sandzakpress.net\/arhiva\/wp-content\/uploads\/2014\/11\/evropski-parlament-27-novembra-glasa-o-prizna_trt-bosanski-33018.jpg\",\"datePublished\":\"2014-11-22T09:45:59+00:00\",\"dateModified\":\"2014-11-22T09:51:43+00:00\",\"breadcrumb\":{\"@id\":\"https:\/\/sandzakpress.net\/arhiva\/evropski-parlament-27-novembra-glasa-o-priznavanju-palestine-kao-drzave\/#breadcrumb\"},\"inLanguage\":\"bs-BA\",\"potentialAction\":[{\"@type\":\"ReadAction\",\"target\":[\"https:\/\/sandzakpress.net\/arhiva\/evropski-parlament-27-novembra-glasa-o-priznavanju-palestine-kao-drzave\/\"]}]},{\"@type\":\"ImageObject\",\"inLanguage\":\"bs-BA\",\"@id\":\"https:\/\/sandzakpress.net\/arhiva\/evropski-parlament-27-novembra-glasa-o-priznavanju-palestine-kao-drzave\/#primaryimage\",\"url\":\"https:\/\/sandzakpress.net\/arhiva\/wp-content\/uploads\/2014\/11\/evropski-parlament-27-novembra-glasa-o-prizna_trt-bosanski-33018.jpg\",\"contentUrl\":\"https:\/\/sandzakpress.net\/arhiva\/wp-content\/uploads\/2014\/11\/evropski-parlament-27-novembra-glasa-o-prizna_trt-bosanski-33018.jpg\",\"width\":600,\"height\":408},{\"@type\":\"BreadcrumbList\",\"@id\":\"https:\/\/sandzakpress.net\/arhiva\/evropski-parlament-27-novembra-glasa-o-priznavanju-palestine-kao-drzave\/#breadcrumb\",\"itemListElement\":[{\"@type\":\"ListItem\",\"position\":1,\"name\":\"Home\",\"item\":\"https:\/\/sandzakpress.net\/arhiva\/\"},{\"@type\":\"ListItem\",\"position\":2,\"name\":\"Evropski parlament 27. novembra glasa o priznavanju Palestine kao dr\u017eave\"}]},{\"@type\":\"WebSite\",\"@id\":\"https:\/\/sandzakpress.net\/arhiva\/#website\",\"url\":\"https:\/\/sandzakpress.net\/arhiva\/\",\"name\":\"Sand\u017eak PRESS\",\"description\":\"Prve elektronske novine u Sand\u017eaku\",\"publisher\":{\"@id\":\"https:\/\/sandzakpress.net\/arhiva\/#\/schema\/person\/6e72b67d6e51910a1117b3b483ba20bd\"},\"potentialAction\":[{\"@type\":\"SearchAction\",\"target\":{\"@type\":\"EntryPoint\",\"urlTemplate\":\"https:\/\/sandzakpress.net\/arhiva\/?s={search_term_string}\"},\"query-input\":{\"@type\":\"PropertyValueSpecification\",\"valueRequired\":true,\"valueName\":\"search_term_string\"}}],\"inLanguage\":\"bs-BA\"},{\"@type\":[\"Person\",\"Organization\"],\"@id\":\"https:\/\/sandzakpress.net\/arhiva\/#\/schema\/person\/6e72b67d6e51910a1117b3b483ba20bd\",\"name\":\"Kul\",\"image\":{\"@type\":\"ImageObject\",\"inLanguage\":\"bs-BA\",\"@id\":\"https:\/\/sandzakpress.net\/arhiva\/#\/schema\/person\/image\/\",\"url\":\"https:\/\/secure.gravatar.com\/avatar\/42263f39aa27ac04c43cab85c280eb2e?s=96&d=mm&r=pg\",\"contentUrl\":\"https:\/\/secure.gravatar.com\/avatar\/42263f39aa27ac04c43cab85c280eb2e?s=96&d=mm&r=pg\",\"caption\":\"Kul\"},\"logo\":{\"@id\":\"https:\/\/sandzakpress.net\/arhiva\/#\/schema\/person\/image\/\"}},{\"@type\":\"Person\",\"@id\":\"https:\/\/sandzakpress.net\/arhiva\/#\/schema\/person\/c8baee722073534b583ea7bdb2e36c02\",\"name\":\"bosniak\",\"image\":{\"@type\":\"ImageObject\",\"inLanguage\":\"bs-BA\",\"@id\":\"https:\/\/sandzakpress.net\/arhiva\/#\/schema\/person\/image\/\",\"url\":\"https:\/\/secure.gravatar.com\/avatar\/a04fd330bfe3a36a72a0ad4a6d89fca7?s=96&d=mm&r=pg\",\"contentUrl\":\"https:\/\/secure.gravatar.com\/avatar\/a04fd330bfe3a36a72a0ad4a6d89fca7?s=96&d=mm&r=pg\",\"caption\":\"bosniak\"},\"url\":\"https:\/\/sandzakpress.net\/arhiva\/author\/bosniak\/\"}]}<\/script>\n<!-- \/ Yoast SEO Premium plugin. -->","yoast_head_json":{"title":"Evropski parlament 27. novembra glasa o priznavanju Palestine kao dr\u017eave","robots":{"index":"index","follow":"follow","max-snippet":"max-snippet:-1","max-image-preview":"max-image-preview:large","max-video-preview":"max-video-preview:-1"},"canonical":"https:\/\/sandzakpress.net\/arhiva\/evropski-parlament-27-novembra-glasa-o-priznavanju-palestine-kao-drzave\/","og_locale":"bs_BA","og_type":"article","og_title":"Evropski parlament 27. novembra glasa o priznavanju Palestine kao dr\u017eave","og_description":"U Evropskom parlamentu \u0107e se 27. novembra glasati o Nacrtu odluke o priznavanju Palestine kao dr\u017eave. \u010clan francuskih socijalista u Evropskom parlamentu Gilles Pargneaux je uputio Nacrt odluke o kojoj \u0107e se galasti na narednoj sjednici. On je na dru\u0161tvenoj mre\u017ei napisao da priznavanje Palestine kao dr\u017eave od strane Evropskog parlamenta mo\u017ee doprinijeti rje\u0161avanju izraelsko-palestinskog [&hellip;]","og_url":"https:\/\/sandzakpress.net\/arhiva\/evropski-parlament-27-novembra-glasa-o-priznavanju-palestine-kao-drzave\/","og_site_name":"Sand\u017eak PRESS","article_published_time":"2014-11-22T09:45:59+00:00","article_modified_time":"2014-11-22T09:51:43+00:00","og_image":[{"width":600,"height":408,"url":"https:\/\/sandzakpress.net\/arhiva\/wp-content\/uploads\/2014\/11\/evropski-parlament-27-novembra-glasa-o-prizna_trt-bosanski-33018.jpg","type":"image\/jpeg"}],"author":"bosniak","twitter_card":"summary_large_image","twitter_misc":{"Written by":"bosniak","Est. reading time":"1 minuta"},"schema":{"@context":"https:\/\/schema.org","@graph":[{"@type":"Article","@id":"https:\/\/sandzakpress.net\/arhiva\/evropski-parlament-27-novembra-glasa-o-priznavanju-palestine-kao-drzave\/#article","isPartOf":{"@id":"https:\/\/sandzakpress.net\/arhiva\/evropski-parlament-27-novembra-glasa-o-priznavanju-palestine-kao-drzave\/"},"author":{"name":"bosniak","@id":"https:\/\/sandzakpress.net\/arhiva\/#\/schema\/person\/c8baee722073534b583ea7bdb2e36c02"},"headline":"Evropski parlament 27. novembra glasa o priznavanju Palestine kao dr\u017eave","datePublished":"2014-11-22T09:45:59+00:00","dateModified":"2014-11-22T09:51:43+00:00","mainEntityOfPage":{"@id":"https:\/\/sandzakpress.net\/arhiva\/evropski-parlament-27-novembra-glasa-o-priznavanju-palestine-kao-drzave\/"},"wordCount":267,"commentCount":1,"publisher":{"@id":"https:\/\/sandzakpress.net\/arhiva\/#\/schema\/person\/6e72b67d6e51910a1117b3b483ba20bd"},"image":{"@id":"https:\/\/sandzakpress.net\/arhiva\/evropski-parlament-27-novembra-glasa-o-priznavanju-palestine-kao-drzave\/#primaryimage"},"thumbnailUrl":"https:\/\/sandzakpress.net\/arhiva\/wp-content\/uploads\/2014\/11\/evropski-parlament-27-novembra-glasa-o-prizna_trt-bosanski-33018.jpg","keywords":["Palestina"],"articleSection":["Politika","Francuska","\u0160vicarska","Belgija","Luksemburg","NAJNOVIJE","Evropa"],"inLanguage":"bs-BA","potentialAction":[{"@type":"CommentAction","name":"Comment","target":["https:\/\/sandzakpress.net\/arhiva\/evropski-parlament-27-novembra-glasa-o-priznavanju-palestine-kao-drzave\/#respond"]}]},{"@type":"WebPage","@id":"https:\/\/sandzakpress.net\/arhiva\/evropski-parlament-27-novembra-glasa-o-priznavanju-palestine-kao-drzave\/","url":"https:\/\/sandzakpress.net\/arhiva\/evropski-parlament-27-novembra-glasa-o-priznavanju-palestine-kao-drzave\/","name":"Evropski parlament 27. novembra glasa o priznavanju Palestine kao dr\u017eave","isPartOf":{"@id":"https:\/\/sandzakpress.net\/arhiva\/#website"},"primaryImageOfPage":{"@id":"https:\/\/sandzakpress.net\/arhiva\/evropski-parlament-27-novembra-glasa-o-priznavanju-palestine-kao-drzave\/#primaryimage"},"image":{"@id":"https:\/\/sandzakpress.net\/arhiva\/evropski-parlament-27-novembra-glasa-o-priznavanju-palestine-kao-drzave\/#primaryimage"},"thumbnailUrl":"https:\/\/sandzakpress.net\/arhiva\/wp-content\/uploads\/2014\/11\/evropski-parlament-27-novembra-glasa-o-prizna_trt-bosanski-33018.jpg","datePublished":"2014-11-22T09:45:59+00:00","dateModified":"2014-11-22T09:51:43+00:00","breadcrumb":{"@id":"https:\/\/sandzakpress.net\/arhiva\/evropski-parlament-27-novembra-glasa-o-priznavanju-palestine-kao-drzave\/#breadcrumb"},"inLanguage":"bs-BA","potentialAction":[{"@type":"ReadAction","target":["https:\/\/sandzakpress.net\/arhiva\/evropski-parlament-27-novembra-glasa-o-priznavanju-palestine-kao-drzave\/"]}]},{"@type":"ImageObject","inLanguage":"bs-BA","@id":"https:\/\/sandzakpress.net\/arhiva\/evropski-parlament-27-novembra-glasa-o-priznavanju-palestine-kao-drzave\/#primaryimage","url":"https:\/\/sandzakpress.net\/arhiva\/wp-content\/uploads\/2014\/11\/evropski-parlament-27-novembra-glasa-o-prizna_trt-bosanski-33018.jpg","contentUrl":"https:\/\/sandzakpress.net\/arhiva\/wp-content\/uploads\/2014\/11\/evropski-parlament-27-novembra-glasa-o-prizna_trt-bosanski-33018.jpg","width":600,"height":408},{"@type":"BreadcrumbList","@id":"https:\/\/sandzakpress.net\/arhiva\/evropski-parlament-27-novembra-glasa-o-priznavanju-palestine-kao-drzave\/#breadcrumb","itemListElement":[{"@type":"ListItem","position":1,"name":"Home","item":"https:\/\/sandzakpress.net\/arhiva\/"},{"@type":"ListItem","position":2,"name":"Evropski parlament 27. novembra glasa o priznavanju Palestine kao dr\u017eave"}]},{"@type":"WebSite","@id":"https:\/\/sandzakpress.net\/arhiva\/#website","url":"https:\/\/sandzakpress.net\/arhiva\/","name":"Sand\u017eak PRESS","description":"Prve elektronske novine u Sand\u017eaku","publisher":{"@id":"https:\/\/sandzakpress.net\/arhiva\/#\/schema\/person\/6e72b67d6e51910a1117b3b483ba20bd"},"potentialAction":[{"@type":"SearchAction","target":{"@type":"EntryPoint","urlTemplate":"https:\/\/sandzakpress.net\/arhiva\/?s={search_term_string}"},"query-input":{"@type":"PropertyValueSpecification","valueRequired":true,"valueName":"search_term_string"}}],"inLanguage":"bs-BA"},{"@type":["Person","Organization"],"@id":"https:\/\/sandzakpress.net\/arhiva\/#\/schema\/person\/6e72b67d6e51910a1117b3b483ba20bd","name":"Kul","image":{"@type":"ImageObject","inLanguage":"bs-BA","@id":"https:\/\/sandzakpress.net\/arhiva\/#\/schema\/person\/image\/","url":"https:\/\/secure.gravatar.com\/avatar\/42263f39aa27ac04c43cab85c280eb2e?s=96&d=mm&r=pg","contentUrl":"https:\/\/secure.gravatar.com\/avatar\/42263f39aa27ac04c43cab85c280eb2e?s=96&d=mm&r=pg","caption":"Kul"},"logo":{"@id":"https:\/\/sandzakpress.net\/arhiva\/#\/schema\/person\/image\/"}},{"@type":"Person","@id":"https:\/\/sandzakpress.net\/arhiva\/#\/schema\/person\/c8baee722073534b583ea7bdb2e36c02","name":"bosniak","image":{"@type":"ImageObject","inLanguage":"bs-BA","@id":"https:\/\/sandzakpress.net\/arhiva\/#\/schema\/person\/image\/","url":"https:\/\/secure.gravatar.com\/avatar\/a04fd330bfe3a36a72a0ad4a6d89fca7?s=96&d=mm&r=pg","contentUrl":"https:\/\/secure.gravatar.com\/avatar\/a04fd330bfe3a36a72a0ad4a6d89fca7?s=96&d=mm&r=pg","caption":"bosniak"},"url":"https:\/\/sandzakpress.net\/arhiva\/author\/bosniak\/"}]}},"_links":{"self":[{"href":"https:\/\/sandzakpress.net\/arhiva\/wp-json\/wp\/v2\/posts\/114798"}],"collection":[{"href":"https:\/\/sandzakpress.net\/arhiva\/wp-json\/wp\/v2\/posts"}],"about":[{"href":"https:\/\/sandzakpress.net\/arhiva\/wp-json\/wp\/v2\/types\/post"}],"author":[{"embeddable":true,"href":"https:\/\/sandzakpress.net\/arhiva\/wp-json\/wp\/v2\/users\/83"}],"replies":[{"embeddable":true,"href":"https:\/\/sandzakpress.net\/arhiva\/wp-json\/wp\/v2\/comments?post=114798"}],"version-history":[{"count":0,"href":"https:\/\/sandzakpress.net\/arhiva\/wp-json\/wp\/v2\/posts\/114798\/revisions"}],"wp:featuredmedia":[{"embeddable":true,"href":"https:\/\/sandzakpress.net\/arhiva\/wp-json\/wp\/v2\/media\/114800"}],"wp:attachment":[{"href":"https:\/\/sandzakpress.net\/arhiva\/wp-json\/wp\/v2\/media?parent=114798"}],"wp:term":[{"taxonomy":"category","embeddable":true,"href":"https:\/\/sandzakpress.net\/arhiva\/wp-json\/wp\/v2\/categories?post=114798"},{"taxonomy":"post_tag","embeddable":true,"href":"https:\/\/sandzakpress.net\/arhiva\/wp-json\/wp\/v2\/tags?post=114798"}],"curies":[{"name":"wp","href":"https:\/\/api.w.org\/{rel}","templated":true}]}}