{"id":114796,"date":"2014-11-22T10:40:36","date_gmt":"2014-11-22T09:40:36","guid":{"rendered":"https:\/\/sandzakpress.net\/arhiva\/?p=114796"},"modified":"2014-11-22T10:48:02","modified_gmt":"2014-11-22T09:48:02","slug":"davutoglu-saucesce-vucicu-zbog-ubistva-navijaca-zvezde","status":"publish","type":"post","link":"https:\/\/sandzakpress.net\/arhiva\/davutoglu-saucesce-vucicu-zbog-ubistva-navijaca-zvezde\/","title":{"rendered":"Davutoglu: Sau\u010de\u0161\u0107e Vu\u010di\u0107u zbog ubistva navija\u010da Zvezde"},"content":{"rendered":"<p><img decoding=\"async\" src=\"http:\/\/balkans.aljazeera.net\/sites\/staff.balkans.aljazeera.com\/files\/styles\/aljazeera_main_promo\/public\/poljska_huligani_ap_promo.jpg?itok=dy6YrsQC\" alt=\"\" \/><\/p>\n<p><strong>Turska, Srbija &#8211; Premijer Turske Ahmet Davutoglu pozvao je danas telefonom \u0161efa Vlade Srbije Aleksandra Vu\u010di\u0107a i izrazio mu su\u0107ut povodom ubojstva navija\u010da Crvene zvezde Marka Ivkovi\u0107a.<br \/>\n<\/strong><br \/>\nVu\u010di\u0107 je izrazio zaprepa\u0161\u0107enje ubojstvom koje je po\u010dinjeno nad gra\u0111aninom Srbije i rekao svom turskom kolegi da Srbija zahtjeva hitno pronala\u017eenje i hap\u0161enje ubojice te njegovo najstro\u017ee ka\u017enjavanje.<\/p>\n<p>Kako je priop\u0107ila vladina Kancelarija za saradnju sa medijima, Vu\u010di\u0107 je rekao Davutogluu da \u0161ef stru\u010dnog \u0161taba Ko\u0161arka\u0161kog kluba Galatasaray Ergin Ataman nije dobrodo\u0161ao u Srbiju nakon izjave u kojoj je ubijenog mladi\u0107a, kao i sve ostale navija\u010de Crvene Zvezde, optu\u017eio za terorizam.<\/p>\n<p>Predsjednik Vlade Srbije podsjetio je kako je Srbija samo prije nekoliko tjedana do\u010dekala trostruko brojniju skupinu navija\u010da Be\u0161ikta\u0161a i omogu\u0107ila im punu sigurnost u Beogradu.<\/p>\n<p>Davutoglu izrazio je \u017ealjenje \u0161to je jedan mladi ljudski \u017eivot uga\u0161en i obe\u0107ao je da \u0107e turske vlasti u\u010diniti sve da se po\u010dinitelj zlo\u010dina prona\u0111e i izvede pred lice pravde.<\/p>\n<p>I predsjednica Skup\u0161tine Srbije Maja Gojkovi\u0107 najo\u0161trije je osudila ubojstvo navija\u010da Crvene zvezde u Istanbulu i pozvala nadle\u017ene organe u Turskoj da hitno reagiraju, prona\u0111u i kazne po\u010dinitelje.<\/p>\n<p>&#8220;Ne mo\u017eemo da gradimo odnose saradnje i poverenja dok huligani u Turskoj zabijaju no\u017e u srce \u010doveku, koji dolazi iz Srbije, samo zato \u0161to navija za drugi klub&#8221;, navela je Gojkovi\u0107.<\/p>\n<p>Dodala je i kako &#8220;o\u010dekuje odlu\u010dnu i \u0161to hitniju reakciju Turske, jer bi bilo nedopustivo da ovaj zlo\u010dine ostane neka\u017enjen&#8221;.<\/p>\n<p><strong>Neredi pred ulazom<\/strong><\/p>\n<p>Navija\u010dko huliganstvo, koje se dogodilo u Istanbulu, odnijelo je jo\u0161 jedan mladi \u017eivot kada je, u vrijeme ko\u0161arka\u0161ke utakmice Galatasaraya i Crvene zvezde od posljedica ranjavanja hladnim oru\u017ejem preminuo navija\u010d beogradskog kluba.<\/p>\n<p>Istanbulska policija je potvrdila kako je Marko Ivkovi\u0107 (25) zadobio ubodnu ranu u predjelu srca tokom nereda koji su se dogodili nedaleko ulaza u dvoranu Abdi Ipekci.<\/p>\n<p>Uzroke nereda policija jo\u0161 uvijek nije razjasnila, a ranjeni mladi\u0107 preba\u010den je u jednu od bolnica. Preminuo je unato\u010d velikim naporima lije\u010dnika da mu spase \u017eivot.<\/p>\n<p>Prema priop\u0107enju istanbulske policije navija\u010di Galatasaraya i Crvene zvezde sukobili su se uo\u010di utakmice u Istanbulu, bacaju\u0107i pritom kamenice i pirotehni\u010dka sredstva jedni prema drugima.<\/p>\n<p>\u201ePripadnici policije nalazili su se izme\u0111u dviju navija\u010dkih grupa i oni nisu do\u0161li u kontakt jedni s drugima. Dok su policajci udaljavali grupu navija\u010da gostuju\u0107eg tima, navija\u010d Crvene zvezde Marko Ivkovi\u0107, u zasad nerazja\u0161njenim okolnostima, zadobio je rane hladim oru\u017ejem od kojih je kasnije preminuo. U vezi sa spomenutim slu\u010dajem pokrenuta je istraga\u201c, priop\u0107ila je Policijska uprava u Istanbulu.<\/p>\n<p><strong>Me\u0111usobne optu\u017ebe trenera i konzula<\/strong><\/p>\n<p>Generalni konzul Srbije u Istanbulu Zoran Markovi\u0107 upozorio je kako se radi o \u201eteroristi\u010dkom aktu turskih huligana\u201c, potvrdiv\u0161i kako je reanimacija mladi\u0107a trajala pet sati.<\/p>\n<p>\u201eUmro je od obilnog krvarenja, mada su se turski lekari izuzetno borili za njegov \u017eivot\u201c, rekao je Markovi\u0107.<\/p>\n<p>Po njegovim rije\u010dima, radi se o tragi\u010dnom doga\u0111aju, a radilo se o utakmici visokog rizika \u010dija je \u201eorganizacija bila veoma lo\u0161a\u201c.<\/p>\n<p>\u201ePo\u0161to je trener Galatasaraya dao izjavu da su na\u0161i navija\u010di teroristi koji su do\u0161li da terori\u0161u turski narod, ja ka\u017eem da je on terorista i stojim iza toga\u201c, rekao je srpski konzul.<\/p>\n<p>Trener Galatasaraya Ergin Atamana prethodno nije birao rije\u010di kada je osuo paljbu po navija\u010dima Zvezde, prenose srpski mediji.<\/p>\n<p>\u201eNekoliko stotina terorista je do\u0161lo bez ikakvih ulaznica i napalo je na\u0161 narod. Euroliga mora suspendirati te ljude. Imao sam priliku vidjeti \u0161to se doga\u0111alo. Imali su baklje i motke i napali su policiju. To je sramota, bio sam zabrinut za svoju sigurnost\u201c, rekao je Ataman.<\/p>\n<p><strong>Navija\u010di vra\u0107eni do granice<\/strong><\/p>\n<p>Srpski konzul je potvrdio kako su nakon nereda ostali srpski navija\u010di vra\u0107eni iz Istanbula, dok \u0107e dio biti vra\u0107en avionom.<\/p>\n<p>\u201eOni imaju policijsku pratnju i zahtevao sam od saobra\u0107ajne policije da pro\u0111u bez zadr\u017eavanja i zaustavljanja i da na grani\u010dnom prelazu pre\u0111u uz minimum potrebne procedure\u201c, rekao je Markovi\u0107.<\/p>\n<p>Sukob navija\u010da Galatasaraya i Crvene zvezde zaustavili su pripadnici turske policije, koji su potom grupu od 400-ak navija\u010da tima iz Beograda udaljili od dvorane Abdi Ipekci gdje je igrana ko\u0161arka\u0161ka utakmica Eurolige izme\u0111u ta dva tima.<\/p>\n<p>Ranije je doma\u0107i klub na zahtjev gostiju da im se odobri 50 ulaznica za navija\u010de, odobrio 70 ulaznica, ali je tokom dana zatra\u017eeno jo\u0161 200 karata, na \u0161ta je Galatarasay odgovorio negativno jer nisu poduzete mjere sigurnosti za taj broj navija\u010da.<\/p>\n<p>Iako nije bilo dovoljno ulaznica, ispred dvorane se okupilo 400-ak navija\u010da predstavnika Srbije, javila je Anadolija.<\/p>\n<p>(Agencije)<\/p>\n","protected":false},"excerpt":{"rendered":"<p>Turska, Srbija &#8211; Premijer Turske Ahmet Davutoglu pozvao je danas telefonom \u0161efa Vlade Srbije Aleksandra Vu\u010di\u0107a i izrazio mu su\u0107ut povodom ubojstva navija\u010da Crvene zvezde Marka Ivkovi\u0107a. Vu\u010di\u0107 je izrazio zaprepa\u0161\u0107enje ubojstvom koje je po\u010dinjeno nad gra\u0111aninom Srbije i rekao svom turskom kolegi da Srbija zahtjeva hitno pronala\u017eenje i hap\u0161enje ubojice te njegovo najstro\u017ee ka\u017enjavanje. [&hellip;]<\/p>\n","protected":false},"author":83,"featured_media":114797,"comment_status":"open","ping_status":"open","sticky":false,"template":"","format":"standard","meta":{"footnotes":""},"categories":[1,10307,8957,798,2692,10304],"tags":[],"class_list":{"0":"post-114796","1":"post","2":"type-post","3":"status-publish","4":"format-standard","5":"has-post-thumbnail","7":"category-politika","8":"category-srbija","9":"category-vijesti-dana","10":"category-teme","11":"category-turska-gradovi","12":"category-balkan"},"yoast_head":"<!-- This site is optimized with the Yoast SEO Premium plugin v23.1 (Yoast SEO v24.9) - https:\/\/yoast.com\/wordpress\/plugins\/seo\/ -->\n<title>Davutoglu: Sau\u010de\u0161\u0107e Vu\u010di\u0107u zbog ubistva navija\u010da Zvezde<\/title>\n<meta name=\"robots\" content=\"index, follow, max-snippet:-1, max-image-preview:large, max-video-preview:-1\" \/>\n<link rel=\"canonical\" href=\"https:\/\/sandzakpress.net\/arhiva\/davutoglu-saucesce-vucicu-zbog-ubistva-navijaca-zvezde\/\" \/>\n<meta property=\"og:locale\" content=\"bs_BA\" \/>\n<meta property=\"og:type\" content=\"article\" \/>\n<meta property=\"og:title\" content=\"Davutoglu: Sau\u010de\u0161\u0107e Vu\u010di\u0107u zbog ubistva navija\u010da Zvezde\" \/>\n<meta property=\"og:description\" content=\"Turska, Srbija &#8211; Premijer Turske Ahmet Davutoglu pozvao je danas telefonom \u0161efa Vlade Srbije Aleksandra Vu\u010di\u0107a i izrazio mu su\u0107ut povodom ubojstva navija\u010da Crvene zvezde Marka Ivkovi\u0107a. Vu\u010di\u0107 je izrazio zaprepa\u0161\u0107enje ubojstvom koje je po\u010dinjeno nad gra\u0111aninom Srbije i rekao svom turskom kolegi da Srbija zahtjeva hitno pronala\u017eenje i hap\u0161enje ubojice te njegovo najstro\u017ee ka\u017enjavanje. [&hellip;]\" \/>\n<meta property=\"og:url\" content=\"https:\/\/sandzakpress.net\/arhiva\/davutoglu-saucesce-vucicu-zbog-ubistva-navijaca-zvezde\/\" \/>\n<meta property=\"og:site_name\" content=\"Sand\u017eak PRESS\" \/>\n<meta property=\"article:published_time\" content=\"2014-11-22T09:40:36+00:00\" \/>\n<meta property=\"article:modified_time\" content=\"2014-11-22T09:48:02+00:00\" \/>\n<meta property=\"og:image\" content=\"https:\/\/sandzakpress.net\/arhiva\/wp-content\/uploads\/2014\/11\/poljska_huligani_ap_promo.jpg\" \/>\n\t<meta property=\"og:image:width\" content=\"670\" \/>\n\t<meta property=\"og:image:height\" content=\"342\" \/>\n\t<meta property=\"og:image:type\" content=\"image\/jpeg\" \/>\n<meta name=\"author\" content=\"bosniak\" \/>\n<meta name=\"twitter:card\" content=\"summary_large_image\" \/>\n<meta name=\"twitter:label1\" content=\"Written by\" \/>\n\t<meta name=\"twitter:data1\" content=\"bosniak\" \/>\n\t<meta name=\"twitter:label2\" content=\"Est. reading time\" \/>\n\t<meta name=\"twitter:data2\" content=\"4 minute\" \/>\n<script type=\"application\/ld+json\" class=\"yoast-schema-graph\">{\"@context\":\"https:\/\/schema.org\",\"@graph\":[{\"@type\":\"Article\",\"@id\":\"https:\/\/sandzakpress.net\/arhiva\/davutoglu-saucesce-vucicu-zbog-ubistva-navijaca-zvezde\/#article\",\"isPartOf\":{\"@id\":\"https:\/\/sandzakpress.net\/arhiva\/davutoglu-saucesce-vucicu-zbog-ubistva-navijaca-zvezde\/\"},\"author\":{\"name\":\"bosniak\",\"@id\":\"https:\/\/sandzakpress.net\/arhiva\/#\/schema\/person\/c8baee722073534b583ea7bdb2e36c02\"},\"headline\":\"Davutoglu: Sau\u010de\u0161\u0107e Vu\u010di\u0107u zbog ubistva navija\u010da Zvezde\",\"datePublished\":\"2014-11-22T09:40:36+00:00\",\"dateModified\":\"2014-11-22T09:48:02+00:00\",\"mainEntityOfPage\":{\"@id\":\"https:\/\/sandzakpress.net\/arhiva\/davutoglu-saucesce-vucicu-zbog-ubistva-navijaca-zvezde\/\"},\"wordCount\":827,\"commentCount\":89,\"publisher\":{\"@id\":\"https:\/\/sandzakpress.net\/arhiva\/#\/schema\/person\/6e72b67d6e51910a1117b3b483ba20bd\"},\"image\":{\"@id\":\"https:\/\/sandzakpress.net\/arhiva\/davutoglu-saucesce-vucicu-zbog-ubistva-navijaca-zvezde\/#primaryimage\"},\"thumbnailUrl\":\"https:\/\/sandzakpress.net\/arhiva\/wp-content\/uploads\/2014\/11\/poljska_huligani_ap_promo.jpg\",\"articleSection\":[\"Politika\",\"Srbija\",\"VIJESTI DANA\",\"NAJNOVIJE\",\"Turska\",\"Balkan\"],\"inLanguage\":\"bs-BA\",\"potentialAction\":[{\"@type\":\"CommentAction\",\"name\":\"Comment\",\"target\":[\"https:\/\/sandzakpress.net\/arhiva\/davutoglu-saucesce-vucicu-zbog-ubistva-navijaca-zvezde\/#respond\"]}]},{\"@type\":\"WebPage\",\"@id\":\"https:\/\/sandzakpress.net\/arhiva\/davutoglu-saucesce-vucicu-zbog-ubistva-navijaca-zvezde\/\",\"url\":\"https:\/\/sandzakpress.net\/arhiva\/davutoglu-saucesce-vucicu-zbog-ubistva-navijaca-zvezde\/\",\"name\":\"Davutoglu: Sau\u010de\u0161\u0107e Vu\u010di\u0107u zbog ubistva navija\u010da Zvezde\",\"isPartOf\":{\"@id\":\"https:\/\/sandzakpress.net\/arhiva\/#website\"},\"primaryImageOfPage\":{\"@id\":\"https:\/\/sandzakpress.net\/arhiva\/davutoglu-saucesce-vucicu-zbog-ubistva-navijaca-zvezde\/#primaryimage\"},\"image\":{\"@id\":\"https:\/\/sandzakpress.net\/arhiva\/davutoglu-saucesce-vucicu-zbog-ubistva-navijaca-zvezde\/#primaryimage\"},\"thumbnailUrl\":\"https:\/\/sandzakpress.net\/arhiva\/wp-content\/uploads\/2014\/11\/poljska_huligani_ap_promo.jpg\",\"datePublished\":\"2014-11-22T09:40:36+00:00\",\"dateModified\":\"2014-11-22T09:48:02+00:00\",\"breadcrumb\":{\"@id\":\"https:\/\/sandzakpress.net\/arhiva\/davutoglu-saucesce-vucicu-zbog-ubistva-navijaca-zvezde\/#breadcrumb\"},\"inLanguage\":\"bs-BA\",\"potentialAction\":[{\"@type\":\"ReadAction\",\"target\":[\"https:\/\/sandzakpress.net\/arhiva\/davutoglu-saucesce-vucicu-zbog-ubistva-navijaca-zvezde\/\"]}]},{\"@type\":\"ImageObject\",\"inLanguage\":\"bs-BA\",\"@id\":\"https:\/\/sandzakpress.net\/arhiva\/davutoglu-saucesce-vucicu-zbog-ubistva-navijaca-zvezde\/#primaryimage\",\"url\":\"https:\/\/sandzakpress.net\/arhiva\/wp-content\/uploads\/2014\/11\/poljska_huligani_ap_promo.jpg\",\"contentUrl\":\"https:\/\/sandzakpress.net\/arhiva\/wp-content\/uploads\/2014\/11\/poljska_huligani_ap_promo.jpg\",\"width\":670,\"height\":342},{\"@type\":\"BreadcrumbList\",\"@id\":\"https:\/\/sandzakpress.net\/arhiva\/davutoglu-saucesce-vucicu-zbog-ubistva-navijaca-zvezde\/#breadcrumb\",\"itemListElement\":[{\"@type\":\"ListItem\",\"position\":1,\"name\":\"Home\",\"item\":\"https:\/\/sandzakpress.net\/arhiva\/\"},{\"@type\":\"ListItem\",\"position\":2,\"name\":\"Davutoglu: Sau\u010de\u0161\u0107e Vu\u010di\u0107u zbog ubistva navija\u010da Zvezde\"}]},{\"@type\":\"WebSite\",\"@id\":\"https:\/\/sandzakpress.net\/arhiva\/#website\",\"url\":\"https:\/\/sandzakpress.net\/arhiva\/\",\"name\":\"Sand\u017eak PRESS\",\"description\":\"Prve elektronske novine u Sand\u017eaku\",\"publisher\":{\"@id\":\"https:\/\/sandzakpress.net\/arhiva\/#\/schema\/person\/6e72b67d6e51910a1117b3b483ba20bd\"},\"potentialAction\":[{\"@type\":\"SearchAction\",\"target\":{\"@type\":\"EntryPoint\",\"urlTemplate\":\"https:\/\/sandzakpress.net\/arhiva\/?s={search_term_string}\"},\"query-input\":{\"@type\":\"PropertyValueSpecification\",\"valueRequired\":true,\"valueName\":\"search_term_string\"}}],\"inLanguage\":\"bs-BA\"},{\"@type\":[\"Person\",\"Organization\"],\"@id\":\"https:\/\/sandzakpress.net\/arhiva\/#\/schema\/person\/6e72b67d6e51910a1117b3b483ba20bd\",\"name\":\"Kul\",\"image\":{\"@type\":\"ImageObject\",\"inLanguage\":\"bs-BA\",\"@id\":\"https:\/\/sandzakpress.net\/arhiva\/#\/schema\/person\/image\/\",\"url\":\"https:\/\/secure.gravatar.com\/avatar\/42263f39aa27ac04c43cab85c280eb2e?s=96&d=mm&r=pg\",\"contentUrl\":\"https:\/\/secure.gravatar.com\/avatar\/42263f39aa27ac04c43cab85c280eb2e?s=96&d=mm&r=pg\",\"caption\":\"Kul\"},\"logo\":{\"@id\":\"https:\/\/sandzakpress.net\/arhiva\/#\/schema\/person\/image\/\"}},{\"@type\":\"Person\",\"@id\":\"https:\/\/sandzakpress.net\/arhiva\/#\/schema\/person\/c8baee722073534b583ea7bdb2e36c02\",\"name\":\"bosniak\",\"image\":{\"@type\":\"ImageObject\",\"inLanguage\":\"bs-BA\",\"@id\":\"https:\/\/sandzakpress.net\/arhiva\/#\/schema\/person\/image\/\",\"url\":\"https:\/\/secure.gravatar.com\/avatar\/a04fd330bfe3a36a72a0ad4a6d89fca7?s=96&d=mm&r=pg\",\"contentUrl\":\"https:\/\/secure.gravatar.com\/avatar\/a04fd330bfe3a36a72a0ad4a6d89fca7?s=96&d=mm&r=pg\",\"caption\":\"bosniak\"},\"url\":\"https:\/\/sandzakpress.net\/arhiva\/author\/bosniak\/\"}]}<\/script>\n<!-- \/ Yoast SEO Premium plugin. -->","yoast_head_json":{"title":"Davutoglu: Sau\u010de\u0161\u0107e Vu\u010di\u0107u zbog ubistva navija\u010da Zvezde","robots":{"index":"index","follow":"follow","max-snippet":"max-snippet:-1","max-image-preview":"max-image-preview:large","max-video-preview":"max-video-preview:-1"},"canonical":"https:\/\/sandzakpress.net\/arhiva\/davutoglu-saucesce-vucicu-zbog-ubistva-navijaca-zvezde\/","og_locale":"bs_BA","og_type":"article","og_title":"Davutoglu: Sau\u010de\u0161\u0107e Vu\u010di\u0107u zbog ubistva navija\u010da Zvezde","og_description":"Turska, Srbija &#8211; Premijer Turske Ahmet Davutoglu pozvao je danas telefonom \u0161efa Vlade Srbije Aleksandra Vu\u010di\u0107a i izrazio mu su\u0107ut povodom ubojstva navija\u010da Crvene zvezde Marka Ivkovi\u0107a. Vu\u010di\u0107 je izrazio zaprepa\u0161\u0107enje ubojstvom koje je po\u010dinjeno nad gra\u0111aninom Srbije i rekao svom turskom kolegi da Srbija zahtjeva hitno pronala\u017eenje i hap\u0161enje ubojice te njegovo najstro\u017ee ka\u017enjavanje. [&hellip;]","og_url":"https:\/\/sandzakpress.net\/arhiva\/davutoglu-saucesce-vucicu-zbog-ubistva-navijaca-zvezde\/","og_site_name":"Sand\u017eak PRESS","article_published_time":"2014-11-22T09:40:36+00:00","article_modified_time":"2014-11-22T09:48:02+00:00","og_image":[{"width":670,"height":342,"url":"https:\/\/sandzakpress.net\/arhiva\/wp-content\/uploads\/2014\/11\/poljska_huligani_ap_promo.jpg","type":"image\/jpeg"}],"author":"bosniak","twitter_card":"summary_large_image","twitter_misc":{"Written by":"bosniak","Est. reading time":"4 minute"},"schema":{"@context":"https:\/\/schema.org","@graph":[{"@type":"Article","@id":"https:\/\/sandzakpress.net\/arhiva\/davutoglu-saucesce-vucicu-zbog-ubistva-navijaca-zvezde\/#article","isPartOf":{"@id":"https:\/\/sandzakpress.net\/arhiva\/davutoglu-saucesce-vucicu-zbog-ubistva-navijaca-zvezde\/"},"author":{"name":"bosniak","@id":"https:\/\/sandzakpress.net\/arhiva\/#\/schema\/person\/c8baee722073534b583ea7bdb2e36c02"},"headline":"Davutoglu: Sau\u010de\u0161\u0107e Vu\u010di\u0107u zbog ubistva navija\u010da Zvezde","datePublished":"2014-11-22T09:40:36+00:00","dateModified":"2014-11-22T09:48:02+00:00","mainEntityOfPage":{"@id":"https:\/\/sandzakpress.net\/arhiva\/davutoglu-saucesce-vucicu-zbog-ubistva-navijaca-zvezde\/"},"wordCount":827,"commentCount":89,"publisher":{"@id":"https:\/\/sandzakpress.net\/arhiva\/#\/schema\/person\/6e72b67d6e51910a1117b3b483ba20bd"},"image":{"@id":"https:\/\/sandzakpress.net\/arhiva\/davutoglu-saucesce-vucicu-zbog-ubistva-navijaca-zvezde\/#primaryimage"},"thumbnailUrl":"https:\/\/sandzakpress.net\/arhiva\/wp-content\/uploads\/2014\/11\/poljska_huligani_ap_promo.jpg","articleSection":["Politika","Srbija","VIJESTI DANA","NAJNOVIJE","Turska","Balkan"],"inLanguage":"bs-BA","potentialAction":[{"@type":"CommentAction","name":"Comment","target":["https:\/\/sandzakpress.net\/arhiva\/davutoglu-saucesce-vucicu-zbog-ubistva-navijaca-zvezde\/#respond"]}]},{"@type":"WebPage","@id":"https:\/\/sandzakpress.net\/arhiva\/davutoglu-saucesce-vucicu-zbog-ubistva-navijaca-zvezde\/","url":"https:\/\/sandzakpress.net\/arhiva\/davutoglu-saucesce-vucicu-zbog-ubistva-navijaca-zvezde\/","name":"Davutoglu: Sau\u010de\u0161\u0107e Vu\u010di\u0107u zbog ubistva navija\u010da Zvezde","isPartOf":{"@id":"https:\/\/sandzakpress.net\/arhiva\/#website"},"primaryImageOfPage":{"@id":"https:\/\/sandzakpress.net\/arhiva\/davutoglu-saucesce-vucicu-zbog-ubistva-navijaca-zvezde\/#primaryimage"},"image":{"@id":"https:\/\/sandzakpress.net\/arhiva\/davutoglu-saucesce-vucicu-zbog-ubistva-navijaca-zvezde\/#primaryimage"},"thumbnailUrl":"https:\/\/sandzakpress.net\/arhiva\/wp-content\/uploads\/2014\/11\/poljska_huligani_ap_promo.jpg","datePublished":"2014-11-22T09:40:36+00:00","dateModified":"2014-11-22T09:48:02+00:00","breadcrumb":{"@id":"https:\/\/sandzakpress.net\/arhiva\/davutoglu-saucesce-vucicu-zbog-ubistva-navijaca-zvezde\/#breadcrumb"},"inLanguage":"bs-BA","potentialAction":[{"@type":"ReadAction","target":["https:\/\/sandzakpress.net\/arhiva\/davutoglu-saucesce-vucicu-zbog-ubistva-navijaca-zvezde\/"]}]},{"@type":"ImageObject","inLanguage":"bs-BA","@id":"https:\/\/sandzakpress.net\/arhiva\/davutoglu-saucesce-vucicu-zbog-ubistva-navijaca-zvezde\/#primaryimage","url":"https:\/\/sandzakpress.net\/arhiva\/wp-content\/uploads\/2014\/11\/poljska_huligani_ap_promo.jpg","contentUrl":"https:\/\/sandzakpress.net\/arhiva\/wp-content\/uploads\/2014\/11\/poljska_huligani_ap_promo.jpg","width":670,"height":342},{"@type":"BreadcrumbList","@id":"https:\/\/sandzakpress.net\/arhiva\/davutoglu-saucesce-vucicu-zbog-ubistva-navijaca-zvezde\/#breadcrumb","itemListElement":[{"@type":"ListItem","position":1,"name":"Home","item":"https:\/\/sandzakpress.net\/arhiva\/"},{"@type":"ListItem","position":2,"name":"Davutoglu: Sau\u010de\u0161\u0107e Vu\u010di\u0107u zbog ubistva navija\u010da Zvezde"}]},{"@type":"WebSite","@id":"https:\/\/sandzakpress.net\/arhiva\/#website","url":"https:\/\/sandzakpress.net\/arhiva\/","name":"Sand\u017eak PRESS","description":"Prve elektronske novine u Sand\u017eaku","publisher":{"@id":"https:\/\/sandzakpress.net\/arhiva\/#\/schema\/person\/6e72b67d6e51910a1117b3b483ba20bd"},"potentialAction":[{"@type":"SearchAction","target":{"@type":"EntryPoint","urlTemplate":"https:\/\/sandzakpress.net\/arhiva\/?s={search_term_string}"},"query-input":{"@type":"PropertyValueSpecification","valueRequired":true,"valueName":"search_term_string"}}],"inLanguage":"bs-BA"},{"@type":["Person","Organization"],"@id":"https:\/\/sandzakpress.net\/arhiva\/#\/schema\/person\/6e72b67d6e51910a1117b3b483ba20bd","name":"Kul","image":{"@type":"ImageObject","inLanguage":"bs-BA","@id":"https:\/\/sandzakpress.net\/arhiva\/#\/schema\/person\/image\/","url":"https:\/\/secure.gravatar.com\/avatar\/42263f39aa27ac04c43cab85c280eb2e?s=96&d=mm&r=pg","contentUrl":"https:\/\/secure.gravatar.com\/avatar\/42263f39aa27ac04c43cab85c280eb2e?s=96&d=mm&r=pg","caption":"Kul"},"logo":{"@id":"https:\/\/sandzakpress.net\/arhiva\/#\/schema\/person\/image\/"}},{"@type":"Person","@id":"https:\/\/sandzakpress.net\/arhiva\/#\/schema\/person\/c8baee722073534b583ea7bdb2e36c02","name":"bosniak","image":{"@type":"ImageObject","inLanguage":"bs-BA","@id":"https:\/\/sandzakpress.net\/arhiva\/#\/schema\/person\/image\/","url":"https:\/\/secure.gravatar.com\/avatar\/a04fd330bfe3a36a72a0ad4a6d89fca7?s=96&d=mm&r=pg","contentUrl":"https:\/\/secure.gravatar.com\/avatar\/a04fd330bfe3a36a72a0ad4a6d89fca7?s=96&d=mm&r=pg","caption":"bosniak"},"url":"https:\/\/sandzakpress.net\/arhiva\/author\/bosniak\/"}]}},"_links":{"self":[{"href":"https:\/\/sandzakpress.net\/arhiva\/wp-json\/wp\/v2\/posts\/114796"}],"collection":[{"href":"https:\/\/sandzakpress.net\/arhiva\/wp-json\/wp\/v2\/posts"}],"about":[{"href":"https:\/\/sandzakpress.net\/arhiva\/wp-json\/wp\/v2\/types\/post"}],"author":[{"embeddable":true,"href":"https:\/\/sandzakpress.net\/arhiva\/wp-json\/wp\/v2\/users\/83"}],"replies":[{"embeddable":true,"href":"https:\/\/sandzakpress.net\/arhiva\/wp-json\/wp\/v2\/comments?post=114796"}],"version-history":[{"count":0,"href":"https:\/\/sandzakpress.net\/arhiva\/wp-json\/wp\/v2\/posts\/114796\/revisions"}],"wp:featuredmedia":[{"embeddable":true,"href":"https:\/\/sandzakpress.net\/arhiva\/wp-json\/wp\/v2\/media\/114797"}],"wp:attachment":[{"href":"https:\/\/sandzakpress.net\/arhiva\/wp-json\/wp\/v2\/media?parent=114796"}],"wp:term":[{"taxonomy":"category","embeddable":true,"href":"https:\/\/sandzakpress.net\/arhiva\/wp-json\/wp\/v2\/categories?post=114796"},{"taxonomy":"post_tag","embeddable":true,"href":"https:\/\/sandzakpress.net\/arhiva\/wp-json\/wp\/v2\/tags?post=114796"}],"curies":[{"name":"wp","href":"https:\/\/api.w.org\/{rel}","templated":true}]}}