{"id":1146,"date":"2010-01-10T14:02:25","date_gmt":"2010-01-10T13:02:25","guid":{"rendered":"https:\/\/sandzakpress.net\/arhiva\/?p=1146"},"modified":"2010-01-10T14:02:25","modified_gmt":"2010-01-10T13:02:25","slug":"rafet-husovic-zastupljenost-bi-mogla-biti-bolja","status":"publish","type":"post","link":"https:\/\/sandzakpress.net\/arhiva\/rafet-husovic-zastupljenost-bi-mogla-biti-bolja\/","title":{"rendered":"Rafet Husovi\u0107: zastupljenost bi mogla biti bolja"},"content":{"rendered":"<p><strong><a href=\"https:\/\/sandzakpress.net\/arhiva\/wp-content\/uploads\/2010\/01\/vijest-2475.jpg\"><img loading=\"lazy\" decoding=\"async\" class=\"alignleft size-medium wp-image-1147\" title=\"Politika\" src=\"https:\/\/sandzakpress.net\/arhiva\/wp-content\/uploads\/2010\/01\/vijest-2475-300x196.jpg\" alt=\"\" width=\"300\" height=\"196\" \/><\/a>Podgorica<\/strong><strong> &#8211; Zastupljenost Bo\u0161njaka-Muslimana u instiucijama zakonodavne vlasti je na zadovoljavaju\u0107em nivou, dok takva situacija nije u izvr\u0161noj i sudskoj vlasti, i u diplomatsko-konzularnim predstavni\u0161tvima, kazao je predsjednik Bo\u0161nja\u010dke stranke (BS), Rafet Husovi\u0107.<br \/>\n<\/strong><br \/>\nOn je agenciji MINA rekao da se mo\u017ee re\u0107i, kada je rije\u010d o politi\u010dkim pravima, da je bo\u0161nja\u010dko-muslimanski narod zastupljen u institucijama zakonodavne vlasti, preko svojih predstavnika, na zadovoljavaju\u0107em nivou.<\/p>\n<p>Husovi\u0107 je kazao da u parlamentarnoj ve\u0107ini, Demokratskoj partiji socijalista, Socijaldemokratskoj partiji i preko autenti\u010dnih predstavnika u BS, ima desetak poslanika koji pripadaju tom narodu, \u0161to je blizu onog broja kojim Bo\u0161njaci-Muslimani participiraju u stanovni\u0161tvu.<br \/>\n\u201cMe\u0111utim, kada se ova ra\u010dunica prenese na lokalni nivo, u op\u0161tinama gdje \u017eivi bo\u0161nja\u010dko-muslimansko stanovni\u0161tvo, onda je politi\u010dka participacija daleko ni\u017ea od realnog nivoa. To se posebno odnosi na op\u0161tine Bijelo Polje, Pljevlja, Berane, na sjeveru, zatim u Podgorici, Baru i Ulcinju na jugu\u201d, rekao je on.<\/p>\n<p>Husovi\u0107 smatra da \u0107e se kroz novi model izbornog zakonodavstva dosta toga rije\u0161iti i da \u0107e se , nakon narednog izbornog ciklusa, u dr\u017eavnom parlamentu i u lokalnim skup\u0161tinama, na\u0107i adekvatan broj politi\u010dkih predstavnika Bo\u0161njaka-Muslimana.<\/p>\n<p>On je rekao da je drugi aspekt participacija u izvr\u0161noj vlasti, u institucijama gdje se donose odluke. \u201cSvjesni smo da ako tamo nema pripadnika manjinskih naroda, onda nema ni njihovog djelotvornog uticaja\u201d.<\/p>\n<p>Husovi\u0107 je kazao da je u\u010de\u0161\u0107em BS u Vladi tek zapo\u010deto sa dugoro\u010dnim procesom, ulaskom pripadnika bo\u0161nja\u010dkog naroda u izvr\u0161nu vlast.<\/p>\n<p>\u201cNije rije\u010d samo o Vladi, o ministarskim resorima, ve\u0107 o mnogobrojnim dr\u017eavnim institucijama kao \u0161to su uprave, fondovi, agencije, slu\u017ebe, javna preduze\u0107a, zatim vojska i policija\u201d, naveo je Husovi\u0107.<\/p>\n<p>On je ocijenio da je posebna pri\u010da u op\u0161tinama, gdje u slu\u017ebama, sekretarijatima, javnim preduze\u0107ima i ustanovama nema ni izbliza odgovraju\u0107eg broja Bo\u0161njaka-Muslimana.<\/p>\n<p>\u201cTamo gdje su podaci dostupni, a koje je iznio i ombudsman, vi\u0161e je nego jasno da je u\u010de\u0161\u0107e pripadnika bo\u0161nja\u010dko-muslimanskog naroda marginalno, negdje \u010dak i na nivou statisti\u010dke gre\u0161ke. Tu treba raditi na pobolj\u0161anju nacionalne zastupljenosti, naravno, ne na u\u0161trb kadrovske osposobljenosti\u201d, smatra on.<\/p>\n<p>Husovi\u0107 je rekao da je sli\u010dan problem i u diplomatsko-konzularnim predstavni\u0161tvima, ambasadama i konzulatima. \u201eGdje \u0107emo ponuditi dobre i kompetentne kadrove koji bi trebalo da na\u0111u svoje mjesto i na kvalitetan na\u010din predstavljaju Crnu Goru u inostranstvu\u201d.<\/p>\n<p>\u201cSvakako, zna\u010dajan segment je i sudska vlast. Znamo da je i sudstvu i tu\u017eila\u0161tvu neadekvatna nacionalna zastupljenost pripadnika manjina, \u010dak i u op\u0161tinama gdje manjine \u017eive u zna\u010dajnijem broju. To je problem koji, tako\u0111e, nije od ju\u010de, ali ga treba rje\u0161avati\u201d, ocijenio je Husovi\u0107.<\/p>\n<p>On smatra da je kulturna ba\u0161tina i identitet izuzetno va\u017ean aspekt kroz koji se sagledava polo\u017eaj bo\u0161nja\u010dko-muslimnaskog naroda.<\/p>\n<p>Husovi\u0107 je ocijenio da su napravljeni izvjesni pomaci na tom polju, preko osnivanja nacionalnih savjeta, konstituisanjem Fonda za manjine.<\/p>\n<p>On smatra da je to dobar okvir kojim se stvaraju pretpostavke za kontinuiranu brigu dr\u017eave o kulturno-istorijskom nadslje\u0111u manjinskih zajednica.<\/p>\n<p>\u201cTek slijede najva\u017eniji koraci-izgradnja kulturnih institucija, te ulazak bo\u0161nja\u010dke kulture i bosanskog jezika u \u0161kolske programe, javni servis i druge medije\u201d, rekao je on.<\/p>\n<p>Husovi\u0107 je rekao da BS, u\u010de\u0161\u0107em u vladaju\u0107oj koaliciji, nastoji da, stalnim potenciranjem ekonomskih ulaganja u podru\u010dja u kojima \u017eive pripadnici manjina skrenu pa\u017enju na rje\u0161avanje vitalnih pitanja za manjinske zajednice.<\/p>\n<p>\u0165U tom cilju, na\u0161a prepokupacija je, ve\u0107 du\u017ee vrijeme, iniciranje adekvatnih zakona o ravnomjernom regionalnom razvoju, odnosno definisanje zakonskih rje\u0161enja kojim bi razvoj sjevera, juga i centralnog dijela bio dr\u017eavna strategija\u0164, rekao je Husovi\u0107.<\/p>\n<p>Prema njegovim rije\u010dima, BS se bavi za\u0161titom identiteta i politi\u010dkom artikulacijom njenih nacionalnih interesa i pitanjem ekonomskog razvoja i utemeljenjem institucija kulture.<\/p>\n<p>Husovi\u0107 je rekao da je BS napravila dobru saradnju sa dijasporom i iseljeni\u010dkim organizacijama, kao i sa politi\u010dkim subjektima u Bosni i Hercegovini.<\/p>\n<p>\u0165Posebno smo se bavili ja\u010danjem politi\u010dkih, kulturnih i ekonomskih veza sa Turskom i postigli dobre rezultate. Imali smo nekoliko susreta u Turskoj, zatim ovdje u Crnoj Gori sa \u0161efom diplomatije Ahmedom Dautogluom i predsjednikom Turske Abdulahom Gulom\u0164, podsjetio je Husovi\u0107.<\/p>\n<p>On je rekao da su ti susreti bili veoma korisni i sadr\u017eajni, i da vjeruju da \u0107e kroz nekoliko velikih infrastrukturnih projekata, kroz investiciona ulaganja turskih firmi, u medijskoj sferi i na kuturno-obrazovnom planu, u narednom periodu, imati i opipljive rezultate.<\/p>\n<p>\u0165To \u0107e biti dobro i za bo\u0161nja\u010dki narod i ja\u010danje njegovih tradicionalnih rodbinskih i drugih veza sa Turskom, ali i za dr\u017eavu Crnu Goru, za njen ekonomski prpsperitet\u0164, rekao je on.<\/p>\n<p>Husovi\u0107 smatra da je krajnje vrijeme da se izborno zakonadavstvo, usaglasi sa Ustavom, jer su rokovi u kojima je to trebalo uraditi vi\u0161e puta probijani.<\/p>\n<p>Prema njegovim rije\u010dima, stavovi BS-a su jasni kada je u pitanju izbor politi\u010dkih predstavnika za dr\u017eavni parlament ili za op\u0161tinske skup\u0161tine.<\/p>\n<p>\u201cNaravno uva\u017eavaju\u0107i specifi\u010dnosti Crne Gore, gdje bi se vodilo ra\u010duna i o onim manjinskim zajednicama koje su toliko male da ne mogu pro\u0107i prag cenzusa, da se i njima obezbjedi model da imaju svoje mandate u parlamentu.<\/p>\n<p>On smatra da je veoma va\u017eno da se taj model autenti\u010dne zastupljenosti primjeni i u lokalnim skup\u0161tinama, \u0161irom Crne Gore, gdje manjinske zajednice \u017eive u zna\u010dajnijem broju.<\/p>\n<p>\u201cKoliko je va\u017eno da manjine budu prisutne u dr\u017eavnom parlamentu, ne manje je va\u017eno da su njihovi predstavnici u skup\u0161tinama op\u0161tina, jer tamo se odlu\u010duje o onome \u0161to je svakodnevni \u017eivot gra\u0111ana &#8211; putevi, komunalna infrastruktura, op\u0161tinska preduze\u0107a, urbanizam, zapo\u0161ljavanje\u201d, smatra on.<\/p>\n<p>Husovi\u0107 o\u010dekuje da u januaru bude postignut kona\u010dan dogovor u vezi sa usagla\u0161avanje izbornog Zakona sa Ustavom.<\/p>\n<p>\u201eSaglasni smo da se afirmativna akcija u izbornom procesu, za autenti\u010dne zastupnike manjinskih zajednica, ostvari na na\u010din \u0161to \u0107e se izjedna\u010diti zakonski i tzv. prirodni izborni prag\u201c, rekao je Husovi\u0107.<\/p>\n<p>On je kazao da bi dodatni model afirmativne akcije podrazumijevao da se zbrajaju glasovi svih izbornih lista unutar jedne manjinske liste, tako dobijeni zbir glasova tretirao bi se kao jedna lista.<\/p>\n<p>\u201eO visini procenta, koje bi sve partije imale pravo da u\u010destvuju u zbrajajnju glasova, spremni smo da razgovaramo\u201c, kazao je Husovi\u0107.<\/p>\n<p>Izvor: <strong>BosnjackaStranka.org<\/strong><\/p>\n","protected":false},"excerpt":{"rendered":"<p>Podgorica &#8211; Zastupljenost Bo\u0161njaka-Muslimana u instiucijama zakonodavne vlasti je na zadovoljavaju\u0107em nivou, dok takva situacija nije u izvr\u0161noj i sudskoj vlasti, i u diplomatsko-konzularnim predstavni\u0161tvima, kazao je predsjednik Bo\u0161nja\u010dke stranke (BS), Rafet Husovi\u0107. On je agenciji MINA rekao da se mo\u017ee re\u0107i, kada je rije\u010d o politi\u010dkim pravima, da je bo\u0161nja\u010dko-muslimanski narod zastupljen u institucijama [&hellip;]<\/p>\n","protected":false},"author":83,"featured_media":1147,"comment_status":"open","ping_status":"open","sticky":false,"template":"","format":"standard","meta":{"footnotes":""},"categories":[1],"tags":[],"class_list":{"0":"post-1146","1":"post","2":"type-post","3":"status-publish","4":"format-standard","5":"has-post-thumbnail","7":"category-politika"},"yoast_head":"<!-- This site is optimized with the Yoast SEO Premium plugin v23.1 (Yoast SEO v24.9) - https:\/\/yoast.com\/wordpress\/plugins\/seo\/ -->\n<title>Rafet Husovi\u0107: zastupljenost bi mogla biti bolja<\/title>\n<meta name=\"robots\" content=\"index, follow, max-snippet:-1, max-image-preview:large, max-video-preview:-1\" \/>\n<link rel=\"canonical\" href=\"https:\/\/sandzakpress.net\/arhiva\/rafet-husovic-zastupljenost-bi-mogla-biti-bolja\/\" \/>\n<meta property=\"og:locale\" content=\"bs_BA\" \/>\n<meta property=\"og:type\" content=\"article\" \/>\n<meta property=\"og:title\" content=\"Rafet Husovi\u0107: zastupljenost bi mogla biti bolja\" \/>\n<meta property=\"og:description\" content=\"Podgorica &#8211; Zastupljenost Bo\u0161njaka-Muslimana u instiucijama zakonodavne vlasti je na zadovoljavaju\u0107em nivou, dok takva situacija nije u izvr\u0161noj i sudskoj vlasti, i u diplomatsko-konzularnim predstavni\u0161tvima, kazao je predsjednik Bo\u0161nja\u010dke stranke (BS), Rafet Husovi\u0107. On je agenciji MINA rekao da se mo\u017ee re\u0107i, kada je rije\u010d o politi\u010dkim pravima, da je bo\u0161nja\u010dko-muslimanski narod zastupljen u institucijama [&hellip;]\" \/>\n<meta property=\"og:url\" content=\"https:\/\/sandzakpress.net\/arhiva\/rafet-husovic-zastupljenost-bi-mogla-biti-bolja\/\" \/>\n<meta property=\"og:site_name\" content=\"Sand\u017eak PRESS\" \/>\n<meta property=\"article:published_time\" content=\"2010-01-10T13:02:25+00:00\" \/>\n<meta property=\"og:image\" content=\"https:\/\/sandzakpress.net\/arhiva\/wp-content\/uploads\/2010\/01\/vijest-2475.jpg\" \/>\n\t<meta property=\"og:image:width\" content=\"600\" \/>\n\t<meta property=\"og:image:height\" content=\"393\" \/>\n\t<meta property=\"og:image:type\" content=\"image\/jpeg\" \/>\n<meta name=\"author\" content=\"bosniak\" \/>\n<meta name=\"twitter:card\" content=\"summary_large_image\" \/>\n<meta name=\"twitter:label1\" content=\"Written by\" \/>\n\t<meta name=\"twitter:data1\" content=\"bosniak\" \/>\n\t<meta name=\"twitter:label2\" content=\"Est. reading time\" \/>\n\t<meta name=\"twitter:data2\" content=\"5 minuta\" \/>\n<script type=\"application\/ld+json\" class=\"yoast-schema-graph\">{\"@context\":\"https:\/\/schema.org\",\"@graph\":[{\"@type\":\"Article\",\"@id\":\"https:\/\/sandzakpress.net\/arhiva\/rafet-husovic-zastupljenost-bi-mogla-biti-bolja\/#article\",\"isPartOf\":{\"@id\":\"https:\/\/sandzakpress.net\/arhiva\/rafet-husovic-zastupljenost-bi-mogla-biti-bolja\/\"},\"author\":{\"name\":\"bosniak\",\"@id\":\"https:\/\/sandzakpress.net\/arhiva\/#\/schema\/person\/c8baee722073534b583ea7bdb2e36c02\"},\"headline\":\"Rafet Husovi\u0107: zastupljenost bi mogla biti bolja\",\"datePublished\":\"2010-01-10T13:02:25+00:00\",\"mainEntityOfPage\":{\"@id\":\"https:\/\/sandzakpress.net\/arhiva\/rafet-husovic-zastupljenost-bi-mogla-biti-bolja\/\"},\"wordCount\":1106,\"commentCount\":0,\"publisher\":{\"@id\":\"https:\/\/sandzakpress.net\/arhiva\/#\/schema\/person\/6e72b67d6e51910a1117b3b483ba20bd\"},\"image\":{\"@id\":\"https:\/\/sandzakpress.net\/arhiva\/rafet-husovic-zastupljenost-bi-mogla-biti-bolja\/#primaryimage\"},\"thumbnailUrl\":\"https:\/\/sandzakpress.net\/arhiva\/wp-content\/uploads\/2010\/01\/vijest-2475.jpg\",\"articleSection\":[\"Politika\"],\"inLanguage\":\"bs-BA\",\"potentialAction\":[{\"@type\":\"CommentAction\",\"name\":\"Comment\",\"target\":[\"https:\/\/sandzakpress.net\/arhiva\/rafet-husovic-zastupljenost-bi-mogla-biti-bolja\/#respond\"]}]},{\"@type\":\"WebPage\",\"@id\":\"https:\/\/sandzakpress.net\/arhiva\/rafet-husovic-zastupljenost-bi-mogla-biti-bolja\/\",\"url\":\"https:\/\/sandzakpress.net\/arhiva\/rafet-husovic-zastupljenost-bi-mogla-biti-bolja\/\",\"name\":\"Rafet Husovi\u0107: zastupljenost bi mogla biti bolja\",\"isPartOf\":{\"@id\":\"https:\/\/sandzakpress.net\/arhiva\/#website\"},\"primaryImageOfPage\":{\"@id\":\"https:\/\/sandzakpress.net\/arhiva\/rafet-husovic-zastupljenost-bi-mogla-biti-bolja\/#primaryimage\"},\"image\":{\"@id\":\"https:\/\/sandzakpress.net\/arhiva\/rafet-husovic-zastupljenost-bi-mogla-biti-bolja\/#primaryimage\"},\"thumbnailUrl\":\"https:\/\/sandzakpress.net\/arhiva\/wp-content\/uploads\/2010\/01\/vijest-2475.jpg\",\"datePublished\":\"2010-01-10T13:02:25+00:00\",\"breadcrumb\":{\"@id\":\"https:\/\/sandzakpress.net\/arhiva\/rafet-husovic-zastupljenost-bi-mogla-biti-bolja\/#breadcrumb\"},\"inLanguage\":\"bs-BA\",\"potentialAction\":[{\"@type\":\"ReadAction\",\"target\":[\"https:\/\/sandzakpress.net\/arhiva\/rafet-husovic-zastupljenost-bi-mogla-biti-bolja\/\"]}]},{\"@type\":\"ImageObject\",\"inLanguage\":\"bs-BA\",\"@id\":\"https:\/\/sandzakpress.net\/arhiva\/rafet-husovic-zastupljenost-bi-mogla-biti-bolja\/#primaryimage\",\"url\":\"https:\/\/sandzakpress.net\/arhiva\/wp-content\/uploads\/2010\/01\/vijest-2475.jpg\",\"contentUrl\":\"https:\/\/sandzakpress.net\/arhiva\/wp-content\/uploads\/2010\/01\/vijest-2475.jpg\",\"width\":600,\"height\":393},{\"@type\":\"BreadcrumbList\",\"@id\":\"https:\/\/sandzakpress.net\/arhiva\/rafet-husovic-zastupljenost-bi-mogla-biti-bolja\/#breadcrumb\",\"itemListElement\":[{\"@type\":\"ListItem\",\"position\":1,\"name\":\"Home\",\"item\":\"https:\/\/sandzakpress.net\/arhiva\/\"},{\"@type\":\"ListItem\",\"position\":2,\"name\":\"Rafet Husovi\u0107: zastupljenost bi mogla biti bolja\"}]},{\"@type\":\"WebSite\",\"@id\":\"https:\/\/sandzakpress.net\/arhiva\/#website\",\"url\":\"https:\/\/sandzakpress.net\/arhiva\/\",\"name\":\"Sand\u017eak PRESS\",\"description\":\"Prve elektronske novine u Sand\u017eaku\",\"publisher\":{\"@id\":\"https:\/\/sandzakpress.net\/arhiva\/#\/schema\/person\/6e72b67d6e51910a1117b3b483ba20bd\"},\"potentialAction\":[{\"@type\":\"SearchAction\",\"target\":{\"@type\":\"EntryPoint\",\"urlTemplate\":\"https:\/\/sandzakpress.net\/arhiva\/?s={search_term_string}\"},\"query-input\":{\"@type\":\"PropertyValueSpecification\",\"valueRequired\":true,\"valueName\":\"search_term_string\"}}],\"inLanguage\":\"bs-BA\"},{\"@type\":[\"Person\",\"Organization\"],\"@id\":\"https:\/\/sandzakpress.net\/arhiva\/#\/schema\/person\/6e72b67d6e51910a1117b3b483ba20bd\",\"name\":\"Kul\",\"image\":{\"@type\":\"ImageObject\",\"inLanguage\":\"bs-BA\",\"@id\":\"https:\/\/sandzakpress.net\/arhiva\/#\/schema\/person\/image\/\",\"url\":\"https:\/\/secure.gravatar.com\/avatar\/42263f39aa27ac04c43cab85c280eb2e?s=96&d=mm&r=pg\",\"contentUrl\":\"https:\/\/secure.gravatar.com\/avatar\/42263f39aa27ac04c43cab85c280eb2e?s=96&d=mm&r=pg\",\"caption\":\"Kul\"},\"logo\":{\"@id\":\"https:\/\/sandzakpress.net\/arhiva\/#\/schema\/person\/image\/\"}},{\"@type\":\"Person\",\"@id\":\"https:\/\/sandzakpress.net\/arhiva\/#\/schema\/person\/c8baee722073534b583ea7bdb2e36c02\",\"name\":\"bosniak\",\"image\":{\"@type\":\"ImageObject\",\"inLanguage\":\"bs-BA\",\"@id\":\"https:\/\/sandzakpress.net\/arhiva\/#\/schema\/person\/image\/\",\"url\":\"https:\/\/secure.gravatar.com\/avatar\/a04fd330bfe3a36a72a0ad4a6d89fca7?s=96&d=mm&r=pg\",\"contentUrl\":\"https:\/\/secure.gravatar.com\/avatar\/a04fd330bfe3a36a72a0ad4a6d89fca7?s=96&d=mm&r=pg\",\"caption\":\"bosniak\"},\"url\":\"https:\/\/sandzakpress.net\/arhiva\/author\/bosniak\/\"}]}<\/script>\n<!-- \/ Yoast SEO Premium plugin. -->","yoast_head_json":{"title":"Rafet Husovi\u0107: zastupljenost bi mogla biti bolja","robots":{"index":"index","follow":"follow","max-snippet":"max-snippet:-1","max-image-preview":"max-image-preview:large","max-video-preview":"max-video-preview:-1"},"canonical":"https:\/\/sandzakpress.net\/arhiva\/rafet-husovic-zastupljenost-bi-mogla-biti-bolja\/","og_locale":"bs_BA","og_type":"article","og_title":"Rafet Husovi\u0107: zastupljenost bi mogla biti bolja","og_description":"Podgorica &#8211; Zastupljenost Bo\u0161njaka-Muslimana u instiucijama zakonodavne vlasti je na zadovoljavaju\u0107em nivou, dok takva situacija nije u izvr\u0161noj i sudskoj vlasti, i u diplomatsko-konzularnim predstavni\u0161tvima, kazao je predsjednik Bo\u0161nja\u010dke stranke (BS), Rafet Husovi\u0107. On je agenciji MINA rekao da se mo\u017ee re\u0107i, kada je rije\u010d o politi\u010dkim pravima, da je bo\u0161nja\u010dko-muslimanski narod zastupljen u institucijama [&hellip;]","og_url":"https:\/\/sandzakpress.net\/arhiva\/rafet-husovic-zastupljenost-bi-mogla-biti-bolja\/","og_site_name":"Sand\u017eak PRESS","article_published_time":"2010-01-10T13:02:25+00:00","og_image":[{"width":600,"height":393,"url":"https:\/\/sandzakpress.net\/arhiva\/wp-content\/uploads\/2010\/01\/vijest-2475.jpg","type":"image\/jpeg"}],"author":"bosniak","twitter_card":"summary_large_image","twitter_misc":{"Written by":"bosniak","Est. reading time":"5 minuta"},"schema":{"@context":"https:\/\/schema.org","@graph":[{"@type":"Article","@id":"https:\/\/sandzakpress.net\/arhiva\/rafet-husovic-zastupljenost-bi-mogla-biti-bolja\/#article","isPartOf":{"@id":"https:\/\/sandzakpress.net\/arhiva\/rafet-husovic-zastupljenost-bi-mogla-biti-bolja\/"},"author":{"name":"bosniak","@id":"https:\/\/sandzakpress.net\/arhiva\/#\/schema\/person\/c8baee722073534b583ea7bdb2e36c02"},"headline":"Rafet Husovi\u0107: zastupljenost bi mogla biti bolja","datePublished":"2010-01-10T13:02:25+00:00","mainEntityOfPage":{"@id":"https:\/\/sandzakpress.net\/arhiva\/rafet-husovic-zastupljenost-bi-mogla-biti-bolja\/"},"wordCount":1106,"commentCount":0,"publisher":{"@id":"https:\/\/sandzakpress.net\/arhiva\/#\/schema\/person\/6e72b67d6e51910a1117b3b483ba20bd"},"image":{"@id":"https:\/\/sandzakpress.net\/arhiva\/rafet-husovic-zastupljenost-bi-mogla-biti-bolja\/#primaryimage"},"thumbnailUrl":"https:\/\/sandzakpress.net\/arhiva\/wp-content\/uploads\/2010\/01\/vijest-2475.jpg","articleSection":["Politika"],"inLanguage":"bs-BA","potentialAction":[{"@type":"CommentAction","name":"Comment","target":["https:\/\/sandzakpress.net\/arhiva\/rafet-husovic-zastupljenost-bi-mogla-biti-bolja\/#respond"]}]},{"@type":"WebPage","@id":"https:\/\/sandzakpress.net\/arhiva\/rafet-husovic-zastupljenost-bi-mogla-biti-bolja\/","url":"https:\/\/sandzakpress.net\/arhiva\/rafet-husovic-zastupljenost-bi-mogla-biti-bolja\/","name":"Rafet Husovi\u0107: zastupljenost bi mogla biti bolja","isPartOf":{"@id":"https:\/\/sandzakpress.net\/arhiva\/#website"},"primaryImageOfPage":{"@id":"https:\/\/sandzakpress.net\/arhiva\/rafet-husovic-zastupljenost-bi-mogla-biti-bolja\/#primaryimage"},"image":{"@id":"https:\/\/sandzakpress.net\/arhiva\/rafet-husovic-zastupljenost-bi-mogla-biti-bolja\/#primaryimage"},"thumbnailUrl":"https:\/\/sandzakpress.net\/arhiva\/wp-content\/uploads\/2010\/01\/vijest-2475.jpg","datePublished":"2010-01-10T13:02:25+00:00","breadcrumb":{"@id":"https:\/\/sandzakpress.net\/arhiva\/rafet-husovic-zastupljenost-bi-mogla-biti-bolja\/#breadcrumb"},"inLanguage":"bs-BA","potentialAction":[{"@type":"ReadAction","target":["https:\/\/sandzakpress.net\/arhiva\/rafet-husovic-zastupljenost-bi-mogla-biti-bolja\/"]}]},{"@type":"ImageObject","inLanguage":"bs-BA","@id":"https:\/\/sandzakpress.net\/arhiva\/rafet-husovic-zastupljenost-bi-mogla-biti-bolja\/#primaryimage","url":"https:\/\/sandzakpress.net\/arhiva\/wp-content\/uploads\/2010\/01\/vijest-2475.jpg","contentUrl":"https:\/\/sandzakpress.net\/arhiva\/wp-content\/uploads\/2010\/01\/vijest-2475.jpg","width":600,"height":393},{"@type":"BreadcrumbList","@id":"https:\/\/sandzakpress.net\/arhiva\/rafet-husovic-zastupljenost-bi-mogla-biti-bolja\/#breadcrumb","itemListElement":[{"@type":"ListItem","position":1,"name":"Home","item":"https:\/\/sandzakpress.net\/arhiva\/"},{"@type":"ListItem","position":2,"name":"Rafet Husovi\u0107: zastupljenost bi mogla biti bolja"}]},{"@type":"WebSite","@id":"https:\/\/sandzakpress.net\/arhiva\/#website","url":"https:\/\/sandzakpress.net\/arhiva\/","name":"Sand\u017eak PRESS","description":"Prve elektronske novine u Sand\u017eaku","publisher":{"@id":"https:\/\/sandzakpress.net\/arhiva\/#\/schema\/person\/6e72b67d6e51910a1117b3b483ba20bd"},"potentialAction":[{"@type":"SearchAction","target":{"@type":"EntryPoint","urlTemplate":"https:\/\/sandzakpress.net\/arhiva\/?s={search_term_string}"},"query-input":{"@type":"PropertyValueSpecification","valueRequired":true,"valueName":"search_term_string"}}],"inLanguage":"bs-BA"},{"@type":["Person","Organization"],"@id":"https:\/\/sandzakpress.net\/arhiva\/#\/schema\/person\/6e72b67d6e51910a1117b3b483ba20bd","name":"Kul","image":{"@type":"ImageObject","inLanguage":"bs-BA","@id":"https:\/\/sandzakpress.net\/arhiva\/#\/schema\/person\/image\/","url":"https:\/\/secure.gravatar.com\/avatar\/42263f39aa27ac04c43cab85c280eb2e?s=96&d=mm&r=pg","contentUrl":"https:\/\/secure.gravatar.com\/avatar\/42263f39aa27ac04c43cab85c280eb2e?s=96&d=mm&r=pg","caption":"Kul"},"logo":{"@id":"https:\/\/sandzakpress.net\/arhiva\/#\/schema\/person\/image\/"}},{"@type":"Person","@id":"https:\/\/sandzakpress.net\/arhiva\/#\/schema\/person\/c8baee722073534b583ea7bdb2e36c02","name":"bosniak","image":{"@type":"ImageObject","inLanguage":"bs-BA","@id":"https:\/\/sandzakpress.net\/arhiva\/#\/schema\/person\/image\/","url":"https:\/\/secure.gravatar.com\/avatar\/a04fd330bfe3a36a72a0ad4a6d89fca7?s=96&d=mm&r=pg","contentUrl":"https:\/\/secure.gravatar.com\/avatar\/a04fd330bfe3a36a72a0ad4a6d89fca7?s=96&d=mm&r=pg","caption":"bosniak"},"url":"https:\/\/sandzakpress.net\/arhiva\/author\/bosniak\/"}]}},"_links":{"self":[{"href":"https:\/\/sandzakpress.net\/arhiva\/wp-json\/wp\/v2\/posts\/1146"}],"collection":[{"href":"https:\/\/sandzakpress.net\/arhiva\/wp-json\/wp\/v2\/posts"}],"about":[{"href":"https:\/\/sandzakpress.net\/arhiva\/wp-json\/wp\/v2\/types\/post"}],"author":[{"embeddable":true,"href":"https:\/\/sandzakpress.net\/arhiva\/wp-json\/wp\/v2\/users\/83"}],"replies":[{"embeddable":true,"href":"https:\/\/sandzakpress.net\/arhiva\/wp-json\/wp\/v2\/comments?post=1146"}],"version-history":[{"count":0,"href":"https:\/\/sandzakpress.net\/arhiva\/wp-json\/wp\/v2\/posts\/1146\/revisions"}],"wp:featuredmedia":[{"embeddable":true,"href":"https:\/\/sandzakpress.net\/arhiva\/wp-json\/wp\/v2\/media\/1147"}],"wp:attachment":[{"href":"https:\/\/sandzakpress.net\/arhiva\/wp-json\/wp\/v2\/media?parent=1146"}],"wp:term":[{"taxonomy":"category","embeddable":true,"href":"https:\/\/sandzakpress.net\/arhiva\/wp-json\/wp\/v2\/categories?post=1146"},{"taxonomy":"post_tag","embeddable":true,"href":"https:\/\/sandzakpress.net\/arhiva\/wp-json\/wp\/v2\/tags?post=1146"}],"curies":[{"name":"wp","href":"https:\/\/api.w.org\/{rel}","templated":true}]}}