{"id":11458,"date":"2011-01-19T23:53:11","date_gmt":"2011-01-19T22:53:11","guid":{"rendered":"https:\/\/sandzakpress.net\/arhiva\/?p=11458"},"modified":"2011-01-19T23:53:11","modified_gmt":"2011-01-19T22:53:11","slug":"sacir-hot-na-pragu-bundeslige","status":"publish","type":"post","link":"https:\/\/sandzakpress.net\/arhiva\/sacir-hot-na-pragu-bundeslige\/","title":{"rendered":"\u0160a\u0107ir Hot na pragu Bundeslige"},"content":{"rendered":"<p><strong><a href=\"https:\/\/sandzakpress.net\/arhiva\/wp-content\/uploads\/2011\/01\/2.jpg\"><img loading=\"lazy\" decoding=\"async\" class=\"alignleft size-medium wp-image-11459\" title=\"2\" src=\"https:\/\/sandzakpress.net\/arhiva\/wp-content\/uploads\/2011\/01\/2-300x225.jpg\" alt=\"\" width=\"300\" height=\"225\" \/><\/a>Gusinje &#8211; \u0160a\u0107ir Hot, na pragu da potpise prvi profesionalni ugovor u Bundesligi &#8211; Njema\u010dka.<\/strong><\/p>\n<p>Ako bude sve i\u0161lo po planu, onda ce jo\u0161 jedan Gusinjanin uskoro postati fudbalski internacionalac tj uskoro ce potpisati i<a href=\"http:\/\/www.yanks-abroad.com\/get.php?mode=content&amp;id=7283\">profesionalni ugovor.<\/a><\/p>\n<p>Naime, na\u0161e gore list\u00a0\u0160a\u0107ir S. Hot\u00a0(19), \u010dlan Boston College and U.S.A Under-20 ovih dana se nalazi u Njemackoj, na probi kod ekipe\u00a0<a href=\"http:\/\/www.goal.com\/en-us\/news\/87\/germany\/2011\/01\/18\/2311634\/american-defender-sacir-hot-on-trial-at-borussia\">Borussia M\u00f6nchengladbach<\/a>, \u010dlana Bundeslige. Trenutno za ovu ekipu nastupa i Michael Bradley, sin selektora fudbalske reprezentacije SAD.<\/p>\n<p>Kako nam je \u0160a\u0107ir za\u00a0<em>GusinjePlav Press<\/em> izjavio, nakon prve trening utakmice gazde Borusije M\u00f6nchengladbach su zadovoljni igrom koju je prikazao.<\/p>\n<p>Sljede\u0107e nedjelje \u0160a\u0107ir ima zakazanu jo\u0161 jednu probu u Dortmundu, za prvaka Bundeslige &#8211;\u00a0<a href=\"http:\/\/www.mlssoccer.com\/news\/article\/ny-academy-standout-hot-eyes-pro-contract\">Borussiju Dortmund.<\/a><\/p>\n<p>Ovo je veliko priznanje za ovog 19-godi\u0161njaka, koji je svojim igrama, za Boston College i reprezentaciju U.S.A Under-20, privukao pa\u017enju strucnjaka Bundeslige, jedne od naja\u010dih fudbalskih liga na svijetu.<\/p>\n<p>Po\u017eelimo mu da uspije i da kao Dzenan Radoncic na drugom kraju svijeta sa uspjehom reprezentuje svoj zavi\u010daj.<\/p>\n<p>Izvor: <strong>Gusinje-Plav.com<\/strong><\/p>\n","protected":false},"excerpt":{"rendered":"<p>Gusinje &#8211; \u0160a\u0107ir Hot, na pragu da potpise prvi profesionalni ugovor u Bundesligi &#8211; Njema\u010dka. Ako bude sve i\u0161lo po planu, onda ce jo\u0161 jedan Gusinjanin uskoro postati fudbalski internacionalac tj uskoro ce potpisati iprofesionalni ugovor. Naime, na\u0161e gore list\u00a0\u0160a\u0107ir S. Hot\u00a0(19), \u010dlan Boston College and U.S.A Under-20 ovih dana se nalazi u Njemackoj, na [&hellip;]<\/p>\n","protected":false},"author":83,"featured_media":11459,"comment_status":"open","ping_status":"open","sticky":false,"template":"","format":"standard","meta":{"footnotes":""},"categories":[13],"tags":[],"class_list":{"0":"post-11458","1":"post","2":"type-post","3":"status-publish","4":"format-standard","5":"has-post-thumbnail","7":"category-sport"},"yoast_head":"<!-- This site is optimized with the Yoast SEO Premium plugin v23.1 (Yoast SEO v24.9) - https:\/\/yoast.com\/wordpress\/plugins\/seo\/ -->\n<title>\u0160a\u0107ir Hot na pragu Bundeslige<\/title>\n<meta name=\"robots\" content=\"index, follow, max-snippet:-1, max-image-preview:large, max-video-preview:-1\" \/>\n<link rel=\"canonical\" href=\"https:\/\/sandzakpress.net\/arhiva\/sacir-hot-na-pragu-bundeslige\/\" \/>\n<meta property=\"og:locale\" content=\"bs_BA\" \/>\n<meta property=\"og:type\" content=\"article\" \/>\n<meta property=\"og:title\" content=\"\u0160a\u0107ir Hot na pragu Bundeslige\" \/>\n<meta property=\"og:description\" content=\"Gusinje &#8211; \u0160a\u0107ir Hot, na pragu da potpise prvi profesionalni ugovor u Bundesligi &#8211; Njema\u010dka. Ako bude sve i\u0161lo po planu, onda ce jo\u0161 jedan Gusinjanin uskoro postati fudbalski internacionalac tj uskoro ce potpisati iprofesionalni ugovor. Naime, na\u0161e gore list\u00a0\u0160a\u0107ir S. Hot\u00a0(19), \u010dlan Boston College and U.S.A Under-20 ovih dana se nalazi u Njemackoj, na [&hellip;]\" \/>\n<meta property=\"og:url\" content=\"https:\/\/sandzakpress.net\/arhiva\/sacir-hot-na-pragu-bundeslige\/\" \/>\n<meta property=\"og:site_name\" content=\"Sand\u017eak PRESS\" \/>\n<meta property=\"article:published_time\" content=\"2011-01-19T22:53:11+00:00\" \/>\n<meta property=\"og:image\" content=\"https:\/\/sandzakpress.net\/arhiva\/wp-content\/uploads\/2011\/01\/2.jpg\" \/>\n\t<meta property=\"og:image:width\" content=\"616\" \/>\n\t<meta property=\"og:image:height\" content=\"462\" \/>\n\t<meta property=\"og:image:type\" content=\"image\/jpeg\" \/>\n<meta name=\"author\" content=\"bosniak\" \/>\n<meta name=\"twitter:card\" content=\"summary_large_image\" \/>\n<meta name=\"twitter:label1\" content=\"Written by\" \/>\n\t<meta name=\"twitter:data1\" content=\"bosniak\" \/>\n\t<meta name=\"twitter:label2\" content=\"Est. reading time\" \/>\n\t<meta name=\"twitter:data2\" content=\"1 minuta\" \/>\n<script type=\"application\/ld+json\" class=\"yoast-schema-graph\">{\"@context\":\"https:\/\/schema.org\",\"@graph\":[{\"@type\":\"Article\",\"@id\":\"https:\/\/sandzakpress.net\/arhiva\/sacir-hot-na-pragu-bundeslige\/#article\",\"isPartOf\":{\"@id\":\"https:\/\/sandzakpress.net\/arhiva\/sacir-hot-na-pragu-bundeslige\/\"},\"author\":{\"name\":\"bosniak\",\"@id\":\"https:\/\/sandzakpress.net\/arhiva\/#\/schema\/person\/c8baee722073534b583ea7bdb2e36c02\"},\"headline\":\"\u0160a\u0107ir Hot na pragu Bundeslige\",\"datePublished\":\"2011-01-19T22:53:11+00:00\",\"mainEntityOfPage\":{\"@id\":\"https:\/\/sandzakpress.net\/arhiva\/sacir-hot-na-pragu-bundeslige\/\"},\"wordCount\":188,\"commentCount\":0,\"publisher\":{\"@id\":\"https:\/\/sandzakpress.net\/arhiva\/#\/schema\/person\/6e72b67d6e51910a1117b3b483ba20bd\"},\"image\":{\"@id\":\"https:\/\/sandzakpress.net\/arhiva\/sacir-hot-na-pragu-bundeslige\/#primaryimage\"},\"thumbnailUrl\":\"https:\/\/sandzakpress.net\/arhiva\/wp-content\/uploads\/2011\/01\/2.jpg\",\"articleSection\":[\"Sport\"],\"inLanguage\":\"bs-BA\",\"potentialAction\":[{\"@type\":\"CommentAction\",\"name\":\"Comment\",\"target\":[\"https:\/\/sandzakpress.net\/arhiva\/sacir-hot-na-pragu-bundeslige\/#respond\"]}]},{\"@type\":\"WebPage\",\"@id\":\"https:\/\/sandzakpress.net\/arhiva\/sacir-hot-na-pragu-bundeslige\/\",\"url\":\"https:\/\/sandzakpress.net\/arhiva\/sacir-hot-na-pragu-bundeslige\/\",\"name\":\"\u0160a\u0107ir Hot na pragu Bundeslige\",\"isPartOf\":{\"@id\":\"https:\/\/sandzakpress.net\/arhiva\/#website\"},\"primaryImageOfPage\":{\"@id\":\"https:\/\/sandzakpress.net\/arhiva\/sacir-hot-na-pragu-bundeslige\/#primaryimage\"},\"image\":{\"@id\":\"https:\/\/sandzakpress.net\/arhiva\/sacir-hot-na-pragu-bundeslige\/#primaryimage\"},\"thumbnailUrl\":\"https:\/\/sandzakpress.net\/arhiva\/wp-content\/uploads\/2011\/01\/2.jpg\",\"datePublished\":\"2011-01-19T22:53:11+00:00\",\"breadcrumb\":{\"@id\":\"https:\/\/sandzakpress.net\/arhiva\/sacir-hot-na-pragu-bundeslige\/#breadcrumb\"},\"inLanguage\":\"bs-BA\",\"potentialAction\":[{\"@type\":\"ReadAction\",\"target\":[\"https:\/\/sandzakpress.net\/arhiva\/sacir-hot-na-pragu-bundeslige\/\"]}]},{\"@type\":\"ImageObject\",\"inLanguage\":\"bs-BA\",\"@id\":\"https:\/\/sandzakpress.net\/arhiva\/sacir-hot-na-pragu-bundeslige\/#primaryimage\",\"url\":\"https:\/\/sandzakpress.net\/arhiva\/wp-content\/uploads\/2011\/01\/2.jpg\",\"contentUrl\":\"https:\/\/sandzakpress.net\/arhiva\/wp-content\/uploads\/2011\/01\/2.jpg\",\"width\":616,\"height\":462},{\"@type\":\"BreadcrumbList\",\"@id\":\"https:\/\/sandzakpress.net\/arhiva\/sacir-hot-na-pragu-bundeslige\/#breadcrumb\",\"itemListElement\":[{\"@type\":\"ListItem\",\"position\":1,\"name\":\"Home\",\"item\":\"https:\/\/sandzakpress.net\/arhiva\/\"},{\"@type\":\"ListItem\",\"position\":2,\"name\":\"\u0160a\u0107ir Hot na pragu Bundeslige\"}]},{\"@type\":\"WebSite\",\"@id\":\"https:\/\/sandzakpress.net\/arhiva\/#website\",\"url\":\"https:\/\/sandzakpress.net\/arhiva\/\",\"name\":\"Sand\u017eak PRESS\",\"description\":\"Prve elektronske novine u Sand\u017eaku\",\"publisher\":{\"@id\":\"https:\/\/sandzakpress.net\/arhiva\/#\/schema\/person\/6e72b67d6e51910a1117b3b483ba20bd\"},\"potentialAction\":[{\"@type\":\"SearchAction\",\"target\":{\"@type\":\"EntryPoint\",\"urlTemplate\":\"https:\/\/sandzakpress.net\/arhiva\/?s={search_term_string}\"},\"query-input\":{\"@type\":\"PropertyValueSpecification\",\"valueRequired\":true,\"valueName\":\"search_term_string\"}}],\"inLanguage\":\"bs-BA\"},{\"@type\":[\"Person\",\"Organization\"],\"@id\":\"https:\/\/sandzakpress.net\/arhiva\/#\/schema\/person\/6e72b67d6e51910a1117b3b483ba20bd\",\"name\":\"Kul\",\"image\":{\"@type\":\"ImageObject\",\"inLanguage\":\"bs-BA\",\"@id\":\"https:\/\/sandzakpress.net\/arhiva\/#\/schema\/person\/image\/\",\"url\":\"https:\/\/secure.gravatar.com\/avatar\/42263f39aa27ac04c43cab85c280eb2e?s=96&d=mm&r=pg\",\"contentUrl\":\"https:\/\/secure.gravatar.com\/avatar\/42263f39aa27ac04c43cab85c280eb2e?s=96&d=mm&r=pg\",\"caption\":\"Kul\"},\"logo\":{\"@id\":\"https:\/\/sandzakpress.net\/arhiva\/#\/schema\/person\/image\/\"}},{\"@type\":\"Person\",\"@id\":\"https:\/\/sandzakpress.net\/arhiva\/#\/schema\/person\/c8baee722073534b583ea7bdb2e36c02\",\"name\":\"bosniak\",\"image\":{\"@type\":\"ImageObject\",\"inLanguage\":\"bs-BA\",\"@id\":\"https:\/\/sandzakpress.net\/arhiva\/#\/schema\/person\/image\/\",\"url\":\"https:\/\/secure.gravatar.com\/avatar\/a04fd330bfe3a36a72a0ad4a6d89fca7?s=96&d=mm&r=pg\",\"contentUrl\":\"https:\/\/secure.gravatar.com\/avatar\/a04fd330bfe3a36a72a0ad4a6d89fca7?s=96&d=mm&r=pg\",\"caption\":\"bosniak\"},\"url\":\"https:\/\/sandzakpress.net\/arhiva\/author\/bosniak\/\"}]}<\/script>\n<!-- \/ Yoast SEO Premium plugin. -->","yoast_head_json":{"title":"\u0160a\u0107ir Hot na pragu Bundeslige","robots":{"index":"index","follow":"follow","max-snippet":"max-snippet:-1","max-image-preview":"max-image-preview:large","max-video-preview":"max-video-preview:-1"},"canonical":"https:\/\/sandzakpress.net\/arhiva\/sacir-hot-na-pragu-bundeslige\/","og_locale":"bs_BA","og_type":"article","og_title":"\u0160a\u0107ir Hot na pragu Bundeslige","og_description":"Gusinje &#8211; \u0160a\u0107ir Hot, na pragu da potpise prvi profesionalni ugovor u Bundesligi &#8211; Njema\u010dka. Ako bude sve i\u0161lo po planu, onda ce jo\u0161 jedan Gusinjanin uskoro postati fudbalski internacionalac tj uskoro ce potpisati iprofesionalni ugovor. Naime, na\u0161e gore list\u00a0\u0160a\u0107ir S. Hot\u00a0(19), \u010dlan Boston College and U.S.A Under-20 ovih dana se nalazi u Njemackoj, na [&hellip;]","og_url":"https:\/\/sandzakpress.net\/arhiva\/sacir-hot-na-pragu-bundeslige\/","og_site_name":"Sand\u017eak PRESS","article_published_time":"2011-01-19T22:53:11+00:00","og_image":[{"width":616,"height":462,"url":"https:\/\/sandzakpress.net\/arhiva\/wp-content\/uploads\/2011\/01\/2.jpg","type":"image\/jpeg"}],"author":"bosniak","twitter_card":"summary_large_image","twitter_misc":{"Written by":"bosniak","Est. reading time":"1 minuta"},"schema":{"@context":"https:\/\/schema.org","@graph":[{"@type":"Article","@id":"https:\/\/sandzakpress.net\/arhiva\/sacir-hot-na-pragu-bundeslige\/#article","isPartOf":{"@id":"https:\/\/sandzakpress.net\/arhiva\/sacir-hot-na-pragu-bundeslige\/"},"author":{"name":"bosniak","@id":"https:\/\/sandzakpress.net\/arhiva\/#\/schema\/person\/c8baee722073534b583ea7bdb2e36c02"},"headline":"\u0160a\u0107ir Hot na pragu Bundeslige","datePublished":"2011-01-19T22:53:11+00:00","mainEntityOfPage":{"@id":"https:\/\/sandzakpress.net\/arhiva\/sacir-hot-na-pragu-bundeslige\/"},"wordCount":188,"commentCount":0,"publisher":{"@id":"https:\/\/sandzakpress.net\/arhiva\/#\/schema\/person\/6e72b67d6e51910a1117b3b483ba20bd"},"image":{"@id":"https:\/\/sandzakpress.net\/arhiva\/sacir-hot-na-pragu-bundeslige\/#primaryimage"},"thumbnailUrl":"https:\/\/sandzakpress.net\/arhiva\/wp-content\/uploads\/2011\/01\/2.jpg","articleSection":["Sport"],"inLanguage":"bs-BA","potentialAction":[{"@type":"CommentAction","name":"Comment","target":["https:\/\/sandzakpress.net\/arhiva\/sacir-hot-na-pragu-bundeslige\/#respond"]}]},{"@type":"WebPage","@id":"https:\/\/sandzakpress.net\/arhiva\/sacir-hot-na-pragu-bundeslige\/","url":"https:\/\/sandzakpress.net\/arhiva\/sacir-hot-na-pragu-bundeslige\/","name":"\u0160a\u0107ir Hot na pragu Bundeslige","isPartOf":{"@id":"https:\/\/sandzakpress.net\/arhiva\/#website"},"primaryImageOfPage":{"@id":"https:\/\/sandzakpress.net\/arhiva\/sacir-hot-na-pragu-bundeslige\/#primaryimage"},"image":{"@id":"https:\/\/sandzakpress.net\/arhiva\/sacir-hot-na-pragu-bundeslige\/#primaryimage"},"thumbnailUrl":"https:\/\/sandzakpress.net\/arhiva\/wp-content\/uploads\/2011\/01\/2.jpg","datePublished":"2011-01-19T22:53:11+00:00","breadcrumb":{"@id":"https:\/\/sandzakpress.net\/arhiva\/sacir-hot-na-pragu-bundeslige\/#breadcrumb"},"inLanguage":"bs-BA","potentialAction":[{"@type":"ReadAction","target":["https:\/\/sandzakpress.net\/arhiva\/sacir-hot-na-pragu-bundeslige\/"]}]},{"@type":"ImageObject","inLanguage":"bs-BA","@id":"https:\/\/sandzakpress.net\/arhiva\/sacir-hot-na-pragu-bundeslige\/#primaryimage","url":"https:\/\/sandzakpress.net\/arhiva\/wp-content\/uploads\/2011\/01\/2.jpg","contentUrl":"https:\/\/sandzakpress.net\/arhiva\/wp-content\/uploads\/2011\/01\/2.jpg","width":616,"height":462},{"@type":"BreadcrumbList","@id":"https:\/\/sandzakpress.net\/arhiva\/sacir-hot-na-pragu-bundeslige\/#breadcrumb","itemListElement":[{"@type":"ListItem","position":1,"name":"Home","item":"https:\/\/sandzakpress.net\/arhiva\/"},{"@type":"ListItem","position":2,"name":"\u0160a\u0107ir Hot na pragu Bundeslige"}]},{"@type":"WebSite","@id":"https:\/\/sandzakpress.net\/arhiva\/#website","url":"https:\/\/sandzakpress.net\/arhiva\/","name":"Sand\u017eak PRESS","description":"Prve elektronske novine u Sand\u017eaku","publisher":{"@id":"https:\/\/sandzakpress.net\/arhiva\/#\/schema\/person\/6e72b67d6e51910a1117b3b483ba20bd"},"potentialAction":[{"@type":"SearchAction","target":{"@type":"EntryPoint","urlTemplate":"https:\/\/sandzakpress.net\/arhiva\/?s={search_term_string}"},"query-input":{"@type":"PropertyValueSpecification","valueRequired":true,"valueName":"search_term_string"}}],"inLanguage":"bs-BA"},{"@type":["Person","Organization"],"@id":"https:\/\/sandzakpress.net\/arhiva\/#\/schema\/person\/6e72b67d6e51910a1117b3b483ba20bd","name":"Kul","image":{"@type":"ImageObject","inLanguage":"bs-BA","@id":"https:\/\/sandzakpress.net\/arhiva\/#\/schema\/person\/image\/","url":"https:\/\/secure.gravatar.com\/avatar\/42263f39aa27ac04c43cab85c280eb2e?s=96&d=mm&r=pg","contentUrl":"https:\/\/secure.gravatar.com\/avatar\/42263f39aa27ac04c43cab85c280eb2e?s=96&d=mm&r=pg","caption":"Kul"},"logo":{"@id":"https:\/\/sandzakpress.net\/arhiva\/#\/schema\/person\/image\/"}},{"@type":"Person","@id":"https:\/\/sandzakpress.net\/arhiva\/#\/schema\/person\/c8baee722073534b583ea7bdb2e36c02","name":"bosniak","image":{"@type":"ImageObject","inLanguage":"bs-BA","@id":"https:\/\/sandzakpress.net\/arhiva\/#\/schema\/person\/image\/","url":"https:\/\/secure.gravatar.com\/avatar\/a04fd330bfe3a36a72a0ad4a6d89fca7?s=96&d=mm&r=pg","contentUrl":"https:\/\/secure.gravatar.com\/avatar\/a04fd330bfe3a36a72a0ad4a6d89fca7?s=96&d=mm&r=pg","caption":"bosniak"},"url":"https:\/\/sandzakpress.net\/arhiva\/author\/bosniak\/"}]}},"_links":{"self":[{"href":"https:\/\/sandzakpress.net\/arhiva\/wp-json\/wp\/v2\/posts\/11458"}],"collection":[{"href":"https:\/\/sandzakpress.net\/arhiva\/wp-json\/wp\/v2\/posts"}],"about":[{"href":"https:\/\/sandzakpress.net\/arhiva\/wp-json\/wp\/v2\/types\/post"}],"author":[{"embeddable":true,"href":"https:\/\/sandzakpress.net\/arhiva\/wp-json\/wp\/v2\/users\/83"}],"replies":[{"embeddable":true,"href":"https:\/\/sandzakpress.net\/arhiva\/wp-json\/wp\/v2\/comments?post=11458"}],"version-history":[{"count":0,"href":"https:\/\/sandzakpress.net\/arhiva\/wp-json\/wp\/v2\/posts\/11458\/revisions"}],"wp:featuredmedia":[{"embeddable":true,"href":"https:\/\/sandzakpress.net\/arhiva\/wp-json\/wp\/v2\/media\/11459"}],"wp:attachment":[{"href":"https:\/\/sandzakpress.net\/arhiva\/wp-json\/wp\/v2\/media?parent=11458"}],"wp:term":[{"taxonomy":"category","embeddable":true,"href":"https:\/\/sandzakpress.net\/arhiva\/wp-json\/wp\/v2\/categories?post=11458"},{"taxonomy":"post_tag","embeddable":true,"href":"https:\/\/sandzakpress.net\/arhiva\/wp-json\/wp\/v2\/tags?post=11458"}],"curies":[{"name":"wp","href":"https:\/\/api.w.org\/{rel}","templated":true}]}}