{"id":11452,"date":"2011-01-19T23:41:55","date_gmt":"2011-01-19T22:41:55","guid":{"rendered":"https:\/\/sandzakpress.net\/arhiva\/?p=11452"},"modified":"2011-01-19T23:41:55","modified_gmt":"2011-01-19T22:41:55","slug":"rektor-u-kataru","status":"publish","type":"post","link":"https:\/\/sandzakpress.net\/arhiva\/rektor-u-kataru\/","title":{"rendered":"Rektor u Kataru"},"content":{"rendered":"<p><strong><a href=\"https:\/\/sandzakpress.net\/arhiva\/wp-content\/uploads\/2011\/01\/img_0636_big.jpg\"><img loading=\"lazy\" decoding=\"async\" class=\"alignleft size-medium wp-image-11453\" title=\"img_0636_big\" src=\"https:\/\/sandzakpress.net\/arhiva\/wp-content\/uploads\/2011\/01\/img_0636_big-300x199.jpg\" alt=\"\" width=\"300\" height=\"199\" \/><\/a>Sjeverni Sand\u017eak &#8211; U organizaciji Centra za napredne studije i strate\u0161ko planiranje Al-Jazeera u saradnji sa Institutom za islamsku kulturu i civilizaciju kao i Tv mre\u017ee Al-Jazeera u glavnom gradu Katara, Dohi, od 18. do 20. januara 2011. god. odr\u017eava se simpozijum posve\u0107en Balkanu \u201cDe\u0161avanja i promjene\u201d. Izlaga\u010di na ovom skupu su istaknuti univerzitetski profesori, istra\u017eiva\u010di, intelektualci i eksperti za Balkan iz Turske, Albanije, Bosne i Hercegovine, Hrvatske, Kosova i Srbije.<\/strong><\/p>\n<p>Na desetine novinara, posebno dopisnika Tv Al-Jazeera\u00a0 iz Egipta, Jordana, BiH, Tunisa, Kuvajta kao i Katara, u direktnom prenosu su izvje\u0161tavali sa simpozijuma, a sva izlaganja su direktno preno\u0161ena\u00a0 zahvaljuju\u0107i Tv\u00a0 Al-Jazeera. Simpozijumu su prisustvovali i ambasadori Bosne i Hercegovine i Makedonije.<\/p>\n<p>Prvog dana simpozijuma, u jutarnjim satima, skup je otvorio generalni sekretar Centra za napredne studije, dr Salahudin Ezein Muhamed, koji je izrazio zadovoljstvo \u0161to se o Balkanu govori u organizaciji Centra, te da \u0107e Tv Al-Jazeera vrlo brzo biti emitovana na jezicima naroda Balkana, a posebno na bosanskom jeziku. Stav svih prisutnih je da je Al-Jazeera muslimanski brend. Nakon otvaranja analisti su izlagali referate nakon \u010dega su novinari postavljali pitanja na koja su izlaga\u010di odgovarali<\/p>\n<p>Rektor Univerziteta, prof.dr Mevlud Dudi\u0107 , govorio je o historijskim korjenima\u00a0 sukoba na Balkanu i njihovim\u00a0 razlozima. Prisutne novinare posebno je interesovalo pitanje Bo\u0161njaka u Srbiji. Rektor se u svom izlaganju posebno osvrnuo i istakao postojanje tri stuba Bo\u0161njaka u Sand\u017eaku, Islamsku zajednicu, Internacionalni Univerzitet i Bo\u0161nja\u010dko nacionalni vije\u0107e. Drugog dana, u prepodnevnim satima, rektor je posjetio Katarski univerzitet. Na satanku sa rukovodstvom bilo je rije\u010di o uspostavljanju saradnje.<\/p>\n<p>Izvor: <strong>UNINP.edu.rs<\/strong><\/p>\n","protected":false},"excerpt":{"rendered":"<p>Sjeverni Sand\u017eak &#8211; U organizaciji Centra za napredne studije i strate\u0161ko planiranje Al-Jazeera u saradnji sa Institutom za islamsku kulturu i civilizaciju kao i Tv mre\u017ee Al-Jazeera u glavnom gradu Katara, Dohi, od 18. do 20. januara 2011. god. odr\u017eava se simpozijum posve\u0107en Balkanu \u201cDe\u0161avanja i promjene\u201d. Izlaga\u010di na ovom skupu su istaknuti univerzitetski profesori, [&hellip;]<\/p>\n","protected":false},"author":83,"featured_media":11453,"comment_status":"open","ping_status":"open","sticky":false,"template":"","format":"standard","meta":{"footnotes":""},"categories":[72,52,327,392,393,394,4],"tags":[],"class_list":{"0":"post-11452","1":"post","2":"type-post","3":"status-publish","4":"format-standard","5":"has-post-thumbnail","7":"category-novi-pazar","8":"category-sjenica","9":"category-tutin","10":"category-prijepolje_","11":"category-priboj","12":"category-nova-varos","13":"category-obrazovanje"},"yoast_head":"<!-- This site is optimized with the Yoast SEO Premium plugin v23.1 (Yoast SEO v24.9) - https:\/\/yoast.com\/wordpress\/plugins\/seo\/ -->\n<title>Rektor u Kataru<\/title>\n<meta name=\"robots\" content=\"index, follow, max-snippet:-1, max-image-preview:large, max-video-preview:-1\" \/>\n<link rel=\"canonical\" href=\"https:\/\/sandzakpress.net\/arhiva\/rektor-u-kataru\/\" \/>\n<meta property=\"og:locale\" content=\"bs_BA\" \/>\n<meta property=\"og:type\" content=\"article\" \/>\n<meta property=\"og:title\" content=\"Rektor u Kataru\" \/>\n<meta property=\"og:description\" content=\"Sjeverni Sand\u017eak &#8211; U organizaciji Centra za napredne studije i strate\u0161ko planiranje Al-Jazeera u saradnji sa Institutom za islamsku kulturu i civilizaciju kao i Tv mre\u017ee Al-Jazeera u glavnom gradu Katara, Dohi, od 18. do 20. januara 2011. god. odr\u017eava se simpozijum posve\u0107en Balkanu \u201cDe\u0161avanja i promjene\u201d. Izlaga\u010di na ovom skupu su istaknuti univerzitetski profesori, [&hellip;]\" \/>\n<meta property=\"og:url\" content=\"https:\/\/sandzakpress.net\/arhiva\/rektor-u-kataru\/\" \/>\n<meta property=\"og:site_name\" content=\"Sand\u017eak PRESS\" \/>\n<meta property=\"article:published_time\" content=\"2011-01-19T22:41:55+00:00\" \/>\n<meta property=\"og:image\" content=\"https:\/\/sandzakpress.net\/arhiva\/wp-content\/uploads\/2011\/01\/img_0636_big.jpg\" \/>\n\t<meta property=\"og:image:width\" content=\"616\" \/>\n\t<meta property=\"og:image:height\" content=\"410\" \/>\n\t<meta property=\"og:image:type\" content=\"image\/jpeg\" \/>\n<meta name=\"author\" content=\"bosniak\" \/>\n<meta name=\"twitter:card\" content=\"summary_large_image\" \/>\n<meta name=\"twitter:label1\" content=\"Written by\" \/>\n\t<meta name=\"twitter:data1\" content=\"bosniak\" \/>\n\t<meta name=\"twitter:label2\" content=\"Est. reading time\" \/>\n\t<meta name=\"twitter:data2\" content=\"1 minuta\" \/>\n<script type=\"application\/ld+json\" class=\"yoast-schema-graph\">{\"@context\":\"https:\/\/schema.org\",\"@graph\":[{\"@type\":\"Article\",\"@id\":\"https:\/\/sandzakpress.net\/arhiva\/rektor-u-kataru\/#article\",\"isPartOf\":{\"@id\":\"https:\/\/sandzakpress.net\/arhiva\/rektor-u-kataru\/\"},\"author\":{\"name\":\"bosniak\",\"@id\":\"https:\/\/sandzakpress.net\/arhiva\/#\/schema\/person\/c8baee722073534b583ea7bdb2e36c02\"},\"headline\":\"Rektor u Kataru\",\"datePublished\":\"2011-01-19T22:41:55+00:00\",\"mainEntityOfPage\":{\"@id\":\"https:\/\/sandzakpress.net\/arhiva\/rektor-u-kataru\/\"},\"wordCount\":281,\"commentCount\":0,\"publisher\":{\"@id\":\"https:\/\/sandzakpress.net\/arhiva\/#\/schema\/person\/6e72b67d6e51910a1117b3b483ba20bd\"},\"image\":{\"@id\":\"https:\/\/sandzakpress.net\/arhiva\/rektor-u-kataru\/#primaryimage\"},\"thumbnailUrl\":\"https:\/\/sandzakpress.net\/arhiva\/wp-content\/uploads\/2011\/01\/img_0636_big.jpg\",\"articleSection\":[\"Novi Pazar\",\"Sjenica\",\"Tutin\",\"Prijepolje\",\"Priboj\",\"Nova Varo\u0161\",\"Obrazovanje\"],\"inLanguage\":\"bs-BA\",\"potentialAction\":[{\"@type\":\"CommentAction\",\"name\":\"Comment\",\"target\":[\"https:\/\/sandzakpress.net\/arhiva\/rektor-u-kataru\/#respond\"]}]},{\"@type\":\"WebPage\",\"@id\":\"https:\/\/sandzakpress.net\/arhiva\/rektor-u-kataru\/\",\"url\":\"https:\/\/sandzakpress.net\/arhiva\/rektor-u-kataru\/\",\"name\":\"Rektor u Kataru\",\"isPartOf\":{\"@id\":\"https:\/\/sandzakpress.net\/arhiva\/#website\"},\"primaryImageOfPage\":{\"@id\":\"https:\/\/sandzakpress.net\/arhiva\/rektor-u-kataru\/#primaryimage\"},\"image\":{\"@id\":\"https:\/\/sandzakpress.net\/arhiva\/rektor-u-kataru\/#primaryimage\"},\"thumbnailUrl\":\"https:\/\/sandzakpress.net\/arhiva\/wp-content\/uploads\/2011\/01\/img_0636_big.jpg\",\"datePublished\":\"2011-01-19T22:41:55+00:00\",\"breadcrumb\":{\"@id\":\"https:\/\/sandzakpress.net\/arhiva\/rektor-u-kataru\/#breadcrumb\"},\"inLanguage\":\"bs-BA\",\"potentialAction\":[{\"@type\":\"ReadAction\",\"target\":[\"https:\/\/sandzakpress.net\/arhiva\/rektor-u-kataru\/\"]}]},{\"@type\":\"ImageObject\",\"inLanguage\":\"bs-BA\",\"@id\":\"https:\/\/sandzakpress.net\/arhiva\/rektor-u-kataru\/#primaryimage\",\"url\":\"https:\/\/sandzakpress.net\/arhiva\/wp-content\/uploads\/2011\/01\/img_0636_big.jpg\",\"contentUrl\":\"https:\/\/sandzakpress.net\/arhiva\/wp-content\/uploads\/2011\/01\/img_0636_big.jpg\",\"width\":616,\"height\":410},{\"@type\":\"BreadcrumbList\",\"@id\":\"https:\/\/sandzakpress.net\/arhiva\/rektor-u-kataru\/#breadcrumb\",\"itemListElement\":[{\"@type\":\"ListItem\",\"position\":1,\"name\":\"Home\",\"item\":\"https:\/\/sandzakpress.net\/arhiva\/\"},{\"@type\":\"ListItem\",\"position\":2,\"name\":\"Rektor u Kataru\"}]},{\"@type\":\"WebSite\",\"@id\":\"https:\/\/sandzakpress.net\/arhiva\/#website\",\"url\":\"https:\/\/sandzakpress.net\/arhiva\/\",\"name\":\"Sand\u017eak PRESS\",\"description\":\"Prve elektronske novine u Sand\u017eaku\",\"publisher\":{\"@id\":\"https:\/\/sandzakpress.net\/arhiva\/#\/schema\/person\/6e72b67d6e51910a1117b3b483ba20bd\"},\"potentialAction\":[{\"@type\":\"SearchAction\",\"target\":{\"@type\":\"EntryPoint\",\"urlTemplate\":\"https:\/\/sandzakpress.net\/arhiva\/?s={search_term_string}\"},\"query-input\":{\"@type\":\"PropertyValueSpecification\",\"valueRequired\":true,\"valueName\":\"search_term_string\"}}],\"inLanguage\":\"bs-BA\"},{\"@type\":[\"Person\",\"Organization\"],\"@id\":\"https:\/\/sandzakpress.net\/arhiva\/#\/schema\/person\/6e72b67d6e51910a1117b3b483ba20bd\",\"name\":\"Kul\",\"image\":{\"@type\":\"ImageObject\",\"inLanguage\":\"bs-BA\",\"@id\":\"https:\/\/sandzakpress.net\/arhiva\/#\/schema\/person\/image\/\",\"url\":\"https:\/\/secure.gravatar.com\/avatar\/42263f39aa27ac04c43cab85c280eb2e?s=96&d=mm&r=pg\",\"contentUrl\":\"https:\/\/secure.gravatar.com\/avatar\/42263f39aa27ac04c43cab85c280eb2e?s=96&d=mm&r=pg\",\"caption\":\"Kul\"},\"logo\":{\"@id\":\"https:\/\/sandzakpress.net\/arhiva\/#\/schema\/person\/image\/\"}},{\"@type\":\"Person\",\"@id\":\"https:\/\/sandzakpress.net\/arhiva\/#\/schema\/person\/c8baee722073534b583ea7bdb2e36c02\",\"name\":\"bosniak\",\"image\":{\"@type\":\"ImageObject\",\"inLanguage\":\"bs-BA\",\"@id\":\"https:\/\/sandzakpress.net\/arhiva\/#\/schema\/person\/image\/\",\"url\":\"https:\/\/secure.gravatar.com\/avatar\/a04fd330bfe3a36a72a0ad4a6d89fca7?s=96&d=mm&r=pg\",\"contentUrl\":\"https:\/\/secure.gravatar.com\/avatar\/a04fd330bfe3a36a72a0ad4a6d89fca7?s=96&d=mm&r=pg\",\"caption\":\"bosniak\"},\"url\":\"https:\/\/sandzakpress.net\/arhiva\/author\/bosniak\/\"}]}<\/script>\n<!-- \/ Yoast SEO Premium plugin. -->","yoast_head_json":{"title":"Rektor u Kataru","robots":{"index":"index","follow":"follow","max-snippet":"max-snippet:-1","max-image-preview":"max-image-preview:large","max-video-preview":"max-video-preview:-1"},"canonical":"https:\/\/sandzakpress.net\/arhiva\/rektor-u-kataru\/","og_locale":"bs_BA","og_type":"article","og_title":"Rektor u Kataru","og_description":"Sjeverni Sand\u017eak &#8211; U organizaciji Centra za napredne studije i strate\u0161ko planiranje Al-Jazeera u saradnji sa Institutom za islamsku kulturu i civilizaciju kao i Tv mre\u017ee Al-Jazeera u glavnom gradu Katara, Dohi, od 18. do 20. januara 2011. god. odr\u017eava se simpozijum posve\u0107en Balkanu \u201cDe\u0161avanja i promjene\u201d. Izlaga\u010di na ovom skupu su istaknuti univerzitetski profesori, [&hellip;]","og_url":"https:\/\/sandzakpress.net\/arhiva\/rektor-u-kataru\/","og_site_name":"Sand\u017eak PRESS","article_published_time":"2011-01-19T22:41:55+00:00","og_image":[{"width":616,"height":410,"url":"https:\/\/sandzakpress.net\/arhiva\/wp-content\/uploads\/2011\/01\/img_0636_big.jpg","type":"image\/jpeg"}],"author":"bosniak","twitter_card":"summary_large_image","twitter_misc":{"Written by":"bosniak","Est. reading time":"1 minuta"},"schema":{"@context":"https:\/\/schema.org","@graph":[{"@type":"Article","@id":"https:\/\/sandzakpress.net\/arhiva\/rektor-u-kataru\/#article","isPartOf":{"@id":"https:\/\/sandzakpress.net\/arhiva\/rektor-u-kataru\/"},"author":{"name":"bosniak","@id":"https:\/\/sandzakpress.net\/arhiva\/#\/schema\/person\/c8baee722073534b583ea7bdb2e36c02"},"headline":"Rektor u Kataru","datePublished":"2011-01-19T22:41:55+00:00","mainEntityOfPage":{"@id":"https:\/\/sandzakpress.net\/arhiva\/rektor-u-kataru\/"},"wordCount":281,"commentCount":0,"publisher":{"@id":"https:\/\/sandzakpress.net\/arhiva\/#\/schema\/person\/6e72b67d6e51910a1117b3b483ba20bd"},"image":{"@id":"https:\/\/sandzakpress.net\/arhiva\/rektor-u-kataru\/#primaryimage"},"thumbnailUrl":"https:\/\/sandzakpress.net\/arhiva\/wp-content\/uploads\/2011\/01\/img_0636_big.jpg","articleSection":["Novi Pazar","Sjenica","Tutin","Prijepolje","Priboj","Nova Varo\u0161","Obrazovanje"],"inLanguage":"bs-BA","potentialAction":[{"@type":"CommentAction","name":"Comment","target":["https:\/\/sandzakpress.net\/arhiva\/rektor-u-kataru\/#respond"]}]},{"@type":"WebPage","@id":"https:\/\/sandzakpress.net\/arhiva\/rektor-u-kataru\/","url":"https:\/\/sandzakpress.net\/arhiva\/rektor-u-kataru\/","name":"Rektor u Kataru","isPartOf":{"@id":"https:\/\/sandzakpress.net\/arhiva\/#website"},"primaryImageOfPage":{"@id":"https:\/\/sandzakpress.net\/arhiva\/rektor-u-kataru\/#primaryimage"},"image":{"@id":"https:\/\/sandzakpress.net\/arhiva\/rektor-u-kataru\/#primaryimage"},"thumbnailUrl":"https:\/\/sandzakpress.net\/arhiva\/wp-content\/uploads\/2011\/01\/img_0636_big.jpg","datePublished":"2011-01-19T22:41:55+00:00","breadcrumb":{"@id":"https:\/\/sandzakpress.net\/arhiva\/rektor-u-kataru\/#breadcrumb"},"inLanguage":"bs-BA","potentialAction":[{"@type":"ReadAction","target":["https:\/\/sandzakpress.net\/arhiva\/rektor-u-kataru\/"]}]},{"@type":"ImageObject","inLanguage":"bs-BA","@id":"https:\/\/sandzakpress.net\/arhiva\/rektor-u-kataru\/#primaryimage","url":"https:\/\/sandzakpress.net\/arhiva\/wp-content\/uploads\/2011\/01\/img_0636_big.jpg","contentUrl":"https:\/\/sandzakpress.net\/arhiva\/wp-content\/uploads\/2011\/01\/img_0636_big.jpg","width":616,"height":410},{"@type":"BreadcrumbList","@id":"https:\/\/sandzakpress.net\/arhiva\/rektor-u-kataru\/#breadcrumb","itemListElement":[{"@type":"ListItem","position":1,"name":"Home","item":"https:\/\/sandzakpress.net\/arhiva\/"},{"@type":"ListItem","position":2,"name":"Rektor u Kataru"}]},{"@type":"WebSite","@id":"https:\/\/sandzakpress.net\/arhiva\/#website","url":"https:\/\/sandzakpress.net\/arhiva\/","name":"Sand\u017eak PRESS","description":"Prve elektronske novine u Sand\u017eaku","publisher":{"@id":"https:\/\/sandzakpress.net\/arhiva\/#\/schema\/person\/6e72b67d6e51910a1117b3b483ba20bd"},"potentialAction":[{"@type":"SearchAction","target":{"@type":"EntryPoint","urlTemplate":"https:\/\/sandzakpress.net\/arhiva\/?s={search_term_string}"},"query-input":{"@type":"PropertyValueSpecification","valueRequired":true,"valueName":"search_term_string"}}],"inLanguage":"bs-BA"},{"@type":["Person","Organization"],"@id":"https:\/\/sandzakpress.net\/arhiva\/#\/schema\/person\/6e72b67d6e51910a1117b3b483ba20bd","name":"Kul","image":{"@type":"ImageObject","inLanguage":"bs-BA","@id":"https:\/\/sandzakpress.net\/arhiva\/#\/schema\/person\/image\/","url":"https:\/\/secure.gravatar.com\/avatar\/42263f39aa27ac04c43cab85c280eb2e?s=96&d=mm&r=pg","contentUrl":"https:\/\/secure.gravatar.com\/avatar\/42263f39aa27ac04c43cab85c280eb2e?s=96&d=mm&r=pg","caption":"Kul"},"logo":{"@id":"https:\/\/sandzakpress.net\/arhiva\/#\/schema\/person\/image\/"}},{"@type":"Person","@id":"https:\/\/sandzakpress.net\/arhiva\/#\/schema\/person\/c8baee722073534b583ea7bdb2e36c02","name":"bosniak","image":{"@type":"ImageObject","inLanguage":"bs-BA","@id":"https:\/\/sandzakpress.net\/arhiva\/#\/schema\/person\/image\/","url":"https:\/\/secure.gravatar.com\/avatar\/a04fd330bfe3a36a72a0ad4a6d89fca7?s=96&d=mm&r=pg","contentUrl":"https:\/\/secure.gravatar.com\/avatar\/a04fd330bfe3a36a72a0ad4a6d89fca7?s=96&d=mm&r=pg","caption":"bosniak"},"url":"https:\/\/sandzakpress.net\/arhiva\/author\/bosniak\/"}]}},"_links":{"self":[{"href":"https:\/\/sandzakpress.net\/arhiva\/wp-json\/wp\/v2\/posts\/11452"}],"collection":[{"href":"https:\/\/sandzakpress.net\/arhiva\/wp-json\/wp\/v2\/posts"}],"about":[{"href":"https:\/\/sandzakpress.net\/arhiva\/wp-json\/wp\/v2\/types\/post"}],"author":[{"embeddable":true,"href":"https:\/\/sandzakpress.net\/arhiva\/wp-json\/wp\/v2\/users\/83"}],"replies":[{"embeddable":true,"href":"https:\/\/sandzakpress.net\/arhiva\/wp-json\/wp\/v2\/comments?post=11452"}],"version-history":[{"count":0,"href":"https:\/\/sandzakpress.net\/arhiva\/wp-json\/wp\/v2\/posts\/11452\/revisions"}],"wp:featuredmedia":[{"embeddable":true,"href":"https:\/\/sandzakpress.net\/arhiva\/wp-json\/wp\/v2\/media\/11453"}],"wp:attachment":[{"href":"https:\/\/sandzakpress.net\/arhiva\/wp-json\/wp\/v2\/media?parent=11452"}],"wp:term":[{"taxonomy":"category","embeddable":true,"href":"https:\/\/sandzakpress.net\/arhiva\/wp-json\/wp\/v2\/categories?post=11452"},{"taxonomy":"post_tag","embeddable":true,"href":"https:\/\/sandzakpress.net\/arhiva\/wp-json\/wp\/v2\/tags?post=11452"}],"curies":[{"name":"wp","href":"https:\/\/api.w.org\/{rel}","templated":true}]}}