{"id":114470,"date":"2014-11-18T19:22:46","date_gmt":"2014-11-18T18:22:46","guid":{"rendered":"https:\/\/sandzakpress.net\/arhiva\/?p=114470"},"modified":"2014-11-18T19:23:40","modified_gmt":"2014-11-18T18:23:40","slug":"dr-ceric-vukovar-i-srebrenicu-ne-smijemo-zaboraviti","status":"publish","type":"post","link":"https:\/\/sandzakpress.net\/arhiva\/dr-ceric-vukovar-i-srebrenicu-ne-smijemo-zaboraviti\/","title":{"rendered":"Dr. Ceri\u0107: Vukovar i Srebrenicu ne smijemo zaboraviti"},"content":{"rendered":"<p><img loading=\"lazy\" decoding=\"async\" class=\"aligncenter\" src=\"http:\/\/www.bosnjaci.net\/foto\/380_Mustafa_Ceric_Kandidatura323ab11.jpg\" alt=\"\" width=\"617\" height=\"294\" \/><\/p>\n<p><strong>BIH, Hrvatska &#8211; \u201e\u017drtve nasilja i genocida zaslu\u017euju na\u0161e po\u0161tovanje i opominju nas da njihova \u017ertva ne smije biti zaboravljena. Vukovar i Srebrenica, gradovi \u010dija imena \u0107e ostati upisana u najmra\u010dniji dio historije 20. stolje\u0107a, ne smiju biti zaboravljeni\u201c, poru\u010dio je dr. Mustafa Ceri\u0107, predsjednik Svjetskog bo\u0161nja\u010dkog kongresa, u poruci povodom 23. godi\u0161njice od pada Vukovara i zlo\u010dina po\u010dinjenih u tom gradu.<\/strong><\/p>\n<p>\u201eZlo\u010din u Vukovaru bio je uvod, svojevrsna zloslutna najava onoga \u0161to \u0107e se de\u0161avati u naredne \u010detiri godine, kako u Hrvatskoj, tako i u na\u0161oj zemlji, Bosni i Hercegovini\u201c, naglasio je dr. Ceri\u0107.<\/p>\n<p>Vrijeme, odnosno historija, dodao je, \u201e\u0107e pokazati za\u0161to je svijet ostao nijem, za\u0161to nije reagirao na zvjerstva u Vukovaru, u Europi nezapam\u0107ena jo\u0161 od 2. svjetskog rata, dopu\u0161taju\u0107i da se ideja o velikoj Srbiji odr\u017ei, oja\u010da i dovede do genocida u Srebrenici\u201c.<\/p>\n<p>\u201eIako je Europa iznevjerila zavjet &#8216;Nikad vi\u0161e&#8217;, dat nakon 2. svjetskog rata, ne reagiraju\u0107i na stradanje nevinih ljudi i razaranja u biv\u0161oj Jugoslaviji, nadam se da taj krik, krik &#8216;Nikad vi\u0161e&#8217;, ipak ne\u0107e utihnuti i da Europa i cijeli svijet to moraju ispo\u0161tovati i nedozvoliti da se dogode neki novi Vukovar ili Srebrenica\u201c, istakao je dr. Ceri\u0107.<\/p>\n<p>\u201eU na\u0161im mislima i du\u0161ama danas smo sa \u017ertvama Vukovara i iskreno suosje\u0107amo s njihovim obiteljima\u201c, rekao je dr. Ceri\u0107, te naglasio:<\/p>\n<p>\u201eVukovar i Srebrenica ne smiju se vi\u0161e nikada nikome dogoditi! Vukovar i Srebrenicu ne smijemo zaboraviti! Dugujemo to \u017ertvama, ali i na\u0161im potomcima; da im se ne desi to \u0161to se desilo nama\u201c.<\/p>\n<p><img loading=\"lazy\" decoding=\"async\" class=\"aligncenter\" src=\"http:\/\/www.bosnjaci.net\/foto\/Vukovar-18_nov_1991.jpg\" alt=\"\" width=\"616\" height=\"377\" \/><\/p>\n<p>(b.net)<\/p>\n","protected":false},"excerpt":{"rendered":"<p>BIH, Hrvatska &#8211; \u201e\u017drtve nasilja i genocida zaslu\u017euju na\u0161e po\u0161tovanje i opominju nas da njihova \u017ertva ne smije biti zaboravljena. Vukovar i Srebrenica, gradovi \u010dija imena \u0107e ostati upisana u najmra\u010dniji dio historije 20. stolje\u0107a, ne smiju biti zaboravljeni\u201c, poru\u010dio je dr. Mustafa Ceri\u0107, predsjednik Svjetskog bo\u0161nja\u010dkog kongresa, u poruci povodom 23. godi\u0161njice od pada [&hellip;]<\/p>\n","protected":false},"author":83,"featured_media":114471,"comment_status":"open","ping_status":"open","sticky":false,"template":"","format":"standard","meta":{"footnotes":""},"categories":[2860,800,10306,798],"tags":[],"class_list":{"0":"post-114470","1":"post","2":"type-post","3":"status-publish","4":"format-standard","5":"has-post-thumbnail","7":"category-bosna-i-hercegovina-gradovi","8":"category-nacija","9":"category-hrvatska","10":"category-teme"},"yoast_head":"<!-- This site is optimized with the Yoast SEO Premium plugin v23.1 (Yoast SEO v24.9) - https:\/\/yoast.com\/wordpress\/plugins\/seo\/ -->\n<title>Dr. Ceri\u0107: Vukovar i Srebrenicu ne smijemo zaboraviti<\/title>\n<meta name=\"robots\" content=\"index, follow, max-snippet:-1, max-image-preview:large, max-video-preview:-1\" \/>\n<link rel=\"canonical\" href=\"https:\/\/sandzakpress.net\/arhiva\/dr-ceric-vukovar-i-srebrenicu-ne-smijemo-zaboraviti\/\" \/>\n<meta property=\"og:locale\" content=\"bs_BA\" \/>\n<meta property=\"og:type\" content=\"article\" \/>\n<meta property=\"og:title\" content=\"Dr. Ceri\u0107: Vukovar i Srebrenicu ne smijemo zaboraviti\" \/>\n<meta property=\"og:description\" content=\"BIH, Hrvatska &#8211; \u201e\u017drtve nasilja i genocida zaslu\u017euju na\u0161e po\u0161tovanje i opominju nas da njihova \u017ertva ne smije biti zaboravljena. Vukovar i Srebrenica, gradovi \u010dija imena \u0107e ostati upisana u najmra\u010dniji dio historije 20. stolje\u0107a, ne smiju biti zaboravljeni\u201c, poru\u010dio je dr. Mustafa Ceri\u0107, predsjednik Svjetskog bo\u0161nja\u010dkog kongresa, u poruci povodom 23. godi\u0161njice od pada [&hellip;]\" \/>\n<meta property=\"og:url\" content=\"https:\/\/sandzakpress.net\/arhiva\/dr-ceric-vukovar-i-srebrenicu-ne-smijemo-zaboraviti\/\" \/>\n<meta property=\"og:site_name\" content=\"Sand\u017eak PRESS\" \/>\n<meta property=\"article:published_time\" content=\"2014-11-18T18:22:46+00:00\" \/>\n<meta property=\"article:modified_time\" content=\"2014-11-18T18:23:40+00:00\" \/>\n<meta property=\"og:image\" content=\"https:\/\/sandzakpress.net\/arhiva\/wp-content\/uploads\/2014\/11\/380_Mustafa_Ceric_Kandidatura323ab11.jpg\" \/>\n\t<meta property=\"og:image:width\" content=\"380\" \/>\n\t<meta property=\"og:image:height\" content=\"181\" \/>\n\t<meta property=\"og:image:type\" content=\"image\/jpeg\" \/>\n<meta name=\"author\" content=\"bosniak\" \/>\n<meta name=\"twitter:card\" content=\"summary_large_image\" \/>\n<meta name=\"twitter:label1\" content=\"Written by\" \/>\n\t<meta name=\"twitter:data1\" content=\"bosniak\" \/>\n\t<meta name=\"twitter:label2\" content=\"Est. reading time\" \/>\n\t<meta name=\"twitter:data2\" content=\"1 minuta\" \/>\n<script type=\"application\/ld+json\" class=\"yoast-schema-graph\">{\"@context\":\"https:\/\/schema.org\",\"@graph\":[{\"@type\":\"Article\",\"@id\":\"https:\/\/sandzakpress.net\/arhiva\/dr-ceric-vukovar-i-srebrenicu-ne-smijemo-zaboraviti\/#article\",\"isPartOf\":{\"@id\":\"https:\/\/sandzakpress.net\/arhiva\/dr-ceric-vukovar-i-srebrenicu-ne-smijemo-zaboraviti\/\"},\"author\":{\"name\":\"bosniak\",\"@id\":\"https:\/\/sandzakpress.net\/arhiva\/#\/schema\/person\/c8baee722073534b583ea7bdb2e36c02\"},\"headline\":\"Dr. Ceri\u0107: Vukovar i Srebrenicu ne smijemo zaboraviti\",\"datePublished\":\"2014-11-18T18:22:46+00:00\",\"dateModified\":\"2014-11-18T18:23:40+00:00\",\"mainEntityOfPage\":{\"@id\":\"https:\/\/sandzakpress.net\/arhiva\/dr-ceric-vukovar-i-srebrenicu-ne-smijemo-zaboraviti\/\"},\"wordCount\":287,\"commentCount\":5,\"publisher\":{\"@id\":\"https:\/\/sandzakpress.net\/arhiva\/#\/schema\/person\/6e72b67d6e51910a1117b3b483ba20bd\"},\"image\":{\"@id\":\"https:\/\/sandzakpress.net\/arhiva\/dr-ceric-vukovar-i-srebrenicu-ne-smijemo-zaboraviti\/#primaryimage\"},\"thumbnailUrl\":\"https:\/\/sandzakpress.net\/arhiva\/wp-content\/uploads\/2014\/11\/380_Mustafa_Ceric_Kandidatura323ab11.jpg\",\"articleSection\":[\"Bosna i Hercegovina\",\"Nacija\",\"Hrvatska\",\"NAJNOVIJE\"],\"inLanguage\":\"bs-BA\",\"potentialAction\":[{\"@type\":\"CommentAction\",\"name\":\"Comment\",\"target\":[\"https:\/\/sandzakpress.net\/arhiva\/dr-ceric-vukovar-i-srebrenicu-ne-smijemo-zaboraviti\/#respond\"]}]},{\"@type\":\"WebPage\",\"@id\":\"https:\/\/sandzakpress.net\/arhiva\/dr-ceric-vukovar-i-srebrenicu-ne-smijemo-zaboraviti\/\",\"url\":\"https:\/\/sandzakpress.net\/arhiva\/dr-ceric-vukovar-i-srebrenicu-ne-smijemo-zaboraviti\/\",\"name\":\"Dr. Ceri\u0107: Vukovar i Srebrenicu ne smijemo zaboraviti\",\"isPartOf\":{\"@id\":\"https:\/\/sandzakpress.net\/arhiva\/#website\"},\"primaryImageOfPage\":{\"@id\":\"https:\/\/sandzakpress.net\/arhiva\/dr-ceric-vukovar-i-srebrenicu-ne-smijemo-zaboraviti\/#primaryimage\"},\"image\":{\"@id\":\"https:\/\/sandzakpress.net\/arhiva\/dr-ceric-vukovar-i-srebrenicu-ne-smijemo-zaboraviti\/#primaryimage\"},\"thumbnailUrl\":\"https:\/\/sandzakpress.net\/arhiva\/wp-content\/uploads\/2014\/11\/380_Mustafa_Ceric_Kandidatura323ab11.jpg\",\"datePublished\":\"2014-11-18T18:22:46+00:00\",\"dateModified\":\"2014-11-18T18:23:40+00:00\",\"breadcrumb\":{\"@id\":\"https:\/\/sandzakpress.net\/arhiva\/dr-ceric-vukovar-i-srebrenicu-ne-smijemo-zaboraviti\/#breadcrumb\"},\"inLanguage\":\"bs-BA\",\"potentialAction\":[{\"@type\":\"ReadAction\",\"target\":[\"https:\/\/sandzakpress.net\/arhiva\/dr-ceric-vukovar-i-srebrenicu-ne-smijemo-zaboraviti\/\"]}]},{\"@type\":\"ImageObject\",\"inLanguage\":\"bs-BA\",\"@id\":\"https:\/\/sandzakpress.net\/arhiva\/dr-ceric-vukovar-i-srebrenicu-ne-smijemo-zaboraviti\/#primaryimage\",\"url\":\"https:\/\/sandzakpress.net\/arhiva\/wp-content\/uploads\/2014\/11\/380_Mustafa_Ceric_Kandidatura323ab11.jpg\",\"contentUrl\":\"https:\/\/sandzakpress.net\/arhiva\/wp-content\/uploads\/2014\/11\/380_Mustafa_Ceric_Kandidatura323ab11.jpg\",\"width\":380,\"height\":181},{\"@type\":\"BreadcrumbList\",\"@id\":\"https:\/\/sandzakpress.net\/arhiva\/dr-ceric-vukovar-i-srebrenicu-ne-smijemo-zaboraviti\/#breadcrumb\",\"itemListElement\":[{\"@type\":\"ListItem\",\"position\":1,\"name\":\"Home\",\"item\":\"https:\/\/sandzakpress.net\/arhiva\/\"},{\"@type\":\"ListItem\",\"position\":2,\"name\":\"Dr. Ceri\u0107: Vukovar i Srebrenicu ne smijemo zaboraviti\"}]},{\"@type\":\"WebSite\",\"@id\":\"https:\/\/sandzakpress.net\/arhiva\/#website\",\"url\":\"https:\/\/sandzakpress.net\/arhiva\/\",\"name\":\"Sand\u017eak PRESS\",\"description\":\"Prve elektronske novine u Sand\u017eaku\",\"publisher\":{\"@id\":\"https:\/\/sandzakpress.net\/arhiva\/#\/schema\/person\/6e72b67d6e51910a1117b3b483ba20bd\"},\"potentialAction\":[{\"@type\":\"SearchAction\",\"target\":{\"@type\":\"EntryPoint\",\"urlTemplate\":\"https:\/\/sandzakpress.net\/arhiva\/?s={search_term_string}\"},\"query-input\":{\"@type\":\"PropertyValueSpecification\",\"valueRequired\":true,\"valueName\":\"search_term_string\"}}],\"inLanguage\":\"bs-BA\"},{\"@type\":[\"Person\",\"Organization\"],\"@id\":\"https:\/\/sandzakpress.net\/arhiva\/#\/schema\/person\/6e72b67d6e51910a1117b3b483ba20bd\",\"name\":\"Kul\",\"image\":{\"@type\":\"ImageObject\",\"inLanguage\":\"bs-BA\",\"@id\":\"https:\/\/sandzakpress.net\/arhiva\/#\/schema\/person\/image\/\",\"url\":\"https:\/\/secure.gravatar.com\/avatar\/42263f39aa27ac04c43cab85c280eb2e?s=96&d=mm&r=pg\",\"contentUrl\":\"https:\/\/secure.gravatar.com\/avatar\/42263f39aa27ac04c43cab85c280eb2e?s=96&d=mm&r=pg\",\"caption\":\"Kul\"},\"logo\":{\"@id\":\"https:\/\/sandzakpress.net\/arhiva\/#\/schema\/person\/image\/\"}},{\"@type\":\"Person\",\"@id\":\"https:\/\/sandzakpress.net\/arhiva\/#\/schema\/person\/c8baee722073534b583ea7bdb2e36c02\",\"name\":\"bosniak\",\"image\":{\"@type\":\"ImageObject\",\"inLanguage\":\"bs-BA\",\"@id\":\"https:\/\/sandzakpress.net\/arhiva\/#\/schema\/person\/image\/\",\"url\":\"https:\/\/secure.gravatar.com\/avatar\/a04fd330bfe3a36a72a0ad4a6d89fca7?s=96&d=mm&r=pg\",\"contentUrl\":\"https:\/\/secure.gravatar.com\/avatar\/a04fd330bfe3a36a72a0ad4a6d89fca7?s=96&d=mm&r=pg\",\"caption\":\"bosniak\"},\"url\":\"https:\/\/sandzakpress.net\/arhiva\/author\/bosniak\/\"}]}<\/script>\n<!-- \/ Yoast SEO Premium plugin. -->","yoast_head_json":{"title":"Dr. Ceri\u0107: Vukovar i Srebrenicu ne smijemo zaboraviti","robots":{"index":"index","follow":"follow","max-snippet":"max-snippet:-1","max-image-preview":"max-image-preview:large","max-video-preview":"max-video-preview:-1"},"canonical":"https:\/\/sandzakpress.net\/arhiva\/dr-ceric-vukovar-i-srebrenicu-ne-smijemo-zaboraviti\/","og_locale":"bs_BA","og_type":"article","og_title":"Dr. Ceri\u0107: Vukovar i Srebrenicu ne smijemo zaboraviti","og_description":"BIH, Hrvatska &#8211; \u201e\u017drtve nasilja i genocida zaslu\u017euju na\u0161e po\u0161tovanje i opominju nas da njihova \u017ertva ne smije biti zaboravljena. Vukovar i Srebrenica, gradovi \u010dija imena \u0107e ostati upisana u najmra\u010dniji dio historije 20. stolje\u0107a, ne smiju biti zaboravljeni\u201c, poru\u010dio je dr. Mustafa Ceri\u0107, predsjednik Svjetskog bo\u0161nja\u010dkog kongresa, u poruci povodom 23. godi\u0161njice od pada [&hellip;]","og_url":"https:\/\/sandzakpress.net\/arhiva\/dr-ceric-vukovar-i-srebrenicu-ne-smijemo-zaboraviti\/","og_site_name":"Sand\u017eak PRESS","article_published_time":"2014-11-18T18:22:46+00:00","article_modified_time":"2014-11-18T18:23:40+00:00","og_image":[{"width":380,"height":181,"url":"https:\/\/sandzakpress.net\/arhiva\/wp-content\/uploads\/2014\/11\/380_Mustafa_Ceric_Kandidatura323ab11.jpg","type":"image\/jpeg"}],"author":"bosniak","twitter_card":"summary_large_image","twitter_misc":{"Written by":"bosniak","Est. reading time":"1 minuta"},"schema":{"@context":"https:\/\/schema.org","@graph":[{"@type":"Article","@id":"https:\/\/sandzakpress.net\/arhiva\/dr-ceric-vukovar-i-srebrenicu-ne-smijemo-zaboraviti\/#article","isPartOf":{"@id":"https:\/\/sandzakpress.net\/arhiva\/dr-ceric-vukovar-i-srebrenicu-ne-smijemo-zaboraviti\/"},"author":{"name":"bosniak","@id":"https:\/\/sandzakpress.net\/arhiva\/#\/schema\/person\/c8baee722073534b583ea7bdb2e36c02"},"headline":"Dr. Ceri\u0107: Vukovar i Srebrenicu ne smijemo zaboraviti","datePublished":"2014-11-18T18:22:46+00:00","dateModified":"2014-11-18T18:23:40+00:00","mainEntityOfPage":{"@id":"https:\/\/sandzakpress.net\/arhiva\/dr-ceric-vukovar-i-srebrenicu-ne-smijemo-zaboraviti\/"},"wordCount":287,"commentCount":5,"publisher":{"@id":"https:\/\/sandzakpress.net\/arhiva\/#\/schema\/person\/6e72b67d6e51910a1117b3b483ba20bd"},"image":{"@id":"https:\/\/sandzakpress.net\/arhiva\/dr-ceric-vukovar-i-srebrenicu-ne-smijemo-zaboraviti\/#primaryimage"},"thumbnailUrl":"https:\/\/sandzakpress.net\/arhiva\/wp-content\/uploads\/2014\/11\/380_Mustafa_Ceric_Kandidatura323ab11.jpg","articleSection":["Bosna i Hercegovina","Nacija","Hrvatska","NAJNOVIJE"],"inLanguage":"bs-BA","potentialAction":[{"@type":"CommentAction","name":"Comment","target":["https:\/\/sandzakpress.net\/arhiva\/dr-ceric-vukovar-i-srebrenicu-ne-smijemo-zaboraviti\/#respond"]}]},{"@type":"WebPage","@id":"https:\/\/sandzakpress.net\/arhiva\/dr-ceric-vukovar-i-srebrenicu-ne-smijemo-zaboraviti\/","url":"https:\/\/sandzakpress.net\/arhiva\/dr-ceric-vukovar-i-srebrenicu-ne-smijemo-zaboraviti\/","name":"Dr. Ceri\u0107: Vukovar i Srebrenicu ne smijemo zaboraviti","isPartOf":{"@id":"https:\/\/sandzakpress.net\/arhiva\/#website"},"primaryImageOfPage":{"@id":"https:\/\/sandzakpress.net\/arhiva\/dr-ceric-vukovar-i-srebrenicu-ne-smijemo-zaboraviti\/#primaryimage"},"image":{"@id":"https:\/\/sandzakpress.net\/arhiva\/dr-ceric-vukovar-i-srebrenicu-ne-smijemo-zaboraviti\/#primaryimage"},"thumbnailUrl":"https:\/\/sandzakpress.net\/arhiva\/wp-content\/uploads\/2014\/11\/380_Mustafa_Ceric_Kandidatura323ab11.jpg","datePublished":"2014-11-18T18:22:46+00:00","dateModified":"2014-11-18T18:23:40+00:00","breadcrumb":{"@id":"https:\/\/sandzakpress.net\/arhiva\/dr-ceric-vukovar-i-srebrenicu-ne-smijemo-zaboraviti\/#breadcrumb"},"inLanguage":"bs-BA","potentialAction":[{"@type":"ReadAction","target":["https:\/\/sandzakpress.net\/arhiva\/dr-ceric-vukovar-i-srebrenicu-ne-smijemo-zaboraviti\/"]}]},{"@type":"ImageObject","inLanguage":"bs-BA","@id":"https:\/\/sandzakpress.net\/arhiva\/dr-ceric-vukovar-i-srebrenicu-ne-smijemo-zaboraviti\/#primaryimage","url":"https:\/\/sandzakpress.net\/arhiva\/wp-content\/uploads\/2014\/11\/380_Mustafa_Ceric_Kandidatura323ab11.jpg","contentUrl":"https:\/\/sandzakpress.net\/arhiva\/wp-content\/uploads\/2014\/11\/380_Mustafa_Ceric_Kandidatura323ab11.jpg","width":380,"height":181},{"@type":"BreadcrumbList","@id":"https:\/\/sandzakpress.net\/arhiva\/dr-ceric-vukovar-i-srebrenicu-ne-smijemo-zaboraviti\/#breadcrumb","itemListElement":[{"@type":"ListItem","position":1,"name":"Home","item":"https:\/\/sandzakpress.net\/arhiva\/"},{"@type":"ListItem","position":2,"name":"Dr. Ceri\u0107: Vukovar i Srebrenicu ne smijemo zaboraviti"}]},{"@type":"WebSite","@id":"https:\/\/sandzakpress.net\/arhiva\/#website","url":"https:\/\/sandzakpress.net\/arhiva\/","name":"Sand\u017eak PRESS","description":"Prve elektronske novine u Sand\u017eaku","publisher":{"@id":"https:\/\/sandzakpress.net\/arhiva\/#\/schema\/person\/6e72b67d6e51910a1117b3b483ba20bd"},"potentialAction":[{"@type":"SearchAction","target":{"@type":"EntryPoint","urlTemplate":"https:\/\/sandzakpress.net\/arhiva\/?s={search_term_string}"},"query-input":{"@type":"PropertyValueSpecification","valueRequired":true,"valueName":"search_term_string"}}],"inLanguage":"bs-BA"},{"@type":["Person","Organization"],"@id":"https:\/\/sandzakpress.net\/arhiva\/#\/schema\/person\/6e72b67d6e51910a1117b3b483ba20bd","name":"Kul","image":{"@type":"ImageObject","inLanguage":"bs-BA","@id":"https:\/\/sandzakpress.net\/arhiva\/#\/schema\/person\/image\/","url":"https:\/\/secure.gravatar.com\/avatar\/42263f39aa27ac04c43cab85c280eb2e?s=96&d=mm&r=pg","contentUrl":"https:\/\/secure.gravatar.com\/avatar\/42263f39aa27ac04c43cab85c280eb2e?s=96&d=mm&r=pg","caption":"Kul"},"logo":{"@id":"https:\/\/sandzakpress.net\/arhiva\/#\/schema\/person\/image\/"}},{"@type":"Person","@id":"https:\/\/sandzakpress.net\/arhiva\/#\/schema\/person\/c8baee722073534b583ea7bdb2e36c02","name":"bosniak","image":{"@type":"ImageObject","inLanguage":"bs-BA","@id":"https:\/\/sandzakpress.net\/arhiva\/#\/schema\/person\/image\/","url":"https:\/\/secure.gravatar.com\/avatar\/a04fd330bfe3a36a72a0ad4a6d89fca7?s=96&d=mm&r=pg","contentUrl":"https:\/\/secure.gravatar.com\/avatar\/a04fd330bfe3a36a72a0ad4a6d89fca7?s=96&d=mm&r=pg","caption":"bosniak"},"url":"https:\/\/sandzakpress.net\/arhiva\/author\/bosniak\/"}]}},"_links":{"self":[{"href":"https:\/\/sandzakpress.net\/arhiva\/wp-json\/wp\/v2\/posts\/114470"}],"collection":[{"href":"https:\/\/sandzakpress.net\/arhiva\/wp-json\/wp\/v2\/posts"}],"about":[{"href":"https:\/\/sandzakpress.net\/arhiva\/wp-json\/wp\/v2\/types\/post"}],"author":[{"embeddable":true,"href":"https:\/\/sandzakpress.net\/arhiva\/wp-json\/wp\/v2\/users\/83"}],"replies":[{"embeddable":true,"href":"https:\/\/sandzakpress.net\/arhiva\/wp-json\/wp\/v2\/comments?post=114470"}],"version-history":[{"count":0,"href":"https:\/\/sandzakpress.net\/arhiva\/wp-json\/wp\/v2\/posts\/114470\/revisions"}],"wp:featuredmedia":[{"embeddable":true,"href":"https:\/\/sandzakpress.net\/arhiva\/wp-json\/wp\/v2\/media\/114471"}],"wp:attachment":[{"href":"https:\/\/sandzakpress.net\/arhiva\/wp-json\/wp\/v2\/media?parent=114470"}],"wp:term":[{"taxonomy":"category","embeddable":true,"href":"https:\/\/sandzakpress.net\/arhiva\/wp-json\/wp\/v2\/categories?post=114470"},{"taxonomy":"post_tag","embeddable":true,"href":"https:\/\/sandzakpress.net\/arhiva\/wp-json\/wp\/v2\/tags?post=114470"}],"curies":[{"name":"wp","href":"https:\/\/api.w.org\/{rel}","templated":true}]}}