{"id":114392,"date":"2014-11-17T23:37:18","date_gmt":"2014-11-17T22:37:18","guid":{"rendered":"https:\/\/sandzakpress.net\/arhiva\/?p=114392"},"modified":"2014-11-17T23:37:44","modified_gmt":"2014-11-17T22:37:44","slug":"nuhovic-mujovic-je-u-sjenici-pronevjerio-skoro-2-miliona-eura","status":"publish","type":"post","link":"https:\/\/sandzakpress.net\/arhiva\/nuhovic-mujovic-je-u-sjenici-pronevjerio-skoro-2-miliona-eura\/","title":{"rendered":"Nuhovi\u0107 \u2013 Mujovi\u0107 je u Sjenici pronevjerio skoro 2 miliona eura"},"content":{"rendered":"<p><strong><img loading=\"lazy\" decoding=\"async\" class=\"aligncenter\" src=\"http:\/\/rtvnp.rs\/images\/stories\/00000nuhovic.jpg\" alt=\"\" width=\"616\" height=\"493\" \/><\/strong><\/p>\n<p><strong>Sjenica &#8211; \u2018\u2019Metodom organizovanog kriminala i\u00a0korupcije do\u0161lo je do preotimanja dva odbornika u Sjenici, zahvaljuju\u0107i \u010demu je SDA Sand\u017eaka formirala novu skup\u0161tinsku ve\u0107inu kako bi i dalje ostala na vlasti I time uspijela da prikrije sve zloupotrebe koje je vr\u0161ila\u2019\u2019 rekao je u izjavi za Regionalnu televiziju predsjednik Samostalne SDA za Sjenicu Nusret Nuhovi\u0107.<\/strong><\/p>\n<p>Nuhovi\u0107 je rekao da je osnovni motiv za stvaranje nove skup\u0161tinske ve\u0107ine prikrivanje podataka Dr\u017eavne revizijske institucije koja je, kako ka\u017ee Nuhovi\u0107, konstatovala zloupotrebu bud\u017eeta u iznosu od preko 200 miliona dinara (do 2 miliona eura) za koju je kako nagla\u0161ava odgovoran predsjednik Op\u0161tine Sjenica Hazbo Mujovi\u0107.<\/p>\n<p>\u2019\u2019\u017delim da pozovem organe gonjenja da na osnovu izvje\u0161taja Dr\u017eavne revizorske institucije pokrenu postupak za utvr\u0111ivanje odgovornosti svih lica koja su zloupotrebljavala bud\u017eetska sredstva, a to je u stvari naredbodavac bud\u017eeta kako bi on eventualno bio izveden pred sud i\u00a0ka\u017enjen, a ima i\u00a0elemenata da bude uhap\u0161en s obzirom na visinu nov\u010danih sredstava koja su zloupotrebljena a \u0161to je utvr\u0111eno od strane Dr\u017eavne revizorske institucije\u2019\u2019 kazao je Nuhovi\u0107.<\/p>\n<p>(RTVNP)<\/p>\n<div class=\"youtube-embed\" data-video_id=\"kJUWFABjW8k\"><iframe loading=\"lazy\" title=\"SDP Sjenica press   Nuhovi\u0107\" width=\"696\" height=\"522\" src=\"https:\/\/www.youtube.com\/embed\/kJUWFABjW8k?feature=oembed&#038;enablejsapi=1\" frameborder=\"0\" allow=\"accelerometer; autoplay; encrypted-media; gyroscope; picture-in-picture\" allowfullscreen><\/iframe><\/div>\n","protected":false},"excerpt":{"rendered":"<p>Nuhovi\u0107 je rekao da je osnovni motiv za stvaranje nove skup\u0161tinske ve\u0107ine prikrivanje podataka Dr\u017eavne revizijske institucije koja je, kako ka\u017ee Nuhovi\u0107, konstatovala zloupotrebu bud\u017eeta u iznosu od preko 200 miliona dinara za koju je kako nagla\u0161ava odgovoran predsjednik Op\u0161tine Sjenica Hazbo Mujovi\u0107.<\/p>\n","protected":false},"author":83,"featured_media":114393,"comment_status":"open","ping_status":"open","sticky":false,"template":"","format":"standard","meta":{"footnotes":""},"categories":[1,52,8957],"tags":[10255,10344],"class_list":{"0":"post-114392","1":"post","2":"type-post","3":"status-publish","4":"format-standard","5":"has-post-thumbnail","7":"category-politika","8":"category-sjenica","9":"category-vijesti-dana","10":"tag-sda","11":"tag-vlast-u-sjenici"},"yoast_head":"<!-- This site is optimized with the Yoast SEO Premium plugin v23.1 (Yoast SEO v24.9) - https:\/\/yoast.com\/wordpress\/plugins\/seo\/ -->\n<title>Nuhovi\u0107 \u2013 Mujovi\u0107 je u Sjenici pronevjerio skoro 2 miliona eura<\/title>\n<meta name=\"robots\" content=\"index, follow, max-snippet:-1, max-image-preview:large, max-video-preview:-1\" \/>\n<link rel=\"canonical\" href=\"https:\/\/sandzakpress.net\/arhiva\/nuhovic-mujovic-je-u-sjenici-pronevjerio-skoro-2-miliona-eura\/\" \/>\n<meta property=\"og:locale\" content=\"bs_BA\" \/>\n<meta property=\"og:type\" content=\"article\" \/>\n<meta property=\"og:title\" content=\"Nuhovi\u0107 \u2013 Mujovi\u0107 je u Sjenici pronevjerio skoro 2 miliona eura\" \/>\n<meta property=\"og:description\" content=\"Nuhovi\u0107 je rekao da je osnovni motiv za stvaranje nove skup\u0161tinske ve\u0107ine prikrivanje podataka Dr\u017eavne revizijske institucije koja je, kako ka\u017ee Nuhovi\u0107, konstatovala zloupotrebu bud\u017eeta u iznosu od preko 200 miliona dinara za koju je kako nagla\u0161ava odgovoran predsjednik Op\u0161tine Sjenica Hazbo Mujovi\u0107.\" \/>\n<meta property=\"og:url\" content=\"https:\/\/sandzakpress.net\/arhiva\/nuhovic-mujovic-je-u-sjenici-pronevjerio-skoro-2-miliona-eura\/\" \/>\n<meta property=\"og:site_name\" content=\"Sand\u017eak PRESS\" \/>\n<meta property=\"article:published_time\" content=\"2014-11-17T22:37:18+00:00\" \/>\n<meta property=\"article:modified_time\" content=\"2014-11-17T22:37:44+00:00\" \/>\n<meta property=\"og:image\" content=\"https:\/\/sandzakpress.net\/arhiva\/wp-content\/uploads\/2014\/11\/00000nuhovic.jpg\" \/>\n\t<meta property=\"og:image:width\" content=\"720\" \/>\n\t<meta property=\"og:image:height\" content=\"576\" \/>\n\t<meta property=\"og:image:type\" content=\"image\/jpeg\" \/>\n<meta name=\"author\" content=\"bosniak\" \/>\n<meta name=\"twitter:card\" content=\"summary_large_image\" \/>\n<meta name=\"twitter:label1\" content=\"Written by\" \/>\n\t<meta name=\"twitter:data1\" content=\"bosniak\" \/>\n\t<meta name=\"twitter:label2\" content=\"Est. reading time\" \/>\n\t<meta name=\"twitter:data2\" content=\"1 minuta\" \/>\n<script type=\"application\/ld+json\" class=\"yoast-schema-graph\">{\"@context\":\"https:\/\/schema.org\",\"@graph\":[{\"@type\":\"Article\",\"@id\":\"https:\/\/sandzakpress.net\/arhiva\/nuhovic-mujovic-je-u-sjenici-pronevjerio-skoro-2-miliona-eura\/#article\",\"isPartOf\":{\"@id\":\"https:\/\/sandzakpress.net\/arhiva\/nuhovic-mujovic-je-u-sjenici-pronevjerio-skoro-2-miliona-eura\/\"},\"author\":{\"name\":\"bosniak\",\"@id\":\"https:\/\/sandzakpress.net\/arhiva\/#\/schema\/person\/c8baee722073534b583ea7bdb2e36c02\"},\"headline\":\"Nuhovi\u0107 \u2013 Mujovi\u0107 je u Sjenici pronevjerio skoro 2 miliona eura\",\"datePublished\":\"2014-11-17T22:37:18+00:00\",\"dateModified\":\"2014-11-17T22:37:44+00:00\",\"mainEntityOfPage\":{\"@id\":\"https:\/\/sandzakpress.net\/arhiva\/nuhovic-mujovic-je-u-sjenici-pronevjerio-skoro-2-miliona-eura\/\"},\"wordCount\":210,\"commentCount\":23,\"publisher\":{\"@id\":\"https:\/\/sandzakpress.net\/arhiva\/#\/schema\/person\/6e72b67d6e51910a1117b3b483ba20bd\"},\"image\":{\"@id\":\"https:\/\/sandzakpress.net\/arhiva\/nuhovic-mujovic-je-u-sjenici-pronevjerio-skoro-2-miliona-eura\/#primaryimage\"},\"thumbnailUrl\":\"https:\/\/sandzakpress.net\/arhiva\/wp-content\/uploads\/2014\/11\/00000nuhovic.jpg\",\"keywords\":[\"SDA\",\"vlast u Sjenici\"],\"articleSection\":[\"Politika\",\"Sjenica\",\"VIJESTI DANA\"],\"inLanguage\":\"bs-BA\",\"potentialAction\":[{\"@type\":\"CommentAction\",\"name\":\"Comment\",\"target\":[\"https:\/\/sandzakpress.net\/arhiva\/nuhovic-mujovic-je-u-sjenici-pronevjerio-skoro-2-miliona-eura\/#respond\"]}]},{\"@type\":\"WebPage\",\"@id\":\"https:\/\/sandzakpress.net\/arhiva\/nuhovic-mujovic-je-u-sjenici-pronevjerio-skoro-2-miliona-eura\/\",\"url\":\"https:\/\/sandzakpress.net\/arhiva\/nuhovic-mujovic-je-u-sjenici-pronevjerio-skoro-2-miliona-eura\/\",\"name\":\"Nuhovi\u0107 \u2013 Mujovi\u0107 je u Sjenici pronevjerio skoro 2 miliona eura\",\"isPartOf\":{\"@id\":\"https:\/\/sandzakpress.net\/arhiva\/#website\"},\"primaryImageOfPage\":{\"@id\":\"https:\/\/sandzakpress.net\/arhiva\/nuhovic-mujovic-je-u-sjenici-pronevjerio-skoro-2-miliona-eura\/#primaryimage\"},\"image\":{\"@id\":\"https:\/\/sandzakpress.net\/arhiva\/nuhovic-mujovic-je-u-sjenici-pronevjerio-skoro-2-miliona-eura\/#primaryimage\"},\"thumbnailUrl\":\"https:\/\/sandzakpress.net\/arhiva\/wp-content\/uploads\/2014\/11\/00000nuhovic.jpg\",\"datePublished\":\"2014-11-17T22:37:18+00:00\",\"dateModified\":\"2014-11-17T22:37:44+00:00\",\"breadcrumb\":{\"@id\":\"https:\/\/sandzakpress.net\/arhiva\/nuhovic-mujovic-je-u-sjenici-pronevjerio-skoro-2-miliona-eura\/#breadcrumb\"},\"inLanguage\":\"bs-BA\",\"potentialAction\":[{\"@type\":\"ReadAction\",\"target\":[\"https:\/\/sandzakpress.net\/arhiva\/nuhovic-mujovic-je-u-sjenici-pronevjerio-skoro-2-miliona-eura\/\"]}]},{\"@type\":\"ImageObject\",\"inLanguage\":\"bs-BA\",\"@id\":\"https:\/\/sandzakpress.net\/arhiva\/nuhovic-mujovic-je-u-sjenici-pronevjerio-skoro-2-miliona-eura\/#primaryimage\",\"url\":\"https:\/\/sandzakpress.net\/arhiva\/wp-content\/uploads\/2014\/11\/00000nuhovic.jpg\",\"contentUrl\":\"https:\/\/sandzakpress.net\/arhiva\/wp-content\/uploads\/2014\/11\/00000nuhovic.jpg\",\"width\":720,\"height\":576},{\"@type\":\"BreadcrumbList\",\"@id\":\"https:\/\/sandzakpress.net\/arhiva\/nuhovic-mujovic-je-u-sjenici-pronevjerio-skoro-2-miliona-eura\/#breadcrumb\",\"itemListElement\":[{\"@type\":\"ListItem\",\"position\":1,\"name\":\"Home\",\"item\":\"https:\/\/sandzakpress.net\/arhiva\/\"},{\"@type\":\"ListItem\",\"position\":2,\"name\":\"Nuhovi\u0107 \u2013 Mujovi\u0107 je u Sjenici pronevjerio skoro 2 miliona eura\"}]},{\"@type\":\"WebSite\",\"@id\":\"https:\/\/sandzakpress.net\/arhiva\/#website\",\"url\":\"https:\/\/sandzakpress.net\/arhiva\/\",\"name\":\"Sand\u017eak PRESS\",\"description\":\"Prve elektronske novine u Sand\u017eaku\",\"publisher\":{\"@id\":\"https:\/\/sandzakpress.net\/arhiva\/#\/schema\/person\/6e72b67d6e51910a1117b3b483ba20bd\"},\"potentialAction\":[{\"@type\":\"SearchAction\",\"target\":{\"@type\":\"EntryPoint\",\"urlTemplate\":\"https:\/\/sandzakpress.net\/arhiva\/?s={search_term_string}\"},\"query-input\":{\"@type\":\"PropertyValueSpecification\",\"valueRequired\":true,\"valueName\":\"search_term_string\"}}],\"inLanguage\":\"bs-BA\"},{\"@type\":[\"Person\",\"Organization\"],\"@id\":\"https:\/\/sandzakpress.net\/arhiva\/#\/schema\/person\/6e72b67d6e51910a1117b3b483ba20bd\",\"name\":\"Kul\",\"image\":{\"@type\":\"ImageObject\",\"inLanguage\":\"bs-BA\",\"@id\":\"https:\/\/sandzakpress.net\/arhiva\/#\/schema\/person\/image\/\",\"url\":\"https:\/\/secure.gravatar.com\/avatar\/42263f39aa27ac04c43cab85c280eb2e?s=96&d=mm&r=pg\",\"contentUrl\":\"https:\/\/secure.gravatar.com\/avatar\/42263f39aa27ac04c43cab85c280eb2e?s=96&d=mm&r=pg\",\"caption\":\"Kul\"},\"logo\":{\"@id\":\"https:\/\/sandzakpress.net\/arhiva\/#\/schema\/person\/image\/\"}},{\"@type\":\"Person\",\"@id\":\"https:\/\/sandzakpress.net\/arhiva\/#\/schema\/person\/c8baee722073534b583ea7bdb2e36c02\",\"name\":\"bosniak\",\"image\":{\"@type\":\"ImageObject\",\"inLanguage\":\"bs-BA\",\"@id\":\"https:\/\/sandzakpress.net\/arhiva\/#\/schema\/person\/image\/\",\"url\":\"https:\/\/secure.gravatar.com\/avatar\/a04fd330bfe3a36a72a0ad4a6d89fca7?s=96&d=mm&r=pg\",\"contentUrl\":\"https:\/\/secure.gravatar.com\/avatar\/a04fd330bfe3a36a72a0ad4a6d89fca7?s=96&d=mm&r=pg\",\"caption\":\"bosniak\"},\"url\":\"https:\/\/sandzakpress.net\/arhiva\/author\/bosniak\/\"}]}<\/script>\n<!-- \/ Yoast SEO Premium plugin. -->","yoast_head_json":{"title":"Nuhovi\u0107 \u2013 Mujovi\u0107 je u Sjenici pronevjerio skoro 2 miliona eura","robots":{"index":"index","follow":"follow","max-snippet":"max-snippet:-1","max-image-preview":"max-image-preview:large","max-video-preview":"max-video-preview:-1"},"canonical":"https:\/\/sandzakpress.net\/arhiva\/nuhovic-mujovic-je-u-sjenici-pronevjerio-skoro-2-miliona-eura\/","og_locale":"bs_BA","og_type":"article","og_title":"Nuhovi\u0107 \u2013 Mujovi\u0107 je u Sjenici pronevjerio skoro 2 miliona eura","og_description":"Nuhovi\u0107 je rekao da je osnovni motiv za stvaranje nove skup\u0161tinske ve\u0107ine prikrivanje podataka Dr\u017eavne revizijske institucije koja je, kako ka\u017ee Nuhovi\u0107, konstatovala zloupotrebu bud\u017eeta u iznosu od preko 200 miliona dinara za koju je kako nagla\u0161ava odgovoran predsjednik Op\u0161tine Sjenica Hazbo Mujovi\u0107.","og_url":"https:\/\/sandzakpress.net\/arhiva\/nuhovic-mujovic-je-u-sjenici-pronevjerio-skoro-2-miliona-eura\/","og_site_name":"Sand\u017eak PRESS","article_published_time":"2014-11-17T22:37:18+00:00","article_modified_time":"2014-11-17T22:37:44+00:00","og_image":[{"width":720,"height":576,"url":"https:\/\/sandzakpress.net\/arhiva\/wp-content\/uploads\/2014\/11\/00000nuhovic.jpg","type":"image\/jpeg"}],"author":"bosniak","twitter_card":"summary_large_image","twitter_misc":{"Written by":"bosniak","Est. reading time":"1 minuta"},"schema":{"@context":"https:\/\/schema.org","@graph":[{"@type":"Article","@id":"https:\/\/sandzakpress.net\/arhiva\/nuhovic-mujovic-je-u-sjenici-pronevjerio-skoro-2-miliona-eura\/#article","isPartOf":{"@id":"https:\/\/sandzakpress.net\/arhiva\/nuhovic-mujovic-je-u-sjenici-pronevjerio-skoro-2-miliona-eura\/"},"author":{"name":"bosniak","@id":"https:\/\/sandzakpress.net\/arhiva\/#\/schema\/person\/c8baee722073534b583ea7bdb2e36c02"},"headline":"Nuhovi\u0107 \u2013 Mujovi\u0107 je u Sjenici pronevjerio skoro 2 miliona eura","datePublished":"2014-11-17T22:37:18+00:00","dateModified":"2014-11-17T22:37:44+00:00","mainEntityOfPage":{"@id":"https:\/\/sandzakpress.net\/arhiva\/nuhovic-mujovic-je-u-sjenici-pronevjerio-skoro-2-miliona-eura\/"},"wordCount":210,"commentCount":23,"publisher":{"@id":"https:\/\/sandzakpress.net\/arhiva\/#\/schema\/person\/6e72b67d6e51910a1117b3b483ba20bd"},"image":{"@id":"https:\/\/sandzakpress.net\/arhiva\/nuhovic-mujovic-je-u-sjenici-pronevjerio-skoro-2-miliona-eura\/#primaryimage"},"thumbnailUrl":"https:\/\/sandzakpress.net\/arhiva\/wp-content\/uploads\/2014\/11\/00000nuhovic.jpg","keywords":["SDA","vlast u Sjenici"],"articleSection":["Politika","Sjenica","VIJESTI DANA"],"inLanguage":"bs-BA","potentialAction":[{"@type":"CommentAction","name":"Comment","target":["https:\/\/sandzakpress.net\/arhiva\/nuhovic-mujovic-je-u-sjenici-pronevjerio-skoro-2-miliona-eura\/#respond"]}]},{"@type":"WebPage","@id":"https:\/\/sandzakpress.net\/arhiva\/nuhovic-mujovic-je-u-sjenici-pronevjerio-skoro-2-miliona-eura\/","url":"https:\/\/sandzakpress.net\/arhiva\/nuhovic-mujovic-je-u-sjenici-pronevjerio-skoro-2-miliona-eura\/","name":"Nuhovi\u0107 \u2013 Mujovi\u0107 je u Sjenici pronevjerio skoro 2 miliona eura","isPartOf":{"@id":"https:\/\/sandzakpress.net\/arhiva\/#website"},"primaryImageOfPage":{"@id":"https:\/\/sandzakpress.net\/arhiva\/nuhovic-mujovic-je-u-sjenici-pronevjerio-skoro-2-miliona-eura\/#primaryimage"},"image":{"@id":"https:\/\/sandzakpress.net\/arhiva\/nuhovic-mujovic-je-u-sjenici-pronevjerio-skoro-2-miliona-eura\/#primaryimage"},"thumbnailUrl":"https:\/\/sandzakpress.net\/arhiva\/wp-content\/uploads\/2014\/11\/00000nuhovic.jpg","datePublished":"2014-11-17T22:37:18+00:00","dateModified":"2014-11-17T22:37:44+00:00","breadcrumb":{"@id":"https:\/\/sandzakpress.net\/arhiva\/nuhovic-mujovic-je-u-sjenici-pronevjerio-skoro-2-miliona-eura\/#breadcrumb"},"inLanguage":"bs-BA","potentialAction":[{"@type":"ReadAction","target":["https:\/\/sandzakpress.net\/arhiva\/nuhovic-mujovic-je-u-sjenici-pronevjerio-skoro-2-miliona-eura\/"]}]},{"@type":"ImageObject","inLanguage":"bs-BA","@id":"https:\/\/sandzakpress.net\/arhiva\/nuhovic-mujovic-je-u-sjenici-pronevjerio-skoro-2-miliona-eura\/#primaryimage","url":"https:\/\/sandzakpress.net\/arhiva\/wp-content\/uploads\/2014\/11\/00000nuhovic.jpg","contentUrl":"https:\/\/sandzakpress.net\/arhiva\/wp-content\/uploads\/2014\/11\/00000nuhovic.jpg","width":720,"height":576},{"@type":"BreadcrumbList","@id":"https:\/\/sandzakpress.net\/arhiva\/nuhovic-mujovic-je-u-sjenici-pronevjerio-skoro-2-miliona-eura\/#breadcrumb","itemListElement":[{"@type":"ListItem","position":1,"name":"Home","item":"https:\/\/sandzakpress.net\/arhiva\/"},{"@type":"ListItem","position":2,"name":"Nuhovi\u0107 \u2013 Mujovi\u0107 je u Sjenici pronevjerio skoro 2 miliona eura"}]},{"@type":"WebSite","@id":"https:\/\/sandzakpress.net\/arhiva\/#website","url":"https:\/\/sandzakpress.net\/arhiva\/","name":"Sand\u017eak PRESS","description":"Prve elektronske novine u Sand\u017eaku","publisher":{"@id":"https:\/\/sandzakpress.net\/arhiva\/#\/schema\/person\/6e72b67d6e51910a1117b3b483ba20bd"},"potentialAction":[{"@type":"SearchAction","target":{"@type":"EntryPoint","urlTemplate":"https:\/\/sandzakpress.net\/arhiva\/?s={search_term_string}"},"query-input":{"@type":"PropertyValueSpecification","valueRequired":true,"valueName":"search_term_string"}}],"inLanguage":"bs-BA"},{"@type":["Person","Organization"],"@id":"https:\/\/sandzakpress.net\/arhiva\/#\/schema\/person\/6e72b67d6e51910a1117b3b483ba20bd","name":"Kul","image":{"@type":"ImageObject","inLanguage":"bs-BA","@id":"https:\/\/sandzakpress.net\/arhiva\/#\/schema\/person\/image\/","url":"https:\/\/secure.gravatar.com\/avatar\/42263f39aa27ac04c43cab85c280eb2e?s=96&d=mm&r=pg","contentUrl":"https:\/\/secure.gravatar.com\/avatar\/42263f39aa27ac04c43cab85c280eb2e?s=96&d=mm&r=pg","caption":"Kul"},"logo":{"@id":"https:\/\/sandzakpress.net\/arhiva\/#\/schema\/person\/image\/"}},{"@type":"Person","@id":"https:\/\/sandzakpress.net\/arhiva\/#\/schema\/person\/c8baee722073534b583ea7bdb2e36c02","name":"bosniak","image":{"@type":"ImageObject","inLanguage":"bs-BA","@id":"https:\/\/sandzakpress.net\/arhiva\/#\/schema\/person\/image\/","url":"https:\/\/secure.gravatar.com\/avatar\/a04fd330bfe3a36a72a0ad4a6d89fca7?s=96&d=mm&r=pg","contentUrl":"https:\/\/secure.gravatar.com\/avatar\/a04fd330bfe3a36a72a0ad4a6d89fca7?s=96&d=mm&r=pg","caption":"bosniak"},"url":"https:\/\/sandzakpress.net\/arhiva\/author\/bosniak\/"}]}},"_links":{"self":[{"href":"https:\/\/sandzakpress.net\/arhiva\/wp-json\/wp\/v2\/posts\/114392"}],"collection":[{"href":"https:\/\/sandzakpress.net\/arhiva\/wp-json\/wp\/v2\/posts"}],"about":[{"href":"https:\/\/sandzakpress.net\/arhiva\/wp-json\/wp\/v2\/types\/post"}],"author":[{"embeddable":true,"href":"https:\/\/sandzakpress.net\/arhiva\/wp-json\/wp\/v2\/users\/83"}],"replies":[{"embeddable":true,"href":"https:\/\/sandzakpress.net\/arhiva\/wp-json\/wp\/v2\/comments?post=114392"}],"version-history":[{"count":0,"href":"https:\/\/sandzakpress.net\/arhiva\/wp-json\/wp\/v2\/posts\/114392\/revisions"}],"wp:featuredmedia":[{"embeddable":true,"href":"https:\/\/sandzakpress.net\/arhiva\/wp-json\/wp\/v2\/media\/114393"}],"wp:attachment":[{"href":"https:\/\/sandzakpress.net\/arhiva\/wp-json\/wp\/v2\/media?parent=114392"}],"wp:term":[{"taxonomy":"category","embeddable":true,"href":"https:\/\/sandzakpress.net\/arhiva\/wp-json\/wp\/v2\/categories?post=114392"},{"taxonomy":"post_tag","embeddable":true,"href":"https:\/\/sandzakpress.net\/arhiva\/wp-json\/wp\/v2\/tags?post=114392"}],"curies":[{"name":"wp","href":"https:\/\/api.w.org\/{rel}","templated":true}]}}