{"id":114363,"date":"2014-11-17T14:43:04","date_gmt":"2014-11-17T13:43:04","guid":{"rendered":"https:\/\/sandzakpress.net\/arhiva\/?p=114363"},"modified":"2014-11-17T14:44:28","modified_gmt":"2014-11-17T13:44:28","slug":"ko-su-vijecnici-novog-saziva-bosnjackog-nacionalnog-vijeca","status":"publish","type":"post","link":"https:\/\/sandzakpress.net\/arhiva\/ko-su-vijecnici-novog-saziva-bosnjackog-nacionalnog-vijeca\/","title":{"rendered":"Ko su vije\u0107nici novog saziva Bo\u0161nja\u010dkog nacionalnog vije\u0107a?"},"content":{"rendered":"<p><img loading=\"lazy\" decoding=\"async\" class=\"aligncenter size-full wp-image-114364\" src=\"https:\/\/sandzakpress.net\/arhiva\/wp-content\/uploads\/2014\/11\/af90175b4166aeedceda23f26510c00b5ee7387c5a16d96e0ec708f1fedd0cd1.jpg\" alt=\"af90175b4166aeedceda23f26510c00b5ee7387c5a16d96e0ec708f1fedd0cd1\" width=\"616\" height=\"412\" \/><\/p>\n<p><strong>Sand\u017eak &#8211; Kako stvari stoje, u saziv budu\u0107eg tridesetpeto\u010dlanog Vije\u0107au\u0161lo je\u00a019\u00a0predstavnika listeSulejmana Ugljanina i 16\u00a0prestavnika liste &#8216;Za Sand\u017eak, Bo\u0161njake i Muftiju&#8217;.<\/strong><\/p>\n<p>Od trideset pet budu\u0107ih vje\u0107nika, imat \u0107emo jedanaest hanuma i dvadeseti \u010detiri gospodina vije\u0107nika.<\/p>\n<p>Dvadeset i petoro \u0107e biti Pazaraca, petoro Tutinaca, po dvoje Sjeni\u010daka i Prijepoljaca i jedan vije\u0107nik iz Priboja.<\/p>\n<p>U narodnoj skup\u0161tini Bo\u0161njaka, imat \u0107emo i po jednog: studenta (master), efendiju, politikologa, sociologa, psihologa, kao i jednog arheologa.<\/p>\n<p><strong>Lista broj 1:<\/strong><\/p>\n<ol>\n<li>Jahja Fehratovi\u0107, univerzitetski profesor, Novi Pazar<\/li>\n<li>Fehim Huskovi\u0107, univerzitetski profesor, Novi Pazar<\/li>\n<li>Amela Zorani\u0107, univerzitetski profesor, Novi Pazar<\/li>\n<li>Enver Gici\u0107, univerzitetski profesor, Novi Pazar<\/li>\n<li>Admir Muratovi\u0107, univerzitetski profesor, Novi Pazar<\/li>\n<li>Misala Pramenkovi\u0107, profesor, Tutin<\/li>\n<li>Samir Tandir, menad\u017eer, Prijepolje<\/li>\n<li>Sead \u0160a\u0107irovi\u0107, profesor, Novi Pazar<\/li>\n<li>Alma \u010colovi\u0107-Me\u0111edovi\u0107, psiholog, Novi Pazar<\/li>\n<li>Enes Svraka, vjerski slu\u017ebenik, Priboj<\/li>\n<li>Mustafa Feti\u0107, univerzitetski profesor, Novi Pazar<\/li>\n<li>Jasmina Nik\u0161i\u0107, asistent, Novi Pazar<\/li>\n<li>Zehnija Buli\u0107, profesor, Novi Pazar<\/li>\n<li>Te\u0161rif \u0160a\u010di\u0107, profesor, Sjenica<\/li>\n<li>Samina Dazdarevi\u0107, univerzitetski profesor, Novi Pazar<\/li>\n<li>Ljutvija Balkan, preduzetnik, Tutin<\/li>\n<\/ol>\n<p>&nbsp;<\/p>\n<p><strong>Lista broj 2:<\/strong><\/p>\n<ol>\n<li>Dr. Sulejman Ugljanin, doktor stomatologije, Novi Pazar<\/li>\n<li>Bajro Gegi\u0107, profesor matematike, Tutin<\/li>\n<li>Vasvija Gusinac, profesor engleskog jezika i knjizevnosti, Novi Pazar<\/li>\n<li>Muhedin Fijuljanin, dipl. politikolog, Sjenic<\/li>\n<li>Prof. dr. Sead Semsovi\u0107, univerzitetski profesor, Novi Pazar<\/li>\n<li>Amela Spahi\u0107, dipl. pravnik, Novi Pazar<\/li>\n<li>Salih Hot, profesor hemije, Tutin<\/li>\n<li>Esad D\u017eud\u017e\u043e, dipl. sociolog, Tutin<\/li>\n<li>Amela Sadovi\u0107, master filolog, Novi Pazar<\/li>\n<li>Prof. dr. Red\u017eep \u0160krijelj, univerzitetski profesor, Novi Pazar<\/li>\n<li>Prof. dr. Hasim Meki\u0107, univerzitetski profesor, Novi Pazar<\/li>\n<li>Mevljuda Melajac, knjizevnik, Novi Pazar<\/li>\n<li>Prof. dr. Fahrudin Mavri\u0107, univerzitetski profesor, Novi Pazar<\/li>\n<li>Fuad Ba\u0107i\u0107anin, profesor, Novi Pazar<\/li>\n<li>Dr. Amra Lukar\u010danin, doktor stomatologije, Novi Pazar<\/li>\n<li>Mustafa Balti\u0107, dipl. arheolog, Sjenica<\/li>\n<li>Fahrudin \u0110eki\u0107, dipl. pravnik, Novi Pazar<\/li>\n<li>Nazlija Alju\u0161evi\u0107, profesor historije, Novi Pazar<\/li>\n<li>Eldin Jejna, dipl. socijalni radnik, Prijepolje<\/li>\n<\/ol>\n","protected":false},"excerpt":{"rendered":"<p>Sand\u017eak &#8211; Kako stvari stoje, u saziv budu\u0107eg tridesetpeto\u010dlanog Vije\u0107au\u0161lo je\u00a019\u00a0predstavnika listeSulejmana Ugljanina i 16\u00a0prestavnika liste &#8216;Za Sand\u017eak, Bo\u0161njake i Muftiju&#8217;. Od trideset pet budu\u0107ih vje\u0107nika, imat \u0107emo jedanaest hanuma i dvadeseti \u010detiri gospodina vije\u0107nika. Dvadeset i petoro \u0107e biti Pazaraca, petoro Tutinaca, po dvoje Sjeni\u010daka i Prijepoljaca i jedan vije\u0107nik iz Priboja. U narodnoj [&hellip;]<\/p>\n","protected":false},"author":83,"featured_media":114364,"comment_status":"open","ping_status":"open","sticky":false,"template":"","format":"standard","meta":{"footnotes":""},"categories":[72,1,52,327,392,393,394,8957],"tags":[10223,10243,10255],"class_list":{"0":"post-114363","1":"post","2":"type-post","3":"status-publish","4":"format-standard","5":"has-post-thumbnail","7":"category-novi-pazar","8":"category-politika","9":"category-sjenica","10":"category-tutin","11":"category-prijepolje_","12":"category-priboj","13":"category-nova-varos","14":"category-vijesti-dana","15":"tag-bdz","16":"tag-bnv","17":"tag-sda"},"yoast_head":"<!-- This site is optimized with the Yoast SEO Premium plugin v23.1 (Yoast SEO v24.9) - https:\/\/yoast.com\/wordpress\/plugins\/seo\/ -->\n<title>Ko su vije\u0107nici novog saziva Bo\u0161nja\u010dkog nacionalnog vije\u0107a?<\/title>\n<meta name=\"robots\" content=\"index, follow, max-snippet:-1, max-image-preview:large, max-video-preview:-1\" \/>\n<link rel=\"canonical\" href=\"https:\/\/sandzakpress.net\/arhiva\/ko-su-vijecnici-novog-saziva-bosnjackog-nacionalnog-vijeca\/\" \/>\n<meta property=\"og:locale\" content=\"bs_BA\" \/>\n<meta property=\"og:type\" content=\"article\" \/>\n<meta property=\"og:title\" content=\"Ko su vije\u0107nici novog saziva Bo\u0161nja\u010dkog nacionalnog vije\u0107a?\" \/>\n<meta property=\"og:description\" content=\"Sand\u017eak &#8211; Kako stvari stoje, u saziv budu\u0107eg tridesetpeto\u010dlanog Vije\u0107au\u0161lo je\u00a019\u00a0predstavnika listeSulejmana Ugljanina i 16\u00a0prestavnika liste &#8216;Za Sand\u017eak, Bo\u0161njake i Muftiju&#8217;. Od trideset pet budu\u0107ih vje\u0107nika, imat \u0107emo jedanaest hanuma i dvadeseti \u010detiri gospodina vije\u0107nika. Dvadeset i petoro \u0107e biti Pazaraca, petoro Tutinaca, po dvoje Sjeni\u010daka i Prijepoljaca i jedan vije\u0107nik iz Priboja. U narodnoj [&hellip;]\" \/>\n<meta property=\"og:url\" content=\"https:\/\/sandzakpress.net\/arhiva\/ko-su-vijecnici-novog-saziva-bosnjackog-nacionalnog-vijeca\/\" \/>\n<meta property=\"og:site_name\" content=\"Sand\u017eak PRESS\" \/>\n<meta property=\"article:published_time\" content=\"2014-11-17T13:43:04+00:00\" \/>\n<meta property=\"article:modified_time\" content=\"2014-11-17T13:44:28+00:00\" \/>\n<meta property=\"og:image\" content=\"https:\/\/sandzakpress.net\/arhiva\/wp-content\/uploads\/2014\/11\/af90175b4166aeedceda23f26510c00b5ee7387c5a16d96e0ec708f1fedd0cd1.jpg\" \/>\n\t<meta property=\"og:image:width\" content=\"616\" \/>\n\t<meta property=\"og:image:height\" content=\"412\" \/>\n\t<meta property=\"og:image:type\" content=\"image\/jpeg\" \/>\n<meta name=\"author\" content=\"bosniak\" \/>\n<meta name=\"twitter:card\" content=\"summary_large_image\" \/>\n<meta name=\"twitter:label1\" content=\"Written by\" \/>\n\t<meta name=\"twitter:data1\" content=\"bosniak\" \/>\n\t<meta name=\"twitter:label2\" content=\"Est. reading time\" \/>\n\t<meta name=\"twitter:data2\" content=\"2 minute\" \/>\n<script type=\"application\/ld+json\" class=\"yoast-schema-graph\">{\"@context\":\"https:\/\/schema.org\",\"@graph\":[{\"@type\":\"Article\",\"@id\":\"https:\/\/sandzakpress.net\/arhiva\/ko-su-vijecnici-novog-saziva-bosnjackog-nacionalnog-vijeca\/#article\",\"isPartOf\":{\"@id\":\"https:\/\/sandzakpress.net\/arhiva\/ko-su-vijecnici-novog-saziva-bosnjackog-nacionalnog-vijeca\/\"},\"author\":{\"name\":\"bosniak\",\"@id\":\"https:\/\/sandzakpress.net\/arhiva\/#\/schema\/person\/c8baee722073534b583ea7bdb2e36c02\"},\"headline\":\"Ko su vije\u0107nici novog saziva Bo\u0161nja\u010dkog nacionalnog vije\u0107a?\",\"datePublished\":\"2014-11-17T13:43:04+00:00\",\"dateModified\":\"2014-11-17T13:44:28+00:00\",\"mainEntityOfPage\":{\"@id\":\"https:\/\/sandzakpress.net\/arhiva\/ko-su-vijecnici-novog-saziva-bosnjackog-nacionalnog-vijeca\/\"},\"wordCount\":344,\"commentCount\":24,\"publisher\":{\"@id\":\"https:\/\/sandzakpress.net\/arhiva\/#\/schema\/person\/6e72b67d6e51910a1117b3b483ba20bd\"},\"image\":{\"@id\":\"https:\/\/sandzakpress.net\/arhiva\/ko-su-vijecnici-novog-saziva-bosnjackog-nacionalnog-vijeca\/#primaryimage\"},\"thumbnailUrl\":\"https:\/\/sandzakpress.net\/arhiva\/wp-content\/uploads\/2014\/11\/af90175b4166aeedceda23f26510c00b5ee7387c5a16d96e0ec708f1fedd0cd1.jpg\",\"keywords\":[\"BDZ\",\"BNV\",\"SDA\"],\"articleSection\":[\"Novi Pazar\",\"Politika\",\"Sjenica\",\"Tutin\",\"Prijepolje\",\"Priboj\",\"Nova Varo\u0161\",\"VIJESTI DANA\"],\"inLanguage\":\"bs-BA\",\"potentialAction\":[{\"@type\":\"CommentAction\",\"name\":\"Comment\",\"target\":[\"https:\/\/sandzakpress.net\/arhiva\/ko-su-vijecnici-novog-saziva-bosnjackog-nacionalnog-vijeca\/#respond\"]}]},{\"@type\":\"WebPage\",\"@id\":\"https:\/\/sandzakpress.net\/arhiva\/ko-su-vijecnici-novog-saziva-bosnjackog-nacionalnog-vijeca\/\",\"url\":\"https:\/\/sandzakpress.net\/arhiva\/ko-su-vijecnici-novog-saziva-bosnjackog-nacionalnog-vijeca\/\",\"name\":\"Ko su vije\u0107nici novog saziva Bo\u0161nja\u010dkog nacionalnog vije\u0107a?\",\"isPartOf\":{\"@id\":\"https:\/\/sandzakpress.net\/arhiva\/#website\"},\"primaryImageOfPage\":{\"@id\":\"https:\/\/sandzakpress.net\/arhiva\/ko-su-vijecnici-novog-saziva-bosnjackog-nacionalnog-vijeca\/#primaryimage\"},\"image\":{\"@id\":\"https:\/\/sandzakpress.net\/arhiva\/ko-su-vijecnici-novog-saziva-bosnjackog-nacionalnog-vijeca\/#primaryimage\"},\"thumbnailUrl\":\"https:\/\/sandzakpress.net\/arhiva\/wp-content\/uploads\/2014\/11\/af90175b4166aeedceda23f26510c00b5ee7387c5a16d96e0ec708f1fedd0cd1.jpg\",\"datePublished\":\"2014-11-17T13:43:04+00:00\",\"dateModified\":\"2014-11-17T13:44:28+00:00\",\"breadcrumb\":{\"@id\":\"https:\/\/sandzakpress.net\/arhiva\/ko-su-vijecnici-novog-saziva-bosnjackog-nacionalnog-vijeca\/#breadcrumb\"},\"inLanguage\":\"bs-BA\",\"potentialAction\":[{\"@type\":\"ReadAction\",\"target\":[\"https:\/\/sandzakpress.net\/arhiva\/ko-su-vijecnici-novog-saziva-bosnjackog-nacionalnog-vijeca\/\"]}]},{\"@type\":\"ImageObject\",\"inLanguage\":\"bs-BA\",\"@id\":\"https:\/\/sandzakpress.net\/arhiva\/ko-su-vijecnici-novog-saziva-bosnjackog-nacionalnog-vijeca\/#primaryimage\",\"url\":\"https:\/\/sandzakpress.net\/arhiva\/wp-content\/uploads\/2014\/11\/af90175b4166aeedceda23f26510c00b5ee7387c5a16d96e0ec708f1fedd0cd1.jpg\",\"contentUrl\":\"https:\/\/sandzakpress.net\/arhiva\/wp-content\/uploads\/2014\/11\/af90175b4166aeedceda23f26510c00b5ee7387c5a16d96e0ec708f1fedd0cd1.jpg\",\"width\":616,\"height\":412},{\"@type\":\"BreadcrumbList\",\"@id\":\"https:\/\/sandzakpress.net\/arhiva\/ko-su-vijecnici-novog-saziva-bosnjackog-nacionalnog-vijeca\/#breadcrumb\",\"itemListElement\":[{\"@type\":\"ListItem\",\"position\":1,\"name\":\"Home\",\"item\":\"https:\/\/sandzakpress.net\/arhiva\/\"},{\"@type\":\"ListItem\",\"position\":2,\"name\":\"Ko su vije\u0107nici novog saziva Bo\u0161nja\u010dkog nacionalnog vije\u0107a?\"}]},{\"@type\":\"WebSite\",\"@id\":\"https:\/\/sandzakpress.net\/arhiva\/#website\",\"url\":\"https:\/\/sandzakpress.net\/arhiva\/\",\"name\":\"Sand\u017eak PRESS\",\"description\":\"Prve elektronske novine u Sand\u017eaku\",\"publisher\":{\"@id\":\"https:\/\/sandzakpress.net\/arhiva\/#\/schema\/person\/6e72b67d6e51910a1117b3b483ba20bd\"},\"potentialAction\":[{\"@type\":\"SearchAction\",\"target\":{\"@type\":\"EntryPoint\",\"urlTemplate\":\"https:\/\/sandzakpress.net\/arhiva\/?s={search_term_string}\"},\"query-input\":{\"@type\":\"PropertyValueSpecification\",\"valueRequired\":true,\"valueName\":\"search_term_string\"}}],\"inLanguage\":\"bs-BA\"},{\"@type\":[\"Person\",\"Organization\"],\"@id\":\"https:\/\/sandzakpress.net\/arhiva\/#\/schema\/person\/6e72b67d6e51910a1117b3b483ba20bd\",\"name\":\"Kul\",\"image\":{\"@type\":\"ImageObject\",\"inLanguage\":\"bs-BA\",\"@id\":\"https:\/\/sandzakpress.net\/arhiva\/#\/schema\/person\/image\/\",\"url\":\"https:\/\/secure.gravatar.com\/avatar\/42263f39aa27ac04c43cab85c280eb2e?s=96&d=mm&r=pg\",\"contentUrl\":\"https:\/\/secure.gravatar.com\/avatar\/42263f39aa27ac04c43cab85c280eb2e?s=96&d=mm&r=pg\",\"caption\":\"Kul\"},\"logo\":{\"@id\":\"https:\/\/sandzakpress.net\/arhiva\/#\/schema\/person\/image\/\"}},{\"@type\":\"Person\",\"@id\":\"https:\/\/sandzakpress.net\/arhiva\/#\/schema\/person\/c8baee722073534b583ea7bdb2e36c02\",\"name\":\"bosniak\",\"image\":{\"@type\":\"ImageObject\",\"inLanguage\":\"bs-BA\",\"@id\":\"https:\/\/sandzakpress.net\/arhiva\/#\/schema\/person\/image\/\",\"url\":\"https:\/\/secure.gravatar.com\/avatar\/a04fd330bfe3a36a72a0ad4a6d89fca7?s=96&d=mm&r=pg\",\"contentUrl\":\"https:\/\/secure.gravatar.com\/avatar\/a04fd330bfe3a36a72a0ad4a6d89fca7?s=96&d=mm&r=pg\",\"caption\":\"bosniak\"},\"url\":\"https:\/\/sandzakpress.net\/arhiva\/author\/bosniak\/\"}]}<\/script>\n<!-- \/ Yoast SEO Premium plugin. -->","yoast_head_json":{"title":"Ko su vije\u0107nici novog saziva Bo\u0161nja\u010dkog nacionalnog vije\u0107a?","robots":{"index":"index","follow":"follow","max-snippet":"max-snippet:-1","max-image-preview":"max-image-preview:large","max-video-preview":"max-video-preview:-1"},"canonical":"https:\/\/sandzakpress.net\/arhiva\/ko-su-vijecnici-novog-saziva-bosnjackog-nacionalnog-vijeca\/","og_locale":"bs_BA","og_type":"article","og_title":"Ko su vije\u0107nici novog saziva Bo\u0161nja\u010dkog nacionalnog vije\u0107a?","og_description":"Sand\u017eak &#8211; Kako stvari stoje, u saziv budu\u0107eg tridesetpeto\u010dlanog Vije\u0107au\u0161lo je\u00a019\u00a0predstavnika listeSulejmana Ugljanina i 16\u00a0prestavnika liste &#8216;Za Sand\u017eak, Bo\u0161njake i Muftiju&#8217;. Od trideset pet budu\u0107ih vje\u0107nika, imat \u0107emo jedanaest hanuma i dvadeseti \u010detiri gospodina vije\u0107nika. Dvadeset i petoro \u0107e biti Pazaraca, petoro Tutinaca, po dvoje Sjeni\u010daka i Prijepoljaca i jedan vije\u0107nik iz Priboja. U narodnoj [&hellip;]","og_url":"https:\/\/sandzakpress.net\/arhiva\/ko-su-vijecnici-novog-saziva-bosnjackog-nacionalnog-vijeca\/","og_site_name":"Sand\u017eak PRESS","article_published_time":"2014-11-17T13:43:04+00:00","article_modified_time":"2014-11-17T13:44:28+00:00","og_image":[{"width":616,"height":412,"url":"https:\/\/sandzakpress.net\/arhiva\/wp-content\/uploads\/2014\/11\/af90175b4166aeedceda23f26510c00b5ee7387c5a16d96e0ec708f1fedd0cd1.jpg","type":"image\/jpeg"}],"author":"bosniak","twitter_card":"summary_large_image","twitter_misc":{"Written by":"bosniak","Est. reading time":"2 minute"},"schema":{"@context":"https:\/\/schema.org","@graph":[{"@type":"Article","@id":"https:\/\/sandzakpress.net\/arhiva\/ko-su-vijecnici-novog-saziva-bosnjackog-nacionalnog-vijeca\/#article","isPartOf":{"@id":"https:\/\/sandzakpress.net\/arhiva\/ko-su-vijecnici-novog-saziva-bosnjackog-nacionalnog-vijeca\/"},"author":{"name":"bosniak","@id":"https:\/\/sandzakpress.net\/arhiva\/#\/schema\/person\/c8baee722073534b583ea7bdb2e36c02"},"headline":"Ko su vije\u0107nici novog saziva Bo\u0161nja\u010dkog nacionalnog vije\u0107a?","datePublished":"2014-11-17T13:43:04+00:00","dateModified":"2014-11-17T13:44:28+00:00","mainEntityOfPage":{"@id":"https:\/\/sandzakpress.net\/arhiva\/ko-su-vijecnici-novog-saziva-bosnjackog-nacionalnog-vijeca\/"},"wordCount":344,"commentCount":24,"publisher":{"@id":"https:\/\/sandzakpress.net\/arhiva\/#\/schema\/person\/6e72b67d6e51910a1117b3b483ba20bd"},"image":{"@id":"https:\/\/sandzakpress.net\/arhiva\/ko-su-vijecnici-novog-saziva-bosnjackog-nacionalnog-vijeca\/#primaryimage"},"thumbnailUrl":"https:\/\/sandzakpress.net\/arhiva\/wp-content\/uploads\/2014\/11\/af90175b4166aeedceda23f26510c00b5ee7387c5a16d96e0ec708f1fedd0cd1.jpg","keywords":["BDZ","BNV","SDA"],"articleSection":["Novi Pazar","Politika","Sjenica","Tutin","Prijepolje","Priboj","Nova Varo\u0161","VIJESTI DANA"],"inLanguage":"bs-BA","potentialAction":[{"@type":"CommentAction","name":"Comment","target":["https:\/\/sandzakpress.net\/arhiva\/ko-su-vijecnici-novog-saziva-bosnjackog-nacionalnog-vijeca\/#respond"]}]},{"@type":"WebPage","@id":"https:\/\/sandzakpress.net\/arhiva\/ko-su-vijecnici-novog-saziva-bosnjackog-nacionalnog-vijeca\/","url":"https:\/\/sandzakpress.net\/arhiva\/ko-su-vijecnici-novog-saziva-bosnjackog-nacionalnog-vijeca\/","name":"Ko su vije\u0107nici novog saziva Bo\u0161nja\u010dkog nacionalnog vije\u0107a?","isPartOf":{"@id":"https:\/\/sandzakpress.net\/arhiva\/#website"},"primaryImageOfPage":{"@id":"https:\/\/sandzakpress.net\/arhiva\/ko-su-vijecnici-novog-saziva-bosnjackog-nacionalnog-vijeca\/#primaryimage"},"image":{"@id":"https:\/\/sandzakpress.net\/arhiva\/ko-su-vijecnici-novog-saziva-bosnjackog-nacionalnog-vijeca\/#primaryimage"},"thumbnailUrl":"https:\/\/sandzakpress.net\/arhiva\/wp-content\/uploads\/2014\/11\/af90175b4166aeedceda23f26510c00b5ee7387c5a16d96e0ec708f1fedd0cd1.jpg","datePublished":"2014-11-17T13:43:04+00:00","dateModified":"2014-11-17T13:44:28+00:00","breadcrumb":{"@id":"https:\/\/sandzakpress.net\/arhiva\/ko-su-vijecnici-novog-saziva-bosnjackog-nacionalnog-vijeca\/#breadcrumb"},"inLanguage":"bs-BA","potentialAction":[{"@type":"ReadAction","target":["https:\/\/sandzakpress.net\/arhiva\/ko-su-vijecnici-novog-saziva-bosnjackog-nacionalnog-vijeca\/"]}]},{"@type":"ImageObject","inLanguage":"bs-BA","@id":"https:\/\/sandzakpress.net\/arhiva\/ko-su-vijecnici-novog-saziva-bosnjackog-nacionalnog-vijeca\/#primaryimage","url":"https:\/\/sandzakpress.net\/arhiva\/wp-content\/uploads\/2014\/11\/af90175b4166aeedceda23f26510c00b5ee7387c5a16d96e0ec708f1fedd0cd1.jpg","contentUrl":"https:\/\/sandzakpress.net\/arhiva\/wp-content\/uploads\/2014\/11\/af90175b4166aeedceda23f26510c00b5ee7387c5a16d96e0ec708f1fedd0cd1.jpg","width":616,"height":412},{"@type":"BreadcrumbList","@id":"https:\/\/sandzakpress.net\/arhiva\/ko-su-vijecnici-novog-saziva-bosnjackog-nacionalnog-vijeca\/#breadcrumb","itemListElement":[{"@type":"ListItem","position":1,"name":"Home","item":"https:\/\/sandzakpress.net\/arhiva\/"},{"@type":"ListItem","position":2,"name":"Ko su vije\u0107nici novog saziva Bo\u0161nja\u010dkog nacionalnog vije\u0107a?"}]},{"@type":"WebSite","@id":"https:\/\/sandzakpress.net\/arhiva\/#website","url":"https:\/\/sandzakpress.net\/arhiva\/","name":"Sand\u017eak PRESS","description":"Prve elektronske novine u Sand\u017eaku","publisher":{"@id":"https:\/\/sandzakpress.net\/arhiva\/#\/schema\/person\/6e72b67d6e51910a1117b3b483ba20bd"},"potentialAction":[{"@type":"SearchAction","target":{"@type":"EntryPoint","urlTemplate":"https:\/\/sandzakpress.net\/arhiva\/?s={search_term_string}"},"query-input":{"@type":"PropertyValueSpecification","valueRequired":true,"valueName":"search_term_string"}}],"inLanguage":"bs-BA"},{"@type":["Person","Organization"],"@id":"https:\/\/sandzakpress.net\/arhiva\/#\/schema\/person\/6e72b67d6e51910a1117b3b483ba20bd","name":"Kul","image":{"@type":"ImageObject","inLanguage":"bs-BA","@id":"https:\/\/sandzakpress.net\/arhiva\/#\/schema\/person\/image\/","url":"https:\/\/secure.gravatar.com\/avatar\/42263f39aa27ac04c43cab85c280eb2e?s=96&d=mm&r=pg","contentUrl":"https:\/\/secure.gravatar.com\/avatar\/42263f39aa27ac04c43cab85c280eb2e?s=96&d=mm&r=pg","caption":"Kul"},"logo":{"@id":"https:\/\/sandzakpress.net\/arhiva\/#\/schema\/person\/image\/"}},{"@type":"Person","@id":"https:\/\/sandzakpress.net\/arhiva\/#\/schema\/person\/c8baee722073534b583ea7bdb2e36c02","name":"bosniak","image":{"@type":"ImageObject","inLanguage":"bs-BA","@id":"https:\/\/sandzakpress.net\/arhiva\/#\/schema\/person\/image\/","url":"https:\/\/secure.gravatar.com\/avatar\/a04fd330bfe3a36a72a0ad4a6d89fca7?s=96&d=mm&r=pg","contentUrl":"https:\/\/secure.gravatar.com\/avatar\/a04fd330bfe3a36a72a0ad4a6d89fca7?s=96&d=mm&r=pg","caption":"bosniak"},"url":"https:\/\/sandzakpress.net\/arhiva\/author\/bosniak\/"}]}},"_links":{"self":[{"href":"https:\/\/sandzakpress.net\/arhiva\/wp-json\/wp\/v2\/posts\/114363"}],"collection":[{"href":"https:\/\/sandzakpress.net\/arhiva\/wp-json\/wp\/v2\/posts"}],"about":[{"href":"https:\/\/sandzakpress.net\/arhiva\/wp-json\/wp\/v2\/types\/post"}],"author":[{"embeddable":true,"href":"https:\/\/sandzakpress.net\/arhiva\/wp-json\/wp\/v2\/users\/83"}],"replies":[{"embeddable":true,"href":"https:\/\/sandzakpress.net\/arhiva\/wp-json\/wp\/v2\/comments?post=114363"}],"version-history":[{"count":0,"href":"https:\/\/sandzakpress.net\/arhiva\/wp-json\/wp\/v2\/posts\/114363\/revisions"}],"wp:featuredmedia":[{"embeddable":true,"href":"https:\/\/sandzakpress.net\/arhiva\/wp-json\/wp\/v2\/media\/114364"}],"wp:attachment":[{"href":"https:\/\/sandzakpress.net\/arhiva\/wp-json\/wp\/v2\/media?parent=114363"}],"wp:term":[{"taxonomy":"category","embeddable":true,"href":"https:\/\/sandzakpress.net\/arhiva\/wp-json\/wp\/v2\/categories?post=114363"},{"taxonomy":"post_tag","embeddable":true,"href":"https:\/\/sandzakpress.net\/arhiva\/wp-json\/wp\/v2\/tags?post=114363"}],"curies":[{"name":"wp","href":"https:\/\/api.w.org\/{rel}","templated":true}]}}