{"id":114205,"date":"2014-11-15T12:00:24","date_gmt":"2014-11-15T11:00:24","guid":{"rendered":"https:\/\/sandzakpress.net\/arhiva\/?p=114205"},"modified":"2014-11-15T12:56:39","modified_gmt":"2014-11-15T11:56:39","slug":"muftija-dudic-primio-delegaciju-iz-saudijske-arabije","status":"publish","type":"post","link":"https:\/\/sandzakpress.net\/arhiva\/muftija-dudic-primio-delegaciju-iz-saudijske-arabije\/","title":{"rendered":"Muftija Dudi\u0107 primio delegaciju iz Saudijske Arabije"},"content":{"rendered":"<p>&nbsp;<\/p>\n<p style=\"text-align: center;\"><a href=\"https:\/\/sandzakpress.net\/arhiva\/wp-content\/uploads\/2014\/11\/dudic-i-prof-iz-sa-21.jpg\"><img loading=\"lazy\" decoding=\"async\" class=\"aligncenter size-full wp-image-114272\" src=\"https:\/\/sandzakpress.net\/arhiva\/wp-content\/uploads\/2014\/11\/dudic-i-prof-iz-sa-21.jpg\" alt=\"dudic i prof iz sa (2)\" width=\"616\" height=\"409\" \/><\/a><\/p>\n<p><strong>Novi Pazar &#8211; U subotu 15.11.2014. godine predsjednik Me\u0161ihata Islamske zajednice u Srbiji muftija dr. Mevlud ef. Dudi\u0107 primio je \u010detvoro\u010dlanu delegaciju profesora Univerziteta Kasim Burejda u Saudijskoj Arabiji koju predvodi prof. dr. Fehd ibn Abdurahman ibn Salih el Jahja.<\/strong><\/p>\n<p>Muftija Dudi\u0107 je izrazio srda\u010dnu dobrodo\u0161licu profesorima istakav\u0161i zna\u010daj njihovog boravka u Novom Pazaru te istakao va\u017enost saradnje izme\u0111u Fakulteta za islamske studije i Univerziteta Kasim Burejda.<\/p>\n<p>Gosti su izrazili spremnost za uspostavljanje odnosa izme\u0111u njihovog univerziteta i FIS-a iz Novog Pazara te obe\u0107anje da \u0107e dati puni doprinos ja\u010danju odnosa izme\u0111u fakulteta.<\/p>\n<p>U narednim danima profesori iz Saudijske Arabije odr\u017eat \u0107e se zajedni\u010dki sastanak sa profesorima Fakulteta za islamske studije radi razmjene iskustava.<\/p>\n<p><img loading=\"lazy\" decoding=\"async\" class=\"aligncenter\" src=\"http:\/\/mesihat.org\/images\/stories\/dudic%20i%20prof%20iz%20sa%20%281%29.jpg\" alt=\"\" width=\"617\" height=\"347\" \/><\/p>\n<p>(Me\u0161ihat)<\/p>\n","protected":false},"excerpt":{"rendered":"<p>&nbsp; Novi Pazar &#8211; U subotu 15.11.2014. godine predsjednik Me\u0161ihata Islamske zajednice u Srbiji muftija dr. Mevlud ef. Dudi\u0107 primio je \u010detvoro\u010dlanu delegaciju profesora Univerziteta Kasim Burejda u Saudijskoj Arabiji koju predvodi prof. dr. Fehd ibn Abdurahman ibn Salih el Jahja. Muftija Dudi\u0107 je izrazio srda\u010dnu dobrodo\u0161licu profesorima istakav\u0161i zna\u010daj njihovog boravka u Novom Pazaru [&hellip;]<\/p>\n","protected":false},"author":83,"featured_media":114267,"comment_status":"open","ping_status":"open","sticky":false,"template":"","format":"standard","meta":{"footnotes":""},"categories":[72,802,8957,798],"tags":[],"class_list":{"0":"post-114205","1":"post","2":"type-post","3":"status-publish","4":"format-standard","5":"has-post-thumbnail","7":"category-novi-pazar","8":"category-islamska_zajednica","9":"category-vijesti-dana","10":"category-teme"},"yoast_head":"<!-- This site is optimized with the Yoast SEO Premium plugin v23.1 (Yoast SEO v24.9) - https:\/\/yoast.com\/wordpress\/plugins\/seo\/ -->\n<title>Muftija Dudi\u0107 primio delegaciju iz Saudijske Arabije<\/title>\n<meta name=\"robots\" content=\"index, follow, max-snippet:-1, max-image-preview:large, max-video-preview:-1\" \/>\n<link rel=\"canonical\" href=\"https:\/\/sandzakpress.net\/arhiva\/muftija-dudic-primio-delegaciju-iz-saudijske-arabije\/\" \/>\n<meta property=\"og:locale\" content=\"bs_BA\" \/>\n<meta property=\"og:type\" content=\"article\" \/>\n<meta property=\"og:title\" content=\"Muftija Dudi\u0107 primio delegaciju iz Saudijske Arabije\" \/>\n<meta property=\"og:description\" content=\"&nbsp; Novi Pazar &#8211; U subotu 15.11.2014. godine predsjednik Me\u0161ihata Islamske zajednice u Srbiji muftija dr. Mevlud ef. Dudi\u0107 primio je \u010detvoro\u010dlanu delegaciju profesora Univerziteta Kasim Burejda u Saudijskoj Arabiji koju predvodi prof. dr. Fehd ibn Abdurahman ibn Salih el Jahja. Muftija Dudi\u0107 je izrazio srda\u010dnu dobrodo\u0161licu profesorima istakav\u0161i zna\u010daj njihovog boravka u Novom Pazaru [&hellip;]\" \/>\n<meta property=\"og:url\" content=\"https:\/\/sandzakpress.net\/arhiva\/muftija-dudic-primio-delegaciju-iz-saudijske-arabije\/\" \/>\n<meta property=\"og:site_name\" content=\"Sand\u017eak PRESS\" \/>\n<meta property=\"article:published_time\" content=\"2014-11-15T11:00:24+00:00\" \/>\n<meta property=\"article:modified_time\" content=\"2014-11-15T11:56:39+00:00\" \/>\n<meta property=\"og:image\" content=\"https:\/\/sandzakpress.net\/arhiva\/wp-content\/uploads\/2014\/11\/dudic-i-prof-iz-sa-2.jpg\" \/>\n\t<meta property=\"og:image:width\" content=\"1000\" \/>\n\t<meta property=\"og:image:height\" content=\"665\" \/>\n\t<meta property=\"og:image:type\" content=\"image\/jpeg\" \/>\n<meta name=\"author\" content=\"bosniak\" \/>\n<meta name=\"twitter:card\" content=\"summary_large_image\" \/>\n<meta name=\"twitter:label1\" content=\"Written by\" \/>\n\t<meta name=\"twitter:data1\" content=\"bosniak\" \/>\n\t<meta name=\"twitter:label2\" content=\"Est. reading time\" \/>\n\t<meta name=\"twitter:data2\" content=\"1 minuta\" \/>\n<script type=\"application\/ld+json\" class=\"yoast-schema-graph\">{\"@context\":\"https:\/\/schema.org\",\"@graph\":[{\"@type\":\"Article\",\"@id\":\"https:\/\/sandzakpress.net\/arhiva\/muftija-dudic-primio-delegaciju-iz-saudijske-arabije\/#article\",\"isPartOf\":{\"@id\":\"https:\/\/sandzakpress.net\/arhiva\/muftija-dudic-primio-delegaciju-iz-saudijske-arabije\/\"},\"author\":{\"name\":\"bosniak\",\"@id\":\"https:\/\/sandzakpress.net\/arhiva\/#\/schema\/person\/c8baee722073534b583ea7bdb2e36c02\"},\"headline\":\"Muftija Dudi\u0107 primio delegaciju iz Saudijske Arabije\",\"datePublished\":\"2014-11-15T11:00:24+00:00\",\"dateModified\":\"2014-11-15T11:56:39+00:00\",\"mainEntityOfPage\":{\"@id\":\"https:\/\/sandzakpress.net\/arhiva\/muftija-dudic-primio-delegaciju-iz-saudijske-arabije\/\"},\"wordCount\":137,\"commentCount\":8,\"publisher\":{\"@id\":\"https:\/\/sandzakpress.net\/arhiva\/#\/schema\/person\/6e72b67d6e51910a1117b3b483ba20bd\"},\"image\":{\"@id\":\"https:\/\/sandzakpress.net\/arhiva\/muftija-dudic-primio-delegaciju-iz-saudijske-arabije\/#primaryimage\"},\"thumbnailUrl\":\"https:\/\/sandzakpress.net\/arhiva\/wp-content\/uploads\/2014\/11\/dudic-i-prof-iz-sa-2.jpg\",\"articleSection\":[\"Novi Pazar\",\"Islamska zajednica\",\"VIJESTI DANA\",\"NAJNOVIJE\"],\"inLanguage\":\"bs-BA\",\"potentialAction\":[{\"@type\":\"CommentAction\",\"name\":\"Comment\",\"target\":[\"https:\/\/sandzakpress.net\/arhiva\/muftija-dudic-primio-delegaciju-iz-saudijske-arabije\/#respond\"]}]},{\"@type\":\"WebPage\",\"@id\":\"https:\/\/sandzakpress.net\/arhiva\/muftija-dudic-primio-delegaciju-iz-saudijske-arabije\/\",\"url\":\"https:\/\/sandzakpress.net\/arhiva\/muftija-dudic-primio-delegaciju-iz-saudijske-arabije\/\",\"name\":\"Muftija Dudi\u0107 primio delegaciju iz Saudijske Arabije\",\"isPartOf\":{\"@id\":\"https:\/\/sandzakpress.net\/arhiva\/#website\"},\"primaryImageOfPage\":{\"@id\":\"https:\/\/sandzakpress.net\/arhiva\/muftija-dudic-primio-delegaciju-iz-saudijske-arabije\/#primaryimage\"},\"image\":{\"@id\":\"https:\/\/sandzakpress.net\/arhiva\/muftija-dudic-primio-delegaciju-iz-saudijske-arabije\/#primaryimage\"},\"thumbnailUrl\":\"https:\/\/sandzakpress.net\/arhiva\/wp-content\/uploads\/2014\/11\/dudic-i-prof-iz-sa-2.jpg\",\"datePublished\":\"2014-11-15T11:00:24+00:00\",\"dateModified\":\"2014-11-15T11:56:39+00:00\",\"breadcrumb\":{\"@id\":\"https:\/\/sandzakpress.net\/arhiva\/muftija-dudic-primio-delegaciju-iz-saudijske-arabije\/#breadcrumb\"},\"inLanguage\":\"bs-BA\",\"potentialAction\":[{\"@type\":\"ReadAction\",\"target\":[\"https:\/\/sandzakpress.net\/arhiva\/muftija-dudic-primio-delegaciju-iz-saudijske-arabije\/\"]}]},{\"@type\":\"ImageObject\",\"inLanguage\":\"bs-BA\",\"@id\":\"https:\/\/sandzakpress.net\/arhiva\/muftija-dudic-primio-delegaciju-iz-saudijske-arabije\/#primaryimage\",\"url\":\"https:\/\/sandzakpress.net\/arhiva\/wp-content\/uploads\/2014\/11\/dudic-i-prof-iz-sa-2.jpg\",\"contentUrl\":\"https:\/\/sandzakpress.net\/arhiva\/wp-content\/uploads\/2014\/11\/dudic-i-prof-iz-sa-2.jpg\",\"width\":1000,\"height\":665},{\"@type\":\"BreadcrumbList\",\"@id\":\"https:\/\/sandzakpress.net\/arhiva\/muftija-dudic-primio-delegaciju-iz-saudijske-arabije\/#breadcrumb\",\"itemListElement\":[{\"@type\":\"ListItem\",\"position\":1,\"name\":\"Home\",\"item\":\"https:\/\/sandzakpress.net\/arhiva\/\"},{\"@type\":\"ListItem\",\"position\":2,\"name\":\"Muftija Dudi\u0107 primio delegaciju iz Saudijske Arabije\"}]},{\"@type\":\"WebSite\",\"@id\":\"https:\/\/sandzakpress.net\/arhiva\/#website\",\"url\":\"https:\/\/sandzakpress.net\/arhiva\/\",\"name\":\"Sand\u017eak PRESS\",\"description\":\"Prve elektronske novine u Sand\u017eaku\",\"publisher\":{\"@id\":\"https:\/\/sandzakpress.net\/arhiva\/#\/schema\/person\/6e72b67d6e51910a1117b3b483ba20bd\"},\"potentialAction\":[{\"@type\":\"SearchAction\",\"target\":{\"@type\":\"EntryPoint\",\"urlTemplate\":\"https:\/\/sandzakpress.net\/arhiva\/?s={search_term_string}\"},\"query-input\":{\"@type\":\"PropertyValueSpecification\",\"valueRequired\":true,\"valueName\":\"search_term_string\"}}],\"inLanguage\":\"bs-BA\"},{\"@type\":[\"Person\",\"Organization\"],\"@id\":\"https:\/\/sandzakpress.net\/arhiva\/#\/schema\/person\/6e72b67d6e51910a1117b3b483ba20bd\",\"name\":\"Kul\",\"image\":{\"@type\":\"ImageObject\",\"inLanguage\":\"bs-BA\",\"@id\":\"https:\/\/sandzakpress.net\/arhiva\/#\/schema\/person\/image\/\",\"url\":\"https:\/\/secure.gravatar.com\/avatar\/42263f39aa27ac04c43cab85c280eb2e?s=96&d=mm&r=pg\",\"contentUrl\":\"https:\/\/secure.gravatar.com\/avatar\/42263f39aa27ac04c43cab85c280eb2e?s=96&d=mm&r=pg\",\"caption\":\"Kul\"},\"logo\":{\"@id\":\"https:\/\/sandzakpress.net\/arhiva\/#\/schema\/person\/image\/\"}},{\"@type\":\"Person\",\"@id\":\"https:\/\/sandzakpress.net\/arhiva\/#\/schema\/person\/c8baee722073534b583ea7bdb2e36c02\",\"name\":\"bosniak\",\"image\":{\"@type\":\"ImageObject\",\"inLanguage\":\"bs-BA\",\"@id\":\"https:\/\/sandzakpress.net\/arhiva\/#\/schema\/person\/image\/\",\"url\":\"https:\/\/secure.gravatar.com\/avatar\/a04fd330bfe3a36a72a0ad4a6d89fca7?s=96&d=mm&r=pg\",\"contentUrl\":\"https:\/\/secure.gravatar.com\/avatar\/a04fd330bfe3a36a72a0ad4a6d89fca7?s=96&d=mm&r=pg\",\"caption\":\"bosniak\"},\"url\":\"https:\/\/sandzakpress.net\/arhiva\/author\/bosniak\/\"}]}<\/script>\n<!-- \/ Yoast SEO Premium plugin. -->","yoast_head_json":{"title":"Muftija Dudi\u0107 primio delegaciju iz Saudijske Arabije","robots":{"index":"index","follow":"follow","max-snippet":"max-snippet:-1","max-image-preview":"max-image-preview:large","max-video-preview":"max-video-preview:-1"},"canonical":"https:\/\/sandzakpress.net\/arhiva\/muftija-dudic-primio-delegaciju-iz-saudijske-arabije\/","og_locale":"bs_BA","og_type":"article","og_title":"Muftija Dudi\u0107 primio delegaciju iz Saudijske Arabije","og_description":"&nbsp; Novi Pazar &#8211; U subotu 15.11.2014. godine predsjednik Me\u0161ihata Islamske zajednice u Srbiji muftija dr. Mevlud ef. Dudi\u0107 primio je \u010detvoro\u010dlanu delegaciju profesora Univerziteta Kasim Burejda u Saudijskoj Arabiji koju predvodi prof. dr. Fehd ibn Abdurahman ibn Salih el Jahja. Muftija Dudi\u0107 je izrazio srda\u010dnu dobrodo\u0161licu profesorima istakav\u0161i zna\u010daj njihovog boravka u Novom Pazaru [&hellip;]","og_url":"https:\/\/sandzakpress.net\/arhiva\/muftija-dudic-primio-delegaciju-iz-saudijske-arabije\/","og_site_name":"Sand\u017eak PRESS","article_published_time":"2014-11-15T11:00:24+00:00","article_modified_time":"2014-11-15T11:56:39+00:00","og_image":[{"width":1000,"height":665,"url":"https:\/\/sandzakpress.net\/arhiva\/wp-content\/uploads\/2014\/11\/dudic-i-prof-iz-sa-2.jpg","type":"image\/jpeg"}],"author":"bosniak","twitter_card":"summary_large_image","twitter_misc":{"Written by":"bosniak","Est. reading time":"1 minuta"},"schema":{"@context":"https:\/\/schema.org","@graph":[{"@type":"Article","@id":"https:\/\/sandzakpress.net\/arhiva\/muftija-dudic-primio-delegaciju-iz-saudijske-arabije\/#article","isPartOf":{"@id":"https:\/\/sandzakpress.net\/arhiva\/muftija-dudic-primio-delegaciju-iz-saudijske-arabije\/"},"author":{"name":"bosniak","@id":"https:\/\/sandzakpress.net\/arhiva\/#\/schema\/person\/c8baee722073534b583ea7bdb2e36c02"},"headline":"Muftija Dudi\u0107 primio delegaciju iz Saudijske Arabije","datePublished":"2014-11-15T11:00:24+00:00","dateModified":"2014-11-15T11:56:39+00:00","mainEntityOfPage":{"@id":"https:\/\/sandzakpress.net\/arhiva\/muftija-dudic-primio-delegaciju-iz-saudijske-arabije\/"},"wordCount":137,"commentCount":8,"publisher":{"@id":"https:\/\/sandzakpress.net\/arhiva\/#\/schema\/person\/6e72b67d6e51910a1117b3b483ba20bd"},"image":{"@id":"https:\/\/sandzakpress.net\/arhiva\/muftija-dudic-primio-delegaciju-iz-saudijske-arabije\/#primaryimage"},"thumbnailUrl":"https:\/\/sandzakpress.net\/arhiva\/wp-content\/uploads\/2014\/11\/dudic-i-prof-iz-sa-2.jpg","articleSection":["Novi Pazar","Islamska zajednica","VIJESTI DANA","NAJNOVIJE"],"inLanguage":"bs-BA","potentialAction":[{"@type":"CommentAction","name":"Comment","target":["https:\/\/sandzakpress.net\/arhiva\/muftija-dudic-primio-delegaciju-iz-saudijske-arabije\/#respond"]}]},{"@type":"WebPage","@id":"https:\/\/sandzakpress.net\/arhiva\/muftija-dudic-primio-delegaciju-iz-saudijske-arabije\/","url":"https:\/\/sandzakpress.net\/arhiva\/muftija-dudic-primio-delegaciju-iz-saudijske-arabije\/","name":"Muftija Dudi\u0107 primio delegaciju iz Saudijske Arabije","isPartOf":{"@id":"https:\/\/sandzakpress.net\/arhiva\/#website"},"primaryImageOfPage":{"@id":"https:\/\/sandzakpress.net\/arhiva\/muftija-dudic-primio-delegaciju-iz-saudijske-arabije\/#primaryimage"},"image":{"@id":"https:\/\/sandzakpress.net\/arhiva\/muftija-dudic-primio-delegaciju-iz-saudijske-arabije\/#primaryimage"},"thumbnailUrl":"https:\/\/sandzakpress.net\/arhiva\/wp-content\/uploads\/2014\/11\/dudic-i-prof-iz-sa-2.jpg","datePublished":"2014-11-15T11:00:24+00:00","dateModified":"2014-11-15T11:56:39+00:00","breadcrumb":{"@id":"https:\/\/sandzakpress.net\/arhiva\/muftija-dudic-primio-delegaciju-iz-saudijske-arabije\/#breadcrumb"},"inLanguage":"bs-BA","potentialAction":[{"@type":"ReadAction","target":["https:\/\/sandzakpress.net\/arhiva\/muftija-dudic-primio-delegaciju-iz-saudijske-arabije\/"]}]},{"@type":"ImageObject","inLanguage":"bs-BA","@id":"https:\/\/sandzakpress.net\/arhiva\/muftija-dudic-primio-delegaciju-iz-saudijske-arabije\/#primaryimage","url":"https:\/\/sandzakpress.net\/arhiva\/wp-content\/uploads\/2014\/11\/dudic-i-prof-iz-sa-2.jpg","contentUrl":"https:\/\/sandzakpress.net\/arhiva\/wp-content\/uploads\/2014\/11\/dudic-i-prof-iz-sa-2.jpg","width":1000,"height":665},{"@type":"BreadcrumbList","@id":"https:\/\/sandzakpress.net\/arhiva\/muftija-dudic-primio-delegaciju-iz-saudijske-arabije\/#breadcrumb","itemListElement":[{"@type":"ListItem","position":1,"name":"Home","item":"https:\/\/sandzakpress.net\/arhiva\/"},{"@type":"ListItem","position":2,"name":"Muftija Dudi\u0107 primio delegaciju iz Saudijske Arabije"}]},{"@type":"WebSite","@id":"https:\/\/sandzakpress.net\/arhiva\/#website","url":"https:\/\/sandzakpress.net\/arhiva\/","name":"Sand\u017eak PRESS","description":"Prve elektronske novine u Sand\u017eaku","publisher":{"@id":"https:\/\/sandzakpress.net\/arhiva\/#\/schema\/person\/6e72b67d6e51910a1117b3b483ba20bd"},"potentialAction":[{"@type":"SearchAction","target":{"@type":"EntryPoint","urlTemplate":"https:\/\/sandzakpress.net\/arhiva\/?s={search_term_string}"},"query-input":{"@type":"PropertyValueSpecification","valueRequired":true,"valueName":"search_term_string"}}],"inLanguage":"bs-BA"},{"@type":["Person","Organization"],"@id":"https:\/\/sandzakpress.net\/arhiva\/#\/schema\/person\/6e72b67d6e51910a1117b3b483ba20bd","name":"Kul","image":{"@type":"ImageObject","inLanguage":"bs-BA","@id":"https:\/\/sandzakpress.net\/arhiva\/#\/schema\/person\/image\/","url":"https:\/\/secure.gravatar.com\/avatar\/42263f39aa27ac04c43cab85c280eb2e?s=96&d=mm&r=pg","contentUrl":"https:\/\/secure.gravatar.com\/avatar\/42263f39aa27ac04c43cab85c280eb2e?s=96&d=mm&r=pg","caption":"Kul"},"logo":{"@id":"https:\/\/sandzakpress.net\/arhiva\/#\/schema\/person\/image\/"}},{"@type":"Person","@id":"https:\/\/sandzakpress.net\/arhiva\/#\/schema\/person\/c8baee722073534b583ea7bdb2e36c02","name":"bosniak","image":{"@type":"ImageObject","inLanguage":"bs-BA","@id":"https:\/\/sandzakpress.net\/arhiva\/#\/schema\/person\/image\/","url":"https:\/\/secure.gravatar.com\/avatar\/a04fd330bfe3a36a72a0ad4a6d89fca7?s=96&d=mm&r=pg","contentUrl":"https:\/\/secure.gravatar.com\/avatar\/a04fd330bfe3a36a72a0ad4a6d89fca7?s=96&d=mm&r=pg","caption":"bosniak"},"url":"https:\/\/sandzakpress.net\/arhiva\/author\/bosniak\/"}]}},"_links":{"self":[{"href":"https:\/\/sandzakpress.net\/arhiva\/wp-json\/wp\/v2\/posts\/114205"}],"collection":[{"href":"https:\/\/sandzakpress.net\/arhiva\/wp-json\/wp\/v2\/posts"}],"about":[{"href":"https:\/\/sandzakpress.net\/arhiva\/wp-json\/wp\/v2\/types\/post"}],"author":[{"embeddable":true,"href":"https:\/\/sandzakpress.net\/arhiva\/wp-json\/wp\/v2\/users\/83"}],"replies":[{"embeddable":true,"href":"https:\/\/sandzakpress.net\/arhiva\/wp-json\/wp\/v2\/comments?post=114205"}],"version-history":[{"count":0,"href":"https:\/\/sandzakpress.net\/arhiva\/wp-json\/wp\/v2\/posts\/114205\/revisions"}],"wp:featuredmedia":[{"embeddable":true,"href":"https:\/\/sandzakpress.net\/arhiva\/wp-json\/wp\/v2\/media\/114267"}],"wp:attachment":[{"href":"https:\/\/sandzakpress.net\/arhiva\/wp-json\/wp\/v2\/media?parent=114205"}],"wp:term":[{"taxonomy":"category","embeddable":true,"href":"https:\/\/sandzakpress.net\/arhiva\/wp-json\/wp\/v2\/categories?post=114205"},{"taxonomy":"post_tag","embeddable":true,"href":"https:\/\/sandzakpress.net\/arhiva\/wp-json\/wp\/v2\/tags?post=114205"}],"curies":[{"name":"wp","href":"https:\/\/api.w.org\/{rel}","templated":true}]}}