{"id":114064,"date":"2014-11-13T13:18:19","date_gmt":"2014-11-13T12:18:19","guid":{"rendered":"https:\/\/sandzakpress.net\/arhiva\/?p=114064"},"modified":"2014-11-18T15:08:46","modified_gmt":"2014-11-18T14:08:46","slug":"izrael-odbio-saradivati-sa-un-om-o-gazi","status":"publish","type":"post","link":"https:\/\/sandzakpress.net\/arhiva\/izrael-odbio-saradivati-sa-un-om-o-gazi\/","title":{"rendered":"Izrael odbio sara\u0111ivati sa UN-om o Gazi"},"content":{"rendered":"<p><img decoding=\"async\" src=\"http:\/\/balkans.aljazeera.net\/sites\/staff.balkans.aljazeera.com\/files\/styles\/aljazeera_article_main_image\/public\/gaza-rusevine-zene-djeca-epa-main.jpg?itok=VQQeo2Ki\" alt=\"Gaza, Ru\u0161evine\" \/><\/p>\n<p><strong>Svijet &#8211; UN je imenovao komisiju za istragu mogu\u0107ih kr\u0161enja ljudskih prava i ratnih zlo\u010dina po\u010dinjenih u ofanzivi na Gazu.<br \/>\n<\/strong><br \/>\nIzrael ne\u0107e sara\u0111ivati sa Ujedinjenim narodima u vezi istrage o ovogodi\u0161njem 50-dnevnom ratu sa borcima iz Gaze, kazao je glasnogovornik vlade u srijedu.<\/p>\n<p>&#8220;S obzirom da se komisija Schabas ne bavi istragom, ve\u0107 je to komisija koja svoje zaklju\u010dke daje unaprijed, Izrael ne\u0107e sara\u0111ivati sa UN-ovom Komisijom za ljudska prava u vezi sa zadnjim sukobom sa Hamasom&#8221;, rekao je u saop\u0107enju Emmanuel Nahshon, glasnogovornik vanjskih poslova.<\/p>\n<p>U augustu je kanadski advokat William Schabas imenovan za \u010delnika komisije Ujedinjenih naroda, \u0161to je naljutilo Izrael, gdje se Schabas smatra neprijateljski nastrojenim prema Izraelu zbog vi\u0161e registriranih poziva kojim je tra\u017eio da se premijer Benjamin Netanyahu dovede pred Me\u0111unarodni krivi\u010dni sud.<\/p>\n<p>Ujedinjeni narodi su u augustu imenovali tri eksperta za me\u0111unarodnu komisiju za istragu mogu\u0107ih kr\u0161enja ljudskih prava i ratnih zlo\u010dina po\u010dinjenih od obje strane u izraelskoj vojnoj ofanzivi na Pojas Gaze.<\/p>\n<p>William Schabas, kanadski profesor me\u0111unarodnog prava, \u0107e predvoditi panel, \u010diji su \u010dlanovi Doudou Diene, ekspert veteran UN-a za ljudska prava iz Senegala i Amal Alamuddin, britansko-libanski advokat.<\/p>\n<p>Nezavisni tim \u0107e istra\u017eiti &#8220;sva kr\u0161enja me\u0111unarodnog humanitarnog prava i me\u0111unarodnog zakona o ljudskim pravima u kontekstu vojnih operacija vo\u0111enih od 13. juna 2014&#8221;, navedeno je tada u saop\u0107enju UN-a.<\/p>\n<p>Dogovoreno je da panel podnese izvje\u0161taj do marta sljede\u0107e godine Vije\u0107u za ljudska prava UN-a.<\/p>\n<p>Istraga napada<\/p>\n<p>Generalni sekretar Ujedinjenih naroda Ban Ki-moon je tako\u0111er imenovao u utorak peto\u010dlanu komisiju koja \u0107e provesti nezavisnu istragu o izraelskim napadima na zgrade UN-a u toku julskih napada na Pojas Gaze i utvrditi detalje o stradanju palestinskih civila i na\u010dinjenih materijalnih \u0161teta tokom tih napada.<\/p>\n<p>Zamjenik glasnogovornika generalnog sekretara Farhan Haq saop\u0107io je da \u0107e na \u010delu te istra\u017ene komisije biti holandski general Patrick Cammaert, a da su za \u010dlanove imenovali Maria Vicien-Milburn iz Argentine, Lee O'Brien iz SAD-a, Pierre Lemelin iz Kanade i K.C. Reddy iz Indije.<\/p>\n<p>General Cammaert je komandant UN-ovih snaga u Kongu, a od nedavno je i u timu vojnih savjetnika sekretara Bana.<\/p>\n<p>Isti\u010du\u0107i da \u0107e zadatak komisije biti da istra\u017ei detalje o izraelskim napadima na objekte UN-a u periodu od 08. jula do 26. augusta i da utvrdi pojedinosti o stradanju palestinskih izbjeglica i materijalnih \u0161teta u tim napadima, Haq je kazao da \u0107e biti istra\u017eeni i navodi o tome da je u jednoj od \u0161kola UN-a bilo sakriveno oru\u017eje.<\/p>\n<p>Haq je kazao da generalni sekretar Ban o\u010dekuje od svih strana da podr\u017ee istra\u017enu komisiju u radu na terenu.<\/p>\n<p>Suprostavljanje me\u0111unarodnim pravu<\/p>\n<p>Navi Pillay, glavni zvani\u010dnik UN-a za ljudska prava rekla je jo\u0161 31. jula kako vjeruje da je Izrael namjerno suprotstavio me\u0111unarodnom pravu u vojnoj ofanzivi u Gazi i da bi svjetske sile morale da ga smatraju odgovornim za mogu\u0107e ratne zlo\u010dine.<\/p>\n<p>Izrael je napao ku\u0107e, \u0161kole, bolnice i jedinu elektri\u010dnu centralu u pojasu Gaze, kao i prostorije UN-a, \u0161to je o\u010dito kr\u0161enje \u017denevskih konvencija, rekla je Pillay, koja je ranije bila sudija UN-a za ratne zlo\u010dine.<\/p>\n<p>Izraelska vojska je 7. jula zapo\u010dela zra\u010dne napade na Pojas Gaze, a deset dana kasnije je po\u010dela i kopnena invazija, podr\u017eana i pomorskom artiljerijom.<\/p>\n<p>Napadi su okon\u010dani primirjem dogovorenim u Kairu 26. augusta.<\/p>\n<p>Mete izraelskih napada bile su i \u0161kole UNRWA-a u kojima je stradao veliki broj palestinskih izbjeglica koje su tamo potra\u017eile uto\u010di\u0161te.<\/p>\n<p>(aljazera)<\/p>\n","protected":false},"excerpt":{"rendered":"<p>Svijet &#8211; UN je imenovao komisiju za istragu mogu\u0107ih kr\u0161enja ljudskih prava i ratnih zlo\u010dina po\u010dinjenih u ofanzivi na Gazu. Izrael ne\u0107e sara\u0111ivati sa Ujedinjenim narodima u vezi istrage o ovogodi\u0161njem 50-dnevnom ratu sa borcima iz Gaze, kazao je glasnogovornik vlade u srijedu. &#8220;S obzirom da se komisija Schabas ne bavi istragom, ve\u0107 je to [&hellip;]<\/p>\n","protected":false},"author":83,"featured_media":114065,"comment_status":"open","ping_status":"open","sticky":false,"template":"","format":"standard","meta":{"footnotes":""},"categories":[9,798],"tags":[10249,10491],"class_list":{"0":"post-114064","1":"post","2":"type-post","3":"status-publish","4":"format-standard","5":"has-post-thumbnail","7":"category-svijet","8":"category-teme","9":"tag-palestina","10":"tag-ummet"},"yoast_head":"<!-- This site is optimized with the Yoast SEO Premium plugin v23.1 (Yoast SEO v24.9) - https:\/\/yoast.com\/wordpress\/plugins\/seo\/ -->\n<title>Izrael odbio sara\u0111ivati sa UN-om o Gazi<\/title>\n<meta name=\"robots\" content=\"index, follow, max-snippet:-1, max-image-preview:large, max-video-preview:-1\" \/>\n<link rel=\"canonical\" href=\"https:\/\/sandzakpress.net\/arhiva\/izrael-odbio-saradivati-sa-un-om-o-gazi\/\" \/>\n<meta property=\"og:locale\" content=\"bs_BA\" \/>\n<meta property=\"og:type\" content=\"article\" \/>\n<meta property=\"og:title\" content=\"Izrael odbio sara\u0111ivati sa UN-om o Gazi\" \/>\n<meta property=\"og:description\" content=\"Svijet &#8211; UN je imenovao komisiju za istragu mogu\u0107ih kr\u0161enja ljudskih prava i ratnih zlo\u010dina po\u010dinjenih u ofanzivi na Gazu. Izrael ne\u0107e sara\u0111ivati sa Ujedinjenim narodima u vezi istrage o ovogodi\u0161njem 50-dnevnom ratu sa borcima iz Gaze, kazao je glasnogovornik vlade u srijedu. &#8220;S obzirom da se komisija Schabas ne bavi istragom, ve\u0107 je to [&hellip;]\" \/>\n<meta property=\"og:url\" content=\"https:\/\/sandzakpress.net\/arhiva\/izrael-odbio-saradivati-sa-un-om-o-gazi\/\" \/>\n<meta property=\"og:site_name\" content=\"Sand\u017eak PRESS\" \/>\n<meta property=\"article:published_time\" content=\"2014-11-13T12:18:19+00:00\" \/>\n<meta property=\"article:modified_time\" content=\"2014-11-18T14:08:46+00:00\" \/>\n<meta property=\"og:image\" content=\"https:\/\/sandzakpress.net\/arhiva\/wp-content\/uploads\/2014\/11\/gaza-rusevine-zene-djeca-epa-main.jpg\" \/>\n\t<meta property=\"og:image:width\" content=\"900\" \/>\n\t<meta property=\"og:image:height\" content=\"600\" \/>\n\t<meta property=\"og:image:type\" content=\"image\/jpeg\" \/>\n<meta name=\"author\" content=\"bosniak\" \/>\n<meta name=\"twitter:card\" content=\"summary_large_image\" \/>\n<meta name=\"twitter:label1\" content=\"Written by\" \/>\n\t<meta name=\"twitter:data1\" content=\"bosniak\" \/>\n\t<meta name=\"twitter:label2\" content=\"Est. reading time\" \/>\n\t<meta name=\"twitter:data2\" content=\"3 minute\" \/>\n<script type=\"application\/ld+json\" class=\"yoast-schema-graph\">{\"@context\":\"https:\/\/schema.org\",\"@graph\":[{\"@type\":\"Article\",\"@id\":\"https:\/\/sandzakpress.net\/arhiva\/izrael-odbio-saradivati-sa-un-om-o-gazi\/#article\",\"isPartOf\":{\"@id\":\"https:\/\/sandzakpress.net\/arhiva\/izrael-odbio-saradivati-sa-un-om-o-gazi\/\"},\"author\":{\"name\":\"bosniak\",\"@id\":\"https:\/\/sandzakpress.net\/arhiva\/#\/schema\/person\/c8baee722073534b583ea7bdb2e36c02\"},\"headline\":\"Izrael odbio sara\u0111ivati sa UN-om o Gazi\",\"datePublished\":\"2014-11-13T12:18:19+00:00\",\"dateModified\":\"2014-11-18T14:08:46+00:00\",\"mainEntityOfPage\":{\"@id\":\"https:\/\/sandzakpress.net\/arhiva\/izrael-odbio-saradivati-sa-un-om-o-gazi\/\"},\"wordCount\":615,\"commentCount\":0,\"publisher\":{\"@id\":\"https:\/\/sandzakpress.net\/arhiva\/#\/schema\/person\/6e72b67d6e51910a1117b3b483ba20bd\"},\"image\":{\"@id\":\"https:\/\/sandzakpress.net\/arhiva\/izrael-odbio-saradivati-sa-un-om-o-gazi\/#primaryimage\"},\"thumbnailUrl\":\"https:\/\/sandzakpress.net\/arhiva\/wp-content\/uploads\/2014\/11\/gaza-rusevine-zene-djeca-epa-main.jpg\",\"keywords\":[\"Palestina\",\"Ummet\"],\"articleSection\":[\"Svijet\",\"NAJNOVIJE\"],\"inLanguage\":\"bs-BA\",\"potentialAction\":[{\"@type\":\"CommentAction\",\"name\":\"Comment\",\"target\":[\"https:\/\/sandzakpress.net\/arhiva\/izrael-odbio-saradivati-sa-un-om-o-gazi\/#respond\"]}]},{\"@type\":\"WebPage\",\"@id\":\"https:\/\/sandzakpress.net\/arhiva\/izrael-odbio-saradivati-sa-un-om-o-gazi\/\",\"url\":\"https:\/\/sandzakpress.net\/arhiva\/izrael-odbio-saradivati-sa-un-om-o-gazi\/\",\"name\":\"Izrael odbio sara\u0111ivati sa UN-om o Gazi\",\"isPartOf\":{\"@id\":\"https:\/\/sandzakpress.net\/arhiva\/#website\"},\"primaryImageOfPage\":{\"@id\":\"https:\/\/sandzakpress.net\/arhiva\/izrael-odbio-saradivati-sa-un-om-o-gazi\/#primaryimage\"},\"image\":{\"@id\":\"https:\/\/sandzakpress.net\/arhiva\/izrael-odbio-saradivati-sa-un-om-o-gazi\/#primaryimage\"},\"thumbnailUrl\":\"https:\/\/sandzakpress.net\/arhiva\/wp-content\/uploads\/2014\/11\/gaza-rusevine-zene-djeca-epa-main.jpg\",\"datePublished\":\"2014-11-13T12:18:19+00:00\",\"dateModified\":\"2014-11-18T14:08:46+00:00\",\"breadcrumb\":{\"@id\":\"https:\/\/sandzakpress.net\/arhiva\/izrael-odbio-saradivati-sa-un-om-o-gazi\/#breadcrumb\"},\"inLanguage\":\"bs-BA\",\"potentialAction\":[{\"@type\":\"ReadAction\",\"target\":[\"https:\/\/sandzakpress.net\/arhiva\/izrael-odbio-saradivati-sa-un-om-o-gazi\/\"]}]},{\"@type\":\"ImageObject\",\"inLanguage\":\"bs-BA\",\"@id\":\"https:\/\/sandzakpress.net\/arhiva\/izrael-odbio-saradivati-sa-un-om-o-gazi\/#primaryimage\",\"url\":\"https:\/\/sandzakpress.net\/arhiva\/wp-content\/uploads\/2014\/11\/gaza-rusevine-zene-djeca-epa-main.jpg\",\"contentUrl\":\"https:\/\/sandzakpress.net\/arhiva\/wp-content\/uploads\/2014\/11\/gaza-rusevine-zene-djeca-epa-main.jpg\",\"width\":900,\"height\":600},{\"@type\":\"BreadcrumbList\",\"@id\":\"https:\/\/sandzakpress.net\/arhiva\/izrael-odbio-saradivati-sa-un-om-o-gazi\/#breadcrumb\",\"itemListElement\":[{\"@type\":\"ListItem\",\"position\":1,\"name\":\"Home\",\"item\":\"https:\/\/sandzakpress.net\/arhiva\/\"},{\"@type\":\"ListItem\",\"position\":2,\"name\":\"Izrael odbio sara\u0111ivati sa UN-om o Gazi\"}]},{\"@type\":\"WebSite\",\"@id\":\"https:\/\/sandzakpress.net\/arhiva\/#website\",\"url\":\"https:\/\/sandzakpress.net\/arhiva\/\",\"name\":\"Sand\u017eak PRESS\",\"description\":\"Prve elektronske novine u Sand\u017eaku\",\"publisher\":{\"@id\":\"https:\/\/sandzakpress.net\/arhiva\/#\/schema\/person\/6e72b67d6e51910a1117b3b483ba20bd\"},\"potentialAction\":[{\"@type\":\"SearchAction\",\"target\":{\"@type\":\"EntryPoint\",\"urlTemplate\":\"https:\/\/sandzakpress.net\/arhiva\/?s={search_term_string}\"},\"query-input\":{\"@type\":\"PropertyValueSpecification\",\"valueRequired\":true,\"valueName\":\"search_term_string\"}}],\"inLanguage\":\"bs-BA\"},{\"@type\":[\"Person\",\"Organization\"],\"@id\":\"https:\/\/sandzakpress.net\/arhiva\/#\/schema\/person\/6e72b67d6e51910a1117b3b483ba20bd\",\"name\":\"Kul\",\"image\":{\"@type\":\"ImageObject\",\"inLanguage\":\"bs-BA\",\"@id\":\"https:\/\/sandzakpress.net\/arhiva\/#\/schema\/person\/image\/\",\"url\":\"https:\/\/secure.gravatar.com\/avatar\/42263f39aa27ac04c43cab85c280eb2e?s=96&d=mm&r=pg\",\"contentUrl\":\"https:\/\/secure.gravatar.com\/avatar\/42263f39aa27ac04c43cab85c280eb2e?s=96&d=mm&r=pg\",\"caption\":\"Kul\"},\"logo\":{\"@id\":\"https:\/\/sandzakpress.net\/arhiva\/#\/schema\/person\/image\/\"}},{\"@type\":\"Person\",\"@id\":\"https:\/\/sandzakpress.net\/arhiva\/#\/schema\/person\/c8baee722073534b583ea7bdb2e36c02\",\"name\":\"bosniak\",\"image\":{\"@type\":\"ImageObject\",\"inLanguage\":\"bs-BA\",\"@id\":\"https:\/\/sandzakpress.net\/arhiva\/#\/schema\/person\/image\/\",\"url\":\"https:\/\/secure.gravatar.com\/avatar\/a04fd330bfe3a36a72a0ad4a6d89fca7?s=96&d=mm&r=pg\",\"contentUrl\":\"https:\/\/secure.gravatar.com\/avatar\/a04fd330bfe3a36a72a0ad4a6d89fca7?s=96&d=mm&r=pg\",\"caption\":\"bosniak\"},\"url\":\"https:\/\/sandzakpress.net\/arhiva\/author\/bosniak\/\"}]}<\/script>\n<!-- \/ Yoast SEO Premium plugin. -->","yoast_head_json":{"title":"Izrael odbio sara\u0111ivati sa UN-om o Gazi","robots":{"index":"index","follow":"follow","max-snippet":"max-snippet:-1","max-image-preview":"max-image-preview:large","max-video-preview":"max-video-preview:-1"},"canonical":"https:\/\/sandzakpress.net\/arhiva\/izrael-odbio-saradivati-sa-un-om-o-gazi\/","og_locale":"bs_BA","og_type":"article","og_title":"Izrael odbio sara\u0111ivati sa UN-om o Gazi","og_description":"Svijet &#8211; UN je imenovao komisiju za istragu mogu\u0107ih kr\u0161enja ljudskih prava i ratnih zlo\u010dina po\u010dinjenih u ofanzivi na Gazu. Izrael ne\u0107e sara\u0111ivati sa Ujedinjenim narodima u vezi istrage o ovogodi\u0161njem 50-dnevnom ratu sa borcima iz Gaze, kazao je glasnogovornik vlade u srijedu. &#8220;S obzirom da se komisija Schabas ne bavi istragom, ve\u0107 je to [&hellip;]","og_url":"https:\/\/sandzakpress.net\/arhiva\/izrael-odbio-saradivati-sa-un-om-o-gazi\/","og_site_name":"Sand\u017eak PRESS","article_published_time":"2014-11-13T12:18:19+00:00","article_modified_time":"2014-11-18T14:08:46+00:00","og_image":[{"width":900,"height":600,"url":"https:\/\/sandzakpress.net\/arhiva\/wp-content\/uploads\/2014\/11\/gaza-rusevine-zene-djeca-epa-main.jpg","type":"image\/jpeg"}],"author":"bosniak","twitter_card":"summary_large_image","twitter_misc":{"Written by":"bosniak","Est. reading time":"3 minute"},"schema":{"@context":"https:\/\/schema.org","@graph":[{"@type":"Article","@id":"https:\/\/sandzakpress.net\/arhiva\/izrael-odbio-saradivati-sa-un-om-o-gazi\/#article","isPartOf":{"@id":"https:\/\/sandzakpress.net\/arhiva\/izrael-odbio-saradivati-sa-un-om-o-gazi\/"},"author":{"name":"bosniak","@id":"https:\/\/sandzakpress.net\/arhiva\/#\/schema\/person\/c8baee722073534b583ea7bdb2e36c02"},"headline":"Izrael odbio sara\u0111ivati sa UN-om o Gazi","datePublished":"2014-11-13T12:18:19+00:00","dateModified":"2014-11-18T14:08:46+00:00","mainEntityOfPage":{"@id":"https:\/\/sandzakpress.net\/arhiva\/izrael-odbio-saradivati-sa-un-om-o-gazi\/"},"wordCount":615,"commentCount":0,"publisher":{"@id":"https:\/\/sandzakpress.net\/arhiva\/#\/schema\/person\/6e72b67d6e51910a1117b3b483ba20bd"},"image":{"@id":"https:\/\/sandzakpress.net\/arhiva\/izrael-odbio-saradivati-sa-un-om-o-gazi\/#primaryimage"},"thumbnailUrl":"https:\/\/sandzakpress.net\/arhiva\/wp-content\/uploads\/2014\/11\/gaza-rusevine-zene-djeca-epa-main.jpg","keywords":["Palestina","Ummet"],"articleSection":["Svijet","NAJNOVIJE"],"inLanguage":"bs-BA","potentialAction":[{"@type":"CommentAction","name":"Comment","target":["https:\/\/sandzakpress.net\/arhiva\/izrael-odbio-saradivati-sa-un-om-o-gazi\/#respond"]}]},{"@type":"WebPage","@id":"https:\/\/sandzakpress.net\/arhiva\/izrael-odbio-saradivati-sa-un-om-o-gazi\/","url":"https:\/\/sandzakpress.net\/arhiva\/izrael-odbio-saradivati-sa-un-om-o-gazi\/","name":"Izrael odbio sara\u0111ivati sa UN-om o Gazi","isPartOf":{"@id":"https:\/\/sandzakpress.net\/arhiva\/#website"},"primaryImageOfPage":{"@id":"https:\/\/sandzakpress.net\/arhiva\/izrael-odbio-saradivati-sa-un-om-o-gazi\/#primaryimage"},"image":{"@id":"https:\/\/sandzakpress.net\/arhiva\/izrael-odbio-saradivati-sa-un-om-o-gazi\/#primaryimage"},"thumbnailUrl":"https:\/\/sandzakpress.net\/arhiva\/wp-content\/uploads\/2014\/11\/gaza-rusevine-zene-djeca-epa-main.jpg","datePublished":"2014-11-13T12:18:19+00:00","dateModified":"2014-11-18T14:08:46+00:00","breadcrumb":{"@id":"https:\/\/sandzakpress.net\/arhiva\/izrael-odbio-saradivati-sa-un-om-o-gazi\/#breadcrumb"},"inLanguage":"bs-BA","potentialAction":[{"@type":"ReadAction","target":["https:\/\/sandzakpress.net\/arhiva\/izrael-odbio-saradivati-sa-un-om-o-gazi\/"]}]},{"@type":"ImageObject","inLanguage":"bs-BA","@id":"https:\/\/sandzakpress.net\/arhiva\/izrael-odbio-saradivati-sa-un-om-o-gazi\/#primaryimage","url":"https:\/\/sandzakpress.net\/arhiva\/wp-content\/uploads\/2014\/11\/gaza-rusevine-zene-djeca-epa-main.jpg","contentUrl":"https:\/\/sandzakpress.net\/arhiva\/wp-content\/uploads\/2014\/11\/gaza-rusevine-zene-djeca-epa-main.jpg","width":900,"height":600},{"@type":"BreadcrumbList","@id":"https:\/\/sandzakpress.net\/arhiva\/izrael-odbio-saradivati-sa-un-om-o-gazi\/#breadcrumb","itemListElement":[{"@type":"ListItem","position":1,"name":"Home","item":"https:\/\/sandzakpress.net\/arhiva\/"},{"@type":"ListItem","position":2,"name":"Izrael odbio sara\u0111ivati sa UN-om o Gazi"}]},{"@type":"WebSite","@id":"https:\/\/sandzakpress.net\/arhiva\/#website","url":"https:\/\/sandzakpress.net\/arhiva\/","name":"Sand\u017eak PRESS","description":"Prve elektronske novine u Sand\u017eaku","publisher":{"@id":"https:\/\/sandzakpress.net\/arhiva\/#\/schema\/person\/6e72b67d6e51910a1117b3b483ba20bd"},"potentialAction":[{"@type":"SearchAction","target":{"@type":"EntryPoint","urlTemplate":"https:\/\/sandzakpress.net\/arhiva\/?s={search_term_string}"},"query-input":{"@type":"PropertyValueSpecification","valueRequired":true,"valueName":"search_term_string"}}],"inLanguage":"bs-BA"},{"@type":["Person","Organization"],"@id":"https:\/\/sandzakpress.net\/arhiva\/#\/schema\/person\/6e72b67d6e51910a1117b3b483ba20bd","name":"Kul","image":{"@type":"ImageObject","inLanguage":"bs-BA","@id":"https:\/\/sandzakpress.net\/arhiva\/#\/schema\/person\/image\/","url":"https:\/\/secure.gravatar.com\/avatar\/42263f39aa27ac04c43cab85c280eb2e?s=96&d=mm&r=pg","contentUrl":"https:\/\/secure.gravatar.com\/avatar\/42263f39aa27ac04c43cab85c280eb2e?s=96&d=mm&r=pg","caption":"Kul"},"logo":{"@id":"https:\/\/sandzakpress.net\/arhiva\/#\/schema\/person\/image\/"}},{"@type":"Person","@id":"https:\/\/sandzakpress.net\/arhiva\/#\/schema\/person\/c8baee722073534b583ea7bdb2e36c02","name":"bosniak","image":{"@type":"ImageObject","inLanguage":"bs-BA","@id":"https:\/\/sandzakpress.net\/arhiva\/#\/schema\/person\/image\/","url":"https:\/\/secure.gravatar.com\/avatar\/a04fd330bfe3a36a72a0ad4a6d89fca7?s=96&d=mm&r=pg","contentUrl":"https:\/\/secure.gravatar.com\/avatar\/a04fd330bfe3a36a72a0ad4a6d89fca7?s=96&d=mm&r=pg","caption":"bosniak"},"url":"https:\/\/sandzakpress.net\/arhiva\/author\/bosniak\/"}]}},"_links":{"self":[{"href":"https:\/\/sandzakpress.net\/arhiva\/wp-json\/wp\/v2\/posts\/114064"}],"collection":[{"href":"https:\/\/sandzakpress.net\/arhiva\/wp-json\/wp\/v2\/posts"}],"about":[{"href":"https:\/\/sandzakpress.net\/arhiva\/wp-json\/wp\/v2\/types\/post"}],"author":[{"embeddable":true,"href":"https:\/\/sandzakpress.net\/arhiva\/wp-json\/wp\/v2\/users\/83"}],"replies":[{"embeddable":true,"href":"https:\/\/sandzakpress.net\/arhiva\/wp-json\/wp\/v2\/comments?post=114064"}],"version-history":[{"count":0,"href":"https:\/\/sandzakpress.net\/arhiva\/wp-json\/wp\/v2\/posts\/114064\/revisions"}],"wp:featuredmedia":[{"embeddable":true,"href":"https:\/\/sandzakpress.net\/arhiva\/wp-json\/wp\/v2\/media\/114065"}],"wp:attachment":[{"href":"https:\/\/sandzakpress.net\/arhiva\/wp-json\/wp\/v2\/media?parent=114064"}],"wp:term":[{"taxonomy":"category","embeddable":true,"href":"https:\/\/sandzakpress.net\/arhiva\/wp-json\/wp\/v2\/categories?post=114064"},{"taxonomy":"post_tag","embeddable":true,"href":"https:\/\/sandzakpress.net\/arhiva\/wp-json\/wp\/v2\/tags?post=114064"}],"curies":[{"name":"wp","href":"https:\/\/api.w.org\/{rel}","templated":true}]}}