{"id":11399,"date":"2011-01-18T20:54:23","date_gmt":"2011-01-18T19:54:23","guid":{"rendered":"https:\/\/sandzakpress.net\/arhiva\/?p=11399"},"modified":"2011-01-18T20:54:23","modified_gmt":"2011-01-18T19:54:23","slug":"plavi-na-okupu","status":"publish","type":"post","link":"https:\/\/sandzakpress.net\/arhiva\/plavi-na-okupu\/","title":{"rendered":"&#8220;Plavi&#8221; na okupu"},"content":{"rendered":"<p><strong><a href=\"https:\/\/sandzakpress.net\/arhiva\/wp-content\/uploads\/2011\/01\/fk-np-pocinje.jpg\"><img loading=\"lazy\" decoding=\"async\" class=\"alignleft size-full wp-image-11400\" title=\"fk-np-pocinje\" src=\"https:\/\/sandzakpress.net\/arhiva\/wp-content\/uploads\/2011\/01\/fk-np-pocinje.jpg\" alt=\"\" width=\"300\" height=\"199\" \/><\/a>Novi Pazar &#8211; Novi trener FK Novi Pazar Mladen Dodi\u0107 obavio je prozivku kandidata za najbolji sastav, \u010dime su zvani\u010dno zapo\u010dele pripreme plavih za prolje\u0107ni dio prvoliga\u0161kog prvenstva.<\/strong><\/p>\n<p>Igra\u010dki pogon ja\u010di je za Vladana Spasojevi\u0107a i Dragi\u0161u Pejovi\u0107a, me\u0111utim, njih dvojica ne\u0107e biti i jedine prido\u0161lice na Gradskom stadionu.<\/p>\n<p>Mladen Dodi\u0107 n aspisku trenutno ima 27 igra\u010da a tokom ove sedmice trebalo bi da ekipa bude poja\u010dana sa jo\u0161 nekoliko vrsnih fudbalera. Direktor Seki Brun\u010devi\u0107 je sa svim igra\u010dima obavio razgovor i o\u010dekuje se da u najskorijem roku budu definisani njihovi statusi kao i ugovorene obaveze.<\/p>\n<p>\u201e\u010cast je predvoditi Novi Pazar. U svim linijama nam treba jo\u0161 po jedan dobar fudbaler kako bi pojurili ka eliti. Stru\u010dni \u0161tab je promijenjen, pa je moj prvi pomo\u0107nik Izet Ljaji\u0107, trener golmana je Stanko Vuki\u0107evi\u0107 a fizioterapeut je ostao isti\u201c, kazao je Dodi\u0107.<\/p>\n<p>Promovisani su ofanzivni vezni fudbaler Vladan Spasojevi\u0107 i levi spoljni Dragi\u0161a Pejovi\u0107, koji su se pred novinarima obavezali na vjernost klubu.<\/p>\n<p>Dodi\u0107 je rekao da \u0107e Plavi prvi dio priprema obaviti u Novom Pazaru a nakon toga, najvjerovatnije, sledi selidba na crnogorsko primorje. Do tada igra\u010dki kadar, prema najavama iz uprave kluba, trebalo bi da bude brojniji za jo\u0161 nekoliko fudbalera.<\/p>\n<h4>\u0110or\u0111evi\u0107 kona\u010dno &#8220;Plavi&#8221;<\/h4>\n<p>Prekinuta je neizvjesnost. Bojan \u0110or\u0111evi\u0107 \u0107e narednih \u0161est mjeseci ponovo nositi dres Novog Pazara.<\/p>\n<p>Dogovor je postignut na obostrano zadovoljstvo, iako su se u igru oko anga\u017emana odli\u010dnog desnog spoljnog fudbalera uklju\u010dili, sem Novog Pazara i neki superliga\u0161ki i prvoliga\u0161ki timovi.<\/p>\n<p>Na ovaj na\u010din, jedna briga manje treneru Mladenu Dodi\u0107u, navija\u010dima adut vi\u0161e u borbi za elitu, jer je \u0110or\u0111evi\u0107,ne tako davno, bio njihov ljubimac.<\/p>\n<p>&#8220;Kona\u010dno smo obavili sve formalnosti vezane za povratak \u0110or\u0111evi\u0107a u na\u0161e redove. \u017delim da se zahvalim Upravi Crvene zvezde, koja nam je iza\u0161la u susret i omogu\u0107ila da ovaj sjajni fudbaler ponovo do\u0111e u Novi Pazar&#8221;,ka\u017ee vidno zadovoljni direktor plavih Sead Brun\u010devi\u0107.<\/p>\n<p>Po njegovim rije\u010dima, ovo je tek po\u010detak stvaranja jakog takmi\u010darskog sastava Novog Pazara, koji \u0107e u prolje\u0107nom dijelu prvenstva poku\u0161ati da nadoknadi bodovni zaostatak za vode\u0107im tandemom na tabeli i domogne se Superlige.<\/p>\n<p>&#8220;Anga\u017eova\u0107emo jo\u0161 nekoliko kvalitetnih fudbalera. Prvi od njih je internacionalac, reprezentativac Hondurasa i igra na poziciji napada\u010da. Ime, iz razumljivih razloga, ne \u017eelim da otkrivam. U svakom slu\u010daju, radi se o veoma dobrom i atraktivnom igra\u010du&#8221;, ka\u017ee prvi operativac Novog Pazara, koji ovih dana ima najvi\u0161e posla, jer je zimski prelazni rok u punom jeku.<\/p>\n<p>Izvor: <strong>Sandzak-Sport.com<\/strong><\/p>\n","protected":false},"excerpt":{"rendered":"<p>Novi Pazar &#8211; Novi trener FK Novi Pazar Mladen Dodi\u0107 obavio je prozivku kandidata za najbolji sastav, \u010dime su zvani\u010dno zapo\u010dele pripreme plavih za prolje\u0107ni dio prvoliga\u0161kog prvenstva. Igra\u010dki pogon ja\u010di je za Vladana Spasojevi\u0107a i Dragi\u0161u Pejovi\u0107a, me\u0111utim, njih dvojica ne\u0107e biti i jedine prido\u0161lice na Gradskom stadionu. Mladen Dodi\u0107 n aspisku trenutno ima [&hellip;]<\/p>\n","protected":false},"author":83,"featured_media":11400,"comment_status":"open","ping_status":"open","sticky":false,"template":"","format":"standard","meta":{"footnotes":""},"categories":[72,13],"tags":[],"class_list":{"0":"post-11399","1":"post","2":"type-post","3":"status-publish","4":"format-standard","5":"has-post-thumbnail","7":"category-novi-pazar","8":"category-sport"},"yoast_head":"<!-- This site is optimized with the Yoast SEO Premium plugin v23.1 (Yoast SEO v24.9) - https:\/\/yoast.com\/wordpress\/plugins\/seo\/ -->\n<title>&quot;Plavi&quot; na okupu<\/title>\n<meta name=\"robots\" content=\"index, follow, max-snippet:-1, max-image-preview:large, max-video-preview:-1\" \/>\n<link rel=\"canonical\" href=\"https:\/\/sandzakpress.net\/arhiva\/plavi-na-okupu\/\" \/>\n<meta property=\"og:locale\" content=\"bs_BA\" \/>\n<meta property=\"og:type\" content=\"article\" \/>\n<meta property=\"og:title\" content=\"&quot;Plavi&quot; na okupu\" \/>\n<meta property=\"og:description\" content=\"Novi Pazar &#8211; Novi trener FK Novi Pazar Mladen Dodi\u0107 obavio je prozivku kandidata za najbolji sastav, \u010dime su zvani\u010dno zapo\u010dele pripreme plavih za prolje\u0107ni dio prvoliga\u0161kog prvenstva. Igra\u010dki pogon ja\u010di je za Vladana Spasojevi\u0107a i Dragi\u0161u Pejovi\u0107a, me\u0111utim, njih dvojica ne\u0107e biti i jedine prido\u0161lice na Gradskom stadionu. Mladen Dodi\u0107 n aspisku trenutno ima [&hellip;]\" \/>\n<meta property=\"og:url\" content=\"https:\/\/sandzakpress.net\/arhiva\/plavi-na-okupu\/\" \/>\n<meta property=\"og:site_name\" content=\"Sand\u017eak PRESS\" \/>\n<meta property=\"article:published_time\" content=\"2011-01-18T19:54:23+00:00\" \/>\n<meta property=\"og:image\" content=\"https:\/\/sandzakpress.net\/arhiva\/wp-content\/uploads\/2011\/01\/fk-np-pocinje.jpg\" \/>\n\t<meta property=\"og:image:width\" content=\"300\" \/>\n\t<meta property=\"og:image:height\" content=\"199\" \/>\n\t<meta property=\"og:image:type\" content=\"image\/jpeg\" \/>\n<meta name=\"author\" content=\"bosniak\" \/>\n<meta name=\"twitter:card\" content=\"summary_large_image\" \/>\n<meta name=\"twitter:label1\" content=\"Written by\" \/>\n\t<meta name=\"twitter:data1\" content=\"bosniak\" \/>\n\t<meta name=\"twitter:label2\" content=\"Est. reading time\" \/>\n\t<meta name=\"twitter:data2\" content=\"2 minute\" \/>\n<script type=\"application\/ld+json\" class=\"yoast-schema-graph\">{\"@context\":\"https:\/\/schema.org\",\"@graph\":[{\"@type\":\"Article\",\"@id\":\"https:\/\/sandzakpress.net\/arhiva\/plavi-na-okupu\/#article\",\"isPartOf\":{\"@id\":\"https:\/\/sandzakpress.net\/arhiva\/plavi-na-okupu\/\"},\"author\":{\"name\":\"bosniak\",\"@id\":\"https:\/\/sandzakpress.net\/arhiva\/#\/schema\/person\/c8baee722073534b583ea7bdb2e36c02\"},\"headline\":\"&#8220;Plavi&#8221; na okupu\",\"datePublished\":\"2011-01-18T19:54:23+00:00\",\"mainEntityOfPage\":{\"@id\":\"https:\/\/sandzakpress.net\/arhiva\/plavi-na-okupu\/\"},\"wordCount\":463,\"commentCount\":1,\"publisher\":{\"@id\":\"https:\/\/sandzakpress.net\/arhiva\/#\/schema\/person\/6e72b67d6e51910a1117b3b483ba20bd\"},\"image\":{\"@id\":\"https:\/\/sandzakpress.net\/arhiva\/plavi-na-okupu\/#primaryimage\"},\"thumbnailUrl\":\"https:\/\/sandzakpress.net\/arhiva\/wp-content\/uploads\/2011\/01\/fk-np-pocinje.jpg\",\"articleSection\":[\"Novi Pazar\",\"Sport\"],\"inLanguage\":\"bs-BA\",\"potentialAction\":[{\"@type\":\"CommentAction\",\"name\":\"Comment\",\"target\":[\"https:\/\/sandzakpress.net\/arhiva\/plavi-na-okupu\/#respond\"]}]},{\"@type\":\"WebPage\",\"@id\":\"https:\/\/sandzakpress.net\/arhiva\/plavi-na-okupu\/\",\"url\":\"https:\/\/sandzakpress.net\/arhiva\/plavi-na-okupu\/\",\"name\":\"\\\"Plavi\\\" na okupu\",\"isPartOf\":{\"@id\":\"https:\/\/sandzakpress.net\/arhiva\/#website\"},\"primaryImageOfPage\":{\"@id\":\"https:\/\/sandzakpress.net\/arhiva\/plavi-na-okupu\/#primaryimage\"},\"image\":{\"@id\":\"https:\/\/sandzakpress.net\/arhiva\/plavi-na-okupu\/#primaryimage\"},\"thumbnailUrl\":\"https:\/\/sandzakpress.net\/arhiva\/wp-content\/uploads\/2011\/01\/fk-np-pocinje.jpg\",\"datePublished\":\"2011-01-18T19:54:23+00:00\",\"breadcrumb\":{\"@id\":\"https:\/\/sandzakpress.net\/arhiva\/plavi-na-okupu\/#breadcrumb\"},\"inLanguage\":\"bs-BA\",\"potentialAction\":[{\"@type\":\"ReadAction\",\"target\":[\"https:\/\/sandzakpress.net\/arhiva\/plavi-na-okupu\/\"]}]},{\"@type\":\"ImageObject\",\"inLanguage\":\"bs-BA\",\"@id\":\"https:\/\/sandzakpress.net\/arhiva\/plavi-na-okupu\/#primaryimage\",\"url\":\"https:\/\/sandzakpress.net\/arhiva\/wp-content\/uploads\/2011\/01\/fk-np-pocinje.jpg\",\"contentUrl\":\"https:\/\/sandzakpress.net\/arhiva\/wp-content\/uploads\/2011\/01\/fk-np-pocinje.jpg\",\"width\":300,\"height\":199},{\"@type\":\"BreadcrumbList\",\"@id\":\"https:\/\/sandzakpress.net\/arhiva\/plavi-na-okupu\/#breadcrumb\",\"itemListElement\":[{\"@type\":\"ListItem\",\"position\":1,\"name\":\"Home\",\"item\":\"https:\/\/sandzakpress.net\/arhiva\/\"},{\"@type\":\"ListItem\",\"position\":2,\"name\":\"&#8220;Plavi&#8221; na okupu\"}]},{\"@type\":\"WebSite\",\"@id\":\"https:\/\/sandzakpress.net\/arhiva\/#website\",\"url\":\"https:\/\/sandzakpress.net\/arhiva\/\",\"name\":\"Sand\u017eak PRESS\",\"description\":\"Prve elektronske novine u Sand\u017eaku\",\"publisher\":{\"@id\":\"https:\/\/sandzakpress.net\/arhiva\/#\/schema\/person\/6e72b67d6e51910a1117b3b483ba20bd\"},\"potentialAction\":[{\"@type\":\"SearchAction\",\"target\":{\"@type\":\"EntryPoint\",\"urlTemplate\":\"https:\/\/sandzakpress.net\/arhiva\/?s={search_term_string}\"},\"query-input\":{\"@type\":\"PropertyValueSpecification\",\"valueRequired\":true,\"valueName\":\"search_term_string\"}}],\"inLanguage\":\"bs-BA\"},{\"@type\":[\"Person\",\"Organization\"],\"@id\":\"https:\/\/sandzakpress.net\/arhiva\/#\/schema\/person\/6e72b67d6e51910a1117b3b483ba20bd\",\"name\":\"Kul\",\"image\":{\"@type\":\"ImageObject\",\"inLanguage\":\"bs-BA\",\"@id\":\"https:\/\/sandzakpress.net\/arhiva\/#\/schema\/person\/image\/\",\"url\":\"https:\/\/secure.gravatar.com\/avatar\/42263f39aa27ac04c43cab85c280eb2e?s=96&d=mm&r=pg\",\"contentUrl\":\"https:\/\/secure.gravatar.com\/avatar\/42263f39aa27ac04c43cab85c280eb2e?s=96&d=mm&r=pg\",\"caption\":\"Kul\"},\"logo\":{\"@id\":\"https:\/\/sandzakpress.net\/arhiva\/#\/schema\/person\/image\/\"}},{\"@type\":\"Person\",\"@id\":\"https:\/\/sandzakpress.net\/arhiva\/#\/schema\/person\/c8baee722073534b583ea7bdb2e36c02\",\"name\":\"bosniak\",\"image\":{\"@type\":\"ImageObject\",\"inLanguage\":\"bs-BA\",\"@id\":\"https:\/\/sandzakpress.net\/arhiva\/#\/schema\/person\/image\/\",\"url\":\"https:\/\/secure.gravatar.com\/avatar\/a04fd330bfe3a36a72a0ad4a6d89fca7?s=96&d=mm&r=pg\",\"contentUrl\":\"https:\/\/secure.gravatar.com\/avatar\/a04fd330bfe3a36a72a0ad4a6d89fca7?s=96&d=mm&r=pg\",\"caption\":\"bosniak\"},\"url\":\"https:\/\/sandzakpress.net\/arhiva\/author\/bosniak\/\"}]}<\/script>\n<!-- \/ Yoast SEO Premium plugin. -->","yoast_head_json":{"title":"\"Plavi\" na okupu","robots":{"index":"index","follow":"follow","max-snippet":"max-snippet:-1","max-image-preview":"max-image-preview:large","max-video-preview":"max-video-preview:-1"},"canonical":"https:\/\/sandzakpress.net\/arhiva\/plavi-na-okupu\/","og_locale":"bs_BA","og_type":"article","og_title":"\"Plavi\" na okupu","og_description":"Novi Pazar &#8211; Novi trener FK Novi Pazar Mladen Dodi\u0107 obavio je prozivku kandidata za najbolji sastav, \u010dime su zvani\u010dno zapo\u010dele pripreme plavih za prolje\u0107ni dio prvoliga\u0161kog prvenstva. Igra\u010dki pogon ja\u010di je za Vladana Spasojevi\u0107a i Dragi\u0161u Pejovi\u0107a, me\u0111utim, njih dvojica ne\u0107e biti i jedine prido\u0161lice na Gradskom stadionu. Mladen Dodi\u0107 n aspisku trenutno ima [&hellip;]","og_url":"https:\/\/sandzakpress.net\/arhiva\/plavi-na-okupu\/","og_site_name":"Sand\u017eak PRESS","article_published_time":"2011-01-18T19:54:23+00:00","og_image":[{"width":300,"height":199,"url":"https:\/\/sandzakpress.net\/arhiva\/wp-content\/uploads\/2011\/01\/fk-np-pocinje.jpg","type":"image\/jpeg"}],"author":"bosniak","twitter_card":"summary_large_image","twitter_misc":{"Written by":"bosniak","Est. reading time":"2 minute"},"schema":{"@context":"https:\/\/schema.org","@graph":[{"@type":"Article","@id":"https:\/\/sandzakpress.net\/arhiva\/plavi-na-okupu\/#article","isPartOf":{"@id":"https:\/\/sandzakpress.net\/arhiva\/plavi-na-okupu\/"},"author":{"name":"bosniak","@id":"https:\/\/sandzakpress.net\/arhiva\/#\/schema\/person\/c8baee722073534b583ea7bdb2e36c02"},"headline":"&#8220;Plavi&#8221; na okupu","datePublished":"2011-01-18T19:54:23+00:00","mainEntityOfPage":{"@id":"https:\/\/sandzakpress.net\/arhiva\/plavi-na-okupu\/"},"wordCount":463,"commentCount":1,"publisher":{"@id":"https:\/\/sandzakpress.net\/arhiva\/#\/schema\/person\/6e72b67d6e51910a1117b3b483ba20bd"},"image":{"@id":"https:\/\/sandzakpress.net\/arhiva\/plavi-na-okupu\/#primaryimage"},"thumbnailUrl":"https:\/\/sandzakpress.net\/arhiva\/wp-content\/uploads\/2011\/01\/fk-np-pocinje.jpg","articleSection":["Novi Pazar","Sport"],"inLanguage":"bs-BA","potentialAction":[{"@type":"CommentAction","name":"Comment","target":["https:\/\/sandzakpress.net\/arhiva\/plavi-na-okupu\/#respond"]}]},{"@type":"WebPage","@id":"https:\/\/sandzakpress.net\/arhiva\/plavi-na-okupu\/","url":"https:\/\/sandzakpress.net\/arhiva\/plavi-na-okupu\/","name":"\"Plavi\" na okupu","isPartOf":{"@id":"https:\/\/sandzakpress.net\/arhiva\/#website"},"primaryImageOfPage":{"@id":"https:\/\/sandzakpress.net\/arhiva\/plavi-na-okupu\/#primaryimage"},"image":{"@id":"https:\/\/sandzakpress.net\/arhiva\/plavi-na-okupu\/#primaryimage"},"thumbnailUrl":"https:\/\/sandzakpress.net\/arhiva\/wp-content\/uploads\/2011\/01\/fk-np-pocinje.jpg","datePublished":"2011-01-18T19:54:23+00:00","breadcrumb":{"@id":"https:\/\/sandzakpress.net\/arhiva\/plavi-na-okupu\/#breadcrumb"},"inLanguage":"bs-BA","potentialAction":[{"@type":"ReadAction","target":["https:\/\/sandzakpress.net\/arhiva\/plavi-na-okupu\/"]}]},{"@type":"ImageObject","inLanguage":"bs-BA","@id":"https:\/\/sandzakpress.net\/arhiva\/plavi-na-okupu\/#primaryimage","url":"https:\/\/sandzakpress.net\/arhiva\/wp-content\/uploads\/2011\/01\/fk-np-pocinje.jpg","contentUrl":"https:\/\/sandzakpress.net\/arhiva\/wp-content\/uploads\/2011\/01\/fk-np-pocinje.jpg","width":300,"height":199},{"@type":"BreadcrumbList","@id":"https:\/\/sandzakpress.net\/arhiva\/plavi-na-okupu\/#breadcrumb","itemListElement":[{"@type":"ListItem","position":1,"name":"Home","item":"https:\/\/sandzakpress.net\/arhiva\/"},{"@type":"ListItem","position":2,"name":"&#8220;Plavi&#8221; na okupu"}]},{"@type":"WebSite","@id":"https:\/\/sandzakpress.net\/arhiva\/#website","url":"https:\/\/sandzakpress.net\/arhiva\/","name":"Sand\u017eak PRESS","description":"Prve elektronske novine u Sand\u017eaku","publisher":{"@id":"https:\/\/sandzakpress.net\/arhiva\/#\/schema\/person\/6e72b67d6e51910a1117b3b483ba20bd"},"potentialAction":[{"@type":"SearchAction","target":{"@type":"EntryPoint","urlTemplate":"https:\/\/sandzakpress.net\/arhiva\/?s={search_term_string}"},"query-input":{"@type":"PropertyValueSpecification","valueRequired":true,"valueName":"search_term_string"}}],"inLanguage":"bs-BA"},{"@type":["Person","Organization"],"@id":"https:\/\/sandzakpress.net\/arhiva\/#\/schema\/person\/6e72b67d6e51910a1117b3b483ba20bd","name":"Kul","image":{"@type":"ImageObject","inLanguage":"bs-BA","@id":"https:\/\/sandzakpress.net\/arhiva\/#\/schema\/person\/image\/","url":"https:\/\/secure.gravatar.com\/avatar\/42263f39aa27ac04c43cab85c280eb2e?s=96&d=mm&r=pg","contentUrl":"https:\/\/secure.gravatar.com\/avatar\/42263f39aa27ac04c43cab85c280eb2e?s=96&d=mm&r=pg","caption":"Kul"},"logo":{"@id":"https:\/\/sandzakpress.net\/arhiva\/#\/schema\/person\/image\/"}},{"@type":"Person","@id":"https:\/\/sandzakpress.net\/arhiva\/#\/schema\/person\/c8baee722073534b583ea7bdb2e36c02","name":"bosniak","image":{"@type":"ImageObject","inLanguage":"bs-BA","@id":"https:\/\/sandzakpress.net\/arhiva\/#\/schema\/person\/image\/","url":"https:\/\/secure.gravatar.com\/avatar\/a04fd330bfe3a36a72a0ad4a6d89fca7?s=96&d=mm&r=pg","contentUrl":"https:\/\/secure.gravatar.com\/avatar\/a04fd330bfe3a36a72a0ad4a6d89fca7?s=96&d=mm&r=pg","caption":"bosniak"},"url":"https:\/\/sandzakpress.net\/arhiva\/author\/bosniak\/"}]}},"_links":{"self":[{"href":"https:\/\/sandzakpress.net\/arhiva\/wp-json\/wp\/v2\/posts\/11399"}],"collection":[{"href":"https:\/\/sandzakpress.net\/arhiva\/wp-json\/wp\/v2\/posts"}],"about":[{"href":"https:\/\/sandzakpress.net\/arhiva\/wp-json\/wp\/v2\/types\/post"}],"author":[{"embeddable":true,"href":"https:\/\/sandzakpress.net\/arhiva\/wp-json\/wp\/v2\/users\/83"}],"replies":[{"embeddable":true,"href":"https:\/\/sandzakpress.net\/arhiva\/wp-json\/wp\/v2\/comments?post=11399"}],"version-history":[{"count":0,"href":"https:\/\/sandzakpress.net\/arhiva\/wp-json\/wp\/v2\/posts\/11399\/revisions"}],"wp:featuredmedia":[{"embeddable":true,"href":"https:\/\/sandzakpress.net\/arhiva\/wp-json\/wp\/v2\/media\/11400"}],"wp:attachment":[{"href":"https:\/\/sandzakpress.net\/arhiva\/wp-json\/wp\/v2\/media?parent=11399"}],"wp:term":[{"taxonomy":"category","embeddable":true,"href":"https:\/\/sandzakpress.net\/arhiva\/wp-json\/wp\/v2\/categories?post=11399"},{"taxonomy":"post_tag","embeddable":true,"href":"https:\/\/sandzakpress.net\/arhiva\/wp-json\/wp\/v2\/tags?post=11399"}],"curies":[{"name":"wp","href":"https:\/\/api.w.org\/{rel}","templated":true}]}}