{"id":11396,"date":"2011-01-18T20:51:42","date_gmt":"2011-01-18T19:51:42","guid":{"rendered":"https:\/\/sandzakpress.net\/arhiva\/?p=11396"},"modified":"2011-01-18T20:51:42","modified_gmt":"2011-01-18T19:51:42","slug":"crnogorski-katili-tuze-zrtvu-ibrahima-cikica","status":"publish","type":"post","link":"https:\/\/sandzakpress.net\/arhiva\/crnogorski-katili-tuze-zrtvu-ibrahima-cikica\/","title":{"rendered":"Crnogorski katili tu\u017ee \u017ertvu Ibrahima \u010ciki\u0107a"},"content":{"rendered":"<p><strong><a href=\"https:\/\/sandzakpress.net\/arhiva\/wp-content\/uploads\/2011\/01\/Ibrahim_Cikic_88.jpg\"><img loading=\"lazy\" decoding=\"async\" class=\"alignleft size-medium wp-image-11397\" title=\"Ibrahim_Cikic_88\" src=\"https:\/\/sandzakpress.net\/arhiva\/wp-content\/uploads\/2011\/01\/Ibrahim_Cikic_88-267x300.jpg\" alt=\"\" width=\"267\" height=\"300\" \/><\/a>Bijelo Polje &#8211; Pred Vije\u0107em Vi\u0161eg suda u Bijelom Polju, kojim je predsjedavao sudija Rahmo Banda, na neodre\u0111eno vrijeme otkazano je ro\u010di\u0161te za navodnu klevetu protiv Ibrahima \u010ciki\u0107a autora knjige\u00a0<em>\u201cGdje sunce ne grije\u201d. <\/em><\/strong><\/p>\n<p>Kao glavni razlog odlaganja dana\u0161njeg su\u0111enja je neposjedovanje adrese i mjesta stanovanja Ibrahima \u010ciki\u0107a. Simptomati\u010dno je da Ibrahim \u010ciki\u0107 ve\u0107 dvadeset dana prije su\u0111enja boravi u rodnom Bijelom Polju, gdje se ina\u010de odvija proces, te da je danas svo vrijeme bio u neposrednoj blizini suda, gdje je \u0161etao i kahvenisao sa prijateljima. Ove \u010dinjenice govore da se radi o obi\u010dnoj sudskoj farsi i da se sve ovo radi u cilju zastra\u0161ivanja hiljada Bo\u0161njaka u Crnoj Gori koji su Ibrahimove sudbine.<\/p>\n<p>Da podsjetimo, jedanaest d\u017eelata, tre\u0107erazrednih likova iz \u010ciki\u0107eve knjige\u00a0<em>\u201cGdje sunce ne grije\u201d<\/em> pokrenulo je krivi\u010dni i parni\u010dni postupak tra\u017ee\u0107i 120 hiljada eura za du\u0161evne boli.<\/p>\n<p>Nego, da je Crna Gora demokratska dr\u017eava, i da posebno ima demokratske kapacitete i nezavisno sudstvo specijalni tu\u017eioc za ratne zlo\u010dine u CG morao je poslije 16 godina otvoriti istragu, pohapsiti nalegodovce i izvr\u0161ioce zlo\u010dina, izre\u0107i im primjerne kazne, uputiti javno izvinjenje \u017ertvi genocida Ibrahimu \u010ciki\u0107u, i isplatiti mu obe\u0161te\u0107enje za produ\u017eene du\u0161evne boli, patnju i dodatno maltretiranje.<\/p>\n<p>Neposredno nakon su\u0111enja na\u0161 specijalni izvje\u0161ta\u010d od Ibrahima \u010ciki\u0107a je tra\u017eio da odgovori na\u00a0<em>kompleksno<\/em> \u201csudsko pitanje\u201d, kako to pravosudni organi na mogu da vas na\u0111u? \u010ciki\u0107 je odgovorio:<\/p>\n<p>&#8211; Pravosudni organi Crne Gore nisu u stanju prona\u0107i zlo\u010dince Bukovice, pa vjerovatno pou\u010deni tim iskustvom i svjesni da \u017eivot Bo\u0161njaka u CG ima odre\u0111enu cijenu, zaziru od mog pojavljivanja na sudu, rekao je \u010ciki\u0107. Na pitanje kako kao \u017ertva vidi ovaj proces, izme\u0111u ostaloga, on je istakao:<br \/>\n&#8211; Ovaj proces je farsa i isklju\u010divo slu\u017ei za zastra\u0161ivanje eventualnih Ibrahima u CG kojih je poprili\u010dan broj. Na kraju zlo\u010dinci \u0107e se morati pomiriti sa istinom da ovaj posljednji zlo\u010din nad Bo\u0161njacima nikada ne\u0107e oti\u0107i u zaborav. Moja knjiga \u0107e biti izvanredan povod za pisanje knjige za neke budu\u0107e generacije o \u010duvenom crnogorskom \u010dojstvu i juna\u0161tvo, zaklju\u010dio je \u010ciki\u0107, javlja specijalni Izvje\u0161ta\u010d Bo\u0161njaci.Net iz Bijelog Polja.<\/p>\n<p>Izvor: <strong>Bosnjaci.net<\/strong><\/p>\n","protected":false},"excerpt":{"rendered":"<p>Bijelo Polje &#8211; Pred Vije\u0107em Vi\u0161eg suda u Bijelom Polju, kojim je predsjedavao sudija Rahmo Banda, na neodre\u0111eno vrijeme otkazano je ro\u010di\u0161te za navodnu klevetu protiv Ibrahima \u010ciki\u0107a autora knjige\u00a0\u201cGdje sunce ne grije\u201d. Kao glavni razlog odlaganja dana\u0161njeg su\u0111enja je neposjedovanje adrese i mjesta stanovanja Ibrahima \u010ciki\u0107a. Simptomati\u010dno je da Ibrahim \u010ciki\u0107 ve\u0107 dvadeset dana [&hellip;]<\/p>\n","protected":false},"author":83,"featured_media":11397,"comment_status":"open","ping_status":"open","sticky":false,"template":"","format":"standard","meta":{"footnotes":""},"categories":[396,5],"tags":[],"class_list":{"0":"post-11396","1":"post","2":"type-post","3":"status-publish","4":"format-standard","5":"has-post-thumbnail","7":"category-bijelo_polje","8":"category-drustvo"},"yoast_head":"<!-- This site is optimized with the Yoast SEO Premium plugin v23.1 (Yoast SEO v24.9) - https:\/\/yoast.com\/wordpress\/plugins\/seo\/ -->\n<title>Crnogorski katili tu\u017ee \u017ertvu Ibrahima \u010ciki\u0107a<\/title>\n<meta name=\"robots\" content=\"index, follow, max-snippet:-1, max-image-preview:large, max-video-preview:-1\" \/>\n<link rel=\"canonical\" href=\"https:\/\/sandzakpress.net\/arhiva\/crnogorski-katili-tuze-zrtvu-ibrahima-cikica\/\" \/>\n<meta property=\"og:locale\" content=\"bs_BA\" \/>\n<meta property=\"og:type\" content=\"article\" \/>\n<meta property=\"og:title\" content=\"Crnogorski katili tu\u017ee \u017ertvu Ibrahima \u010ciki\u0107a\" \/>\n<meta property=\"og:description\" content=\"Bijelo Polje &#8211; Pred Vije\u0107em Vi\u0161eg suda u Bijelom Polju, kojim je predsjedavao sudija Rahmo Banda, na neodre\u0111eno vrijeme otkazano je ro\u010di\u0161te za navodnu klevetu protiv Ibrahima \u010ciki\u0107a autora knjige\u00a0\u201cGdje sunce ne grije\u201d. Kao glavni razlog odlaganja dana\u0161njeg su\u0111enja je neposjedovanje adrese i mjesta stanovanja Ibrahima \u010ciki\u0107a. Simptomati\u010dno je da Ibrahim \u010ciki\u0107 ve\u0107 dvadeset dana [&hellip;]\" \/>\n<meta property=\"og:url\" content=\"https:\/\/sandzakpress.net\/arhiva\/crnogorski-katili-tuze-zrtvu-ibrahima-cikica\/\" \/>\n<meta property=\"og:site_name\" content=\"Sand\u017eak PRESS\" \/>\n<meta property=\"article:published_time\" content=\"2011-01-18T19:51:42+00:00\" \/>\n<meta property=\"og:image\" content=\"https:\/\/sandzakpress.net\/arhiva\/wp-content\/uploads\/2011\/01\/Ibrahim_Cikic_88.jpg\" \/>\n\t<meta property=\"og:image:width\" content=\"276\" \/>\n\t<meta property=\"og:image:height\" content=\"310\" \/>\n\t<meta property=\"og:image:type\" content=\"image\/jpeg\" \/>\n<meta name=\"author\" content=\"bosniak\" \/>\n<meta name=\"twitter:card\" content=\"summary_large_image\" \/>\n<meta name=\"twitter:label1\" content=\"Written by\" \/>\n\t<meta name=\"twitter:data1\" content=\"bosniak\" \/>\n\t<meta name=\"twitter:label2\" content=\"Est. reading time\" \/>\n\t<meta name=\"twitter:data2\" content=\"2 minute\" \/>\n<script type=\"application\/ld+json\" class=\"yoast-schema-graph\">{\"@context\":\"https:\/\/schema.org\",\"@graph\":[{\"@type\":\"Article\",\"@id\":\"https:\/\/sandzakpress.net\/arhiva\/crnogorski-katili-tuze-zrtvu-ibrahima-cikica\/#article\",\"isPartOf\":{\"@id\":\"https:\/\/sandzakpress.net\/arhiva\/crnogorski-katili-tuze-zrtvu-ibrahima-cikica\/\"},\"author\":{\"name\":\"bosniak\",\"@id\":\"https:\/\/sandzakpress.net\/arhiva\/#\/schema\/person\/c8baee722073534b583ea7bdb2e36c02\"},\"headline\":\"Crnogorski katili tu\u017ee \u017ertvu Ibrahima \u010ciki\u0107a\",\"datePublished\":\"2011-01-18T19:51:42+00:00\",\"mainEntityOfPage\":{\"@id\":\"https:\/\/sandzakpress.net\/arhiva\/crnogorski-katili-tuze-zrtvu-ibrahima-cikica\/\"},\"wordCount\":411,\"commentCount\":0,\"publisher\":{\"@id\":\"https:\/\/sandzakpress.net\/arhiva\/#\/schema\/person\/6e72b67d6e51910a1117b3b483ba20bd\"},\"image\":{\"@id\":\"https:\/\/sandzakpress.net\/arhiva\/crnogorski-katili-tuze-zrtvu-ibrahima-cikica\/#primaryimage\"},\"thumbnailUrl\":\"https:\/\/sandzakpress.net\/arhiva\/wp-content\/uploads\/2011\/01\/Ibrahim_Cikic_88.jpg\",\"articleSection\":[\"Bijelo Polje\",\"Dru\u0161tvo\"],\"inLanguage\":\"bs-BA\",\"potentialAction\":[{\"@type\":\"CommentAction\",\"name\":\"Comment\",\"target\":[\"https:\/\/sandzakpress.net\/arhiva\/crnogorski-katili-tuze-zrtvu-ibrahima-cikica\/#respond\"]}]},{\"@type\":\"WebPage\",\"@id\":\"https:\/\/sandzakpress.net\/arhiva\/crnogorski-katili-tuze-zrtvu-ibrahima-cikica\/\",\"url\":\"https:\/\/sandzakpress.net\/arhiva\/crnogorski-katili-tuze-zrtvu-ibrahima-cikica\/\",\"name\":\"Crnogorski katili tu\u017ee \u017ertvu Ibrahima \u010ciki\u0107a\",\"isPartOf\":{\"@id\":\"https:\/\/sandzakpress.net\/arhiva\/#website\"},\"primaryImageOfPage\":{\"@id\":\"https:\/\/sandzakpress.net\/arhiva\/crnogorski-katili-tuze-zrtvu-ibrahima-cikica\/#primaryimage\"},\"image\":{\"@id\":\"https:\/\/sandzakpress.net\/arhiva\/crnogorski-katili-tuze-zrtvu-ibrahima-cikica\/#primaryimage\"},\"thumbnailUrl\":\"https:\/\/sandzakpress.net\/arhiva\/wp-content\/uploads\/2011\/01\/Ibrahim_Cikic_88.jpg\",\"datePublished\":\"2011-01-18T19:51:42+00:00\",\"breadcrumb\":{\"@id\":\"https:\/\/sandzakpress.net\/arhiva\/crnogorski-katili-tuze-zrtvu-ibrahima-cikica\/#breadcrumb\"},\"inLanguage\":\"bs-BA\",\"potentialAction\":[{\"@type\":\"ReadAction\",\"target\":[\"https:\/\/sandzakpress.net\/arhiva\/crnogorski-katili-tuze-zrtvu-ibrahima-cikica\/\"]}]},{\"@type\":\"ImageObject\",\"inLanguage\":\"bs-BA\",\"@id\":\"https:\/\/sandzakpress.net\/arhiva\/crnogorski-katili-tuze-zrtvu-ibrahima-cikica\/#primaryimage\",\"url\":\"https:\/\/sandzakpress.net\/arhiva\/wp-content\/uploads\/2011\/01\/Ibrahim_Cikic_88.jpg\",\"contentUrl\":\"https:\/\/sandzakpress.net\/arhiva\/wp-content\/uploads\/2011\/01\/Ibrahim_Cikic_88.jpg\",\"width\":276,\"height\":310},{\"@type\":\"BreadcrumbList\",\"@id\":\"https:\/\/sandzakpress.net\/arhiva\/crnogorski-katili-tuze-zrtvu-ibrahima-cikica\/#breadcrumb\",\"itemListElement\":[{\"@type\":\"ListItem\",\"position\":1,\"name\":\"Home\",\"item\":\"https:\/\/sandzakpress.net\/arhiva\/\"},{\"@type\":\"ListItem\",\"position\":2,\"name\":\"Crnogorski katili tu\u017ee \u017ertvu Ibrahima \u010ciki\u0107a\"}]},{\"@type\":\"WebSite\",\"@id\":\"https:\/\/sandzakpress.net\/arhiva\/#website\",\"url\":\"https:\/\/sandzakpress.net\/arhiva\/\",\"name\":\"Sand\u017eak PRESS\",\"description\":\"Prve elektronske novine u Sand\u017eaku\",\"publisher\":{\"@id\":\"https:\/\/sandzakpress.net\/arhiva\/#\/schema\/person\/6e72b67d6e51910a1117b3b483ba20bd\"},\"potentialAction\":[{\"@type\":\"SearchAction\",\"target\":{\"@type\":\"EntryPoint\",\"urlTemplate\":\"https:\/\/sandzakpress.net\/arhiva\/?s={search_term_string}\"},\"query-input\":{\"@type\":\"PropertyValueSpecification\",\"valueRequired\":true,\"valueName\":\"search_term_string\"}}],\"inLanguage\":\"bs-BA\"},{\"@type\":[\"Person\",\"Organization\"],\"@id\":\"https:\/\/sandzakpress.net\/arhiva\/#\/schema\/person\/6e72b67d6e51910a1117b3b483ba20bd\",\"name\":\"Kul\",\"image\":{\"@type\":\"ImageObject\",\"inLanguage\":\"bs-BA\",\"@id\":\"https:\/\/sandzakpress.net\/arhiva\/#\/schema\/person\/image\/\",\"url\":\"https:\/\/secure.gravatar.com\/avatar\/42263f39aa27ac04c43cab85c280eb2e?s=96&d=mm&r=pg\",\"contentUrl\":\"https:\/\/secure.gravatar.com\/avatar\/42263f39aa27ac04c43cab85c280eb2e?s=96&d=mm&r=pg\",\"caption\":\"Kul\"},\"logo\":{\"@id\":\"https:\/\/sandzakpress.net\/arhiva\/#\/schema\/person\/image\/\"}},{\"@type\":\"Person\",\"@id\":\"https:\/\/sandzakpress.net\/arhiva\/#\/schema\/person\/c8baee722073534b583ea7bdb2e36c02\",\"name\":\"bosniak\",\"image\":{\"@type\":\"ImageObject\",\"inLanguage\":\"bs-BA\",\"@id\":\"https:\/\/sandzakpress.net\/arhiva\/#\/schema\/person\/image\/\",\"url\":\"https:\/\/secure.gravatar.com\/avatar\/a04fd330bfe3a36a72a0ad4a6d89fca7?s=96&d=mm&r=pg\",\"contentUrl\":\"https:\/\/secure.gravatar.com\/avatar\/a04fd330bfe3a36a72a0ad4a6d89fca7?s=96&d=mm&r=pg\",\"caption\":\"bosniak\"},\"url\":\"https:\/\/sandzakpress.net\/arhiva\/author\/bosniak\/\"}]}<\/script>\n<!-- \/ Yoast SEO Premium plugin. -->","yoast_head_json":{"title":"Crnogorski katili tu\u017ee \u017ertvu Ibrahima \u010ciki\u0107a","robots":{"index":"index","follow":"follow","max-snippet":"max-snippet:-1","max-image-preview":"max-image-preview:large","max-video-preview":"max-video-preview:-1"},"canonical":"https:\/\/sandzakpress.net\/arhiva\/crnogorski-katili-tuze-zrtvu-ibrahima-cikica\/","og_locale":"bs_BA","og_type":"article","og_title":"Crnogorski katili tu\u017ee \u017ertvu Ibrahima \u010ciki\u0107a","og_description":"Bijelo Polje &#8211; Pred Vije\u0107em Vi\u0161eg suda u Bijelom Polju, kojim je predsjedavao sudija Rahmo Banda, na neodre\u0111eno vrijeme otkazano je ro\u010di\u0161te za navodnu klevetu protiv Ibrahima \u010ciki\u0107a autora knjige\u00a0\u201cGdje sunce ne grije\u201d. Kao glavni razlog odlaganja dana\u0161njeg su\u0111enja je neposjedovanje adrese i mjesta stanovanja Ibrahima \u010ciki\u0107a. Simptomati\u010dno je da Ibrahim \u010ciki\u0107 ve\u0107 dvadeset dana [&hellip;]","og_url":"https:\/\/sandzakpress.net\/arhiva\/crnogorski-katili-tuze-zrtvu-ibrahima-cikica\/","og_site_name":"Sand\u017eak PRESS","article_published_time":"2011-01-18T19:51:42+00:00","og_image":[{"width":276,"height":310,"url":"https:\/\/sandzakpress.net\/arhiva\/wp-content\/uploads\/2011\/01\/Ibrahim_Cikic_88.jpg","type":"image\/jpeg"}],"author":"bosniak","twitter_card":"summary_large_image","twitter_misc":{"Written by":"bosniak","Est. reading time":"2 minute"},"schema":{"@context":"https:\/\/schema.org","@graph":[{"@type":"Article","@id":"https:\/\/sandzakpress.net\/arhiva\/crnogorski-katili-tuze-zrtvu-ibrahima-cikica\/#article","isPartOf":{"@id":"https:\/\/sandzakpress.net\/arhiva\/crnogorski-katili-tuze-zrtvu-ibrahima-cikica\/"},"author":{"name":"bosniak","@id":"https:\/\/sandzakpress.net\/arhiva\/#\/schema\/person\/c8baee722073534b583ea7bdb2e36c02"},"headline":"Crnogorski katili tu\u017ee \u017ertvu Ibrahima \u010ciki\u0107a","datePublished":"2011-01-18T19:51:42+00:00","mainEntityOfPage":{"@id":"https:\/\/sandzakpress.net\/arhiva\/crnogorski-katili-tuze-zrtvu-ibrahima-cikica\/"},"wordCount":411,"commentCount":0,"publisher":{"@id":"https:\/\/sandzakpress.net\/arhiva\/#\/schema\/person\/6e72b67d6e51910a1117b3b483ba20bd"},"image":{"@id":"https:\/\/sandzakpress.net\/arhiva\/crnogorski-katili-tuze-zrtvu-ibrahima-cikica\/#primaryimage"},"thumbnailUrl":"https:\/\/sandzakpress.net\/arhiva\/wp-content\/uploads\/2011\/01\/Ibrahim_Cikic_88.jpg","articleSection":["Bijelo Polje","Dru\u0161tvo"],"inLanguage":"bs-BA","potentialAction":[{"@type":"CommentAction","name":"Comment","target":["https:\/\/sandzakpress.net\/arhiva\/crnogorski-katili-tuze-zrtvu-ibrahima-cikica\/#respond"]}]},{"@type":"WebPage","@id":"https:\/\/sandzakpress.net\/arhiva\/crnogorski-katili-tuze-zrtvu-ibrahima-cikica\/","url":"https:\/\/sandzakpress.net\/arhiva\/crnogorski-katili-tuze-zrtvu-ibrahima-cikica\/","name":"Crnogorski katili tu\u017ee \u017ertvu Ibrahima \u010ciki\u0107a","isPartOf":{"@id":"https:\/\/sandzakpress.net\/arhiva\/#website"},"primaryImageOfPage":{"@id":"https:\/\/sandzakpress.net\/arhiva\/crnogorski-katili-tuze-zrtvu-ibrahima-cikica\/#primaryimage"},"image":{"@id":"https:\/\/sandzakpress.net\/arhiva\/crnogorski-katili-tuze-zrtvu-ibrahima-cikica\/#primaryimage"},"thumbnailUrl":"https:\/\/sandzakpress.net\/arhiva\/wp-content\/uploads\/2011\/01\/Ibrahim_Cikic_88.jpg","datePublished":"2011-01-18T19:51:42+00:00","breadcrumb":{"@id":"https:\/\/sandzakpress.net\/arhiva\/crnogorski-katili-tuze-zrtvu-ibrahima-cikica\/#breadcrumb"},"inLanguage":"bs-BA","potentialAction":[{"@type":"ReadAction","target":["https:\/\/sandzakpress.net\/arhiva\/crnogorski-katili-tuze-zrtvu-ibrahima-cikica\/"]}]},{"@type":"ImageObject","inLanguage":"bs-BA","@id":"https:\/\/sandzakpress.net\/arhiva\/crnogorski-katili-tuze-zrtvu-ibrahima-cikica\/#primaryimage","url":"https:\/\/sandzakpress.net\/arhiva\/wp-content\/uploads\/2011\/01\/Ibrahim_Cikic_88.jpg","contentUrl":"https:\/\/sandzakpress.net\/arhiva\/wp-content\/uploads\/2011\/01\/Ibrahim_Cikic_88.jpg","width":276,"height":310},{"@type":"BreadcrumbList","@id":"https:\/\/sandzakpress.net\/arhiva\/crnogorski-katili-tuze-zrtvu-ibrahima-cikica\/#breadcrumb","itemListElement":[{"@type":"ListItem","position":1,"name":"Home","item":"https:\/\/sandzakpress.net\/arhiva\/"},{"@type":"ListItem","position":2,"name":"Crnogorski katili tu\u017ee \u017ertvu Ibrahima \u010ciki\u0107a"}]},{"@type":"WebSite","@id":"https:\/\/sandzakpress.net\/arhiva\/#website","url":"https:\/\/sandzakpress.net\/arhiva\/","name":"Sand\u017eak PRESS","description":"Prve elektronske novine u Sand\u017eaku","publisher":{"@id":"https:\/\/sandzakpress.net\/arhiva\/#\/schema\/person\/6e72b67d6e51910a1117b3b483ba20bd"},"potentialAction":[{"@type":"SearchAction","target":{"@type":"EntryPoint","urlTemplate":"https:\/\/sandzakpress.net\/arhiva\/?s={search_term_string}"},"query-input":{"@type":"PropertyValueSpecification","valueRequired":true,"valueName":"search_term_string"}}],"inLanguage":"bs-BA"},{"@type":["Person","Organization"],"@id":"https:\/\/sandzakpress.net\/arhiva\/#\/schema\/person\/6e72b67d6e51910a1117b3b483ba20bd","name":"Kul","image":{"@type":"ImageObject","inLanguage":"bs-BA","@id":"https:\/\/sandzakpress.net\/arhiva\/#\/schema\/person\/image\/","url":"https:\/\/secure.gravatar.com\/avatar\/42263f39aa27ac04c43cab85c280eb2e?s=96&d=mm&r=pg","contentUrl":"https:\/\/secure.gravatar.com\/avatar\/42263f39aa27ac04c43cab85c280eb2e?s=96&d=mm&r=pg","caption":"Kul"},"logo":{"@id":"https:\/\/sandzakpress.net\/arhiva\/#\/schema\/person\/image\/"}},{"@type":"Person","@id":"https:\/\/sandzakpress.net\/arhiva\/#\/schema\/person\/c8baee722073534b583ea7bdb2e36c02","name":"bosniak","image":{"@type":"ImageObject","inLanguage":"bs-BA","@id":"https:\/\/sandzakpress.net\/arhiva\/#\/schema\/person\/image\/","url":"https:\/\/secure.gravatar.com\/avatar\/a04fd330bfe3a36a72a0ad4a6d89fca7?s=96&d=mm&r=pg","contentUrl":"https:\/\/secure.gravatar.com\/avatar\/a04fd330bfe3a36a72a0ad4a6d89fca7?s=96&d=mm&r=pg","caption":"bosniak"},"url":"https:\/\/sandzakpress.net\/arhiva\/author\/bosniak\/"}]}},"_links":{"self":[{"href":"https:\/\/sandzakpress.net\/arhiva\/wp-json\/wp\/v2\/posts\/11396"}],"collection":[{"href":"https:\/\/sandzakpress.net\/arhiva\/wp-json\/wp\/v2\/posts"}],"about":[{"href":"https:\/\/sandzakpress.net\/arhiva\/wp-json\/wp\/v2\/types\/post"}],"author":[{"embeddable":true,"href":"https:\/\/sandzakpress.net\/arhiva\/wp-json\/wp\/v2\/users\/83"}],"replies":[{"embeddable":true,"href":"https:\/\/sandzakpress.net\/arhiva\/wp-json\/wp\/v2\/comments?post=11396"}],"version-history":[{"count":0,"href":"https:\/\/sandzakpress.net\/arhiva\/wp-json\/wp\/v2\/posts\/11396\/revisions"}],"wp:featuredmedia":[{"embeddable":true,"href":"https:\/\/sandzakpress.net\/arhiva\/wp-json\/wp\/v2\/media\/11397"}],"wp:attachment":[{"href":"https:\/\/sandzakpress.net\/arhiva\/wp-json\/wp\/v2\/media?parent=11396"}],"wp:term":[{"taxonomy":"category","embeddable":true,"href":"https:\/\/sandzakpress.net\/arhiva\/wp-json\/wp\/v2\/categories?post=11396"},{"taxonomy":"post_tag","embeddable":true,"href":"https:\/\/sandzakpress.net\/arhiva\/wp-json\/wp\/v2\/tags?post=11396"}],"curies":[{"name":"wp","href":"https:\/\/api.w.org\/{rel}","templated":true}]}}