{"id":113750,"date":"2014-11-02T15:22:12","date_gmt":"2014-11-02T14:22:12","guid":{"rendered":"https:\/\/sandzakpress.net\/arhiva\/?p=113750"},"modified":"2014-11-02T23:45:13","modified_gmt":"2014-11-02T22:45:13","slug":"ugljaninov-kandidat-za-bnv-sa-birackog-mjesta-novinarskoj-ekipi-pokazao-srednji-prst","status":"publish","type":"post","link":"https:\/\/sandzakpress.net\/arhiva\/ugljaninov-kandidat-za-bnv-sa-birackog-mjesta-novinarskoj-ekipi-pokazao-srednji-prst\/","title":{"rendered":"Ugljaninov kandidat za BNV sa bira\u010dkog mjesta novinskoj ekipi &#8220;pokazao srednji prst&#8221;"},"content":{"rendered":"<p style=\"color: #000000;\"><img loading=\"lazy\" decoding=\"async\" class=\"aligncenter size-full wp-image-113751\" src=\"https:\/\/sandzakpress.net\/arhiva\/wp-content\/uploads\/2014\/11\/vahid-demirovic-616x3861.jpg\" alt=\"vahid-demirovic-616x386\" width=\"616\" height=\"386\" \/><\/p>\n<p style=\"color: #000000;\"><strong>Tutin &#8211; \u010clanovi liste \u201cZa bo\u0161nja\u010dko jedinstvo\u201d dr. Sulejman Ugljanin, pored zabrane pojavljivanja na bira\u010dkim mjestima, grubo kr\u0161e Zakon obilaze\u0107i bira\u010dka mjesta, agituju\u0107i, vr\u0161e\u0107i pritisak na\u00a0bira\u010de.<\/strong><\/p>\n<p style=\"color: #000000;\">Na\u0161i novinari su zabilje\u017eili jedan od takvih slu\u010dajeva, gdje se Vahid Demirovi\u0107, \u010dlan liste Sulejmana Ugljanina pojavio na bira\u010dkom mjestu u Ribari\u0107u, a nakon \u0161to je primijetio da je njegovo prisustvo zabilje\u017eeno od strane na\u0161ih novinara, odgovorio nemoralnim gestom \u2013 podizanjem srednjeg prsta.<\/p>\n<p style=\"color: #000000;\">Kako saznajemo iz izbornog \u0161taba liste \u201cZa Bo\u0161njake, Sand\u017eak i Muftiju\u201d oni ve\u0107 pripremaju krivi\u010dne prijave protiv istih lica, kao i prigovore Republi\u010dkoj izbornoj komisiji (RIK), zbog neregularnosti na bira\u010dkim mjestima.<\/p>\n<p style=\"color: #000000;\">SANA<\/p>\n","protected":false},"excerpt":{"rendered":"<p>Zar se ovako gradi &#8220;bo\u0161nja\u010dko jedinstvo?&#8221;<\/p>\n","protected":false},"author":83,"featured_media":113751,"comment_status":"open","ping_status":"open","sticky":false,"template":"","format":"standard","meta":{"footnotes":""},"categories":[1,327,8957,10429],"tags":[10255,10269],"class_list":{"0":"post-113750","1":"post","2":"type-post","3":"status-publish","4":"format-standard","5":"has-post-thumbnail","7":"category-politika","8":"category-tutin","9":"category-vijesti-dana","10":"category-vazno","11":"tag-sda","12":"tag-sulejman-ugljanin"},"yoast_head":"<!-- This site is optimized with the Yoast SEO Premium plugin v23.1 (Yoast SEO v24.9) - https:\/\/yoast.com\/wordpress\/plugins\/seo\/ -->\n<title>Ugljaninov kandidat za BNV sa bira\u010dkog mjesta novinskoj ekipi &quot;pokazao srednji prst&quot;<\/title>\n<meta name=\"robots\" content=\"index, follow, max-snippet:-1, max-image-preview:large, max-video-preview:-1\" \/>\n<link rel=\"canonical\" href=\"https:\/\/sandzakpress.net\/arhiva\/ugljaninov-kandidat-za-bnv-sa-birackog-mjesta-novinarskoj-ekipi-pokazao-srednji-prst\/\" \/>\n<meta property=\"og:locale\" content=\"bs_BA\" \/>\n<meta property=\"og:type\" content=\"article\" \/>\n<meta property=\"og:title\" content=\"Ugljaninov kandidat za BNV sa bira\u010dkog mjesta novinskoj ekipi &quot;pokazao srednji prst&quot;\" \/>\n<meta property=\"og:description\" content=\"Zar se ovako gradi &quot;bo\u0161nja\u010dko jedinstvo?&quot;\" \/>\n<meta property=\"og:url\" content=\"https:\/\/sandzakpress.net\/arhiva\/ugljaninov-kandidat-za-bnv-sa-birackog-mjesta-novinarskoj-ekipi-pokazao-srednji-prst\/\" \/>\n<meta property=\"og:site_name\" content=\"Sand\u017eak PRESS\" \/>\n<meta property=\"article:published_time\" content=\"2014-11-02T14:22:12+00:00\" \/>\n<meta property=\"article:modified_time\" content=\"2014-11-02T22:45:13+00:00\" \/>\n<meta property=\"og:image\" content=\"https:\/\/sandzakpress.net\/arhiva\/wp-content\/uploads\/2014\/11\/vahid-demirovic-616x3861.jpg\" \/>\n\t<meta property=\"og:image:width\" content=\"616\" \/>\n\t<meta property=\"og:image:height\" content=\"386\" \/>\n\t<meta property=\"og:image:type\" content=\"image\/jpeg\" \/>\n<meta name=\"author\" content=\"bosniak\" \/>\n<meta name=\"twitter:card\" content=\"summary_large_image\" \/>\n<meta name=\"twitter:label1\" content=\"Written by\" \/>\n\t<meta name=\"twitter:data1\" content=\"bosniak\" \/>\n\t<meta name=\"twitter:label2\" content=\"Est. reading time\" \/>\n\t<meta name=\"twitter:data2\" content=\"1 minuta\" \/>\n<script type=\"application\/ld+json\" class=\"yoast-schema-graph\">{\"@context\":\"https:\/\/schema.org\",\"@graph\":[{\"@type\":\"Article\",\"@id\":\"https:\/\/sandzakpress.net\/arhiva\/ugljaninov-kandidat-za-bnv-sa-birackog-mjesta-novinarskoj-ekipi-pokazao-srednji-prst\/#article\",\"isPartOf\":{\"@id\":\"https:\/\/sandzakpress.net\/arhiva\/ugljaninov-kandidat-za-bnv-sa-birackog-mjesta-novinarskoj-ekipi-pokazao-srednji-prst\/\"},\"author\":{\"name\":\"bosniak\",\"@id\":\"https:\/\/sandzakpress.net\/arhiva\/#\/schema\/person\/c8baee722073534b583ea7bdb2e36c02\"},\"headline\":\"Ugljaninov kandidat za BNV sa bira\u010dkog mjesta novinskoj ekipi &#8220;pokazao srednji prst&#8221;\",\"datePublished\":\"2014-11-02T14:22:12+00:00\",\"dateModified\":\"2014-11-02T22:45:13+00:00\",\"mainEntityOfPage\":{\"@id\":\"https:\/\/sandzakpress.net\/arhiva\/ugljaninov-kandidat-za-bnv-sa-birackog-mjesta-novinarskoj-ekipi-pokazao-srednji-prst\/\"},\"wordCount\":136,\"commentCount\":45,\"publisher\":{\"@id\":\"https:\/\/sandzakpress.net\/arhiva\/#\/schema\/person\/6e72b67d6e51910a1117b3b483ba20bd\"},\"image\":{\"@id\":\"https:\/\/sandzakpress.net\/arhiva\/ugljaninov-kandidat-za-bnv-sa-birackog-mjesta-novinarskoj-ekipi-pokazao-srednji-prst\/#primaryimage\"},\"thumbnailUrl\":\"https:\/\/sandzakpress.net\/arhiva\/wp-content\/uploads\/2014\/11\/vahid-demirovic-616x3861.jpg\",\"keywords\":[\"SDA\",\"Sulejman Ugljanin\"],\"articleSection\":[\"Politika\",\"Tutin\",\"VIJESTI DANA\",\"VA\u017dNO!\"],\"inLanguage\":\"bs-BA\",\"potentialAction\":[{\"@type\":\"CommentAction\",\"name\":\"Comment\",\"target\":[\"https:\/\/sandzakpress.net\/arhiva\/ugljaninov-kandidat-za-bnv-sa-birackog-mjesta-novinarskoj-ekipi-pokazao-srednji-prst\/#respond\"]}]},{\"@type\":\"WebPage\",\"@id\":\"https:\/\/sandzakpress.net\/arhiva\/ugljaninov-kandidat-za-bnv-sa-birackog-mjesta-novinarskoj-ekipi-pokazao-srednji-prst\/\",\"url\":\"https:\/\/sandzakpress.net\/arhiva\/ugljaninov-kandidat-za-bnv-sa-birackog-mjesta-novinarskoj-ekipi-pokazao-srednji-prst\/\",\"name\":\"Ugljaninov kandidat za BNV sa bira\u010dkog mjesta novinskoj ekipi \\\"pokazao srednji prst\\\"\",\"isPartOf\":{\"@id\":\"https:\/\/sandzakpress.net\/arhiva\/#website\"},\"primaryImageOfPage\":{\"@id\":\"https:\/\/sandzakpress.net\/arhiva\/ugljaninov-kandidat-za-bnv-sa-birackog-mjesta-novinarskoj-ekipi-pokazao-srednji-prst\/#primaryimage\"},\"image\":{\"@id\":\"https:\/\/sandzakpress.net\/arhiva\/ugljaninov-kandidat-za-bnv-sa-birackog-mjesta-novinarskoj-ekipi-pokazao-srednji-prst\/#primaryimage\"},\"thumbnailUrl\":\"https:\/\/sandzakpress.net\/arhiva\/wp-content\/uploads\/2014\/11\/vahid-demirovic-616x3861.jpg\",\"datePublished\":\"2014-11-02T14:22:12+00:00\",\"dateModified\":\"2014-11-02T22:45:13+00:00\",\"breadcrumb\":{\"@id\":\"https:\/\/sandzakpress.net\/arhiva\/ugljaninov-kandidat-za-bnv-sa-birackog-mjesta-novinarskoj-ekipi-pokazao-srednji-prst\/#breadcrumb\"},\"inLanguage\":\"bs-BA\",\"potentialAction\":[{\"@type\":\"ReadAction\",\"target\":[\"https:\/\/sandzakpress.net\/arhiva\/ugljaninov-kandidat-za-bnv-sa-birackog-mjesta-novinarskoj-ekipi-pokazao-srednji-prst\/\"]}]},{\"@type\":\"ImageObject\",\"inLanguage\":\"bs-BA\",\"@id\":\"https:\/\/sandzakpress.net\/arhiva\/ugljaninov-kandidat-za-bnv-sa-birackog-mjesta-novinarskoj-ekipi-pokazao-srednji-prst\/#primaryimage\",\"url\":\"https:\/\/sandzakpress.net\/arhiva\/wp-content\/uploads\/2014\/11\/vahid-demirovic-616x3861.jpg\",\"contentUrl\":\"https:\/\/sandzakpress.net\/arhiva\/wp-content\/uploads\/2014\/11\/vahid-demirovic-616x3861.jpg\",\"width\":616,\"height\":386},{\"@type\":\"BreadcrumbList\",\"@id\":\"https:\/\/sandzakpress.net\/arhiva\/ugljaninov-kandidat-za-bnv-sa-birackog-mjesta-novinarskoj-ekipi-pokazao-srednji-prst\/#breadcrumb\",\"itemListElement\":[{\"@type\":\"ListItem\",\"position\":1,\"name\":\"Home\",\"item\":\"https:\/\/sandzakpress.net\/arhiva\/\"},{\"@type\":\"ListItem\",\"position\":2,\"name\":\"Ugljaninov kandidat za BNV sa bira\u010dkog mjesta novinskoj ekipi &#8220;pokazao srednji prst&#8221;\"}]},{\"@type\":\"WebSite\",\"@id\":\"https:\/\/sandzakpress.net\/arhiva\/#website\",\"url\":\"https:\/\/sandzakpress.net\/arhiva\/\",\"name\":\"Sand\u017eak PRESS\",\"description\":\"Prve elektronske novine u Sand\u017eaku\",\"publisher\":{\"@id\":\"https:\/\/sandzakpress.net\/arhiva\/#\/schema\/person\/6e72b67d6e51910a1117b3b483ba20bd\"},\"potentialAction\":[{\"@type\":\"SearchAction\",\"target\":{\"@type\":\"EntryPoint\",\"urlTemplate\":\"https:\/\/sandzakpress.net\/arhiva\/?s={search_term_string}\"},\"query-input\":{\"@type\":\"PropertyValueSpecification\",\"valueRequired\":true,\"valueName\":\"search_term_string\"}}],\"inLanguage\":\"bs-BA\"},{\"@type\":[\"Person\",\"Organization\"],\"@id\":\"https:\/\/sandzakpress.net\/arhiva\/#\/schema\/person\/6e72b67d6e51910a1117b3b483ba20bd\",\"name\":\"Kul\",\"image\":{\"@type\":\"ImageObject\",\"inLanguage\":\"bs-BA\",\"@id\":\"https:\/\/sandzakpress.net\/arhiva\/#\/schema\/person\/image\/\",\"url\":\"https:\/\/secure.gravatar.com\/avatar\/42263f39aa27ac04c43cab85c280eb2e?s=96&d=mm&r=pg\",\"contentUrl\":\"https:\/\/secure.gravatar.com\/avatar\/42263f39aa27ac04c43cab85c280eb2e?s=96&d=mm&r=pg\",\"caption\":\"Kul\"},\"logo\":{\"@id\":\"https:\/\/sandzakpress.net\/arhiva\/#\/schema\/person\/image\/\"}},{\"@type\":\"Person\",\"@id\":\"https:\/\/sandzakpress.net\/arhiva\/#\/schema\/person\/c8baee722073534b583ea7bdb2e36c02\",\"name\":\"bosniak\",\"image\":{\"@type\":\"ImageObject\",\"inLanguage\":\"bs-BA\",\"@id\":\"https:\/\/sandzakpress.net\/arhiva\/#\/schema\/person\/image\/\",\"url\":\"https:\/\/secure.gravatar.com\/avatar\/a04fd330bfe3a36a72a0ad4a6d89fca7?s=96&d=mm&r=pg\",\"contentUrl\":\"https:\/\/secure.gravatar.com\/avatar\/a04fd330bfe3a36a72a0ad4a6d89fca7?s=96&d=mm&r=pg\",\"caption\":\"bosniak\"},\"url\":\"https:\/\/sandzakpress.net\/arhiva\/author\/bosniak\/\"}]}<\/script>\n<!-- \/ Yoast SEO Premium plugin. -->","yoast_head_json":{"title":"Ugljaninov kandidat za BNV sa bira\u010dkog mjesta novinskoj ekipi \"pokazao srednji prst\"","robots":{"index":"index","follow":"follow","max-snippet":"max-snippet:-1","max-image-preview":"max-image-preview:large","max-video-preview":"max-video-preview:-1"},"canonical":"https:\/\/sandzakpress.net\/arhiva\/ugljaninov-kandidat-za-bnv-sa-birackog-mjesta-novinarskoj-ekipi-pokazao-srednji-prst\/","og_locale":"bs_BA","og_type":"article","og_title":"Ugljaninov kandidat za BNV sa bira\u010dkog mjesta novinskoj ekipi \"pokazao srednji prst\"","og_description":"Zar se ovako gradi \"bo\u0161nja\u010dko jedinstvo?\"","og_url":"https:\/\/sandzakpress.net\/arhiva\/ugljaninov-kandidat-za-bnv-sa-birackog-mjesta-novinarskoj-ekipi-pokazao-srednji-prst\/","og_site_name":"Sand\u017eak PRESS","article_published_time":"2014-11-02T14:22:12+00:00","article_modified_time":"2014-11-02T22:45:13+00:00","og_image":[{"width":616,"height":386,"url":"https:\/\/sandzakpress.net\/arhiva\/wp-content\/uploads\/2014\/11\/vahid-demirovic-616x3861.jpg","type":"image\/jpeg"}],"author":"bosniak","twitter_card":"summary_large_image","twitter_misc":{"Written by":"bosniak","Est. reading time":"1 minuta"},"schema":{"@context":"https:\/\/schema.org","@graph":[{"@type":"Article","@id":"https:\/\/sandzakpress.net\/arhiva\/ugljaninov-kandidat-za-bnv-sa-birackog-mjesta-novinarskoj-ekipi-pokazao-srednji-prst\/#article","isPartOf":{"@id":"https:\/\/sandzakpress.net\/arhiva\/ugljaninov-kandidat-za-bnv-sa-birackog-mjesta-novinarskoj-ekipi-pokazao-srednji-prst\/"},"author":{"name":"bosniak","@id":"https:\/\/sandzakpress.net\/arhiva\/#\/schema\/person\/c8baee722073534b583ea7bdb2e36c02"},"headline":"Ugljaninov kandidat za BNV sa bira\u010dkog mjesta novinskoj ekipi &#8220;pokazao srednji prst&#8221;","datePublished":"2014-11-02T14:22:12+00:00","dateModified":"2014-11-02T22:45:13+00:00","mainEntityOfPage":{"@id":"https:\/\/sandzakpress.net\/arhiva\/ugljaninov-kandidat-za-bnv-sa-birackog-mjesta-novinarskoj-ekipi-pokazao-srednji-prst\/"},"wordCount":136,"commentCount":45,"publisher":{"@id":"https:\/\/sandzakpress.net\/arhiva\/#\/schema\/person\/6e72b67d6e51910a1117b3b483ba20bd"},"image":{"@id":"https:\/\/sandzakpress.net\/arhiva\/ugljaninov-kandidat-za-bnv-sa-birackog-mjesta-novinarskoj-ekipi-pokazao-srednji-prst\/#primaryimage"},"thumbnailUrl":"https:\/\/sandzakpress.net\/arhiva\/wp-content\/uploads\/2014\/11\/vahid-demirovic-616x3861.jpg","keywords":["SDA","Sulejman Ugljanin"],"articleSection":["Politika","Tutin","VIJESTI DANA","VA\u017dNO!"],"inLanguage":"bs-BA","potentialAction":[{"@type":"CommentAction","name":"Comment","target":["https:\/\/sandzakpress.net\/arhiva\/ugljaninov-kandidat-za-bnv-sa-birackog-mjesta-novinarskoj-ekipi-pokazao-srednji-prst\/#respond"]}]},{"@type":"WebPage","@id":"https:\/\/sandzakpress.net\/arhiva\/ugljaninov-kandidat-za-bnv-sa-birackog-mjesta-novinarskoj-ekipi-pokazao-srednji-prst\/","url":"https:\/\/sandzakpress.net\/arhiva\/ugljaninov-kandidat-za-bnv-sa-birackog-mjesta-novinarskoj-ekipi-pokazao-srednji-prst\/","name":"Ugljaninov kandidat za BNV sa bira\u010dkog mjesta novinskoj ekipi \"pokazao srednji prst\"","isPartOf":{"@id":"https:\/\/sandzakpress.net\/arhiva\/#website"},"primaryImageOfPage":{"@id":"https:\/\/sandzakpress.net\/arhiva\/ugljaninov-kandidat-za-bnv-sa-birackog-mjesta-novinarskoj-ekipi-pokazao-srednji-prst\/#primaryimage"},"image":{"@id":"https:\/\/sandzakpress.net\/arhiva\/ugljaninov-kandidat-za-bnv-sa-birackog-mjesta-novinarskoj-ekipi-pokazao-srednji-prst\/#primaryimage"},"thumbnailUrl":"https:\/\/sandzakpress.net\/arhiva\/wp-content\/uploads\/2014\/11\/vahid-demirovic-616x3861.jpg","datePublished":"2014-11-02T14:22:12+00:00","dateModified":"2014-11-02T22:45:13+00:00","breadcrumb":{"@id":"https:\/\/sandzakpress.net\/arhiva\/ugljaninov-kandidat-za-bnv-sa-birackog-mjesta-novinarskoj-ekipi-pokazao-srednji-prst\/#breadcrumb"},"inLanguage":"bs-BA","potentialAction":[{"@type":"ReadAction","target":["https:\/\/sandzakpress.net\/arhiva\/ugljaninov-kandidat-za-bnv-sa-birackog-mjesta-novinarskoj-ekipi-pokazao-srednji-prst\/"]}]},{"@type":"ImageObject","inLanguage":"bs-BA","@id":"https:\/\/sandzakpress.net\/arhiva\/ugljaninov-kandidat-za-bnv-sa-birackog-mjesta-novinarskoj-ekipi-pokazao-srednji-prst\/#primaryimage","url":"https:\/\/sandzakpress.net\/arhiva\/wp-content\/uploads\/2014\/11\/vahid-demirovic-616x3861.jpg","contentUrl":"https:\/\/sandzakpress.net\/arhiva\/wp-content\/uploads\/2014\/11\/vahid-demirovic-616x3861.jpg","width":616,"height":386},{"@type":"BreadcrumbList","@id":"https:\/\/sandzakpress.net\/arhiva\/ugljaninov-kandidat-za-bnv-sa-birackog-mjesta-novinarskoj-ekipi-pokazao-srednji-prst\/#breadcrumb","itemListElement":[{"@type":"ListItem","position":1,"name":"Home","item":"https:\/\/sandzakpress.net\/arhiva\/"},{"@type":"ListItem","position":2,"name":"Ugljaninov kandidat za BNV sa bira\u010dkog mjesta novinskoj ekipi &#8220;pokazao srednji prst&#8221;"}]},{"@type":"WebSite","@id":"https:\/\/sandzakpress.net\/arhiva\/#website","url":"https:\/\/sandzakpress.net\/arhiva\/","name":"Sand\u017eak PRESS","description":"Prve elektronske novine u Sand\u017eaku","publisher":{"@id":"https:\/\/sandzakpress.net\/arhiva\/#\/schema\/person\/6e72b67d6e51910a1117b3b483ba20bd"},"potentialAction":[{"@type":"SearchAction","target":{"@type":"EntryPoint","urlTemplate":"https:\/\/sandzakpress.net\/arhiva\/?s={search_term_string}"},"query-input":{"@type":"PropertyValueSpecification","valueRequired":true,"valueName":"search_term_string"}}],"inLanguage":"bs-BA"},{"@type":["Person","Organization"],"@id":"https:\/\/sandzakpress.net\/arhiva\/#\/schema\/person\/6e72b67d6e51910a1117b3b483ba20bd","name":"Kul","image":{"@type":"ImageObject","inLanguage":"bs-BA","@id":"https:\/\/sandzakpress.net\/arhiva\/#\/schema\/person\/image\/","url":"https:\/\/secure.gravatar.com\/avatar\/42263f39aa27ac04c43cab85c280eb2e?s=96&d=mm&r=pg","contentUrl":"https:\/\/secure.gravatar.com\/avatar\/42263f39aa27ac04c43cab85c280eb2e?s=96&d=mm&r=pg","caption":"Kul"},"logo":{"@id":"https:\/\/sandzakpress.net\/arhiva\/#\/schema\/person\/image\/"}},{"@type":"Person","@id":"https:\/\/sandzakpress.net\/arhiva\/#\/schema\/person\/c8baee722073534b583ea7bdb2e36c02","name":"bosniak","image":{"@type":"ImageObject","inLanguage":"bs-BA","@id":"https:\/\/sandzakpress.net\/arhiva\/#\/schema\/person\/image\/","url":"https:\/\/secure.gravatar.com\/avatar\/a04fd330bfe3a36a72a0ad4a6d89fca7?s=96&d=mm&r=pg","contentUrl":"https:\/\/secure.gravatar.com\/avatar\/a04fd330bfe3a36a72a0ad4a6d89fca7?s=96&d=mm&r=pg","caption":"bosniak"},"url":"https:\/\/sandzakpress.net\/arhiva\/author\/bosniak\/"}]}},"_links":{"self":[{"href":"https:\/\/sandzakpress.net\/arhiva\/wp-json\/wp\/v2\/posts\/113750"}],"collection":[{"href":"https:\/\/sandzakpress.net\/arhiva\/wp-json\/wp\/v2\/posts"}],"about":[{"href":"https:\/\/sandzakpress.net\/arhiva\/wp-json\/wp\/v2\/types\/post"}],"author":[{"embeddable":true,"href":"https:\/\/sandzakpress.net\/arhiva\/wp-json\/wp\/v2\/users\/83"}],"replies":[{"embeddable":true,"href":"https:\/\/sandzakpress.net\/arhiva\/wp-json\/wp\/v2\/comments?post=113750"}],"version-history":[{"count":0,"href":"https:\/\/sandzakpress.net\/arhiva\/wp-json\/wp\/v2\/posts\/113750\/revisions"}],"wp:featuredmedia":[{"embeddable":true,"href":"https:\/\/sandzakpress.net\/arhiva\/wp-json\/wp\/v2\/media\/113751"}],"wp:attachment":[{"href":"https:\/\/sandzakpress.net\/arhiva\/wp-json\/wp\/v2\/media?parent=113750"}],"wp:term":[{"taxonomy":"category","embeddable":true,"href":"https:\/\/sandzakpress.net\/arhiva\/wp-json\/wp\/v2\/categories?post=113750"},{"taxonomy":"post_tag","embeddable":true,"href":"https:\/\/sandzakpress.net\/arhiva\/wp-json\/wp\/v2\/tags?post=113750"}],"curies":[{"name":"wp","href":"https:\/\/api.w.org\/{rel}","templated":true}]}}