{"id":113693,"date":"2014-11-01T11:32:04","date_gmt":"2014-11-01T10:32:04","guid":{"rendered":"https:\/\/sandzakpress.net\/arhiva\/?p=113693"},"modified":"2014-11-01T11:32:04","modified_gmt":"2014-11-01T10:32:04","slug":"celnici-islamskih-zajednica-s-balkana-osuduju-idis","status":"publish","type":"post","link":"https:\/\/sandzakpress.net\/arhiva\/celnici-islamskih-zajednica-s-balkana-osuduju-idis\/","title":{"rendered":"\u010celnici islamskih zajednica s Balkana osu\u0111uju IDI\u0160"},"content":{"rendered":"<p><img decoding=\"async\" src=\"http:\/\/balkans.aljazeera.net\/sites\/staff.balkans.aljazeera.com\/files\/styles\/aljazeera_article_main_image\/public\/h_01255405.jpg?itok=ESi2clWy\" alt=\"Sarajevo, Pri\u0161tina, Zagreb, Podgorica, Beograd, ISIL, IZ, Islamska zajednica, Osuda\" \/><\/p>\n<p><strong>Balkan &#8211; \u010celnici muslimanskih vjerskih zajednica u zemljama Balkana, u povodu sve masovnijih napada i nasilja pripadnika grupe Islamska dr\u017eava Irak i Levant, poru\u010dili su kako ISIL ne predstavlja islam te da se muslimani moraju distancirati od takvih i sli\u010dnih ekstremnih organizacija.<br \/>\n<\/strong><br \/>\nReisu-l-ulema Islamske zajednice u Bosni i Hercegovini Husein ef. Kavazovi\u0107, u vezi sa djelovanjem ISIL-a u Iraku i Siriji, u ranijem saop\u0107enju najo\u0161trije je osudio takva zlodjela, navodi agencija Anadolija.<\/p>\n<p>Poru\u010dio je da obzirom na \u010dinjenicu da su muslimani u BiH i sami bili predmet nepravednog ubijanja, imaju moralnu i vjersku obavezu da iskazuju posebnu osjetljivost na ubijanje i zlostavljanje nevinih ljudi.<\/p>\n<p>Kosovski muftija Naim Ternava u razgovoru za Anadoliju je tako\u0111er kazao da je Islamska zajednica Kosova protiv odlaska muslimanskih vjernika na rati\u0161ta u Siriji i Iraku i protiv ubijanja.<\/p>\n<p>&#8216;Nesavjesni i neodgovorni&#8217;<\/p>\n<p>Podsjetio je kako je Islamska zajednica Kosova jasno poru\u010dila svojim vjernicima da ne treba da idu na strana rati\u0161ta i bore se u jedinicama ISIL-a.<\/p>\n<p>&#8220;D\u017eamija je javno mjesto. Predavanja imama su javna i mnoga od tih predavanja mogli ste da poslu\u0161ate putem razli\u010ditih socijalnih mre\u017ea i Youtube-a. U tim predavanjima, kod ni kod jednog imama, nije bilo slu\u010dajeva da su oni javno nekog pozivali na terorizam ili odlazak u Siriju ili Irak\u201d, ka\u017ee prvi \u010dovjek Islamske zajednice Kosova.<\/p>\n<p>Naglasio je da su \u201coni koji pozivaju u takozvani ISIL i da se ratuje u Siriji, ludi, neznalice i oni su neprijatelji Boga\u201d.<\/p>\n<p>Muftija zagreba\u010dki Aziz ef. Hasanovi\u0107 u svojim hutbama \u010desto upozorava vjernike na opasnost iskrivljenog tuma\u010denja Kur'ana od ekstremisti\u010dkih grupa kao \u0161to je ISIL. Povodom nedavnih doga\u0111anja u Iraku, muftija je istupio u nekoliko doma\u0107ih medija o\u0161tro osudiv\u0161i zlo\u010dine ISIL-a po\u010dinjene u ime vjere.<\/p>\n<p>Muftija je izjavio kako ekstremne grupe unutar muslimanskoga svijeta, poput ISIL-a, sebi uzimaju za pravo da su jedini pravi tuma\u010di Kur'ana te jedini pravi nasljednici hilafeta i halifa. Nazvao ih je nesavjesnim i neodgovornim, izvijestila je agencija Anadolija.<\/p>\n<p>\u201cDana\u0161nji hilafet kako ga promovira skupina u Iraku zaista je ruglo za sve muslimane. Svaki musliman koji razumijeva islam i islamsko u\u010denje zasigurno \u0107e biti posramljen nad tim \u0161to rade u uspostavi hilafeta koji nema nikakve veze niti s hilafetom niti sa islamom. Moramo se prisjetiti, prve zajednice ili dr\u017eave muslimana u njoj su \u017eivjeli i kr\u0161\u0107ani i \u017didovi i nikome nije pala dlaka s glave\u201c, rekao je muftija zagreba\u010dki.<\/p>\n<p>Skrnavljenje vjere<\/p>\n<p>Muftija Hasanovi\u0107 je poru\u010dio da niko nema pravo prisiljavati bilo koga na vjeru, protjerivati ga ili ubijati poradi toga \u0161to pripada drugoj vjeri.<\/p>\n<p>\u201cApeliram na sve koji mogu pomo\u0107i da se zaustavi ubijanje nevinih i nedu\u017enih ljudi jer Kur'an jasno govori: &#8216;Tko ubije jednoga, kao da je ubio cijeli svijet. Tko spasi jednoga, kao da je spasio cijeli svijet'\u201d, rekao je muftija kojega posebno zabrinjava razdor i potpirivanje sukoba izme\u0111u \u0161iita i sunita.<\/p>\n<p>Reis Islamske zajednice u Crnoj Gori Rifat ef. Fejzi\u0107 u vezi sa nasiljem ISIL-a istakao je da organizacija koja sebe naziva Islamska dr\u017eava upropa\u0161tava i skrnavi vjeru islam svojim postupcima. On je u izjavi za Anadoliju poru\u010dio da ga brine sve ve\u0107a pojava islamofobije, i smatra da terorizam ne treba dovoditi u vezu sa islamom.<\/p>\n<p>\u201cTo \u0161to neko organizaciju ISIL zove Islamska dr\u017eava ja ne prihvatam. To je ruglo od dr\u017eave, to je jedna banda koja sije strah, \u010dini nedjela. Oni su najvi\u0161e nedjela u\u010dinili prema muslimanima, oni su najvi\u0161e pobili muslimana, iako je najvi\u0161e odjeka imalo pogubljenje novinara. Naravno, osu\u0111ujem svako ubistvo koje se tamo desilo. To je za svaku osudu\u201c, isti\u010de reis Fejzi\u0107.<\/p>\n<p>Poglavar Islamske zajednice Makedonije Sulejman Rexhepi je isto tako osudio nasilje koje vr\u0161i ISIL napominju\u0107i da napadi pomenute teroristi\u010dke organizacije pove\u0107avaju islamofobiju i strah od muslimana i islama.<\/p>\n<p>&#8220;Ne bi trebali svi muslimani da trpe zbog napada ISIL-a. Neki krugovi \u017eele da ocrne islam i da ugroze mir, toleranciju i su\u017eivot i na Balkanu\u201d, poru\u010dio je Rexhepi.<\/p>\n<p>(anadolija)<\/p>\n","protected":false},"excerpt":{"rendered":"<p>Balkan &#8211; \u010celnici muslimanskih vjerskih zajednica u zemljama Balkana, u povodu sve masovnijih napada i nasilja pripadnika grupe Islamska dr\u017eava Irak i Levant, poru\u010dili su kako ISIL ne predstavlja islam te da se muslimani moraju distancirati od takvih i sli\u010dnih ekstremnih organizacija. Reisu-l-ulema Islamske zajednice u Bosni i Hercegovini Husein ef. Kavazovi\u0107, u vezi sa [&hellip;]<\/p>\n","protected":false},"author":83,"featured_media":113694,"comment_status":"open","ping_status":"open","sticky":false,"template":"","format":"standard","meta":{"footnotes":""},"categories":[2860,2690,10308,2691,802,10306,798,10304],"tags":[],"class_list":{"0":"post-113693","1":"post","2":"type-post","3":"status-publish","4":"format-standard","5":"has-post-thumbnail","7":"category-bosna-i-hercegovina-gradovi","8":"category-kosovo-gradovi","9":"category-crna-gora","10":"category-makedonija","11":"category-islamska_zajednica","12":"category-hrvatska","13":"category-teme","14":"category-balkan"},"yoast_head":"<!-- This site is optimized with the Yoast SEO Premium plugin v23.1 (Yoast SEO v24.9) - https:\/\/yoast.com\/wordpress\/plugins\/seo\/ -->\n<title>\u010celnici islamskih zajednica s Balkana osu\u0111uju IDI\u0160<\/title>\n<meta name=\"robots\" content=\"index, follow, max-snippet:-1, max-image-preview:large, max-video-preview:-1\" \/>\n<link rel=\"canonical\" href=\"https:\/\/sandzakpress.net\/arhiva\/celnici-islamskih-zajednica-s-balkana-osuduju-idis\/\" \/>\n<meta property=\"og:locale\" content=\"bs_BA\" \/>\n<meta property=\"og:type\" content=\"article\" \/>\n<meta property=\"og:title\" content=\"\u010celnici islamskih zajednica s Balkana osu\u0111uju IDI\u0160\" \/>\n<meta property=\"og:description\" content=\"Balkan &#8211; \u010celnici muslimanskih vjerskih zajednica u zemljama Balkana, u povodu sve masovnijih napada i nasilja pripadnika grupe Islamska dr\u017eava Irak i Levant, poru\u010dili su kako ISIL ne predstavlja islam te da se muslimani moraju distancirati od takvih i sli\u010dnih ekstremnih organizacija. Reisu-l-ulema Islamske zajednice u Bosni i Hercegovini Husein ef. Kavazovi\u0107, u vezi sa [&hellip;]\" \/>\n<meta property=\"og:url\" content=\"https:\/\/sandzakpress.net\/arhiva\/celnici-islamskih-zajednica-s-balkana-osuduju-idis\/\" \/>\n<meta property=\"og:site_name\" content=\"Sand\u017eak PRESS\" \/>\n<meta property=\"article:published_time\" content=\"2014-11-01T10:32:04+00:00\" \/>\n<meta property=\"og:image\" content=\"https:\/\/sandzakpress.net\/arhiva\/wp-content\/uploads\/2014\/11\/h_01255405.jpg\" \/>\n\t<meta property=\"og:image:width\" content=\"900\" \/>\n\t<meta property=\"og:image:height\" content=\"545\" \/>\n\t<meta property=\"og:image:type\" content=\"image\/jpeg\" \/>\n<meta name=\"author\" content=\"bosniak\" \/>\n<meta name=\"twitter:card\" content=\"summary_large_image\" \/>\n<meta name=\"twitter:label1\" content=\"Written by\" \/>\n\t<meta name=\"twitter:data1\" content=\"bosniak\" \/>\n\t<meta name=\"twitter:label2\" content=\"Est. reading time\" \/>\n\t<meta name=\"twitter:data2\" content=\"3 minute\" \/>\n<script type=\"application\/ld+json\" class=\"yoast-schema-graph\">{\"@context\":\"https:\/\/schema.org\",\"@graph\":[{\"@type\":\"Article\",\"@id\":\"https:\/\/sandzakpress.net\/arhiva\/celnici-islamskih-zajednica-s-balkana-osuduju-idis\/#article\",\"isPartOf\":{\"@id\":\"https:\/\/sandzakpress.net\/arhiva\/celnici-islamskih-zajednica-s-balkana-osuduju-idis\/\"},\"author\":{\"name\":\"bosniak\",\"@id\":\"https:\/\/sandzakpress.net\/arhiva\/#\/schema\/person\/c8baee722073534b583ea7bdb2e36c02\"},\"headline\":\"\u010celnici islamskih zajednica s Balkana osu\u0111uju IDI\u0160\",\"datePublished\":\"2014-11-01T10:32:04+00:00\",\"mainEntityOfPage\":{\"@id\":\"https:\/\/sandzakpress.net\/arhiva\/celnici-islamskih-zajednica-s-balkana-osuduju-idis\/\"},\"wordCount\":701,\"commentCount\":5,\"publisher\":{\"@id\":\"https:\/\/sandzakpress.net\/arhiva\/#\/schema\/person\/6e72b67d6e51910a1117b3b483ba20bd\"},\"image\":{\"@id\":\"https:\/\/sandzakpress.net\/arhiva\/celnici-islamskih-zajednica-s-balkana-osuduju-idis\/#primaryimage\"},\"thumbnailUrl\":\"https:\/\/sandzakpress.net\/arhiva\/wp-content\/uploads\/2014\/11\/h_01255405.jpg\",\"articleSection\":[\"Bosna i Hercegovina\",\"Kosovo\",\"Crna Gora\",\"Makedonija\",\"Islamska zajednica\",\"Hrvatska\",\"NAJNOVIJE\",\"Balkan\"],\"inLanguage\":\"bs-BA\",\"potentialAction\":[{\"@type\":\"CommentAction\",\"name\":\"Comment\",\"target\":[\"https:\/\/sandzakpress.net\/arhiva\/celnici-islamskih-zajednica-s-balkana-osuduju-idis\/#respond\"]}]},{\"@type\":\"WebPage\",\"@id\":\"https:\/\/sandzakpress.net\/arhiva\/celnici-islamskih-zajednica-s-balkana-osuduju-idis\/\",\"url\":\"https:\/\/sandzakpress.net\/arhiva\/celnici-islamskih-zajednica-s-balkana-osuduju-idis\/\",\"name\":\"\u010celnici islamskih zajednica s Balkana osu\u0111uju IDI\u0160\",\"isPartOf\":{\"@id\":\"https:\/\/sandzakpress.net\/arhiva\/#website\"},\"primaryImageOfPage\":{\"@id\":\"https:\/\/sandzakpress.net\/arhiva\/celnici-islamskih-zajednica-s-balkana-osuduju-idis\/#primaryimage\"},\"image\":{\"@id\":\"https:\/\/sandzakpress.net\/arhiva\/celnici-islamskih-zajednica-s-balkana-osuduju-idis\/#primaryimage\"},\"thumbnailUrl\":\"https:\/\/sandzakpress.net\/arhiva\/wp-content\/uploads\/2014\/11\/h_01255405.jpg\",\"datePublished\":\"2014-11-01T10:32:04+00:00\",\"breadcrumb\":{\"@id\":\"https:\/\/sandzakpress.net\/arhiva\/celnici-islamskih-zajednica-s-balkana-osuduju-idis\/#breadcrumb\"},\"inLanguage\":\"bs-BA\",\"potentialAction\":[{\"@type\":\"ReadAction\",\"target\":[\"https:\/\/sandzakpress.net\/arhiva\/celnici-islamskih-zajednica-s-balkana-osuduju-idis\/\"]}]},{\"@type\":\"ImageObject\",\"inLanguage\":\"bs-BA\",\"@id\":\"https:\/\/sandzakpress.net\/arhiva\/celnici-islamskih-zajednica-s-balkana-osuduju-idis\/#primaryimage\",\"url\":\"https:\/\/sandzakpress.net\/arhiva\/wp-content\/uploads\/2014\/11\/h_01255405.jpg\",\"contentUrl\":\"https:\/\/sandzakpress.net\/arhiva\/wp-content\/uploads\/2014\/11\/h_01255405.jpg\",\"width\":900,\"height\":545},{\"@type\":\"BreadcrumbList\",\"@id\":\"https:\/\/sandzakpress.net\/arhiva\/celnici-islamskih-zajednica-s-balkana-osuduju-idis\/#breadcrumb\",\"itemListElement\":[{\"@type\":\"ListItem\",\"position\":1,\"name\":\"Home\",\"item\":\"https:\/\/sandzakpress.net\/arhiva\/\"},{\"@type\":\"ListItem\",\"position\":2,\"name\":\"\u010celnici islamskih zajednica s Balkana osu\u0111uju IDI\u0160\"}]},{\"@type\":\"WebSite\",\"@id\":\"https:\/\/sandzakpress.net\/arhiva\/#website\",\"url\":\"https:\/\/sandzakpress.net\/arhiva\/\",\"name\":\"Sand\u017eak PRESS\",\"description\":\"Prve elektronske novine u Sand\u017eaku\",\"publisher\":{\"@id\":\"https:\/\/sandzakpress.net\/arhiva\/#\/schema\/person\/6e72b67d6e51910a1117b3b483ba20bd\"},\"potentialAction\":[{\"@type\":\"SearchAction\",\"target\":{\"@type\":\"EntryPoint\",\"urlTemplate\":\"https:\/\/sandzakpress.net\/arhiva\/?s={search_term_string}\"},\"query-input\":{\"@type\":\"PropertyValueSpecification\",\"valueRequired\":true,\"valueName\":\"search_term_string\"}}],\"inLanguage\":\"bs-BA\"},{\"@type\":[\"Person\",\"Organization\"],\"@id\":\"https:\/\/sandzakpress.net\/arhiva\/#\/schema\/person\/6e72b67d6e51910a1117b3b483ba20bd\",\"name\":\"Kul\",\"image\":{\"@type\":\"ImageObject\",\"inLanguage\":\"bs-BA\",\"@id\":\"https:\/\/sandzakpress.net\/arhiva\/#\/schema\/person\/image\/\",\"url\":\"https:\/\/secure.gravatar.com\/avatar\/42263f39aa27ac04c43cab85c280eb2e?s=96&d=mm&r=pg\",\"contentUrl\":\"https:\/\/secure.gravatar.com\/avatar\/42263f39aa27ac04c43cab85c280eb2e?s=96&d=mm&r=pg\",\"caption\":\"Kul\"},\"logo\":{\"@id\":\"https:\/\/sandzakpress.net\/arhiva\/#\/schema\/person\/image\/\"}},{\"@type\":\"Person\",\"@id\":\"https:\/\/sandzakpress.net\/arhiva\/#\/schema\/person\/c8baee722073534b583ea7bdb2e36c02\",\"name\":\"bosniak\",\"image\":{\"@type\":\"ImageObject\",\"inLanguage\":\"bs-BA\",\"@id\":\"https:\/\/sandzakpress.net\/arhiva\/#\/schema\/person\/image\/\",\"url\":\"https:\/\/secure.gravatar.com\/avatar\/a04fd330bfe3a36a72a0ad4a6d89fca7?s=96&d=mm&r=pg\",\"contentUrl\":\"https:\/\/secure.gravatar.com\/avatar\/a04fd330bfe3a36a72a0ad4a6d89fca7?s=96&d=mm&r=pg\",\"caption\":\"bosniak\"},\"url\":\"https:\/\/sandzakpress.net\/arhiva\/author\/bosniak\/\"}]}<\/script>\n<!-- \/ Yoast SEO Premium plugin. -->","yoast_head_json":{"title":"\u010celnici islamskih zajednica s Balkana osu\u0111uju IDI\u0160","robots":{"index":"index","follow":"follow","max-snippet":"max-snippet:-1","max-image-preview":"max-image-preview:large","max-video-preview":"max-video-preview:-1"},"canonical":"https:\/\/sandzakpress.net\/arhiva\/celnici-islamskih-zajednica-s-balkana-osuduju-idis\/","og_locale":"bs_BA","og_type":"article","og_title":"\u010celnici islamskih zajednica s Balkana osu\u0111uju IDI\u0160","og_description":"Balkan &#8211; \u010celnici muslimanskih vjerskih zajednica u zemljama Balkana, u povodu sve masovnijih napada i nasilja pripadnika grupe Islamska dr\u017eava Irak i Levant, poru\u010dili su kako ISIL ne predstavlja islam te da se muslimani moraju distancirati od takvih i sli\u010dnih ekstremnih organizacija. Reisu-l-ulema Islamske zajednice u Bosni i Hercegovini Husein ef. Kavazovi\u0107, u vezi sa [&hellip;]","og_url":"https:\/\/sandzakpress.net\/arhiva\/celnici-islamskih-zajednica-s-balkana-osuduju-idis\/","og_site_name":"Sand\u017eak PRESS","article_published_time":"2014-11-01T10:32:04+00:00","og_image":[{"width":900,"height":545,"url":"https:\/\/sandzakpress.net\/arhiva\/wp-content\/uploads\/2014\/11\/h_01255405.jpg","type":"image\/jpeg"}],"author":"bosniak","twitter_card":"summary_large_image","twitter_misc":{"Written by":"bosniak","Est. reading time":"3 minute"},"schema":{"@context":"https:\/\/schema.org","@graph":[{"@type":"Article","@id":"https:\/\/sandzakpress.net\/arhiva\/celnici-islamskih-zajednica-s-balkana-osuduju-idis\/#article","isPartOf":{"@id":"https:\/\/sandzakpress.net\/arhiva\/celnici-islamskih-zajednica-s-balkana-osuduju-idis\/"},"author":{"name":"bosniak","@id":"https:\/\/sandzakpress.net\/arhiva\/#\/schema\/person\/c8baee722073534b583ea7bdb2e36c02"},"headline":"\u010celnici islamskih zajednica s Balkana osu\u0111uju IDI\u0160","datePublished":"2014-11-01T10:32:04+00:00","mainEntityOfPage":{"@id":"https:\/\/sandzakpress.net\/arhiva\/celnici-islamskih-zajednica-s-balkana-osuduju-idis\/"},"wordCount":701,"commentCount":5,"publisher":{"@id":"https:\/\/sandzakpress.net\/arhiva\/#\/schema\/person\/6e72b67d6e51910a1117b3b483ba20bd"},"image":{"@id":"https:\/\/sandzakpress.net\/arhiva\/celnici-islamskih-zajednica-s-balkana-osuduju-idis\/#primaryimage"},"thumbnailUrl":"https:\/\/sandzakpress.net\/arhiva\/wp-content\/uploads\/2014\/11\/h_01255405.jpg","articleSection":["Bosna i Hercegovina","Kosovo","Crna Gora","Makedonija","Islamska zajednica","Hrvatska","NAJNOVIJE","Balkan"],"inLanguage":"bs-BA","potentialAction":[{"@type":"CommentAction","name":"Comment","target":["https:\/\/sandzakpress.net\/arhiva\/celnici-islamskih-zajednica-s-balkana-osuduju-idis\/#respond"]}]},{"@type":"WebPage","@id":"https:\/\/sandzakpress.net\/arhiva\/celnici-islamskih-zajednica-s-balkana-osuduju-idis\/","url":"https:\/\/sandzakpress.net\/arhiva\/celnici-islamskih-zajednica-s-balkana-osuduju-idis\/","name":"\u010celnici islamskih zajednica s Balkana osu\u0111uju IDI\u0160","isPartOf":{"@id":"https:\/\/sandzakpress.net\/arhiva\/#website"},"primaryImageOfPage":{"@id":"https:\/\/sandzakpress.net\/arhiva\/celnici-islamskih-zajednica-s-balkana-osuduju-idis\/#primaryimage"},"image":{"@id":"https:\/\/sandzakpress.net\/arhiva\/celnici-islamskih-zajednica-s-balkana-osuduju-idis\/#primaryimage"},"thumbnailUrl":"https:\/\/sandzakpress.net\/arhiva\/wp-content\/uploads\/2014\/11\/h_01255405.jpg","datePublished":"2014-11-01T10:32:04+00:00","breadcrumb":{"@id":"https:\/\/sandzakpress.net\/arhiva\/celnici-islamskih-zajednica-s-balkana-osuduju-idis\/#breadcrumb"},"inLanguage":"bs-BA","potentialAction":[{"@type":"ReadAction","target":["https:\/\/sandzakpress.net\/arhiva\/celnici-islamskih-zajednica-s-balkana-osuduju-idis\/"]}]},{"@type":"ImageObject","inLanguage":"bs-BA","@id":"https:\/\/sandzakpress.net\/arhiva\/celnici-islamskih-zajednica-s-balkana-osuduju-idis\/#primaryimage","url":"https:\/\/sandzakpress.net\/arhiva\/wp-content\/uploads\/2014\/11\/h_01255405.jpg","contentUrl":"https:\/\/sandzakpress.net\/arhiva\/wp-content\/uploads\/2014\/11\/h_01255405.jpg","width":900,"height":545},{"@type":"BreadcrumbList","@id":"https:\/\/sandzakpress.net\/arhiva\/celnici-islamskih-zajednica-s-balkana-osuduju-idis\/#breadcrumb","itemListElement":[{"@type":"ListItem","position":1,"name":"Home","item":"https:\/\/sandzakpress.net\/arhiva\/"},{"@type":"ListItem","position":2,"name":"\u010celnici islamskih zajednica s Balkana osu\u0111uju IDI\u0160"}]},{"@type":"WebSite","@id":"https:\/\/sandzakpress.net\/arhiva\/#website","url":"https:\/\/sandzakpress.net\/arhiva\/","name":"Sand\u017eak PRESS","description":"Prve elektronske novine u Sand\u017eaku","publisher":{"@id":"https:\/\/sandzakpress.net\/arhiva\/#\/schema\/person\/6e72b67d6e51910a1117b3b483ba20bd"},"potentialAction":[{"@type":"SearchAction","target":{"@type":"EntryPoint","urlTemplate":"https:\/\/sandzakpress.net\/arhiva\/?s={search_term_string}"},"query-input":{"@type":"PropertyValueSpecification","valueRequired":true,"valueName":"search_term_string"}}],"inLanguage":"bs-BA"},{"@type":["Person","Organization"],"@id":"https:\/\/sandzakpress.net\/arhiva\/#\/schema\/person\/6e72b67d6e51910a1117b3b483ba20bd","name":"Kul","image":{"@type":"ImageObject","inLanguage":"bs-BA","@id":"https:\/\/sandzakpress.net\/arhiva\/#\/schema\/person\/image\/","url":"https:\/\/secure.gravatar.com\/avatar\/42263f39aa27ac04c43cab85c280eb2e?s=96&d=mm&r=pg","contentUrl":"https:\/\/secure.gravatar.com\/avatar\/42263f39aa27ac04c43cab85c280eb2e?s=96&d=mm&r=pg","caption":"Kul"},"logo":{"@id":"https:\/\/sandzakpress.net\/arhiva\/#\/schema\/person\/image\/"}},{"@type":"Person","@id":"https:\/\/sandzakpress.net\/arhiva\/#\/schema\/person\/c8baee722073534b583ea7bdb2e36c02","name":"bosniak","image":{"@type":"ImageObject","inLanguage":"bs-BA","@id":"https:\/\/sandzakpress.net\/arhiva\/#\/schema\/person\/image\/","url":"https:\/\/secure.gravatar.com\/avatar\/a04fd330bfe3a36a72a0ad4a6d89fca7?s=96&d=mm&r=pg","contentUrl":"https:\/\/secure.gravatar.com\/avatar\/a04fd330bfe3a36a72a0ad4a6d89fca7?s=96&d=mm&r=pg","caption":"bosniak"},"url":"https:\/\/sandzakpress.net\/arhiva\/author\/bosniak\/"}]}},"_links":{"self":[{"href":"https:\/\/sandzakpress.net\/arhiva\/wp-json\/wp\/v2\/posts\/113693"}],"collection":[{"href":"https:\/\/sandzakpress.net\/arhiva\/wp-json\/wp\/v2\/posts"}],"about":[{"href":"https:\/\/sandzakpress.net\/arhiva\/wp-json\/wp\/v2\/types\/post"}],"author":[{"embeddable":true,"href":"https:\/\/sandzakpress.net\/arhiva\/wp-json\/wp\/v2\/users\/83"}],"replies":[{"embeddable":true,"href":"https:\/\/sandzakpress.net\/arhiva\/wp-json\/wp\/v2\/comments?post=113693"}],"version-history":[{"count":0,"href":"https:\/\/sandzakpress.net\/arhiva\/wp-json\/wp\/v2\/posts\/113693\/revisions"}],"wp:featuredmedia":[{"embeddable":true,"href":"https:\/\/sandzakpress.net\/arhiva\/wp-json\/wp\/v2\/media\/113694"}],"wp:attachment":[{"href":"https:\/\/sandzakpress.net\/arhiva\/wp-json\/wp\/v2\/media?parent=113693"}],"wp:term":[{"taxonomy":"category","embeddable":true,"href":"https:\/\/sandzakpress.net\/arhiva\/wp-json\/wp\/v2\/categories?post=113693"},{"taxonomy":"post_tag","embeddable":true,"href":"https:\/\/sandzakpress.net\/arhiva\/wp-json\/wp\/v2\/tags?post=113693"}],"curies":[{"name":"wp","href":"https:\/\/api.w.org\/{rel}","templated":true}]}}