{"id":1135,"date":"2010-01-10T13:40:36","date_gmt":"2010-01-10T12:40:36","guid":{"rendered":"https:\/\/sandzakpress.net\/arhiva\/?p=1135"},"modified":"2010-01-11T15:57:52","modified_gmt":"2010-01-11T14:57:52","slug":"%e2%80%9e-citaj-kako-je-napisano-%e2%80%9c","status":"publish","type":"post","link":"https:\/\/sandzakpress.net\/arhiva\/%e2%80%9e-citaj-kako-je-napisano-%e2%80%9c\/","title":{"rendered":"\u201e&#8230;\u010ditaj kako je napisano.\u201c"},"content":{"rendered":"<p><a href=\"https:\/\/sandzakpress.net\/arhiva\/wp-content\/uploads\/2010\/01\/citaj_sta_pise.jpg\"><img loading=\"lazy\" decoding=\"async\" class=\"aligncenter size-full wp-image-1136\" title=\"citaj_sta_pise\" src=\"https:\/\/sandzakpress.net\/arhiva\/wp-content\/uploads\/2010\/01\/citaj_sta_pise.jpg\" alt=\"\" width=\"620\" height=\"280\" \/><\/a><\/p>\n<p><strong>Norma knji\u017eevnih jezika ju\u017enoslavenskog govornog podru\u010dja u koje spadaju bosanski, hrvatski i srpski (a u novije vrijeme i crnogorski) jezik koja sobom nosi punu snagu najkonzistentnije dru\u0161tvene tvorevine \u2013 jezika \u2013 jasno je utkana u znanje onih koji su se sa osnovnim obrazovanjem sreli pa makar i jednom u \u017eivotu.<\/strong><\/p>\n<p>Gotovo da nema \u010dovjeka koji govori jednim od gore nabrojanih jezika, a da ne zna za ovo, uslovno re\u010deno, sveto pravilo pravopisa. To djeca za \u201evjek vjekova\u201c nau\u010de u osnovnoj \u0161koli i to ih prati kroz cijeli \u017eivot u bilo kojem vidu literarnog stvarala\u0161tva, bilo ono umjetni\u010dko ili slu\u017ebeno ili, pak, kakve druge prirode.<\/p>\n<p>No, u Sand\u017eaku su se ovih dana pojavili neki \u201esinovi ove grude zemlje\u201c koji su, \u010dini se, odsustvovali sa nastave jo\u0161 u osnovnoj \u0161koli. Vjerovatno su pobjegli s tog \u010dasa kada je u\u010ditelj govorio o pravopisu i nau\u010davao jednu novu generaciju osnovama jezi\u010dke kulture. Ili su, nije isklju\u010deno, radili na pripremama za ostvarenje svojih snova i agitovali po \u0161kolskim dvori\u0161tima za svoje budu\u0107e politi\u010dke \u201epokrete\u201c, \u0161to je, iz dana\u0161nje perspektive, mo\u017eda i prekrupna rije\u010d za izmanipulisane i instrumentalizovane tvorevine politi\u010dki neotesanog i moralno sirovog fundamenta koji sebe ustima punim ponosa zove \u201ebo\u0161nja\u010dkom politi\u010dkom elitom\u201c. Eto ti \u201esinovi Sand\u017eaka\u201c koji ovih dana na sva usta zapoma\u017eu kako nisu pro\u010ditali i razumjeli uredu srbijanske Vlade (a u \u010dijim udobnim foteljama i oni sami sjede) o statisti\u010dkoj regionalizaciji Srbije su \u201egre\u0161ni sinovi\u201c koji su bje\u017eali sa nastave i \u0161to ih je debelo ko\u0161talo \u2013 prije svega politi\u010dke reputacije, ali i osvje\u0161\u0107enja narodne mase \u010dije interese tako \u201ezdu\u0161no\u201c zagovaraju koja je spoznala svoje sljepilo kada je biralo \u201eprve me\u0111u jednakima\u201c da ih vode kroz \u201etamni vilajet\u201c nacionalne borbe za opstanak na vjekovnim ognji\u0161tima.<\/p>\n<p>E, to osvje\u0161\u0107enje \u0107e ih, velim, debelo ko\u0161tati. I jednog \u2013 koji veli da je pro\u010ditao, ali, \u010dini mi se, nije ba\u0161 najbolje razumio pa, stide\u0107i se da pita \u0161ta koja rije\u010d u tom \u0161arolikom vokabularu agenata Agencije za statistiku Srbije zna\u010di, \u201emetnuo\u201c i svoj cijenjeni potpis na uredbu \u010dije ga dono\u0161enje danas toliko poga\u0111a i \u010dak \u201eprijeti\u201c da \u0107e sa svojom politi\u010dkom marionetom nacional-fa\u0161isti\u010dke velikosrpsko-orjentisane politike \u201enabrijane\u201c SANU, zvanom Sand\u017ea\u010dka Demokratska Partija, u\u010diniti \u201enevjeru\u201c ovoj Vladi \u010dije fotelje s toliko emocija \u201eljubi i na grudi prislanja\u201c, a bogami i drugog \u2013 koji veli da je do\u0161lo do \u201eneke gre\u0161ke\u201c, a koji se, dodu\u0161e, ne brani da je pro\u010ditao uredbu (a sigurno nije), jer bi ga bilo stid priznati javnosti kako je pro\u010ditao, no nije razumio \u201eono tamo \u0161to pi\u0161e\u201c i jo\u0161 veli da ni slu\u010dajno ne\u0107e \u201enevjeran biti\u201c ili, ne daj, Bo\u017ee, \u201eujesti ruku koja ga hrani\u201c, mada se u njegovom SDA taboru ovce po\u010de\u0161e rasipati pa se neke usudi\u0161e i re\u0107i kako i oni razmi\u0161ljaju poput svoga sparing partnera iz \u201esand\u017ea\u010dkog ringa\u201c (tj. sand\u017ea\u010dke politi\u010dke scene) o \u010dinjenju \u201epreljube\u201c ovoj Vladi.<\/p>\n<p>Tako su \u201ena\u0161i sinovi\u201c i \u201elideri\u201c postali najljep\u0161im poklonom koji se mogao dogoditi bo\u0161nja\u010dkom narodu Sand\u017eaka za Novu Godinu \u2013 predmet podsmjeha i viceva. \u201eNa\u0161i sinovi\u201c koji su bili \u0111aci, o\u010digledno je, ne ba\u0161 \u201eprimjernog vladanja\u201c, sada poku\u0161avaju da ono \u0161to su potpisali (a gotovo sam siguran, iako nisam vidio potpise na Vladinoj uredbi, da nisu svoje \u201edoktorske\u201c titule zaboravili \u201emetnuti\u201c ispred svojih \u201evelikodostojnih i \u010dasnih\u201c imena, jer se o tome \u201emora voditi ra\u010duna \u2013 ta, bitan je to dokument \u2013 dr\u017eavni\u201c) opozovu i predstave se narodu kao \u201eprimjerni\u201c pastiri, a opet uz pomo\u0107 svojih poslodavaca iz Beograda i sigurno \u0107e to napraviti.<\/p>\n<p>I naravno da je narodu smije\u0161no, a u isto vrijeme i \u017ealosno, kada gleda ovakvo pona\u0161anje doti\u010dne gospode. Ali se i dalje narod vi\u0161e smije, nego li \u017eali za ovim i ovakvim postupcima svojih \u201eprvaka\u201c. E, bogami, bojim se da ovi na\u0161i \u201eprvaci\u201c nisu zavr\u0161ili prvi razred, barem ne redovno. Jer, da jesu, ne bi se danas svi smijali Bo\u0161njacima Sand\u017eaka i njihovoj naivnosti i ne bi, neke i dalje usijane glave, pomislile kako je \u201etaj sand\u017ea\u010dki narod\u201c neotesan i sirov, poput vo\u0111a, te poku\u0161ale isti i sljede\u0107i put prevariti, ali mnogo bolje, preciznije i bez mogu\u0107nosti da se otkrije sama prevara, a i kada se otkrije, da tada ve\u0107 bude kasno.<\/p>\n<p>Poruka je \u201ena\u0161im sinovima\u201c da ubudu\u0107e povedu ra\u010duna o onome \u0161ta rade i kako to rade. Jer, neka budu sigurni u to, sljede\u0107i put ne\u0107e sve biti tako prosto, kao \u0161to je ovaj put bilo \u2013 \u201e&#8230;\u010ditaj kako je napisano.\u201c Sljede\u0107i put mo\u017eda bude neko gradivo iz starijih razreda (ako ne razlomci, a ono ne\u0161to iz predmeta \u201epoznavanje prirode i dru\u0161tva\u201c ili danas popularnog \u201esvijeta oko nas\u201c) pa bude mnogo te\u017ee rije\u0161iti problem nego sada.<\/p>\n<p>Autor: <strong>Damir M. Kaba\u0161<\/strong><\/p>\n<p>Izvor: <strong>Dijaspora.org<\/strong><\/p>\n","protected":false},"excerpt":{"rendered":"<p>Norma knji\u017eevnih jezika ju\u017enoslavenskog govornog podru\u010dja u koje spadaju bosanski, hrvatski i srpski (a u novije vrijeme i crnogorski) jezik koja sobom nosi punu snagu najkonzistentnije dru\u0161tvene tvorevine \u2013 jezika \u2013 jasno je utkana u znanje onih koji su se sa osnovnim obrazovanjem sreli pa makar i jednom u \u017eivotu. Gotovo da nema \u010dovjeka koji [&hellip;]<\/p>\n","protected":false},"author":83,"featured_media":1136,"comment_status":"open","ping_status":"open","sticky":false,"template":"","format":"standard","meta":{"footnotes":""},"categories":[16],"tags":[],"class_list":{"0":"post-1135","1":"post","2":"type-post","3":"status-publish","4":"format-standard","5":"has-post-thumbnail","7":"category-novine"},"yoast_head":"<!-- This site is optimized with the Yoast SEO Premium plugin v23.1 (Yoast SEO v24.9) - https:\/\/yoast.com\/wordpress\/plugins\/seo\/ -->\n<title>\u201e...\u010ditaj kako je napisano.\u201c<\/title>\n<meta name=\"robots\" content=\"index, follow, max-snippet:-1, max-image-preview:large, max-video-preview:-1\" \/>\n<link rel=\"canonical\" href=\"https:\/\/sandzakpress.net\/arhiva\/\u201e-citaj-kako-je-napisano-\u201c\/\" \/>\n<meta property=\"og:locale\" content=\"bs_BA\" \/>\n<meta property=\"og:type\" content=\"article\" \/>\n<meta property=\"og:title\" content=\"\u201e...\u010ditaj kako je napisano.\u201c\" \/>\n<meta property=\"og:description\" content=\"Norma knji\u017eevnih jezika ju\u017enoslavenskog govornog podru\u010dja u koje spadaju bosanski, hrvatski i srpski (a u novije vrijeme i crnogorski) jezik koja sobom nosi punu snagu najkonzistentnije dru\u0161tvene tvorevine \u2013 jezika \u2013 jasno je utkana u znanje onih koji su se sa osnovnim obrazovanjem sreli pa makar i jednom u \u017eivotu. Gotovo da nema \u010dovjeka koji [&hellip;]\" \/>\n<meta property=\"og:url\" content=\"https:\/\/sandzakpress.net\/arhiva\/\u201e-citaj-kako-je-napisano-\u201c\/\" \/>\n<meta property=\"og:site_name\" content=\"Sand\u017eak PRESS\" \/>\n<meta property=\"article:published_time\" content=\"2010-01-10T12:40:36+00:00\" \/>\n<meta property=\"article:modified_time\" content=\"2010-01-11T14:57:52+00:00\" \/>\n<meta property=\"og:image\" content=\"https:\/\/sandzakpress.net\/arhiva\/wp-content\/uploads\/2010\/01\/citaj_sta_pise.jpg\" \/>\n\t<meta property=\"og:image:width\" content=\"616\" \/>\n\t<meta property=\"og:image:height\" content=\"278\" \/>\n\t<meta property=\"og:image:type\" content=\"image\/jpeg\" \/>\n<meta name=\"author\" content=\"bosniak\" \/>\n<meta name=\"twitter:card\" content=\"summary_large_image\" \/>\n<meta name=\"twitter:label1\" content=\"Written by\" \/>\n\t<meta name=\"twitter:data1\" content=\"bosniak\" \/>\n\t<meta name=\"twitter:label2\" content=\"Est. reading time\" \/>\n\t<meta name=\"twitter:data2\" content=\"4 minute\" \/>\n<script type=\"application\/ld+json\" class=\"yoast-schema-graph\">{\"@context\":\"https:\/\/schema.org\",\"@graph\":[{\"@type\":\"Article\",\"@id\":\"https:\/\/sandzakpress.net\/arhiva\/%e2%80%9e-citaj-kako-je-napisano-%e2%80%9c\/#article\",\"isPartOf\":{\"@id\":\"https:\/\/sandzakpress.net\/arhiva\/%e2%80%9e-citaj-kako-je-napisano-%e2%80%9c\/\"},\"author\":{\"name\":\"bosniak\",\"@id\":\"https:\/\/sandzakpress.net\/arhiva\/#\/schema\/person\/c8baee722073534b583ea7bdb2e36c02\"},\"headline\":\"\u201e&#8230;\u010ditaj kako je napisano.\u201c\",\"datePublished\":\"2010-01-10T12:40:36+00:00\",\"dateModified\":\"2010-01-11T14:57:52+00:00\",\"mainEntityOfPage\":{\"@id\":\"https:\/\/sandzakpress.net\/arhiva\/%e2%80%9e-citaj-kako-je-napisano-%e2%80%9c\/\"},\"wordCount\":860,\"commentCount\":1,\"publisher\":{\"@id\":\"https:\/\/sandzakpress.net\/arhiva\/#\/schema\/person\/6e72b67d6e51910a1117b3b483ba20bd\"},\"image\":{\"@id\":\"https:\/\/sandzakpress.net\/arhiva\/%e2%80%9e-citaj-kako-je-napisano-%e2%80%9c\/#primaryimage\"},\"thumbnailUrl\":\"https:\/\/sandzakpress.net\/arhiva\/wp-content\/uploads\/2010\/01\/citaj_sta_pise.jpg\",\"articleSection\":[\"Novine\"],\"inLanguage\":\"bs-BA\",\"potentialAction\":[{\"@type\":\"CommentAction\",\"name\":\"Comment\",\"target\":[\"https:\/\/sandzakpress.net\/arhiva\/%e2%80%9e-citaj-kako-je-napisano-%e2%80%9c\/#respond\"]}]},{\"@type\":\"WebPage\",\"@id\":\"https:\/\/sandzakpress.net\/arhiva\/%e2%80%9e-citaj-kako-je-napisano-%e2%80%9c\/\",\"url\":\"https:\/\/sandzakpress.net\/arhiva\/%e2%80%9e-citaj-kako-je-napisano-%e2%80%9c\/\",\"name\":\"\u201e...\u010ditaj kako je napisano.\u201c\",\"isPartOf\":{\"@id\":\"https:\/\/sandzakpress.net\/arhiva\/#website\"},\"primaryImageOfPage\":{\"@id\":\"https:\/\/sandzakpress.net\/arhiva\/%e2%80%9e-citaj-kako-je-napisano-%e2%80%9c\/#primaryimage\"},\"image\":{\"@id\":\"https:\/\/sandzakpress.net\/arhiva\/%e2%80%9e-citaj-kako-je-napisano-%e2%80%9c\/#primaryimage\"},\"thumbnailUrl\":\"https:\/\/sandzakpress.net\/arhiva\/wp-content\/uploads\/2010\/01\/citaj_sta_pise.jpg\",\"datePublished\":\"2010-01-10T12:40:36+00:00\",\"dateModified\":\"2010-01-11T14:57:52+00:00\",\"breadcrumb\":{\"@id\":\"https:\/\/sandzakpress.net\/arhiva\/%e2%80%9e-citaj-kako-je-napisano-%e2%80%9c\/#breadcrumb\"},\"inLanguage\":\"bs-BA\",\"potentialAction\":[{\"@type\":\"ReadAction\",\"target\":[\"https:\/\/sandzakpress.net\/arhiva\/%e2%80%9e-citaj-kako-je-napisano-%e2%80%9c\/\"]}]},{\"@type\":\"ImageObject\",\"inLanguage\":\"bs-BA\",\"@id\":\"https:\/\/sandzakpress.net\/arhiva\/%e2%80%9e-citaj-kako-je-napisano-%e2%80%9c\/#primaryimage\",\"url\":\"https:\/\/sandzakpress.net\/arhiva\/wp-content\/uploads\/2010\/01\/citaj_sta_pise.jpg\",\"contentUrl\":\"https:\/\/sandzakpress.net\/arhiva\/wp-content\/uploads\/2010\/01\/citaj_sta_pise.jpg\",\"width\":616,\"height\":278},{\"@type\":\"BreadcrumbList\",\"@id\":\"https:\/\/sandzakpress.net\/arhiva\/%e2%80%9e-citaj-kako-je-napisano-%e2%80%9c\/#breadcrumb\",\"itemListElement\":[{\"@type\":\"ListItem\",\"position\":1,\"name\":\"Home\",\"item\":\"https:\/\/sandzakpress.net\/arhiva\/\"},{\"@type\":\"ListItem\",\"position\":2,\"name\":\"\u201e&#8230;\u010ditaj kako je napisano.\u201c\"}]},{\"@type\":\"WebSite\",\"@id\":\"https:\/\/sandzakpress.net\/arhiva\/#website\",\"url\":\"https:\/\/sandzakpress.net\/arhiva\/\",\"name\":\"Sand\u017eak PRESS\",\"description\":\"Prve elektronske novine u Sand\u017eaku\",\"publisher\":{\"@id\":\"https:\/\/sandzakpress.net\/arhiva\/#\/schema\/person\/6e72b67d6e51910a1117b3b483ba20bd\"},\"potentialAction\":[{\"@type\":\"SearchAction\",\"target\":{\"@type\":\"EntryPoint\",\"urlTemplate\":\"https:\/\/sandzakpress.net\/arhiva\/?s={search_term_string}\"},\"query-input\":{\"@type\":\"PropertyValueSpecification\",\"valueRequired\":true,\"valueName\":\"search_term_string\"}}],\"inLanguage\":\"bs-BA\"},{\"@type\":[\"Person\",\"Organization\"],\"@id\":\"https:\/\/sandzakpress.net\/arhiva\/#\/schema\/person\/6e72b67d6e51910a1117b3b483ba20bd\",\"name\":\"Kul\",\"image\":{\"@type\":\"ImageObject\",\"inLanguage\":\"bs-BA\",\"@id\":\"https:\/\/sandzakpress.net\/arhiva\/#\/schema\/person\/image\/\",\"url\":\"https:\/\/secure.gravatar.com\/avatar\/42263f39aa27ac04c43cab85c280eb2e?s=96&d=mm&r=pg\",\"contentUrl\":\"https:\/\/secure.gravatar.com\/avatar\/42263f39aa27ac04c43cab85c280eb2e?s=96&d=mm&r=pg\",\"caption\":\"Kul\"},\"logo\":{\"@id\":\"https:\/\/sandzakpress.net\/arhiva\/#\/schema\/person\/image\/\"}},{\"@type\":\"Person\",\"@id\":\"https:\/\/sandzakpress.net\/arhiva\/#\/schema\/person\/c8baee722073534b583ea7bdb2e36c02\",\"name\":\"bosniak\",\"image\":{\"@type\":\"ImageObject\",\"inLanguage\":\"bs-BA\",\"@id\":\"https:\/\/sandzakpress.net\/arhiva\/#\/schema\/person\/image\/\",\"url\":\"https:\/\/secure.gravatar.com\/avatar\/a04fd330bfe3a36a72a0ad4a6d89fca7?s=96&d=mm&r=pg\",\"contentUrl\":\"https:\/\/secure.gravatar.com\/avatar\/a04fd330bfe3a36a72a0ad4a6d89fca7?s=96&d=mm&r=pg\",\"caption\":\"bosniak\"},\"url\":\"https:\/\/sandzakpress.net\/arhiva\/author\/bosniak\/\"}]}<\/script>\n<!-- \/ Yoast SEO Premium plugin. -->","yoast_head_json":{"title":"\u201e...\u010ditaj kako je napisano.\u201c","robots":{"index":"index","follow":"follow","max-snippet":"max-snippet:-1","max-image-preview":"max-image-preview:large","max-video-preview":"max-video-preview:-1"},"canonical":"https:\/\/sandzakpress.net\/arhiva\/\u201e-citaj-kako-je-napisano-\u201c\/","og_locale":"bs_BA","og_type":"article","og_title":"\u201e...\u010ditaj kako je napisano.\u201c","og_description":"Norma knji\u017eevnih jezika ju\u017enoslavenskog govornog podru\u010dja u koje spadaju bosanski, hrvatski i srpski (a u novije vrijeme i crnogorski) jezik koja sobom nosi punu snagu najkonzistentnije dru\u0161tvene tvorevine \u2013 jezika \u2013 jasno je utkana u znanje onih koji su se sa osnovnim obrazovanjem sreli pa makar i jednom u \u017eivotu. Gotovo da nema \u010dovjeka koji [&hellip;]","og_url":"https:\/\/sandzakpress.net\/arhiva\/\u201e-citaj-kako-je-napisano-\u201c\/","og_site_name":"Sand\u017eak PRESS","article_published_time":"2010-01-10T12:40:36+00:00","article_modified_time":"2010-01-11T14:57:52+00:00","og_image":[{"width":616,"height":278,"url":"https:\/\/sandzakpress.net\/arhiva\/wp-content\/uploads\/2010\/01\/citaj_sta_pise.jpg","type":"image\/jpeg"}],"author":"bosniak","twitter_card":"summary_large_image","twitter_misc":{"Written by":"bosniak","Est. reading time":"4 minute"},"schema":{"@context":"https:\/\/schema.org","@graph":[{"@type":"Article","@id":"https:\/\/sandzakpress.net\/arhiva\/%e2%80%9e-citaj-kako-je-napisano-%e2%80%9c\/#article","isPartOf":{"@id":"https:\/\/sandzakpress.net\/arhiva\/%e2%80%9e-citaj-kako-je-napisano-%e2%80%9c\/"},"author":{"name":"bosniak","@id":"https:\/\/sandzakpress.net\/arhiva\/#\/schema\/person\/c8baee722073534b583ea7bdb2e36c02"},"headline":"\u201e&#8230;\u010ditaj kako je napisano.\u201c","datePublished":"2010-01-10T12:40:36+00:00","dateModified":"2010-01-11T14:57:52+00:00","mainEntityOfPage":{"@id":"https:\/\/sandzakpress.net\/arhiva\/%e2%80%9e-citaj-kako-je-napisano-%e2%80%9c\/"},"wordCount":860,"commentCount":1,"publisher":{"@id":"https:\/\/sandzakpress.net\/arhiva\/#\/schema\/person\/6e72b67d6e51910a1117b3b483ba20bd"},"image":{"@id":"https:\/\/sandzakpress.net\/arhiva\/%e2%80%9e-citaj-kako-je-napisano-%e2%80%9c\/#primaryimage"},"thumbnailUrl":"https:\/\/sandzakpress.net\/arhiva\/wp-content\/uploads\/2010\/01\/citaj_sta_pise.jpg","articleSection":["Novine"],"inLanguage":"bs-BA","potentialAction":[{"@type":"CommentAction","name":"Comment","target":["https:\/\/sandzakpress.net\/arhiva\/%e2%80%9e-citaj-kako-je-napisano-%e2%80%9c\/#respond"]}]},{"@type":"WebPage","@id":"https:\/\/sandzakpress.net\/arhiva\/%e2%80%9e-citaj-kako-je-napisano-%e2%80%9c\/","url":"https:\/\/sandzakpress.net\/arhiva\/%e2%80%9e-citaj-kako-je-napisano-%e2%80%9c\/","name":"\u201e...\u010ditaj kako je napisano.\u201c","isPartOf":{"@id":"https:\/\/sandzakpress.net\/arhiva\/#website"},"primaryImageOfPage":{"@id":"https:\/\/sandzakpress.net\/arhiva\/%e2%80%9e-citaj-kako-je-napisano-%e2%80%9c\/#primaryimage"},"image":{"@id":"https:\/\/sandzakpress.net\/arhiva\/%e2%80%9e-citaj-kako-je-napisano-%e2%80%9c\/#primaryimage"},"thumbnailUrl":"https:\/\/sandzakpress.net\/arhiva\/wp-content\/uploads\/2010\/01\/citaj_sta_pise.jpg","datePublished":"2010-01-10T12:40:36+00:00","dateModified":"2010-01-11T14:57:52+00:00","breadcrumb":{"@id":"https:\/\/sandzakpress.net\/arhiva\/%e2%80%9e-citaj-kako-je-napisano-%e2%80%9c\/#breadcrumb"},"inLanguage":"bs-BA","potentialAction":[{"@type":"ReadAction","target":["https:\/\/sandzakpress.net\/arhiva\/%e2%80%9e-citaj-kako-je-napisano-%e2%80%9c\/"]}]},{"@type":"ImageObject","inLanguage":"bs-BA","@id":"https:\/\/sandzakpress.net\/arhiva\/%e2%80%9e-citaj-kako-je-napisano-%e2%80%9c\/#primaryimage","url":"https:\/\/sandzakpress.net\/arhiva\/wp-content\/uploads\/2010\/01\/citaj_sta_pise.jpg","contentUrl":"https:\/\/sandzakpress.net\/arhiva\/wp-content\/uploads\/2010\/01\/citaj_sta_pise.jpg","width":616,"height":278},{"@type":"BreadcrumbList","@id":"https:\/\/sandzakpress.net\/arhiva\/%e2%80%9e-citaj-kako-je-napisano-%e2%80%9c\/#breadcrumb","itemListElement":[{"@type":"ListItem","position":1,"name":"Home","item":"https:\/\/sandzakpress.net\/arhiva\/"},{"@type":"ListItem","position":2,"name":"\u201e&#8230;\u010ditaj kako je napisano.\u201c"}]},{"@type":"WebSite","@id":"https:\/\/sandzakpress.net\/arhiva\/#website","url":"https:\/\/sandzakpress.net\/arhiva\/","name":"Sand\u017eak PRESS","description":"Prve elektronske novine u Sand\u017eaku","publisher":{"@id":"https:\/\/sandzakpress.net\/arhiva\/#\/schema\/person\/6e72b67d6e51910a1117b3b483ba20bd"},"potentialAction":[{"@type":"SearchAction","target":{"@type":"EntryPoint","urlTemplate":"https:\/\/sandzakpress.net\/arhiva\/?s={search_term_string}"},"query-input":{"@type":"PropertyValueSpecification","valueRequired":true,"valueName":"search_term_string"}}],"inLanguage":"bs-BA"},{"@type":["Person","Organization"],"@id":"https:\/\/sandzakpress.net\/arhiva\/#\/schema\/person\/6e72b67d6e51910a1117b3b483ba20bd","name":"Kul","image":{"@type":"ImageObject","inLanguage":"bs-BA","@id":"https:\/\/sandzakpress.net\/arhiva\/#\/schema\/person\/image\/","url":"https:\/\/secure.gravatar.com\/avatar\/42263f39aa27ac04c43cab85c280eb2e?s=96&d=mm&r=pg","contentUrl":"https:\/\/secure.gravatar.com\/avatar\/42263f39aa27ac04c43cab85c280eb2e?s=96&d=mm&r=pg","caption":"Kul"},"logo":{"@id":"https:\/\/sandzakpress.net\/arhiva\/#\/schema\/person\/image\/"}},{"@type":"Person","@id":"https:\/\/sandzakpress.net\/arhiva\/#\/schema\/person\/c8baee722073534b583ea7bdb2e36c02","name":"bosniak","image":{"@type":"ImageObject","inLanguage":"bs-BA","@id":"https:\/\/sandzakpress.net\/arhiva\/#\/schema\/person\/image\/","url":"https:\/\/secure.gravatar.com\/avatar\/a04fd330bfe3a36a72a0ad4a6d89fca7?s=96&d=mm&r=pg","contentUrl":"https:\/\/secure.gravatar.com\/avatar\/a04fd330bfe3a36a72a0ad4a6d89fca7?s=96&d=mm&r=pg","caption":"bosniak"},"url":"https:\/\/sandzakpress.net\/arhiva\/author\/bosniak\/"}]}},"_links":{"self":[{"href":"https:\/\/sandzakpress.net\/arhiva\/wp-json\/wp\/v2\/posts\/1135"}],"collection":[{"href":"https:\/\/sandzakpress.net\/arhiva\/wp-json\/wp\/v2\/posts"}],"about":[{"href":"https:\/\/sandzakpress.net\/arhiva\/wp-json\/wp\/v2\/types\/post"}],"author":[{"embeddable":true,"href":"https:\/\/sandzakpress.net\/arhiva\/wp-json\/wp\/v2\/users\/83"}],"replies":[{"embeddable":true,"href":"https:\/\/sandzakpress.net\/arhiva\/wp-json\/wp\/v2\/comments?post=1135"}],"version-history":[{"count":0,"href":"https:\/\/sandzakpress.net\/arhiva\/wp-json\/wp\/v2\/posts\/1135\/revisions"}],"wp:featuredmedia":[{"embeddable":true,"href":"https:\/\/sandzakpress.net\/arhiva\/wp-json\/wp\/v2\/media\/1136"}],"wp:attachment":[{"href":"https:\/\/sandzakpress.net\/arhiva\/wp-json\/wp\/v2\/media?parent=1135"}],"wp:term":[{"taxonomy":"category","embeddable":true,"href":"https:\/\/sandzakpress.net\/arhiva\/wp-json\/wp\/v2\/categories?post=1135"},{"taxonomy":"post_tag","embeddable":true,"href":"https:\/\/sandzakpress.net\/arhiva\/wp-json\/wp\/v2\/tags?post=1135"}],"curies":[{"name":"wp","href":"https:\/\/api.w.org\/{rel}","templated":true}]}}