{"id":113436,"date":"2014-10-25T10:41:56","date_gmt":"2014-10-25T08:41:56","guid":{"rendered":"https:\/\/sandzakpress.net\/arhiva\/?p=113436"},"modified":"2014-10-25T10:42:44","modified_gmt":"2014-10-25T08:42:44","slug":"skandalozno-pogledajte-sta-bosnjacka-djeca-uce-na-bosanskom-jeziku-u-skolama","status":"publish","type":"post","link":"https:\/\/sandzakpress.net\/arhiva\/skandalozno-pogledajte-sta-bosnjacka-djeca-uce-na-bosanskom-jeziku-u-skolama\/","title":{"rendered":"SKANDALOZNO &#8211; Pogledajte \u0161ta bo\u0161nja\u010dka djeca u\u010de na bosanskom jeziku u \u0161kolama!"},"content":{"rendered":"<p><img loading=\"lazy\" decoding=\"async\" class=\"aligncenter size-full wp-image-113438\" src=\"https:\/\/sandzakpress.net\/arhiva\/wp-content\/uploads\/2014\/10\/naslovan1.jpg\" alt=\"naslovan\" width=\"616\" height=\"281\" \/><\/p>\n<h2><span style=\"color: #ff0000;\">Prikazuje se nacrtani lik Poslanika, a.s.!?<\/span><\/h2>\n<p><span style=\"color: #ff0000;\"><strong style=\"color: #000000;\"><span style=\"font-weight: inherit; font-style: inherit;\">Radni ud\u017ebenik za historiju \u0161estog razreda osnovne \u0161kole na bosanskom jeziku, \u010diji autori su dr. sc. \u0110or\u0111e Bubalo i Branka Be\u010danovi\u0107,\u00a0<\/span>Bo\u0161nja\u010dko nacionalno vije\u0107e u tehni\u010dkom\u00a0mandatu\u00a0kojim rukovodi Esad D\u017eud\u017eo u ud\u017ebeniku\u00a0\u201eHistorija 6\u2033 na bosanskome jeziku od\u0161tampalo je\u00a0crnobijeli\u00a0crte\u017e\u00a0poslanika Muhameda s.a.v.s. \u0161to je izazvalo jako\u00a0veliki val negativne\u00a0energije\u00a0kod muslimana, a da stvar bude gora recenzenti i autori knjige su predstavnici srpskog naroda!<\/strong><\/span><\/p>\n<p><img decoding=\"async\" src=\"https:\/\/sandzakpress.net\/arhiva\/wp-content\/uploads\/2014\/09\/4ff642542c6e0c6b47136de0ee71f9698d8b43b760bb1e3a8dcf5e1249c0e68e_616w_80c_vhigh.jpg\" alt=\"4ff642542c6e0c6b47136de0ee71f9698d8b43b760bb1e3a8dcf5e1249c0e68e_616w_80c_vhigh\" \/><\/p>\n<h2><\/h2>\n<h2><span style=\"color: #ff0000;\">Povelja Kulina bana napisana na srpskom jeziku!?<\/span><\/h2>\n<p><strong><img loading=\"lazy\" decoding=\"async\" class=\"alignright\" src=\"http:\/\/sandzakhaber.net\/wp-content\/uploads\/2014\/09\/h4-e1411914811256.jpg\" alt=\"\" width=\"286\" height=\"398\" \/>Radni ud\u017ebenik za historiju \u0161estog razreda osnovne \u0161kole na bosanskom jeziku, \u010diji autori su dr. sc. \u0110or\u0111e Bubalo i Branka Be\u010danovi\u0107, pored skandalozne slike poslanika Muhameda s. a. v., sadr\u017eava jo\u0161 jedan skandalozan navod. Na strani 129. Ud\u017ebenika za Povelju Kulina bana se ka\u017ee da je \u201enajstarija sa\u010duvana povelja pisana srpskim jezikom i \u0107irilicom\u201c.<\/strong><\/p>\n<p><strong>Povelja Kulina bana nije napisana u Srbiji ve\u0107 u Bosni i nije na srpskom jeziku ve\u0107 na bosanskom. Napisana je pismom \u0161to se zove \u201ebosan\u010dica\u201c, koje se bitno razlikuje od ra\u0161ke odnosno srpske \u0107irilice. Leksika Povelje, pak, sadr\u017eava 6, 28 % rije\u010di koje su vjerovatno, najvjerovatnije i posve izvjesno gotskoga porijekla (I. Pa\u0161i\u0107: Gotizmi i ilirizmi u Kulinovoj povelji, Sarajevo 2013.). To zna\u010di da Povelja definitivno nije isklju\u010divo slavenski (i srpski) jezi\u010dki spomenik, kako se do sada smatralo, tim prije \u0161to historijski izvori u Bosni sve do sredine 19. vijeka ne poznaju Srbe ve\u0107 Vlahe. A Vlahe od Srba razlikuje i Du\u0161anov zakonik.<\/strong><\/p>\n<p><strong>Srpsko svojatanje Povelje prisutno je du\u017ee od jednog stolje\u0107a i ponekad ima tragikomi\u010dne razmjere. \u010ce\u0161ki lingvist Pavle \u0160afarik, za kojeg Vatroslav Jagi\u0107 ka\u017ee da je \u201evolio srpsko ime\u201c, u Povelju je, umjesto Kulinovog carinika i \u010destnika, involvirao srpskog komitu \u010detnika (P. J. \u0160afa\u0159\u00edk, Ok\u00e1zky ob\u010dansk\u00e9ho p\u00edsemnictvi, V Praze 1870, str. 2 \u2013 3)., itd.<\/strong><\/p>\n<p>&nbsp;<\/p>\n<h2><span style=\"color: #ff0000;\">Bo\u0161nja\u010dka djeca u\u010de napamet pjesmu o Svetom Savi!?<\/span><\/h2>\n<p><span style=\"color: #000000;\"><strong>Nakon skandala sa likom poslanika Muammeda s.a.v.s.\u00a0koje je izdavalo knjige na Bosanskom jeziku napravilo je jo\u0161 jedan skandalozan propust. Naime \u010delnici Vije\u0107a objavili su u knjizi muzi\u010dke kulture \u201e\u010carobni svijet muzike\u201c na Bosanskom jeziku pjesmicu Svetom Savi prevedenu na Bosankom.<\/strong><\/span><\/p>\n<p><span style=\"color: #000000;\">U ud\u017ebeniku u koji je imao uvid slikovno je prikazana pjesmica Svetom Savi koja se prema navodima iz knjige slu\u0161a stoje\u0107i.<\/span><\/p>\n<p><img decoding=\"async\" src=\"http:\/\/sandzakhaber.net\/wp-content\/uploads\/2014\/10\/naslovan.jpg\" alt=\"\" \/><\/p>\n<h2><\/h2>\n<h2><span style=\"color: #ff0000;\">Bo\u0161nja\u010dka djeca u\u010de napamet pjesmu\u00a0da je Isa, a.s. bo\u017eanstvo!?<\/span><\/h2>\n<p>Pored ove pjesmice postoji i pjesmica o Bo\u017ei\u0107u, Isusu Hristu te Djed Mrazu (Deda Mrazu). U pjesmici o Bo\u017ei\u0107u ka\u017ee se da je Bo\u017ei\u0107 blagi dan, blagog Krista (Hrista) ro\u0111endan \u2013 vidi slike.<\/p>\n<p><img decoding=\"async\" src=\"http:\/\/sandzakhaber.net\/wp-content\/uploads\/2014\/10\/svijet-3.jpg\" alt=\"\" \/><\/p>\n","protected":false},"excerpt":{"rendered":"<p>Zahvaljuju\u0107i Esadu D\u017eud\u017eu, SDA i njihovom &#8220;BNV&#8221; mandatu!!!<\/p>\n","protected":false},"author":83,"featured_media":113438,"comment_status":"open","ping_status":"open","sticky":false,"template":"","format":"standard","meta":{"footnotes":""},"categories":[800,9538,72,52,327,392,393,394,8957],"tags":[10238],"class_list":{"0":"post-113436","1":"post","2":"type-post","3":"status-publish","4":"format-standard","5":"has-post-thumbnail","7":"category-nacija","8":"category-njemacka-dijaspora-gradovi-vase-vijesti","9":"category-novi-pazar","10":"category-sjenica","11":"category-tutin","12":"category-prijepolje_","13":"category-priboj","14":"category-nova-varos","15":"category-vijesti-dana","16":"tag-esad-dzudzevic"},"yoast_head":"<!-- This site is optimized with the Yoast SEO Premium plugin v23.1 (Yoast SEO v24.9) - https:\/\/yoast.com\/wordpress\/plugins\/seo\/ -->\n<title>SKANDALOZNO - Pogledajte \u0161ta bo\u0161nja\u010dka djeca u\u010de na bosanskom jeziku u \u0161kolama!<\/title>\n<meta name=\"robots\" content=\"index, follow, max-snippet:-1, max-image-preview:large, max-video-preview:-1\" \/>\n<link rel=\"canonical\" href=\"https:\/\/sandzakpress.net\/arhiva\/skandalozno-pogledajte-sta-bosnjacka-djeca-uce-na-bosanskom-jeziku-u-skolama\/\" \/>\n<meta property=\"og:locale\" content=\"bs_BA\" \/>\n<meta property=\"og:type\" content=\"article\" \/>\n<meta property=\"og:title\" content=\"SKANDALOZNO - Pogledajte \u0161ta bo\u0161nja\u010dka djeca u\u010de na bosanskom jeziku u \u0161kolama!\" \/>\n<meta property=\"og:description\" content=\"Zahvaljuju\u0107i Esadu D\u017eud\u017eu, SDA i njihovom &quot;BNV&quot; mandatu!!!\" \/>\n<meta property=\"og:url\" content=\"https:\/\/sandzakpress.net\/arhiva\/skandalozno-pogledajte-sta-bosnjacka-djeca-uce-na-bosanskom-jeziku-u-skolama\/\" \/>\n<meta property=\"og:site_name\" content=\"Sand\u017eak PRESS\" \/>\n<meta property=\"article:published_time\" content=\"2014-10-25T08:41:56+00:00\" \/>\n<meta property=\"article:modified_time\" content=\"2014-10-25T08:42:44+00:00\" \/>\n<meta property=\"og:image\" content=\"https:\/\/sandzakpress.net\/arhiva\/wp-content\/uploads\/2014\/10\/naslovan1.jpg\" \/>\n\t<meta property=\"og:image:width\" content=\"616\" \/>\n\t<meta property=\"og:image:height\" content=\"281\" \/>\n\t<meta property=\"og:image:type\" content=\"image\/jpeg\" \/>\n<meta name=\"author\" content=\"bosniak\" \/>\n<meta name=\"twitter:card\" content=\"summary_large_image\" \/>\n<meta name=\"twitter:label1\" content=\"Written by\" \/>\n\t<meta name=\"twitter:data1\" content=\"bosniak\" \/>\n\t<meta name=\"twitter:label2\" content=\"Est. reading time\" \/>\n\t<meta name=\"twitter:data2\" content=\"2 minute\" \/>\n<script type=\"application\/ld+json\" class=\"yoast-schema-graph\">{\"@context\":\"https:\/\/schema.org\",\"@graph\":[{\"@type\":\"Article\",\"@id\":\"https:\/\/sandzakpress.net\/arhiva\/skandalozno-pogledajte-sta-bosnjacka-djeca-uce-na-bosanskom-jeziku-u-skolama\/#article\",\"isPartOf\":{\"@id\":\"https:\/\/sandzakpress.net\/arhiva\/skandalozno-pogledajte-sta-bosnjacka-djeca-uce-na-bosanskom-jeziku-u-skolama\/\"},\"author\":{\"name\":\"bosniak\",\"@id\":\"https:\/\/sandzakpress.net\/arhiva\/#\/schema\/person\/c8baee722073534b583ea7bdb2e36c02\"},\"headline\":\"SKANDALOZNO &#8211; Pogledajte \u0161ta bo\u0161nja\u010dka djeca u\u010de na bosanskom jeziku u \u0161kolama!\",\"datePublished\":\"2014-10-25T08:41:56+00:00\",\"dateModified\":\"2014-10-25T08:42:44+00:00\",\"mainEntityOfPage\":{\"@id\":\"https:\/\/sandzakpress.net\/arhiva\/skandalozno-pogledajte-sta-bosnjacka-djeca-uce-na-bosanskom-jeziku-u-skolama\/\"},\"wordCount\":473,\"commentCount\":63,\"publisher\":{\"@id\":\"https:\/\/sandzakpress.net\/arhiva\/#\/schema\/person\/6e72b67d6e51910a1117b3b483ba20bd\"},\"image\":{\"@id\":\"https:\/\/sandzakpress.net\/arhiva\/skandalozno-pogledajte-sta-bosnjacka-djeca-uce-na-bosanskom-jeziku-u-skolama\/#primaryimage\"},\"thumbnailUrl\":\"https:\/\/sandzakpress.net\/arhiva\/wp-content\/uploads\/2014\/10\/naslovan1.jpg\",\"keywords\":[\"Esad D\u017eud\u017eo\"],\"articleSection\":[\"Nacija\",\"Njema\u010dka\",\"Novi Pazar\",\"Sjenica\",\"Tutin\",\"Prijepolje\",\"Priboj\",\"Nova Varo\u0161\",\"VIJESTI DANA\"],\"inLanguage\":\"bs-BA\",\"potentialAction\":[{\"@type\":\"CommentAction\",\"name\":\"Comment\",\"target\":[\"https:\/\/sandzakpress.net\/arhiva\/skandalozno-pogledajte-sta-bosnjacka-djeca-uce-na-bosanskom-jeziku-u-skolama\/#respond\"]}]},{\"@type\":\"WebPage\",\"@id\":\"https:\/\/sandzakpress.net\/arhiva\/skandalozno-pogledajte-sta-bosnjacka-djeca-uce-na-bosanskom-jeziku-u-skolama\/\",\"url\":\"https:\/\/sandzakpress.net\/arhiva\/skandalozno-pogledajte-sta-bosnjacka-djeca-uce-na-bosanskom-jeziku-u-skolama\/\",\"name\":\"SKANDALOZNO - Pogledajte \u0161ta bo\u0161nja\u010dka djeca u\u010de na bosanskom jeziku u \u0161kolama!\",\"isPartOf\":{\"@id\":\"https:\/\/sandzakpress.net\/arhiva\/#website\"},\"primaryImageOfPage\":{\"@id\":\"https:\/\/sandzakpress.net\/arhiva\/skandalozno-pogledajte-sta-bosnjacka-djeca-uce-na-bosanskom-jeziku-u-skolama\/#primaryimage\"},\"image\":{\"@id\":\"https:\/\/sandzakpress.net\/arhiva\/skandalozno-pogledajte-sta-bosnjacka-djeca-uce-na-bosanskom-jeziku-u-skolama\/#primaryimage\"},\"thumbnailUrl\":\"https:\/\/sandzakpress.net\/arhiva\/wp-content\/uploads\/2014\/10\/naslovan1.jpg\",\"datePublished\":\"2014-10-25T08:41:56+00:00\",\"dateModified\":\"2014-10-25T08:42:44+00:00\",\"breadcrumb\":{\"@id\":\"https:\/\/sandzakpress.net\/arhiva\/skandalozno-pogledajte-sta-bosnjacka-djeca-uce-na-bosanskom-jeziku-u-skolama\/#breadcrumb\"},\"inLanguage\":\"bs-BA\",\"potentialAction\":[{\"@type\":\"ReadAction\",\"target\":[\"https:\/\/sandzakpress.net\/arhiva\/skandalozno-pogledajte-sta-bosnjacka-djeca-uce-na-bosanskom-jeziku-u-skolama\/\"]}]},{\"@type\":\"ImageObject\",\"inLanguage\":\"bs-BA\",\"@id\":\"https:\/\/sandzakpress.net\/arhiva\/skandalozno-pogledajte-sta-bosnjacka-djeca-uce-na-bosanskom-jeziku-u-skolama\/#primaryimage\",\"url\":\"https:\/\/sandzakpress.net\/arhiva\/wp-content\/uploads\/2014\/10\/naslovan1.jpg\",\"contentUrl\":\"https:\/\/sandzakpress.net\/arhiva\/wp-content\/uploads\/2014\/10\/naslovan1.jpg\",\"width\":616,\"height\":281},{\"@type\":\"BreadcrumbList\",\"@id\":\"https:\/\/sandzakpress.net\/arhiva\/skandalozno-pogledajte-sta-bosnjacka-djeca-uce-na-bosanskom-jeziku-u-skolama\/#breadcrumb\",\"itemListElement\":[{\"@type\":\"ListItem\",\"position\":1,\"name\":\"Home\",\"item\":\"https:\/\/sandzakpress.net\/arhiva\/\"},{\"@type\":\"ListItem\",\"position\":2,\"name\":\"SKANDALOZNO &#8211; Pogledajte \u0161ta bo\u0161nja\u010dka djeca u\u010de na bosanskom jeziku u \u0161kolama!\"}]},{\"@type\":\"WebSite\",\"@id\":\"https:\/\/sandzakpress.net\/arhiva\/#website\",\"url\":\"https:\/\/sandzakpress.net\/arhiva\/\",\"name\":\"Sand\u017eak PRESS\",\"description\":\"Prve elektronske novine u Sand\u017eaku\",\"publisher\":{\"@id\":\"https:\/\/sandzakpress.net\/arhiva\/#\/schema\/person\/6e72b67d6e51910a1117b3b483ba20bd\"},\"potentialAction\":[{\"@type\":\"SearchAction\",\"target\":{\"@type\":\"EntryPoint\",\"urlTemplate\":\"https:\/\/sandzakpress.net\/arhiva\/?s={search_term_string}\"},\"query-input\":{\"@type\":\"PropertyValueSpecification\",\"valueRequired\":true,\"valueName\":\"search_term_string\"}}],\"inLanguage\":\"bs-BA\"},{\"@type\":[\"Person\",\"Organization\"],\"@id\":\"https:\/\/sandzakpress.net\/arhiva\/#\/schema\/person\/6e72b67d6e51910a1117b3b483ba20bd\",\"name\":\"Kul\",\"image\":{\"@type\":\"ImageObject\",\"inLanguage\":\"bs-BA\",\"@id\":\"https:\/\/sandzakpress.net\/arhiva\/#\/schema\/person\/image\/\",\"url\":\"https:\/\/secure.gravatar.com\/avatar\/42263f39aa27ac04c43cab85c280eb2e?s=96&d=mm&r=pg\",\"contentUrl\":\"https:\/\/secure.gravatar.com\/avatar\/42263f39aa27ac04c43cab85c280eb2e?s=96&d=mm&r=pg\",\"caption\":\"Kul\"},\"logo\":{\"@id\":\"https:\/\/sandzakpress.net\/arhiva\/#\/schema\/person\/image\/\"}},{\"@type\":\"Person\",\"@id\":\"https:\/\/sandzakpress.net\/arhiva\/#\/schema\/person\/c8baee722073534b583ea7bdb2e36c02\",\"name\":\"bosniak\",\"image\":{\"@type\":\"ImageObject\",\"inLanguage\":\"bs-BA\",\"@id\":\"https:\/\/sandzakpress.net\/arhiva\/#\/schema\/person\/image\/\",\"url\":\"https:\/\/secure.gravatar.com\/avatar\/a04fd330bfe3a36a72a0ad4a6d89fca7?s=96&d=mm&r=pg\",\"contentUrl\":\"https:\/\/secure.gravatar.com\/avatar\/a04fd330bfe3a36a72a0ad4a6d89fca7?s=96&d=mm&r=pg\",\"caption\":\"bosniak\"},\"url\":\"https:\/\/sandzakpress.net\/arhiva\/author\/bosniak\/\"}]}<\/script>\n<!-- \/ Yoast SEO Premium plugin. -->","yoast_head_json":{"title":"SKANDALOZNO - Pogledajte \u0161ta bo\u0161nja\u010dka djeca u\u010de na bosanskom jeziku u \u0161kolama!","robots":{"index":"index","follow":"follow","max-snippet":"max-snippet:-1","max-image-preview":"max-image-preview:large","max-video-preview":"max-video-preview:-1"},"canonical":"https:\/\/sandzakpress.net\/arhiva\/skandalozno-pogledajte-sta-bosnjacka-djeca-uce-na-bosanskom-jeziku-u-skolama\/","og_locale":"bs_BA","og_type":"article","og_title":"SKANDALOZNO - Pogledajte \u0161ta bo\u0161nja\u010dka djeca u\u010de na bosanskom jeziku u \u0161kolama!","og_description":"Zahvaljuju\u0107i Esadu D\u017eud\u017eu, SDA i njihovom \"BNV\" mandatu!!!","og_url":"https:\/\/sandzakpress.net\/arhiva\/skandalozno-pogledajte-sta-bosnjacka-djeca-uce-na-bosanskom-jeziku-u-skolama\/","og_site_name":"Sand\u017eak PRESS","article_published_time":"2014-10-25T08:41:56+00:00","article_modified_time":"2014-10-25T08:42:44+00:00","og_image":[{"width":616,"height":281,"url":"https:\/\/sandzakpress.net\/arhiva\/wp-content\/uploads\/2014\/10\/naslovan1.jpg","type":"image\/jpeg"}],"author":"bosniak","twitter_card":"summary_large_image","twitter_misc":{"Written by":"bosniak","Est. reading time":"2 minute"},"schema":{"@context":"https:\/\/schema.org","@graph":[{"@type":"Article","@id":"https:\/\/sandzakpress.net\/arhiva\/skandalozno-pogledajte-sta-bosnjacka-djeca-uce-na-bosanskom-jeziku-u-skolama\/#article","isPartOf":{"@id":"https:\/\/sandzakpress.net\/arhiva\/skandalozno-pogledajte-sta-bosnjacka-djeca-uce-na-bosanskom-jeziku-u-skolama\/"},"author":{"name":"bosniak","@id":"https:\/\/sandzakpress.net\/arhiva\/#\/schema\/person\/c8baee722073534b583ea7bdb2e36c02"},"headline":"SKANDALOZNO &#8211; Pogledajte \u0161ta bo\u0161nja\u010dka djeca u\u010de na bosanskom jeziku u \u0161kolama!","datePublished":"2014-10-25T08:41:56+00:00","dateModified":"2014-10-25T08:42:44+00:00","mainEntityOfPage":{"@id":"https:\/\/sandzakpress.net\/arhiva\/skandalozno-pogledajte-sta-bosnjacka-djeca-uce-na-bosanskom-jeziku-u-skolama\/"},"wordCount":473,"commentCount":63,"publisher":{"@id":"https:\/\/sandzakpress.net\/arhiva\/#\/schema\/person\/6e72b67d6e51910a1117b3b483ba20bd"},"image":{"@id":"https:\/\/sandzakpress.net\/arhiva\/skandalozno-pogledajte-sta-bosnjacka-djeca-uce-na-bosanskom-jeziku-u-skolama\/#primaryimage"},"thumbnailUrl":"https:\/\/sandzakpress.net\/arhiva\/wp-content\/uploads\/2014\/10\/naslovan1.jpg","keywords":["Esad D\u017eud\u017eo"],"articleSection":["Nacija","Njema\u010dka","Novi Pazar","Sjenica","Tutin","Prijepolje","Priboj","Nova Varo\u0161","VIJESTI DANA"],"inLanguage":"bs-BA","potentialAction":[{"@type":"CommentAction","name":"Comment","target":["https:\/\/sandzakpress.net\/arhiva\/skandalozno-pogledajte-sta-bosnjacka-djeca-uce-na-bosanskom-jeziku-u-skolama\/#respond"]}]},{"@type":"WebPage","@id":"https:\/\/sandzakpress.net\/arhiva\/skandalozno-pogledajte-sta-bosnjacka-djeca-uce-na-bosanskom-jeziku-u-skolama\/","url":"https:\/\/sandzakpress.net\/arhiva\/skandalozno-pogledajte-sta-bosnjacka-djeca-uce-na-bosanskom-jeziku-u-skolama\/","name":"SKANDALOZNO - Pogledajte \u0161ta bo\u0161nja\u010dka djeca u\u010de na bosanskom jeziku u \u0161kolama!","isPartOf":{"@id":"https:\/\/sandzakpress.net\/arhiva\/#website"},"primaryImageOfPage":{"@id":"https:\/\/sandzakpress.net\/arhiva\/skandalozno-pogledajte-sta-bosnjacka-djeca-uce-na-bosanskom-jeziku-u-skolama\/#primaryimage"},"image":{"@id":"https:\/\/sandzakpress.net\/arhiva\/skandalozno-pogledajte-sta-bosnjacka-djeca-uce-na-bosanskom-jeziku-u-skolama\/#primaryimage"},"thumbnailUrl":"https:\/\/sandzakpress.net\/arhiva\/wp-content\/uploads\/2014\/10\/naslovan1.jpg","datePublished":"2014-10-25T08:41:56+00:00","dateModified":"2014-10-25T08:42:44+00:00","breadcrumb":{"@id":"https:\/\/sandzakpress.net\/arhiva\/skandalozno-pogledajte-sta-bosnjacka-djeca-uce-na-bosanskom-jeziku-u-skolama\/#breadcrumb"},"inLanguage":"bs-BA","potentialAction":[{"@type":"ReadAction","target":["https:\/\/sandzakpress.net\/arhiva\/skandalozno-pogledajte-sta-bosnjacka-djeca-uce-na-bosanskom-jeziku-u-skolama\/"]}]},{"@type":"ImageObject","inLanguage":"bs-BA","@id":"https:\/\/sandzakpress.net\/arhiva\/skandalozno-pogledajte-sta-bosnjacka-djeca-uce-na-bosanskom-jeziku-u-skolama\/#primaryimage","url":"https:\/\/sandzakpress.net\/arhiva\/wp-content\/uploads\/2014\/10\/naslovan1.jpg","contentUrl":"https:\/\/sandzakpress.net\/arhiva\/wp-content\/uploads\/2014\/10\/naslovan1.jpg","width":616,"height":281},{"@type":"BreadcrumbList","@id":"https:\/\/sandzakpress.net\/arhiva\/skandalozno-pogledajte-sta-bosnjacka-djeca-uce-na-bosanskom-jeziku-u-skolama\/#breadcrumb","itemListElement":[{"@type":"ListItem","position":1,"name":"Home","item":"https:\/\/sandzakpress.net\/arhiva\/"},{"@type":"ListItem","position":2,"name":"SKANDALOZNO &#8211; Pogledajte \u0161ta bo\u0161nja\u010dka djeca u\u010de na bosanskom jeziku u \u0161kolama!"}]},{"@type":"WebSite","@id":"https:\/\/sandzakpress.net\/arhiva\/#website","url":"https:\/\/sandzakpress.net\/arhiva\/","name":"Sand\u017eak PRESS","description":"Prve elektronske novine u Sand\u017eaku","publisher":{"@id":"https:\/\/sandzakpress.net\/arhiva\/#\/schema\/person\/6e72b67d6e51910a1117b3b483ba20bd"},"potentialAction":[{"@type":"SearchAction","target":{"@type":"EntryPoint","urlTemplate":"https:\/\/sandzakpress.net\/arhiva\/?s={search_term_string}"},"query-input":{"@type":"PropertyValueSpecification","valueRequired":true,"valueName":"search_term_string"}}],"inLanguage":"bs-BA"},{"@type":["Person","Organization"],"@id":"https:\/\/sandzakpress.net\/arhiva\/#\/schema\/person\/6e72b67d6e51910a1117b3b483ba20bd","name":"Kul","image":{"@type":"ImageObject","inLanguage":"bs-BA","@id":"https:\/\/sandzakpress.net\/arhiva\/#\/schema\/person\/image\/","url":"https:\/\/secure.gravatar.com\/avatar\/42263f39aa27ac04c43cab85c280eb2e?s=96&d=mm&r=pg","contentUrl":"https:\/\/secure.gravatar.com\/avatar\/42263f39aa27ac04c43cab85c280eb2e?s=96&d=mm&r=pg","caption":"Kul"},"logo":{"@id":"https:\/\/sandzakpress.net\/arhiva\/#\/schema\/person\/image\/"}},{"@type":"Person","@id":"https:\/\/sandzakpress.net\/arhiva\/#\/schema\/person\/c8baee722073534b583ea7bdb2e36c02","name":"bosniak","image":{"@type":"ImageObject","inLanguage":"bs-BA","@id":"https:\/\/sandzakpress.net\/arhiva\/#\/schema\/person\/image\/","url":"https:\/\/secure.gravatar.com\/avatar\/a04fd330bfe3a36a72a0ad4a6d89fca7?s=96&d=mm&r=pg","contentUrl":"https:\/\/secure.gravatar.com\/avatar\/a04fd330bfe3a36a72a0ad4a6d89fca7?s=96&d=mm&r=pg","caption":"bosniak"},"url":"https:\/\/sandzakpress.net\/arhiva\/author\/bosniak\/"}]}},"_links":{"self":[{"href":"https:\/\/sandzakpress.net\/arhiva\/wp-json\/wp\/v2\/posts\/113436"}],"collection":[{"href":"https:\/\/sandzakpress.net\/arhiva\/wp-json\/wp\/v2\/posts"}],"about":[{"href":"https:\/\/sandzakpress.net\/arhiva\/wp-json\/wp\/v2\/types\/post"}],"author":[{"embeddable":true,"href":"https:\/\/sandzakpress.net\/arhiva\/wp-json\/wp\/v2\/users\/83"}],"replies":[{"embeddable":true,"href":"https:\/\/sandzakpress.net\/arhiva\/wp-json\/wp\/v2\/comments?post=113436"}],"version-history":[{"count":0,"href":"https:\/\/sandzakpress.net\/arhiva\/wp-json\/wp\/v2\/posts\/113436\/revisions"}],"wp:featuredmedia":[{"embeddable":true,"href":"https:\/\/sandzakpress.net\/arhiva\/wp-json\/wp\/v2\/media\/113438"}],"wp:attachment":[{"href":"https:\/\/sandzakpress.net\/arhiva\/wp-json\/wp\/v2\/media?parent=113436"}],"wp:term":[{"taxonomy":"category","embeddable":true,"href":"https:\/\/sandzakpress.net\/arhiva\/wp-json\/wp\/v2\/categories?post=113436"},{"taxonomy":"post_tag","embeddable":true,"href":"https:\/\/sandzakpress.net\/arhiva\/wp-json\/wp\/v2\/tags?post=113436"}],"curies":[{"name":"wp","href":"https:\/\/api.w.org\/{rel}","templated":true}]}}