{"id":113424,"date":"2014-10-24T17:26:30","date_gmt":"2014-10-24T15:26:30","guid":{"rendered":"https:\/\/sandzakpress.net\/arhiva\/?p=113424"},"modified":"2014-10-24T17:26:30","modified_gmt":"2014-10-24T15:26:30","slug":"mujevic-trazili-su-mito-od-1500-evra","status":"publish","type":"post","link":"https:\/\/sandzakpress.net\/arhiva\/mujevic-trazili-su-mito-od-1500-evra\/","title":{"rendered":"Mujevi\u0107: Tra\u017eili su mito od 1500 evra"},"content":{"rendered":"<p><img decoding=\"async\" src=\"http:\/\/sandzakonline.com\/wp-content\/uploads\/2014\/10\/hron923102014-660x330.jpg\" alt=\"Mujevi\u0107: Tra\u017eili su mito od 1500 evra\" \/><\/p>\n<p><strong>Ro\u017eaje &#8211; Ro\u00ad\u017ea\u00adjac Ad\u00admir Mu\u00adje\u00advi\u0107 op\u00adtu\u00ad\u017eio je za mi\u00adto, ko\u00adrup\u00adci\u00adju i ucje\u00adnu Ibra\u00adhi\u00adma Be\u00ad\u0107i\u00adra\u00adgi\u00ad\u0107a i Ja\u00adha De\u00admi\u00ad\u0107a, za\u00adpo\u00adsle\u00adne u Ca\u00adrin\u00adskoj is\u00adpo\u00adsta\u00advi u Ro\u00ad\u017ea\u00adja\u00adma, i o to\u00adme je ju\u00ad\u010de oba\u00advi\u00adje\u00adstio po\u00adli\u00adci\u00adju. Is\u00adta\u00adkao je da ca\u00adri\u00adni\u00adci vi\u00ad\u0161e od de\u00advet mje\u00adse\u00adci dr\u00ad\u017ee na ca\u00adrin\u00adskom ter\u00admi\u00adna\u00adlu u Ro\u00ad\u017ea\u00adja\u00adma ka\u00admi\u00adon ko\u00adji je uve\u00adzao iz Nje\u00adma\u010d\u00adke i za ko\u00adji ima is\u00adprav\u00adnu pa\u00adpi\u00adro\u00adlo\u00adgi\u00adju.<\/strong><\/p>\n<p>\u2013 Jo\u0161 u fe\u00adbru\u00ada\u00adru smo moj otac i ja uve\u00adzli ka\u00admi\u00adon ko\u00adji smo u Nje\u00adma\u010d\u00adkoj pla\u00adti\u00adli 7.000 eura. Ca\u00adri\u00adna je po pro\u00adpi\u00adsi\u00adma za taj uvoz ob\u00adra\u00ad\u010du\u00adna\u00adta na oko 1.300 eura. Me\u00ad\u0111u\u00adtim, ovi ca\u00adri\u00adni\u00adci su tra\u00ad\u017ei\u00adli da ih \u010da\u00adsti\u00admo 1.500 eura. Uko\u00adli\u00adko to ne ura\u00addi\u00admo, za\u00adpri\u00adje\u00adti\u00adli su da \u0107e nam ka\u00admi\u00adon oca\u00adri\u00adni\u00adti na \u010dak 22.000 eura, za \u0161ta bi on\u00adda tre\u00adba\u00adlo da pla\u00adti\u00admo ca\u00adri\u00adnu pre\u00adko 4.000 eura.<br \/>\nNi\u00adje\u00adsmo pri\u00adsta\u00adli na nji\u00adho\u00adve ucje\u00adne, pa se vo\u00adzi\u00adlo i da\u00adnas na\u00adla\u00adzi na ca\u00adrin\u00adskom ter\u00admi\u00adna\u00adlu u Ro\u00ad\u017ea\u00adja\u00adma. Ne\u00adko\u00adli\u00adko pu\u00adta \u017ea\u00adli\u00adli smo se nad\u00adle\u00ad\u017enom mi\u00adni\u00adstar\u00adstvu i uvi\u00adjek smo do\u00adbi\u00adja\u00adli po\u00adzi\u00adtiv\u00adna rje\u00ad\u0161e\u00adnja da mo\u00ad\u017ee\u00admo da pre\u00adu\u00adzme\u00admo ka\u00admi\u00adon, jer smo po\u00adlo\u00advi\u00adnom go\u00addi\u00adne pla\u00adti\u00adli ca\u00adri\u00adnu od 1.300 eura. Me\u00ad\u0111u\u00adtim, ta dva ca\u00adri\u00adni\u00adka se po\u00adna\u00ad\u0161a\u00adju kao da je ca\u00adrin\u00adska is\u00adpo\u00adsta\u00adva nji\u00adho\u00adva pri\u00advat\u00adna fir\u00adma \u2013 na\u00adveo je Mu\u00adje\u00advi\u0107 i pri\u00adznao da su on i nje\u00adgov otac ra\u00adni\u00adje uve\u00adzli iz ino\u00adstran\u00adstva kom\u00adbi i da su po\u00adme\u00adnu\u00adte ca\u00adri\u00adni\u00adke ta\u00adda \u010da\u00adsti\u00adli 500 eura.<\/p>\n<p>\u2013 Be\u00ad\u0107i\u00adra\u00adgi\u0107 i De\u00admi\u0107 su na\u00advi\u00adkli da bu\u00addu \u010da\u00ad\u0161\u0107e\u00adni i ne do\u00adzvo\u00adlja\u00adva\u00adju nam da uzme\u00admo ka\u00admi\u00adon sa\u00admo za\u00adto \u0161to o\u010de\u00adku\u00adju mi\u00adto. Za uve\u00adze\u00adni kom\u00adbi \u010da\u00adsti\u00adli smo ih 500 eura ka\u00adko nam ne bi ob\u00adra\u00ad\u010du\u00adna\u00adli vi\u00adso\u00adku ca\u00adri\u00adnu i oni vje\u00adro\u00advat\u00adno o\u010de\u00adku\u00adju da ih i ovaj put pod\u00admi\u00adti\u00admo. Me\u00ad\u0111u\u00adtim, mi smo se za\u00adre\u00adkli da ne\u00ad\u0107e\u00admo kr\u00ad\u0161i\u00adti za\u00adkon\u00adske pr\u00ado\u00adpi\u00adse i ula\u00adzi\u00adti u oblast mi\u00adta i ko\u00adrup\u00adci\u00adje, jer zna\u00admo da je to ka\u00ad\u017enji\u00advo \u2013 re\u00adkao je Mu\u00adje\u00advi\u0107. Ru\u00adko\u00advo\u00adde\u00ad\u0107i se rje\u00ad\u0161e\u00adnjem Mi\u00adni\u00adstar\u00adstva fi\u00adnan\u00adsi\u00adja, od\u00adno\u00adsno Upra\u00adve za ca\u00adrin\u00adski si\u00adstem, ko\u00adje je do\u00adne\u00adse\u00adno pri\u00adje 20 da\u00adna a ko\u00adje mu je tek ju\u00ad\u010de uru\u00ad\u010de\u00adno, Mu\u00adje\u00advi\u0107 je ju\u00ad\u010de po\u00adku\u00ad\u0161ao da pre\u00adu\u00adzme ka\u00admi\u00adon iz kru\u00adga ca\u00adri\u00adne, ali tvr\u00addi da su su ga u to\u00adme spri\u00adje\u00ad\u010di\u00adli ca\u00adri\u00adni\u00adci.<\/p>\n<p>\u2013 Po\u00ad\u0161to \u010de\u00adsto obi\u00adla\u00adzim ka\u00admi\u00adon, pri\u00admi\u00adje\u00adtio sam da je iz nje\u00adga ne\u00adsta\u00adlo oko 400 li\u00adta\u00adra go\u00adri\u00adva i opre\u00adma vri\u00adjed\u00adna oko 700 eura. Ju\u00ad\u010de ka\u00adda sam po\u00adku\u00ad\u0161ao da iz\u00adve\u00adzem ka\u00admi\u00adon iz kru\u00adga ter\u00admi\u00adna\u00adla, ca\u00adri\u00adni\u00adci su mi po\u00adsla\u00adli po\u00adsred\u00adni\u00adka Fa\u00adru\u00adka Ago\u00advi\u00ad\u0107a da se na\u00adgo\u00addi\u00admo oko po\u00adrav\u00adna\u00adnja tro\u00ad\u0161ko\u00adva. Tra\u00ad\u017ee da im pla\u00adti\u00admo le\u00ad\u017ea\u00adri\u00adnu od fe\u00adbru\u00ada\u00adra do da\u00adnas iako za to ne sno\u00adsi\u00admo od\u00adgo\u00advor\u00adnost. Na\u0161 ka\u00admi\u00adon je oplja\u010d\u00adkan i ja sam ju\u00ad\u010de o sve\u00admu oba\u00advi\u00adje\u00adstio po\u00adli\u00adci\u00adju ko\u00adja je od\u00admah iza\u00ad\u0161la na li\u00adce mje\u00adsta i iz\u00advr\u00ad\u0161i\u00adla uvi\u00ad\u0111aj. Ca\u00adri\u00adni\u00adci pak i da\u00adlje tra\u00ad\u017ee po\u00adrav\u00adna\u00adnje, od\u00adno\u00adsno da mi od\u00adu\u00adsta\u00adne\u00admo od tu\u00ad\u017ebe i na\u00adpla\u00adte ukra\u00adde\u00adne opre\u00adme i go\u00adri\u00adva na ra\u00ad\u010dun le\u00ad\u017ea\u00adri\u00adne \u2013 ka\u00adzao je Mu\u00adje\u00advi\u0107. Is\u00adti\u00ad\u010de da \u0107e pod\u00adni\u00adje\u00adti kri\u00advi\u010d\u00adnu pri\u00adja\u00advu pro\u00adtiv Be\u00ad\u0107i\u00adra\u00adgi\u00ad\u0107a i De\u00admi\u00ad\u0107a i da \u0107e tra\u00ad\u017ei\u00adti da mu za svih de\u00advet mje\u00adse\u00adci is\u00adpla\u00adte po sto\u00adti\u00adnu eura dnev\u00adno, ko\u00adli\u00adko sma\u00adtra da je iz\u00adgu\u00adbio zbog za\u00addr\u00ad\u017ea\u00adva\u00adnja ka\u00admi\u00ado\u00adna na ca\u00adrin\u00adskom ter\u00admi\u00adna\u00adlu.<\/p>\n<p>\u2013 Be\u00ad\u0107i\u00adra\u00adgi\u0107 i De\u00admi\u0107 su tra\u00ad\u017ei\u00adli pa\u00adre od nas i de\u00advet mje\u00adse\u00adci nas ucje\u00adnju\u00adju i mal\u00adtre\u00adti\u00adra\u00adju. Ca\u00adri\u00adna je o\u010di\u00adgled\u00adno po\u00adsta\u00adla pri\u00advat\u00adna pr\u00ad\u0107i\u00adja tih lju\u00addi, pa ko im da pa\u00adre u re\u00addu je a ko ne da, on\u00adda mo\u00ad\u017ee sa\u00admo da se sli\u00adka sa svo\u00adjom ro\u00adbom na ter\u00admi\u00adna\u00adlu. Ka\u00adda ni\u00adje\u00adsmo pri\u00adhva\u00adti\u00adli da im da\u00admo mi\u00adto, oni su mo\u00adga oca pri\u00adja\u00advi\u00adli da je pri\u00adje\u00adtio nji\u00adma i nji\u00adho\u00advim po\u00adro\u00addi\u00adca\u00adma i taj slu\u00ad\u010daj je za\u00advr\u00ad\u0161io na su\u00addu \u2013 re\u00adkao je Mu\u00adje\u00advi\u0107.<\/p>\n<p>TVR\u00adDI DA NI\u00adJE\u00adSU UCJE\u00adNJI\u00adVA\u00adLI<\/p>\n<p>Za ko\u00admen\u00adtar smo se obra\u00adti\u00adli nad\u00adle\u00ad\u017eni\u00adma u ca\u00adrin\u00adskom ter\u00admi\u00adna\u00adlu. Na na\u0161 po\u00adziv ja\u00advio se Ja\u00adho De\u00admi\u0107 i re\u00adkao da pro\u00adblem stva\u00adra\u00adju Mu\u00adje\u00advi\u00ad\u0107i jer ni\u00adje\u00adsu pla\u00adti\u00adli ca\u00adri\u00adnu ko\u00adja im je ob\u00adra\u00ad\u010du\u00adna\u00adta, te da iz tog raz\u00adlo\u00adga ne mo\u00adgu da pre\u00adu\u00adzmu vo\u00adzi\u00adlo.<\/p>\n<p>\u2013 Mi ni\u00adko\u00adga ne ucje\u00adnju\u00adje\u00admo, a uko\u00adli\u00adko Mu\u00adje\u00advi\u00ad\u0107i sma\u00adtra\u00adju da ima ele\u00adme\u00adna\u00adta za kri\u00advi\u010d\u00adno go\u00adnje\u00adnje, ne\u00adka nas pri\u00adja\u00advi tu\u00ad\u017ei\u00adla\u00ad\u0161tvu \u2013 krat\u00adko je pro\u00adko\u00admen\u00adta\u00adri\u00adsao De\u00admi\u0107.<\/p>\n<p>U po\u00adli\u00adci\u00adji su \u201eDa\u00adnu\u201d po\u00adtvr\u00addi\u00adli da je Mu\u00adje\u00advi\u0107 pri\u00adja\u00advio kra\u00ad\u0111u 400 li\u00adta\u00adra naf\u00adte, ko\u00adja je bi\u00adla u re\u00adzer\u00advo\u00ada\u00adru ka\u00admi\u00ado\u00adna, te elek\u00adtri\u010d\u00adnog re\u00adtro\u00advi\u00adzo\u00adra i jed\u00adnog klo\u00adca. Po\u00adtvr\u00ad\u0111e\u00adno je i da je Be\u00ad\u0107i\u00adra\u00adgi\u00ad\u0107a i De\u00admi\u00ad\u0107a pri\u00adja\u00advio za ucje\u00adnu.<\/p>\n<p>(dan)<\/p>\n","protected":false},"excerpt":{"rendered":"<p>Ro\u017eaje &#8211; Ro\u00ad\u017ea\u00adjac Ad\u00admir Mu\u00adje\u00advi\u0107 op\u00adtu\u00ad\u017eio je za mi\u00adto, ko\u00adrup\u00adci\u00adju i ucje\u00adnu Ibra\u00adhi\u00adma Be\u00ad\u0107i\u00adra\u00adgi\u00ad\u0107a i Ja\u00adha De\u00admi\u00ad\u0107a, za\u00adpo\u00adsle\u00adne u Ca\u00adrin\u00adskoj is\u00adpo\u00adsta\u00advi u Ro\u00ad\u017ea\u00adja\u00adma, i o to\u00adme je ju\u00ad\u010de oba\u00advi\u00adje\u00adstio po\u00adli\u00adci\u00adju. Is\u00adta\u00adkao je da ca\u00adri\u00adni\u00adci vi\u00ad\u0161e od de\u00advet mje\u00adse\u00adci dr\u00ad\u017ee na ca\u00adrin\u00adskom ter\u00admi\u00adna\u00adlu u Ro\u00ad\u017ea\u00adja\u00adma ka\u00admi\u00adon ko\u00adji je uve\u00adzao iz Nje\u00adma\u010d\u00adke i za ko\u00adji ima is\u00adprav\u00adnu [&hellip;]<\/p>\n","protected":false},"author":83,"featured_media":113425,"comment_status":"open","ping_status":"open","sticky":false,"template":"","format":"standard","meta":{"footnotes":""},"categories":[398,5,798,10193],"tags":[],"class_list":{"0":"post-113424","1":"post","2":"type-post","3":"status-publish","4":"format-standard","5":"has-post-thumbnail","7":"category-rozaje","8":"category-drustvo","9":"category-teme","10":"category-sandzak-2"},"yoast_head":"<!-- This site is optimized with the Yoast SEO Premium plugin v23.1 (Yoast SEO v24.9) - https:\/\/yoast.com\/wordpress\/plugins\/seo\/ -->\n<title>Mujevi\u0107: Tra\u017eili su mito od 1500 evra<\/title>\n<meta name=\"robots\" content=\"index, follow, max-snippet:-1, max-image-preview:large, max-video-preview:-1\" \/>\n<link rel=\"canonical\" href=\"https:\/\/sandzakpress.net\/arhiva\/mujevic-trazili-su-mito-od-1500-evra\/\" \/>\n<meta property=\"og:locale\" content=\"bs_BA\" \/>\n<meta property=\"og:type\" content=\"article\" \/>\n<meta property=\"og:title\" content=\"Mujevi\u0107: Tra\u017eili su mito od 1500 evra\" \/>\n<meta property=\"og:description\" content=\"Ro\u017eaje &#8211; Ro\u00ad\u017ea\u00adjac Ad\u00admir Mu\u00adje\u00advi\u0107 op\u00adtu\u00ad\u017eio je za mi\u00adto, ko\u00adrup\u00adci\u00adju i ucje\u00adnu Ibra\u00adhi\u00adma Be\u00ad\u0107i\u00adra\u00adgi\u00ad\u0107a i Ja\u00adha De\u00admi\u00ad\u0107a, za\u00adpo\u00adsle\u00adne u Ca\u00adrin\u00adskoj is\u00adpo\u00adsta\u00advi u Ro\u00ad\u017ea\u00adja\u00adma, i o to\u00adme je ju\u00ad\u010de oba\u00advi\u00adje\u00adstio po\u00adli\u00adci\u00adju. Is\u00adta\u00adkao je da ca\u00adri\u00adni\u00adci vi\u00ad\u0161e od de\u00advet mje\u00adse\u00adci dr\u00ad\u017ee na ca\u00adrin\u00adskom ter\u00admi\u00adna\u00adlu u Ro\u00ad\u017ea\u00adja\u00adma ka\u00admi\u00adon ko\u00adji je uve\u00adzao iz Nje\u00adma\u010d\u00adke i za ko\u00adji ima is\u00adprav\u00adnu [&hellip;]\" \/>\n<meta property=\"og:url\" content=\"https:\/\/sandzakpress.net\/arhiva\/mujevic-trazili-su-mito-od-1500-evra\/\" \/>\n<meta property=\"og:site_name\" content=\"Sand\u017eak PRESS\" \/>\n<meta property=\"article:published_time\" content=\"2014-10-24T15:26:30+00:00\" \/>\n<meta property=\"og:image\" content=\"https:\/\/sandzakpress.net\/arhiva\/wp-content\/uploads\/2014\/10\/hron923102014-660x330.jpg\" \/>\n\t<meta property=\"og:image:width\" content=\"660\" \/>\n\t<meta property=\"og:image:height\" content=\"330\" \/>\n\t<meta property=\"og:image:type\" content=\"image\/jpeg\" \/>\n<meta name=\"author\" content=\"bosniak\" \/>\n<meta name=\"twitter:card\" content=\"summary_large_image\" \/>\n<meta name=\"twitter:label1\" content=\"Written by\" \/>\n\t<meta name=\"twitter:data1\" content=\"bosniak\" \/>\n\t<meta name=\"twitter:label2\" content=\"Est. reading time\" \/>\n\t<meta name=\"twitter:data2\" content=\"7 minuta\" \/>\n<script type=\"application\/ld+json\" class=\"yoast-schema-graph\">{\"@context\":\"https:\/\/schema.org\",\"@graph\":[{\"@type\":\"Article\",\"@id\":\"https:\/\/sandzakpress.net\/arhiva\/mujevic-trazili-su-mito-od-1500-evra\/#article\",\"isPartOf\":{\"@id\":\"https:\/\/sandzakpress.net\/arhiva\/mujevic-trazili-su-mito-od-1500-evra\/\"},\"author\":{\"name\":\"bosniak\",\"@id\":\"https:\/\/sandzakpress.net\/arhiva\/#\/schema\/person\/c8baee722073534b583ea7bdb2e36c02\"},\"headline\":\"Mujevi\u0107: Tra\u017eili su mito od 1500 evra\",\"datePublished\":\"2014-10-24T15:26:30+00:00\",\"mainEntityOfPage\":{\"@id\":\"https:\/\/sandzakpress.net\/arhiva\/mujevic-trazili-su-mito-od-1500-evra\/\"},\"wordCount\":1314,\"commentCount\":10,\"publisher\":{\"@id\":\"https:\/\/sandzakpress.net\/arhiva\/#\/schema\/person\/6e72b67d6e51910a1117b3b483ba20bd\"},\"image\":{\"@id\":\"https:\/\/sandzakpress.net\/arhiva\/mujevic-trazili-su-mito-od-1500-evra\/#primaryimage\"},\"thumbnailUrl\":\"https:\/\/sandzakpress.net\/arhiva\/wp-content\/uploads\/2014\/10\/hron923102014-660x330.jpg\",\"articleSection\":[\"Ro\u017eaje\",\"Dru\u0161tvo\",\"NAJNOVIJE\",\"Sand\u017eak\"],\"inLanguage\":\"bs-BA\",\"potentialAction\":[{\"@type\":\"CommentAction\",\"name\":\"Comment\",\"target\":[\"https:\/\/sandzakpress.net\/arhiva\/mujevic-trazili-su-mito-od-1500-evra\/#respond\"]}]},{\"@type\":\"WebPage\",\"@id\":\"https:\/\/sandzakpress.net\/arhiva\/mujevic-trazili-su-mito-od-1500-evra\/\",\"url\":\"https:\/\/sandzakpress.net\/arhiva\/mujevic-trazili-su-mito-od-1500-evra\/\",\"name\":\"Mujevi\u0107: Tra\u017eili su mito od 1500 evra\",\"isPartOf\":{\"@id\":\"https:\/\/sandzakpress.net\/arhiva\/#website\"},\"primaryImageOfPage\":{\"@id\":\"https:\/\/sandzakpress.net\/arhiva\/mujevic-trazili-su-mito-od-1500-evra\/#primaryimage\"},\"image\":{\"@id\":\"https:\/\/sandzakpress.net\/arhiva\/mujevic-trazili-su-mito-od-1500-evra\/#primaryimage\"},\"thumbnailUrl\":\"https:\/\/sandzakpress.net\/arhiva\/wp-content\/uploads\/2014\/10\/hron923102014-660x330.jpg\",\"datePublished\":\"2014-10-24T15:26:30+00:00\",\"breadcrumb\":{\"@id\":\"https:\/\/sandzakpress.net\/arhiva\/mujevic-trazili-su-mito-od-1500-evra\/#breadcrumb\"},\"inLanguage\":\"bs-BA\",\"potentialAction\":[{\"@type\":\"ReadAction\",\"target\":[\"https:\/\/sandzakpress.net\/arhiva\/mujevic-trazili-su-mito-od-1500-evra\/\"]}]},{\"@type\":\"ImageObject\",\"inLanguage\":\"bs-BA\",\"@id\":\"https:\/\/sandzakpress.net\/arhiva\/mujevic-trazili-su-mito-od-1500-evra\/#primaryimage\",\"url\":\"https:\/\/sandzakpress.net\/arhiva\/wp-content\/uploads\/2014\/10\/hron923102014-660x330.jpg\",\"contentUrl\":\"https:\/\/sandzakpress.net\/arhiva\/wp-content\/uploads\/2014\/10\/hron923102014-660x330.jpg\",\"width\":660,\"height\":330},{\"@type\":\"BreadcrumbList\",\"@id\":\"https:\/\/sandzakpress.net\/arhiva\/mujevic-trazili-su-mito-od-1500-evra\/#breadcrumb\",\"itemListElement\":[{\"@type\":\"ListItem\",\"position\":1,\"name\":\"Home\",\"item\":\"https:\/\/sandzakpress.net\/arhiva\/\"},{\"@type\":\"ListItem\",\"position\":2,\"name\":\"Mujevi\u0107: Tra\u017eili su mito od 1500 evra\"}]},{\"@type\":\"WebSite\",\"@id\":\"https:\/\/sandzakpress.net\/arhiva\/#website\",\"url\":\"https:\/\/sandzakpress.net\/arhiva\/\",\"name\":\"Sand\u017eak PRESS\",\"description\":\"Prve elektronske novine u Sand\u017eaku\",\"publisher\":{\"@id\":\"https:\/\/sandzakpress.net\/arhiva\/#\/schema\/person\/6e72b67d6e51910a1117b3b483ba20bd\"},\"potentialAction\":[{\"@type\":\"SearchAction\",\"target\":{\"@type\":\"EntryPoint\",\"urlTemplate\":\"https:\/\/sandzakpress.net\/arhiva\/?s={search_term_string}\"},\"query-input\":{\"@type\":\"PropertyValueSpecification\",\"valueRequired\":true,\"valueName\":\"search_term_string\"}}],\"inLanguage\":\"bs-BA\"},{\"@type\":[\"Person\",\"Organization\"],\"@id\":\"https:\/\/sandzakpress.net\/arhiva\/#\/schema\/person\/6e72b67d6e51910a1117b3b483ba20bd\",\"name\":\"Kul\",\"image\":{\"@type\":\"ImageObject\",\"inLanguage\":\"bs-BA\",\"@id\":\"https:\/\/sandzakpress.net\/arhiva\/#\/schema\/person\/image\/\",\"url\":\"https:\/\/secure.gravatar.com\/avatar\/42263f39aa27ac04c43cab85c280eb2e?s=96&d=mm&r=pg\",\"contentUrl\":\"https:\/\/secure.gravatar.com\/avatar\/42263f39aa27ac04c43cab85c280eb2e?s=96&d=mm&r=pg\",\"caption\":\"Kul\"},\"logo\":{\"@id\":\"https:\/\/sandzakpress.net\/arhiva\/#\/schema\/person\/image\/\"}},{\"@type\":\"Person\",\"@id\":\"https:\/\/sandzakpress.net\/arhiva\/#\/schema\/person\/c8baee722073534b583ea7bdb2e36c02\",\"name\":\"bosniak\",\"image\":{\"@type\":\"ImageObject\",\"inLanguage\":\"bs-BA\",\"@id\":\"https:\/\/sandzakpress.net\/arhiva\/#\/schema\/person\/image\/\",\"url\":\"https:\/\/secure.gravatar.com\/avatar\/a04fd330bfe3a36a72a0ad4a6d89fca7?s=96&d=mm&r=pg\",\"contentUrl\":\"https:\/\/secure.gravatar.com\/avatar\/a04fd330bfe3a36a72a0ad4a6d89fca7?s=96&d=mm&r=pg\",\"caption\":\"bosniak\"},\"url\":\"https:\/\/sandzakpress.net\/arhiva\/author\/bosniak\/\"}]}<\/script>\n<!-- \/ Yoast SEO Premium plugin. -->","yoast_head_json":{"title":"Mujevi\u0107: Tra\u017eili su mito od 1500 evra","robots":{"index":"index","follow":"follow","max-snippet":"max-snippet:-1","max-image-preview":"max-image-preview:large","max-video-preview":"max-video-preview:-1"},"canonical":"https:\/\/sandzakpress.net\/arhiva\/mujevic-trazili-su-mito-od-1500-evra\/","og_locale":"bs_BA","og_type":"article","og_title":"Mujevi\u0107: Tra\u017eili su mito od 1500 evra","og_description":"Ro\u017eaje &#8211; Ro\u00ad\u017ea\u00adjac Ad\u00admir Mu\u00adje\u00advi\u0107 op\u00adtu\u00ad\u017eio je za mi\u00adto, ko\u00adrup\u00adci\u00adju i ucje\u00adnu Ibra\u00adhi\u00adma Be\u00ad\u0107i\u00adra\u00adgi\u00ad\u0107a i Ja\u00adha De\u00admi\u00ad\u0107a, za\u00adpo\u00adsle\u00adne u Ca\u00adrin\u00adskoj is\u00adpo\u00adsta\u00advi u Ro\u00ad\u017ea\u00adja\u00adma, i o to\u00adme je ju\u00ad\u010de oba\u00advi\u00adje\u00adstio po\u00adli\u00adci\u00adju. Is\u00adta\u00adkao je da ca\u00adri\u00adni\u00adci vi\u00ad\u0161e od de\u00advet mje\u00adse\u00adci dr\u00ad\u017ee na ca\u00adrin\u00adskom ter\u00admi\u00adna\u00adlu u Ro\u00ad\u017ea\u00adja\u00adma ka\u00admi\u00adon ko\u00adji je uve\u00adzao iz Nje\u00adma\u010d\u00adke i za ko\u00adji ima is\u00adprav\u00adnu [&hellip;]","og_url":"https:\/\/sandzakpress.net\/arhiva\/mujevic-trazili-su-mito-od-1500-evra\/","og_site_name":"Sand\u017eak PRESS","article_published_time":"2014-10-24T15:26:30+00:00","og_image":[{"width":660,"height":330,"url":"https:\/\/sandzakpress.net\/arhiva\/wp-content\/uploads\/2014\/10\/hron923102014-660x330.jpg","type":"image\/jpeg"}],"author":"bosniak","twitter_card":"summary_large_image","twitter_misc":{"Written by":"bosniak","Est. reading time":"7 minuta"},"schema":{"@context":"https:\/\/schema.org","@graph":[{"@type":"Article","@id":"https:\/\/sandzakpress.net\/arhiva\/mujevic-trazili-su-mito-od-1500-evra\/#article","isPartOf":{"@id":"https:\/\/sandzakpress.net\/arhiva\/mujevic-trazili-su-mito-od-1500-evra\/"},"author":{"name":"bosniak","@id":"https:\/\/sandzakpress.net\/arhiva\/#\/schema\/person\/c8baee722073534b583ea7bdb2e36c02"},"headline":"Mujevi\u0107: Tra\u017eili su mito od 1500 evra","datePublished":"2014-10-24T15:26:30+00:00","mainEntityOfPage":{"@id":"https:\/\/sandzakpress.net\/arhiva\/mujevic-trazili-su-mito-od-1500-evra\/"},"wordCount":1314,"commentCount":10,"publisher":{"@id":"https:\/\/sandzakpress.net\/arhiva\/#\/schema\/person\/6e72b67d6e51910a1117b3b483ba20bd"},"image":{"@id":"https:\/\/sandzakpress.net\/arhiva\/mujevic-trazili-su-mito-od-1500-evra\/#primaryimage"},"thumbnailUrl":"https:\/\/sandzakpress.net\/arhiva\/wp-content\/uploads\/2014\/10\/hron923102014-660x330.jpg","articleSection":["Ro\u017eaje","Dru\u0161tvo","NAJNOVIJE","Sand\u017eak"],"inLanguage":"bs-BA","potentialAction":[{"@type":"CommentAction","name":"Comment","target":["https:\/\/sandzakpress.net\/arhiva\/mujevic-trazili-su-mito-od-1500-evra\/#respond"]}]},{"@type":"WebPage","@id":"https:\/\/sandzakpress.net\/arhiva\/mujevic-trazili-su-mito-od-1500-evra\/","url":"https:\/\/sandzakpress.net\/arhiva\/mujevic-trazili-su-mito-od-1500-evra\/","name":"Mujevi\u0107: Tra\u017eili su mito od 1500 evra","isPartOf":{"@id":"https:\/\/sandzakpress.net\/arhiva\/#website"},"primaryImageOfPage":{"@id":"https:\/\/sandzakpress.net\/arhiva\/mujevic-trazili-su-mito-od-1500-evra\/#primaryimage"},"image":{"@id":"https:\/\/sandzakpress.net\/arhiva\/mujevic-trazili-su-mito-od-1500-evra\/#primaryimage"},"thumbnailUrl":"https:\/\/sandzakpress.net\/arhiva\/wp-content\/uploads\/2014\/10\/hron923102014-660x330.jpg","datePublished":"2014-10-24T15:26:30+00:00","breadcrumb":{"@id":"https:\/\/sandzakpress.net\/arhiva\/mujevic-trazili-su-mito-od-1500-evra\/#breadcrumb"},"inLanguage":"bs-BA","potentialAction":[{"@type":"ReadAction","target":["https:\/\/sandzakpress.net\/arhiva\/mujevic-trazili-su-mito-od-1500-evra\/"]}]},{"@type":"ImageObject","inLanguage":"bs-BA","@id":"https:\/\/sandzakpress.net\/arhiva\/mujevic-trazili-su-mito-od-1500-evra\/#primaryimage","url":"https:\/\/sandzakpress.net\/arhiva\/wp-content\/uploads\/2014\/10\/hron923102014-660x330.jpg","contentUrl":"https:\/\/sandzakpress.net\/arhiva\/wp-content\/uploads\/2014\/10\/hron923102014-660x330.jpg","width":660,"height":330},{"@type":"BreadcrumbList","@id":"https:\/\/sandzakpress.net\/arhiva\/mujevic-trazili-su-mito-od-1500-evra\/#breadcrumb","itemListElement":[{"@type":"ListItem","position":1,"name":"Home","item":"https:\/\/sandzakpress.net\/arhiva\/"},{"@type":"ListItem","position":2,"name":"Mujevi\u0107: Tra\u017eili su mito od 1500 evra"}]},{"@type":"WebSite","@id":"https:\/\/sandzakpress.net\/arhiva\/#website","url":"https:\/\/sandzakpress.net\/arhiva\/","name":"Sand\u017eak PRESS","description":"Prve elektronske novine u Sand\u017eaku","publisher":{"@id":"https:\/\/sandzakpress.net\/arhiva\/#\/schema\/person\/6e72b67d6e51910a1117b3b483ba20bd"},"potentialAction":[{"@type":"SearchAction","target":{"@type":"EntryPoint","urlTemplate":"https:\/\/sandzakpress.net\/arhiva\/?s={search_term_string}"},"query-input":{"@type":"PropertyValueSpecification","valueRequired":true,"valueName":"search_term_string"}}],"inLanguage":"bs-BA"},{"@type":["Person","Organization"],"@id":"https:\/\/sandzakpress.net\/arhiva\/#\/schema\/person\/6e72b67d6e51910a1117b3b483ba20bd","name":"Kul","image":{"@type":"ImageObject","inLanguage":"bs-BA","@id":"https:\/\/sandzakpress.net\/arhiva\/#\/schema\/person\/image\/","url":"https:\/\/secure.gravatar.com\/avatar\/42263f39aa27ac04c43cab85c280eb2e?s=96&d=mm&r=pg","contentUrl":"https:\/\/secure.gravatar.com\/avatar\/42263f39aa27ac04c43cab85c280eb2e?s=96&d=mm&r=pg","caption":"Kul"},"logo":{"@id":"https:\/\/sandzakpress.net\/arhiva\/#\/schema\/person\/image\/"}},{"@type":"Person","@id":"https:\/\/sandzakpress.net\/arhiva\/#\/schema\/person\/c8baee722073534b583ea7bdb2e36c02","name":"bosniak","image":{"@type":"ImageObject","inLanguage":"bs-BA","@id":"https:\/\/sandzakpress.net\/arhiva\/#\/schema\/person\/image\/","url":"https:\/\/secure.gravatar.com\/avatar\/a04fd330bfe3a36a72a0ad4a6d89fca7?s=96&d=mm&r=pg","contentUrl":"https:\/\/secure.gravatar.com\/avatar\/a04fd330bfe3a36a72a0ad4a6d89fca7?s=96&d=mm&r=pg","caption":"bosniak"},"url":"https:\/\/sandzakpress.net\/arhiva\/author\/bosniak\/"}]}},"_links":{"self":[{"href":"https:\/\/sandzakpress.net\/arhiva\/wp-json\/wp\/v2\/posts\/113424"}],"collection":[{"href":"https:\/\/sandzakpress.net\/arhiva\/wp-json\/wp\/v2\/posts"}],"about":[{"href":"https:\/\/sandzakpress.net\/arhiva\/wp-json\/wp\/v2\/types\/post"}],"author":[{"embeddable":true,"href":"https:\/\/sandzakpress.net\/arhiva\/wp-json\/wp\/v2\/users\/83"}],"replies":[{"embeddable":true,"href":"https:\/\/sandzakpress.net\/arhiva\/wp-json\/wp\/v2\/comments?post=113424"}],"version-history":[{"count":0,"href":"https:\/\/sandzakpress.net\/arhiva\/wp-json\/wp\/v2\/posts\/113424\/revisions"}],"wp:featuredmedia":[{"embeddable":true,"href":"https:\/\/sandzakpress.net\/arhiva\/wp-json\/wp\/v2\/media\/113425"}],"wp:attachment":[{"href":"https:\/\/sandzakpress.net\/arhiva\/wp-json\/wp\/v2\/media?parent=113424"}],"wp:term":[{"taxonomy":"category","embeddable":true,"href":"https:\/\/sandzakpress.net\/arhiva\/wp-json\/wp\/v2\/categories?post=113424"},{"taxonomy":"post_tag","embeddable":true,"href":"https:\/\/sandzakpress.net\/arhiva\/wp-json\/wp\/v2\/tags?post=113424"}],"curies":[{"name":"wp","href":"https:\/\/api.w.org\/{rel}","templated":true}]}}