{"id":113341,"date":"2014-10-22T19:28:06","date_gmt":"2014-10-22T17:28:06","guid":{"rendered":"https:\/\/sandzakpress.net\/arhiva\/?p=113341"},"modified":"2014-10-23T00:44:42","modified_gmt":"2014-10-22T22:44:42","slug":"sda-odrzala-je-centralni-skup-u-novom-pazaru","status":"publish","type":"post","link":"https:\/\/sandzakpress.net\/arhiva\/sda-odrzala-centralni-skup-u-novom-pazaru","title":{"rendered":"SDA odr\u017eala centralni skup u Novom Pazaru"},"content":{"rendered":"<p><img loading=\"lazy\" decoding=\"async\" class=\"aligncenter size-full wp-image-125363\" src=\"http:\/\/bosnapress.co\/wp-content\/uploads\/2014\/10\/e31fece0ad02f28dfde75db1498d178ffb80a6bcf8183f086118aa1fb4169092_616w_80c_vhigh.jpg\" alt=\"e31fece0ad02f28dfde75db1498d178ffb80a6bcf8183f086118aa1fb4169092_616w_80c_vhigh\" width=\"616\" height=\"462\" \/><\/p>\n<p><strong><span style=\"color: #141823;\">Novi Pazar &#8211; Centralni skup liste\u00a0SDA Sand\u017eaka je odr\u017ean danas<\/span><span style=\"color: #141823;\">\u00a0u 18 \u010dasova u Novom Pazaru\u00a0na\u00a0\u00a0<\/span><span style=\"color: #141823;\">gradskom \u0161etali\u0161tu.<\/span><\/strong><br style=\"color: #141823;\" \/><br style=\"color: #141823;\" \/>Skupu su se obratili predstavnici SDA Sand\u017eaka na \u010delu sa dr. Sulejmanom Ugljaninom.<\/p>\n<p>Zbog padavina i niske temperature, skupu je prisustvao manji broj ljudi.<\/p>\n<p>Ugljanin je na skupu govorio o va\u017enosti bo\u0161nja\u010dkog jedinstva i ciljevima stranke SDA Sand\u017eaka.<\/p>\n<p>Koncert Armina Muzaferije koji je bio najavljen nakon skupa je otkazan.<\/p>\n<p>SANA<\/p>\n<p>&nbsp;<\/p>\n<p><img loading=\"lazy\" decoding=\"async\" class=\"aligncenter size-full wp-image-125357\" src=\"http:\/\/bosnapress.co\/wp-content\/uploads\/2014\/10\/5aea8bd102855929ce0ff50fa69152db67e13f71d96dbaa812a0c9b002b95bb0_616w_80c_vhigh.jpg\" alt=\"5aea8bd102855929ce0ff50fa69152db67e13f71d96dbaa812a0c9b002b95bb0_616w_80c_vhigh\" width=\"616\" height=\"346\" \/><img loading=\"lazy\" decoding=\"async\" class=\"aligncenter size-full wp-image-125358\" src=\"http:\/\/bosnapress.co\/wp-content\/uploads\/2014\/10\/389c7ed8f7d671588d3d307f7add1e16f89ac125381f7df6334d30f57e609849_616w_80c_vhigh.jpg\" alt=\"389c7ed8f7d671588d3d307f7add1e16f89ac125381f7df6334d30f57e609849_616w_80c_vhigh\" width=\"616\" height=\"346\" \/><img loading=\"lazy\" decoding=\"async\" class=\"aligncenter size-full wp-image-125359\" src=\"http:\/\/bosnapress.co\/wp-content\/uploads\/2014\/10\/6811c524d42b5ef5543124b9a8575e11de10ce66af2583fe0b3ccaa065064318_616w_80c_vhigh.jpg\" alt=\"6811c524d42b5ef5543124b9a8575e11de10ce66af2583fe0b3ccaa065064318_616w_80c_vhigh\" width=\"616\" height=\"1095\" \/><img loading=\"lazy\" decoding=\"async\" class=\"aligncenter size-full wp-image-125360\" src=\"http:\/\/bosnapress.co\/wp-content\/uploads\/2014\/10\/34192a974562bb15b1cb77add01f164a1e9e24350dc92936276b75c6a1418d0e.0_616w_80c_vhigh.jpg\" alt=\"34192a974562bb15b1cb77add01f164a1e9e24350dc92936276b75c6a1418d0e.0_616w_80c_vhigh\" width=\"616\" height=\"346\" \/><img loading=\"lazy\" decoding=\"async\" class=\"aligncenter size-full wp-image-125361\" src=\"http:\/\/bosnapress.co\/wp-content\/uploads\/2014\/10\/99620c19e113ccea608b352b34d2d0234bccd20518da024e2c9abbdf9a68afe7.0_616w_80c_vhigh.jpg\" alt=\"99620c19e113ccea608b352b34d2d0234bccd20518da024e2c9abbdf9a68afe7.0_616w_80c_vhigh\" width=\"616\" height=\"346\" \/><img loading=\"lazy\" decoding=\"async\" class=\"aligncenter size-full wp-image-125362\" src=\"http:\/\/bosnapress.co\/wp-content\/uploads\/2014\/10\/a7332b68fcd52ad882ee39df3e8e7aaff3d96312031e7c2bb00b0d585c248714_616w_80c_vhigh.jpg\" alt=\"a7332b68fcd52ad882ee39df3e8e7aaff3d96312031e7c2bb00b0d585c248714_616w_80c_vhigh\" width=\"616\" height=\"1095\" \/><\/p>\n<p>&nbsp;<\/p>\n","protected":false},"excerpt":{"rendered":"<p>Foto<\/p>\n","protected":false},"author":83,"featured_media":113347,"comment_status":"open","ping_status":"open","sticky":false,"template":"","format":"standard","meta":{"footnotes":""},"categories":[72,1,52,327,392,393,8957],"tags":[10255,10269],"class_list":{"0":"post-113341","1":"post","2":"type-post","3":"status-publish","4":"format-standard","5":"has-post-thumbnail","7":"category-novi-pazar","8":"category-politika","9":"category-sjenica","10":"category-tutin","11":"category-prijepolje_","12":"category-priboj","13":"category-vijesti-dana","14":"tag-sda","15":"tag-sulejman-ugljanin"},"yoast_head":"<!-- This site is optimized with the Yoast SEO Premium plugin v23.1 (Yoast SEO v24.9) - https:\/\/yoast.com\/wordpress\/plugins\/seo\/ -->\n<title>SDA odr\u017eala centralni skup u Novom Pazaru<\/title>\n<meta name=\"robots\" content=\"index, follow, max-snippet:-1, max-image-preview:large, max-video-preview:-1\" \/>\n<link rel=\"canonical\" href=\"https:\/\/sandzakpress.net\/arhiva\/sda-odrzala-centralni-skup-u-novom-pazaru\/\" \/>\n<meta property=\"og:locale\" content=\"bs_BA\" \/>\n<meta property=\"og:type\" content=\"article\" \/>\n<meta property=\"og:title\" content=\"SDA odr\u017eala centralni skup u Novom Pazaru\" \/>\n<meta property=\"og:description\" content=\"Foto\" \/>\n<meta property=\"og:url\" content=\"https:\/\/sandzakpress.net\/arhiva\/sda-odrzala-centralni-skup-u-novom-pazaru\/\" \/>\n<meta property=\"og:site_name\" content=\"Sand\u017eak PRESS\" \/>\n<meta property=\"article:published_time\" content=\"2014-10-22T17:28:06+00:00\" \/>\n<meta property=\"article:modified_time\" content=\"2014-10-22T22:44:42+00:00\" \/>\n<meta property=\"og:image\" content=\"https:\/\/sandzakpress.net\/arhiva\/wp-content\/uploads\/2014\/10\/e31fece0ad02f28dfde75db1498d178ffb80a6bcf8183f086118aa1fb4169092_616w_80c_vhigh.jpg\" \/>\n\t<meta property=\"og:image:width\" content=\"616\" \/>\n\t<meta property=\"og:image:height\" content=\"462\" \/>\n\t<meta property=\"og:image:type\" content=\"image\/jpeg\" \/>\n<meta name=\"author\" content=\"bosniak\" \/>\n<meta name=\"twitter:card\" content=\"summary_large_image\" \/>\n<meta name=\"twitter:label1\" content=\"Written by\" \/>\n\t<meta name=\"twitter:data1\" content=\"bosniak\" \/>\n<script type=\"application\/ld+json\" class=\"yoast-schema-graph\">{\"@context\":\"https:\/\/schema.org\",\"@graph\":[{\"@type\":\"Article\",\"@id\":\"https:\/\/sandzakpress.net\/arhiva\/sda-odrzala-centralni-skup-u-novom-pazaru\/#article\",\"isPartOf\":{\"@id\":\"https:\/\/sandzakpress.net\/arhiva\/sda-odrzala-centralni-skup-u-novom-pazaru\/\"},\"author\":{\"name\":\"bosniak\",\"@id\":\"https:\/\/sandzakpress.net\/arhiva\/#\/schema\/person\/c8baee722073534b583ea7bdb2e36c02\"},\"headline\":\"SDA odr\u017eala centralni skup u Novom Pazaru\",\"datePublished\":\"2014-10-22T17:28:06+00:00\",\"dateModified\":\"2014-10-22T22:44:42+00:00\",\"mainEntityOfPage\":{\"@id\":\"https:\/\/sandzakpress.net\/arhiva\/sda-odrzala-centralni-skup-u-novom-pazaru\/\"},\"wordCount\":87,\"commentCount\":14,\"publisher\":{\"@id\":\"https:\/\/sandzakpress.net\/arhiva\/#\/schema\/person\/6e72b67d6e51910a1117b3b483ba20bd\"},\"image\":{\"@id\":\"https:\/\/sandzakpress.net\/arhiva\/sda-odrzala-centralni-skup-u-novom-pazaru\/#primaryimage\"},\"thumbnailUrl\":\"https:\/\/sandzakpress.net\/arhiva\/wp-content\/uploads\/2014\/10\/e31fece0ad02f28dfde75db1498d178ffb80a6bcf8183f086118aa1fb4169092_616w_80c_vhigh.jpg\",\"keywords\":[\"SDA\",\"Sulejman Ugljanin\"],\"articleSection\":[\"Novi Pazar\",\"Politika\",\"Sjenica\",\"Tutin\",\"Prijepolje\",\"Priboj\",\"VIJESTI DANA\"],\"inLanguage\":\"bs-BA\",\"potentialAction\":[{\"@type\":\"CommentAction\",\"name\":\"Comment\",\"target\":[\"https:\/\/sandzakpress.net\/arhiva\/sda-odrzala-centralni-skup-u-novom-pazaru\/#respond\"]}]},{\"@type\":\"WebPage\",\"@id\":\"https:\/\/sandzakpress.net\/arhiva\/sda-odrzala-centralni-skup-u-novom-pazaru\/\",\"url\":\"https:\/\/sandzakpress.net\/arhiva\/sda-odrzala-centralni-skup-u-novom-pazaru\/\",\"name\":\"SDA odr\u017eala centralni skup u Novom Pazaru\",\"isPartOf\":{\"@id\":\"https:\/\/sandzakpress.net\/arhiva\/#website\"},\"primaryImageOfPage\":{\"@id\":\"https:\/\/sandzakpress.net\/arhiva\/sda-odrzala-centralni-skup-u-novom-pazaru\/#primaryimage\"},\"image\":{\"@id\":\"https:\/\/sandzakpress.net\/arhiva\/sda-odrzala-centralni-skup-u-novom-pazaru\/#primaryimage\"},\"thumbnailUrl\":\"https:\/\/sandzakpress.net\/arhiva\/wp-content\/uploads\/2014\/10\/e31fece0ad02f28dfde75db1498d178ffb80a6bcf8183f086118aa1fb4169092_616w_80c_vhigh.jpg\",\"datePublished\":\"2014-10-22T17:28:06+00:00\",\"dateModified\":\"2014-10-22T22:44:42+00:00\",\"breadcrumb\":{\"@id\":\"https:\/\/sandzakpress.net\/arhiva\/sda-odrzala-centralni-skup-u-novom-pazaru\/#breadcrumb\"},\"inLanguage\":\"bs-BA\",\"potentialAction\":[{\"@type\":\"ReadAction\",\"target\":[\"https:\/\/sandzakpress.net\/arhiva\/sda-odrzala-centralni-skup-u-novom-pazaru\/\"]}]},{\"@type\":\"ImageObject\",\"inLanguage\":\"bs-BA\",\"@id\":\"https:\/\/sandzakpress.net\/arhiva\/sda-odrzala-centralni-skup-u-novom-pazaru\/#primaryimage\",\"url\":\"https:\/\/sandzakpress.net\/arhiva\/wp-content\/uploads\/2014\/10\/e31fece0ad02f28dfde75db1498d178ffb80a6bcf8183f086118aa1fb4169092_616w_80c_vhigh.jpg\",\"contentUrl\":\"https:\/\/sandzakpress.net\/arhiva\/wp-content\/uploads\/2014\/10\/e31fece0ad02f28dfde75db1498d178ffb80a6bcf8183f086118aa1fb4169092_616w_80c_vhigh.jpg\",\"width\":616,\"height\":462},{\"@type\":\"BreadcrumbList\",\"@id\":\"https:\/\/sandzakpress.net\/arhiva\/sda-odrzala-centralni-skup-u-novom-pazaru\/#breadcrumb\",\"itemListElement\":[{\"@type\":\"ListItem\",\"position\":1,\"name\":\"Home\",\"item\":\"https:\/\/sandzakpress.net\/arhiva\/\"},{\"@type\":\"ListItem\",\"position\":2,\"name\":\"SDA odr\u017eala centralni skup u Novom Pazaru\"}]},{\"@type\":\"WebSite\",\"@id\":\"https:\/\/sandzakpress.net\/arhiva\/#website\",\"url\":\"https:\/\/sandzakpress.net\/arhiva\/\",\"name\":\"Sand\u017eak PRESS\",\"description\":\"Prve elektronske novine u Sand\u017eaku\",\"publisher\":{\"@id\":\"https:\/\/sandzakpress.net\/arhiva\/#\/schema\/person\/6e72b67d6e51910a1117b3b483ba20bd\"},\"potentialAction\":[{\"@type\":\"SearchAction\",\"target\":{\"@type\":\"EntryPoint\",\"urlTemplate\":\"https:\/\/sandzakpress.net\/arhiva\/?s={search_term_string}\"},\"query-input\":{\"@type\":\"PropertyValueSpecification\",\"valueRequired\":true,\"valueName\":\"search_term_string\"}}],\"inLanguage\":\"bs-BA\"},{\"@type\":[\"Person\",\"Organization\"],\"@id\":\"https:\/\/sandzakpress.net\/arhiva\/#\/schema\/person\/6e72b67d6e51910a1117b3b483ba20bd\",\"name\":\"Kul\",\"image\":{\"@type\":\"ImageObject\",\"inLanguage\":\"bs-BA\",\"@id\":\"https:\/\/sandzakpress.net\/arhiva\/#\/schema\/person\/image\/\",\"url\":\"https:\/\/secure.gravatar.com\/avatar\/42263f39aa27ac04c43cab85c280eb2e?s=96&d=mm&r=pg\",\"contentUrl\":\"https:\/\/secure.gravatar.com\/avatar\/42263f39aa27ac04c43cab85c280eb2e?s=96&d=mm&r=pg\",\"caption\":\"Kul\"},\"logo\":{\"@id\":\"https:\/\/sandzakpress.net\/arhiva\/#\/schema\/person\/image\/\"}},{\"@type\":\"Person\",\"@id\":\"https:\/\/sandzakpress.net\/arhiva\/#\/schema\/person\/c8baee722073534b583ea7bdb2e36c02\",\"name\":\"bosniak\",\"image\":{\"@type\":\"ImageObject\",\"inLanguage\":\"bs-BA\",\"@id\":\"https:\/\/sandzakpress.net\/arhiva\/#\/schema\/person\/image\/\",\"url\":\"https:\/\/secure.gravatar.com\/avatar\/a04fd330bfe3a36a72a0ad4a6d89fca7?s=96&d=mm&r=pg\",\"contentUrl\":\"https:\/\/secure.gravatar.com\/avatar\/a04fd330bfe3a36a72a0ad4a6d89fca7?s=96&d=mm&r=pg\",\"caption\":\"bosniak\"},\"url\":\"https:\/\/sandzakpress.net\/arhiva\/author\/bosniak\/\"}]}<\/script>\n<!-- \/ Yoast SEO Premium plugin. -->","yoast_head_json":{"title":"SDA odr\u017eala centralni skup u Novom Pazaru","robots":{"index":"index","follow":"follow","max-snippet":"max-snippet:-1","max-image-preview":"max-image-preview:large","max-video-preview":"max-video-preview:-1"},"canonical":"https:\/\/sandzakpress.net\/arhiva\/sda-odrzala-centralni-skup-u-novom-pazaru\/","og_locale":"bs_BA","og_type":"article","og_title":"SDA odr\u017eala centralni skup u Novom Pazaru","og_description":"Foto","og_url":"https:\/\/sandzakpress.net\/arhiva\/sda-odrzala-centralni-skup-u-novom-pazaru\/","og_site_name":"Sand\u017eak PRESS","article_published_time":"2014-10-22T17:28:06+00:00","article_modified_time":"2014-10-22T22:44:42+00:00","og_image":[{"width":616,"height":462,"url":"https:\/\/sandzakpress.net\/arhiva\/wp-content\/uploads\/2014\/10\/e31fece0ad02f28dfde75db1498d178ffb80a6bcf8183f086118aa1fb4169092_616w_80c_vhigh.jpg","type":"image\/jpeg"}],"author":"bosniak","twitter_card":"summary_large_image","twitter_misc":{"Written by":"bosniak"},"schema":{"@context":"https:\/\/schema.org","@graph":[{"@type":"Article","@id":"https:\/\/sandzakpress.net\/arhiva\/sda-odrzala-centralni-skup-u-novom-pazaru\/#article","isPartOf":{"@id":"https:\/\/sandzakpress.net\/arhiva\/sda-odrzala-centralni-skup-u-novom-pazaru\/"},"author":{"name":"bosniak","@id":"https:\/\/sandzakpress.net\/arhiva\/#\/schema\/person\/c8baee722073534b583ea7bdb2e36c02"},"headline":"SDA odr\u017eala centralni skup u Novom Pazaru","datePublished":"2014-10-22T17:28:06+00:00","dateModified":"2014-10-22T22:44:42+00:00","mainEntityOfPage":{"@id":"https:\/\/sandzakpress.net\/arhiva\/sda-odrzala-centralni-skup-u-novom-pazaru\/"},"wordCount":87,"commentCount":14,"publisher":{"@id":"https:\/\/sandzakpress.net\/arhiva\/#\/schema\/person\/6e72b67d6e51910a1117b3b483ba20bd"},"image":{"@id":"https:\/\/sandzakpress.net\/arhiva\/sda-odrzala-centralni-skup-u-novom-pazaru\/#primaryimage"},"thumbnailUrl":"https:\/\/sandzakpress.net\/arhiva\/wp-content\/uploads\/2014\/10\/e31fece0ad02f28dfde75db1498d178ffb80a6bcf8183f086118aa1fb4169092_616w_80c_vhigh.jpg","keywords":["SDA","Sulejman Ugljanin"],"articleSection":["Novi Pazar","Politika","Sjenica","Tutin","Prijepolje","Priboj","VIJESTI DANA"],"inLanguage":"bs-BA","potentialAction":[{"@type":"CommentAction","name":"Comment","target":["https:\/\/sandzakpress.net\/arhiva\/sda-odrzala-centralni-skup-u-novom-pazaru\/#respond"]}]},{"@type":"WebPage","@id":"https:\/\/sandzakpress.net\/arhiva\/sda-odrzala-centralni-skup-u-novom-pazaru\/","url":"https:\/\/sandzakpress.net\/arhiva\/sda-odrzala-centralni-skup-u-novom-pazaru\/","name":"SDA odr\u017eala centralni skup u Novom Pazaru","isPartOf":{"@id":"https:\/\/sandzakpress.net\/arhiva\/#website"},"primaryImageOfPage":{"@id":"https:\/\/sandzakpress.net\/arhiva\/sda-odrzala-centralni-skup-u-novom-pazaru\/#primaryimage"},"image":{"@id":"https:\/\/sandzakpress.net\/arhiva\/sda-odrzala-centralni-skup-u-novom-pazaru\/#primaryimage"},"thumbnailUrl":"https:\/\/sandzakpress.net\/arhiva\/wp-content\/uploads\/2014\/10\/e31fece0ad02f28dfde75db1498d178ffb80a6bcf8183f086118aa1fb4169092_616w_80c_vhigh.jpg","datePublished":"2014-10-22T17:28:06+00:00","dateModified":"2014-10-22T22:44:42+00:00","breadcrumb":{"@id":"https:\/\/sandzakpress.net\/arhiva\/sda-odrzala-centralni-skup-u-novom-pazaru\/#breadcrumb"},"inLanguage":"bs-BA","potentialAction":[{"@type":"ReadAction","target":["https:\/\/sandzakpress.net\/arhiva\/sda-odrzala-centralni-skup-u-novom-pazaru\/"]}]},{"@type":"ImageObject","inLanguage":"bs-BA","@id":"https:\/\/sandzakpress.net\/arhiva\/sda-odrzala-centralni-skup-u-novom-pazaru\/#primaryimage","url":"https:\/\/sandzakpress.net\/arhiva\/wp-content\/uploads\/2014\/10\/e31fece0ad02f28dfde75db1498d178ffb80a6bcf8183f086118aa1fb4169092_616w_80c_vhigh.jpg","contentUrl":"https:\/\/sandzakpress.net\/arhiva\/wp-content\/uploads\/2014\/10\/e31fece0ad02f28dfde75db1498d178ffb80a6bcf8183f086118aa1fb4169092_616w_80c_vhigh.jpg","width":616,"height":462},{"@type":"BreadcrumbList","@id":"https:\/\/sandzakpress.net\/arhiva\/sda-odrzala-centralni-skup-u-novom-pazaru\/#breadcrumb","itemListElement":[{"@type":"ListItem","position":1,"name":"Home","item":"https:\/\/sandzakpress.net\/arhiva\/"},{"@type":"ListItem","position":2,"name":"SDA odr\u017eala centralni skup u Novom Pazaru"}]},{"@type":"WebSite","@id":"https:\/\/sandzakpress.net\/arhiva\/#website","url":"https:\/\/sandzakpress.net\/arhiva\/","name":"Sand\u017eak PRESS","description":"Prve elektronske novine u Sand\u017eaku","publisher":{"@id":"https:\/\/sandzakpress.net\/arhiva\/#\/schema\/person\/6e72b67d6e51910a1117b3b483ba20bd"},"potentialAction":[{"@type":"SearchAction","target":{"@type":"EntryPoint","urlTemplate":"https:\/\/sandzakpress.net\/arhiva\/?s={search_term_string}"},"query-input":{"@type":"PropertyValueSpecification","valueRequired":true,"valueName":"search_term_string"}}],"inLanguage":"bs-BA"},{"@type":["Person","Organization"],"@id":"https:\/\/sandzakpress.net\/arhiva\/#\/schema\/person\/6e72b67d6e51910a1117b3b483ba20bd","name":"Kul","image":{"@type":"ImageObject","inLanguage":"bs-BA","@id":"https:\/\/sandzakpress.net\/arhiva\/#\/schema\/person\/image\/","url":"https:\/\/secure.gravatar.com\/avatar\/42263f39aa27ac04c43cab85c280eb2e?s=96&d=mm&r=pg","contentUrl":"https:\/\/secure.gravatar.com\/avatar\/42263f39aa27ac04c43cab85c280eb2e?s=96&d=mm&r=pg","caption":"Kul"},"logo":{"@id":"https:\/\/sandzakpress.net\/arhiva\/#\/schema\/person\/image\/"}},{"@type":"Person","@id":"https:\/\/sandzakpress.net\/arhiva\/#\/schema\/person\/c8baee722073534b583ea7bdb2e36c02","name":"bosniak","image":{"@type":"ImageObject","inLanguage":"bs-BA","@id":"https:\/\/sandzakpress.net\/arhiva\/#\/schema\/person\/image\/","url":"https:\/\/secure.gravatar.com\/avatar\/a04fd330bfe3a36a72a0ad4a6d89fca7?s=96&d=mm&r=pg","contentUrl":"https:\/\/secure.gravatar.com\/avatar\/a04fd330bfe3a36a72a0ad4a6d89fca7?s=96&d=mm&r=pg","caption":"bosniak"},"url":"https:\/\/sandzakpress.net\/arhiva\/author\/bosniak\/"}]}},"_links":{"self":[{"href":"https:\/\/sandzakpress.net\/arhiva\/wp-json\/wp\/v2\/posts\/113341"}],"collection":[{"href":"https:\/\/sandzakpress.net\/arhiva\/wp-json\/wp\/v2\/posts"}],"about":[{"href":"https:\/\/sandzakpress.net\/arhiva\/wp-json\/wp\/v2\/types\/post"}],"author":[{"embeddable":true,"href":"https:\/\/sandzakpress.net\/arhiva\/wp-json\/wp\/v2\/users\/83"}],"replies":[{"embeddable":true,"href":"https:\/\/sandzakpress.net\/arhiva\/wp-json\/wp\/v2\/comments?post=113341"}],"version-history":[{"count":0,"href":"https:\/\/sandzakpress.net\/arhiva\/wp-json\/wp\/v2\/posts\/113341\/revisions"}],"wp:featuredmedia":[{"embeddable":true,"href":"https:\/\/sandzakpress.net\/arhiva\/wp-json\/wp\/v2\/media\/113347"}],"wp:attachment":[{"href":"https:\/\/sandzakpress.net\/arhiva\/wp-json\/wp\/v2\/media?parent=113341"}],"wp:term":[{"taxonomy":"category","embeddable":true,"href":"https:\/\/sandzakpress.net\/arhiva\/wp-json\/wp\/v2\/categories?post=113341"},{"taxonomy":"post_tag","embeddable":true,"href":"https:\/\/sandzakpress.net\/arhiva\/wp-json\/wp\/v2\/tags?post=113341"}],"curies":[{"name":"wp","href":"https:\/\/api.w.org\/{rel}","templated":true}]}}