{"id":11331,"date":"2011-01-18T00:36:35","date_gmt":"2011-01-17T23:36:35","guid":{"rendered":"https:\/\/sandzakpress.net\/arhiva\/?p=11331"},"modified":"2011-01-18T00:36:35","modified_gmt":"2011-01-17T23:36:35","slug":"evropeizacija-dometi-i-ogranicenja","status":"publish","type":"post","link":"https:\/\/sandzakpress.net\/arhiva\/evropeizacija-dometi-i-ogranicenja\/","title":{"rendered":"Evropeizacija &#8211; dometi i ograni\u010denja"},"content":{"rendered":"<p><strong><a href=\"https:\/\/sandzakpress.net\/arhiva\/wp-content\/uploads\/2011\/01\/logo.jpg\"><img loading=\"lazy\" decoding=\"async\" class=\"alignleft size-full wp-image-11332\" title=\"logo\" src=\"https:\/\/sandzakpress.net\/arhiva\/wp-content\/uploads\/2011\/01\/logo.jpg\" alt=\"\" width=\"95\" height=\"100\" \/><\/a>Novi Pazar &#8211; Na tribini koja je uglavnom okupila ve\u0107i broj aktivista nevladinog sektora i polaznika medrese &#8220;Gasi Isa beg&#8221; razgovaralo se ne samo o temama iz Helsin\u0161ke povelje, glasila Helsin\u0161kog odbora, ve\u0107 i o ozbiljnim problemima koji ve\u0107 du\u017ee vrijeme potresaju podru\u010dje Sand\u017eaka.<\/strong><\/p>\n<p>Glavna urednica Helsin\u0161ke povelje Se\u0161ka Stanojlovi\u0107 predstavila je \u010dasopis i njegov ure\u0111iva\u010dki koncept i orijentaciju. Posebno je istakla potrebu da se precizno identifikuju demokratski potencijali i problemi Sand\u017eaka u procesu evropeizacije i normalizacije regiona. Ekonomski pokazatelji, rekla je Stanojlovi\u0107, govore o devastiranoj privredi, minimalnim ulaganjima i izuzetno visokoj stopi nezaposlenost (u gradu od 125.000 stanovnika, 22.000 je nezaposleno). Sukob dvije najve\u0107e bo\u0161nja\u010dke partije, predvo\u0111ene Rasimom Ljaji\u0107em i Sulejmanom Ugljaninom, podelio je i gra\u0111ana &#8220;po partijskoj liniji&#8221;, \u0161to je dodatno opteretilo situaciju u kojoj sve vi\u0161e eskalira sukob dveju struja unutar islamske zajednice. Osim &#8220;jeftine politi\u010dke retorike&#8221; gra\u0111anima se ne nude alternative, o\u010dekivanja od evropskih integracija su u sjenci rastu\u0107ih tenzija nakon izbora za Nacionalni savjet Bo\u0161njaka. Ovaj najnoviji sukob i tenzije ogledalo su dr\u017eavne politike prema Sand\u017eaku, rekla je Stanojlovi\u0107.<\/p>\n<p>Vi\u0161e o izborima za Bo\u0161nja\u010dki nacionalni savjet govorio je Ivan Kuzminovi\u0107 iz Helsin\u0161kog odbora za ljudska prava. Pri tome je ne samo istakao ograni\u010denja Vlade Srbije da zemlju br\u017ee povede putem evropskih integracija, tako i uputio o\u0161tre rije\u010di kritike na ra\u010dun Ministarstva za ljudska i manjinska prava.<\/p>\n<p>Marija Radoman iz Helsin\u0161kog odbora je, tokom debate, razgovarala sa predstavnicima humanitarnog udru\u017eenja Merhamet , koji su, govore\u0107i o problemima sa kojima se suo\u010davaju u radu, posebno istakli nepostojanje prihvatili\u0161ta za \u017eene-\u017ertve nasilja. Jedno takvo prihvatili\u0161te bi mnogo zna\u010dilo za dalji rad organizacije koja se bavi prevencijom nasilja u porodici i edukacijom u oblasti narkomanije, rekli su. Predstavnici Kulturnog centra Damad , nevladine organizacija koja se tako\u0111er bavi za\u0161titom prava \u017eena, istakli su isti problem &#8211; regija Sand\u017eaka ne posjeduje takvu ustanovu, iako je procenat nasilja u porodici poslednjih godina u znatnom porastu. Nasilje u porodici je samo jedan od indikatora lo\u0161eg stanja ove regije &#8211; nasilje generi\u0161u ne samo &#8220;sredina&#8221; koja je ekonomski najnerazvijenije podru\u010dje u Srbiji, ve\u0107 i &#8220;odr\u017eavanje tradicionalnih vrijednosti u tretiranju \u017eena&#8221;. Neefikasni lokalni sudovi, nepo\u0161tovanje zakona, nepostojanje pravne pomo\u0107i ni za najurgentnije slu\u010dajeve, kao i op\u0161te siroma\u0161tvo dodatno ote\u017eavaju rje\u0161avanje drugih krupnih problema.<\/p>\n<p>Izvor: <strong>Helsinki.org.rs<\/strong><\/p>\n","protected":false},"excerpt":{"rendered":"<p>Novi Pazar &#8211; Na tribini koja je uglavnom okupila ve\u0107i broj aktivista nevladinog sektora i polaznika medrese &#8220;Gasi Isa beg&#8221; razgovaralo se ne samo o temama iz Helsin\u0161ke povelje, glasila Helsin\u0161kog odbora, ve\u0107 i o ozbiljnim problemima koji ve\u0107 du\u017ee vrijeme potresaju podru\u010dje Sand\u017eaka. Glavna urednica Helsin\u0161ke povelje Se\u0161ka Stanojlovi\u0107 predstavila je \u010dasopis i njegov [&hellip;]<\/p>\n","protected":false},"author":83,"featured_media":11332,"comment_status":"open","ping_status":"open","sticky":false,"template":"","format":"standard","meta":{"footnotes":""},"categories":[72,4],"tags":[],"class_list":{"0":"post-11331","1":"post","2":"type-post","3":"status-publish","4":"format-standard","5":"has-post-thumbnail","7":"category-novi-pazar","8":"category-obrazovanje"},"yoast_head":"<!-- This site is optimized with the Yoast SEO Premium plugin v23.1 (Yoast SEO v24.9) - https:\/\/yoast.com\/wordpress\/plugins\/seo\/ -->\n<title>Evropeizacija - dometi i ograni\u010denja<\/title>\n<meta name=\"robots\" content=\"index, follow, max-snippet:-1, max-image-preview:large, max-video-preview:-1\" \/>\n<link rel=\"canonical\" href=\"https:\/\/sandzakpress.net\/arhiva\/evropeizacija-dometi-i-ogranicenja\/\" \/>\n<meta property=\"og:locale\" content=\"bs_BA\" \/>\n<meta property=\"og:type\" content=\"article\" \/>\n<meta property=\"og:title\" content=\"Evropeizacija - dometi i ograni\u010denja\" \/>\n<meta property=\"og:description\" content=\"Novi Pazar &#8211; Na tribini koja je uglavnom okupila ve\u0107i broj aktivista nevladinog sektora i polaznika medrese &#8220;Gasi Isa beg&#8221; razgovaralo se ne samo o temama iz Helsin\u0161ke povelje, glasila Helsin\u0161kog odbora, ve\u0107 i o ozbiljnim problemima koji ve\u0107 du\u017ee vrijeme potresaju podru\u010dje Sand\u017eaka. Glavna urednica Helsin\u0161ke povelje Se\u0161ka Stanojlovi\u0107 predstavila je \u010dasopis i njegov [&hellip;]\" \/>\n<meta property=\"og:url\" content=\"https:\/\/sandzakpress.net\/arhiva\/evropeizacija-dometi-i-ogranicenja\/\" \/>\n<meta property=\"og:site_name\" content=\"Sand\u017eak PRESS\" \/>\n<meta property=\"article:published_time\" content=\"2011-01-17T23:36:35+00:00\" \/>\n<meta property=\"og:image\" content=\"https:\/\/sandzakpress.net\/arhiva\/wp-content\/uploads\/2011\/01\/logo.jpg\" \/>\n\t<meta property=\"og:image:width\" content=\"95\" \/>\n\t<meta property=\"og:image:height\" content=\"100\" \/>\n\t<meta property=\"og:image:type\" content=\"image\/jpeg\" \/>\n<meta name=\"author\" content=\"bosniak\" \/>\n<meta name=\"twitter:card\" content=\"summary_large_image\" \/>\n<meta name=\"twitter:label1\" content=\"Written by\" \/>\n\t<meta name=\"twitter:data1\" content=\"bosniak\" \/>\n\t<meta name=\"twitter:label2\" content=\"Est. reading time\" \/>\n\t<meta name=\"twitter:data2\" content=\"2 minute\" \/>\n<script type=\"application\/ld+json\" class=\"yoast-schema-graph\">{\"@context\":\"https:\/\/schema.org\",\"@graph\":[{\"@type\":\"Article\",\"@id\":\"https:\/\/sandzakpress.net\/arhiva\/evropeizacija-dometi-i-ogranicenja\/#article\",\"isPartOf\":{\"@id\":\"https:\/\/sandzakpress.net\/arhiva\/evropeizacija-dometi-i-ogranicenja\/\"},\"author\":{\"name\":\"bosniak\",\"@id\":\"https:\/\/sandzakpress.net\/arhiva\/#\/schema\/person\/c8baee722073534b583ea7bdb2e36c02\"},\"headline\":\"Evropeizacija &#8211; dometi i ograni\u010denja\",\"datePublished\":\"2011-01-17T23:36:35+00:00\",\"mainEntityOfPage\":{\"@id\":\"https:\/\/sandzakpress.net\/arhiva\/evropeizacija-dometi-i-ogranicenja\/\"},\"wordCount\":431,\"commentCount\":0,\"publisher\":{\"@id\":\"https:\/\/sandzakpress.net\/arhiva\/#\/schema\/person\/6e72b67d6e51910a1117b3b483ba20bd\"},\"image\":{\"@id\":\"https:\/\/sandzakpress.net\/arhiva\/evropeizacija-dometi-i-ogranicenja\/#primaryimage\"},\"thumbnailUrl\":\"https:\/\/sandzakpress.net\/arhiva\/wp-content\/uploads\/2011\/01\/logo.jpg\",\"articleSection\":[\"Novi Pazar\",\"Obrazovanje\"],\"inLanguage\":\"bs-BA\",\"potentialAction\":[{\"@type\":\"CommentAction\",\"name\":\"Comment\",\"target\":[\"https:\/\/sandzakpress.net\/arhiva\/evropeizacija-dometi-i-ogranicenja\/#respond\"]}]},{\"@type\":\"WebPage\",\"@id\":\"https:\/\/sandzakpress.net\/arhiva\/evropeizacija-dometi-i-ogranicenja\/\",\"url\":\"https:\/\/sandzakpress.net\/arhiva\/evropeizacija-dometi-i-ogranicenja\/\",\"name\":\"Evropeizacija - dometi i ograni\u010denja\",\"isPartOf\":{\"@id\":\"https:\/\/sandzakpress.net\/arhiva\/#website\"},\"primaryImageOfPage\":{\"@id\":\"https:\/\/sandzakpress.net\/arhiva\/evropeizacija-dometi-i-ogranicenja\/#primaryimage\"},\"image\":{\"@id\":\"https:\/\/sandzakpress.net\/arhiva\/evropeizacija-dometi-i-ogranicenja\/#primaryimage\"},\"thumbnailUrl\":\"https:\/\/sandzakpress.net\/arhiva\/wp-content\/uploads\/2011\/01\/logo.jpg\",\"datePublished\":\"2011-01-17T23:36:35+00:00\",\"breadcrumb\":{\"@id\":\"https:\/\/sandzakpress.net\/arhiva\/evropeizacija-dometi-i-ogranicenja\/#breadcrumb\"},\"inLanguage\":\"bs-BA\",\"potentialAction\":[{\"@type\":\"ReadAction\",\"target\":[\"https:\/\/sandzakpress.net\/arhiva\/evropeizacija-dometi-i-ogranicenja\/\"]}]},{\"@type\":\"ImageObject\",\"inLanguage\":\"bs-BA\",\"@id\":\"https:\/\/sandzakpress.net\/arhiva\/evropeizacija-dometi-i-ogranicenja\/#primaryimage\",\"url\":\"https:\/\/sandzakpress.net\/arhiva\/wp-content\/uploads\/2011\/01\/logo.jpg\",\"contentUrl\":\"https:\/\/sandzakpress.net\/arhiva\/wp-content\/uploads\/2011\/01\/logo.jpg\",\"width\":95,\"height\":100},{\"@type\":\"BreadcrumbList\",\"@id\":\"https:\/\/sandzakpress.net\/arhiva\/evropeizacija-dometi-i-ogranicenja\/#breadcrumb\",\"itemListElement\":[{\"@type\":\"ListItem\",\"position\":1,\"name\":\"Home\",\"item\":\"https:\/\/sandzakpress.net\/arhiva\/\"},{\"@type\":\"ListItem\",\"position\":2,\"name\":\"Evropeizacija &#8211; dometi i ograni\u010denja\"}]},{\"@type\":\"WebSite\",\"@id\":\"https:\/\/sandzakpress.net\/arhiva\/#website\",\"url\":\"https:\/\/sandzakpress.net\/arhiva\/\",\"name\":\"Sand\u017eak PRESS\",\"description\":\"Prve elektronske novine u Sand\u017eaku\",\"publisher\":{\"@id\":\"https:\/\/sandzakpress.net\/arhiva\/#\/schema\/person\/6e72b67d6e51910a1117b3b483ba20bd\"},\"potentialAction\":[{\"@type\":\"SearchAction\",\"target\":{\"@type\":\"EntryPoint\",\"urlTemplate\":\"https:\/\/sandzakpress.net\/arhiva\/?s={search_term_string}\"},\"query-input\":{\"@type\":\"PropertyValueSpecification\",\"valueRequired\":true,\"valueName\":\"search_term_string\"}}],\"inLanguage\":\"bs-BA\"},{\"@type\":[\"Person\",\"Organization\"],\"@id\":\"https:\/\/sandzakpress.net\/arhiva\/#\/schema\/person\/6e72b67d6e51910a1117b3b483ba20bd\",\"name\":\"Kul\",\"image\":{\"@type\":\"ImageObject\",\"inLanguage\":\"bs-BA\",\"@id\":\"https:\/\/sandzakpress.net\/arhiva\/#\/schema\/person\/image\/\",\"url\":\"https:\/\/secure.gravatar.com\/avatar\/42263f39aa27ac04c43cab85c280eb2e?s=96&d=mm&r=pg\",\"contentUrl\":\"https:\/\/secure.gravatar.com\/avatar\/42263f39aa27ac04c43cab85c280eb2e?s=96&d=mm&r=pg\",\"caption\":\"Kul\"},\"logo\":{\"@id\":\"https:\/\/sandzakpress.net\/arhiva\/#\/schema\/person\/image\/\"}},{\"@type\":\"Person\",\"@id\":\"https:\/\/sandzakpress.net\/arhiva\/#\/schema\/person\/c8baee722073534b583ea7bdb2e36c02\",\"name\":\"bosniak\",\"image\":{\"@type\":\"ImageObject\",\"inLanguage\":\"bs-BA\",\"@id\":\"https:\/\/sandzakpress.net\/arhiva\/#\/schema\/person\/image\/\",\"url\":\"https:\/\/secure.gravatar.com\/avatar\/a04fd330bfe3a36a72a0ad4a6d89fca7?s=96&d=mm&r=pg\",\"contentUrl\":\"https:\/\/secure.gravatar.com\/avatar\/a04fd330bfe3a36a72a0ad4a6d89fca7?s=96&d=mm&r=pg\",\"caption\":\"bosniak\"},\"url\":\"https:\/\/sandzakpress.net\/arhiva\/author\/bosniak\/\"}]}<\/script>\n<!-- \/ Yoast SEO Premium plugin. -->","yoast_head_json":{"title":"Evropeizacija - dometi i ograni\u010denja","robots":{"index":"index","follow":"follow","max-snippet":"max-snippet:-1","max-image-preview":"max-image-preview:large","max-video-preview":"max-video-preview:-1"},"canonical":"https:\/\/sandzakpress.net\/arhiva\/evropeizacija-dometi-i-ogranicenja\/","og_locale":"bs_BA","og_type":"article","og_title":"Evropeizacija - dometi i ograni\u010denja","og_description":"Novi Pazar &#8211; Na tribini koja je uglavnom okupila ve\u0107i broj aktivista nevladinog sektora i polaznika medrese &#8220;Gasi Isa beg&#8221; razgovaralo se ne samo o temama iz Helsin\u0161ke povelje, glasila Helsin\u0161kog odbora, ve\u0107 i o ozbiljnim problemima koji ve\u0107 du\u017ee vrijeme potresaju podru\u010dje Sand\u017eaka. Glavna urednica Helsin\u0161ke povelje Se\u0161ka Stanojlovi\u0107 predstavila je \u010dasopis i njegov [&hellip;]","og_url":"https:\/\/sandzakpress.net\/arhiva\/evropeizacija-dometi-i-ogranicenja\/","og_site_name":"Sand\u017eak PRESS","article_published_time":"2011-01-17T23:36:35+00:00","og_image":[{"width":95,"height":100,"url":"https:\/\/sandzakpress.net\/arhiva\/wp-content\/uploads\/2011\/01\/logo.jpg","type":"image\/jpeg"}],"author":"bosniak","twitter_card":"summary_large_image","twitter_misc":{"Written by":"bosniak","Est. reading time":"2 minute"},"schema":{"@context":"https:\/\/schema.org","@graph":[{"@type":"Article","@id":"https:\/\/sandzakpress.net\/arhiva\/evropeizacija-dometi-i-ogranicenja\/#article","isPartOf":{"@id":"https:\/\/sandzakpress.net\/arhiva\/evropeizacija-dometi-i-ogranicenja\/"},"author":{"name":"bosniak","@id":"https:\/\/sandzakpress.net\/arhiva\/#\/schema\/person\/c8baee722073534b583ea7bdb2e36c02"},"headline":"Evropeizacija &#8211; dometi i ograni\u010denja","datePublished":"2011-01-17T23:36:35+00:00","mainEntityOfPage":{"@id":"https:\/\/sandzakpress.net\/arhiva\/evropeizacija-dometi-i-ogranicenja\/"},"wordCount":431,"commentCount":0,"publisher":{"@id":"https:\/\/sandzakpress.net\/arhiva\/#\/schema\/person\/6e72b67d6e51910a1117b3b483ba20bd"},"image":{"@id":"https:\/\/sandzakpress.net\/arhiva\/evropeizacija-dometi-i-ogranicenja\/#primaryimage"},"thumbnailUrl":"https:\/\/sandzakpress.net\/arhiva\/wp-content\/uploads\/2011\/01\/logo.jpg","articleSection":["Novi Pazar","Obrazovanje"],"inLanguage":"bs-BA","potentialAction":[{"@type":"CommentAction","name":"Comment","target":["https:\/\/sandzakpress.net\/arhiva\/evropeizacija-dometi-i-ogranicenja\/#respond"]}]},{"@type":"WebPage","@id":"https:\/\/sandzakpress.net\/arhiva\/evropeizacija-dometi-i-ogranicenja\/","url":"https:\/\/sandzakpress.net\/arhiva\/evropeizacija-dometi-i-ogranicenja\/","name":"Evropeizacija - dometi i ograni\u010denja","isPartOf":{"@id":"https:\/\/sandzakpress.net\/arhiva\/#website"},"primaryImageOfPage":{"@id":"https:\/\/sandzakpress.net\/arhiva\/evropeizacija-dometi-i-ogranicenja\/#primaryimage"},"image":{"@id":"https:\/\/sandzakpress.net\/arhiva\/evropeizacija-dometi-i-ogranicenja\/#primaryimage"},"thumbnailUrl":"https:\/\/sandzakpress.net\/arhiva\/wp-content\/uploads\/2011\/01\/logo.jpg","datePublished":"2011-01-17T23:36:35+00:00","breadcrumb":{"@id":"https:\/\/sandzakpress.net\/arhiva\/evropeizacija-dometi-i-ogranicenja\/#breadcrumb"},"inLanguage":"bs-BA","potentialAction":[{"@type":"ReadAction","target":["https:\/\/sandzakpress.net\/arhiva\/evropeizacija-dometi-i-ogranicenja\/"]}]},{"@type":"ImageObject","inLanguage":"bs-BA","@id":"https:\/\/sandzakpress.net\/arhiva\/evropeizacija-dometi-i-ogranicenja\/#primaryimage","url":"https:\/\/sandzakpress.net\/arhiva\/wp-content\/uploads\/2011\/01\/logo.jpg","contentUrl":"https:\/\/sandzakpress.net\/arhiva\/wp-content\/uploads\/2011\/01\/logo.jpg","width":95,"height":100},{"@type":"BreadcrumbList","@id":"https:\/\/sandzakpress.net\/arhiva\/evropeizacija-dometi-i-ogranicenja\/#breadcrumb","itemListElement":[{"@type":"ListItem","position":1,"name":"Home","item":"https:\/\/sandzakpress.net\/arhiva\/"},{"@type":"ListItem","position":2,"name":"Evropeizacija &#8211; dometi i ograni\u010denja"}]},{"@type":"WebSite","@id":"https:\/\/sandzakpress.net\/arhiva\/#website","url":"https:\/\/sandzakpress.net\/arhiva\/","name":"Sand\u017eak PRESS","description":"Prve elektronske novine u Sand\u017eaku","publisher":{"@id":"https:\/\/sandzakpress.net\/arhiva\/#\/schema\/person\/6e72b67d6e51910a1117b3b483ba20bd"},"potentialAction":[{"@type":"SearchAction","target":{"@type":"EntryPoint","urlTemplate":"https:\/\/sandzakpress.net\/arhiva\/?s={search_term_string}"},"query-input":{"@type":"PropertyValueSpecification","valueRequired":true,"valueName":"search_term_string"}}],"inLanguage":"bs-BA"},{"@type":["Person","Organization"],"@id":"https:\/\/sandzakpress.net\/arhiva\/#\/schema\/person\/6e72b67d6e51910a1117b3b483ba20bd","name":"Kul","image":{"@type":"ImageObject","inLanguage":"bs-BA","@id":"https:\/\/sandzakpress.net\/arhiva\/#\/schema\/person\/image\/","url":"https:\/\/secure.gravatar.com\/avatar\/42263f39aa27ac04c43cab85c280eb2e?s=96&d=mm&r=pg","contentUrl":"https:\/\/secure.gravatar.com\/avatar\/42263f39aa27ac04c43cab85c280eb2e?s=96&d=mm&r=pg","caption":"Kul"},"logo":{"@id":"https:\/\/sandzakpress.net\/arhiva\/#\/schema\/person\/image\/"}},{"@type":"Person","@id":"https:\/\/sandzakpress.net\/arhiva\/#\/schema\/person\/c8baee722073534b583ea7bdb2e36c02","name":"bosniak","image":{"@type":"ImageObject","inLanguage":"bs-BA","@id":"https:\/\/sandzakpress.net\/arhiva\/#\/schema\/person\/image\/","url":"https:\/\/secure.gravatar.com\/avatar\/a04fd330bfe3a36a72a0ad4a6d89fca7?s=96&d=mm&r=pg","contentUrl":"https:\/\/secure.gravatar.com\/avatar\/a04fd330bfe3a36a72a0ad4a6d89fca7?s=96&d=mm&r=pg","caption":"bosniak"},"url":"https:\/\/sandzakpress.net\/arhiva\/author\/bosniak\/"}]}},"_links":{"self":[{"href":"https:\/\/sandzakpress.net\/arhiva\/wp-json\/wp\/v2\/posts\/11331"}],"collection":[{"href":"https:\/\/sandzakpress.net\/arhiva\/wp-json\/wp\/v2\/posts"}],"about":[{"href":"https:\/\/sandzakpress.net\/arhiva\/wp-json\/wp\/v2\/types\/post"}],"author":[{"embeddable":true,"href":"https:\/\/sandzakpress.net\/arhiva\/wp-json\/wp\/v2\/users\/83"}],"replies":[{"embeddable":true,"href":"https:\/\/sandzakpress.net\/arhiva\/wp-json\/wp\/v2\/comments?post=11331"}],"version-history":[{"count":0,"href":"https:\/\/sandzakpress.net\/arhiva\/wp-json\/wp\/v2\/posts\/11331\/revisions"}],"wp:featuredmedia":[{"embeddable":true,"href":"https:\/\/sandzakpress.net\/arhiva\/wp-json\/wp\/v2\/media\/11332"}],"wp:attachment":[{"href":"https:\/\/sandzakpress.net\/arhiva\/wp-json\/wp\/v2\/media?parent=11331"}],"wp:term":[{"taxonomy":"category","embeddable":true,"href":"https:\/\/sandzakpress.net\/arhiva\/wp-json\/wp\/v2\/categories?post=11331"},{"taxonomy":"post_tag","embeddable":true,"href":"https:\/\/sandzakpress.net\/arhiva\/wp-json\/wp\/v2\/tags?post=11331"}],"curies":[{"name":"wp","href":"https:\/\/api.w.org\/{rel}","templated":true}]}}