{"id":113221,"date":"2014-10-19T20:41:28","date_gmt":"2014-10-19T18:41:28","guid":{"rendered":"https:\/\/sandzakpress.net\/arhiva\/?p=113221"},"modified":"2014-10-19T20:41:28","modified_gmt":"2014-10-19T18:41:28","slug":"samopouzdanje-nije-vezano-za-izgled-a-odreduje-zivote","status":"publish","type":"post","link":"https:\/\/sandzakpress.net\/arhiva\/samopouzdanje-nije-vezano-za-izgled-a-odreduje-zivote\/","title":{"rendered":"Samopouzdanje: Nije vezano za izgled, a odre\u0111uje \u017eivote"},"content":{"rendered":"<div class=\"top_gutter\" style=\"color: #000000;\">\n<p style=\"font-style: inherit;\"><strong><img loading=\"lazy\" decoding=\"async\" class=\"alignleft\" src=\"http:\/\/www.christianityworks.com\/wp-content\/uploads\/2013\/05\/ADP-07-02-Dealing-With-Low-Self-Esteem.jpg\" alt=\"\" width=\"302\" height=\"221\" \/>Previ\u0161e samopouzdanja prelazi u narcizam, a lijepi ljudi nisu ni\u0161ta vi\u0161e sigurni u sebe od onih prosje\u010dnih. Tako\u0111er, za lo\u0161 osje\u0107aj o sebi ne mogu se kriviti drugi&#8230;<\/strong><\/p>\n<\/div>\n<h2 id=\"anketa_block\" style=\"color: #000000;\">Kategorija samopouzdanja<\/h2>\n<p style=\"color: #000000;\"><span style=\"color: rgb(0, 0, 0);\">Samopouzdanje je kao psiholo\u0161ka kategorija postalo predmetom rasprave u posljednjih 50 godina. Psiholozi jo\u0161 uvijek raspravljaju o tome \u0161to ono doista jest, a kao &#8220;roba&#8221; je postalo primarno u me\u0111uljudskim odnosima i na poslu te se smatra glavnim obilje\u017ejem uspje\u0161nih ljudi. Postoje razli\u010dite vrste samopouzdanja, od op\u0107eg osje\u0107aja vlastite vrijednosti, do onog vezanog za odre\u0111ene uloge u \u017eivotu &#8211; supru\u017enik, prijatelj, roditelj, zaposlenik&#8230;<\/span><\/p>\n<h2 style=\"color: #ffffff;\"><span style=\"color: #000000;\">Nije svaki neuspjeh isti<\/span><\/h2>\n<p style=\"color: #cccccc;\"><span style=\"color: #000000;\">Utjecaj specifi\u010dnog samopouzdanja na ono globalno varira. Primjerice, dok \u0107e netko biti razo\u010daran i sumnjati u svoje sposobnosti kao kuhara jer je upropastio obiteljski ru\u010dak, drugi kojemu kuhanje nije toliko va\u017eno, ne\u0107e zbog toga generalno misliti lo\u0161ije o sebi, pi\u0161e\u00a0<a style=\"font-weight: inherit; font-style: inherit; color: #297af6;\" href=\"http:\/\/www.psychologytoday.com\/blog\/the-squeaky-wheel\/201410\/10-surprising-facts-about-self-esteem?tr=MostViewed\"><span style=\"color: #000000;\">Psychology Today<\/span><\/a>.<\/span><\/p>\n<h2 style=\"color: #ffffff;\"><span style=\"color: #000000;\">Ono varira iz sata u sat<\/span><\/h2>\n<p><span style=\"color: #000000;\">Sli\u010dno kao s lo\u0161om frizurom, ljudi se mogu probuditi jedan dan s osje\u0107ajem zadovoljstva o sebi, a drugi dan nesigurni. Generalno, obi\u010dno do\u017eivljavamo kao da netko ima dobro ili lo\u0161e samopouzdanje, no tu postoji mnogo varijacija i ono ovisi o povratnim reakcijama iz na\u0161e okoline, ali i o trenutnim situacijama u \u017eivotu.<\/span><\/p>\n<h2 style=\"color: #ffffff;\"><span style=\"color: #000000;\">Visoko samopouzdanje nije nu\u017eno bolje<\/span><\/h2>\n<p style=\"color: #cccccc;\"><span style=\"color: #000000;\">U idealnom slu\u010daju, samouzdanje \u010dovjeka treba biti visoko, ali ne previsoko jer tada ono prelazi u narcizam. Takvi ljudi imaju previsok osje\u0107aj vlastite vrijednosti, a i na najmanju kritiku \u0107e reagirati agresivno i ofenzivno. Uzroke prevelikog samopouzdanja treba tra\u017eiti u dugoj krajnosti &#8211; kompleksima, \u0161to je dokaz da samopouzdanje i samopo\u0161tovanje nisu istozna\u010dnice.<\/span><\/p>\n<h2 style=\"color: #ffffff;\"><span style=\"color: #000000;\">Nije vezano za fizi\u010dki izgled<\/span><\/h2>\n<p><span style=\"color: #000000;\">Studije su pokazale da ljude za koje bi ve\u0107ina utvrdila da su objektivno lijepi i privla\u010dni, u pravilu nemaju ni\u0161ta ve\u0107e samopouzdanje od drugih. Tako\u0111er, dok su ispitanicima dali fotografije ljudi s niskim samopouzdanjem, nisu ih ocijenili ni\u0161ta manje atraktivnim od onih s visokim. Razlike u izgledu stoga ne postoje, no ono na \u0161to se mogu odraziti je nastup i stav, koji jesu faktor privla\u010dnosti.<\/span><\/p>\n<h2 style=\"color: #ffffff;\"><span style=\"color: #000000;\">Otporni na komplimente<\/span><\/h2>\n<p style=\"color: #cccccc;\"><span style=\"color: #000000;\">Pojedinci s generalno niskim samopouzdanjem kao da su otporni na pohvale i pozitivne povratne informacije iz svoje okoline, pa ih je tako i lako prepoznati. Oni ne znaju prihvatiti kompliment, preispituju pohvalu i stvarni cilj koji se iza nje krije, a razlog za to je \u0161to se osje\u0107aju nedostojnim hvaljenja.<\/span><\/p>\n<h2 style=\"color: #ffffff;\"><span style=\"color: #000000;\">&#8220;Samopomo\u0107&#8221; ba\u0161 i ne djeluje<\/span><\/h2>\n<p><span style=\"color: #000000;\">Iako danas postoji cijela industrija namijenjena podizanju samopouzdanja, poput literature &#8220;samopomo\u0107i&#8221;, no studije pokazuju da takav &#8220;rad na sebi&#8221; dugoro\u010dno nema stvaran u\u010dinak. Ipak, na samopouzdanje dokazano djeluju fizi\u010dke aktivnosti, dru\u017eenje kao i ostvarivanje zadanih ciljeva.<\/span><\/p>\n<h2 style=\"color: #ffffff;\"><span style=\"color: #000000;\">Nisu krivi roditelji ni dru\u0161tvo<\/span><\/h2>\n<p style=\"color: #cccccc;\"><span style=\"color: #000000;\">Pojedinci \u0107e \u010desto tra\u017eiti krivca za svoje nisko samopouzdanje u drugima, bilo da je rije\u010d o roditeljima, biv\u0161em partneru ili dru\u0161tvu. No, istina je kako je svatko sam nanio ve\u0107inu \u0161tete vlastitom samopouzdanju. Sklonost samokriti\u010dnosti mo\u017ee biti genetski uvjetovana, no kao obrazac proizlazi iz na\u0161eg karaktera i na\u010dina na koji smo ga izgradili, obja\u0161njavaju psiholozi.<\/span><\/p>\n<p style=\"color: #cccccc;\">\n<p style=\"color: #cccccc;\"><span style=\"color: #000000;\">Izvor: <strong>24sata.hr<\/strong><\/span><\/p>\n","protected":false},"excerpt":{"rendered":"<p>Previ\u0161e samopouzdanja prelazi u narcizam, a lijepi ljudi nisu ni\u0161ta vi\u0161e sigurni u sebe od onih prosje\u010dnih. Tako\u0111er, za lo\u0161 osje\u0107aj o sebi ne mogu se kriviti drugi&#8230; Kategorija samopouzdanja Samopouzdanje je kao psiholo\u0161ka kategorija postalo predmetom rasprave u posljednjih 50 godina. Psiholozi jo\u0161 uvijek raspravljaju o tome \u0161to ono doista jest, a kao &#8220;roba&#8221; [&hellip;]<\/p>\n","protected":false},"author":125,"featured_media":113222,"comment_status":"open","ping_status":"open","sticky":false,"template":"","format":"standard","meta":{"footnotes":""},"categories":[807],"tags":[],"class_list":{"0":"post-113221","1":"post","2":"type-post","3":"status-publish","4":"format-standard","5":"has-post-thumbnail","7":"category-zivot"},"yoast_head":"<!-- This site is optimized with the Yoast SEO Premium plugin v23.1 (Yoast SEO v24.9) - https:\/\/yoast.com\/wordpress\/plugins\/seo\/ -->\n<title>Samopouzdanje: Nije vezano za izgled, a odre\u0111uje \u017eivote<\/title>\n<meta name=\"robots\" content=\"index, follow, max-snippet:-1, max-image-preview:large, max-video-preview:-1\" \/>\n<link rel=\"canonical\" href=\"https:\/\/sandzakpress.net\/arhiva\/samopouzdanje-nije-vezano-za-izgled-a-odreduje-zivote\/\" \/>\n<meta property=\"og:locale\" content=\"bs_BA\" \/>\n<meta property=\"og:type\" content=\"article\" \/>\n<meta property=\"og:title\" content=\"Samopouzdanje: Nije vezano za izgled, a odre\u0111uje \u017eivote\" \/>\n<meta property=\"og:description\" content=\"Previ\u0161e samopouzdanja prelazi u narcizam, a lijepi ljudi nisu ni\u0161ta vi\u0161e sigurni u sebe od onih prosje\u010dnih. Tako\u0111er, za lo\u0161 osje\u0107aj o sebi ne mogu se kriviti drugi&#8230; Kategorija samopouzdanja Samopouzdanje je kao psiholo\u0161ka kategorija postalo predmetom rasprave u posljednjih 50 godina. Psiholozi jo\u0161 uvijek raspravljaju o tome \u0161to ono doista jest, a kao &#8220;roba&#8221; [&hellip;]\" \/>\n<meta property=\"og:url\" content=\"https:\/\/sandzakpress.net\/arhiva\/samopouzdanje-nije-vezano-za-izgled-a-odreduje-zivote\/\" \/>\n<meta property=\"og:site_name\" content=\"Sand\u017eak PRESS\" \/>\n<meta property=\"article:published_time\" content=\"2014-10-19T18:41:28+00:00\" \/>\n<meta property=\"og:image\" content=\"https:\/\/sandzakpress.net\/arhiva\/wp-content\/uploads\/2014\/10\/ADP-07-02-Dealing-With-Low-Self-Esteem.jpg\" \/>\n\t<meta property=\"og:image:width\" content=\"588\" \/>\n\t<meta property=\"og:image:height\" content=\"430\" \/>\n\t<meta property=\"og:image:type\" content=\"image\/jpeg\" \/>\n<meta name=\"author\" content=\"Korektor\" \/>\n<meta name=\"twitter:card\" content=\"summary_large_image\" \/>\n<meta name=\"twitter:label1\" content=\"Written by\" \/>\n\t<meta name=\"twitter:data1\" content=\"Korektor\" \/>\n\t<meta name=\"twitter:label2\" content=\"Est. reading time\" \/>\n\t<meta name=\"twitter:data2\" content=\"3 minute\" \/>\n<script type=\"application\/ld+json\" class=\"yoast-schema-graph\">{\"@context\":\"https:\/\/schema.org\",\"@graph\":[{\"@type\":\"Article\",\"@id\":\"https:\/\/sandzakpress.net\/arhiva\/samopouzdanje-nije-vezano-za-izgled-a-odreduje-zivote\/#article\",\"isPartOf\":{\"@id\":\"https:\/\/sandzakpress.net\/arhiva\/samopouzdanje-nije-vezano-za-izgled-a-odreduje-zivote\/\"},\"author\":{\"name\":\"Korektor\",\"@id\":\"https:\/\/sandzakpress.net\/arhiva\/#\/schema\/person\/b71f9565a8a6ce38c0200f1cf59c368c\"},\"headline\":\"Samopouzdanje: Nije vezano za izgled, a odre\u0111uje \u017eivote\",\"datePublished\":\"2014-10-19T18:41:28+00:00\",\"mainEntityOfPage\":{\"@id\":\"https:\/\/sandzakpress.net\/arhiva\/samopouzdanje-nije-vezano-za-izgled-a-odreduje-zivote\/\"},\"wordCount\":549,\"commentCount\":0,\"publisher\":{\"@id\":\"https:\/\/sandzakpress.net\/arhiva\/#\/schema\/person\/6e72b67d6e51910a1117b3b483ba20bd\"},\"image\":{\"@id\":\"https:\/\/sandzakpress.net\/arhiva\/samopouzdanje-nije-vezano-za-izgled-a-odreduje-zivote\/#primaryimage\"},\"thumbnailUrl\":\"https:\/\/sandzakpress.net\/arhiva\/wp-content\/uploads\/2014\/10\/ADP-07-02-Dealing-With-Low-Self-Esteem.jpg\",\"articleSection\":[\"\u017divot\"],\"inLanguage\":\"bs-BA\",\"potentialAction\":[{\"@type\":\"CommentAction\",\"name\":\"Comment\",\"target\":[\"https:\/\/sandzakpress.net\/arhiva\/samopouzdanje-nije-vezano-za-izgled-a-odreduje-zivote\/#respond\"]}]},{\"@type\":\"WebPage\",\"@id\":\"https:\/\/sandzakpress.net\/arhiva\/samopouzdanje-nije-vezano-za-izgled-a-odreduje-zivote\/\",\"url\":\"https:\/\/sandzakpress.net\/arhiva\/samopouzdanje-nije-vezano-za-izgled-a-odreduje-zivote\/\",\"name\":\"Samopouzdanje: Nije vezano za izgled, a odre\u0111uje \u017eivote\",\"isPartOf\":{\"@id\":\"https:\/\/sandzakpress.net\/arhiva\/#website\"},\"primaryImageOfPage\":{\"@id\":\"https:\/\/sandzakpress.net\/arhiva\/samopouzdanje-nije-vezano-za-izgled-a-odreduje-zivote\/#primaryimage\"},\"image\":{\"@id\":\"https:\/\/sandzakpress.net\/arhiva\/samopouzdanje-nije-vezano-za-izgled-a-odreduje-zivote\/#primaryimage\"},\"thumbnailUrl\":\"https:\/\/sandzakpress.net\/arhiva\/wp-content\/uploads\/2014\/10\/ADP-07-02-Dealing-With-Low-Self-Esteem.jpg\",\"datePublished\":\"2014-10-19T18:41:28+00:00\",\"breadcrumb\":{\"@id\":\"https:\/\/sandzakpress.net\/arhiva\/samopouzdanje-nije-vezano-za-izgled-a-odreduje-zivote\/#breadcrumb\"},\"inLanguage\":\"bs-BA\",\"potentialAction\":[{\"@type\":\"ReadAction\",\"target\":[\"https:\/\/sandzakpress.net\/arhiva\/samopouzdanje-nije-vezano-za-izgled-a-odreduje-zivote\/\"]}]},{\"@type\":\"ImageObject\",\"inLanguage\":\"bs-BA\",\"@id\":\"https:\/\/sandzakpress.net\/arhiva\/samopouzdanje-nije-vezano-za-izgled-a-odreduje-zivote\/#primaryimage\",\"url\":\"https:\/\/sandzakpress.net\/arhiva\/wp-content\/uploads\/2014\/10\/ADP-07-02-Dealing-With-Low-Self-Esteem.jpg\",\"contentUrl\":\"https:\/\/sandzakpress.net\/arhiva\/wp-content\/uploads\/2014\/10\/ADP-07-02-Dealing-With-Low-Self-Esteem.jpg\",\"width\":588,\"height\":430},{\"@type\":\"BreadcrumbList\",\"@id\":\"https:\/\/sandzakpress.net\/arhiva\/samopouzdanje-nije-vezano-za-izgled-a-odreduje-zivote\/#breadcrumb\",\"itemListElement\":[{\"@type\":\"ListItem\",\"position\":1,\"name\":\"Home\",\"item\":\"https:\/\/sandzakpress.net\/arhiva\/\"},{\"@type\":\"ListItem\",\"position\":2,\"name\":\"Samopouzdanje: Nije vezano za izgled, a odre\u0111uje \u017eivote\"}]},{\"@type\":\"WebSite\",\"@id\":\"https:\/\/sandzakpress.net\/arhiva\/#website\",\"url\":\"https:\/\/sandzakpress.net\/arhiva\/\",\"name\":\"Sand\u017eak PRESS\",\"description\":\"Prve elektronske novine u Sand\u017eaku\",\"publisher\":{\"@id\":\"https:\/\/sandzakpress.net\/arhiva\/#\/schema\/person\/6e72b67d6e51910a1117b3b483ba20bd\"},\"potentialAction\":[{\"@type\":\"SearchAction\",\"target\":{\"@type\":\"EntryPoint\",\"urlTemplate\":\"https:\/\/sandzakpress.net\/arhiva\/?s={search_term_string}\"},\"query-input\":{\"@type\":\"PropertyValueSpecification\",\"valueRequired\":true,\"valueName\":\"search_term_string\"}}],\"inLanguage\":\"bs-BA\"},{\"@type\":[\"Person\",\"Organization\"],\"@id\":\"https:\/\/sandzakpress.net\/arhiva\/#\/schema\/person\/6e72b67d6e51910a1117b3b483ba20bd\",\"name\":\"Kul\",\"image\":{\"@type\":\"ImageObject\",\"inLanguage\":\"bs-BA\",\"@id\":\"https:\/\/sandzakpress.net\/arhiva\/#\/schema\/person\/image\/\",\"url\":\"https:\/\/secure.gravatar.com\/avatar\/42263f39aa27ac04c43cab85c280eb2e?s=96&d=mm&r=pg\",\"contentUrl\":\"https:\/\/secure.gravatar.com\/avatar\/42263f39aa27ac04c43cab85c280eb2e?s=96&d=mm&r=pg\",\"caption\":\"Kul\"},\"logo\":{\"@id\":\"https:\/\/sandzakpress.net\/arhiva\/#\/schema\/person\/image\/\"}},{\"@type\":\"Person\",\"@id\":\"https:\/\/sandzakpress.net\/arhiva\/#\/schema\/person\/b71f9565a8a6ce38c0200f1cf59c368c\",\"name\":\"Korektor\",\"image\":{\"@type\":\"ImageObject\",\"inLanguage\":\"bs-BA\",\"@id\":\"https:\/\/sandzakpress.net\/arhiva\/#\/schema\/person\/image\/\",\"url\":\"https:\/\/secure.gravatar.com\/avatar\/ae3388ff9b8eb74e0751a069466905f6?s=96&d=mm&r=pg\",\"contentUrl\":\"https:\/\/secure.gravatar.com\/avatar\/ae3388ff9b8eb74e0751a069466905f6?s=96&d=mm&r=pg\",\"caption\":\"Korektor\"},\"url\":\"https:\/\/sandzakpress.net\/arhiva\/author\/korektor\/\"}]}<\/script>\n<!-- \/ Yoast SEO Premium plugin. -->","yoast_head_json":{"title":"Samopouzdanje: Nije vezano za izgled, a odre\u0111uje \u017eivote","robots":{"index":"index","follow":"follow","max-snippet":"max-snippet:-1","max-image-preview":"max-image-preview:large","max-video-preview":"max-video-preview:-1"},"canonical":"https:\/\/sandzakpress.net\/arhiva\/samopouzdanje-nije-vezano-za-izgled-a-odreduje-zivote\/","og_locale":"bs_BA","og_type":"article","og_title":"Samopouzdanje: Nije vezano za izgled, a odre\u0111uje \u017eivote","og_description":"Previ\u0161e samopouzdanja prelazi u narcizam, a lijepi ljudi nisu ni\u0161ta vi\u0161e sigurni u sebe od onih prosje\u010dnih. Tako\u0111er, za lo\u0161 osje\u0107aj o sebi ne mogu se kriviti drugi&#8230; Kategorija samopouzdanja Samopouzdanje je kao psiholo\u0161ka kategorija postalo predmetom rasprave u posljednjih 50 godina. Psiholozi jo\u0161 uvijek raspravljaju o tome \u0161to ono doista jest, a kao &#8220;roba&#8221; [&hellip;]","og_url":"https:\/\/sandzakpress.net\/arhiva\/samopouzdanje-nije-vezano-za-izgled-a-odreduje-zivote\/","og_site_name":"Sand\u017eak PRESS","article_published_time":"2014-10-19T18:41:28+00:00","og_image":[{"width":588,"height":430,"url":"https:\/\/sandzakpress.net\/arhiva\/wp-content\/uploads\/2014\/10\/ADP-07-02-Dealing-With-Low-Self-Esteem.jpg","type":"image\/jpeg"}],"author":"Korektor","twitter_card":"summary_large_image","twitter_misc":{"Written by":"Korektor","Est. reading time":"3 minute"},"schema":{"@context":"https:\/\/schema.org","@graph":[{"@type":"Article","@id":"https:\/\/sandzakpress.net\/arhiva\/samopouzdanje-nije-vezano-za-izgled-a-odreduje-zivote\/#article","isPartOf":{"@id":"https:\/\/sandzakpress.net\/arhiva\/samopouzdanje-nije-vezano-za-izgled-a-odreduje-zivote\/"},"author":{"name":"Korektor","@id":"https:\/\/sandzakpress.net\/arhiva\/#\/schema\/person\/b71f9565a8a6ce38c0200f1cf59c368c"},"headline":"Samopouzdanje: Nije vezano za izgled, a odre\u0111uje \u017eivote","datePublished":"2014-10-19T18:41:28+00:00","mainEntityOfPage":{"@id":"https:\/\/sandzakpress.net\/arhiva\/samopouzdanje-nije-vezano-za-izgled-a-odreduje-zivote\/"},"wordCount":549,"commentCount":0,"publisher":{"@id":"https:\/\/sandzakpress.net\/arhiva\/#\/schema\/person\/6e72b67d6e51910a1117b3b483ba20bd"},"image":{"@id":"https:\/\/sandzakpress.net\/arhiva\/samopouzdanje-nije-vezano-za-izgled-a-odreduje-zivote\/#primaryimage"},"thumbnailUrl":"https:\/\/sandzakpress.net\/arhiva\/wp-content\/uploads\/2014\/10\/ADP-07-02-Dealing-With-Low-Self-Esteem.jpg","articleSection":["\u017divot"],"inLanguage":"bs-BA","potentialAction":[{"@type":"CommentAction","name":"Comment","target":["https:\/\/sandzakpress.net\/arhiva\/samopouzdanje-nije-vezano-za-izgled-a-odreduje-zivote\/#respond"]}]},{"@type":"WebPage","@id":"https:\/\/sandzakpress.net\/arhiva\/samopouzdanje-nije-vezano-za-izgled-a-odreduje-zivote\/","url":"https:\/\/sandzakpress.net\/arhiva\/samopouzdanje-nije-vezano-za-izgled-a-odreduje-zivote\/","name":"Samopouzdanje: Nije vezano za izgled, a odre\u0111uje \u017eivote","isPartOf":{"@id":"https:\/\/sandzakpress.net\/arhiva\/#website"},"primaryImageOfPage":{"@id":"https:\/\/sandzakpress.net\/arhiva\/samopouzdanje-nije-vezano-za-izgled-a-odreduje-zivote\/#primaryimage"},"image":{"@id":"https:\/\/sandzakpress.net\/arhiva\/samopouzdanje-nije-vezano-za-izgled-a-odreduje-zivote\/#primaryimage"},"thumbnailUrl":"https:\/\/sandzakpress.net\/arhiva\/wp-content\/uploads\/2014\/10\/ADP-07-02-Dealing-With-Low-Self-Esteem.jpg","datePublished":"2014-10-19T18:41:28+00:00","breadcrumb":{"@id":"https:\/\/sandzakpress.net\/arhiva\/samopouzdanje-nije-vezano-za-izgled-a-odreduje-zivote\/#breadcrumb"},"inLanguage":"bs-BA","potentialAction":[{"@type":"ReadAction","target":["https:\/\/sandzakpress.net\/arhiva\/samopouzdanje-nije-vezano-za-izgled-a-odreduje-zivote\/"]}]},{"@type":"ImageObject","inLanguage":"bs-BA","@id":"https:\/\/sandzakpress.net\/arhiva\/samopouzdanje-nije-vezano-za-izgled-a-odreduje-zivote\/#primaryimage","url":"https:\/\/sandzakpress.net\/arhiva\/wp-content\/uploads\/2014\/10\/ADP-07-02-Dealing-With-Low-Self-Esteem.jpg","contentUrl":"https:\/\/sandzakpress.net\/arhiva\/wp-content\/uploads\/2014\/10\/ADP-07-02-Dealing-With-Low-Self-Esteem.jpg","width":588,"height":430},{"@type":"BreadcrumbList","@id":"https:\/\/sandzakpress.net\/arhiva\/samopouzdanje-nije-vezano-za-izgled-a-odreduje-zivote\/#breadcrumb","itemListElement":[{"@type":"ListItem","position":1,"name":"Home","item":"https:\/\/sandzakpress.net\/arhiva\/"},{"@type":"ListItem","position":2,"name":"Samopouzdanje: Nije vezano za izgled, a odre\u0111uje \u017eivote"}]},{"@type":"WebSite","@id":"https:\/\/sandzakpress.net\/arhiva\/#website","url":"https:\/\/sandzakpress.net\/arhiva\/","name":"Sand\u017eak PRESS","description":"Prve elektronske novine u Sand\u017eaku","publisher":{"@id":"https:\/\/sandzakpress.net\/arhiva\/#\/schema\/person\/6e72b67d6e51910a1117b3b483ba20bd"},"potentialAction":[{"@type":"SearchAction","target":{"@type":"EntryPoint","urlTemplate":"https:\/\/sandzakpress.net\/arhiva\/?s={search_term_string}"},"query-input":{"@type":"PropertyValueSpecification","valueRequired":true,"valueName":"search_term_string"}}],"inLanguage":"bs-BA"},{"@type":["Person","Organization"],"@id":"https:\/\/sandzakpress.net\/arhiva\/#\/schema\/person\/6e72b67d6e51910a1117b3b483ba20bd","name":"Kul","image":{"@type":"ImageObject","inLanguage":"bs-BA","@id":"https:\/\/sandzakpress.net\/arhiva\/#\/schema\/person\/image\/","url":"https:\/\/secure.gravatar.com\/avatar\/42263f39aa27ac04c43cab85c280eb2e?s=96&d=mm&r=pg","contentUrl":"https:\/\/secure.gravatar.com\/avatar\/42263f39aa27ac04c43cab85c280eb2e?s=96&d=mm&r=pg","caption":"Kul"},"logo":{"@id":"https:\/\/sandzakpress.net\/arhiva\/#\/schema\/person\/image\/"}},{"@type":"Person","@id":"https:\/\/sandzakpress.net\/arhiva\/#\/schema\/person\/b71f9565a8a6ce38c0200f1cf59c368c","name":"Korektor","image":{"@type":"ImageObject","inLanguage":"bs-BA","@id":"https:\/\/sandzakpress.net\/arhiva\/#\/schema\/person\/image\/","url":"https:\/\/secure.gravatar.com\/avatar\/ae3388ff9b8eb74e0751a069466905f6?s=96&d=mm&r=pg","contentUrl":"https:\/\/secure.gravatar.com\/avatar\/ae3388ff9b8eb74e0751a069466905f6?s=96&d=mm&r=pg","caption":"Korektor"},"url":"https:\/\/sandzakpress.net\/arhiva\/author\/korektor\/"}]}},"_links":{"self":[{"href":"https:\/\/sandzakpress.net\/arhiva\/wp-json\/wp\/v2\/posts\/113221"}],"collection":[{"href":"https:\/\/sandzakpress.net\/arhiva\/wp-json\/wp\/v2\/posts"}],"about":[{"href":"https:\/\/sandzakpress.net\/arhiva\/wp-json\/wp\/v2\/types\/post"}],"author":[{"embeddable":true,"href":"https:\/\/sandzakpress.net\/arhiva\/wp-json\/wp\/v2\/users\/125"}],"replies":[{"embeddable":true,"href":"https:\/\/sandzakpress.net\/arhiva\/wp-json\/wp\/v2\/comments?post=113221"}],"version-history":[{"count":0,"href":"https:\/\/sandzakpress.net\/arhiva\/wp-json\/wp\/v2\/posts\/113221\/revisions"}],"wp:featuredmedia":[{"embeddable":true,"href":"https:\/\/sandzakpress.net\/arhiva\/wp-json\/wp\/v2\/media\/113222"}],"wp:attachment":[{"href":"https:\/\/sandzakpress.net\/arhiva\/wp-json\/wp\/v2\/media?parent=113221"}],"wp:term":[{"taxonomy":"category","embeddable":true,"href":"https:\/\/sandzakpress.net\/arhiva\/wp-json\/wp\/v2\/categories?post=113221"},{"taxonomy":"post_tag","embeddable":true,"href":"https:\/\/sandzakpress.net\/arhiva\/wp-json\/wp\/v2\/tags?post=113221"}],"curies":[{"name":"wp","href":"https:\/\/api.w.org\/{rel}","templated":true}]}}