{"id":113217,"date":"2014-10-19T20:31:33","date_gmt":"2014-10-19T18:31:33","guid":{"rendered":"https:\/\/sandzakpress.net\/arhiva\/?p=113217"},"modified":"2014-10-19T20:31:33","modified_gmt":"2014-10-19T18:31:33","slug":"vase-velike-i-male-greske-koje-ostecuju-kosu","status":"publish","type":"post","link":"https:\/\/sandzakpress.net\/arhiva\/vase-velike-i-male-greske-koje-ostecuju-kosu\/","title":{"rendered":"Va\u0161e velike i male gre\u0161ke koje o\u0161te\u0107uju kosu"},"content":{"rendered":"<p><span style=\"font-weight: bold; color: #000000;\"><img loading=\"lazy\" decoding=\"async\" class=\"alignleft\" src=\"http:\/\/zena.hr\/images\/clanci\/10769_big.jpg\" alt=\"Va\u0161e velike i male gre\u0161ke koje o\u0161te\u0107uju kosu\" width=\"338\" height=\"225\" \/>Va\u0161a kosa izlo\u017eena je raznim vanjskim utjecajima, ali za njezina najve\u0107a o\u0161te\u0107enja odgovorni ste sami sa svojim krivim tretiranjima i postupcima.<\/span><\/p>\n<p><span style=\"color: #000000;\">\u0160to sve uni\u0161tava na\u0161u kosu? Voda puna kamenca, zaga\u0111enje zraka, sun\u010deve zrake, pretjerano \u010de\u0161ljanje, su\u0161enje vru\u0107im zrakom, manjak vitamina, bojanje kose i razni preparati za\u00a0 pretjerano zatezanje kose. Prema tome moglo bi se re\u0107i da apsolutno sve \u0161teti na\u0161oj kosi, te da joj nema spasa.<\/span><br style=\"color: #545454;\" \/><br style=\"color: #545454;\" \/><span style=\"color: #000000;\">Ipak, neke osobe unato\u010d svemu imaju\u00a0<a id=\"xClaimOglasId-167636-6\" class=\"xClaimClass\" style=\"color: #e03985 !important;\" target=\"_blank\"><\/a>lijepu\u00a0i njegovanu\u00a0<a id=\"xClaimOglasId-160942-4\" class=\"xClaimClass\" style=\"color: #e03985 !important;\" target=\"_blank\"><\/a>kosu, dok druge osobe, ma koliko se trudile, jednostavno nemaju kosu kakvu bi \u017eeljele. U nekim slu\u010dajevima radi se o genetici koja je uvelike odgovorna za kvalitetu kosu. No, isto tako, mnoge osobe nisu svjesne koliko postupci, odnosno gre\u0161ke koje ponavljaju kada je u pitanju\u00a0<a id=\"xClaimOglasId-161000-5\" class=\"xClaimClass\" style=\"color: #e03985 !important;\" target=\"_blank\"><\/a>njega kose, mogu utjecati na njezinu ljepotu i zdravlje. Neke gre\u0161ke doga\u0111aju se iz navike, a neke zbog neznanja. Promijenite na\u010din na koji tretirate kosu i rezultati \u0107e vrlo brzo biti i vi\u0161e nego o\u010diti.<\/span><br style=\"color: #545454;\" \/><br style=\"color: #545454;\" \/><span style=\"color: #000000;\"><strong>Zato nemojte\u2026<\/strong><\/span><br style=\"color: #545454;\" \/><br style=\"color: #545454;\" \/><span style=\"color: #000000;\"><strong>\u2026prilikom pranja stavljati previ\u0161e \u0161ampona.<\/strong><\/span><br style=\"color: #545454;\" \/><span style=\"color: #000000;\">\u010cak i ako koristite blage\u00a0<a id=\"xClaimOglasId-160938-1\" class=\"xClaimClass\" style=\"color: #e03985 !important;\" target=\"_blank\"><\/a>\u0161ampone, \u010desto \u0161amponiranje s prevelikom koli\u010dinom \u0161ampona mo\u017ee ukloniti previ\u0161e prirodnih ulja s vlasi\u0161ta, \u0161to pak mo\u017ee dovesti problema s pretjeranim ma\u0161\u0107enjem\u00a0<a id=\"xClaimOglasId-161089-2\" class=\"xClaimClass\" style=\"color: #e03985 !important;\" target=\"_blank\"><\/a>kose\u00a0i perutanjem, a posljedi\u010dno dovesti do prorje\u0111ivanja kose i ispadanja.<\/span><br style=\"color: #545454;\" \/><br style=\"color: #545454;\" \/><span style=\"color: #000000;\"><strong>\u2026biti pregrubi s kosom.<\/strong><\/span><br style=\"color: #545454;\" \/><span style=\"color: #000000;\">Preu\u010destalo i grubo \u010de\u0161ljanje kose mo\u017ee dovesti do velikih o\u0161te\u0107enja kose i njezinog pucanja. Tako\u0111er, nikad je nemojte \u010de\u0161ljati kada je mokra. Za lak\u0161e ra\u0161\u010de\u0161ljavanje preporu\u010duje se kori\u0161tenje \u010de\u0161lja sa \u0161to \u0161irim zupcima i regenerator koji se ne ispire. Tako\u0111er, ne preporu\u010duje ocje\u0111ivanje kose ru\u010dnikom slo\u017eenim u turban.\u00a0 \u00a0<\/span><br style=\"color: #545454;\" \/><br style=\"color: #545454;\" \/><span style=\"color: #000000;\"><strong>\u2026dijeliti \u010de\u0161ljeve i \u010detke za oblikovanje s drugom osobom.<\/strong><\/span><br style=\"color: #545454;\" \/><span style=\"color: #000000;\">Prljavi \u010de\u0161ljevi i \u010detke za oblikovanje kose koje upotrebljava\u00a0 nekoliko \u010dlanova obitelji mogu biti veliko leglo raznih bakterija, koje se mogu nastaniti na va\u0161em vlasi\u0161tu i prouzro\u010diti brojne probleme. No, \u010dak i ako ste vi jedini koji upotrebljavate \u010de\u0161ljeve i \u010detke potrebno ih je redovito prati, barem jednom mjese\u010dno, kako bi se otklonila mogu\u0107nost nakupljanja ne\u017eeljenih bakterija.<\/span><br style=\"color: #545454;\" \/><br style=\"color: #545454;\" \/><span style=\"color: #000000;\"><strong>\u2026pre\u010desto izlagati kosu jakim kemikalijama.<\/strong><\/span><br style=\"color: #545454;\" \/><span style=\"color: #000000;\">Izbjeljivanje kose, kemikalije za trajnu ili pak ravnanje kose, te boje za kosu mogu jako o\u0161tetiti va\u0161u kosu. Iako se dana\u0161nje kemikalije razlikuju od onih koje su se uotrebljavale prije 20 i vi\u0161e godina, izbjegavajte njihovo pretjerano kori\u0161tenje.<\/span><br style=\"color: #545454;\" \/><br style=\"color: #545454;\" \/><span style=\"color: #000000;\">Tako\u0111er, poku\u0161ajte smanjiti svakodnevno kori\u0161tenje raznih proizvoda za oblikovanje kose kao \u0161to su pjene, lakovi, sjajila, voskovi, gelovi i tako dalje. Sve to utje\u010de na zdravlje kose. Posebno izbjegavajte upotrebu lakova za kosu na bazi alkohola prije su\u0161enja kose su\u0161ilom jer \u0107e to dodatno o\u0161tetiti kosu. Dr\u017eite se one poslovice \u2013 manje je vi\u0161e.<\/span><br style=\"color: #545454;\" \/><br style=\"color: #545454;\" \/><span style=\"color: #000000;\"><strong>\u2026neprestano zatezati kosu.<\/strong><\/span><br style=\"color: #545454;\" \/><span style=\"color: #000000;\">Repi\u0107i, pun\u0111e, pletenice i sve druge\u00a0<a id=\"xClaimOglasId-167635-3\" class=\"xClaimClass\" style=\"color: #e03985 !important;\" target=\"_blank\"><\/a>lijepe\u00a0frizure za poludugu i dugu kosu mogu itekako o\u0161tetiti kosu. Naime, \u010desto zatezanje kose, te njezino oblikovanje mogu o\u0161tetiti korijen vlasi, \u0161to pak mo\u017ee dovesti do ispadanja, ili pak same vlasi, pa lak\u0161e dolazi do pucanja. Tako\u0111er, prilikom oblikovanja kose upotrijebite ukosnice, kop\u010de, gumice koje vam prilikom stavljanja ili skidanja ne\u0107e o\u0161tetiti kosu.<\/span><br style=\"color: #545454;\" \/><br style=\"color: #545454;\" \/><span style=\"color: #000000;\"><strong>\u2026su\u0161iti i oblikovati kosu prevru\u0107im aparatima.<\/strong><\/span><br style=\"color: #545454;\" \/><span style=\"color: #000000;\">Su\u0161ila za kosu, te razni uvija\u010di i gla\u010dala za kosu koja su zagrijana na previsoke temperature mogu o\u0161tetiti kosu, posebno ako se upotrebljavaju \u010desto. Kako biste sprije\u010dili isu\u0161ivanje kose, upotrebljavajte aparaturu na \u0161to ni\u017eim temperaturama.<\/span><br style=\"color: #545454;\" \/><br style=\"color: #545454;\" \/><span style=\"color: #000000;\"><strong>\u2026\u010de\u0161ljati kosu od korijena.<\/strong><\/span><br style=\"color: #545454;\" \/><span style=\"color: #000000;\">Kada trebate ra\u0161\u010de\u0161ljati kosu, zapo\u010dnite od vrhova kose, prvo raspetljajte njih, a tek onda krenite od vrha. Na taj \u0107ete na\u010din o\u0161te\u0107ivanje kose smanjiti na minimum.<\/span><br style=\"color: #545454;\" \/><br style=\"color: #545454;\" \/><span style=\"color: #000000;\"><strong>\u2026odga\u0111ati \u0161i\u0161anje vrhova.<\/strong><\/span><br style=\"color: #545454;\" \/><span style=\"color: #000000;\">\u0160i\u0161ajte vrhove barem svaka dva mjeseca jer \u0107e to smanjiti njihovo pucanje i cvjetanje na minimum. Ako su vam vrhovi o\u0161te\u0107eni, odre\u017eite ih bez obzira koliko morali odrezati kosu, jer nikakvi preparati je ne\u0107e vi\u0161e obnoviti. Ako to ne u\u010dinite, pucanje \u0107e se samo pogor\u0161ati, a kosa se jo\u0161 vi\u0161e o\u0161tetiti.<\/span><br style=\"color: #545454;\" \/><br style=\"color: #545454;\" \/><span style=\"color: #000000;\"><strong>\u2026stavljati ekstenzije.<\/strong><\/span><br style=\"color: #545454;\" \/><span style=\"color: #000000;\">Lijepo ugra\u0111ene ekstenzije mogu va\u0161oj prirodnoj kosi dati dodatni volumen, duljinu i sjaj, no imajte na umu nakon \u0161to ih uklonite, va\u0161a kosa \u0107e biti o\u0161te\u0107ena, te ne samo da \u0107e vam trebati \u0161i\u0161anje kose, nego \u0107e joj trebati dulje vrijeme za oporavak.<\/span><\/p>\n<p>&nbsp;<\/p>\n<p>&nbsp;<\/p>\n<p>Izvor: <strong>zena.hr<\/strong><\/p>\n<p><span style=\"color: #545454; font-family: 'Noticia Text', Georgia, serif; font-size: 15px; font-weight: bold; line-height: 18px;\">\u00a0<\/span><\/p>\n<p><span style=\"color: #545454; font-family: 'Noticia Text', Georgia, serif; font-size: 14px; line-height: 18px;\">\u00a0<\/span><\/p>\n","protected":false},"excerpt":{"rendered":"<p>Va\u0161a kosa izlo\u017eena je raznim vanjskim utjecajima, ali za njezina najve\u0107a o\u0161te\u0107enja odgovorni ste sami sa svojim krivim tretiranjima i postupcima. \u0160to sve uni\u0161tava na\u0161u kosu? Voda puna kamenca, zaga\u0111enje zraka, sun\u010deve zrake, pretjerano \u010de\u0161ljanje, su\u0161enje vru\u0107im zrakom, manjak vitamina, bojanje kose i razni preparati za\u00a0 pretjerano zatezanje kose. Prema tome moglo bi se re\u0107i [&hellip;]<\/p>\n","protected":false},"author":125,"featured_media":113218,"comment_status":"open","ping_status":"open","sticky":false,"template":"","format":"standard","meta":{"footnotes":""},"categories":[10303],"tags":[],"class_list":{"0":"post-113217","1":"post","2":"type-post","3":"status-publish","4":"format-standard","5":"has-post-thumbnail","7":"category-zena-i-njen-svijet"},"yoast_head":"<!-- This site is optimized with the Yoast SEO Premium plugin v23.1 (Yoast SEO v24.9) - https:\/\/yoast.com\/wordpress\/plugins\/seo\/ -->\n<title>Va\u0161e velike i male gre\u0161ke koje o\u0161te\u0107uju kosu<\/title>\n<meta name=\"robots\" content=\"index, follow, max-snippet:-1, max-image-preview:large, max-video-preview:-1\" \/>\n<link rel=\"canonical\" href=\"https:\/\/sandzakpress.net\/arhiva\/vase-velike-i-male-greske-koje-ostecuju-kosu\/\" \/>\n<meta property=\"og:locale\" content=\"bs_BA\" \/>\n<meta property=\"og:type\" content=\"article\" \/>\n<meta property=\"og:title\" content=\"Va\u0161e velike i male gre\u0161ke koje o\u0161te\u0107uju kosu\" \/>\n<meta property=\"og:description\" content=\"Va\u0161a kosa izlo\u017eena je raznim vanjskim utjecajima, ali za njezina najve\u0107a o\u0161te\u0107enja odgovorni ste sami sa svojim krivim tretiranjima i postupcima. \u0160to sve uni\u0161tava na\u0161u kosu? Voda puna kamenca, zaga\u0111enje zraka, sun\u010deve zrake, pretjerano \u010de\u0161ljanje, su\u0161enje vru\u0107im zrakom, manjak vitamina, bojanje kose i razni preparati za\u00a0 pretjerano zatezanje kose. Prema tome moglo bi se re\u0107i [&hellip;]\" \/>\n<meta property=\"og:url\" content=\"https:\/\/sandzakpress.net\/arhiva\/vase-velike-i-male-greske-koje-ostecuju-kosu\/\" \/>\n<meta property=\"og:site_name\" content=\"Sand\u017eak PRESS\" \/>\n<meta property=\"article:published_time\" content=\"2014-10-19T18:31:33+00:00\" \/>\n<meta property=\"og:image\" content=\"https:\/\/sandzakpress.net\/arhiva\/wp-content\/uploads\/2014\/10\/10769_big.jpg\" \/>\n\t<meta property=\"og:image:width\" content=\"630\" \/>\n\t<meta property=\"og:image:height\" content=\"420\" \/>\n\t<meta property=\"og:image:type\" content=\"image\/jpeg\" \/>\n<meta name=\"author\" content=\"Korektor\" \/>\n<meta name=\"twitter:card\" content=\"summary_large_image\" \/>\n<meta name=\"twitter:label1\" content=\"Written by\" \/>\n\t<meta name=\"twitter:data1\" content=\"Korektor\" \/>\n\t<meta name=\"twitter:label2\" content=\"Est. reading time\" \/>\n\t<meta name=\"twitter:data2\" content=\"4 minute\" \/>\n<script type=\"application\/ld+json\" class=\"yoast-schema-graph\">{\"@context\":\"https:\/\/schema.org\",\"@graph\":[{\"@type\":\"Article\",\"@id\":\"https:\/\/sandzakpress.net\/arhiva\/vase-velike-i-male-greske-koje-ostecuju-kosu\/#article\",\"isPartOf\":{\"@id\":\"https:\/\/sandzakpress.net\/arhiva\/vase-velike-i-male-greske-koje-ostecuju-kosu\/\"},\"author\":{\"name\":\"Korektor\",\"@id\":\"https:\/\/sandzakpress.net\/arhiva\/#\/schema\/person\/b71f9565a8a6ce38c0200f1cf59c368c\"},\"headline\":\"Va\u0161e velike i male gre\u0161ke koje o\u0161te\u0107uju kosu\",\"datePublished\":\"2014-10-19T18:31:33+00:00\",\"mainEntityOfPage\":{\"@id\":\"https:\/\/sandzakpress.net\/arhiva\/vase-velike-i-male-greske-koje-ostecuju-kosu\/\"},\"wordCount\":779,\"commentCount\":0,\"publisher\":{\"@id\":\"https:\/\/sandzakpress.net\/arhiva\/#\/schema\/person\/6e72b67d6e51910a1117b3b483ba20bd\"},\"image\":{\"@id\":\"https:\/\/sandzakpress.net\/arhiva\/vase-velike-i-male-greske-koje-ostecuju-kosu\/#primaryimage\"},\"thumbnailUrl\":\"https:\/\/sandzakpress.net\/arhiva\/wp-content\/uploads\/2014\/10\/10769_big.jpg\",\"articleSection\":[\"\u017dena i njen svijet\"],\"inLanguage\":\"bs-BA\",\"potentialAction\":[{\"@type\":\"CommentAction\",\"name\":\"Comment\",\"target\":[\"https:\/\/sandzakpress.net\/arhiva\/vase-velike-i-male-greske-koje-ostecuju-kosu\/#respond\"]}]},{\"@type\":\"WebPage\",\"@id\":\"https:\/\/sandzakpress.net\/arhiva\/vase-velike-i-male-greske-koje-ostecuju-kosu\/\",\"url\":\"https:\/\/sandzakpress.net\/arhiva\/vase-velike-i-male-greske-koje-ostecuju-kosu\/\",\"name\":\"Va\u0161e velike i male gre\u0161ke koje o\u0161te\u0107uju kosu\",\"isPartOf\":{\"@id\":\"https:\/\/sandzakpress.net\/arhiva\/#website\"},\"primaryImageOfPage\":{\"@id\":\"https:\/\/sandzakpress.net\/arhiva\/vase-velike-i-male-greske-koje-ostecuju-kosu\/#primaryimage\"},\"image\":{\"@id\":\"https:\/\/sandzakpress.net\/arhiva\/vase-velike-i-male-greske-koje-ostecuju-kosu\/#primaryimage\"},\"thumbnailUrl\":\"https:\/\/sandzakpress.net\/arhiva\/wp-content\/uploads\/2014\/10\/10769_big.jpg\",\"datePublished\":\"2014-10-19T18:31:33+00:00\",\"breadcrumb\":{\"@id\":\"https:\/\/sandzakpress.net\/arhiva\/vase-velike-i-male-greske-koje-ostecuju-kosu\/#breadcrumb\"},\"inLanguage\":\"bs-BA\",\"potentialAction\":[{\"@type\":\"ReadAction\",\"target\":[\"https:\/\/sandzakpress.net\/arhiva\/vase-velike-i-male-greske-koje-ostecuju-kosu\/\"]}]},{\"@type\":\"ImageObject\",\"inLanguage\":\"bs-BA\",\"@id\":\"https:\/\/sandzakpress.net\/arhiva\/vase-velike-i-male-greske-koje-ostecuju-kosu\/#primaryimage\",\"url\":\"https:\/\/sandzakpress.net\/arhiva\/wp-content\/uploads\/2014\/10\/10769_big.jpg\",\"contentUrl\":\"https:\/\/sandzakpress.net\/arhiva\/wp-content\/uploads\/2014\/10\/10769_big.jpg\",\"width\":630,\"height\":420},{\"@type\":\"BreadcrumbList\",\"@id\":\"https:\/\/sandzakpress.net\/arhiva\/vase-velike-i-male-greske-koje-ostecuju-kosu\/#breadcrumb\",\"itemListElement\":[{\"@type\":\"ListItem\",\"position\":1,\"name\":\"Home\",\"item\":\"https:\/\/sandzakpress.net\/arhiva\/\"},{\"@type\":\"ListItem\",\"position\":2,\"name\":\"Va\u0161e velike i male gre\u0161ke koje o\u0161te\u0107uju kosu\"}]},{\"@type\":\"WebSite\",\"@id\":\"https:\/\/sandzakpress.net\/arhiva\/#website\",\"url\":\"https:\/\/sandzakpress.net\/arhiva\/\",\"name\":\"Sand\u017eak PRESS\",\"description\":\"Prve elektronske novine u Sand\u017eaku\",\"publisher\":{\"@id\":\"https:\/\/sandzakpress.net\/arhiva\/#\/schema\/person\/6e72b67d6e51910a1117b3b483ba20bd\"},\"potentialAction\":[{\"@type\":\"SearchAction\",\"target\":{\"@type\":\"EntryPoint\",\"urlTemplate\":\"https:\/\/sandzakpress.net\/arhiva\/?s={search_term_string}\"},\"query-input\":{\"@type\":\"PropertyValueSpecification\",\"valueRequired\":true,\"valueName\":\"search_term_string\"}}],\"inLanguage\":\"bs-BA\"},{\"@type\":[\"Person\",\"Organization\"],\"@id\":\"https:\/\/sandzakpress.net\/arhiva\/#\/schema\/person\/6e72b67d6e51910a1117b3b483ba20bd\",\"name\":\"Kul\",\"image\":{\"@type\":\"ImageObject\",\"inLanguage\":\"bs-BA\",\"@id\":\"https:\/\/sandzakpress.net\/arhiva\/#\/schema\/person\/image\/\",\"url\":\"https:\/\/secure.gravatar.com\/avatar\/42263f39aa27ac04c43cab85c280eb2e?s=96&d=mm&r=pg\",\"contentUrl\":\"https:\/\/secure.gravatar.com\/avatar\/42263f39aa27ac04c43cab85c280eb2e?s=96&d=mm&r=pg\",\"caption\":\"Kul\"},\"logo\":{\"@id\":\"https:\/\/sandzakpress.net\/arhiva\/#\/schema\/person\/image\/\"}},{\"@type\":\"Person\",\"@id\":\"https:\/\/sandzakpress.net\/arhiva\/#\/schema\/person\/b71f9565a8a6ce38c0200f1cf59c368c\",\"name\":\"Korektor\",\"image\":{\"@type\":\"ImageObject\",\"inLanguage\":\"bs-BA\",\"@id\":\"https:\/\/sandzakpress.net\/arhiva\/#\/schema\/person\/image\/\",\"url\":\"https:\/\/secure.gravatar.com\/avatar\/ae3388ff9b8eb74e0751a069466905f6?s=96&d=mm&r=pg\",\"contentUrl\":\"https:\/\/secure.gravatar.com\/avatar\/ae3388ff9b8eb74e0751a069466905f6?s=96&d=mm&r=pg\",\"caption\":\"Korektor\"},\"url\":\"https:\/\/sandzakpress.net\/arhiva\/author\/korektor\/\"}]}<\/script>\n<!-- \/ Yoast SEO Premium plugin. -->","yoast_head_json":{"title":"Va\u0161e velike i male gre\u0161ke koje o\u0161te\u0107uju kosu","robots":{"index":"index","follow":"follow","max-snippet":"max-snippet:-1","max-image-preview":"max-image-preview:large","max-video-preview":"max-video-preview:-1"},"canonical":"https:\/\/sandzakpress.net\/arhiva\/vase-velike-i-male-greske-koje-ostecuju-kosu\/","og_locale":"bs_BA","og_type":"article","og_title":"Va\u0161e velike i male gre\u0161ke koje o\u0161te\u0107uju kosu","og_description":"Va\u0161a kosa izlo\u017eena je raznim vanjskim utjecajima, ali za njezina najve\u0107a o\u0161te\u0107enja odgovorni ste sami sa svojim krivim tretiranjima i postupcima. \u0160to sve uni\u0161tava na\u0161u kosu? Voda puna kamenca, zaga\u0111enje zraka, sun\u010deve zrake, pretjerano \u010de\u0161ljanje, su\u0161enje vru\u0107im zrakom, manjak vitamina, bojanje kose i razni preparati za\u00a0 pretjerano zatezanje kose. Prema tome moglo bi se re\u0107i [&hellip;]","og_url":"https:\/\/sandzakpress.net\/arhiva\/vase-velike-i-male-greske-koje-ostecuju-kosu\/","og_site_name":"Sand\u017eak PRESS","article_published_time":"2014-10-19T18:31:33+00:00","og_image":[{"width":630,"height":420,"url":"https:\/\/sandzakpress.net\/arhiva\/wp-content\/uploads\/2014\/10\/10769_big.jpg","type":"image\/jpeg"}],"author":"Korektor","twitter_card":"summary_large_image","twitter_misc":{"Written by":"Korektor","Est. reading time":"4 minute"},"schema":{"@context":"https:\/\/schema.org","@graph":[{"@type":"Article","@id":"https:\/\/sandzakpress.net\/arhiva\/vase-velike-i-male-greske-koje-ostecuju-kosu\/#article","isPartOf":{"@id":"https:\/\/sandzakpress.net\/arhiva\/vase-velike-i-male-greske-koje-ostecuju-kosu\/"},"author":{"name":"Korektor","@id":"https:\/\/sandzakpress.net\/arhiva\/#\/schema\/person\/b71f9565a8a6ce38c0200f1cf59c368c"},"headline":"Va\u0161e velike i male gre\u0161ke koje o\u0161te\u0107uju kosu","datePublished":"2014-10-19T18:31:33+00:00","mainEntityOfPage":{"@id":"https:\/\/sandzakpress.net\/arhiva\/vase-velike-i-male-greske-koje-ostecuju-kosu\/"},"wordCount":779,"commentCount":0,"publisher":{"@id":"https:\/\/sandzakpress.net\/arhiva\/#\/schema\/person\/6e72b67d6e51910a1117b3b483ba20bd"},"image":{"@id":"https:\/\/sandzakpress.net\/arhiva\/vase-velike-i-male-greske-koje-ostecuju-kosu\/#primaryimage"},"thumbnailUrl":"https:\/\/sandzakpress.net\/arhiva\/wp-content\/uploads\/2014\/10\/10769_big.jpg","articleSection":["\u017dena i njen svijet"],"inLanguage":"bs-BA","potentialAction":[{"@type":"CommentAction","name":"Comment","target":["https:\/\/sandzakpress.net\/arhiva\/vase-velike-i-male-greske-koje-ostecuju-kosu\/#respond"]}]},{"@type":"WebPage","@id":"https:\/\/sandzakpress.net\/arhiva\/vase-velike-i-male-greske-koje-ostecuju-kosu\/","url":"https:\/\/sandzakpress.net\/arhiva\/vase-velike-i-male-greske-koje-ostecuju-kosu\/","name":"Va\u0161e velike i male gre\u0161ke koje o\u0161te\u0107uju kosu","isPartOf":{"@id":"https:\/\/sandzakpress.net\/arhiva\/#website"},"primaryImageOfPage":{"@id":"https:\/\/sandzakpress.net\/arhiva\/vase-velike-i-male-greske-koje-ostecuju-kosu\/#primaryimage"},"image":{"@id":"https:\/\/sandzakpress.net\/arhiva\/vase-velike-i-male-greske-koje-ostecuju-kosu\/#primaryimage"},"thumbnailUrl":"https:\/\/sandzakpress.net\/arhiva\/wp-content\/uploads\/2014\/10\/10769_big.jpg","datePublished":"2014-10-19T18:31:33+00:00","breadcrumb":{"@id":"https:\/\/sandzakpress.net\/arhiva\/vase-velike-i-male-greske-koje-ostecuju-kosu\/#breadcrumb"},"inLanguage":"bs-BA","potentialAction":[{"@type":"ReadAction","target":["https:\/\/sandzakpress.net\/arhiva\/vase-velike-i-male-greske-koje-ostecuju-kosu\/"]}]},{"@type":"ImageObject","inLanguage":"bs-BA","@id":"https:\/\/sandzakpress.net\/arhiva\/vase-velike-i-male-greske-koje-ostecuju-kosu\/#primaryimage","url":"https:\/\/sandzakpress.net\/arhiva\/wp-content\/uploads\/2014\/10\/10769_big.jpg","contentUrl":"https:\/\/sandzakpress.net\/arhiva\/wp-content\/uploads\/2014\/10\/10769_big.jpg","width":630,"height":420},{"@type":"BreadcrumbList","@id":"https:\/\/sandzakpress.net\/arhiva\/vase-velike-i-male-greske-koje-ostecuju-kosu\/#breadcrumb","itemListElement":[{"@type":"ListItem","position":1,"name":"Home","item":"https:\/\/sandzakpress.net\/arhiva\/"},{"@type":"ListItem","position":2,"name":"Va\u0161e velike i male gre\u0161ke koje o\u0161te\u0107uju kosu"}]},{"@type":"WebSite","@id":"https:\/\/sandzakpress.net\/arhiva\/#website","url":"https:\/\/sandzakpress.net\/arhiva\/","name":"Sand\u017eak PRESS","description":"Prve elektronske novine u Sand\u017eaku","publisher":{"@id":"https:\/\/sandzakpress.net\/arhiva\/#\/schema\/person\/6e72b67d6e51910a1117b3b483ba20bd"},"potentialAction":[{"@type":"SearchAction","target":{"@type":"EntryPoint","urlTemplate":"https:\/\/sandzakpress.net\/arhiva\/?s={search_term_string}"},"query-input":{"@type":"PropertyValueSpecification","valueRequired":true,"valueName":"search_term_string"}}],"inLanguage":"bs-BA"},{"@type":["Person","Organization"],"@id":"https:\/\/sandzakpress.net\/arhiva\/#\/schema\/person\/6e72b67d6e51910a1117b3b483ba20bd","name":"Kul","image":{"@type":"ImageObject","inLanguage":"bs-BA","@id":"https:\/\/sandzakpress.net\/arhiva\/#\/schema\/person\/image\/","url":"https:\/\/secure.gravatar.com\/avatar\/42263f39aa27ac04c43cab85c280eb2e?s=96&d=mm&r=pg","contentUrl":"https:\/\/secure.gravatar.com\/avatar\/42263f39aa27ac04c43cab85c280eb2e?s=96&d=mm&r=pg","caption":"Kul"},"logo":{"@id":"https:\/\/sandzakpress.net\/arhiva\/#\/schema\/person\/image\/"}},{"@type":"Person","@id":"https:\/\/sandzakpress.net\/arhiva\/#\/schema\/person\/b71f9565a8a6ce38c0200f1cf59c368c","name":"Korektor","image":{"@type":"ImageObject","inLanguage":"bs-BA","@id":"https:\/\/sandzakpress.net\/arhiva\/#\/schema\/person\/image\/","url":"https:\/\/secure.gravatar.com\/avatar\/ae3388ff9b8eb74e0751a069466905f6?s=96&d=mm&r=pg","contentUrl":"https:\/\/secure.gravatar.com\/avatar\/ae3388ff9b8eb74e0751a069466905f6?s=96&d=mm&r=pg","caption":"Korektor"},"url":"https:\/\/sandzakpress.net\/arhiva\/author\/korektor\/"}]}},"_links":{"self":[{"href":"https:\/\/sandzakpress.net\/arhiva\/wp-json\/wp\/v2\/posts\/113217"}],"collection":[{"href":"https:\/\/sandzakpress.net\/arhiva\/wp-json\/wp\/v2\/posts"}],"about":[{"href":"https:\/\/sandzakpress.net\/arhiva\/wp-json\/wp\/v2\/types\/post"}],"author":[{"embeddable":true,"href":"https:\/\/sandzakpress.net\/arhiva\/wp-json\/wp\/v2\/users\/125"}],"replies":[{"embeddable":true,"href":"https:\/\/sandzakpress.net\/arhiva\/wp-json\/wp\/v2\/comments?post=113217"}],"version-history":[{"count":0,"href":"https:\/\/sandzakpress.net\/arhiva\/wp-json\/wp\/v2\/posts\/113217\/revisions"}],"wp:featuredmedia":[{"embeddable":true,"href":"https:\/\/sandzakpress.net\/arhiva\/wp-json\/wp\/v2\/media\/113218"}],"wp:attachment":[{"href":"https:\/\/sandzakpress.net\/arhiva\/wp-json\/wp\/v2\/media?parent=113217"}],"wp:term":[{"taxonomy":"category","embeddable":true,"href":"https:\/\/sandzakpress.net\/arhiva\/wp-json\/wp\/v2\/categories?post=113217"},{"taxonomy":"post_tag","embeddable":true,"href":"https:\/\/sandzakpress.net\/arhiva\/wp-json\/wp\/v2\/tags?post=113217"}],"curies":[{"name":"wp","href":"https:\/\/api.w.org\/{rel}","templated":true}]}}