{"id":11318,"date":"2011-01-18T00:20:20","date_gmt":"2011-01-17T23:20:20","guid":{"rendered":"https:\/\/sandzakpress.net\/arhiva\/?p=11318"},"modified":"2011-01-18T00:20:20","modified_gmt":"2011-01-17T23:20:20","slug":"bosanskom-agrokomercu-se-trebaju-vratiti-oduzeti-objekti-u-novom-pazaru","status":"publish","type":"post","link":"https:\/\/sandzakpress.net\/arhiva\/bosanskom-agrokomercu-se-trebaju-vratiti-oduzeti-objekti-u-novom-pazaru\/","title":{"rendered":"Bosanskom &#8220;Agrokomercu&#8221; se trebaju vratiti oduzeti objekti u Novom Pazaru"},"content":{"rendered":"<p><strong><a href=\"https:\/\/sandzakpress.net\/arhiva\/wp-content\/uploads\/2011\/01\/agrokomerc1.jpg\"><img loading=\"lazy\" decoding=\"async\" class=\"alignleft size-full wp-image-11319\" title=\"agrokomerc1\" src=\"https:\/\/sandzakpress.net\/arhiva\/wp-content\/uploads\/2011\/01\/agrokomerc1.jpg\" alt=\"\" width=\"250\" height=\"188\" \/><\/a>Novi Pazar &#8211; Agencija za privatizaciju Federacije BiH pokrenula je proceduru vra\u0107anja imovine preduze\u0107a FBiH iz zemlja regiona. Agencija je sa advokatom iz Beograda potpisala ugovor \u010diji je predmet vra\u0107anje nekretnina preduze\u0107ima iz Federacije, me\u0111u kojima su &#8220;Agrokomerc&#8221;, &#8220;\u0160ipad&#8221;, &#8220;Hepok&#8221;, navode Dnevne novine SAN.<\/strong><\/p>\n<p>Agencija je postupila po Zakonu o po\u010detnom bilansu u kojem je definisano da se tu\u017ebe za svaku nekretninu podnose posebno, a kojom se tra\u017ei vra\u0107anje nekretnine i uknji\u017eenje na Vladu FBiH.<\/p>\n<p>&#8211; Mislimo da ne bi trebalo postupati po Uredbi Vlade Srbije koja osporava vlasni\u0161vo koje je zagarantovano me\u0111unarodnim ugovorom o sukceciji i da je ovo jedina procedura po kojoj bi trebalo postupati, kako bi se steklo pravo na povrat imovine. O tr\u017ei\u0161noj vrijednosti imovine jo\u0161 se ne mo\u017ee govoriti, jer postoji samo procena knjigovodstvene vrijednosti iz 1999. godine. Ali, kada se vidi spisak imovine, jasno je da se radi o ogromnoj vrednosti &#8211; rekao je za &#8220;SAN&#8221; Fikret Tali\u0107 pomo\u0107nik direktora za pasivni podbilans Agencije za privatizaciju FBiH.<\/p>\n<p>Samo &#8220;Agrokomerc&#8221; je u po\u010detnom bilansu 1999. i 2004. godine prikazao da u pasivnom podbilansu ima 24 objekta, od \u010dega 16 u Hrvatskoj, pet u Srbiji, a po jedan u Sloveniji, Makedoniji i Crnoj Gori, ali je Agencija na\u0161la jo\u0161 40 &#8220;Agrokomercovih&#8221; objekata u regionu, koje je uvrstila u centralni registar.<\/p>\n<p>U Beogradu ovo preduze\u0107e ima sedam poslovnih objekata i zgrada, od kojih je jedan prostor u Ulici Kneza Milo\u0161a. Jedan objekt ima \u0161est spratova, a u posedu su dva stana i poslovni prostori u Novom Pazaru, Ni\u0161u i Crvenki.<\/p>\n<p>Po\u0161to se radi o pravu koje ne zastarijeva, u Agenciji su spremni tu\u017ebama i\u0107i do me\u0111unarodnog suda, a oko pedeset predmeta je upu\u0107eno preko Pravobranila\u0161tva FBiH. Kako ka\u017ee Tali\u0107, te\u0161ko je predvidjeti bilo kakav rok za okon\u010danje postupaka, ali je bilo krajnje vrijeme da se postupak po\u010dne, \u0161to je nekada te\u0161ko, jer je neko u posjedu nekretnine ve\u0107 20 do 30 godina, formirana su preduze\u0107a&#8230;<\/p>\n<p>Izvor: <strong>EKapija.com<\/strong><\/p>\n","protected":false},"excerpt":{"rendered":"<p>Novi Pazar &#8211; Agencija za privatizaciju Federacije BiH pokrenula je proceduru vra\u0107anja imovine preduze\u0107a FBiH iz zemlja regiona. Agencija je sa advokatom iz Beograda potpisala ugovor \u010diji je predmet vra\u0107anje nekretnina preduze\u0107ima iz Federacije, me\u0111u kojima su &#8220;Agrokomerc&#8221;, &#8220;\u0160ipad&#8221;, &#8220;Hepok&#8221;, navode Dnevne novine SAN. Agencija je postupila po Zakonu o po\u010detnom bilansu u kojem je [&hellip;]<\/p>\n","protected":false},"author":83,"featured_media":11319,"comment_status":"open","ping_status":"open","sticky":false,"template":"","format":"standard","meta":{"footnotes":""},"categories":[72,3],"tags":[],"class_list":{"0":"post-11318","1":"post","2":"type-post","3":"status-publish","4":"format-standard","5":"has-post-thumbnail","7":"category-novi-pazar","8":"category-privreda"},"yoast_head":"<!-- This site is optimized with the Yoast SEO Premium plugin v23.1 (Yoast SEO v24.9) - https:\/\/yoast.com\/wordpress\/plugins\/seo\/ -->\n<title>Bosanskom &quot;Agrokomercu&quot; se trebaju vratiti oduzeti objekti u Novom Pazaru<\/title>\n<meta name=\"robots\" content=\"index, follow, max-snippet:-1, max-image-preview:large, max-video-preview:-1\" \/>\n<link rel=\"canonical\" href=\"https:\/\/sandzakpress.net\/arhiva\/bosanskom-agrokomercu-se-trebaju-vratiti-oduzeti-objekti-u-novom-pazaru\/\" \/>\n<meta property=\"og:locale\" content=\"bs_BA\" \/>\n<meta property=\"og:type\" content=\"article\" \/>\n<meta property=\"og:title\" content=\"Bosanskom &quot;Agrokomercu&quot; se trebaju vratiti oduzeti objekti u Novom Pazaru\" \/>\n<meta property=\"og:description\" content=\"Novi Pazar &#8211; Agencija za privatizaciju Federacije BiH pokrenula je proceduru vra\u0107anja imovine preduze\u0107a FBiH iz zemlja regiona. Agencija je sa advokatom iz Beograda potpisala ugovor \u010diji je predmet vra\u0107anje nekretnina preduze\u0107ima iz Federacije, me\u0111u kojima su &#8220;Agrokomerc&#8221;, &#8220;\u0160ipad&#8221;, &#8220;Hepok&#8221;, navode Dnevne novine SAN. Agencija je postupila po Zakonu o po\u010detnom bilansu u kojem je [&hellip;]\" \/>\n<meta property=\"og:url\" content=\"https:\/\/sandzakpress.net\/arhiva\/bosanskom-agrokomercu-se-trebaju-vratiti-oduzeti-objekti-u-novom-pazaru\/\" \/>\n<meta property=\"og:site_name\" content=\"Sand\u017eak PRESS\" \/>\n<meta property=\"article:published_time\" content=\"2011-01-17T23:20:20+00:00\" \/>\n<meta property=\"og:image\" content=\"https:\/\/sandzakpress.net\/arhiva\/wp-content\/uploads\/2011\/01\/agrokomerc1.jpg\" \/>\n\t<meta property=\"og:image:width\" content=\"250\" \/>\n\t<meta property=\"og:image:height\" content=\"188\" \/>\n\t<meta property=\"og:image:type\" content=\"image\/jpeg\" \/>\n<meta name=\"author\" content=\"bosniak\" \/>\n<meta name=\"twitter:card\" content=\"summary_large_image\" \/>\n<meta name=\"twitter:label1\" content=\"Written by\" \/>\n\t<meta name=\"twitter:data1\" content=\"bosniak\" \/>\n\t<meta name=\"twitter:label2\" content=\"Est. reading time\" \/>\n\t<meta name=\"twitter:data2\" content=\"2 minute\" \/>\n<script type=\"application\/ld+json\" class=\"yoast-schema-graph\">{\"@context\":\"https:\/\/schema.org\",\"@graph\":[{\"@type\":\"Article\",\"@id\":\"https:\/\/sandzakpress.net\/arhiva\/bosanskom-agrokomercu-se-trebaju-vratiti-oduzeti-objekti-u-novom-pazaru\/#article\",\"isPartOf\":{\"@id\":\"https:\/\/sandzakpress.net\/arhiva\/bosanskom-agrokomercu-se-trebaju-vratiti-oduzeti-objekti-u-novom-pazaru\/\"},\"author\":{\"name\":\"bosniak\",\"@id\":\"https:\/\/sandzakpress.net\/arhiva\/#\/schema\/person\/c8baee722073534b583ea7bdb2e36c02\"},\"headline\":\"Bosanskom &#8220;Agrokomercu&#8221; se trebaju vratiti oduzeti objekti u Novom Pazaru\",\"datePublished\":\"2011-01-17T23:20:20+00:00\",\"mainEntityOfPage\":{\"@id\":\"https:\/\/sandzakpress.net\/arhiva\/bosanskom-agrokomercu-se-trebaju-vratiti-oduzeti-objekti-u-novom-pazaru\/\"},\"wordCount\":356,\"commentCount\":0,\"publisher\":{\"@id\":\"https:\/\/sandzakpress.net\/arhiva\/#\/schema\/person\/6e72b67d6e51910a1117b3b483ba20bd\"},\"image\":{\"@id\":\"https:\/\/sandzakpress.net\/arhiva\/bosanskom-agrokomercu-se-trebaju-vratiti-oduzeti-objekti-u-novom-pazaru\/#primaryimage\"},\"thumbnailUrl\":\"https:\/\/sandzakpress.net\/arhiva\/wp-content\/uploads\/2011\/01\/agrokomerc1.jpg\",\"articleSection\":[\"Novi Pazar\",\"Privreda\"],\"inLanguage\":\"bs-BA\",\"potentialAction\":[{\"@type\":\"CommentAction\",\"name\":\"Comment\",\"target\":[\"https:\/\/sandzakpress.net\/arhiva\/bosanskom-agrokomercu-se-trebaju-vratiti-oduzeti-objekti-u-novom-pazaru\/#respond\"]}]},{\"@type\":\"WebPage\",\"@id\":\"https:\/\/sandzakpress.net\/arhiva\/bosanskom-agrokomercu-se-trebaju-vratiti-oduzeti-objekti-u-novom-pazaru\/\",\"url\":\"https:\/\/sandzakpress.net\/arhiva\/bosanskom-agrokomercu-se-trebaju-vratiti-oduzeti-objekti-u-novom-pazaru\/\",\"name\":\"Bosanskom \\\"Agrokomercu\\\" se trebaju vratiti oduzeti objekti u Novom Pazaru\",\"isPartOf\":{\"@id\":\"https:\/\/sandzakpress.net\/arhiva\/#website\"},\"primaryImageOfPage\":{\"@id\":\"https:\/\/sandzakpress.net\/arhiva\/bosanskom-agrokomercu-se-trebaju-vratiti-oduzeti-objekti-u-novom-pazaru\/#primaryimage\"},\"image\":{\"@id\":\"https:\/\/sandzakpress.net\/arhiva\/bosanskom-agrokomercu-se-trebaju-vratiti-oduzeti-objekti-u-novom-pazaru\/#primaryimage\"},\"thumbnailUrl\":\"https:\/\/sandzakpress.net\/arhiva\/wp-content\/uploads\/2011\/01\/agrokomerc1.jpg\",\"datePublished\":\"2011-01-17T23:20:20+00:00\",\"breadcrumb\":{\"@id\":\"https:\/\/sandzakpress.net\/arhiva\/bosanskom-agrokomercu-se-trebaju-vratiti-oduzeti-objekti-u-novom-pazaru\/#breadcrumb\"},\"inLanguage\":\"bs-BA\",\"potentialAction\":[{\"@type\":\"ReadAction\",\"target\":[\"https:\/\/sandzakpress.net\/arhiva\/bosanskom-agrokomercu-se-trebaju-vratiti-oduzeti-objekti-u-novom-pazaru\/\"]}]},{\"@type\":\"ImageObject\",\"inLanguage\":\"bs-BA\",\"@id\":\"https:\/\/sandzakpress.net\/arhiva\/bosanskom-agrokomercu-se-trebaju-vratiti-oduzeti-objekti-u-novom-pazaru\/#primaryimage\",\"url\":\"https:\/\/sandzakpress.net\/arhiva\/wp-content\/uploads\/2011\/01\/agrokomerc1.jpg\",\"contentUrl\":\"https:\/\/sandzakpress.net\/arhiva\/wp-content\/uploads\/2011\/01\/agrokomerc1.jpg\",\"width\":250,\"height\":188},{\"@type\":\"BreadcrumbList\",\"@id\":\"https:\/\/sandzakpress.net\/arhiva\/bosanskom-agrokomercu-se-trebaju-vratiti-oduzeti-objekti-u-novom-pazaru\/#breadcrumb\",\"itemListElement\":[{\"@type\":\"ListItem\",\"position\":1,\"name\":\"Home\",\"item\":\"https:\/\/sandzakpress.net\/arhiva\/\"},{\"@type\":\"ListItem\",\"position\":2,\"name\":\"Bosanskom &#8220;Agrokomercu&#8221; se trebaju vratiti oduzeti objekti u Novom Pazaru\"}]},{\"@type\":\"WebSite\",\"@id\":\"https:\/\/sandzakpress.net\/arhiva\/#website\",\"url\":\"https:\/\/sandzakpress.net\/arhiva\/\",\"name\":\"Sand\u017eak PRESS\",\"description\":\"Prve elektronske novine u Sand\u017eaku\",\"publisher\":{\"@id\":\"https:\/\/sandzakpress.net\/arhiva\/#\/schema\/person\/6e72b67d6e51910a1117b3b483ba20bd\"},\"potentialAction\":[{\"@type\":\"SearchAction\",\"target\":{\"@type\":\"EntryPoint\",\"urlTemplate\":\"https:\/\/sandzakpress.net\/arhiva\/?s={search_term_string}\"},\"query-input\":{\"@type\":\"PropertyValueSpecification\",\"valueRequired\":true,\"valueName\":\"search_term_string\"}}],\"inLanguage\":\"bs-BA\"},{\"@type\":[\"Person\",\"Organization\"],\"@id\":\"https:\/\/sandzakpress.net\/arhiva\/#\/schema\/person\/6e72b67d6e51910a1117b3b483ba20bd\",\"name\":\"Kul\",\"image\":{\"@type\":\"ImageObject\",\"inLanguage\":\"bs-BA\",\"@id\":\"https:\/\/sandzakpress.net\/arhiva\/#\/schema\/person\/image\/\",\"url\":\"https:\/\/secure.gravatar.com\/avatar\/42263f39aa27ac04c43cab85c280eb2e?s=96&d=mm&r=pg\",\"contentUrl\":\"https:\/\/secure.gravatar.com\/avatar\/42263f39aa27ac04c43cab85c280eb2e?s=96&d=mm&r=pg\",\"caption\":\"Kul\"},\"logo\":{\"@id\":\"https:\/\/sandzakpress.net\/arhiva\/#\/schema\/person\/image\/\"}},{\"@type\":\"Person\",\"@id\":\"https:\/\/sandzakpress.net\/arhiva\/#\/schema\/person\/c8baee722073534b583ea7bdb2e36c02\",\"name\":\"bosniak\",\"image\":{\"@type\":\"ImageObject\",\"inLanguage\":\"bs-BA\",\"@id\":\"https:\/\/sandzakpress.net\/arhiva\/#\/schema\/person\/image\/\",\"url\":\"https:\/\/secure.gravatar.com\/avatar\/a04fd330bfe3a36a72a0ad4a6d89fca7?s=96&d=mm&r=pg\",\"contentUrl\":\"https:\/\/secure.gravatar.com\/avatar\/a04fd330bfe3a36a72a0ad4a6d89fca7?s=96&d=mm&r=pg\",\"caption\":\"bosniak\"},\"url\":\"https:\/\/sandzakpress.net\/arhiva\/author\/bosniak\/\"}]}<\/script>\n<!-- \/ Yoast SEO Premium plugin. -->","yoast_head_json":{"title":"Bosanskom \"Agrokomercu\" se trebaju vratiti oduzeti objekti u Novom Pazaru","robots":{"index":"index","follow":"follow","max-snippet":"max-snippet:-1","max-image-preview":"max-image-preview:large","max-video-preview":"max-video-preview:-1"},"canonical":"https:\/\/sandzakpress.net\/arhiva\/bosanskom-agrokomercu-se-trebaju-vratiti-oduzeti-objekti-u-novom-pazaru\/","og_locale":"bs_BA","og_type":"article","og_title":"Bosanskom \"Agrokomercu\" se trebaju vratiti oduzeti objekti u Novom Pazaru","og_description":"Novi Pazar &#8211; Agencija za privatizaciju Federacije BiH pokrenula je proceduru vra\u0107anja imovine preduze\u0107a FBiH iz zemlja regiona. Agencija je sa advokatom iz Beograda potpisala ugovor \u010diji je predmet vra\u0107anje nekretnina preduze\u0107ima iz Federacije, me\u0111u kojima su &#8220;Agrokomerc&#8221;, &#8220;\u0160ipad&#8221;, &#8220;Hepok&#8221;, navode Dnevne novine SAN. Agencija je postupila po Zakonu o po\u010detnom bilansu u kojem je [&hellip;]","og_url":"https:\/\/sandzakpress.net\/arhiva\/bosanskom-agrokomercu-se-trebaju-vratiti-oduzeti-objekti-u-novom-pazaru\/","og_site_name":"Sand\u017eak PRESS","article_published_time":"2011-01-17T23:20:20+00:00","og_image":[{"width":250,"height":188,"url":"https:\/\/sandzakpress.net\/arhiva\/wp-content\/uploads\/2011\/01\/agrokomerc1.jpg","type":"image\/jpeg"}],"author":"bosniak","twitter_card":"summary_large_image","twitter_misc":{"Written by":"bosniak","Est. reading time":"2 minute"},"schema":{"@context":"https:\/\/schema.org","@graph":[{"@type":"Article","@id":"https:\/\/sandzakpress.net\/arhiva\/bosanskom-agrokomercu-se-trebaju-vratiti-oduzeti-objekti-u-novom-pazaru\/#article","isPartOf":{"@id":"https:\/\/sandzakpress.net\/arhiva\/bosanskom-agrokomercu-se-trebaju-vratiti-oduzeti-objekti-u-novom-pazaru\/"},"author":{"name":"bosniak","@id":"https:\/\/sandzakpress.net\/arhiva\/#\/schema\/person\/c8baee722073534b583ea7bdb2e36c02"},"headline":"Bosanskom &#8220;Agrokomercu&#8221; se trebaju vratiti oduzeti objekti u Novom Pazaru","datePublished":"2011-01-17T23:20:20+00:00","mainEntityOfPage":{"@id":"https:\/\/sandzakpress.net\/arhiva\/bosanskom-agrokomercu-se-trebaju-vratiti-oduzeti-objekti-u-novom-pazaru\/"},"wordCount":356,"commentCount":0,"publisher":{"@id":"https:\/\/sandzakpress.net\/arhiva\/#\/schema\/person\/6e72b67d6e51910a1117b3b483ba20bd"},"image":{"@id":"https:\/\/sandzakpress.net\/arhiva\/bosanskom-agrokomercu-se-trebaju-vratiti-oduzeti-objekti-u-novom-pazaru\/#primaryimage"},"thumbnailUrl":"https:\/\/sandzakpress.net\/arhiva\/wp-content\/uploads\/2011\/01\/agrokomerc1.jpg","articleSection":["Novi Pazar","Privreda"],"inLanguage":"bs-BA","potentialAction":[{"@type":"CommentAction","name":"Comment","target":["https:\/\/sandzakpress.net\/arhiva\/bosanskom-agrokomercu-se-trebaju-vratiti-oduzeti-objekti-u-novom-pazaru\/#respond"]}]},{"@type":"WebPage","@id":"https:\/\/sandzakpress.net\/arhiva\/bosanskom-agrokomercu-se-trebaju-vratiti-oduzeti-objekti-u-novom-pazaru\/","url":"https:\/\/sandzakpress.net\/arhiva\/bosanskom-agrokomercu-se-trebaju-vratiti-oduzeti-objekti-u-novom-pazaru\/","name":"Bosanskom \"Agrokomercu\" se trebaju vratiti oduzeti objekti u Novom Pazaru","isPartOf":{"@id":"https:\/\/sandzakpress.net\/arhiva\/#website"},"primaryImageOfPage":{"@id":"https:\/\/sandzakpress.net\/arhiva\/bosanskom-agrokomercu-se-trebaju-vratiti-oduzeti-objekti-u-novom-pazaru\/#primaryimage"},"image":{"@id":"https:\/\/sandzakpress.net\/arhiva\/bosanskom-agrokomercu-se-trebaju-vratiti-oduzeti-objekti-u-novom-pazaru\/#primaryimage"},"thumbnailUrl":"https:\/\/sandzakpress.net\/arhiva\/wp-content\/uploads\/2011\/01\/agrokomerc1.jpg","datePublished":"2011-01-17T23:20:20+00:00","breadcrumb":{"@id":"https:\/\/sandzakpress.net\/arhiva\/bosanskom-agrokomercu-se-trebaju-vratiti-oduzeti-objekti-u-novom-pazaru\/#breadcrumb"},"inLanguage":"bs-BA","potentialAction":[{"@type":"ReadAction","target":["https:\/\/sandzakpress.net\/arhiva\/bosanskom-agrokomercu-se-trebaju-vratiti-oduzeti-objekti-u-novom-pazaru\/"]}]},{"@type":"ImageObject","inLanguage":"bs-BA","@id":"https:\/\/sandzakpress.net\/arhiva\/bosanskom-agrokomercu-se-trebaju-vratiti-oduzeti-objekti-u-novom-pazaru\/#primaryimage","url":"https:\/\/sandzakpress.net\/arhiva\/wp-content\/uploads\/2011\/01\/agrokomerc1.jpg","contentUrl":"https:\/\/sandzakpress.net\/arhiva\/wp-content\/uploads\/2011\/01\/agrokomerc1.jpg","width":250,"height":188},{"@type":"BreadcrumbList","@id":"https:\/\/sandzakpress.net\/arhiva\/bosanskom-agrokomercu-se-trebaju-vratiti-oduzeti-objekti-u-novom-pazaru\/#breadcrumb","itemListElement":[{"@type":"ListItem","position":1,"name":"Home","item":"https:\/\/sandzakpress.net\/arhiva\/"},{"@type":"ListItem","position":2,"name":"Bosanskom &#8220;Agrokomercu&#8221; se trebaju vratiti oduzeti objekti u Novom Pazaru"}]},{"@type":"WebSite","@id":"https:\/\/sandzakpress.net\/arhiva\/#website","url":"https:\/\/sandzakpress.net\/arhiva\/","name":"Sand\u017eak PRESS","description":"Prve elektronske novine u Sand\u017eaku","publisher":{"@id":"https:\/\/sandzakpress.net\/arhiva\/#\/schema\/person\/6e72b67d6e51910a1117b3b483ba20bd"},"potentialAction":[{"@type":"SearchAction","target":{"@type":"EntryPoint","urlTemplate":"https:\/\/sandzakpress.net\/arhiva\/?s={search_term_string}"},"query-input":{"@type":"PropertyValueSpecification","valueRequired":true,"valueName":"search_term_string"}}],"inLanguage":"bs-BA"},{"@type":["Person","Organization"],"@id":"https:\/\/sandzakpress.net\/arhiva\/#\/schema\/person\/6e72b67d6e51910a1117b3b483ba20bd","name":"Kul","image":{"@type":"ImageObject","inLanguage":"bs-BA","@id":"https:\/\/sandzakpress.net\/arhiva\/#\/schema\/person\/image\/","url":"https:\/\/secure.gravatar.com\/avatar\/42263f39aa27ac04c43cab85c280eb2e?s=96&d=mm&r=pg","contentUrl":"https:\/\/secure.gravatar.com\/avatar\/42263f39aa27ac04c43cab85c280eb2e?s=96&d=mm&r=pg","caption":"Kul"},"logo":{"@id":"https:\/\/sandzakpress.net\/arhiva\/#\/schema\/person\/image\/"}},{"@type":"Person","@id":"https:\/\/sandzakpress.net\/arhiva\/#\/schema\/person\/c8baee722073534b583ea7bdb2e36c02","name":"bosniak","image":{"@type":"ImageObject","inLanguage":"bs-BA","@id":"https:\/\/sandzakpress.net\/arhiva\/#\/schema\/person\/image\/","url":"https:\/\/secure.gravatar.com\/avatar\/a04fd330bfe3a36a72a0ad4a6d89fca7?s=96&d=mm&r=pg","contentUrl":"https:\/\/secure.gravatar.com\/avatar\/a04fd330bfe3a36a72a0ad4a6d89fca7?s=96&d=mm&r=pg","caption":"bosniak"},"url":"https:\/\/sandzakpress.net\/arhiva\/author\/bosniak\/"}]}},"_links":{"self":[{"href":"https:\/\/sandzakpress.net\/arhiva\/wp-json\/wp\/v2\/posts\/11318"}],"collection":[{"href":"https:\/\/sandzakpress.net\/arhiva\/wp-json\/wp\/v2\/posts"}],"about":[{"href":"https:\/\/sandzakpress.net\/arhiva\/wp-json\/wp\/v2\/types\/post"}],"author":[{"embeddable":true,"href":"https:\/\/sandzakpress.net\/arhiva\/wp-json\/wp\/v2\/users\/83"}],"replies":[{"embeddable":true,"href":"https:\/\/sandzakpress.net\/arhiva\/wp-json\/wp\/v2\/comments?post=11318"}],"version-history":[{"count":0,"href":"https:\/\/sandzakpress.net\/arhiva\/wp-json\/wp\/v2\/posts\/11318\/revisions"}],"wp:featuredmedia":[{"embeddable":true,"href":"https:\/\/sandzakpress.net\/arhiva\/wp-json\/wp\/v2\/media\/11319"}],"wp:attachment":[{"href":"https:\/\/sandzakpress.net\/arhiva\/wp-json\/wp\/v2\/media?parent=11318"}],"wp:term":[{"taxonomy":"category","embeddable":true,"href":"https:\/\/sandzakpress.net\/arhiva\/wp-json\/wp\/v2\/categories?post=11318"},{"taxonomy":"post_tag","embeddable":true,"href":"https:\/\/sandzakpress.net\/arhiva\/wp-json\/wp\/v2\/tags?post=11318"}],"curies":[{"name":"wp","href":"https:\/\/api.w.org\/{rel}","templated":true}]}}