{"id":113050,"date":"2014-10-16T10:49:28","date_gmt":"2014-10-16T08:49:28","guid":{"rendered":"https:\/\/sandzakpress.net\/arhiva\/?p=113050"},"modified":"2014-10-16T10:49:59","modified_gmt":"2014-10-16T08:49:59","slug":"muftija-dudic-primio-predstavnika-britanske-ambasade","status":"publish","type":"post","link":"https:\/\/sandzakpress.net\/arhiva\/muftija-dudic-primio-predstavnika-britanske-ambasade\/","title":{"rendered":"Muftija Dudi\u0107 primio predstavnika Britanske ambasade"},"content":{"rendered":"<p><strong><img loading=\"lazy\" decoding=\"async\" class=\"aligncenter size-full wp-image-113053\" src=\"https:\/\/sandzakpress.net\/arhiva\/wp-content\/uploads\/2014\/10\/DELEGACIJA-BRITANIJE-2014-5.jpg\" alt=\"SONY DSC\" width=\"1000\" height=\"669\" srcset=\"https:\/\/sandzakpress.net\/arhiva\/wp-content\/uploads\/2014\/10\/DELEGACIJA-BRITANIJE-2014-5.jpg 1000w, https:\/\/sandzakpress.net\/arhiva\/wp-content\/uploads\/2014\/10\/DELEGACIJA-BRITANIJE-2014-5-616x412.jpg 616w\" sizes=\"(max-width: 1000px) 100vw, 1000px\" \/>Novi Pazar &#8211; Predsjednik Me\u0161ihata IZ-e u Srbiji, muftija dr. Mevlud ef. Dudi\u0107, u srijedu 15.10.2014. godine, primio je politi\u010dkog sekretara Ambasade Velike Britanije D\u017eejmsa Mura.<\/strong><\/p>\n<p>Britanski diplomata se interesovao o predstoje\u0107im izborima za Nacionalni savjet Bo\u0161njaka, primijetiv\u0161i da se izborna kampanja odvija u atmosferi bez tenzija za razliku od prija\u0161njih izbora. Muftija Dudi\u0107 ga je podsjetio na nepravdu koju je prethodna vlast u Beogradu u\u010dinila Bo\u0161njacima nakon izbora za Bo\u0161nja\u010dko nacionalno vije\u0107e 2010. godine, naglasiv\u0161i da se \u010detiri oduzete godine te\u0161ko mogu nadoknaditi, uz uvjerenje da \u0107e glasa\u010di na narednim izborima ponovo prepoznati kompetentne ljude koji \u0107e ih predstavljati u oblastima kao \u0161to su kultura, jezik, obrazovanje i informisanje, te da \u0107e izabrano Vije\u0107e funkcionisati u pomenutim oblastima.<\/p>\n<p>Gospodin Mur je izrazio interesovanje i za rezultate na polju vra\u0107anja jedinstva Islamske zajednice. Predsjednik Me\u0161ihata je u vezi sa tim naglasio da je glavni cilj njegove kandidature na ovu funkciju uprave vra\u0107anje njenog jedinstva Zajednice, ali da aktuelna vlast u Beogradu i lokalni politi\u010dki faktori koji su odgovorni za ugro\u017eavanje njenog jedinstva moraju poraditi na ispravljanju i ove nepravde prema muslimanima, istakav\u0161i da Islamska zajednica nikada ne\u0107e odustati od uloge faktora stabilnosti uz njenu punu slobodu i autonomnost.<\/p>\n<p>(mesihat)<img decoding=\"async\" src=\"http:\/\/mesihat.org\/images\/stories\/DELEGACIJA%20BRITANIJE%202014%20(4).jpg\" alt=\"\" \/><img decoding=\"async\" src=\"http:\/\/mesihat.org\/images\/stories\/DELEGACIJA%20BRITANIJE%202014%20(6).jpg\" alt=\"\" \/><\/p>\n","protected":false},"excerpt":{"rendered":"<p>Novi Pazar &#8211; Predsjednik Me\u0161ihata IZ-e u Srbiji, muftija dr. Mevlud ef. Dudi\u0107, u srijedu 15.10.2014. godine, primio je politi\u010dkog sekretara Ambasade Velike Britanije D\u017eejmsa Mura. Britanski diplomata se interesovao o predstoje\u0107im izborima za Nacionalni savjet Bo\u0161njaka, primijetiv\u0161i da se izborna kampanja odvija u atmosferi bez tenzija za razliku od prija\u0161njih izbora. Muftija Dudi\u0107 ga [&hellip;]<\/p>\n","protected":false},"author":83,"featured_media":113053,"comment_status":"open","ping_status":"open","sticky":false,"template":"","format":"standard","meta":{"footnotes":""},"categories":[802,8957,798],"tags":[10229],"class_list":{"0":"post-113050","1":"post","2":"type-post","3":"status-publish","4":"format-standard","5":"has-post-thumbnail","7":"category-islamska_zajednica","8":"category-vijesti-dana","9":"category-teme","10":"tag-islamska-zajednica"},"yoast_head":"<!-- This site is optimized with the Yoast SEO Premium plugin v23.1 (Yoast SEO v24.9) - https:\/\/yoast.com\/wordpress\/plugins\/seo\/ -->\n<title>Muftija Dudi\u0107 primio predstavnika Britanske ambasade<\/title>\n<meta name=\"robots\" content=\"index, follow, max-snippet:-1, max-image-preview:large, max-video-preview:-1\" \/>\n<link rel=\"canonical\" href=\"https:\/\/sandzakpress.net\/arhiva\/muftija-dudic-primio-predstavnika-britanske-ambasade\/\" \/>\n<meta property=\"og:locale\" content=\"bs_BA\" \/>\n<meta property=\"og:type\" content=\"article\" \/>\n<meta property=\"og:title\" content=\"Muftija Dudi\u0107 primio predstavnika Britanske ambasade\" \/>\n<meta property=\"og:description\" content=\"Novi Pazar &#8211; Predsjednik Me\u0161ihata IZ-e u Srbiji, muftija dr. Mevlud ef. Dudi\u0107, u srijedu 15.10.2014. godine, primio je politi\u010dkog sekretara Ambasade Velike Britanije D\u017eejmsa Mura. Britanski diplomata se interesovao o predstoje\u0107im izborima za Nacionalni savjet Bo\u0161njaka, primijetiv\u0161i da se izborna kampanja odvija u atmosferi bez tenzija za razliku od prija\u0161njih izbora. Muftija Dudi\u0107 ga [&hellip;]\" \/>\n<meta property=\"og:url\" content=\"https:\/\/sandzakpress.net\/arhiva\/muftija-dudic-primio-predstavnika-britanske-ambasade\/\" \/>\n<meta property=\"og:site_name\" content=\"Sand\u017eak PRESS\" \/>\n<meta property=\"article:published_time\" content=\"2014-10-16T08:49:28+00:00\" \/>\n<meta property=\"article:modified_time\" content=\"2014-10-16T08:49:59+00:00\" \/>\n<meta property=\"og:image\" content=\"https:\/\/sandzakpress.net\/arhiva\/wp-content\/uploads\/2014\/10\/DELEGACIJA-BRITANIJE-2014-5.jpg\" \/>\n\t<meta property=\"og:image:width\" content=\"1000\" \/>\n\t<meta property=\"og:image:height\" content=\"669\" \/>\n\t<meta property=\"og:image:type\" content=\"image\/jpeg\" \/>\n<meta name=\"author\" content=\"bosniak\" \/>\n<meta name=\"twitter:card\" content=\"summary_large_image\" \/>\n<meta name=\"twitter:label1\" content=\"Written by\" \/>\n\t<meta name=\"twitter:data1\" content=\"bosniak\" \/>\n\t<meta name=\"twitter:label2\" content=\"Est. reading time\" \/>\n\t<meta name=\"twitter:data2\" content=\"1 minuta\" \/>\n<script type=\"application\/ld+json\" class=\"yoast-schema-graph\">{\"@context\":\"https:\/\/schema.org\",\"@graph\":[{\"@type\":\"Article\",\"@id\":\"https:\/\/sandzakpress.net\/arhiva\/muftija-dudic-primio-predstavnika-britanske-ambasade\/#article\",\"isPartOf\":{\"@id\":\"https:\/\/sandzakpress.net\/arhiva\/muftija-dudic-primio-predstavnika-britanske-ambasade\/\"},\"author\":{\"name\":\"bosniak\",\"@id\":\"https:\/\/sandzakpress.net\/arhiva\/#\/schema\/person\/c8baee722073534b583ea7bdb2e36c02\"},\"headline\":\"Muftija Dudi\u0107 primio predstavnika Britanske ambasade\",\"datePublished\":\"2014-10-16T08:49:28+00:00\",\"dateModified\":\"2014-10-16T08:49:59+00:00\",\"mainEntityOfPage\":{\"@id\":\"https:\/\/sandzakpress.net\/arhiva\/muftija-dudic-primio-predstavnika-britanske-ambasade\/\"},\"wordCount\":226,\"commentCount\":0,\"publisher\":{\"@id\":\"https:\/\/sandzakpress.net\/arhiva\/#\/schema\/person\/6e72b67d6e51910a1117b3b483ba20bd\"},\"image\":{\"@id\":\"https:\/\/sandzakpress.net\/arhiva\/muftija-dudic-primio-predstavnika-britanske-ambasade\/#primaryimage\"},\"thumbnailUrl\":\"https:\/\/sandzakpress.net\/arhiva\/wp-content\/uploads\/2014\/10\/DELEGACIJA-BRITANIJE-2014-5.jpg\",\"keywords\":[\"Islamska zajednica\"],\"articleSection\":[\"Islamska zajednica\",\"VIJESTI DANA\",\"NAJNOVIJE\"],\"inLanguage\":\"bs-BA\",\"potentialAction\":[{\"@type\":\"CommentAction\",\"name\":\"Comment\",\"target\":[\"https:\/\/sandzakpress.net\/arhiva\/muftija-dudic-primio-predstavnika-britanske-ambasade\/#respond\"]}]},{\"@type\":\"WebPage\",\"@id\":\"https:\/\/sandzakpress.net\/arhiva\/muftija-dudic-primio-predstavnika-britanske-ambasade\/\",\"url\":\"https:\/\/sandzakpress.net\/arhiva\/muftija-dudic-primio-predstavnika-britanske-ambasade\/\",\"name\":\"Muftija Dudi\u0107 primio predstavnika Britanske ambasade\",\"isPartOf\":{\"@id\":\"https:\/\/sandzakpress.net\/arhiva\/#website\"},\"primaryImageOfPage\":{\"@id\":\"https:\/\/sandzakpress.net\/arhiva\/muftija-dudic-primio-predstavnika-britanske-ambasade\/#primaryimage\"},\"image\":{\"@id\":\"https:\/\/sandzakpress.net\/arhiva\/muftija-dudic-primio-predstavnika-britanske-ambasade\/#primaryimage\"},\"thumbnailUrl\":\"https:\/\/sandzakpress.net\/arhiva\/wp-content\/uploads\/2014\/10\/DELEGACIJA-BRITANIJE-2014-5.jpg\",\"datePublished\":\"2014-10-16T08:49:28+00:00\",\"dateModified\":\"2014-10-16T08:49:59+00:00\",\"breadcrumb\":{\"@id\":\"https:\/\/sandzakpress.net\/arhiva\/muftija-dudic-primio-predstavnika-britanske-ambasade\/#breadcrumb\"},\"inLanguage\":\"bs-BA\",\"potentialAction\":[{\"@type\":\"ReadAction\",\"target\":[\"https:\/\/sandzakpress.net\/arhiva\/muftija-dudic-primio-predstavnika-britanske-ambasade\/\"]}]},{\"@type\":\"ImageObject\",\"inLanguage\":\"bs-BA\",\"@id\":\"https:\/\/sandzakpress.net\/arhiva\/muftija-dudic-primio-predstavnika-britanske-ambasade\/#primaryimage\",\"url\":\"https:\/\/sandzakpress.net\/arhiva\/wp-content\/uploads\/2014\/10\/DELEGACIJA-BRITANIJE-2014-5.jpg\",\"contentUrl\":\"https:\/\/sandzakpress.net\/arhiva\/wp-content\/uploads\/2014\/10\/DELEGACIJA-BRITANIJE-2014-5.jpg\",\"width\":1000,\"height\":669},{\"@type\":\"BreadcrumbList\",\"@id\":\"https:\/\/sandzakpress.net\/arhiva\/muftija-dudic-primio-predstavnika-britanske-ambasade\/#breadcrumb\",\"itemListElement\":[{\"@type\":\"ListItem\",\"position\":1,\"name\":\"Home\",\"item\":\"https:\/\/sandzakpress.net\/arhiva\/\"},{\"@type\":\"ListItem\",\"position\":2,\"name\":\"Muftija Dudi\u0107 primio predstavnika Britanske ambasade\"}]},{\"@type\":\"WebSite\",\"@id\":\"https:\/\/sandzakpress.net\/arhiva\/#website\",\"url\":\"https:\/\/sandzakpress.net\/arhiva\/\",\"name\":\"Sand\u017eak PRESS\",\"description\":\"Prve elektronske novine u Sand\u017eaku\",\"publisher\":{\"@id\":\"https:\/\/sandzakpress.net\/arhiva\/#\/schema\/person\/6e72b67d6e51910a1117b3b483ba20bd\"},\"potentialAction\":[{\"@type\":\"SearchAction\",\"target\":{\"@type\":\"EntryPoint\",\"urlTemplate\":\"https:\/\/sandzakpress.net\/arhiva\/?s={search_term_string}\"},\"query-input\":{\"@type\":\"PropertyValueSpecification\",\"valueRequired\":true,\"valueName\":\"search_term_string\"}}],\"inLanguage\":\"bs-BA\"},{\"@type\":[\"Person\",\"Organization\"],\"@id\":\"https:\/\/sandzakpress.net\/arhiva\/#\/schema\/person\/6e72b67d6e51910a1117b3b483ba20bd\",\"name\":\"Kul\",\"image\":{\"@type\":\"ImageObject\",\"inLanguage\":\"bs-BA\",\"@id\":\"https:\/\/sandzakpress.net\/arhiva\/#\/schema\/person\/image\/\",\"url\":\"https:\/\/secure.gravatar.com\/avatar\/42263f39aa27ac04c43cab85c280eb2e?s=96&d=mm&r=pg\",\"contentUrl\":\"https:\/\/secure.gravatar.com\/avatar\/42263f39aa27ac04c43cab85c280eb2e?s=96&d=mm&r=pg\",\"caption\":\"Kul\"},\"logo\":{\"@id\":\"https:\/\/sandzakpress.net\/arhiva\/#\/schema\/person\/image\/\"}},{\"@type\":\"Person\",\"@id\":\"https:\/\/sandzakpress.net\/arhiva\/#\/schema\/person\/c8baee722073534b583ea7bdb2e36c02\",\"name\":\"bosniak\",\"image\":{\"@type\":\"ImageObject\",\"inLanguage\":\"bs-BA\",\"@id\":\"https:\/\/sandzakpress.net\/arhiva\/#\/schema\/person\/image\/\",\"url\":\"https:\/\/secure.gravatar.com\/avatar\/a04fd330bfe3a36a72a0ad4a6d89fca7?s=96&d=mm&r=pg\",\"contentUrl\":\"https:\/\/secure.gravatar.com\/avatar\/a04fd330bfe3a36a72a0ad4a6d89fca7?s=96&d=mm&r=pg\",\"caption\":\"bosniak\"},\"url\":\"https:\/\/sandzakpress.net\/arhiva\/author\/bosniak\/\"}]}<\/script>\n<!-- \/ Yoast SEO Premium plugin. -->","yoast_head_json":{"title":"Muftija Dudi\u0107 primio predstavnika Britanske ambasade","robots":{"index":"index","follow":"follow","max-snippet":"max-snippet:-1","max-image-preview":"max-image-preview:large","max-video-preview":"max-video-preview:-1"},"canonical":"https:\/\/sandzakpress.net\/arhiva\/muftija-dudic-primio-predstavnika-britanske-ambasade\/","og_locale":"bs_BA","og_type":"article","og_title":"Muftija Dudi\u0107 primio predstavnika Britanske ambasade","og_description":"Novi Pazar &#8211; Predsjednik Me\u0161ihata IZ-e u Srbiji, muftija dr. Mevlud ef. Dudi\u0107, u srijedu 15.10.2014. godine, primio je politi\u010dkog sekretara Ambasade Velike Britanije D\u017eejmsa Mura. Britanski diplomata se interesovao o predstoje\u0107im izborima za Nacionalni savjet Bo\u0161njaka, primijetiv\u0161i da se izborna kampanja odvija u atmosferi bez tenzija za razliku od prija\u0161njih izbora. Muftija Dudi\u0107 ga [&hellip;]","og_url":"https:\/\/sandzakpress.net\/arhiva\/muftija-dudic-primio-predstavnika-britanske-ambasade\/","og_site_name":"Sand\u017eak PRESS","article_published_time":"2014-10-16T08:49:28+00:00","article_modified_time":"2014-10-16T08:49:59+00:00","og_image":[{"width":1000,"height":669,"url":"https:\/\/sandzakpress.net\/arhiva\/wp-content\/uploads\/2014\/10\/DELEGACIJA-BRITANIJE-2014-5.jpg","type":"image\/jpeg"}],"author":"bosniak","twitter_card":"summary_large_image","twitter_misc":{"Written by":"bosniak","Est. reading time":"1 minuta"},"schema":{"@context":"https:\/\/schema.org","@graph":[{"@type":"Article","@id":"https:\/\/sandzakpress.net\/arhiva\/muftija-dudic-primio-predstavnika-britanske-ambasade\/#article","isPartOf":{"@id":"https:\/\/sandzakpress.net\/arhiva\/muftija-dudic-primio-predstavnika-britanske-ambasade\/"},"author":{"name":"bosniak","@id":"https:\/\/sandzakpress.net\/arhiva\/#\/schema\/person\/c8baee722073534b583ea7bdb2e36c02"},"headline":"Muftija Dudi\u0107 primio predstavnika Britanske ambasade","datePublished":"2014-10-16T08:49:28+00:00","dateModified":"2014-10-16T08:49:59+00:00","mainEntityOfPage":{"@id":"https:\/\/sandzakpress.net\/arhiva\/muftija-dudic-primio-predstavnika-britanske-ambasade\/"},"wordCount":226,"commentCount":0,"publisher":{"@id":"https:\/\/sandzakpress.net\/arhiva\/#\/schema\/person\/6e72b67d6e51910a1117b3b483ba20bd"},"image":{"@id":"https:\/\/sandzakpress.net\/arhiva\/muftija-dudic-primio-predstavnika-britanske-ambasade\/#primaryimage"},"thumbnailUrl":"https:\/\/sandzakpress.net\/arhiva\/wp-content\/uploads\/2014\/10\/DELEGACIJA-BRITANIJE-2014-5.jpg","keywords":["Islamska zajednica"],"articleSection":["Islamska zajednica","VIJESTI DANA","NAJNOVIJE"],"inLanguage":"bs-BA","potentialAction":[{"@type":"CommentAction","name":"Comment","target":["https:\/\/sandzakpress.net\/arhiva\/muftija-dudic-primio-predstavnika-britanske-ambasade\/#respond"]}]},{"@type":"WebPage","@id":"https:\/\/sandzakpress.net\/arhiva\/muftija-dudic-primio-predstavnika-britanske-ambasade\/","url":"https:\/\/sandzakpress.net\/arhiva\/muftija-dudic-primio-predstavnika-britanske-ambasade\/","name":"Muftija Dudi\u0107 primio predstavnika Britanske ambasade","isPartOf":{"@id":"https:\/\/sandzakpress.net\/arhiva\/#website"},"primaryImageOfPage":{"@id":"https:\/\/sandzakpress.net\/arhiva\/muftija-dudic-primio-predstavnika-britanske-ambasade\/#primaryimage"},"image":{"@id":"https:\/\/sandzakpress.net\/arhiva\/muftija-dudic-primio-predstavnika-britanske-ambasade\/#primaryimage"},"thumbnailUrl":"https:\/\/sandzakpress.net\/arhiva\/wp-content\/uploads\/2014\/10\/DELEGACIJA-BRITANIJE-2014-5.jpg","datePublished":"2014-10-16T08:49:28+00:00","dateModified":"2014-10-16T08:49:59+00:00","breadcrumb":{"@id":"https:\/\/sandzakpress.net\/arhiva\/muftija-dudic-primio-predstavnika-britanske-ambasade\/#breadcrumb"},"inLanguage":"bs-BA","potentialAction":[{"@type":"ReadAction","target":["https:\/\/sandzakpress.net\/arhiva\/muftija-dudic-primio-predstavnika-britanske-ambasade\/"]}]},{"@type":"ImageObject","inLanguage":"bs-BA","@id":"https:\/\/sandzakpress.net\/arhiva\/muftija-dudic-primio-predstavnika-britanske-ambasade\/#primaryimage","url":"https:\/\/sandzakpress.net\/arhiva\/wp-content\/uploads\/2014\/10\/DELEGACIJA-BRITANIJE-2014-5.jpg","contentUrl":"https:\/\/sandzakpress.net\/arhiva\/wp-content\/uploads\/2014\/10\/DELEGACIJA-BRITANIJE-2014-5.jpg","width":1000,"height":669},{"@type":"BreadcrumbList","@id":"https:\/\/sandzakpress.net\/arhiva\/muftija-dudic-primio-predstavnika-britanske-ambasade\/#breadcrumb","itemListElement":[{"@type":"ListItem","position":1,"name":"Home","item":"https:\/\/sandzakpress.net\/arhiva\/"},{"@type":"ListItem","position":2,"name":"Muftija Dudi\u0107 primio predstavnika Britanske ambasade"}]},{"@type":"WebSite","@id":"https:\/\/sandzakpress.net\/arhiva\/#website","url":"https:\/\/sandzakpress.net\/arhiva\/","name":"Sand\u017eak PRESS","description":"Prve elektronske novine u Sand\u017eaku","publisher":{"@id":"https:\/\/sandzakpress.net\/arhiva\/#\/schema\/person\/6e72b67d6e51910a1117b3b483ba20bd"},"potentialAction":[{"@type":"SearchAction","target":{"@type":"EntryPoint","urlTemplate":"https:\/\/sandzakpress.net\/arhiva\/?s={search_term_string}"},"query-input":{"@type":"PropertyValueSpecification","valueRequired":true,"valueName":"search_term_string"}}],"inLanguage":"bs-BA"},{"@type":["Person","Organization"],"@id":"https:\/\/sandzakpress.net\/arhiva\/#\/schema\/person\/6e72b67d6e51910a1117b3b483ba20bd","name":"Kul","image":{"@type":"ImageObject","inLanguage":"bs-BA","@id":"https:\/\/sandzakpress.net\/arhiva\/#\/schema\/person\/image\/","url":"https:\/\/secure.gravatar.com\/avatar\/42263f39aa27ac04c43cab85c280eb2e?s=96&d=mm&r=pg","contentUrl":"https:\/\/secure.gravatar.com\/avatar\/42263f39aa27ac04c43cab85c280eb2e?s=96&d=mm&r=pg","caption":"Kul"},"logo":{"@id":"https:\/\/sandzakpress.net\/arhiva\/#\/schema\/person\/image\/"}},{"@type":"Person","@id":"https:\/\/sandzakpress.net\/arhiva\/#\/schema\/person\/c8baee722073534b583ea7bdb2e36c02","name":"bosniak","image":{"@type":"ImageObject","inLanguage":"bs-BA","@id":"https:\/\/sandzakpress.net\/arhiva\/#\/schema\/person\/image\/","url":"https:\/\/secure.gravatar.com\/avatar\/a04fd330bfe3a36a72a0ad4a6d89fca7?s=96&d=mm&r=pg","contentUrl":"https:\/\/secure.gravatar.com\/avatar\/a04fd330bfe3a36a72a0ad4a6d89fca7?s=96&d=mm&r=pg","caption":"bosniak"},"url":"https:\/\/sandzakpress.net\/arhiva\/author\/bosniak\/"}]}},"_links":{"self":[{"href":"https:\/\/sandzakpress.net\/arhiva\/wp-json\/wp\/v2\/posts\/113050"}],"collection":[{"href":"https:\/\/sandzakpress.net\/arhiva\/wp-json\/wp\/v2\/posts"}],"about":[{"href":"https:\/\/sandzakpress.net\/arhiva\/wp-json\/wp\/v2\/types\/post"}],"author":[{"embeddable":true,"href":"https:\/\/sandzakpress.net\/arhiva\/wp-json\/wp\/v2\/users\/83"}],"replies":[{"embeddable":true,"href":"https:\/\/sandzakpress.net\/arhiva\/wp-json\/wp\/v2\/comments?post=113050"}],"version-history":[{"count":0,"href":"https:\/\/sandzakpress.net\/arhiva\/wp-json\/wp\/v2\/posts\/113050\/revisions"}],"wp:featuredmedia":[{"embeddable":true,"href":"https:\/\/sandzakpress.net\/arhiva\/wp-json\/wp\/v2\/media\/113053"}],"wp:attachment":[{"href":"https:\/\/sandzakpress.net\/arhiva\/wp-json\/wp\/v2\/media?parent=113050"}],"wp:term":[{"taxonomy":"category","embeddable":true,"href":"https:\/\/sandzakpress.net\/arhiva\/wp-json\/wp\/v2\/categories?post=113050"},{"taxonomy":"post_tag","embeddable":true,"href":"https:\/\/sandzakpress.net\/arhiva\/wp-json\/wp\/v2\/tags?post=113050"}],"curies":[{"name":"wp","href":"https:\/\/api.w.org\/{rel}","templated":true}]}}