{"id":112930,"date":"2014-10-12T23:44:56","date_gmt":"2014-10-12T21:44:56","guid":{"rendered":"https:\/\/sandzakpress.net\/arhiva\/?p=112930"},"modified":"2014-10-12T23:44:56","modified_gmt":"2014-10-12T21:44:56","slug":"dodik-izgubio-izbore-za-predsjednika-rs","status":"publish","type":"post","link":"https:\/\/sandzakpress.net\/arhiva\/dodik-izgubio-izbore-za-predsjednika-rs\/","title":{"rendered":"Dodik izgubio izbore za predsjednika RS?"},"content":{"rendered":"<div class=\"uvod_holder\" style=\"color: #5d5d5d;\">\n<h3 class=\"uvod\"><img decoding=\"async\" src=\"http:\/\/www.oslobodjenje.ba\/portal\/images\/articles\/ognjen-tadic-invites-milorad-dodik-to-tv-duel-no-response-to-invite_1409814786.jpg\" alt=\"\" \/><\/h3>\n<h3 class=\"uvod\">Srpska demokratska stranka (SDS) ve\u010deras je saop\u0107ila da, prema trenutnim informacijama, njihov kandidat za predsjednika RS-a Ognjen Tadi\u0107 vodi u odnosu na Milorada Dodika, kandidata SNSD-a.<\/h3>\n<\/div>\n<div style=\"color: #5d5d5d;\">\n<div class=\"b_slika\">\n<p class=\"opis\" style=\"color: #ffffff;\"><span style=\"color: rgb(0, 0, 0);\">Aleksadndra Pandurevi\u0107 iz SDS-a saop\u0107ila je novinarima da oni u toj stranci imaju informacije i da je izlaznost na izbore u RS-u ve\u0107a nego \u0161to je to Centralna izborna komisija saop\u0107ila.\u00a0<\/span><\/p>\n<\/div>\n<\/div>\n<div class=\"rel\" style=\"color: #5d5d5d;\">\n<div class=\"tekst\"><span style=\"color: rgb(0, 0, 0);\">&#8220;Prema na\u0161im informacijama izlaznost je 56,5 posto, dok CIK tvrdi da je to 53,3 posto. Prema sada\u0161njim podacima Ognjen Tadi\u0107 ima 87.902 glasa, a Dodik 80.410 glasova&#8221;, kazala je Pandurevi\u0107.\u00a0<\/span><\/p>\n<p><span style=\"color: rgb(0, 0, 0);\">U Partiji demokratskog progresa (PDP) tako\u0111er tvrde da Mladen Ivani\u0107 vodi u utrci za Predsjedni\u0161tvo BiH u odnosu na \u017deljku Cvijanovi\u0107.<\/span><\/div>\n<div class=\"tekst\"><\/div>\n<div class=\"tekst\">(Klix)<\/div>\n<\/div>\n","protected":false},"excerpt":{"rendered":"<p>Srpska demokratska stranka (SDS) ve\u010deras je saop\u0107ila da, prema trenutnim informacijama, njihov kandidat za predsjednika RS-a Ognjen Tadi\u0107 vodi u odnosu na Milorada Dodika, kandidata SNSD-a. Aleksadndra Pandurevi\u0107 iz SDS-a saop\u0107ila je novinarima da oni u toj stranci imaju informacije i da je izlaznost na izbore u RS-u ve\u0107a nego \u0161to je to Centralna izborna [&hellip;]<\/p>\n","protected":false},"author":83,"featured_media":112931,"comment_status":"open","ping_status":"open","sticky":false,"template":"","format":"standard","meta":{"footnotes":""},"categories":[2860,1,8957],"tags":[10311],"class_list":{"0":"post-112930","1":"post","2":"type-post","3":"status-publish","4":"format-standard","5":"has-post-thumbnail","7":"category-bosna-i-hercegovina-gradovi","8":"category-politika","9":"category-vijesti-dana","10":"tag-milorad-dodik"},"yoast_head":"<!-- This site is optimized with the Yoast SEO Premium plugin v23.1 (Yoast SEO v24.9) - https:\/\/yoast.com\/wordpress\/plugins\/seo\/ -->\n<title>Dodik izgubio izbore za predsjednika RS?<\/title>\n<meta name=\"robots\" content=\"index, follow, max-snippet:-1, max-image-preview:large, max-video-preview:-1\" \/>\n<link rel=\"canonical\" href=\"https:\/\/sandzakpress.net\/arhiva\/dodik-izgubio-izbore-za-predsjednika-rs\/\" \/>\n<meta property=\"og:locale\" content=\"bs_BA\" \/>\n<meta property=\"og:type\" content=\"article\" \/>\n<meta property=\"og:title\" content=\"Dodik izgubio izbore za predsjednika RS?\" \/>\n<meta property=\"og:description\" content=\"Srpska demokratska stranka (SDS) ve\u010deras je saop\u0107ila da, prema trenutnim informacijama, njihov kandidat za predsjednika RS-a Ognjen Tadi\u0107 vodi u odnosu na Milorada Dodika, kandidata SNSD-a. Aleksadndra Pandurevi\u0107 iz SDS-a saop\u0107ila je novinarima da oni u toj stranci imaju informacije i da je izlaznost na izbore u RS-u ve\u0107a nego \u0161to je to Centralna izborna [&hellip;]\" \/>\n<meta property=\"og:url\" content=\"https:\/\/sandzakpress.net\/arhiva\/dodik-izgubio-izbore-za-predsjednika-rs\/\" \/>\n<meta property=\"og:site_name\" content=\"Sand\u017eak PRESS\" \/>\n<meta property=\"article:published_time\" content=\"2014-10-12T21:44:56+00:00\" \/>\n<meta property=\"og:image\" content=\"https:\/\/sandzakpress.net\/arhiva\/wp-content\/uploads\/2014\/10\/ognjen-tadic-invites-milorad-dodik-to-tv-duel-no-response-to-invite_1409814786.jpg\" \/>\n\t<meta property=\"og:image:width\" content=\"1920\" \/>\n\t<meta property=\"og:image:height\" content=\"1066\" \/>\n\t<meta property=\"og:image:type\" content=\"image\/jpeg\" \/>\n<meta name=\"author\" content=\"bosniak\" \/>\n<meta name=\"twitter:card\" content=\"summary_large_image\" \/>\n<meta name=\"twitter:label1\" content=\"Written by\" \/>\n\t<meta name=\"twitter:data1\" content=\"bosniak\" \/>\n\t<meta name=\"twitter:label2\" content=\"Est. reading time\" \/>\n\t<meta name=\"twitter:data2\" content=\"1 minuta\" \/>\n<script type=\"application\/ld+json\" class=\"yoast-schema-graph\">{\"@context\":\"https:\/\/schema.org\",\"@graph\":[{\"@type\":\"Article\",\"@id\":\"https:\/\/sandzakpress.net\/arhiva\/dodik-izgubio-izbore-za-predsjednika-rs\/#article\",\"isPartOf\":{\"@id\":\"https:\/\/sandzakpress.net\/arhiva\/dodik-izgubio-izbore-za-predsjednika-rs\/\"},\"author\":{\"name\":\"bosniak\",\"@id\":\"https:\/\/sandzakpress.net\/arhiva\/#\/schema\/person\/c8baee722073534b583ea7bdb2e36c02\"},\"headline\":\"Dodik izgubio izbore za predsjednika RS?\",\"datePublished\":\"2014-10-12T21:44:56+00:00\",\"mainEntityOfPage\":{\"@id\":\"https:\/\/sandzakpress.net\/arhiva\/dodik-izgubio-izbore-za-predsjednika-rs\/\"},\"wordCount\":120,\"commentCount\":23,\"publisher\":{\"@id\":\"https:\/\/sandzakpress.net\/arhiva\/#\/schema\/person\/6e72b67d6e51910a1117b3b483ba20bd\"},\"image\":{\"@id\":\"https:\/\/sandzakpress.net\/arhiva\/dodik-izgubio-izbore-za-predsjednika-rs\/#primaryimage\"},\"thumbnailUrl\":\"https:\/\/sandzakpress.net\/arhiva\/wp-content\/uploads\/2014\/10\/ognjen-tadic-invites-milorad-dodik-to-tv-duel-no-response-to-invite_1409814786.jpg\",\"keywords\":[\"Milorad Dodik\"],\"articleSection\":[\"Bosna i Hercegovina\",\"Politika\",\"VIJESTI DANA\"],\"inLanguage\":\"bs-BA\",\"potentialAction\":[{\"@type\":\"CommentAction\",\"name\":\"Comment\",\"target\":[\"https:\/\/sandzakpress.net\/arhiva\/dodik-izgubio-izbore-za-predsjednika-rs\/#respond\"]}]},{\"@type\":\"WebPage\",\"@id\":\"https:\/\/sandzakpress.net\/arhiva\/dodik-izgubio-izbore-za-predsjednika-rs\/\",\"url\":\"https:\/\/sandzakpress.net\/arhiva\/dodik-izgubio-izbore-za-predsjednika-rs\/\",\"name\":\"Dodik izgubio izbore za predsjednika RS?\",\"isPartOf\":{\"@id\":\"https:\/\/sandzakpress.net\/arhiva\/#website\"},\"primaryImageOfPage\":{\"@id\":\"https:\/\/sandzakpress.net\/arhiva\/dodik-izgubio-izbore-za-predsjednika-rs\/#primaryimage\"},\"image\":{\"@id\":\"https:\/\/sandzakpress.net\/arhiva\/dodik-izgubio-izbore-za-predsjednika-rs\/#primaryimage\"},\"thumbnailUrl\":\"https:\/\/sandzakpress.net\/arhiva\/wp-content\/uploads\/2014\/10\/ognjen-tadic-invites-milorad-dodik-to-tv-duel-no-response-to-invite_1409814786.jpg\",\"datePublished\":\"2014-10-12T21:44:56+00:00\",\"breadcrumb\":{\"@id\":\"https:\/\/sandzakpress.net\/arhiva\/dodik-izgubio-izbore-za-predsjednika-rs\/#breadcrumb\"},\"inLanguage\":\"bs-BA\",\"potentialAction\":[{\"@type\":\"ReadAction\",\"target\":[\"https:\/\/sandzakpress.net\/arhiva\/dodik-izgubio-izbore-za-predsjednika-rs\/\"]}]},{\"@type\":\"ImageObject\",\"inLanguage\":\"bs-BA\",\"@id\":\"https:\/\/sandzakpress.net\/arhiva\/dodik-izgubio-izbore-za-predsjednika-rs\/#primaryimage\",\"url\":\"https:\/\/sandzakpress.net\/arhiva\/wp-content\/uploads\/2014\/10\/ognjen-tadic-invites-milorad-dodik-to-tv-duel-no-response-to-invite_1409814786.jpg\",\"contentUrl\":\"https:\/\/sandzakpress.net\/arhiva\/wp-content\/uploads\/2014\/10\/ognjen-tadic-invites-milorad-dodik-to-tv-duel-no-response-to-invite_1409814786.jpg\",\"width\":1920,\"height\":1066},{\"@type\":\"BreadcrumbList\",\"@id\":\"https:\/\/sandzakpress.net\/arhiva\/dodik-izgubio-izbore-za-predsjednika-rs\/#breadcrumb\",\"itemListElement\":[{\"@type\":\"ListItem\",\"position\":1,\"name\":\"Home\",\"item\":\"https:\/\/sandzakpress.net\/arhiva\/\"},{\"@type\":\"ListItem\",\"position\":2,\"name\":\"Dodik izgubio izbore za predsjednika RS?\"}]},{\"@type\":\"WebSite\",\"@id\":\"https:\/\/sandzakpress.net\/arhiva\/#website\",\"url\":\"https:\/\/sandzakpress.net\/arhiva\/\",\"name\":\"Sand\u017eak PRESS\",\"description\":\"Prve elektronske novine u Sand\u017eaku\",\"publisher\":{\"@id\":\"https:\/\/sandzakpress.net\/arhiva\/#\/schema\/person\/6e72b67d6e51910a1117b3b483ba20bd\"},\"potentialAction\":[{\"@type\":\"SearchAction\",\"target\":{\"@type\":\"EntryPoint\",\"urlTemplate\":\"https:\/\/sandzakpress.net\/arhiva\/?s={search_term_string}\"},\"query-input\":{\"@type\":\"PropertyValueSpecification\",\"valueRequired\":true,\"valueName\":\"search_term_string\"}}],\"inLanguage\":\"bs-BA\"},{\"@type\":[\"Person\",\"Organization\"],\"@id\":\"https:\/\/sandzakpress.net\/arhiva\/#\/schema\/person\/6e72b67d6e51910a1117b3b483ba20bd\",\"name\":\"Kul\",\"image\":{\"@type\":\"ImageObject\",\"inLanguage\":\"bs-BA\",\"@id\":\"https:\/\/sandzakpress.net\/arhiva\/#\/schema\/person\/image\/\",\"url\":\"https:\/\/secure.gravatar.com\/avatar\/42263f39aa27ac04c43cab85c280eb2e?s=96&d=mm&r=pg\",\"contentUrl\":\"https:\/\/secure.gravatar.com\/avatar\/42263f39aa27ac04c43cab85c280eb2e?s=96&d=mm&r=pg\",\"caption\":\"Kul\"},\"logo\":{\"@id\":\"https:\/\/sandzakpress.net\/arhiva\/#\/schema\/person\/image\/\"}},{\"@type\":\"Person\",\"@id\":\"https:\/\/sandzakpress.net\/arhiva\/#\/schema\/person\/c8baee722073534b583ea7bdb2e36c02\",\"name\":\"bosniak\",\"image\":{\"@type\":\"ImageObject\",\"inLanguage\":\"bs-BA\",\"@id\":\"https:\/\/sandzakpress.net\/arhiva\/#\/schema\/person\/image\/\",\"url\":\"https:\/\/secure.gravatar.com\/avatar\/a04fd330bfe3a36a72a0ad4a6d89fca7?s=96&d=mm&r=pg\",\"contentUrl\":\"https:\/\/secure.gravatar.com\/avatar\/a04fd330bfe3a36a72a0ad4a6d89fca7?s=96&d=mm&r=pg\",\"caption\":\"bosniak\"},\"url\":\"https:\/\/sandzakpress.net\/arhiva\/author\/bosniak\/\"}]}<\/script>\n<!-- \/ Yoast SEO Premium plugin. -->","yoast_head_json":{"title":"Dodik izgubio izbore za predsjednika RS?","robots":{"index":"index","follow":"follow","max-snippet":"max-snippet:-1","max-image-preview":"max-image-preview:large","max-video-preview":"max-video-preview:-1"},"canonical":"https:\/\/sandzakpress.net\/arhiva\/dodik-izgubio-izbore-za-predsjednika-rs\/","og_locale":"bs_BA","og_type":"article","og_title":"Dodik izgubio izbore za predsjednika RS?","og_description":"Srpska demokratska stranka (SDS) ve\u010deras je saop\u0107ila da, prema trenutnim informacijama, njihov kandidat za predsjednika RS-a Ognjen Tadi\u0107 vodi u odnosu na Milorada Dodika, kandidata SNSD-a. Aleksadndra Pandurevi\u0107 iz SDS-a saop\u0107ila je novinarima da oni u toj stranci imaju informacije i da je izlaznost na izbore u RS-u ve\u0107a nego \u0161to je to Centralna izborna [&hellip;]","og_url":"https:\/\/sandzakpress.net\/arhiva\/dodik-izgubio-izbore-za-predsjednika-rs\/","og_site_name":"Sand\u017eak PRESS","article_published_time":"2014-10-12T21:44:56+00:00","og_image":[{"width":1920,"height":1066,"url":"https:\/\/sandzakpress.net\/arhiva\/wp-content\/uploads\/2014\/10\/ognjen-tadic-invites-milorad-dodik-to-tv-duel-no-response-to-invite_1409814786.jpg","type":"image\/jpeg"}],"author":"bosniak","twitter_card":"summary_large_image","twitter_misc":{"Written by":"bosniak","Est. reading time":"1 minuta"},"schema":{"@context":"https:\/\/schema.org","@graph":[{"@type":"Article","@id":"https:\/\/sandzakpress.net\/arhiva\/dodik-izgubio-izbore-za-predsjednika-rs\/#article","isPartOf":{"@id":"https:\/\/sandzakpress.net\/arhiva\/dodik-izgubio-izbore-za-predsjednika-rs\/"},"author":{"name":"bosniak","@id":"https:\/\/sandzakpress.net\/arhiva\/#\/schema\/person\/c8baee722073534b583ea7bdb2e36c02"},"headline":"Dodik izgubio izbore za predsjednika RS?","datePublished":"2014-10-12T21:44:56+00:00","mainEntityOfPage":{"@id":"https:\/\/sandzakpress.net\/arhiva\/dodik-izgubio-izbore-za-predsjednika-rs\/"},"wordCount":120,"commentCount":23,"publisher":{"@id":"https:\/\/sandzakpress.net\/arhiva\/#\/schema\/person\/6e72b67d6e51910a1117b3b483ba20bd"},"image":{"@id":"https:\/\/sandzakpress.net\/arhiva\/dodik-izgubio-izbore-za-predsjednika-rs\/#primaryimage"},"thumbnailUrl":"https:\/\/sandzakpress.net\/arhiva\/wp-content\/uploads\/2014\/10\/ognjen-tadic-invites-milorad-dodik-to-tv-duel-no-response-to-invite_1409814786.jpg","keywords":["Milorad Dodik"],"articleSection":["Bosna i Hercegovina","Politika","VIJESTI DANA"],"inLanguage":"bs-BA","potentialAction":[{"@type":"CommentAction","name":"Comment","target":["https:\/\/sandzakpress.net\/arhiva\/dodik-izgubio-izbore-za-predsjednika-rs\/#respond"]}]},{"@type":"WebPage","@id":"https:\/\/sandzakpress.net\/arhiva\/dodik-izgubio-izbore-za-predsjednika-rs\/","url":"https:\/\/sandzakpress.net\/arhiva\/dodik-izgubio-izbore-za-predsjednika-rs\/","name":"Dodik izgubio izbore za predsjednika RS?","isPartOf":{"@id":"https:\/\/sandzakpress.net\/arhiva\/#website"},"primaryImageOfPage":{"@id":"https:\/\/sandzakpress.net\/arhiva\/dodik-izgubio-izbore-za-predsjednika-rs\/#primaryimage"},"image":{"@id":"https:\/\/sandzakpress.net\/arhiva\/dodik-izgubio-izbore-za-predsjednika-rs\/#primaryimage"},"thumbnailUrl":"https:\/\/sandzakpress.net\/arhiva\/wp-content\/uploads\/2014\/10\/ognjen-tadic-invites-milorad-dodik-to-tv-duel-no-response-to-invite_1409814786.jpg","datePublished":"2014-10-12T21:44:56+00:00","breadcrumb":{"@id":"https:\/\/sandzakpress.net\/arhiva\/dodik-izgubio-izbore-za-predsjednika-rs\/#breadcrumb"},"inLanguage":"bs-BA","potentialAction":[{"@type":"ReadAction","target":["https:\/\/sandzakpress.net\/arhiva\/dodik-izgubio-izbore-za-predsjednika-rs\/"]}]},{"@type":"ImageObject","inLanguage":"bs-BA","@id":"https:\/\/sandzakpress.net\/arhiva\/dodik-izgubio-izbore-za-predsjednika-rs\/#primaryimage","url":"https:\/\/sandzakpress.net\/arhiva\/wp-content\/uploads\/2014\/10\/ognjen-tadic-invites-milorad-dodik-to-tv-duel-no-response-to-invite_1409814786.jpg","contentUrl":"https:\/\/sandzakpress.net\/arhiva\/wp-content\/uploads\/2014\/10\/ognjen-tadic-invites-milorad-dodik-to-tv-duel-no-response-to-invite_1409814786.jpg","width":1920,"height":1066},{"@type":"BreadcrumbList","@id":"https:\/\/sandzakpress.net\/arhiva\/dodik-izgubio-izbore-za-predsjednika-rs\/#breadcrumb","itemListElement":[{"@type":"ListItem","position":1,"name":"Home","item":"https:\/\/sandzakpress.net\/arhiva\/"},{"@type":"ListItem","position":2,"name":"Dodik izgubio izbore za predsjednika RS?"}]},{"@type":"WebSite","@id":"https:\/\/sandzakpress.net\/arhiva\/#website","url":"https:\/\/sandzakpress.net\/arhiva\/","name":"Sand\u017eak PRESS","description":"Prve elektronske novine u Sand\u017eaku","publisher":{"@id":"https:\/\/sandzakpress.net\/arhiva\/#\/schema\/person\/6e72b67d6e51910a1117b3b483ba20bd"},"potentialAction":[{"@type":"SearchAction","target":{"@type":"EntryPoint","urlTemplate":"https:\/\/sandzakpress.net\/arhiva\/?s={search_term_string}"},"query-input":{"@type":"PropertyValueSpecification","valueRequired":true,"valueName":"search_term_string"}}],"inLanguage":"bs-BA"},{"@type":["Person","Organization"],"@id":"https:\/\/sandzakpress.net\/arhiva\/#\/schema\/person\/6e72b67d6e51910a1117b3b483ba20bd","name":"Kul","image":{"@type":"ImageObject","inLanguage":"bs-BA","@id":"https:\/\/sandzakpress.net\/arhiva\/#\/schema\/person\/image\/","url":"https:\/\/secure.gravatar.com\/avatar\/42263f39aa27ac04c43cab85c280eb2e?s=96&d=mm&r=pg","contentUrl":"https:\/\/secure.gravatar.com\/avatar\/42263f39aa27ac04c43cab85c280eb2e?s=96&d=mm&r=pg","caption":"Kul"},"logo":{"@id":"https:\/\/sandzakpress.net\/arhiva\/#\/schema\/person\/image\/"}},{"@type":"Person","@id":"https:\/\/sandzakpress.net\/arhiva\/#\/schema\/person\/c8baee722073534b583ea7bdb2e36c02","name":"bosniak","image":{"@type":"ImageObject","inLanguage":"bs-BA","@id":"https:\/\/sandzakpress.net\/arhiva\/#\/schema\/person\/image\/","url":"https:\/\/secure.gravatar.com\/avatar\/a04fd330bfe3a36a72a0ad4a6d89fca7?s=96&d=mm&r=pg","contentUrl":"https:\/\/secure.gravatar.com\/avatar\/a04fd330bfe3a36a72a0ad4a6d89fca7?s=96&d=mm&r=pg","caption":"bosniak"},"url":"https:\/\/sandzakpress.net\/arhiva\/author\/bosniak\/"}]}},"_links":{"self":[{"href":"https:\/\/sandzakpress.net\/arhiva\/wp-json\/wp\/v2\/posts\/112930"}],"collection":[{"href":"https:\/\/sandzakpress.net\/arhiva\/wp-json\/wp\/v2\/posts"}],"about":[{"href":"https:\/\/sandzakpress.net\/arhiva\/wp-json\/wp\/v2\/types\/post"}],"author":[{"embeddable":true,"href":"https:\/\/sandzakpress.net\/arhiva\/wp-json\/wp\/v2\/users\/83"}],"replies":[{"embeddable":true,"href":"https:\/\/sandzakpress.net\/arhiva\/wp-json\/wp\/v2\/comments?post=112930"}],"version-history":[{"count":0,"href":"https:\/\/sandzakpress.net\/arhiva\/wp-json\/wp\/v2\/posts\/112930\/revisions"}],"wp:featuredmedia":[{"embeddable":true,"href":"https:\/\/sandzakpress.net\/arhiva\/wp-json\/wp\/v2\/media\/112931"}],"wp:attachment":[{"href":"https:\/\/sandzakpress.net\/arhiva\/wp-json\/wp\/v2\/media?parent=112930"}],"wp:term":[{"taxonomy":"category","embeddable":true,"href":"https:\/\/sandzakpress.net\/arhiva\/wp-json\/wp\/v2\/categories?post=112930"},{"taxonomy":"post_tag","embeddable":true,"href":"https:\/\/sandzakpress.net\/arhiva\/wp-json\/wp\/v2\/tags?post=112930"}],"curies":[{"name":"wp","href":"https:\/\/api.w.org\/{rel}","templated":true}]}}