{"id":112896,"date":"2014-10-10T16:05:29","date_gmt":"2014-10-10T14:05:29","guid":{"rendered":"https:\/\/sandzakpress.net\/arhiva\/?p=112896"},"modified":"2014-10-10T16:06:50","modified_gmt":"2014-10-10T14:06:50","slug":"nosioci-lista-na-izborima-za-bnv-potpisali-sporazumom-za-fer-izbore","status":"publish","type":"post","link":"https:\/\/sandzakpress.net\/arhiva\/nosioci-lista-na-izborima-za-bnv-potpisali-sporazumom-za-fer-izbore\/","title":{"rendered":"Nosioci lista na izborima za BNV potpisali sporazumom za fer izbore"},"content":{"rendered":"<p><img decoding=\"async\" src=\"http:\/\/radiostoplus.com\/images\/clanci\/LICNOSTI\/rukovanje_suljoijahja.jpg\" alt=\"\" \/><\/p>\n<p><strong><span style=\"font-size: 10pt;\">Sand\u017eak &#8211; Nosioci dvije liste koje \u0107e u\u010destvovati na izborima za Bo\u0161nja\u010dko nacionalno ve\u0107e (BNV) dr. Jahja Fehratovi\u0107 i dr. Sulejman Ugljanin potpisali su danas u Novom Pazaru sporazum kojim su se obavezali na fer predizbornu kampanju i civilizovano sprovo\u0111enje izbora.<\/span><\/strong><\/p>\n<p><span style=\"font-size: 10pt;\">Ugljanin je izjavio je nakon potpisivanja sporazuma da nisu uspeli napori dr\u017eavnih organa da sprije\u010de odr\u017eavanje izbora za BNV.<\/span><\/p>\n<p><span style=\"font-size: 10pt;\">\u201cZahvaljuju\u0107i uzajamnom razumijevanju, podr\u0161ci OEBS-a i nevladinih organizacija uspijeli smo da prevazi\u0111emo veliku volju dr\u017eavnih organa da sprije\u010de odr\u017eavanje izbora, pa ih sada sa zadovoljstvom o\u010dekujemo i u\u010dini\u0107emo sve da oni proteknu u prijatnoj atmosferi\u201d, rekao je Ugljanin.<\/span><\/p>\n<p><span style=\"font-size: 10pt;\">On je dodao i da \u0107e priznati rezultate izbora kakvi god oni bili i da \u0107e u\u010de\u0161\u0107em vije\u0107nika obje liste u radu budu\u0107eg saziva BNV biti postignuto bo\u0161nja\u010dko jedinstvo.<\/span><\/p>\n<p><span style=\"font-size: 10pt;\">\u201cDrugoj izbornoj listi \u017eelim uspjeh na izborima, a svim bira\u010dima da ostvare \u017eelje za bo\u0161nja\u010dkim jedinstvom jer je ono preduslov za harmoniju u Sand\u017eaku. Postizanjem jedinstva Bo\u0161njaka Srbija bi uklonila jednu od prepreka na putu ka EU, a me\u0111u njima su i pitanje Bo\u0161njaka, kao i Sand\u017eaka\u201d, rekao je Ugljanin.<\/span><\/p>\n<p><span style=\"font-size: 10pt;\">Nosilac liste \u201cZa Bo\u0161njake, Sandzak i muftiju\u201d dr. Jahja Fehratovi\u0107 ocenio je da je potpisivanje sporazuma izme\u0111u dvije liste veliki dan u novijoj Bo\u0161nja\u010dkoj historiji.<\/span><\/p>\n<p><span style=\"font-size: 10pt;\">\u201cOvim smo pokazali da, bez obzira \u0161to se takmi\u010dimo, imamo dovoljno kapaciteta da poka\u017eemo spremnost da postignemo sporazum oko onih pitanja koja su od op\u0161teg nacionalnog interesa za Bo\u0161njake\u201d, rekao je Fehratovi\u0107.<\/span><\/p>\n<p><span style=\"font-size: 10pt;\">On je istakao va\u017enost da izbori proteknu u demokratskoj atmosferi i pozvao Bo\u0161njake da u \u0161to ve\u0107em broju glasaju.<\/span><\/p>\n<p><span style=\"font-size: 10pt;\">\u201cVeoma nam je bitno da \u0161to ve\u0107i broj Bo\u0161njaka iza\u0111e na izbore kako bi podr\u017eali napore koji vode ka jedinstvu Bo\u0161njaka, bez obzira za koga glasali. Na taj na\u010din \u0107emo demonstrirati i dr\u017eavi i svijetu da smo spremni da se sami izborimo za na\u0161a prava\u201d, rekao je Fehratovi\u0107.<\/span><\/p>\n<p><span style=\"font-size: 10pt;\">Pored nosioca lista, sporazum o sprovo\u0111enju izbora, potpisali su i predstavnici lokalnih samouprava Sjenice i Tutina, ali ne i Novog Pazara, iako su bili pozvani.<\/span><\/p>\n<p><span style=\"font-size: 10pt;\">Izradu teksta\u00a0sporazuma i njegovo potpisivanje organizovao je Kulturni centar Damad, a uz podr\u0161ku Fondacije za otvoreno dru\u0161tvo i uz saglasnost svih u\u010desnika Regionalnog Foruma koji je nedavno odr\u017ean u Beogradu.<\/span><\/p>\n<p>Izvor: Radio100+<\/p>\n","protected":false},"excerpt":{"rendered":"<p>Sand\u017eak &#8211; Nosioci dvije liste koje \u0107e u\u010destvovati na izborima za Bo\u0161nja\u010dko nacionalno ve\u0107e (BNV) dr. Jahja Fehratovi\u0107 i dr. Sulejman Ugljanin potpisali su danas u Novom Pazaru sporazum kojim su se obavezali na fer predizbornu kampanju i civilizovano sprovo\u0111enje izbora. Ugljanin je izjavio je nakon potpisivanja sporazuma da nisu uspeli napori dr\u017eavnih organa da [&hellip;]<\/p>\n","protected":false},"author":83,"featured_media":112897,"comment_status":"open","ping_status":"open","sticky":false,"template":"","format":"standard","meta":{"footnotes":""},"categories":[72,1,52,327,392,393,394,8957],"tags":[10204,10223,10255,10269,10273],"class_list":{"0":"post-112896","1":"post","2":"type-post","3":"status-publish","4":"format-standard","5":"has-post-thumbnail","7":"category-novi-pazar","8":"category-politika","9":"category-sjenica","10":"category-tutin","11":"category-prijepolje_","12":"category-priboj","13":"category-nova-varos","14":"category-vijesti-dana","15":"tag-muftija-muamer-zukorlic","16":"tag-bdz","17":"tag-sda","18":"tag-sulejman-ugljanin","19":"tag-jahja-fehratovic"},"yoast_head":"<!-- This site is optimized with the Yoast SEO Premium plugin v23.1 (Yoast SEO v24.9) - https:\/\/yoast.com\/wordpress\/plugins\/seo\/ -->\n<title>Nosioci lista na izborima za BNV potpisali sporazumom za fer izbore<\/title>\n<meta name=\"robots\" content=\"index, follow, max-snippet:-1, max-image-preview:large, max-video-preview:-1\" \/>\n<link rel=\"canonical\" href=\"https:\/\/sandzakpress.net\/arhiva\/nosioci-lista-na-izborima-za-bnv-potpisali-sporazumom-za-fer-izbore\/\" \/>\n<meta property=\"og:locale\" content=\"bs_BA\" \/>\n<meta property=\"og:type\" content=\"article\" \/>\n<meta property=\"og:title\" content=\"Nosioci lista na izborima za BNV potpisali sporazumom za fer izbore\" \/>\n<meta property=\"og:description\" content=\"Sand\u017eak &#8211; Nosioci dvije liste koje \u0107e u\u010destvovati na izborima za Bo\u0161nja\u010dko nacionalno ve\u0107e (BNV) dr. Jahja Fehratovi\u0107 i dr. Sulejman Ugljanin potpisali su danas u Novom Pazaru sporazum kojim su se obavezali na fer predizbornu kampanju i civilizovano sprovo\u0111enje izbora. Ugljanin je izjavio je nakon potpisivanja sporazuma da nisu uspeli napori dr\u017eavnih organa da [&hellip;]\" \/>\n<meta property=\"og:url\" content=\"https:\/\/sandzakpress.net\/arhiva\/nosioci-lista-na-izborima-za-bnv-potpisali-sporazumom-za-fer-izbore\/\" \/>\n<meta property=\"og:site_name\" content=\"Sand\u017eak PRESS\" \/>\n<meta property=\"article:published_time\" content=\"2014-10-10T14:05:29+00:00\" \/>\n<meta property=\"article:modified_time\" content=\"2014-10-10T14:06:50+00:00\" \/>\n<meta property=\"og:image\" content=\"https:\/\/sandzakpress.net\/arhiva\/wp-content\/uploads\/2014\/10\/rukovanje_suljoijahja.jpg\" \/>\n\t<meta property=\"og:image:width\" content=\"768\" \/>\n\t<meta property=\"og:image:height\" content=\"576\" \/>\n\t<meta property=\"og:image:type\" content=\"image\/jpeg\" \/>\n<meta name=\"author\" content=\"bosniak\" \/>\n<meta name=\"twitter:card\" content=\"summary_large_image\" \/>\n<meta name=\"twitter:label1\" content=\"Written by\" \/>\n\t<meta name=\"twitter:data1\" content=\"bosniak\" \/>\n\t<meta name=\"twitter:label2\" content=\"Est. reading time\" \/>\n\t<meta name=\"twitter:data2\" content=\"2 minute\" \/>\n<script type=\"application\/ld+json\" class=\"yoast-schema-graph\">{\"@context\":\"https:\/\/schema.org\",\"@graph\":[{\"@type\":\"Article\",\"@id\":\"https:\/\/sandzakpress.net\/arhiva\/nosioci-lista-na-izborima-za-bnv-potpisali-sporazumom-za-fer-izbore\/#article\",\"isPartOf\":{\"@id\":\"https:\/\/sandzakpress.net\/arhiva\/nosioci-lista-na-izborima-za-bnv-potpisali-sporazumom-za-fer-izbore\/\"},\"author\":{\"name\":\"bosniak\",\"@id\":\"https:\/\/sandzakpress.net\/arhiva\/#\/schema\/person\/c8baee722073534b583ea7bdb2e36c02\"},\"headline\":\"Nosioci lista na izborima za BNV potpisali sporazumom za fer izbore\",\"datePublished\":\"2014-10-10T14:05:29+00:00\",\"dateModified\":\"2014-10-10T14:06:50+00:00\",\"mainEntityOfPage\":{\"@id\":\"https:\/\/sandzakpress.net\/arhiva\/nosioci-lista-na-izborima-za-bnv-potpisali-sporazumom-za-fer-izbore\/\"},\"wordCount\":426,\"commentCount\":25,\"publisher\":{\"@id\":\"https:\/\/sandzakpress.net\/arhiva\/#\/schema\/person\/6e72b67d6e51910a1117b3b483ba20bd\"},\"image\":{\"@id\":\"https:\/\/sandzakpress.net\/arhiva\/nosioci-lista-na-izborima-za-bnv-potpisali-sporazumom-za-fer-izbore\/#primaryimage\"},\"thumbnailUrl\":\"https:\/\/sandzakpress.net\/arhiva\/wp-content\/uploads\/2014\/10\/rukovanje_suljoijahja.jpg\",\"keywords\":[\"muftija Muamer Zukorli\u0107\",\"BDZ\",\"SDA\",\"Sulejman Ugljanin\",\"Dr. Jahja Fehratovi\u0107\"],\"articleSection\":[\"Novi Pazar\",\"Politika\",\"Sjenica\",\"Tutin\",\"Prijepolje\",\"Priboj\",\"Nova Varo\u0161\",\"VIJESTI DANA\"],\"inLanguage\":\"bs-BA\",\"potentialAction\":[{\"@type\":\"CommentAction\",\"name\":\"Comment\",\"target\":[\"https:\/\/sandzakpress.net\/arhiva\/nosioci-lista-na-izborima-za-bnv-potpisali-sporazumom-za-fer-izbore\/#respond\"]}]},{\"@type\":\"WebPage\",\"@id\":\"https:\/\/sandzakpress.net\/arhiva\/nosioci-lista-na-izborima-za-bnv-potpisali-sporazumom-za-fer-izbore\/\",\"url\":\"https:\/\/sandzakpress.net\/arhiva\/nosioci-lista-na-izborima-za-bnv-potpisali-sporazumom-za-fer-izbore\/\",\"name\":\"Nosioci lista na izborima za BNV potpisali sporazumom za fer izbore\",\"isPartOf\":{\"@id\":\"https:\/\/sandzakpress.net\/arhiva\/#website\"},\"primaryImageOfPage\":{\"@id\":\"https:\/\/sandzakpress.net\/arhiva\/nosioci-lista-na-izborima-za-bnv-potpisali-sporazumom-za-fer-izbore\/#primaryimage\"},\"image\":{\"@id\":\"https:\/\/sandzakpress.net\/arhiva\/nosioci-lista-na-izborima-za-bnv-potpisali-sporazumom-za-fer-izbore\/#primaryimage\"},\"thumbnailUrl\":\"https:\/\/sandzakpress.net\/arhiva\/wp-content\/uploads\/2014\/10\/rukovanje_suljoijahja.jpg\",\"datePublished\":\"2014-10-10T14:05:29+00:00\",\"dateModified\":\"2014-10-10T14:06:50+00:00\",\"breadcrumb\":{\"@id\":\"https:\/\/sandzakpress.net\/arhiva\/nosioci-lista-na-izborima-za-bnv-potpisali-sporazumom-za-fer-izbore\/#breadcrumb\"},\"inLanguage\":\"bs-BA\",\"potentialAction\":[{\"@type\":\"ReadAction\",\"target\":[\"https:\/\/sandzakpress.net\/arhiva\/nosioci-lista-na-izborima-za-bnv-potpisali-sporazumom-za-fer-izbore\/\"]}]},{\"@type\":\"ImageObject\",\"inLanguage\":\"bs-BA\",\"@id\":\"https:\/\/sandzakpress.net\/arhiva\/nosioci-lista-na-izborima-za-bnv-potpisali-sporazumom-za-fer-izbore\/#primaryimage\",\"url\":\"https:\/\/sandzakpress.net\/arhiva\/wp-content\/uploads\/2014\/10\/rukovanje_suljoijahja.jpg\",\"contentUrl\":\"https:\/\/sandzakpress.net\/arhiva\/wp-content\/uploads\/2014\/10\/rukovanje_suljoijahja.jpg\",\"width\":768,\"height\":576},{\"@type\":\"BreadcrumbList\",\"@id\":\"https:\/\/sandzakpress.net\/arhiva\/nosioci-lista-na-izborima-za-bnv-potpisali-sporazumom-za-fer-izbore\/#breadcrumb\",\"itemListElement\":[{\"@type\":\"ListItem\",\"position\":1,\"name\":\"Home\",\"item\":\"https:\/\/sandzakpress.net\/arhiva\/\"},{\"@type\":\"ListItem\",\"position\":2,\"name\":\"Nosioci lista na izborima za BNV potpisali sporazumom za fer izbore\"}]},{\"@type\":\"WebSite\",\"@id\":\"https:\/\/sandzakpress.net\/arhiva\/#website\",\"url\":\"https:\/\/sandzakpress.net\/arhiva\/\",\"name\":\"Sand\u017eak PRESS\",\"description\":\"Prve elektronske novine u Sand\u017eaku\",\"publisher\":{\"@id\":\"https:\/\/sandzakpress.net\/arhiva\/#\/schema\/person\/6e72b67d6e51910a1117b3b483ba20bd\"},\"potentialAction\":[{\"@type\":\"SearchAction\",\"target\":{\"@type\":\"EntryPoint\",\"urlTemplate\":\"https:\/\/sandzakpress.net\/arhiva\/?s={search_term_string}\"},\"query-input\":{\"@type\":\"PropertyValueSpecification\",\"valueRequired\":true,\"valueName\":\"search_term_string\"}}],\"inLanguage\":\"bs-BA\"},{\"@type\":[\"Person\",\"Organization\"],\"@id\":\"https:\/\/sandzakpress.net\/arhiva\/#\/schema\/person\/6e72b67d6e51910a1117b3b483ba20bd\",\"name\":\"Kul\",\"image\":{\"@type\":\"ImageObject\",\"inLanguage\":\"bs-BA\",\"@id\":\"https:\/\/sandzakpress.net\/arhiva\/#\/schema\/person\/image\/\",\"url\":\"https:\/\/secure.gravatar.com\/avatar\/42263f39aa27ac04c43cab85c280eb2e?s=96&d=mm&r=pg\",\"contentUrl\":\"https:\/\/secure.gravatar.com\/avatar\/42263f39aa27ac04c43cab85c280eb2e?s=96&d=mm&r=pg\",\"caption\":\"Kul\"},\"logo\":{\"@id\":\"https:\/\/sandzakpress.net\/arhiva\/#\/schema\/person\/image\/\"}},{\"@type\":\"Person\",\"@id\":\"https:\/\/sandzakpress.net\/arhiva\/#\/schema\/person\/c8baee722073534b583ea7bdb2e36c02\",\"name\":\"bosniak\",\"image\":{\"@type\":\"ImageObject\",\"inLanguage\":\"bs-BA\",\"@id\":\"https:\/\/sandzakpress.net\/arhiva\/#\/schema\/person\/image\/\",\"url\":\"https:\/\/secure.gravatar.com\/avatar\/a04fd330bfe3a36a72a0ad4a6d89fca7?s=96&d=mm&r=pg\",\"contentUrl\":\"https:\/\/secure.gravatar.com\/avatar\/a04fd330bfe3a36a72a0ad4a6d89fca7?s=96&d=mm&r=pg\",\"caption\":\"bosniak\"},\"url\":\"https:\/\/sandzakpress.net\/arhiva\/author\/bosniak\/\"}]}<\/script>\n<!-- \/ Yoast SEO Premium plugin. -->","yoast_head_json":{"title":"Nosioci lista na izborima za BNV potpisali sporazumom za fer izbore","robots":{"index":"index","follow":"follow","max-snippet":"max-snippet:-1","max-image-preview":"max-image-preview:large","max-video-preview":"max-video-preview:-1"},"canonical":"https:\/\/sandzakpress.net\/arhiva\/nosioci-lista-na-izborima-za-bnv-potpisali-sporazumom-za-fer-izbore\/","og_locale":"bs_BA","og_type":"article","og_title":"Nosioci lista na izborima za BNV potpisali sporazumom za fer izbore","og_description":"Sand\u017eak &#8211; Nosioci dvije liste koje \u0107e u\u010destvovati na izborima za Bo\u0161nja\u010dko nacionalno ve\u0107e (BNV) dr. Jahja Fehratovi\u0107 i dr. Sulejman Ugljanin potpisali su danas u Novom Pazaru sporazum kojim su se obavezali na fer predizbornu kampanju i civilizovano sprovo\u0111enje izbora. Ugljanin je izjavio je nakon potpisivanja sporazuma da nisu uspeli napori dr\u017eavnih organa da [&hellip;]","og_url":"https:\/\/sandzakpress.net\/arhiva\/nosioci-lista-na-izborima-za-bnv-potpisali-sporazumom-za-fer-izbore\/","og_site_name":"Sand\u017eak PRESS","article_published_time":"2014-10-10T14:05:29+00:00","article_modified_time":"2014-10-10T14:06:50+00:00","og_image":[{"width":768,"height":576,"url":"https:\/\/sandzakpress.net\/arhiva\/wp-content\/uploads\/2014\/10\/rukovanje_suljoijahja.jpg","type":"image\/jpeg"}],"author":"bosniak","twitter_card":"summary_large_image","twitter_misc":{"Written by":"bosniak","Est. reading time":"2 minute"},"schema":{"@context":"https:\/\/schema.org","@graph":[{"@type":"Article","@id":"https:\/\/sandzakpress.net\/arhiva\/nosioci-lista-na-izborima-za-bnv-potpisali-sporazumom-za-fer-izbore\/#article","isPartOf":{"@id":"https:\/\/sandzakpress.net\/arhiva\/nosioci-lista-na-izborima-za-bnv-potpisali-sporazumom-za-fer-izbore\/"},"author":{"name":"bosniak","@id":"https:\/\/sandzakpress.net\/arhiva\/#\/schema\/person\/c8baee722073534b583ea7bdb2e36c02"},"headline":"Nosioci lista na izborima za BNV potpisali sporazumom za fer izbore","datePublished":"2014-10-10T14:05:29+00:00","dateModified":"2014-10-10T14:06:50+00:00","mainEntityOfPage":{"@id":"https:\/\/sandzakpress.net\/arhiva\/nosioci-lista-na-izborima-za-bnv-potpisali-sporazumom-za-fer-izbore\/"},"wordCount":426,"commentCount":25,"publisher":{"@id":"https:\/\/sandzakpress.net\/arhiva\/#\/schema\/person\/6e72b67d6e51910a1117b3b483ba20bd"},"image":{"@id":"https:\/\/sandzakpress.net\/arhiva\/nosioci-lista-na-izborima-za-bnv-potpisali-sporazumom-za-fer-izbore\/#primaryimage"},"thumbnailUrl":"https:\/\/sandzakpress.net\/arhiva\/wp-content\/uploads\/2014\/10\/rukovanje_suljoijahja.jpg","keywords":["muftija Muamer Zukorli\u0107","BDZ","SDA","Sulejman Ugljanin","Dr. Jahja Fehratovi\u0107"],"articleSection":["Novi Pazar","Politika","Sjenica","Tutin","Prijepolje","Priboj","Nova Varo\u0161","VIJESTI DANA"],"inLanguage":"bs-BA","potentialAction":[{"@type":"CommentAction","name":"Comment","target":["https:\/\/sandzakpress.net\/arhiva\/nosioci-lista-na-izborima-za-bnv-potpisali-sporazumom-za-fer-izbore\/#respond"]}]},{"@type":"WebPage","@id":"https:\/\/sandzakpress.net\/arhiva\/nosioci-lista-na-izborima-za-bnv-potpisali-sporazumom-za-fer-izbore\/","url":"https:\/\/sandzakpress.net\/arhiva\/nosioci-lista-na-izborima-za-bnv-potpisali-sporazumom-za-fer-izbore\/","name":"Nosioci lista na izborima za BNV potpisali sporazumom za fer izbore","isPartOf":{"@id":"https:\/\/sandzakpress.net\/arhiva\/#website"},"primaryImageOfPage":{"@id":"https:\/\/sandzakpress.net\/arhiva\/nosioci-lista-na-izborima-za-bnv-potpisali-sporazumom-za-fer-izbore\/#primaryimage"},"image":{"@id":"https:\/\/sandzakpress.net\/arhiva\/nosioci-lista-na-izborima-za-bnv-potpisali-sporazumom-za-fer-izbore\/#primaryimage"},"thumbnailUrl":"https:\/\/sandzakpress.net\/arhiva\/wp-content\/uploads\/2014\/10\/rukovanje_suljoijahja.jpg","datePublished":"2014-10-10T14:05:29+00:00","dateModified":"2014-10-10T14:06:50+00:00","breadcrumb":{"@id":"https:\/\/sandzakpress.net\/arhiva\/nosioci-lista-na-izborima-za-bnv-potpisali-sporazumom-za-fer-izbore\/#breadcrumb"},"inLanguage":"bs-BA","potentialAction":[{"@type":"ReadAction","target":["https:\/\/sandzakpress.net\/arhiva\/nosioci-lista-na-izborima-za-bnv-potpisali-sporazumom-za-fer-izbore\/"]}]},{"@type":"ImageObject","inLanguage":"bs-BA","@id":"https:\/\/sandzakpress.net\/arhiva\/nosioci-lista-na-izborima-za-bnv-potpisali-sporazumom-za-fer-izbore\/#primaryimage","url":"https:\/\/sandzakpress.net\/arhiva\/wp-content\/uploads\/2014\/10\/rukovanje_suljoijahja.jpg","contentUrl":"https:\/\/sandzakpress.net\/arhiva\/wp-content\/uploads\/2014\/10\/rukovanje_suljoijahja.jpg","width":768,"height":576},{"@type":"BreadcrumbList","@id":"https:\/\/sandzakpress.net\/arhiva\/nosioci-lista-na-izborima-za-bnv-potpisali-sporazumom-za-fer-izbore\/#breadcrumb","itemListElement":[{"@type":"ListItem","position":1,"name":"Home","item":"https:\/\/sandzakpress.net\/arhiva\/"},{"@type":"ListItem","position":2,"name":"Nosioci lista na izborima za BNV potpisali sporazumom za fer izbore"}]},{"@type":"WebSite","@id":"https:\/\/sandzakpress.net\/arhiva\/#website","url":"https:\/\/sandzakpress.net\/arhiva\/","name":"Sand\u017eak PRESS","description":"Prve elektronske novine u Sand\u017eaku","publisher":{"@id":"https:\/\/sandzakpress.net\/arhiva\/#\/schema\/person\/6e72b67d6e51910a1117b3b483ba20bd"},"potentialAction":[{"@type":"SearchAction","target":{"@type":"EntryPoint","urlTemplate":"https:\/\/sandzakpress.net\/arhiva\/?s={search_term_string}"},"query-input":{"@type":"PropertyValueSpecification","valueRequired":true,"valueName":"search_term_string"}}],"inLanguage":"bs-BA"},{"@type":["Person","Organization"],"@id":"https:\/\/sandzakpress.net\/arhiva\/#\/schema\/person\/6e72b67d6e51910a1117b3b483ba20bd","name":"Kul","image":{"@type":"ImageObject","inLanguage":"bs-BA","@id":"https:\/\/sandzakpress.net\/arhiva\/#\/schema\/person\/image\/","url":"https:\/\/secure.gravatar.com\/avatar\/42263f39aa27ac04c43cab85c280eb2e?s=96&d=mm&r=pg","contentUrl":"https:\/\/secure.gravatar.com\/avatar\/42263f39aa27ac04c43cab85c280eb2e?s=96&d=mm&r=pg","caption":"Kul"},"logo":{"@id":"https:\/\/sandzakpress.net\/arhiva\/#\/schema\/person\/image\/"}},{"@type":"Person","@id":"https:\/\/sandzakpress.net\/arhiva\/#\/schema\/person\/c8baee722073534b583ea7bdb2e36c02","name":"bosniak","image":{"@type":"ImageObject","inLanguage":"bs-BA","@id":"https:\/\/sandzakpress.net\/arhiva\/#\/schema\/person\/image\/","url":"https:\/\/secure.gravatar.com\/avatar\/a04fd330bfe3a36a72a0ad4a6d89fca7?s=96&d=mm&r=pg","contentUrl":"https:\/\/secure.gravatar.com\/avatar\/a04fd330bfe3a36a72a0ad4a6d89fca7?s=96&d=mm&r=pg","caption":"bosniak"},"url":"https:\/\/sandzakpress.net\/arhiva\/author\/bosniak\/"}]}},"_links":{"self":[{"href":"https:\/\/sandzakpress.net\/arhiva\/wp-json\/wp\/v2\/posts\/112896"}],"collection":[{"href":"https:\/\/sandzakpress.net\/arhiva\/wp-json\/wp\/v2\/posts"}],"about":[{"href":"https:\/\/sandzakpress.net\/arhiva\/wp-json\/wp\/v2\/types\/post"}],"author":[{"embeddable":true,"href":"https:\/\/sandzakpress.net\/arhiva\/wp-json\/wp\/v2\/users\/83"}],"replies":[{"embeddable":true,"href":"https:\/\/sandzakpress.net\/arhiva\/wp-json\/wp\/v2\/comments?post=112896"}],"version-history":[{"count":0,"href":"https:\/\/sandzakpress.net\/arhiva\/wp-json\/wp\/v2\/posts\/112896\/revisions"}],"wp:featuredmedia":[{"embeddable":true,"href":"https:\/\/sandzakpress.net\/arhiva\/wp-json\/wp\/v2\/media\/112897"}],"wp:attachment":[{"href":"https:\/\/sandzakpress.net\/arhiva\/wp-json\/wp\/v2\/media?parent=112896"}],"wp:term":[{"taxonomy":"category","embeddable":true,"href":"https:\/\/sandzakpress.net\/arhiva\/wp-json\/wp\/v2\/categories?post=112896"},{"taxonomy":"post_tag","embeddable":true,"href":"https:\/\/sandzakpress.net\/arhiva\/wp-json\/wp\/v2\/tags?post=112896"}],"curies":[{"name":"wp","href":"https:\/\/api.w.org\/{rel}","templated":true}]}}