{"id":112889,"date":"2014-10-10T11:04:02","date_gmt":"2014-10-10T09:04:02","guid":{"rendered":"https:\/\/sandzakpress.net\/arhiva\/?p=112889"},"modified":"2014-10-10T11:04:02","modified_gmt":"2014-10-10T09:04:02","slug":"sandzacke-hadzije-doputovale-u-medinu","status":"publish","type":"post","link":"https:\/\/sandzakpress.net\/arhiva\/%3Fp%3D112889","title":{"rendered":"Sand\u017ea\u010dke had\u017eije doputovale u Medinu"},"content":{"rendered":"<p><img decoding=\"async\" src=\"http:\/\/mesihat.org\/images\/stories\/slike%20hadzija%20medina%20(7).jpg\" alt=\"\" width=\"690\" \/><\/p>\n<p><strong><span style=\"color: #000000;\">Medina &#8211; U srijedu, 08.09.2014. godine u ve\u010dernjim satima, grupa od 129 had\u017eija, koji su ove godine u organizaciji Me\u0161ihata IZ-e obavili obrede had\u017ea i umre u Mekki, doputovala je u grad Allahovog Poslanika a.s., tj. u Medinu-Tajjibu.<\/span><\/strong><\/p>\n<p style=\"color: #000000;\">Prvog dana boravka u Medini had\u017eije su imale priliku obavljati namaze u d\u017eamiji Poslanika a.s., u kojoj jedan namaz vrijedi koliko 1000 namaza u nekoj drugoj d\u017eamiji, pro\u0107i pored mezara Resulullaha a.s. i uputiti mu selam, te mezara Ebu Bekra i Omera r.a., koji su ukopani pored Bo\u017eijeg Poslanika Muhammeda a.s.<\/p>\n<p style=\"color: #000000;\">U \u010detvrtak, 09. oktobra, nakon jacije namaza, uprili\u010deno je dru\u017eenje sa had\u017eijama i predavanje o znamenitostima Medine, koje je odr\u017eao Misini Miralem student na postdiplomskim studijama Islamskog univerziteta u Medini. Predavanje je zapo\u010delo u\u010denjem Kur'ana \u010casnog od strane hfz. Abdurahman ef. Kujevi\u0107a, a potom se, osvrtom na obavljene obrede had\u017ea i njihovom porukom i poukom had\u017eijama obratio Re\u0161ad ef. Plojovi\u0107, nagla\u0161avaju\u0107i da je had\u017e kao propis i svi njegovi obredi svojevrsna dunjalu\u010dka \u0161kola u kojoj Uzvi\u0161eni Allah pou\u010dava Njegove odabrane robove kako da se pona\u0161aju na ovome svijetu, gdje poruka tavafa oko Kabe simboli\u0161e potrebu postojanja neraskidive veze \u010dovjeka i njegovog Gospodara, Allaha d\u017e. \u0161., stalne brige za Njegovim propisima, ne udaljavanja od Allahove vjere i \u010dvrstog dr\u017eanja za Allahovo u\u017ee, tj. Kur'an.<\/p>\n<p style=\"color: #000000;\">Poruka S'aja jeste da \u010dovjek u toku svoga \u017eivota na ovome svijetu i traganju za sre\u0107om, uspjehom i spasom mora biti strpljiv i uporan, ne odustajati, kao \u0161to Had\u017eera, majka Ismaila a.s. nije odustajala u traganju za hranom i vodom za svog novoro\u0111enog sina Ismaila. Poruka bacanja kamen\u010di\u0107a na Mini, koje se ponavlja u tri dana jeste upozoravanje \u010dovjeka na opasnost i spletke prokletog \u0161ejtana, koji stalno nastoji \u010dovjeka zavesti sa pravog puta i odvesti ga u zabludu i neposlu\u0161nost Gospodaru, kao \u0161to je poku\u0161ao odvratiti Ibrahima a.s. da izvr\u0161i zavjet dat svom Uzvi\u0161enom Gospodaru. A poruka i prizor Arefata jeste podsje\u0107anje na polaganje ra\u010duna na Sudnjem danu, kada \u0107e Allah d\u017e.\u0161. ponovo o\u017eivjeti sve ljude radi kona\u010dnog polaganja ra\u010duna.<\/p>\n<p style=\"color: #000000;\">Tokom boravka u Medini predvi\u0111eno je da sve had\u017eije obi\u0111u mezar Allahovog Poslanika, da se posjeti prva d\u017eamija u islamu, Mesd\u017eid Kuba&#8217;, d\u017eamija Kibletejn, Hendek i Uhud, a tako\u0111e je planirana i posjeta Muzeja Medinskog Harema.<\/p>\n<p style=\"color: #000000;\">Povratak had\u017eija iz Medine i dolazak u Novi Pazar, prema ranije utvr\u0111enom planu, predvi\u0111en je u dvije grupe i to: prva grupa 16. 09. u ve\u010dernjim i druga grupa 17.09.2014. u popodnevnim satima.<\/p>\n<p style=\"color: #000000;\" align=\"right\"><em>Informativna slu\u017eba<\/em><\/p>\n<p style=\"color: #000000;\"><img decoding=\"async\" src=\"http:\/\/mesihat.org\/images\/stories\/slike%20hadzija%20medina%20(6).jpg\" alt=\"\" width=\"690\" \/>\u00a0<img decoding=\"async\" src=\"http:\/\/mesihat.org\/images\/stories\/slike%20hadzija%20medina%20(2).jpg\" alt=\"\" width=\"690\" \/>\u00a0<img decoding=\"async\" src=\"http:\/\/mesihat.org\/images\/stories\/slike%20hadzija%20medina%20(3).jpg\" alt=\"\" width=\"690\" \/>\u00a0<img decoding=\"async\" src=\"http:\/\/mesihat.org\/images\/stories\/slike%20hadzija%20medina%20(4).jpg\" alt=\"\" width=\"690\" \/>\u00a0\u00a0<img decoding=\"async\" src=\"http:\/\/mesihat.org\/images\/stories\/slike%20hadzija%20medina%20(5).jpg\" alt=\"\" width=\"690\" \/>\u00a0<img decoding=\"async\" src=\"http:\/\/mesihat.org\/images\/stories\/slike%20hadzija%20medina%20(1).jpg\" alt=\"\" width=\"690\" \/><\/p>\n<p>&nbsp;<\/p>\n","protected":false},"excerpt":{"rendered":"<p>Medina &#8211; U srijedu, 08.09.2014. godine u ve\u010dernjim satima, grupa od 129 had\u017eija, koji su ove godine u organizaciji Me\u0161ihata IZ-e obavili obrede had\u017ea i umre u Mekki, doputovala je u grad Allahovog Poslanika a.s., tj. u Medinu-Tajjibu. Prvog dana boravka u Medini had\u017eije su imale priliku obavljati namaze u d\u017eamiji Poslanika a.s., u kojoj [&hellip;]<\/p>\n","protected":false},"author":83,"featured_media":112890,"comment_status":"open","ping_status":"open","sticky":false,"template":"","format":"standard","meta":{"footnotes":""},"categories":[72,52,327,802,8957],"tags":[10229],"class_list":{"0":"post-112889","1":"post","2":"type-post","3":"status-publish","4":"format-standard","5":"has-post-thumbnail","7":"category-novi-pazar","8":"category-sjenica","9":"category-tutin","10":"category-islamska_zajednica","11":"category-vijesti-dana","12":"tag-islamska-zajednica"},"yoast_head":"<!-- This site is optimized with the Yoast SEO Premium plugin v23.1 (Yoast SEO v24.9) - https:\/\/yoast.com\/wordpress\/plugins\/seo\/ -->\n<title>Sand\u017ea\u010dke had\u017eije doputovale u Medinu<\/title>\n<meta name=\"robots\" content=\"index, follow, max-snippet:-1, max-image-preview:large, max-video-preview:-1\" \/>\n<link rel=\"canonical\" href=\"https:\/\/sandzakpress.net\/arhiva\/?p=112889\/\" \/>\n<meta property=\"og:locale\" content=\"bs_BA\" \/>\n<meta property=\"og:type\" content=\"article\" \/>\n<meta property=\"og:title\" content=\"Sand\u017ea\u010dke had\u017eije doputovale u Medinu\" \/>\n<meta property=\"og:description\" content=\"Medina &#8211; U srijedu, 08.09.2014. godine u ve\u010dernjim satima, grupa od 129 had\u017eija, koji su ove godine u organizaciji Me\u0161ihata IZ-e obavili obrede had\u017ea i umre u Mekki, doputovala je u grad Allahovog Poslanika a.s., tj. u Medinu-Tajjibu. Prvog dana boravka u Medini had\u017eije su imale priliku obavljati namaze u d\u017eamiji Poslanika a.s., u kojoj [&hellip;]\" \/>\n<meta property=\"og:url\" content=\"https:\/\/sandzakpress.net\/arhiva\/?p=112889\/\" \/>\n<meta property=\"og:site_name\" content=\"Sand\u017eak PRESS\" \/>\n<meta property=\"article:published_time\" content=\"2014-10-10T09:04:02+00:00\" \/>\n<meta property=\"og:image\" content=\"https:\/\/sandzakpress.net\/arhiva\/wp-content\/uploads\/2014\/10\/slike-hadzija-medina-7.jpg\" \/>\n\t<meta property=\"og:image:width\" content=\"1000\" \/>\n\t<meta property=\"og:image:height\" content=\"750\" \/>\n\t<meta property=\"og:image:type\" content=\"image\/jpeg\" \/>\n<meta name=\"author\" content=\"bosniak\" \/>\n<meta name=\"twitter:card\" content=\"summary_large_image\" \/>\n<meta name=\"twitter:label1\" content=\"Written by\" \/>\n\t<meta name=\"twitter:data1\" content=\"bosniak\" \/>\n\t<meta name=\"twitter:label2\" content=\"Est. reading time\" \/>\n\t<meta name=\"twitter:data2\" content=\"2 minute\" \/>\n<script type=\"application\/ld+json\" class=\"yoast-schema-graph\">{\"@context\":\"https:\/\/schema.org\",\"@graph\":[{\"@type\":\"Article\",\"@id\":\"https:\/\/sandzakpress.net\/arhiva\/%3Fp%3D112889\/#article\",\"isPartOf\":{\"@id\":\"https:\/\/sandzakpress.net\/arhiva\/%3Fp%3D112889\/\"},\"author\":{\"name\":\"bosniak\",\"@id\":\"https:\/\/sandzakpress.net\/arhiva\/#\/schema\/person\/c8baee722073534b583ea7bdb2e36c02\"},\"headline\":\"Sand\u017ea\u010dke had\u017eije doputovale u Medinu\",\"datePublished\":\"2014-10-10T09:04:02+00:00\",\"mainEntityOfPage\":{\"@id\":\"https:\/\/sandzakpress.net\/arhiva\/%3Fp%3D112889\/\"},\"wordCount\":468,\"commentCount\":0,\"publisher\":{\"@id\":\"https:\/\/sandzakpress.net\/arhiva\/#\/schema\/person\/6e72b67d6e51910a1117b3b483ba20bd\"},\"image\":{\"@id\":\"https:\/\/sandzakpress.net\/arhiva\/%3Fp%3D112889\/#primaryimage\"},\"thumbnailUrl\":\"https:\/\/sandzakpress.net\/arhiva\/wp-content\/uploads\/2014\/10\/slike-hadzija-medina-7.jpg\",\"keywords\":[\"Islamska zajednica\"],\"articleSection\":[\"Novi Pazar\",\"Sjenica\",\"Tutin\",\"Islamska zajednica\",\"VIJESTI DANA\"],\"inLanguage\":\"bs-BA\",\"potentialAction\":[{\"@type\":\"CommentAction\",\"name\":\"Comment\",\"target\":[\"https:\/\/sandzakpress.net\/arhiva\/%3Fp%3D112889\/#respond\"]}]},{\"@type\":\"WebPage\",\"@id\":\"https:\/\/sandzakpress.net\/arhiva\/%3Fp%3D112889\/\",\"url\":\"https:\/\/sandzakpress.net\/arhiva\/%3Fp%3D112889\/\",\"name\":\"Sand\u017ea\u010dke had\u017eije doputovale u Medinu\",\"isPartOf\":{\"@id\":\"https:\/\/sandzakpress.net\/arhiva\/#website\"},\"primaryImageOfPage\":{\"@id\":\"https:\/\/sandzakpress.net\/arhiva\/%3Fp%3D112889\/#primaryimage\"},\"image\":{\"@id\":\"https:\/\/sandzakpress.net\/arhiva\/%3Fp%3D112889\/#primaryimage\"},\"thumbnailUrl\":\"https:\/\/sandzakpress.net\/arhiva\/wp-content\/uploads\/2014\/10\/slike-hadzija-medina-7.jpg\",\"datePublished\":\"2014-10-10T09:04:02+00:00\",\"breadcrumb\":{\"@id\":\"https:\/\/sandzakpress.net\/arhiva\/%3Fp%3D112889\/#breadcrumb\"},\"inLanguage\":\"bs-BA\",\"potentialAction\":[{\"@type\":\"ReadAction\",\"target\":[\"https:\/\/sandzakpress.net\/arhiva\/%3Fp%3D112889\/\"]}]},{\"@type\":\"ImageObject\",\"inLanguage\":\"bs-BA\",\"@id\":\"https:\/\/sandzakpress.net\/arhiva\/%3Fp%3D112889\/#primaryimage\",\"url\":\"https:\/\/sandzakpress.net\/arhiva\/wp-content\/uploads\/2014\/10\/slike-hadzija-medina-7.jpg\",\"contentUrl\":\"https:\/\/sandzakpress.net\/arhiva\/wp-content\/uploads\/2014\/10\/slike-hadzija-medina-7.jpg\",\"width\":1000,\"height\":750},{\"@type\":\"BreadcrumbList\",\"@id\":\"https:\/\/sandzakpress.net\/arhiva\/%3Fp%3D112889\/#breadcrumb\",\"itemListElement\":[{\"@type\":\"ListItem\",\"position\":1,\"name\":\"Home\",\"item\":\"https:\/\/sandzakpress.net\/arhiva\/\"},{\"@type\":\"ListItem\",\"position\":2,\"name\":\"Sand\u017ea\u010dke had\u017eije doputovale u Medinu\"}]},{\"@type\":\"WebSite\",\"@id\":\"https:\/\/sandzakpress.net\/arhiva\/#website\",\"url\":\"https:\/\/sandzakpress.net\/arhiva\/\",\"name\":\"Sand\u017eak PRESS\",\"description\":\"Prve elektronske novine u Sand\u017eaku\",\"publisher\":{\"@id\":\"https:\/\/sandzakpress.net\/arhiva\/#\/schema\/person\/6e72b67d6e51910a1117b3b483ba20bd\"},\"potentialAction\":[{\"@type\":\"SearchAction\",\"target\":{\"@type\":\"EntryPoint\",\"urlTemplate\":\"https:\/\/sandzakpress.net\/arhiva\/?s={search_term_string}\"},\"query-input\":{\"@type\":\"PropertyValueSpecification\",\"valueRequired\":true,\"valueName\":\"search_term_string\"}}],\"inLanguage\":\"bs-BA\"},{\"@type\":[\"Person\",\"Organization\"],\"@id\":\"https:\/\/sandzakpress.net\/arhiva\/#\/schema\/person\/6e72b67d6e51910a1117b3b483ba20bd\",\"name\":\"Kul\",\"image\":{\"@type\":\"ImageObject\",\"inLanguage\":\"bs-BA\",\"@id\":\"https:\/\/sandzakpress.net\/arhiva\/#\/schema\/person\/image\/\",\"url\":\"https:\/\/secure.gravatar.com\/avatar\/42263f39aa27ac04c43cab85c280eb2e?s=96&d=mm&r=pg\",\"contentUrl\":\"https:\/\/secure.gravatar.com\/avatar\/42263f39aa27ac04c43cab85c280eb2e?s=96&d=mm&r=pg\",\"caption\":\"Kul\"},\"logo\":{\"@id\":\"https:\/\/sandzakpress.net\/arhiva\/#\/schema\/person\/image\/\"}},{\"@type\":\"Person\",\"@id\":\"https:\/\/sandzakpress.net\/arhiva\/#\/schema\/person\/c8baee722073534b583ea7bdb2e36c02\",\"name\":\"bosniak\",\"image\":{\"@type\":\"ImageObject\",\"inLanguage\":\"bs-BA\",\"@id\":\"https:\/\/sandzakpress.net\/arhiva\/#\/schema\/person\/image\/\",\"url\":\"https:\/\/secure.gravatar.com\/avatar\/a04fd330bfe3a36a72a0ad4a6d89fca7?s=96&d=mm&r=pg\",\"contentUrl\":\"https:\/\/secure.gravatar.com\/avatar\/a04fd330bfe3a36a72a0ad4a6d89fca7?s=96&d=mm&r=pg\",\"caption\":\"bosniak\"},\"url\":\"https:\/\/sandzakpress.net\/arhiva\/author\/bosniak\/\"}]}<\/script>\n<!-- \/ Yoast SEO Premium plugin. -->","yoast_head_json":{"title":"Sand\u017ea\u010dke had\u017eije doputovale u Medinu","robots":{"index":"index","follow":"follow","max-snippet":"max-snippet:-1","max-image-preview":"max-image-preview:large","max-video-preview":"max-video-preview:-1"},"canonical":"https:\/\/sandzakpress.net\/arhiva\/?p=112889\/","og_locale":"bs_BA","og_type":"article","og_title":"Sand\u017ea\u010dke had\u017eije doputovale u Medinu","og_description":"Medina &#8211; U srijedu, 08.09.2014. godine u ve\u010dernjim satima, grupa od 129 had\u017eija, koji su ove godine u organizaciji Me\u0161ihata IZ-e obavili obrede had\u017ea i umre u Mekki, doputovala je u grad Allahovog Poslanika a.s., tj. u Medinu-Tajjibu. Prvog dana boravka u Medini had\u017eije su imale priliku obavljati namaze u d\u017eamiji Poslanika a.s., u kojoj [&hellip;]","og_url":"https:\/\/sandzakpress.net\/arhiva\/?p=112889\/","og_site_name":"Sand\u017eak PRESS","article_published_time":"2014-10-10T09:04:02+00:00","og_image":[{"width":1000,"height":750,"url":"https:\/\/sandzakpress.net\/arhiva\/wp-content\/uploads\/2014\/10\/slike-hadzija-medina-7.jpg","type":"image\/jpeg"}],"author":"bosniak","twitter_card":"summary_large_image","twitter_misc":{"Written by":"bosniak","Est. reading time":"2 minute"},"schema":{"@context":"https:\/\/schema.org","@graph":[{"@type":"Article","@id":"https:\/\/sandzakpress.net\/arhiva\/%3Fp%3D112889\/#article","isPartOf":{"@id":"https:\/\/sandzakpress.net\/arhiva\/%3Fp%3D112889\/"},"author":{"name":"bosniak","@id":"https:\/\/sandzakpress.net\/arhiva\/#\/schema\/person\/c8baee722073534b583ea7bdb2e36c02"},"headline":"Sand\u017ea\u010dke had\u017eije doputovale u Medinu","datePublished":"2014-10-10T09:04:02+00:00","mainEntityOfPage":{"@id":"https:\/\/sandzakpress.net\/arhiva\/%3Fp%3D112889\/"},"wordCount":468,"commentCount":0,"publisher":{"@id":"https:\/\/sandzakpress.net\/arhiva\/#\/schema\/person\/6e72b67d6e51910a1117b3b483ba20bd"},"image":{"@id":"https:\/\/sandzakpress.net\/arhiva\/%3Fp%3D112889\/#primaryimage"},"thumbnailUrl":"https:\/\/sandzakpress.net\/arhiva\/wp-content\/uploads\/2014\/10\/slike-hadzija-medina-7.jpg","keywords":["Islamska zajednica"],"articleSection":["Novi Pazar","Sjenica","Tutin","Islamska zajednica","VIJESTI DANA"],"inLanguage":"bs-BA","potentialAction":[{"@type":"CommentAction","name":"Comment","target":["https:\/\/sandzakpress.net\/arhiva\/%3Fp%3D112889\/#respond"]}]},{"@type":"WebPage","@id":"https:\/\/sandzakpress.net\/arhiva\/%3Fp%3D112889\/","url":"https:\/\/sandzakpress.net\/arhiva\/%3Fp%3D112889\/","name":"Sand\u017ea\u010dke had\u017eije doputovale u Medinu","isPartOf":{"@id":"https:\/\/sandzakpress.net\/arhiva\/#website"},"primaryImageOfPage":{"@id":"https:\/\/sandzakpress.net\/arhiva\/%3Fp%3D112889\/#primaryimage"},"image":{"@id":"https:\/\/sandzakpress.net\/arhiva\/%3Fp%3D112889\/#primaryimage"},"thumbnailUrl":"https:\/\/sandzakpress.net\/arhiva\/wp-content\/uploads\/2014\/10\/slike-hadzija-medina-7.jpg","datePublished":"2014-10-10T09:04:02+00:00","breadcrumb":{"@id":"https:\/\/sandzakpress.net\/arhiva\/%3Fp%3D112889\/#breadcrumb"},"inLanguage":"bs-BA","potentialAction":[{"@type":"ReadAction","target":["https:\/\/sandzakpress.net\/arhiva\/%3Fp%3D112889\/"]}]},{"@type":"ImageObject","inLanguage":"bs-BA","@id":"https:\/\/sandzakpress.net\/arhiva\/%3Fp%3D112889\/#primaryimage","url":"https:\/\/sandzakpress.net\/arhiva\/wp-content\/uploads\/2014\/10\/slike-hadzija-medina-7.jpg","contentUrl":"https:\/\/sandzakpress.net\/arhiva\/wp-content\/uploads\/2014\/10\/slike-hadzija-medina-7.jpg","width":1000,"height":750},{"@type":"BreadcrumbList","@id":"https:\/\/sandzakpress.net\/arhiva\/%3Fp%3D112889\/#breadcrumb","itemListElement":[{"@type":"ListItem","position":1,"name":"Home","item":"https:\/\/sandzakpress.net\/arhiva\/"},{"@type":"ListItem","position":2,"name":"Sand\u017ea\u010dke had\u017eije doputovale u Medinu"}]},{"@type":"WebSite","@id":"https:\/\/sandzakpress.net\/arhiva\/#website","url":"https:\/\/sandzakpress.net\/arhiva\/","name":"Sand\u017eak PRESS","description":"Prve elektronske novine u Sand\u017eaku","publisher":{"@id":"https:\/\/sandzakpress.net\/arhiva\/#\/schema\/person\/6e72b67d6e51910a1117b3b483ba20bd"},"potentialAction":[{"@type":"SearchAction","target":{"@type":"EntryPoint","urlTemplate":"https:\/\/sandzakpress.net\/arhiva\/?s={search_term_string}"},"query-input":{"@type":"PropertyValueSpecification","valueRequired":true,"valueName":"search_term_string"}}],"inLanguage":"bs-BA"},{"@type":["Person","Organization"],"@id":"https:\/\/sandzakpress.net\/arhiva\/#\/schema\/person\/6e72b67d6e51910a1117b3b483ba20bd","name":"Kul","image":{"@type":"ImageObject","inLanguage":"bs-BA","@id":"https:\/\/sandzakpress.net\/arhiva\/#\/schema\/person\/image\/","url":"https:\/\/secure.gravatar.com\/avatar\/42263f39aa27ac04c43cab85c280eb2e?s=96&d=mm&r=pg","contentUrl":"https:\/\/secure.gravatar.com\/avatar\/42263f39aa27ac04c43cab85c280eb2e?s=96&d=mm&r=pg","caption":"Kul"},"logo":{"@id":"https:\/\/sandzakpress.net\/arhiva\/#\/schema\/person\/image\/"}},{"@type":"Person","@id":"https:\/\/sandzakpress.net\/arhiva\/#\/schema\/person\/c8baee722073534b583ea7bdb2e36c02","name":"bosniak","image":{"@type":"ImageObject","inLanguage":"bs-BA","@id":"https:\/\/sandzakpress.net\/arhiva\/#\/schema\/person\/image\/","url":"https:\/\/secure.gravatar.com\/avatar\/a04fd330bfe3a36a72a0ad4a6d89fca7?s=96&d=mm&r=pg","contentUrl":"https:\/\/secure.gravatar.com\/avatar\/a04fd330bfe3a36a72a0ad4a6d89fca7?s=96&d=mm&r=pg","caption":"bosniak"},"url":"https:\/\/sandzakpress.net\/arhiva\/author\/bosniak\/"}]}},"_links":{"self":[{"href":"https:\/\/sandzakpress.net\/arhiva\/wp-json\/wp\/v2\/posts\/112889"}],"collection":[{"href":"https:\/\/sandzakpress.net\/arhiva\/wp-json\/wp\/v2\/posts"}],"about":[{"href":"https:\/\/sandzakpress.net\/arhiva\/wp-json\/wp\/v2\/types\/post"}],"author":[{"embeddable":true,"href":"https:\/\/sandzakpress.net\/arhiva\/wp-json\/wp\/v2\/users\/83"}],"replies":[{"embeddable":true,"href":"https:\/\/sandzakpress.net\/arhiva\/wp-json\/wp\/v2\/comments?post=112889"}],"version-history":[{"count":0,"href":"https:\/\/sandzakpress.net\/arhiva\/wp-json\/wp\/v2\/posts\/112889\/revisions"}],"wp:featuredmedia":[{"embeddable":true,"href":"https:\/\/sandzakpress.net\/arhiva\/wp-json\/wp\/v2\/media\/112890"}],"wp:attachment":[{"href":"https:\/\/sandzakpress.net\/arhiva\/wp-json\/wp\/v2\/media?parent=112889"}],"wp:term":[{"taxonomy":"category","embeddable":true,"href":"https:\/\/sandzakpress.net\/arhiva\/wp-json\/wp\/v2\/categories?post=112889"},{"taxonomy":"post_tag","embeddable":true,"href":"https:\/\/sandzakpress.net\/arhiva\/wp-json\/wp\/v2\/tags?post=112889"}],"curies":[{"name":"wp","href":"https:\/\/api.w.org\/{rel}","templated":true}]}}