{"id":112867,"date":"2014-10-09T20:57:05","date_gmt":"2014-10-09T18:57:05","guid":{"rendered":"https:\/\/sandzakpress.net\/arhiva\/?p=112867"},"modified":"2014-10-09T20:57:05","modified_gmt":"2014-10-09T18:57:05","slug":"dzihadisti-zauzeli-vise-od-trecne-kurdskog-grada","status":"publish","type":"post","link":"https:\/\/sandzakpress.net\/arhiva\/dzihadisti-zauzeli-vise-od-trecne-kurdskog-grada\/","title":{"rendered":"D\u017eihadisti zauzeli vi\u0161e od tre\u0107ne kurdskog grada"},"content":{"rendered":"<p><strong><span style=\"color: #000000;\"><a href=\"https:\/\/sandzakpress.net\/arhiva\/wp-content\/uploads\/2014\/10\/ce573cc5844b20119ebd96df2debf04d445c700e_preview.jpg\"><img loading=\"lazy\" decoding=\"async\" class=\"aligncenter size-full wp-image-112881\" src=\"https:\/\/sandzakpress.net\/arhiva\/wp-content\/uploads\/2014\/10\/ce573cc5844b20119ebd96df2debf04d445c700e_preview.jpg\" alt=\"ce573cc5844b20119ebd96df2debf04d445c700e_preview\" width=\"640\" height=\"360\" srcset=\"https:\/\/sandzakpress.net\/arhiva\/wp-content\/uploads\/2014\/10\/ce573cc5844b20119ebd96df2debf04d445c700e_preview.jpg 640w, https:\/\/sandzakpress.net\/arhiva\/wp-content\/uploads\/2014\/10\/ce573cc5844b20119ebd96df2debf04d445c700e_preview-616x346.jpg 616w\" sizes=\"(max-width: 640px) 100vw, 640px\" \/><\/a><a href=\"https:\/\/sandzakpress.net\/arhiva\/wp-content\/uploads\/2014\/10\/kobani-bombardovanje1.jpg\"><br \/>\n<\/a>Sirija &#8211; D\u017eihadisti Islamske dr\u017eave dr\u017ee pod kontrolom vi\u0161e od tre\u0107ne Ain al-Araba (Kobane), kurdskog grada nedaleko od sirijsko-turske granice, saop\u0161tila je u \u010detvrtak sirijska Opservatorija za ljudska prava.<\/span><\/strong><\/p>\n<p><span style=\"color: #000000;\">&#8220;Uprkos \u017eestokom otporu kurdskih snaga, snage Islamske dr\u017eave su napredovale i zauzele vi\u0161e od tre\u0107ine Kobanea&#8221;, rekao je direktor opozicione Opservatorije Rami Abdel Rahman.<\/span><\/p>\n<p><span style=\"color: #000000;\">Sukobi ekstremista Islamske dr\u017eave i kurdskih boraca oko Kobanea vode se od ponedeljka. Borbeni avioni medjunarodne koalicije predvodjene SAD gadjali su u vi\u0161e navrata polo\u017eaje Islamske dr\u017eave.<\/span><\/p>\n<p><span style=\"color: #000000;\">Portparol Pentagona D\u017eon Kirbi upozorio je, medjutim, da vazdu\u0161ni napadi mo\u017eda nisu dovoljni da bi se sa\u010duvao Kobane. On je rekao da medjunarodna koalicija \u010dini sve \u0161to mo\u017ee iz vazduha da bi sprije\u010dila da d\u017eihadisti zauzmu grad.<\/span><\/p>\n<p><span style=\"color: #000000;\">Sirijska Opservatorija za ljudska prava saop\u0161tila je da je u tim sukobima do sada bilo 30 mrtvih, ali se navodi da to nije kona\u010dni izvje\u0161taj.<\/span><\/p>\n<p>(naslovi)<\/p>\n","protected":false},"excerpt":{"rendered":"<p>Sirija &#8211; D\u017eihadisti Islamske dr\u017eave dr\u017ee pod kontrolom vi\u0161e od tre\u0107ne Ain al-Araba (Kobane), kurdskog grada nedaleko od sirijsko-turske granice, saop\u0161tila je u \u010detvrtak sirijska Opservatorija za ljudska prava. &#8220;Uprkos \u017eestokom otporu kurdskih snaga, snage Islamske dr\u017eave su napredovale i zauzele vi\u0161e od tre\u0107ine Kobanea&#8221;, rekao je direktor opozicione Opservatorije Rami Abdel Rahman. Sukobi ekstremista [&hellip;]<\/p>\n","protected":false},"author":83,"featured_media":112881,"comment_status":"open","ping_status":"open","sticky":false,"template":"","format":"standard","meta":{"footnotes":""},"categories":[9],"tags":[10225],"class_list":{"0":"post-112867","1":"post","2":"type-post","3":"status-publish","4":"format-standard","5":"has-post-thumbnail","7":"category-svijet","8":"tag-sirija"},"yoast_head":"<!-- This site is optimized with the Yoast SEO Premium plugin v23.1 (Yoast SEO v24.9) - https:\/\/yoast.com\/wordpress\/plugins\/seo\/ -->\n<title>D\u017eihadisti zauzeli vi\u0161e od tre\u0107ne kurdskog grada<\/title>\n<meta name=\"robots\" content=\"index, follow, max-snippet:-1, max-image-preview:large, max-video-preview:-1\" \/>\n<link rel=\"canonical\" href=\"https:\/\/sandzakpress.net\/arhiva\/dzihadisti-zauzeli-vise-od-trecne-kurdskog-grada\/\" \/>\n<meta property=\"og:locale\" content=\"bs_BA\" \/>\n<meta property=\"og:type\" content=\"article\" \/>\n<meta property=\"og:title\" content=\"D\u017eihadisti zauzeli vi\u0161e od tre\u0107ne kurdskog grada\" \/>\n<meta property=\"og:description\" content=\"Sirija &#8211; D\u017eihadisti Islamske dr\u017eave dr\u017ee pod kontrolom vi\u0161e od tre\u0107ne Ain al-Araba (Kobane), kurdskog grada nedaleko od sirijsko-turske granice, saop\u0161tila je u \u010detvrtak sirijska Opservatorija za ljudska prava. &#8220;Uprkos \u017eestokom otporu kurdskih snaga, snage Islamske dr\u017eave su napredovale i zauzele vi\u0161e od tre\u0107ine Kobanea&#8221;, rekao je direktor opozicione Opservatorije Rami Abdel Rahman. Sukobi ekstremista [&hellip;]\" \/>\n<meta property=\"og:url\" content=\"https:\/\/sandzakpress.net\/arhiva\/dzihadisti-zauzeli-vise-od-trecne-kurdskog-grada\/\" \/>\n<meta property=\"og:site_name\" content=\"Sand\u017eak PRESS\" \/>\n<meta property=\"article:published_time\" content=\"2014-10-09T18:57:05+00:00\" \/>\n<meta property=\"og:image\" content=\"https:\/\/sandzakpress.net\/arhiva\/wp-content\/uploads\/2014\/10\/ce573cc5844b20119ebd96df2debf04d445c700e_preview.jpg\" \/>\n\t<meta property=\"og:image:width\" content=\"640\" \/>\n\t<meta property=\"og:image:height\" content=\"360\" \/>\n\t<meta property=\"og:image:type\" content=\"image\/jpeg\" \/>\n<meta name=\"author\" content=\"bosniak\" \/>\n<meta name=\"twitter:card\" content=\"summary_large_image\" \/>\n<meta name=\"twitter:label1\" content=\"Written by\" \/>\n\t<meta name=\"twitter:data1\" content=\"bosniak\" \/>\n\t<meta name=\"twitter:label2\" content=\"Est. reading time\" \/>\n\t<meta name=\"twitter:data2\" content=\"1 minuta\" \/>\n<script type=\"application\/ld+json\" class=\"yoast-schema-graph\">{\"@context\":\"https:\/\/schema.org\",\"@graph\":[{\"@type\":\"Article\",\"@id\":\"https:\/\/sandzakpress.net\/arhiva\/dzihadisti-zauzeli-vise-od-trecne-kurdskog-grada\/#article\",\"isPartOf\":{\"@id\":\"https:\/\/sandzakpress.net\/arhiva\/dzihadisti-zauzeli-vise-od-trecne-kurdskog-grada\/\"},\"author\":{\"name\":\"bosniak\",\"@id\":\"https:\/\/sandzakpress.net\/arhiva\/#\/schema\/person\/c8baee722073534b583ea7bdb2e36c02\"},\"headline\":\"D\u017eihadisti zauzeli vi\u0161e od tre\u0107ne kurdskog grada\",\"datePublished\":\"2014-10-09T18:57:05+00:00\",\"mainEntityOfPage\":{\"@id\":\"https:\/\/sandzakpress.net\/arhiva\/dzihadisti-zauzeli-vise-od-trecne-kurdskog-grada\/\"},\"wordCount\":175,\"commentCount\":2,\"publisher\":{\"@id\":\"https:\/\/sandzakpress.net\/arhiva\/#\/schema\/person\/6e72b67d6e51910a1117b3b483ba20bd\"},\"image\":{\"@id\":\"https:\/\/sandzakpress.net\/arhiva\/dzihadisti-zauzeli-vise-od-trecne-kurdskog-grada\/#primaryimage\"},\"thumbnailUrl\":\"https:\/\/sandzakpress.net\/arhiva\/wp-content\/uploads\/2014\/10\/ce573cc5844b20119ebd96df2debf04d445c700e_preview.jpg\",\"keywords\":[\"Sirija\"],\"articleSection\":[\"Svijet\"],\"inLanguage\":\"bs-BA\",\"potentialAction\":[{\"@type\":\"CommentAction\",\"name\":\"Comment\",\"target\":[\"https:\/\/sandzakpress.net\/arhiva\/dzihadisti-zauzeli-vise-od-trecne-kurdskog-grada\/#respond\"]}]},{\"@type\":\"WebPage\",\"@id\":\"https:\/\/sandzakpress.net\/arhiva\/dzihadisti-zauzeli-vise-od-trecne-kurdskog-grada\/\",\"url\":\"https:\/\/sandzakpress.net\/arhiva\/dzihadisti-zauzeli-vise-od-trecne-kurdskog-grada\/\",\"name\":\"D\u017eihadisti zauzeli vi\u0161e od tre\u0107ne kurdskog grada\",\"isPartOf\":{\"@id\":\"https:\/\/sandzakpress.net\/arhiva\/#website\"},\"primaryImageOfPage\":{\"@id\":\"https:\/\/sandzakpress.net\/arhiva\/dzihadisti-zauzeli-vise-od-trecne-kurdskog-grada\/#primaryimage\"},\"image\":{\"@id\":\"https:\/\/sandzakpress.net\/arhiva\/dzihadisti-zauzeli-vise-od-trecne-kurdskog-grada\/#primaryimage\"},\"thumbnailUrl\":\"https:\/\/sandzakpress.net\/arhiva\/wp-content\/uploads\/2014\/10\/ce573cc5844b20119ebd96df2debf04d445c700e_preview.jpg\",\"datePublished\":\"2014-10-09T18:57:05+00:00\",\"breadcrumb\":{\"@id\":\"https:\/\/sandzakpress.net\/arhiva\/dzihadisti-zauzeli-vise-od-trecne-kurdskog-grada\/#breadcrumb\"},\"inLanguage\":\"bs-BA\",\"potentialAction\":[{\"@type\":\"ReadAction\",\"target\":[\"https:\/\/sandzakpress.net\/arhiva\/dzihadisti-zauzeli-vise-od-trecne-kurdskog-grada\/\"]}]},{\"@type\":\"ImageObject\",\"inLanguage\":\"bs-BA\",\"@id\":\"https:\/\/sandzakpress.net\/arhiva\/dzihadisti-zauzeli-vise-od-trecne-kurdskog-grada\/#primaryimage\",\"url\":\"https:\/\/sandzakpress.net\/arhiva\/wp-content\/uploads\/2014\/10\/ce573cc5844b20119ebd96df2debf04d445c700e_preview.jpg\",\"contentUrl\":\"https:\/\/sandzakpress.net\/arhiva\/wp-content\/uploads\/2014\/10\/ce573cc5844b20119ebd96df2debf04d445c700e_preview.jpg\",\"width\":640,\"height\":360},{\"@type\":\"BreadcrumbList\",\"@id\":\"https:\/\/sandzakpress.net\/arhiva\/dzihadisti-zauzeli-vise-od-trecne-kurdskog-grada\/#breadcrumb\",\"itemListElement\":[{\"@type\":\"ListItem\",\"position\":1,\"name\":\"Home\",\"item\":\"https:\/\/sandzakpress.net\/arhiva\/\"},{\"@type\":\"ListItem\",\"position\":2,\"name\":\"D\u017eihadisti zauzeli vi\u0161e od tre\u0107ne kurdskog grada\"}]},{\"@type\":\"WebSite\",\"@id\":\"https:\/\/sandzakpress.net\/arhiva\/#website\",\"url\":\"https:\/\/sandzakpress.net\/arhiva\/\",\"name\":\"Sand\u017eak PRESS\",\"description\":\"Prve elektronske novine u Sand\u017eaku\",\"publisher\":{\"@id\":\"https:\/\/sandzakpress.net\/arhiva\/#\/schema\/person\/6e72b67d6e51910a1117b3b483ba20bd\"},\"potentialAction\":[{\"@type\":\"SearchAction\",\"target\":{\"@type\":\"EntryPoint\",\"urlTemplate\":\"https:\/\/sandzakpress.net\/arhiva\/?s={search_term_string}\"},\"query-input\":{\"@type\":\"PropertyValueSpecification\",\"valueRequired\":true,\"valueName\":\"search_term_string\"}}],\"inLanguage\":\"bs-BA\"},{\"@type\":[\"Person\",\"Organization\"],\"@id\":\"https:\/\/sandzakpress.net\/arhiva\/#\/schema\/person\/6e72b67d6e51910a1117b3b483ba20bd\",\"name\":\"Kul\",\"image\":{\"@type\":\"ImageObject\",\"inLanguage\":\"bs-BA\",\"@id\":\"https:\/\/sandzakpress.net\/arhiva\/#\/schema\/person\/image\/\",\"url\":\"https:\/\/secure.gravatar.com\/avatar\/42263f39aa27ac04c43cab85c280eb2e?s=96&d=mm&r=pg\",\"contentUrl\":\"https:\/\/secure.gravatar.com\/avatar\/42263f39aa27ac04c43cab85c280eb2e?s=96&d=mm&r=pg\",\"caption\":\"Kul\"},\"logo\":{\"@id\":\"https:\/\/sandzakpress.net\/arhiva\/#\/schema\/person\/image\/\"}},{\"@type\":\"Person\",\"@id\":\"https:\/\/sandzakpress.net\/arhiva\/#\/schema\/person\/c8baee722073534b583ea7bdb2e36c02\",\"name\":\"bosniak\",\"image\":{\"@type\":\"ImageObject\",\"inLanguage\":\"bs-BA\",\"@id\":\"https:\/\/sandzakpress.net\/arhiva\/#\/schema\/person\/image\/\",\"url\":\"https:\/\/secure.gravatar.com\/avatar\/a04fd330bfe3a36a72a0ad4a6d89fca7?s=96&d=mm&r=pg\",\"contentUrl\":\"https:\/\/secure.gravatar.com\/avatar\/a04fd330bfe3a36a72a0ad4a6d89fca7?s=96&d=mm&r=pg\",\"caption\":\"bosniak\"},\"url\":\"https:\/\/sandzakpress.net\/arhiva\/author\/bosniak\/\"}]}<\/script>\n<!-- \/ Yoast SEO Premium plugin. -->","yoast_head_json":{"title":"D\u017eihadisti zauzeli vi\u0161e od tre\u0107ne kurdskog grada","robots":{"index":"index","follow":"follow","max-snippet":"max-snippet:-1","max-image-preview":"max-image-preview:large","max-video-preview":"max-video-preview:-1"},"canonical":"https:\/\/sandzakpress.net\/arhiva\/dzihadisti-zauzeli-vise-od-trecne-kurdskog-grada\/","og_locale":"bs_BA","og_type":"article","og_title":"D\u017eihadisti zauzeli vi\u0161e od tre\u0107ne kurdskog grada","og_description":"Sirija &#8211; D\u017eihadisti Islamske dr\u017eave dr\u017ee pod kontrolom vi\u0161e od tre\u0107ne Ain al-Araba (Kobane), kurdskog grada nedaleko od sirijsko-turske granice, saop\u0161tila je u \u010detvrtak sirijska Opservatorija za ljudska prava. &#8220;Uprkos \u017eestokom otporu kurdskih snaga, snage Islamske dr\u017eave su napredovale i zauzele vi\u0161e od tre\u0107ine Kobanea&#8221;, rekao je direktor opozicione Opservatorije Rami Abdel Rahman. Sukobi ekstremista [&hellip;]","og_url":"https:\/\/sandzakpress.net\/arhiva\/dzihadisti-zauzeli-vise-od-trecne-kurdskog-grada\/","og_site_name":"Sand\u017eak PRESS","article_published_time":"2014-10-09T18:57:05+00:00","og_image":[{"width":640,"height":360,"url":"https:\/\/sandzakpress.net\/arhiva\/wp-content\/uploads\/2014\/10\/ce573cc5844b20119ebd96df2debf04d445c700e_preview.jpg","type":"image\/jpeg"}],"author":"bosniak","twitter_card":"summary_large_image","twitter_misc":{"Written by":"bosniak","Est. reading time":"1 minuta"},"schema":{"@context":"https:\/\/schema.org","@graph":[{"@type":"Article","@id":"https:\/\/sandzakpress.net\/arhiva\/dzihadisti-zauzeli-vise-od-trecne-kurdskog-grada\/#article","isPartOf":{"@id":"https:\/\/sandzakpress.net\/arhiva\/dzihadisti-zauzeli-vise-od-trecne-kurdskog-grada\/"},"author":{"name":"bosniak","@id":"https:\/\/sandzakpress.net\/arhiva\/#\/schema\/person\/c8baee722073534b583ea7bdb2e36c02"},"headline":"D\u017eihadisti zauzeli vi\u0161e od tre\u0107ne kurdskog grada","datePublished":"2014-10-09T18:57:05+00:00","mainEntityOfPage":{"@id":"https:\/\/sandzakpress.net\/arhiva\/dzihadisti-zauzeli-vise-od-trecne-kurdskog-grada\/"},"wordCount":175,"commentCount":2,"publisher":{"@id":"https:\/\/sandzakpress.net\/arhiva\/#\/schema\/person\/6e72b67d6e51910a1117b3b483ba20bd"},"image":{"@id":"https:\/\/sandzakpress.net\/arhiva\/dzihadisti-zauzeli-vise-od-trecne-kurdskog-grada\/#primaryimage"},"thumbnailUrl":"https:\/\/sandzakpress.net\/arhiva\/wp-content\/uploads\/2014\/10\/ce573cc5844b20119ebd96df2debf04d445c700e_preview.jpg","keywords":["Sirija"],"articleSection":["Svijet"],"inLanguage":"bs-BA","potentialAction":[{"@type":"CommentAction","name":"Comment","target":["https:\/\/sandzakpress.net\/arhiva\/dzihadisti-zauzeli-vise-od-trecne-kurdskog-grada\/#respond"]}]},{"@type":"WebPage","@id":"https:\/\/sandzakpress.net\/arhiva\/dzihadisti-zauzeli-vise-od-trecne-kurdskog-grada\/","url":"https:\/\/sandzakpress.net\/arhiva\/dzihadisti-zauzeli-vise-od-trecne-kurdskog-grada\/","name":"D\u017eihadisti zauzeli vi\u0161e od tre\u0107ne kurdskog grada","isPartOf":{"@id":"https:\/\/sandzakpress.net\/arhiva\/#website"},"primaryImageOfPage":{"@id":"https:\/\/sandzakpress.net\/arhiva\/dzihadisti-zauzeli-vise-od-trecne-kurdskog-grada\/#primaryimage"},"image":{"@id":"https:\/\/sandzakpress.net\/arhiva\/dzihadisti-zauzeli-vise-od-trecne-kurdskog-grada\/#primaryimage"},"thumbnailUrl":"https:\/\/sandzakpress.net\/arhiva\/wp-content\/uploads\/2014\/10\/ce573cc5844b20119ebd96df2debf04d445c700e_preview.jpg","datePublished":"2014-10-09T18:57:05+00:00","breadcrumb":{"@id":"https:\/\/sandzakpress.net\/arhiva\/dzihadisti-zauzeli-vise-od-trecne-kurdskog-grada\/#breadcrumb"},"inLanguage":"bs-BA","potentialAction":[{"@type":"ReadAction","target":["https:\/\/sandzakpress.net\/arhiva\/dzihadisti-zauzeli-vise-od-trecne-kurdskog-grada\/"]}]},{"@type":"ImageObject","inLanguage":"bs-BA","@id":"https:\/\/sandzakpress.net\/arhiva\/dzihadisti-zauzeli-vise-od-trecne-kurdskog-grada\/#primaryimage","url":"https:\/\/sandzakpress.net\/arhiva\/wp-content\/uploads\/2014\/10\/ce573cc5844b20119ebd96df2debf04d445c700e_preview.jpg","contentUrl":"https:\/\/sandzakpress.net\/arhiva\/wp-content\/uploads\/2014\/10\/ce573cc5844b20119ebd96df2debf04d445c700e_preview.jpg","width":640,"height":360},{"@type":"BreadcrumbList","@id":"https:\/\/sandzakpress.net\/arhiva\/dzihadisti-zauzeli-vise-od-trecne-kurdskog-grada\/#breadcrumb","itemListElement":[{"@type":"ListItem","position":1,"name":"Home","item":"https:\/\/sandzakpress.net\/arhiva\/"},{"@type":"ListItem","position":2,"name":"D\u017eihadisti zauzeli vi\u0161e od tre\u0107ne kurdskog grada"}]},{"@type":"WebSite","@id":"https:\/\/sandzakpress.net\/arhiva\/#website","url":"https:\/\/sandzakpress.net\/arhiva\/","name":"Sand\u017eak PRESS","description":"Prve elektronske novine u Sand\u017eaku","publisher":{"@id":"https:\/\/sandzakpress.net\/arhiva\/#\/schema\/person\/6e72b67d6e51910a1117b3b483ba20bd"},"potentialAction":[{"@type":"SearchAction","target":{"@type":"EntryPoint","urlTemplate":"https:\/\/sandzakpress.net\/arhiva\/?s={search_term_string}"},"query-input":{"@type":"PropertyValueSpecification","valueRequired":true,"valueName":"search_term_string"}}],"inLanguage":"bs-BA"},{"@type":["Person","Organization"],"@id":"https:\/\/sandzakpress.net\/arhiva\/#\/schema\/person\/6e72b67d6e51910a1117b3b483ba20bd","name":"Kul","image":{"@type":"ImageObject","inLanguage":"bs-BA","@id":"https:\/\/sandzakpress.net\/arhiva\/#\/schema\/person\/image\/","url":"https:\/\/secure.gravatar.com\/avatar\/42263f39aa27ac04c43cab85c280eb2e?s=96&d=mm&r=pg","contentUrl":"https:\/\/secure.gravatar.com\/avatar\/42263f39aa27ac04c43cab85c280eb2e?s=96&d=mm&r=pg","caption":"Kul"},"logo":{"@id":"https:\/\/sandzakpress.net\/arhiva\/#\/schema\/person\/image\/"}},{"@type":"Person","@id":"https:\/\/sandzakpress.net\/arhiva\/#\/schema\/person\/c8baee722073534b583ea7bdb2e36c02","name":"bosniak","image":{"@type":"ImageObject","inLanguage":"bs-BA","@id":"https:\/\/sandzakpress.net\/arhiva\/#\/schema\/person\/image\/","url":"https:\/\/secure.gravatar.com\/avatar\/a04fd330bfe3a36a72a0ad4a6d89fca7?s=96&d=mm&r=pg","contentUrl":"https:\/\/secure.gravatar.com\/avatar\/a04fd330bfe3a36a72a0ad4a6d89fca7?s=96&d=mm&r=pg","caption":"bosniak"},"url":"https:\/\/sandzakpress.net\/arhiva\/author\/bosniak\/"}]}},"_links":{"self":[{"href":"https:\/\/sandzakpress.net\/arhiva\/wp-json\/wp\/v2\/posts\/112867"}],"collection":[{"href":"https:\/\/sandzakpress.net\/arhiva\/wp-json\/wp\/v2\/posts"}],"about":[{"href":"https:\/\/sandzakpress.net\/arhiva\/wp-json\/wp\/v2\/types\/post"}],"author":[{"embeddable":true,"href":"https:\/\/sandzakpress.net\/arhiva\/wp-json\/wp\/v2\/users\/83"}],"replies":[{"embeddable":true,"href":"https:\/\/sandzakpress.net\/arhiva\/wp-json\/wp\/v2\/comments?post=112867"}],"version-history":[{"count":0,"href":"https:\/\/sandzakpress.net\/arhiva\/wp-json\/wp\/v2\/posts\/112867\/revisions"}],"wp:featuredmedia":[{"embeddable":true,"href":"https:\/\/sandzakpress.net\/arhiva\/wp-json\/wp\/v2\/media\/112881"}],"wp:attachment":[{"href":"https:\/\/sandzakpress.net\/arhiva\/wp-json\/wp\/v2\/media?parent=112867"}],"wp:term":[{"taxonomy":"category","embeddable":true,"href":"https:\/\/sandzakpress.net\/arhiva\/wp-json\/wp\/v2\/categories?post=112867"},{"taxonomy":"post_tag","embeddable":true,"href":"https:\/\/sandzakpress.net\/arhiva\/wp-json\/wp\/v2\/tags?post=112867"}],"curies":[{"name":"wp","href":"https:\/\/api.w.org\/{rel}","templated":true}]}}