{"id":112859,"date":"2014-10-09T20:46:11","date_gmt":"2014-10-09T18:46:11","guid":{"rendered":"https:\/\/sandzakpress.net\/arhiva\/?p=112859"},"modified":"2014-10-09T20:46:11","modified_gmt":"2014-10-09T18:46:11","slug":"plav-nestaje-cuveno-lednicko-jezero","status":"publish","type":"post","link":"https:\/\/sandzakpress.net\/arhiva\/plav-nestaje-cuveno-lednicko-jezero\/","title":{"rendered":"Plav: Nestaje \u010duveno ledni\u010dko jezero"},"content":{"rendered":"<p><strong><a href=\"https:\/\/sandzakpress.net\/arhiva\/wp-content\/uploads\/2014\/10\/reg-plav.jpg\"><img loading=\"lazy\" decoding=\"async\" class=\"aligncenter size-full wp-image-112873\" src=\"https:\/\/sandzakpress.net\/arhiva\/wp-content\/uploads\/2014\/10\/reg-plav.jpg\" alt=\"reg-plav\" width=\"800\" height=\"534\" srcset=\"https:\/\/sandzakpress.net\/arhiva\/wp-content\/uploads\/2014\/10\/reg-plav.jpg 800w, https:\/\/sandzakpress.net\/arhiva\/wp-content\/uploads\/2014\/10\/reg-plav-616x411.jpg 616w\" sizes=\"(max-width: 800px) 100vw, 800px\" \/><\/a>Plav &#8211;\u00a0Da li je mogu\u0107e da je jezero postalo ovako malo? Ili sam ja za 15 godina izrastao toliko da mi se ono nekako smanjilo? Ovo se letos pitao jedan Plavljanin, koji deceniju i po nije bio u zavi\u010daju. \u010covek je zanemeo pred prizorom koji je ugledao na \u010duvenom ledni\u010dkom jezeru ugne\u017e\u0111enom izme\u0111u Prokletija i Visitora, a koje je pre pet decenija privla\u010dilo vi\u0161e turista nego Budva.<\/strong><\/p>\n<p style=\"color: #555555;\"><span style=\"color: #000000;\">&#8211; Jezero nestaje. Ubrzano. Alah ili Bog ga je darivao, ra\u010dunaju\u0107i da \u0107emo biti svesni vrijednosti takvog dragulja. Vide\u0107i da je napravio \u201egre\u0161ku\u201c, sada ga oduzima.<\/span><\/p>\n<p style=\"color: #555555;\"><span style=\"color: rgb(0, 0, 0);\">Ovako pri\u010da akademski slikar, prosvetni radnik i biv\u0161i politi\u010dar Ibrahim Rekovi\u0107. Vredni hroni\u010dar Plava, koji svakog jutra, \u010dim otvori o\u010di, baci pogled na jezero. Odlu\u010dio je da uputi jo\u0161 jedan vapaj za njegovu za\u0161titu. Za argument da ono nestaje, kako ga prekrivaju i \u201ejedu\u201c pijesak i \u0161a\u0161, pokazuju fotografije snimljene prije 15 godina, ali i one od pre nekoliko dana na istom mjestu.<\/span><\/p>\n<p style=\"color: #555555;\"><span style=\"color: rgb(0, 0, 0);\">&#8211; Na seriji starih fotografija, na samom po\u010detku splava za sun\u010danje kupa\u010da vidi se pli\u0107ak sa \u010distom i bistrom vodom, pogodnom za djecu i njihovo bezbri\u017eno br\u010dkanje i u\u010denje plivanja. Na\u017ealost, toga vi\u0161e nema. Trska i lokvanji su taj deo i skoro do pola \u201esplava\u201c u potpunosti prekrili. Voda je sve pli\u0107a i mutnija. Trava, \u0161evar i drugo barsko bilje napreduju velikom brzinom i otimaju nam, bez ikakvog otpora, ono po \u010demu su Plav i Crna Gora prepoznatljivi. Svjestan sam mogu\u0107nosti Op\u0161tine Plav, ali ne i zatvaranja o\u010diju i u\u0161iju ministarstava, Zavoda za za\u0161titu prirode, kao i nevladinih organizacija na apele i zahtjeve, koji dolaze iz na\u0161e op\u0161tine da se zaustavi dalje nestajanje jezera, dok je jo\u0161 to mogu\u0107e &#8211; ka\u017ee Rekovi\u0107.<\/span><\/p>\n<p style=\"color: #555555;\"><span style=\"color: rgb(0, 0, 0);\">Plavsko jezero predstavlja izuzetnu prirodnu i turisti\u010dku vrednost i mora da ima poseban re\u017eim za\u0161tite. Neophodno je preduzeti mere sanacije erozivnih procesa u slivu, spre\u010davanja nekontrolisanog razvoja hidrofilne vegetacije, neravnomerno oticanje voda Limom&#8230; Re\u0161enje bi trebalo tra\u017eiti u osmi\u0161ljavanju projekta kojim bi se konkurisalo kod SIZ nau\u010dne djelatnosti SR Crne Gore radi obezbe\u0111enja sredstava. Nau\u010dni projekat mogu\u0107e je poveriti CANU.<\/span><\/p>\n<p style=\"color: #555555;\"><span style=\"color: rgb(0, 0, 0);\">&#8211; Ovo su bili zaklju\u010dci nau\u010dnog skupa o za\u0161titi i unapre\u0111enju plavskog dela Prokletija, odr\u017eanog krajem juna 1985. u Plavu. Tako je zaklju\u010deno pre tri decenije, uz apel da se za\u0161titi Plavsko jezero &#8211; ka\u017ee Rekovi\u0107 i dodaje: &#8211; O zna\u010daju jezera za razvoj turizma, od kojeg se ovde nekad i te kako dobro \u017eivelo, ne treba ni govoriti.<\/span><\/p>\n<p style=\"color: #555555;\"><span style=\"color: rgb(0, 0, 0);\">&#8211; Neefikasnim merama op\u0161tinskih i dr\u017eavnih inspekcijskih organa, koji nisu radili svoj posao, dopustili smo da se jezero pretvori u deponiju sme\u0107a i veliku septi\u010dku jamu, u koju se ulivaju fekalije iz Gusinja i privatnih stambenih i ekonomskih objekata, pravljenih uz samu obalu i bez potrebne dokumentacije. Slobodan sam da tvrdim da se tako ne\u0161to ne bi moglo desiti sa Crnim, Biogradskim ili nekim drugim jezerima van op\u0161tine Plav. Dru\u0161tvo bi na sva zvona diglo uzbunu. Ako je makar i trunka istine u onoj pri\u010di \u201eda svako ledni\u010dko jezero sanja da jednog dana presahne i pretvori se u livadu\u201c, ovo, jo\u0161 malo, na\u0161e jezero je na dobrom putu da odsanja san i pretvori ga u javu &#8211; ka\u017ee Rekovi\u0107.<\/span><\/p>\n<p style=\"color: #555555;\"><strong><span style=\"color: #000000;\">Ogledalo<\/span><\/strong><\/p>\n<p style=\"color: #555555;\"><span style=\"color: rgb(0, 0, 0);\">U vodama jezera, na nadmorskoj visini od 906 metara, \u201eogleda\u201c se planina ljepotica &#8211; opevani Visitor. Jezero se pru\u017ea pravcem sjever-jug u du\u017eini 2.160 metara. Prosje\u010dno je \u0161iroko oko 920 metara, a povr\u0161ina varira do tri kvadratna kilometra. Najve\u0107a dubina je vi\u0161e od deset metara. U njega se uliva rijeka Lju\u010da, koju \u010dine Grn\u010dar i Vrulja.<\/span><\/p>\n<p><span style=\"color: rgb(0, 0, 0);\">(novosti)<\/span><\/p>\n","protected":false},"excerpt":{"rendered":"<p>Plav &#8211;\u00a0Da li je mogu\u0107e da je jezero postalo ovako malo? Ili sam ja za 15 godina izrastao toliko da mi se ono nekako smanjilo? Ovo se letos pitao jedan Plavljanin, koji deceniju i po nije bio u zavi\u010daju. \u010covek je zanemeo pred prizorom koji je ugledao na \u010duvenom ledni\u010dkom jezeru ugne\u017e\u0111enom izme\u0111u Prokletija i [&hellip;]<\/p>\n","protected":false},"author":83,"featured_media":112873,"comment_status":"open","ping_status":"open","sticky":false,"template":"","format":"standard","meta":{"footnotes":""},"categories":[399,5],"tags":[],"class_list":{"0":"post-112859","1":"post","2":"type-post","3":"status-publish","4":"format-standard","5":"has-post-thumbnail","7":"category-plav_","8":"category-drustvo"},"yoast_head":"<!-- This site is optimized with the Yoast SEO Premium plugin v23.1 (Yoast SEO v24.9) - https:\/\/yoast.com\/wordpress\/plugins\/seo\/ -->\n<title>Plav: Nestaje \u010duveno ledni\u010dko jezero<\/title>\n<meta name=\"robots\" content=\"index, follow, max-snippet:-1, max-image-preview:large, max-video-preview:-1\" \/>\n<link rel=\"canonical\" href=\"https:\/\/sandzakpress.net\/arhiva\/plav-nestaje-cuveno-lednicko-jezero\/\" \/>\n<meta property=\"og:locale\" content=\"bs_BA\" \/>\n<meta property=\"og:type\" content=\"article\" \/>\n<meta property=\"og:title\" content=\"Plav: Nestaje \u010duveno ledni\u010dko jezero\" \/>\n<meta property=\"og:description\" content=\"Plav &#8211;\u00a0Da li je mogu\u0107e da je jezero postalo ovako malo? Ili sam ja za 15 godina izrastao toliko da mi se ono nekako smanjilo? Ovo se letos pitao jedan Plavljanin, koji deceniju i po nije bio u zavi\u010daju. \u010covek je zanemeo pred prizorom koji je ugledao na \u010duvenom ledni\u010dkom jezeru ugne\u017e\u0111enom izme\u0111u Prokletija i [&hellip;]\" \/>\n<meta property=\"og:url\" content=\"https:\/\/sandzakpress.net\/arhiva\/plav-nestaje-cuveno-lednicko-jezero\/\" \/>\n<meta property=\"og:site_name\" content=\"Sand\u017eak PRESS\" \/>\n<meta property=\"article:published_time\" content=\"2014-10-09T18:46:11+00:00\" \/>\n<meta property=\"og:image\" content=\"https:\/\/sandzakpress.net\/arhiva\/wp-content\/uploads\/2014\/10\/reg-plav.jpg\" \/>\n\t<meta property=\"og:image:width\" content=\"800\" \/>\n\t<meta property=\"og:image:height\" content=\"534\" \/>\n\t<meta property=\"og:image:type\" content=\"image\/jpeg\" \/>\n<meta name=\"author\" content=\"bosniak\" \/>\n<meta name=\"twitter:card\" content=\"summary_large_image\" \/>\n<meta name=\"twitter:label1\" content=\"Written by\" \/>\n\t<meta name=\"twitter:data1\" content=\"bosniak\" \/>\n\t<meta name=\"twitter:label2\" content=\"Est. reading time\" \/>\n\t<meta name=\"twitter:data2\" content=\"3 minute\" \/>\n<script type=\"application\/ld+json\" class=\"yoast-schema-graph\">{\"@context\":\"https:\/\/schema.org\",\"@graph\":[{\"@type\":\"Article\",\"@id\":\"https:\/\/sandzakpress.net\/arhiva\/plav-nestaje-cuveno-lednicko-jezero\/#article\",\"isPartOf\":{\"@id\":\"https:\/\/sandzakpress.net\/arhiva\/plav-nestaje-cuveno-lednicko-jezero\/\"},\"author\":{\"name\":\"bosniak\",\"@id\":\"https:\/\/sandzakpress.net\/arhiva\/#\/schema\/person\/c8baee722073534b583ea7bdb2e36c02\"},\"headline\":\"Plav: Nestaje \u010duveno ledni\u010dko jezero\",\"datePublished\":\"2014-10-09T18:46:11+00:00\",\"mainEntityOfPage\":{\"@id\":\"https:\/\/sandzakpress.net\/arhiva\/plav-nestaje-cuveno-lednicko-jezero\/\"},\"wordCount\":651,\"commentCount\":2,\"publisher\":{\"@id\":\"https:\/\/sandzakpress.net\/arhiva\/#\/schema\/person\/6e72b67d6e51910a1117b3b483ba20bd\"},\"image\":{\"@id\":\"https:\/\/sandzakpress.net\/arhiva\/plav-nestaje-cuveno-lednicko-jezero\/#primaryimage\"},\"thumbnailUrl\":\"https:\/\/sandzakpress.net\/arhiva\/wp-content\/uploads\/2014\/10\/reg-plav.jpg\",\"articleSection\":[\"Plav\",\"Dru\u0161tvo\"],\"inLanguage\":\"bs-BA\",\"potentialAction\":[{\"@type\":\"CommentAction\",\"name\":\"Comment\",\"target\":[\"https:\/\/sandzakpress.net\/arhiva\/plav-nestaje-cuveno-lednicko-jezero\/#respond\"]}]},{\"@type\":\"WebPage\",\"@id\":\"https:\/\/sandzakpress.net\/arhiva\/plav-nestaje-cuveno-lednicko-jezero\/\",\"url\":\"https:\/\/sandzakpress.net\/arhiva\/plav-nestaje-cuveno-lednicko-jezero\/\",\"name\":\"Plav: Nestaje \u010duveno ledni\u010dko jezero\",\"isPartOf\":{\"@id\":\"https:\/\/sandzakpress.net\/arhiva\/#website\"},\"primaryImageOfPage\":{\"@id\":\"https:\/\/sandzakpress.net\/arhiva\/plav-nestaje-cuveno-lednicko-jezero\/#primaryimage\"},\"image\":{\"@id\":\"https:\/\/sandzakpress.net\/arhiva\/plav-nestaje-cuveno-lednicko-jezero\/#primaryimage\"},\"thumbnailUrl\":\"https:\/\/sandzakpress.net\/arhiva\/wp-content\/uploads\/2014\/10\/reg-plav.jpg\",\"datePublished\":\"2014-10-09T18:46:11+00:00\",\"breadcrumb\":{\"@id\":\"https:\/\/sandzakpress.net\/arhiva\/plav-nestaje-cuveno-lednicko-jezero\/#breadcrumb\"},\"inLanguage\":\"bs-BA\",\"potentialAction\":[{\"@type\":\"ReadAction\",\"target\":[\"https:\/\/sandzakpress.net\/arhiva\/plav-nestaje-cuveno-lednicko-jezero\/\"]}]},{\"@type\":\"ImageObject\",\"inLanguage\":\"bs-BA\",\"@id\":\"https:\/\/sandzakpress.net\/arhiva\/plav-nestaje-cuveno-lednicko-jezero\/#primaryimage\",\"url\":\"https:\/\/sandzakpress.net\/arhiva\/wp-content\/uploads\/2014\/10\/reg-plav.jpg\",\"contentUrl\":\"https:\/\/sandzakpress.net\/arhiva\/wp-content\/uploads\/2014\/10\/reg-plav.jpg\",\"width\":800,\"height\":534},{\"@type\":\"BreadcrumbList\",\"@id\":\"https:\/\/sandzakpress.net\/arhiva\/plav-nestaje-cuveno-lednicko-jezero\/#breadcrumb\",\"itemListElement\":[{\"@type\":\"ListItem\",\"position\":1,\"name\":\"Home\",\"item\":\"https:\/\/sandzakpress.net\/arhiva\/\"},{\"@type\":\"ListItem\",\"position\":2,\"name\":\"Plav: Nestaje \u010duveno ledni\u010dko jezero\"}]},{\"@type\":\"WebSite\",\"@id\":\"https:\/\/sandzakpress.net\/arhiva\/#website\",\"url\":\"https:\/\/sandzakpress.net\/arhiva\/\",\"name\":\"Sand\u017eak PRESS\",\"description\":\"Prve elektronske novine u Sand\u017eaku\",\"publisher\":{\"@id\":\"https:\/\/sandzakpress.net\/arhiva\/#\/schema\/person\/6e72b67d6e51910a1117b3b483ba20bd\"},\"potentialAction\":[{\"@type\":\"SearchAction\",\"target\":{\"@type\":\"EntryPoint\",\"urlTemplate\":\"https:\/\/sandzakpress.net\/arhiva\/?s={search_term_string}\"},\"query-input\":{\"@type\":\"PropertyValueSpecification\",\"valueRequired\":true,\"valueName\":\"search_term_string\"}}],\"inLanguage\":\"bs-BA\"},{\"@type\":[\"Person\",\"Organization\"],\"@id\":\"https:\/\/sandzakpress.net\/arhiva\/#\/schema\/person\/6e72b67d6e51910a1117b3b483ba20bd\",\"name\":\"Kul\",\"image\":{\"@type\":\"ImageObject\",\"inLanguage\":\"bs-BA\",\"@id\":\"https:\/\/sandzakpress.net\/arhiva\/#\/schema\/person\/image\/\",\"url\":\"https:\/\/secure.gravatar.com\/avatar\/42263f39aa27ac04c43cab85c280eb2e?s=96&d=mm&r=pg\",\"contentUrl\":\"https:\/\/secure.gravatar.com\/avatar\/42263f39aa27ac04c43cab85c280eb2e?s=96&d=mm&r=pg\",\"caption\":\"Kul\"},\"logo\":{\"@id\":\"https:\/\/sandzakpress.net\/arhiva\/#\/schema\/person\/image\/\"}},{\"@type\":\"Person\",\"@id\":\"https:\/\/sandzakpress.net\/arhiva\/#\/schema\/person\/c8baee722073534b583ea7bdb2e36c02\",\"name\":\"bosniak\",\"image\":{\"@type\":\"ImageObject\",\"inLanguage\":\"bs-BA\",\"@id\":\"https:\/\/sandzakpress.net\/arhiva\/#\/schema\/person\/image\/\",\"url\":\"https:\/\/secure.gravatar.com\/avatar\/a04fd330bfe3a36a72a0ad4a6d89fca7?s=96&d=mm&r=pg\",\"contentUrl\":\"https:\/\/secure.gravatar.com\/avatar\/a04fd330bfe3a36a72a0ad4a6d89fca7?s=96&d=mm&r=pg\",\"caption\":\"bosniak\"},\"url\":\"https:\/\/sandzakpress.net\/arhiva\/author\/bosniak\/\"}]}<\/script>\n<!-- \/ Yoast SEO Premium plugin. -->","yoast_head_json":{"title":"Plav: Nestaje \u010duveno ledni\u010dko jezero","robots":{"index":"index","follow":"follow","max-snippet":"max-snippet:-1","max-image-preview":"max-image-preview:large","max-video-preview":"max-video-preview:-1"},"canonical":"https:\/\/sandzakpress.net\/arhiva\/plav-nestaje-cuveno-lednicko-jezero\/","og_locale":"bs_BA","og_type":"article","og_title":"Plav: Nestaje \u010duveno ledni\u010dko jezero","og_description":"Plav &#8211;\u00a0Da li je mogu\u0107e da je jezero postalo ovako malo? Ili sam ja za 15 godina izrastao toliko da mi se ono nekako smanjilo? Ovo se letos pitao jedan Plavljanin, koji deceniju i po nije bio u zavi\u010daju. \u010covek je zanemeo pred prizorom koji je ugledao na \u010duvenom ledni\u010dkom jezeru ugne\u017e\u0111enom izme\u0111u Prokletija i [&hellip;]","og_url":"https:\/\/sandzakpress.net\/arhiva\/plav-nestaje-cuveno-lednicko-jezero\/","og_site_name":"Sand\u017eak PRESS","article_published_time":"2014-10-09T18:46:11+00:00","og_image":[{"width":800,"height":534,"url":"https:\/\/sandzakpress.net\/arhiva\/wp-content\/uploads\/2014\/10\/reg-plav.jpg","type":"image\/jpeg"}],"author":"bosniak","twitter_card":"summary_large_image","twitter_misc":{"Written by":"bosniak","Est. reading time":"3 minute"},"schema":{"@context":"https:\/\/schema.org","@graph":[{"@type":"Article","@id":"https:\/\/sandzakpress.net\/arhiva\/plav-nestaje-cuveno-lednicko-jezero\/#article","isPartOf":{"@id":"https:\/\/sandzakpress.net\/arhiva\/plav-nestaje-cuveno-lednicko-jezero\/"},"author":{"name":"bosniak","@id":"https:\/\/sandzakpress.net\/arhiva\/#\/schema\/person\/c8baee722073534b583ea7bdb2e36c02"},"headline":"Plav: Nestaje \u010duveno ledni\u010dko jezero","datePublished":"2014-10-09T18:46:11+00:00","mainEntityOfPage":{"@id":"https:\/\/sandzakpress.net\/arhiva\/plav-nestaje-cuveno-lednicko-jezero\/"},"wordCount":651,"commentCount":2,"publisher":{"@id":"https:\/\/sandzakpress.net\/arhiva\/#\/schema\/person\/6e72b67d6e51910a1117b3b483ba20bd"},"image":{"@id":"https:\/\/sandzakpress.net\/arhiva\/plav-nestaje-cuveno-lednicko-jezero\/#primaryimage"},"thumbnailUrl":"https:\/\/sandzakpress.net\/arhiva\/wp-content\/uploads\/2014\/10\/reg-plav.jpg","articleSection":["Plav","Dru\u0161tvo"],"inLanguage":"bs-BA","potentialAction":[{"@type":"CommentAction","name":"Comment","target":["https:\/\/sandzakpress.net\/arhiva\/plav-nestaje-cuveno-lednicko-jezero\/#respond"]}]},{"@type":"WebPage","@id":"https:\/\/sandzakpress.net\/arhiva\/plav-nestaje-cuveno-lednicko-jezero\/","url":"https:\/\/sandzakpress.net\/arhiva\/plav-nestaje-cuveno-lednicko-jezero\/","name":"Plav: Nestaje \u010duveno ledni\u010dko jezero","isPartOf":{"@id":"https:\/\/sandzakpress.net\/arhiva\/#website"},"primaryImageOfPage":{"@id":"https:\/\/sandzakpress.net\/arhiva\/plav-nestaje-cuveno-lednicko-jezero\/#primaryimage"},"image":{"@id":"https:\/\/sandzakpress.net\/arhiva\/plav-nestaje-cuveno-lednicko-jezero\/#primaryimage"},"thumbnailUrl":"https:\/\/sandzakpress.net\/arhiva\/wp-content\/uploads\/2014\/10\/reg-plav.jpg","datePublished":"2014-10-09T18:46:11+00:00","breadcrumb":{"@id":"https:\/\/sandzakpress.net\/arhiva\/plav-nestaje-cuveno-lednicko-jezero\/#breadcrumb"},"inLanguage":"bs-BA","potentialAction":[{"@type":"ReadAction","target":["https:\/\/sandzakpress.net\/arhiva\/plav-nestaje-cuveno-lednicko-jezero\/"]}]},{"@type":"ImageObject","inLanguage":"bs-BA","@id":"https:\/\/sandzakpress.net\/arhiva\/plav-nestaje-cuveno-lednicko-jezero\/#primaryimage","url":"https:\/\/sandzakpress.net\/arhiva\/wp-content\/uploads\/2014\/10\/reg-plav.jpg","contentUrl":"https:\/\/sandzakpress.net\/arhiva\/wp-content\/uploads\/2014\/10\/reg-plav.jpg","width":800,"height":534},{"@type":"BreadcrumbList","@id":"https:\/\/sandzakpress.net\/arhiva\/plav-nestaje-cuveno-lednicko-jezero\/#breadcrumb","itemListElement":[{"@type":"ListItem","position":1,"name":"Home","item":"https:\/\/sandzakpress.net\/arhiva\/"},{"@type":"ListItem","position":2,"name":"Plav: Nestaje \u010duveno ledni\u010dko jezero"}]},{"@type":"WebSite","@id":"https:\/\/sandzakpress.net\/arhiva\/#website","url":"https:\/\/sandzakpress.net\/arhiva\/","name":"Sand\u017eak PRESS","description":"Prve elektronske novine u Sand\u017eaku","publisher":{"@id":"https:\/\/sandzakpress.net\/arhiva\/#\/schema\/person\/6e72b67d6e51910a1117b3b483ba20bd"},"potentialAction":[{"@type":"SearchAction","target":{"@type":"EntryPoint","urlTemplate":"https:\/\/sandzakpress.net\/arhiva\/?s={search_term_string}"},"query-input":{"@type":"PropertyValueSpecification","valueRequired":true,"valueName":"search_term_string"}}],"inLanguage":"bs-BA"},{"@type":["Person","Organization"],"@id":"https:\/\/sandzakpress.net\/arhiva\/#\/schema\/person\/6e72b67d6e51910a1117b3b483ba20bd","name":"Kul","image":{"@type":"ImageObject","inLanguage":"bs-BA","@id":"https:\/\/sandzakpress.net\/arhiva\/#\/schema\/person\/image\/","url":"https:\/\/secure.gravatar.com\/avatar\/42263f39aa27ac04c43cab85c280eb2e?s=96&d=mm&r=pg","contentUrl":"https:\/\/secure.gravatar.com\/avatar\/42263f39aa27ac04c43cab85c280eb2e?s=96&d=mm&r=pg","caption":"Kul"},"logo":{"@id":"https:\/\/sandzakpress.net\/arhiva\/#\/schema\/person\/image\/"}},{"@type":"Person","@id":"https:\/\/sandzakpress.net\/arhiva\/#\/schema\/person\/c8baee722073534b583ea7bdb2e36c02","name":"bosniak","image":{"@type":"ImageObject","inLanguage":"bs-BA","@id":"https:\/\/sandzakpress.net\/arhiva\/#\/schema\/person\/image\/","url":"https:\/\/secure.gravatar.com\/avatar\/a04fd330bfe3a36a72a0ad4a6d89fca7?s=96&d=mm&r=pg","contentUrl":"https:\/\/secure.gravatar.com\/avatar\/a04fd330bfe3a36a72a0ad4a6d89fca7?s=96&d=mm&r=pg","caption":"bosniak"},"url":"https:\/\/sandzakpress.net\/arhiva\/author\/bosniak\/"}]}},"_links":{"self":[{"href":"https:\/\/sandzakpress.net\/arhiva\/wp-json\/wp\/v2\/posts\/112859"}],"collection":[{"href":"https:\/\/sandzakpress.net\/arhiva\/wp-json\/wp\/v2\/posts"}],"about":[{"href":"https:\/\/sandzakpress.net\/arhiva\/wp-json\/wp\/v2\/types\/post"}],"author":[{"embeddable":true,"href":"https:\/\/sandzakpress.net\/arhiva\/wp-json\/wp\/v2\/users\/83"}],"replies":[{"embeddable":true,"href":"https:\/\/sandzakpress.net\/arhiva\/wp-json\/wp\/v2\/comments?post=112859"}],"version-history":[{"count":0,"href":"https:\/\/sandzakpress.net\/arhiva\/wp-json\/wp\/v2\/posts\/112859\/revisions"}],"wp:featuredmedia":[{"embeddable":true,"href":"https:\/\/sandzakpress.net\/arhiva\/wp-json\/wp\/v2\/media\/112873"}],"wp:attachment":[{"href":"https:\/\/sandzakpress.net\/arhiva\/wp-json\/wp\/v2\/media?parent=112859"}],"wp:term":[{"taxonomy":"category","embeddable":true,"href":"https:\/\/sandzakpress.net\/arhiva\/wp-json\/wp\/v2\/categories?post=112859"},{"taxonomy":"post_tag","embeddable":true,"href":"https:\/\/sandzakpress.net\/arhiva\/wp-json\/wp\/v2\/tags?post=112859"}],"curies":[{"name":"wp","href":"https:\/\/api.w.org\/{rel}","templated":true}]}}