{"id":112750,"date":"2014-10-07T01:20:06","date_gmt":"2014-10-06T23:20:06","guid":{"rendered":"https:\/\/sandzakpress.net\/arhiva\/?p=112750"},"modified":"2014-10-07T01:20:39","modified_gmt":"2014-10-06T23:20:39","slug":"objavljen-dokument-koji-pokazuje-da-je-dzuzo-odobrio-udzbenik-historija-6%e2%80%b3-sa-crtezom-poslanika-muhameda-a-s","status":"publish","type":"post","link":"https:\/\/sandzakpress.net\/arhiva\/objavljen-dokument-koji-pokazuje-da-je-dzuzo-odobrio-udzbenik-historija-6%e2%80%b3-sa-crtezom-poslanika-muhameda-a-s\/","title":{"rendered":"Objavljen dokument koji pokazuje da je D\u017eu\u017eo odobrio ud\u017ebenik sa crte\u017eom poslanika Muhameda, a.s."},"content":{"rendered":"<p style=\"color: #222222;\"><img decoding=\"async\" src=\"https:\/\/sandzakpress.net\/arhiva\/wp-content\/uploads\/2014\/10\/1231.jpg\" alt=\"123\" \/><\/p>\n<p style=\"color: #222222;\"><strong>Novi Pazar \u2013 Istra\u017eiva\u010dki tim medija bliskih Rasimu Ljaji\u0107u\u00a0do\u0161ao je u posjed dokumenta koji dokazuje da je predsjednik BNV u tehni\u010dkom mandatu Esad D\u017eud\u017eo svojeru\u010dno potpisao agreman i pristanak za izdavanje knjige Historija 6 u kojoj se nalazi lik poslanika Muhameda s.a.v.s. koji je u islamu strogo zabranjeno prikazivati<\/strong><\/p>\n<p style=\"color: #222222;\"><a style=\"font-weight: inherit; font-style: inherit; color: #e91b23;\" href=\"http:\/\/sandzakhaber.net\/wp-content\/uploads\/2014\/10\/Screen-Shot-09-30-14-at-11.46-PM.png\"><img loading=\"lazy\" decoding=\"async\" class=\"aligncenter size-large wp-image-26065\" style=\"font-weight: inherit; font-style: inherit;\" src=\"http:\/\/sandzakhaber.net\/wp-content\/uploads\/2014\/10\/Screen-Shot-09-30-14-at-11.46-PM-600x303.png\" alt=\"Screen Shot 09-30-14 at 11.46 PM\" width=\"600\" height=\"303\" \/><\/a><br \/>\nKako je saop\u0161teno iz BNV u tehni\u010dkom mandatu za tu knjigu bili su zadu\u017eeni Elijas Rebronja, Red\u017eep \u0160krijelj i drugi \u010dlanovi vije\u0107a koji su na ju\u010dera\u0161njoj press konferenciji za novinare optu\u017eili upravo Esada D\u017eud\u017ea da je on dao pristanak za prijevod pomenute knjige.<\/p>\n<p style=\"color: #222222;\"><a style=\"font-weight: inherit; font-style: inherit; color: #e91b23;\" href=\"http:\/\/sandzakhaber.net\/wp-content\/uploads\/2014\/10\/Screen-Shot-09-30-14-at-11.46-PM-001.png\"><img loading=\"lazy\" decoding=\"async\" class=\"aligncenter size-large wp-image-26066\" style=\"font-weight: inherit; font-style: inherit;\" src=\"http:\/\/sandzakhaber.net\/wp-content\/uploads\/2014\/10\/Screen-Shot-09-30-14-at-11.46-PM-001-600x335.png\" alt=\"Screen Shot 09-30-14 at 11.46 PM 001\" width=\"600\" height=\"335\" \/><\/a><br \/>\nU dokumentu koji je na na\u0161 mail poslala izdava\u010dka ku\u0107a \u201eKlett\u201c stoji da BNV daje \u201epozivino mi\u0161ljenje\u201c o prijevodu knjige Historija 6 te da ona mo\u017ee da se koristi za nastavu na bosanskom jeziku. Potpisnik dokumenta je Esad D\u017eud\u017eo a dokument je poslao 2014 godine.<\/p>\n<p style=\"color: #222222;\">\n","protected":false},"excerpt":{"rendered":"<p>Novi Pazar \u2013 Istra\u017eiva\u010dki tim medija bliskih Rasimu Ljaji\u0107u\u00a0do\u0161ao je u posjed dokumenta koji dokazuje da je predsjednik BNV u tehni\u010dkom mandatu Esad D\u017eud\u017eo svojeru\u010dno potpisao agreman i pristanak za izdavanje knjige Historija 6 u kojoj se nalazi lik poslanika Muhameda s.a.v.s. koji je u islamu strogo zabranjeno prikazivati Kako je saop\u0161teno iz BNV u [&hellip;]<\/p>\n","protected":false},"author":83,"featured_media":112611,"comment_status":"open","ping_status":"open","sticky":false,"template":"","format":"standard","meta":{"footnotes":""},"categories":[72,1,52,327,392,393,394,8957],"tags":[10238],"class_list":{"0":"post-112750","1":"post","2":"type-post","3":"status-publish","4":"format-standard","5":"has-post-thumbnail","7":"category-novi-pazar","8":"category-politika","9":"category-sjenica","10":"category-tutin","11":"category-prijepolje_","12":"category-priboj","13":"category-nova-varos","14":"category-vijesti-dana","15":"tag-esad-dzudzevic"},"yoast_head":"<!-- This site is optimized with the Yoast SEO Premium plugin v23.1 (Yoast SEO v24.9) - https:\/\/yoast.com\/wordpress\/plugins\/seo\/ -->\n<title>Objavljen dokument koji pokazuje da je D\u017eu\u017eo odobrio ud\u017ebenik sa crte\u017eom poslanika Muhameda, a.s.<\/title>\n<meta name=\"robots\" content=\"index, follow, max-snippet:-1, max-image-preview:large, max-video-preview:-1\" \/>\n<link rel=\"canonical\" href=\"https:\/\/sandzakpress.net\/arhiva\/objavljen-dokument-koji-pokazuje-da-je-dzuzo-odobrio-udzbenik-historija-6\u2033-sa-crtezom-poslanika-muhameda-a-s\/\" \/>\n<meta property=\"og:locale\" content=\"bs_BA\" \/>\n<meta property=\"og:type\" content=\"article\" \/>\n<meta property=\"og:title\" content=\"Objavljen dokument koji pokazuje da je D\u017eu\u017eo odobrio ud\u017ebenik sa crte\u017eom poslanika Muhameda, a.s.\" \/>\n<meta property=\"og:description\" content=\"Novi Pazar \u2013 Istra\u017eiva\u010dki tim medija bliskih Rasimu Ljaji\u0107u\u00a0do\u0161ao je u posjed dokumenta koji dokazuje da je predsjednik BNV u tehni\u010dkom mandatu Esad D\u017eud\u017eo svojeru\u010dno potpisao agreman i pristanak za izdavanje knjige Historija 6 u kojoj se nalazi lik poslanika Muhameda s.a.v.s. koji je u islamu strogo zabranjeno prikazivati Kako je saop\u0161teno iz BNV u [&hellip;]\" \/>\n<meta property=\"og:url\" content=\"https:\/\/sandzakpress.net\/arhiva\/objavljen-dokument-koji-pokazuje-da-je-dzuzo-odobrio-udzbenik-historija-6\u2033-sa-crtezom-poslanika-muhameda-a-s\/\" \/>\n<meta property=\"og:site_name\" content=\"Sand\u017eak PRESS\" \/>\n<meta property=\"article:published_time\" content=\"2014-10-06T23:20:06+00:00\" \/>\n<meta property=\"article:modified_time\" content=\"2014-10-06T23:20:39+00:00\" \/>\n<meta property=\"og:image\" content=\"https:\/\/sandzakpress.net\/arhiva\/wp-content\/uploads\/2014\/10\/1231.jpg\" \/>\n\t<meta property=\"og:image:width\" content=\"616\" \/>\n\t<meta property=\"og:image:height\" content=\"356\" \/>\n\t<meta property=\"og:image:type\" content=\"image\/jpeg\" \/>\n<meta name=\"author\" content=\"bosniak\" \/>\n<meta name=\"twitter:card\" content=\"summary_large_image\" \/>\n<meta name=\"twitter:label1\" content=\"Written by\" \/>\n\t<meta name=\"twitter:data1\" content=\"bosniak\" \/>\n\t<meta name=\"twitter:label2\" content=\"Est. reading time\" \/>\n\t<meta name=\"twitter:data2\" content=\"1 minuta\" \/>\n<script type=\"application\/ld+json\" class=\"yoast-schema-graph\">{\"@context\":\"https:\/\/schema.org\",\"@graph\":[{\"@type\":\"Article\",\"@id\":\"https:\/\/sandzakpress.net\/arhiva\/objavljen-dokument-koji-pokazuje-da-je-dzuzo-odobrio-udzbenik-historija-6%e2%80%b3-sa-crtezom-poslanika-muhameda-a-s\/#article\",\"isPartOf\":{\"@id\":\"https:\/\/sandzakpress.net\/arhiva\/objavljen-dokument-koji-pokazuje-da-je-dzuzo-odobrio-udzbenik-historija-6%e2%80%b3-sa-crtezom-poslanika-muhameda-a-s\/\"},\"author\":{\"name\":\"bosniak\",\"@id\":\"https:\/\/sandzakpress.net\/arhiva\/#\/schema\/person\/c8baee722073534b583ea7bdb2e36c02\"},\"headline\":\"Objavljen dokument koji pokazuje da je D\u017eu\u017eo odobrio ud\u017ebenik sa crte\u017eom poslanika Muhameda, a.s.\",\"datePublished\":\"2014-10-06T23:20:06+00:00\",\"dateModified\":\"2014-10-06T23:20:39+00:00\",\"mainEntityOfPage\":{\"@id\":\"https:\/\/sandzakpress.net\/arhiva\/objavljen-dokument-koji-pokazuje-da-je-dzuzo-odobrio-udzbenik-historija-6%e2%80%b3-sa-crtezom-poslanika-muhameda-a-s\/\"},\"wordCount\":180,\"commentCount\":17,\"publisher\":{\"@id\":\"https:\/\/sandzakpress.net\/arhiva\/#\/schema\/person\/6e72b67d6e51910a1117b3b483ba20bd\"},\"image\":{\"@id\":\"https:\/\/sandzakpress.net\/arhiva\/objavljen-dokument-koji-pokazuje-da-je-dzuzo-odobrio-udzbenik-historija-6%e2%80%b3-sa-crtezom-poslanika-muhameda-a-s\/#primaryimage\"},\"thumbnailUrl\":\"https:\/\/sandzakpress.net\/arhiva\/wp-content\/uploads\/2014\/10\/1231.jpg\",\"keywords\":[\"Esad D\u017eud\u017eo\"],\"articleSection\":[\"Novi Pazar\",\"Politika\",\"Sjenica\",\"Tutin\",\"Prijepolje\",\"Priboj\",\"Nova Varo\u0161\",\"VIJESTI DANA\"],\"inLanguage\":\"bs-BA\",\"potentialAction\":[{\"@type\":\"CommentAction\",\"name\":\"Comment\",\"target\":[\"https:\/\/sandzakpress.net\/arhiva\/objavljen-dokument-koji-pokazuje-da-je-dzuzo-odobrio-udzbenik-historija-6%e2%80%b3-sa-crtezom-poslanika-muhameda-a-s\/#respond\"]}]},{\"@type\":\"WebPage\",\"@id\":\"https:\/\/sandzakpress.net\/arhiva\/objavljen-dokument-koji-pokazuje-da-je-dzuzo-odobrio-udzbenik-historija-6%e2%80%b3-sa-crtezom-poslanika-muhameda-a-s\/\",\"url\":\"https:\/\/sandzakpress.net\/arhiva\/objavljen-dokument-koji-pokazuje-da-je-dzuzo-odobrio-udzbenik-historija-6%e2%80%b3-sa-crtezom-poslanika-muhameda-a-s\/\",\"name\":\"Objavljen dokument koji pokazuje da je D\u017eu\u017eo odobrio ud\u017ebenik sa crte\u017eom poslanika Muhameda, a.s.\",\"isPartOf\":{\"@id\":\"https:\/\/sandzakpress.net\/arhiva\/#website\"},\"primaryImageOfPage\":{\"@id\":\"https:\/\/sandzakpress.net\/arhiva\/objavljen-dokument-koji-pokazuje-da-je-dzuzo-odobrio-udzbenik-historija-6%e2%80%b3-sa-crtezom-poslanika-muhameda-a-s\/#primaryimage\"},\"image\":{\"@id\":\"https:\/\/sandzakpress.net\/arhiva\/objavljen-dokument-koji-pokazuje-da-je-dzuzo-odobrio-udzbenik-historija-6%e2%80%b3-sa-crtezom-poslanika-muhameda-a-s\/#primaryimage\"},\"thumbnailUrl\":\"https:\/\/sandzakpress.net\/arhiva\/wp-content\/uploads\/2014\/10\/1231.jpg\",\"datePublished\":\"2014-10-06T23:20:06+00:00\",\"dateModified\":\"2014-10-06T23:20:39+00:00\",\"breadcrumb\":{\"@id\":\"https:\/\/sandzakpress.net\/arhiva\/objavljen-dokument-koji-pokazuje-da-je-dzuzo-odobrio-udzbenik-historija-6%e2%80%b3-sa-crtezom-poslanika-muhameda-a-s\/#breadcrumb\"},\"inLanguage\":\"bs-BA\",\"potentialAction\":[{\"@type\":\"ReadAction\",\"target\":[\"https:\/\/sandzakpress.net\/arhiva\/objavljen-dokument-koji-pokazuje-da-je-dzuzo-odobrio-udzbenik-historija-6%e2%80%b3-sa-crtezom-poslanika-muhameda-a-s\/\"]}]},{\"@type\":\"ImageObject\",\"inLanguage\":\"bs-BA\",\"@id\":\"https:\/\/sandzakpress.net\/arhiva\/objavljen-dokument-koji-pokazuje-da-je-dzuzo-odobrio-udzbenik-historija-6%e2%80%b3-sa-crtezom-poslanika-muhameda-a-s\/#primaryimage\",\"url\":\"https:\/\/sandzakpress.net\/arhiva\/wp-content\/uploads\/2014\/10\/1231.jpg\",\"contentUrl\":\"https:\/\/sandzakpress.net\/arhiva\/wp-content\/uploads\/2014\/10\/1231.jpg\",\"width\":616,\"height\":356},{\"@type\":\"BreadcrumbList\",\"@id\":\"https:\/\/sandzakpress.net\/arhiva\/objavljen-dokument-koji-pokazuje-da-je-dzuzo-odobrio-udzbenik-historija-6%e2%80%b3-sa-crtezom-poslanika-muhameda-a-s\/#breadcrumb\",\"itemListElement\":[{\"@type\":\"ListItem\",\"position\":1,\"name\":\"Home\",\"item\":\"https:\/\/sandzakpress.net\/arhiva\/\"},{\"@type\":\"ListItem\",\"position\":2,\"name\":\"Objavljen dokument koji pokazuje da je D\u017eu\u017eo odobrio ud\u017ebenik sa crte\u017eom poslanika Muhameda, a.s.\"}]},{\"@type\":\"WebSite\",\"@id\":\"https:\/\/sandzakpress.net\/arhiva\/#website\",\"url\":\"https:\/\/sandzakpress.net\/arhiva\/\",\"name\":\"Sand\u017eak PRESS\",\"description\":\"Prve elektronske novine u Sand\u017eaku\",\"publisher\":{\"@id\":\"https:\/\/sandzakpress.net\/arhiva\/#\/schema\/person\/6e72b67d6e51910a1117b3b483ba20bd\"},\"potentialAction\":[{\"@type\":\"SearchAction\",\"target\":{\"@type\":\"EntryPoint\",\"urlTemplate\":\"https:\/\/sandzakpress.net\/arhiva\/?s={search_term_string}\"},\"query-input\":{\"@type\":\"PropertyValueSpecification\",\"valueRequired\":true,\"valueName\":\"search_term_string\"}}],\"inLanguage\":\"bs-BA\"},{\"@type\":[\"Person\",\"Organization\"],\"@id\":\"https:\/\/sandzakpress.net\/arhiva\/#\/schema\/person\/6e72b67d6e51910a1117b3b483ba20bd\",\"name\":\"Kul\",\"image\":{\"@type\":\"ImageObject\",\"inLanguage\":\"bs-BA\",\"@id\":\"https:\/\/sandzakpress.net\/arhiva\/#\/schema\/person\/image\/\",\"url\":\"https:\/\/secure.gravatar.com\/avatar\/42263f39aa27ac04c43cab85c280eb2e?s=96&d=mm&r=pg\",\"contentUrl\":\"https:\/\/secure.gravatar.com\/avatar\/42263f39aa27ac04c43cab85c280eb2e?s=96&d=mm&r=pg\",\"caption\":\"Kul\"},\"logo\":{\"@id\":\"https:\/\/sandzakpress.net\/arhiva\/#\/schema\/person\/image\/\"}},{\"@type\":\"Person\",\"@id\":\"https:\/\/sandzakpress.net\/arhiva\/#\/schema\/person\/c8baee722073534b583ea7bdb2e36c02\",\"name\":\"bosniak\",\"image\":{\"@type\":\"ImageObject\",\"inLanguage\":\"bs-BA\",\"@id\":\"https:\/\/sandzakpress.net\/arhiva\/#\/schema\/person\/image\/\",\"url\":\"https:\/\/secure.gravatar.com\/avatar\/a04fd330bfe3a36a72a0ad4a6d89fca7?s=96&d=mm&r=pg\",\"contentUrl\":\"https:\/\/secure.gravatar.com\/avatar\/a04fd330bfe3a36a72a0ad4a6d89fca7?s=96&d=mm&r=pg\",\"caption\":\"bosniak\"},\"url\":\"https:\/\/sandzakpress.net\/arhiva\/author\/bosniak\/\"}]}<\/script>\n<!-- \/ Yoast SEO Premium plugin. -->","yoast_head_json":{"title":"Objavljen dokument koji pokazuje da je D\u017eu\u017eo odobrio ud\u017ebenik sa crte\u017eom poslanika Muhameda, a.s.","robots":{"index":"index","follow":"follow","max-snippet":"max-snippet:-1","max-image-preview":"max-image-preview:large","max-video-preview":"max-video-preview:-1"},"canonical":"https:\/\/sandzakpress.net\/arhiva\/objavljen-dokument-koji-pokazuje-da-je-dzuzo-odobrio-udzbenik-historija-6\u2033-sa-crtezom-poslanika-muhameda-a-s\/","og_locale":"bs_BA","og_type":"article","og_title":"Objavljen dokument koji pokazuje da je D\u017eu\u017eo odobrio ud\u017ebenik sa crte\u017eom poslanika Muhameda, a.s.","og_description":"Novi Pazar \u2013 Istra\u017eiva\u010dki tim medija bliskih Rasimu Ljaji\u0107u\u00a0do\u0161ao je u posjed dokumenta koji dokazuje da je predsjednik BNV u tehni\u010dkom mandatu Esad D\u017eud\u017eo svojeru\u010dno potpisao agreman i pristanak za izdavanje knjige Historija 6 u kojoj se nalazi lik poslanika Muhameda s.a.v.s. koji je u islamu strogo zabranjeno prikazivati Kako je saop\u0161teno iz BNV u [&hellip;]","og_url":"https:\/\/sandzakpress.net\/arhiva\/objavljen-dokument-koji-pokazuje-da-je-dzuzo-odobrio-udzbenik-historija-6\u2033-sa-crtezom-poslanika-muhameda-a-s\/","og_site_name":"Sand\u017eak PRESS","article_published_time":"2014-10-06T23:20:06+00:00","article_modified_time":"2014-10-06T23:20:39+00:00","og_image":[{"width":616,"height":356,"url":"https:\/\/sandzakpress.net\/arhiva\/wp-content\/uploads\/2014\/10\/1231.jpg","type":"image\/jpeg"}],"author":"bosniak","twitter_card":"summary_large_image","twitter_misc":{"Written by":"bosniak","Est. reading time":"1 minuta"},"schema":{"@context":"https:\/\/schema.org","@graph":[{"@type":"Article","@id":"https:\/\/sandzakpress.net\/arhiva\/objavljen-dokument-koji-pokazuje-da-je-dzuzo-odobrio-udzbenik-historija-6%e2%80%b3-sa-crtezom-poslanika-muhameda-a-s\/#article","isPartOf":{"@id":"https:\/\/sandzakpress.net\/arhiva\/objavljen-dokument-koji-pokazuje-da-je-dzuzo-odobrio-udzbenik-historija-6%e2%80%b3-sa-crtezom-poslanika-muhameda-a-s\/"},"author":{"name":"bosniak","@id":"https:\/\/sandzakpress.net\/arhiva\/#\/schema\/person\/c8baee722073534b583ea7bdb2e36c02"},"headline":"Objavljen dokument koji pokazuje da je D\u017eu\u017eo odobrio ud\u017ebenik sa crte\u017eom poslanika Muhameda, a.s.","datePublished":"2014-10-06T23:20:06+00:00","dateModified":"2014-10-06T23:20:39+00:00","mainEntityOfPage":{"@id":"https:\/\/sandzakpress.net\/arhiva\/objavljen-dokument-koji-pokazuje-da-je-dzuzo-odobrio-udzbenik-historija-6%e2%80%b3-sa-crtezom-poslanika-muhameda-a-s\/"},"wordCount":180,"commentCount":17,"publisher":{"@id":"https:\/\/sandzakpress.net\/arhiva\/#\/schema\/person\/6e72b67d6e51910a1117b3b483ba20bd"},"image":{"@id":"https:\/\/sandzakpress.net\/arhiva\/objavljen-dokument-koji-pokazuje-da-je-dzuzo-odobrio-udzbenik-historija-6%e2%80%b3-sa-crtezom-poslanika-muhameda-a-s\/#primaryimage"},"thumbnailUrl":"https:\/\/sandzakpress.net\/arhiva\/wp-content\/uploads\/2014\/10\/1231.jpg","keywords":["Esad D\u017eud\u017eo"],"articleSection":["Novi Pazar","Politika","Sjenica","Tutin","Prijepolje","Priboj","Nova Varo\u0161","VIJESTI DANA"],"inLanguage":"bs-BA","potentialAction":[{"@type":"CommentAction","name":"Comment","target":["https:\/\/sandzakpress.net\/arhiva\/objavljen-dokument-koji-pokazuje-da-je-dzuzo-odobrio-udzbenik-historija-6%e2%80%b3-sa-crtezom-poslanika-muhameda-a-s\/#respond"]}]},{"@type":"WebPage","@id":"https:\/\/sandzakpress.net\/arhiva\/objavljen-dokument-koji-pokazuje-da-je-dzuzo-odobrio-udzbenik-historija-6%e2%80%b3-sa-crtezom-poslanika-muhameda-a-s\/","url":"https:\/\/sandzakpress.net\/arhiva\/objavljen-dokument-koji-pokazuje-da-je-dzuzo-odobrio-udzbenik-historija-6%e2%80%b3-sa-crtezom-poslanika-muhameda-a-s\/","name":"Objavljen dokument koji pokazuje da je D\u017eu\u017eo odobrio ud\u017ebenik sa crte\u017eom poslanika Muhameda, a.s.","isPartOf":{"@id":"https:\/\/sandzakpress.net\/arhiva\/#website"},"primaryImageOfPage":{"@id":"https:\/\/sandzakpress.net\/arhiva\/objavljen-dokument-koji-pokazuje-da-je-dzuzo-odobrio-udzbenik-historija-6%e2%80%b3-sa-crtezom-poslanika-muhameda-a-s\/#primaryimage"},"image":{"@id":"https:\/\/sandzakpress.net\/arhiva\/objavljen-dokument-koji-pokazuje-da-je-dzuzo-odobrio-udzbenik-historija-6%e2%80%b3-sa-crtezom-poslanika-muhameda-a-s\/#primaryimage"},"thumbnailUrl":"https:\/\/sandzakpress.net\/arhiva\/wp-content\/uploads\/2014\/10\/1231.jpg","datePublished":"2014-10-06T23:20:06+00:00","dateModified":"2014-10-06T23:20:39+00:00","breadcrumb":{"@id":"https:\/\/sandzakpress.net\/arhiva\/objavljen-dokument-koji-pokazuje-da-je-dzuzo-odobrio-udzbenik-historija-6%e2%80%b3-sa-crtezom-poslanika-muhameda-a-s\/#breadcrumb"},"inLanguage":"bs-BA","potentialAction":[{"@type":"ReadAction","target":["https:\/\/sandzakpress.net\/arhiva\/objavljen-dokument-koji-pokazuje-da-je-dzuzo-odobrio-udzbenik-historija-6%e2%80%b3-sa-crtezom-poslanika-muhameda-a-s\/"]}]},{"@type":"ImageObject","inLanguage":"bs-BA","@id":"https:\/\/sandzakpress.net\/arhiva\/objavljen-dokument-koji-pokazuje-da-je-dzuzo-odobrio-udzbenik-historija-6%e2%80%b3-sa-crtezom-poslanika-muhameda-a-s\/#primaryimage","url":"https:\/\/sandzakpress.net\/arhiva\/wp-content\/uploads\/2014\/10\/1231.jpg","contentUrl":"https:\/\/sandzakpress.net\/arhiva\/wp-content\/uploads\/2014\/10\/1231.jpg","width":616,"height":356},{"@type":"BreadcrumbList","@id":"https:\/\/sandzakpress.net\/arhiva\/objavljen-dokument-koji-pokazuje-da-je-dzuzo-odobrio-udzbenik-historija-6%e2%80%b3-sa-crtezom-poslanika-muhameda-a-s\/#breadcrumb","itemListElement":[{"@type":"ListItem","position":1,"name":"Home","item":"https:\/\/sandzakpress.net\/arhiva\/"},{"@type":"ListItem","position":2,"name":"Objavljen dokument koji pokazuje da je D\u017eu\u017eo odobrio ud\u017ebenik sa crte\u017eom poslanika Muhameda, a.s."}]},{"@type":"WebSite","@id":"https:\/\/sandzakpress.net\/arhiva\/#website","url":"https:\/\/sandzakpress.net\/arhiva\/","name":"Sand\u017eak PRESS","description":"Prve elektronske novine u Sand\u017eaku","publisher":{"@id":"https:\/\/sandzakpress.net\/arhiva\/#\/schema\/person\/6e72b67d6e51910a1117b3b483ba20bd"},"potentialAction":[{"@type":"SearchAction","target":{"@type":"EntryPoint","urlTemplate":"https:\/\/sandzakpress.net\/arhiva\/?s={search_term_string}"},"query-input":{"@type":"PropertyValueSpecification","valueRequired":true,"valueName":"search_term_string"}}],"inLanguage":"bs-BA"},{"@type":["Person","Organization"],"@id":"https:\/\/sandzakpress.net\/arhiva\/#\/schema\/person\/6e72b67d6e51910a1117b3b483ba20bd","name":"Kul","image":{"@type":"ImageObject","inLanguage":"bs-BA","@id":"https:\/\/sandzakpress.net\/arhiva\/#\/schema\/person\/image\/","url":"https:\/\/secure.gravatar.com\/avatar\/42263f39aa27ac04c43cab85c280eb2e?s=96&d=mm&r=pg","contentUrl":"https:\/\/secure.gravatar.com\/avatar\/42263f39aa27ac04c43cab85c280eb2e?s=96&d=mm&r=pg","caption":"Kul"},"logo":{"@id":"https:\/\/sandzakpress.net\/arhiva\/#\/schema\/person\/image\/"}},{"@type":"Person","@id":"https:\/\/sandzakpress.net\/arhiva\/#\/schema\/person\/c8baee722073534b583ea7bdb2e36c02","name":"bosniak","image":{"@type":"ImageObject","inLanguage":"bs-BA","@id":"https:\/\/sandzakpress.net\/arhiva\/#\/schema\/person\/image\/","url":"https:\/\/secure.gravatar.com\/avatar\/a04fd330bfe3a36a72a0ad4a6d89fca7?s=96&d=mm&r=pg","contentUrl":"https:\/\/secure.gravatar.com\/avatar\/a04fd330bfe3a36a72a0ad4a6d89fca7?s=96&d=mm&r=pg","caption":"bosniak"},"url":"https:\/\/sandzakpress.net\/arhiva\/author\/bosniak\/"}]}},"_links":{"self":[{"href":"https:\/\/sandzakpress.net\/arhiva\/wp-json\/wp\/v2\/posts\/112750"}],"collection":[{"href":"https:\/\/sandzakpress.net\/arhiva\/wp-json\/wp\/v2\/posts"}],"about":[{"href":"https:\/\/sandzakpress.net\/arhiva\/wp-json\/wp\/v2\/types\/post"}],"author":[{"embeddable":true,"href":"https:\/\/sandzakpress.net\/arhiva\/wp-json\/wp\/v2\/users\/83"}],"replies":[{"embeddable":true,"href":"https:\/\/sandzakpress.net\/arhiva\/wp-json\/wp\/v2\/comments?post=112750"}],"version-history":[{"count":0,"href":"https:\/\/sandzakpress.net\/arhiva\/wp-json\/wp\/v2\/posts\/112750\/revisions"}],"wp:featuredmedia":[{"embeddable":true,"href":"https:\/\/sandzakpress.net\/arhiva\/wp-json\/wp\/v2\/media\/112611"}],"wp:attachment":[{"href":"https:\/\/sandzakpress.net\/arhiva\/wp-json\/wp\/v2\/media?parent=112750"}],"wp:term":[{"taxonomy":"category","embeddable":true,"href":"https:\/\/sandzakpress.net\/arhiva\/wp-json\/wp\/v2\/categories?post=112750"},{"taxonomy":"post_tag","embeddable":true,"href":"https:\/\/sandzakpress.net\/arhiva\/wp-json\/wp\/v2\/tags?post=112750"}],"curies":[{"name":"wp","href":"https:\/\/api.w.org\/{rel}","templated":true}]}}