{"id":112661,"date":"2014-10-03T20:57:04","date_gmt":"2014-10-03T18:57:04","guid":{"rendered":"https:\/\/sandzakpress.net\/arhiva\/?p=112661"},"modified":"2014-10-03T21:00:37","modified_gmt":"2014-10-03T19:00:37","slug":"muftija-o-predstojecim-izborima-bosnjaci-upiste-se-u-poseban-biracki-spisak-video","status":"publish","type":"post","link":"https:\/\/sandzakpress.net\/arhiva\/muftija-o-predstojecim-izborima-bosnjaci-upiste-se-u-poseban-biracki-spisak-video\/","title":{"rendered":"Muftija o predstoje\u0107im izborima &#8211; Bo\u0161njaci, upi\u0161te se u poseban bira\u010dki spisak (Video)"},"content":{"rendered":"<p><img loading=\"lazy\" decoding=\"async\" class=\"aligncenter size-full wp-image-112664\" src=\"https:\/\/sandzakpress.net\/arhiva\/wp-content\/uploads\/2014\/10\/konferencija-muftija-zukorlic-1.jpg\" alt=\"konferencija muftija zukorlic (1)\" width=\"1000\" height=\"665\" srcset=\"https:\/\/sandzakpress.net\/arhiva\/wp-content\/uploads\/2014\/10\/konferencija-muftija-zukorlic-1.jpg 1000w, https:\/\/sandzakpress.net\/arhiva\/wp-content\/uploads\/2014\/10\/konferencija-muftija-zukorlic-1-616x409.jpg 616w\" sizes=\"(max-width: 1000px) 100vw, 1000px\" \/><\/p>\n<p><strong><span style=\"color: #000000;\">Sjeverni Sand\u017eak &#8211; Muftija sand\u017ea\u010dki, 03.10.2014, odr\u017eao je konferenciju za novinare na teme Izbora za BNV i Obilje\u017eavanje 7 godina od agresije na Islamsku zajednicu.<\/span><\/strong><\/p>\n<p style=\"color: #000000;\">Iako je svima poznata pri\u010da koja se dogodila prije \u010detiri godine na izborima za Bo\u0161nja\u010dko nacionalno vije\u0107e, kada je dr\u017eava sprije\u010dila konstituisanje tog vije\u0107a, iako je BKZ-a na \u010delu sa Muftijom ostvarila ubedljivu pobjedu.<\/p>\n<p style=\"color: #000000;\">Muftija je ukazao na nekorektnosti koje su nanijete Bo\u0161njacima na tim izborima.<\/p>\n<p style=\"color: #000000;\">\u201eBo\u0161njaci su pred dilemom da li da budu do kraja principijelni, jer nakon ovakve nepravde ne \u017eele vi\u0161e u\u010destvovati u sistemu koji dopu\u0161ta takvo kr\u0161enje zakona. Takav stav bi bio eti\u010dki, ali s druge strane Bo\u0161njaci treba da se suo\u010de sa novim izazovom. Svjesni svega \u0161to im je u\u010dinjeno, nepravde, surovosti, ali da iskoriste novu \u0161ansu, jer ne \u017eele dopustiti da drugi koji ili nisu kadri, ili ne \u017eele da predstavljaju Bo\u0161njake kroz BNV-e, vode tu organizaciju. Mi \u017eelimo da po ko zna koji put poru\u010dimo da su Bo\u0161njaci narod koji svaku pozitivnu priliku koristi, koji negativne pojave \u017eeli pretvoriti u pozitivnu energiju, koji se bori protiv svega \u0161to je negativno, i tako pokazuje sopstvene vrijednosti.\u201c- rekao je Muftija sand\u017ea\u010dki.<\/p>\n<p style=\"color: #000000;\">Ljudi okupljeni oko Islamske zajednice, Fakulteta za islamske studije, Internacionalnog univerziteta, BKZ-a, BDZ-a kao i drugih organizacija i udru\u017eenja odlu\u010dili su da treba iza\u0107i na izbore.<\/p>\n<p style=\"color: #000000;\">Iako je imao uvjeravanja sa raznih strana da se kandidira za izbore za BNV-e, Muftija je istakao da je na prethodne izbore izlazio jer je na to bio natjeran jer je to bio na\u010din odbrane Islamske zajednice.<\/p>\n<p style=\"color: #000000;\">\u201eZato nemam ambiciju niti namjeru da li\u010dno budem u BNV-u, niti jednom drugom politi\u010dkom organu. Moja orijentacija i profesionalna i misijska je veoma jasna i ti\u010de se vjere, obrazovanja i kulture.\u201cporu\u010dio je muftija Zukorli\u0107.<\/p>\n<p style=\"color: #000000;\">Muftija je pozvao Bo\u0161njake da provjere da li su upisani u poseban bira\u010dki spisak za u\u010de\u0161\u0107e na izbore za BNV-e.<\/p>\n<div class=\"youtube-embed\" data-video_id=\"zT6VDNL3C7M\"><iframe loading=\"lazy\" title=\"Tema dana - Muftija sand\u017ea\u010dki o predstoje\u0107im izborima za BNV\" width=\"696\" height=\"522\" src=\"https:\/\/www.youtube.com\/embed\/zT6VDNL3C7M?feature=oembed&#038;enablejsapi=1\" frameborder=\"0\" allow=\"accelerometer; autoplay; encrypted-media; gyroscope; picture-in-picture\" allowfullscreen><\/iframe><\/div>\n<p style=\"color: #000000;\">\u201eZato pozivam Bo\u0161njake Sand\u017eaka, Bo\u0161njake svih dijelova Srbije, da se trgnu iz svojevrsne apatije. Znam da su neki razo\u010darani, posebno oni koji su prije \u010detiri godine dali svoj glas BKZ, ali taj osje\u0107aj \u0107e biti na \u0161tetu njih samih i \u0161tetu Bo\u0161njaka. Pozivam ih da se trgnu iz u\u010dmalosti, ru\u0161enje legaliteta BNV-a i pobjede BKZ-e je imalo za cilj izazivanje bezna\u0111a kod Bo\u0161njaka, a na\u0161i protivnici to i \u017eele. Ba\u0161 zato \u0161to je to bila namjera mi Bo\u0161njaci ne treba da potpadnemo pod tu namjeru protivnika i odustanemo od borbe. Treba biti dosljedan, uporan.\u201c naglasio je Muftija.<\/p>\n<p style=\"color: #000000;\">Muftija je pozvao Bo\u0161njake da u svom okru\u017eenju budu konstruktivni faktori u pogledu afirmacije svijesti o va\u017enosti izbora za BNV.<\/p>\n<p style=\"color: #000000;\">U drugom dijelu konferencije muftija je napomenuo i \u010dinjenicu da je Islamska zajednica prije tri godine bila na meti agresije, nakon \u010dega je po\u010dela nova stranica me\u0111u muslimanima u Srbiji. Stranica gor\u010dine koja je otpo\u010dela jednim presedanom, za IZ-u i Bo\u0161njake jer se do tada u historiji Sand\u017eaka nije desilo tako ne\u0161to.<\/p>\n<p style=\"color: #000000;\">\u201eDanas nakon sedam godina mo\u017eemo sa uvjerenjem i ponosom konstatovati da je Islamska zajednica odbranjena, da su imami, vjernici i svi oni koji su sebe vidjeli u tom safu ostvarili ne\u0161to \u0161to je u tom trenutku bilo iracionalno. Za ovih sedam godina smo izgradili vi\u0161e d\u017eamija, nego \u0161to nam je oteto, uspjeli smo rekonstruisati sistem IZ-e, koji je bio ugro\u017een\u201c kazao je muftija sand\u017ea\u010dki Muamer ef. Zukorli\u0107.<\/p>\n<p style=\"color: #000000;\">Muftija je naglasio da danas nema sumnje da udar na Islamsku zajednicu nije izazvan unutar Islamske zajednice , ve\u0107 je njegova stvarna pozadina politi\u010dka sa primesama vjerskoga, gdje su imali u\u010de\u0161\u0107a oni faktori kojima je smetala jaka Islamska zajednica. Tako\u0111e je naglasio da je pritisak od strane dr\u017eavnih organa ka Islamskoj zajednici u zna\u010dajnoj mjeri smanjen, a vidljiva je i promjena retorike jednog od klju\u010dnih politi\u010dkih faktora u razbijanju Islamske zajednice, predsjednika SDA Sulejmana Ugljanina.<\/p>\n<p style=\"color: #000000;\">\u201eJa pozivam i gosp. Ugljanina i Ljaji\u0107a da daju doprinos vra\u0107anju jedinstva Islamske zajednice i da daju doprinos da se izbori provedu u jednom normalnom ambijentu. Jeste va\u017eno da se vrati jedinstvo Islamske zajednice, ali je va\u017enije da do\u017eivimo ozdravljenje bo\u0161nja\u010dke nacije na ovom prostoru. Da normalno komuniciramo, ali da otvorimo novu stranicu gdje \u0107emo na\u0161e razlike artikulirati uz puno po\u0161tovanje sagovornika. Ja svoj doprinos dajem maksimalno\u201c poru\u010dio je Muftija Zukorli\u0107.<\/p>\n<p style=\"color: #000000;\" align=\"right\"><em>SANA \u2013 Amela Salkovic<\/em><\/p>\n","protected":false},"excerpt":{"rendered":"<p>Obavezno odgledajte konferenciju za \u0161tampu o predstoje\u0107im izborima &#8230;<\/p>\n","protected":false},"author":83,"featured_media":112664,"comment_status":"open","ping_status":"open","sticky":false,"template":"","format":"standard","meta":{"footnotes":""},"categories":[72,800,9538,52,327,392,393,394,8957],"tags":[10204,10229],"class_list":{"0":"post-112661","1":"post","2":"type-post","3":"status-publish","4":"format-standard","5":"has-post-thumbnail","7":"category-novi-pazar","8":"category-nacija","9":"category-njemacka-dijaspora-gradovi-vase-vijesti","10":"category-sjenica","11":"category-tutin","12":"category-prijepolje_","13":"category-priboj","14":"category-nova-varos","15":"category-vijesti-dana","16":"tag-muftija-muamer-zukorlic","17":"tag-islamska-zajednica"},"yoast_head":"<!-- This site is optimized with the Yoast SEO Premium plugin v23.1 (Yoast SEO v24.9) - https:\/\/yoast.com\/wordpress\/plugins\/seo\/ -->\n<title>Muftija o predstoje\u0107im izborima - Bo\u0161njaci, upi\u0161te se u poseban bira\u010dki spisak (Video)<\/title>\n<meta name=\"robots\" content=\"index, follow, max-snippet:-1, max-image-preview:large, max-video-preview:-1\" \/>\n<link rel=\"canonical\" href=\"https:\/\/sandzakpress.net\/arhiva\/muftija-o-predstojecim-izborima-bosnjaci-upiste-se-u-poseban-biracki-spisak-video\/\" \/>\n<meta property=\"og:locale\" content=\"bs_BA\" \/>\n<meta property=\"og:type\" content=\"article\" \/>\n<meta property=\"og:title\" content=\"Muftija o predstoje\u0107im izborima - Bo\u0161njaci, upi\u0161te se u poseban bira\u010dki spisak (Video)\" \/>\n<meta property=\"og:description\" content=\"Obavezno odgledajte konferenciju za \u0161tampu o predstoje\u0107im izborima ...\" \/>\n<meta property=\"og:url\" content=\"https:\/\/sandzakpress.net\/arhiva\/muftija-o-predstojecim-izborima-bosnjaci-upiste-se-u-poseban-biracki-spisak-video\/\" \/>\n<meta property=\"og:site_name\" content=\"Sand\u017eak PRESS\" \/>\n<meta property=\"article:published_time\" content=\"2014-10-03T18:57:04+00:00\" \/>\n<meta property=\"article:modified_time\" content=\"2014-10-03T19:00:37+00:00\" \/>\n<meta property=\"og:image\" content=\"https:\/\/sandzakpress.net\/arhiva\/wp-content\/uploads\/2014\/10\/konferencija-muftija-zukorlic-1.jpg\" \/>\n\t<meta property=\"og:image:width\" content=\"1000\" \/>\n\t<meta property=\"og:image:height\" content=\"665\" \/>\n\t<meta property=\"og:image:type\" content=\"image\/jpeg\" \/>\n<meta name=\"author\" content=\"bosniak\" \/>\n<meta name=\"twitter:card\" content=\"summary_large_image\" \/>\n<meta name=\"twitter:label1\" content=\"Written by\" \/>\n\t<meta name=\"twitter:data1\" content=\"bosniak\" \/>\n\t<meta name=\"twitter:label2\" content=\"Est. reading time\" \/>\n\t<meta name=\"twitter:data2\" content=\"4 minute\" \/>\n<script type=\"application\/ld+json\" class=\"yoast-schema-graph\">{\"@context\":\"https:\/\/schema.org\",\"@graph\":[{\"@type\":\"Article\",\"@id\":\"https:\/\/sandzakpress.net\/arhiva\/muftija-o-predstojecim-izborima-bosnjaci-upiste-se-u-poseban-biracki-spisak-video\/#article\",\"isPartOf\":{\"@id\":\"https:\/\/sandzakpress.net\/arhiva\/muftija-o-predstojecim-izborima-bosnjaci-upiste-se-u-poseban-biracki-spisak-video\/\"},\"author\":{\"name\":\"bosniak\",\"@id\":\"https:\/\/sandzakpress.net\/arhiva\/#\/schema\/person\/c8baee722073534b583ea7bdb2e36c02\"},\"headline\":\"Muftija o predstoje\u0107im izborima &#8211; Bo\u0161njaci, upi\u0161te se u poseban bira\u010dki spisak (Video)\",\"datePublished\":\"2014-10-03T18:57:04+00:00\",\"dateModified\":\"2014-10-03T19:00:37+00:00\",\"mainEntityOfPage\":{\"@id\":\"https:\/\/sandzakpress.net\/arhiva\/muftija-o-predstojecim-izborima-bosnjaci-upiste-se-u-poseban-biracki-spisak-video\/\"},\"wordCount\":805,\"commentCount\":8,\"publisher\":{\"@id\":\"https:\/\/sandzakpress.net\/arhiva\/#\/schema\/person\/6e72b67d6e51910a1117b3b483ba20bd\"},\"image\":{\"@id\":\"https:\/\/sandzakpress.net\/arhiva\/muftija-o-predstojecim-izborima-bosnjaci-upiste-se-u-poseban-biracki-spisak-video\/#primaryimage\"},\"thumbnailUrl\":\"https:\/\/sandzakpress.net\/arhiva\/wp-content\/uploads\/2014\/10\/konferencija-muftija-zukorlic-1.jpg\",\"keywords\":[\"muftija Muamer Zukorli\u0107\",\"Islamska zajednica\"],\"articleSection\":[\"Novi Pazar\",\"Nacija\",\"Njema\u010dka\",\"Sjenica\",\"Tutin\",\"Prijepolje\",\"Priboj\",\"Nova Varo\u0161\",\"VIJESTI DANA\"],\"inLanguage\":\"bs-BA\",\"potentialAction\":[{\"@type\":\"CommentAction\",\"name\":\"Comment\",\"target\":[\"https:\/\/sandzakpress.net\/arhiva\/muftija-o-predstojecim-izborima-bosnjaci-upiste-se-u-poseban-biracki-spisak-video\/#respond\"]}]},{\"@type\":\"WebPage\",\"@id\":\"https:\/\/sandzakpress.net\/arhiva\/muftija-o-predstojecim-izborima-bosnjaci-upiste-se-u-poseban-biracki-spisak-video\/\",\"url\":\"https:\/\/sandzakpress.net\/arhiva\/muftija-o-predstojecim-izborima-bosnjaci-upiste-se-u-poseban-biracki-spisak-video\/\",\"name\":\"Muftija o predstoje\u0107im izborima - Bo\u0161njaci, upi\u0161te se u poseban bira\u010dki spisak (Video)\",\"isPartOf\":{\"@id\":\"https:\/\/sandzakpress.net\/arhiva\/#website\"},\"primaryImageOfPage\":{\"@id\":\"https:\/\/sandzakpress.net\/arhiva\/muftija-o-predstojecim-izborima-bosnjaci-upiste-se-u-poseban-biracki-spisak-video\/#primaryimage\"},\"image\":{\"@id\":\"https:\/\/sandzakpress.net\/arhiva\/muftija-o-predstojecim-izborima-bosnjaci-upiste-se-u-poseban-biracki-spisak-video\/#primaryimage\"},\"thumbnailUrl\":\"https:\/\/sandzakpress.net\/arhiva\/wp-content\/uploads\/2014\/10\/konferencija-muftija-zukorlic-1.jpg\",\"datePublished\":\"2014-10-03T18:57:04+00:00\",\"dateModified\":\"2014-10-03T19:00:37+00:00\",\"breadcrumb\":{\"@id\":\"https:\/\/sandzakpress.net\/arhiva\/muftija-o-predstojecim-izborima-bosnjaci-upiste-se-u-poseban-biracki-spisak-video\/#breadcrumb\"},\"inLanguage\":\"bs-BA\",\"potentialAction\":[{\"@type\":\"ReadAction\",\"target\":[\"https:\/\/sandzakpress.net\/arhiva\/muftija-o-predstojecim-izborima-bosnjaci-upiste-se-u-poseban-biracki-spisak-video\/\"]}]},{\"@type\":\"ImageObject\",\"inLanguage\":\"bs-BA\",\"@id\":\"https:\/\/sandzakpress.net\/arhiva\/muftija-o-predstojecim-izborima-bosnjaci-upiste-se-u-poseban-biracki-spisak-video\/#primaryimage\",\"url\":\"https:\/\/sandzakpress.net\/arhiva\/wp-content\/uploads\/2014\/10\/konferencija-muftija-zukorlic-1.jpg\",\"contentUrl\":\"https:\/\/sandzakpress.net\/arhiva\/wp-content\/uploads\/2014\/10\/konferencija-muftija-zukorlic-1.jpg\",\"width\":1000,\"height\":665},{\"@type\":\"BreadcrumbList\",\"@id\":\"https:\/\/sandzakpress.net\/arhiva\/muftija-o-predstojecim-izborima-bosnjaci-upiste-se-u-poseban-biracki-spisak-video\/#breadcrumb\",\"itemListElement\":[{\"@type\":\"ListItem\",\"position\":1,\"name\":\"Home\",\"item\":\"https:\/\/sandzakpress.net\/arhiva\/\"},{\"@type\":\"ListItem\",\"position\":2,\"name\":\"Muftija o predstoje\u0107im izborima &#8211; Bo\u0161njaci, upi\u0161te se u poseban bira\u010dki spisak (Video)\"}]},{\"@type\":\"WebSite\",\"@id\":\"https:\/\/sandzakpress.net\/arhiva\/#website\",\"url\":\"https:\/\/sandzakpress.net\/arhiva\/\",\"name\":\"Sand\u017eak PRESS\",\"description\":\"Prve elektronske novine u Sand\u017eaku\",\"publisher\":{\"@id\":\"https:\/\/sandzakpress.net\/arhiva\/#\/schema\/person\/6e72b67d6e51910a1117b3b483ba20bd\"},\"potentialAction\":[{\"@type\":\"SearchAction\",\"target\":{\"@type\":\"EntryPoint\",\"urlTemplate\":\"https:\/\/sandzakpress.net\/arhiva\/?s={search_term_string}\"},\"query-input\":{\"@type\":\"PropertyValueSpecification\",\"valueRequired\":true,\"valueName\":\"search_term_string\"}}],\"inLanguage\":\"bs-BA\"},{\"@type\":[\"Person\",\"Organization\"],\"@id\":\"https:\/\/sandzakpress.net\/arhiva\/#\/schema\/person\/6e72b67d6e51910a1117b3b483ba20bd\",\"name\":\"Kul\",\"image\":{\"@type\":\"ImageObject\",\"inLanguage\":\"bs-BA\",\"@id\":\"https:\/\/sandzakpress.net\/arhiva\/#\/schema\/person\/image\/\",\"url\":\"https:\/\/secure.gravatar.com\/avatar\/42263f39aa27ac04c43cab85c280eb2e?s=96&d=mm&r=pg\",\"contentUrl\":\"https:\/\/secure.gravatar.com\/avatar\/42263f39aa27ac04c43cab85c280eb2e?s=96&d=mm&r=pg\",\"caption\":\"Kul\"},\"logo\":{\"@id\":\"https:\/\/sandzakpress.net\/arhiva\/#\/schema\/person\/image\/\"}},{\"@type\":\"Person\",\"@id\":\"https:\/\/sandzakpress.net\/arhiva\/#\/schema\/person\/c8baee722073534b583ea7bdb2e36c02\",\"name\":\"bosniak\",\"image\":{\"@type\":\"ImageObject\",\"inLanguage\":\"bs-BA\",\"@id\":\"https:\/\/sandzakpress.net\/arhiva\/#\/schema\/person\/image\/\",\"url\":\"https:\/\/secure.gravatar.com\/avatar\/a04fd330bfe3a36a72a0ad4a6d89fca7?s=96&d=mm&r=pg\",\"contentUrl\":\"https:\/\/secure.gravatar.com\/avatar\/a04fd330bfe3a36a72a0ad4a6d89fca7?s=96&d=mm&r=pg\",\"caption\":\"bosniak\"},\"url\":\"https:\/\/sandzakpress.net\/arhiva\/author\/bosniak\/\"}]}<\/script>\n<!-- \/ Yoast SEO Premium plugin. -->","yoast_head_json":{"title":"Muftija o predstoje\u0107im izborima - Bo\u0161njaci, upi\u0161te se u poseban bira\u010dki spisak (Video)","robots":{"index":"index","follow":"follow","max-snippet":"max-snippet:-1","max-image-preview":"max-image-preview:large","max-video-preview":"max-video-preview:-1"},"canonical":"https:\/\/sandzakpress.net\/arhiva\/muftija-o-predstojecim-izborima-bosnjaci-upiste-se-u-poseban-biracki-spisak-video\/","og_locale":"bs_BA","og_type":"article","og_title":"Muftija o predstoje\u0107im izborima - Bo\u0161njaci, upi\u0161te se u poseban bira\u010dki spisak (Video)","og_description":"Obavezno odgledajte konferenciju za \u0161tampu o predstoje\u0107im izborima ...","og_url":"https:\/\/sandzakpress.net\/arhiva\/muftija-o-predstojecim-izborima-bosnjaci-upiste-se-u-poseban-biracki-spisak-video\/","og_site_name":"Sand\u017eak PRESS","article_published_time":"2014-10-03T18:57:04+00:00","article_modified_time":"2014-10-03T19:00:37+00:00","og_image":[{"width":1000,"height":665,"url":"https:\/\/sandzakpress.net\/arhiva\/wp-content\/uploads\/2014\/10\/konferencija-muftija-zukorlic-1.jpg","type":"image\/jpeg"}],"author":"bosniak","twitter_card":"summary_large_image","twitter_misc":{"Written by":"bosniak","Est. reading time":"4 minute"},"schema":{"@context":"https:\/\/schema.org","@graph":[{"@type":"Article","@id":"https:\/\/sandzakpress.net\/arhiva\/muftija-o-predstojecim-izborima-bosnjaci-upiste-se-u-poseban-biracki-spisak-video\/#article","isPartOf":{"@id":"https:\/\/sandzakpress.net\/arhiva\/muftija-o-predstojecim-izborima-bosnjaci-upiste-se-u-poseban-biracki-spisak-video\/"},"author":{"name":"bosniak","@id":"https:\/\/sandzakpress.net\/arhiva\/#\/schema\/person\/c8baee722073534b583ea7bdb2e36c02"},"headline":"Muftija o predstoje\u0107im izborima &#8211; Bo\u0161njaci, upi\u0161te se u poseban bira\u010dki spisak (Video)","datePublished":"2014-10-03T18:57:04+00:00","dateModified":"2014-10-03T19:00:37+00:00","mainEntityOfPage":{"@id":"https:\/\/sandzakpress.net\/arhiva\/muftija-o-predstojecim-izborima-bosnjaci-upiste-se-u-poseban-biracki-spisak-video\/"},"wordCount":805,"commentCount":8,"publisher":{"@id":"https:\/\/sandzakpress.net\/arhiva\/#\/schema\/person\/6e72b67d6e51910a1117b3b483ba20bd"},"image":{"@id":"https:\/\/sandzakpress.net\/arhiva\/muftija-o-predstojecim-izborima-bosnjaci-upiste-se-u-poseban-biracki-spisak-video\/#primaryimage"},"thumbnailUrl":"https:\/\/sandzakpress.net\/arhiva\/wp-content\/uploads\/2014\/10\/konferencija-muftija-zukorlic-1.jpg","keywords":["muftija Muamer Zukorli\u0107","Islamska zajednica"],"articleSection":["Novi Pazar","Nacija","Njema\u010dka","Sjenica","Tutin","Prijepolje","Priboj","Nova Varo\u0161","VIJESTI DANA"],"inLanguage":"bs-BA","potentialAction":[{"@type":"CommentAction","name":"Comment","target":["https:\/\/sandzakpress.net\/arhiva\/muftija-o-predstojecim-izborima-bosnjaci-upiste-se-u-poseban-biracki-spisak-video\/#respond"]}]},{"@type":"WebPage","@id":"https:\/\/sandzakpress.net\/arhiva\/muftija-o-predstojecim-izborima-bosnjaci-upiste-se-u-poseban-biracki-spisak-video\/","url":"https:\/\/sandzakpress.net\/arhiva\/muftija-o-predstojecim-izborima-bosnjaci-upiste-se-u-poseban-biracki-spisak-video\/","name":"Muftija o predstoje\u0107im izborima - Bo\u0161njaci, upi\u0161te se u poseban bira\u010dki spisak (Video)","isPartOf":{"@id":"https:\/\/sandzakpress.net\/arhiva\/#website"},"primaryImageOfPage":{"@id":"https:\/\/sandzakpress.net\/arhiva\/muftija-o-predstojecim-izborima-bosnjaci-upiste-se-u-poseban-biracki-spisak-video\/#primaryimage"},"image":{"@id":"https:\/\/sandzakpress.net\/arhiva\/muftija-o-predstojecim-izborima-bosnjaci-upiste-se-u-poseban-biracki-spisak-video\/#primaryimage"},"thumbnailUrl":"https:\/\/sandzakpress.net\/arhiva\/wp-content\/uploads\/2014\/10\/konferencija-muftija-zukorlic-1.jpg","datePublished":"2014-10-03T18:57:04+00:00","dateModified":"2014-10-03T19:00:37+00:00","breadcrumb":{"@id":"https:\/\/sandzakpress.net\/arhiva\/muftija-o-predstojecim-izborima-bosnjaci-upiste-se-u-poseban-biracki-spisak-video\/#breadcrumb"},"inLanguage":"bs-BA","potentialAction":[{"@type":"ReadAction","target":["https:\/\/sandzakpress.net\/arhiva\/muftija-o-predstojecim-izborima-bosnjaci-upiste-se-u-poseban-biracki-spisak-video\/"]}]},{"@type":"ImageObject","inLanguage":"bs-BA","@id":"https:\/\/sandzakpress.net\/arhiva\/muftija-o-predstojecim-izborima-bosnjaci-upiste-se-u-poseban-biracki-spisak-video\/#primaryimage","url":"https:\/\/sandzakpress.net\/arhiva\/wp-content\/uploads\/2014\/10\/konferencija-muftija-zukorlic-1.jpg","contentUrl":"https:\/\/sandzakpress.net\/arhiva\/wp-content\/uploads\/2014\/10\/konferencija-muftija-zukorlic-1.jpg","width":1000,"height":665},{"@type":"BreadcrumbList","@id":"https:\/\/sandzakpress.net\/arhiva\/muftija-o-predstojecim-izborima-bosnjaci-upiste-se-u-poseban-biracki-spisak-video\/#breadcrumb","itemListElement":[{"@type":"ListItem","position":1,"name":"Home","item":"https:\/\/sandzakpress.net\/arhiva\/"},{"@type":"ListItem","position":2,"name":"Muftija o predstoje\u0107im izborima &#8211; Bo\u0161njaci, upi\u0161te se u poseban bira\u010dki spisak (Video)"}]},{"@type":"WebSite","@id":"https:\/\/sandzakpress.net\/arhiva\/#website","url":"https:\/\/sandzakpress.net\/arhiva\/","name":"Sand\u017eak PRESS","description":"Prve elektronske novine u Sand\u017eaku","publisher":{"@id":"https:\/\/sandzakpress.net\/arhiva\/#\/schema\/person\/6e72b67d6e51910a1117b3b483ba20bd"},"potentialAction":[{"@type":"SearchAction","target":{"@type":"EntryPoint","urlTemplate":"https:\/\/sandzakpress.net\/arhiva\/?s={search_term_string}"},"query-input":{"@type":"PropertyValueSpecification","valueRequired":true,"valueName":"search_term_string"}}],"inLanguage":"bs-BA"},{"@type":["Person","Organization"],"@id":"https:\/\/sandzakpress.net\/arhiva\/#\/schema\/person\/6e72b67d6e51910a1117b3b483ba20bd","name":"Kul","image":{"@type":"ImageObject","inLanguage":"bs-BA","@id":"https:\/\/sandzakpress.net\/arhiva\/#\/schema\/person\/image\/","url":"https:\/\/secure.gravatar.com\/avatar\/42263f39aa27ac04c43cab85c280eb2e?s=96&d=mm&r=pg","contentUrl":"https:\/\/secure.gravatar.com\/avatar\/42263f39aa27ac04c43cab85c280eb2e?s=96&d=mm&r=pg","caption":"Kul"},"logo":{"@id":"https:\/\/sandzakpress.net\/arhiva\/#\/schema\/person\/image\/"}},{"@type":"Person","@id":"https:\/\/sandzakpress.net\/arhiva\/#\/schema\/person\/c8baee722073534b583ea7bdb2e36c02","name":"bosniak","image":{"@type":"ImageObject","inLanguage":"bs-BA","@id":"https:\/\/sandzakpress.net\/arhiva\/#\/schema\/person\/image\/","url":"https:\/\/secure.gravatar.com\/avatar\/a04fd330bfe3a36a72a0ad4a6d89fca7?s=96&d=mm&r=pg","contentUrl":"https:\/\/secure.gravatar.com\/avatar\/a04fd330bfe3a36a72a0ad4a6d89fca7?s=96&d=mm&r=pg","caption":"bosniak"},"url":"https:\/\/sandzakpress.net\/arhiva\/author\/bosniak\/"}]}},"_links":{"self":[{"href":"https:\/\/sandzakpress.net\/arhiva\/wp-json\/wp\/v2\/posts\/112661"}],"collection":[{"href":"https:\/\/sandzakpress.net\/arhiva\/wp-json\/wp\/v2\/posts"}],"about":[{"href":"https:\/\/sandzakpress.net\/arhiva\/wp-json\/wp\/v2\/types\/post"}],"author":[{"embeddable":true,"href":"https:\/\/sandzakpress.net\/arhiva\/wp-json\/wp\/v2\/users\/83"}],"replies":[{"embeddable":true,"href":"https:\/\/sandzakpress.net\/arhiva\/wp-json\/wp\/v2\/comments?post=112661"}],"version-history":[{"count":0,"href":"https:\/\/sandzakpress.net\/arhiva\/wp-json\/wp\/v2\/posts\/112661\/revisions"}],"wp:featuredmedia":[{"embeddable":true,"href":"https:\/\/sandzakpress.net\/arhiva\/wp-json\/wp\/v2\/media\/112664"}],"wp:attachment":[{"href":"https:\/\/sandzakpress.net\/arhiva\/wp-json\/wp\/v2\/media?parent=112661"}],"wp:term":[{"taxonomy":"category","embeddable":true,"href":"https:\/\/sandzakpress.net\/arhiva\/wp-json\/wp\/v2\/categories?post=112661"},{"taxonomy":"post_tag","embeddable":true,"href":"https:\/\/sandzakpress.net\/arhiva\/wp-json\/wp\/v2\/tags?post=112661"}],"curies":[{"name":"wp","href":"https:\/\/api.w.org\/{rel}","templated":true}]}}