{"id":112653,"date":"2014-10-03T10:58:15","date_gmt":"2014-10-03T08:58:15","guid":{"rendered":"https:\/\/sandzakpress.net\/arhiva\/?p=112653"},"modified":"2014-10-04T00:29:05","modified_gmt":"2014-10-03T22:29:05","slug":"novi-pazar-centralna-bajramska-svecanost-u-dzamiji-el-dzinan","status":"publish","type":"post","link":"https:\/\/sandzakpress.net\/arhiva\/novi-pazar-centralna-bajramska-svecanost-u-dzamiji-el-dzinan\/","title":{"rendered":"Novi Pazar &#8211; Centralna bajramska sve\u010danost u d\u017eamiji El D\u017einan"},"content":{"rendered":"<p><img loading=\"lazy\" decoding=\"async\" class=\"aligncenter size-full wp-image-112654\" src=\"https:\/\/sandzakpress.net\/arhiva\/wp-content\/uploads\/2014\/10\/el-dzinan-2014.jpg\" alt=\"el dzinan 2014\" width=\"800\" height=\"532\" srcset=\"https:\/\/sandzakpress.net\/arhiva\/wp-content\/uploads\/2014\/10\/el-dzinan-2014.jpg 800w, https:\/\/sandzakpress.net\/arhiva\/wp-content\/uploads\/2014\/10\/el-dzinan-2014-616x409.jpg 616w\" sizes=\"(max-width: 800px) 100vw, 800px\" \/><\/p>\n<p><strong>Novi Pazar &#8211; Me\u0161ihat Islamske u Srbiji obavje\u0161tava pripadnike Islama da \u0107e CENTRALNA BAJRAMSKA SVE\u010cANOST biti uprili\u010dena u subotu 4.oktobra sa po\u010detkom u 6h u d\u017eamiji El D\u017einan u Rasadniku. Bajram namaz \u0107e predvoditi i bajramsku hutbu odr\u017eati muftija Muamer ef. Zukorli\u0107.<\/strong><\/p>\n<p>Zajedni\u010dka kurbanska dova \u0107e se odr\u017eati u haremu d\u017eamije Ahmet Vojvoda u 8,30 \u010dasova, \u010dime \u0107e i zvani\u010dno otpo\u010deti kurbanska akcija.<\/p>\n","protected":false},"excerpt":{"rendered":"<p>Novi Pazar &#8211; Me\u0161ihat Islamske u Srbiji obavje\u0161tava pripadnike Islama da \u0107e CENTRALNA BAJRAMSKA SVE\u010cANOST biti uprili\u010dena u subotu 4.oktobra sa po\u010detkom u 6h u d\u017eamiji El D\u017einan u Rasadniku. Bajram namaz \u0107e predvoditi i bajramsku hutbu odr\u017eati muftija Muamer ef. Zukorli\u0107. Zajedni\u010dka kurbanska dova \u0107e se odr\u017eati u haremu d\u017eamije Ahmet Vojvoda u 8,30 [&hellip;]<\/p>\n","protected":false},"author":83,"featured_media":112654,"comment_status":"open","ping_status":"open","sticky":false,"template":"","format":"standard","meta":{"footnotes":""},"categories":[72,52,327,802,8957],"tags":[10204,10229],"class_list":{"0":"post-112653","1":"post","2":"type-post","3":"status-publish","4":"format-standard","5":"has-post-thumbnail","7":"category-novi-pazar","8":"category-sjenica","9":"category-tutin","10":"category-islamska_zajednica","11":"category-vijesti-dana","12":"tag-muftija-muamer-zukorlic","13":"tag-islamska-zajednica"},"yoast_head":"<!-- This site is optimized with the Yoast SEO Premium plugin v23.1 (Yoast SEO v24.9) - https:\/\/yoast.com\/wordpress\/plugins\/seo\/ -->\n<title>Novi Pazar - Centralna bajramska sve\u010danost u d\u017eamiji El D\u017einan<\/title>\n<meta name=\"robots\" content=\"index, follow, max-snippet:-1, max-image-preview:large, max-video-preview:-1\" \/>\n<link rel=\"canonical\" href=\"https:\/\/sandzakpress.net\/arhiva\/novi-pazar-centralna-bajramska-svecanost-u-dzamiji-el-dzinan\/\" \/>\n<meta property=\"og:locale\" content=\"bs_BA\" \/>\n<meta property=\"og:type\" content=\"article\" \/>\n<meta property=\"og:title\" content=\"Novi Pazar - Centralna bajramska sve\u010danost u d\u017eamiji El D\u017einan\" \/>\n<meta property=\"og:description\" content=\"Novi Pazar &#8211; Me\u0161ihat Islamske u Srbiji obavje\u0161tava pripadnike Islama da \u0107e CENTRALNA BAJRAMSKA SVE\u010cANOST biti uprili\u010dena u subotu 4.oktobra sa po\u010detkom u 6h u d\u017eamiji El D\u017einan u Rasadniku. Bajram namaz \u0107e predvoditi i bajramsku hutbu odr\u017eati muftija Muamer ef. Zukorli\u0107. Zajedni\u010dka kurbanska dova \u0107e se odr\u017eati u haremu d\u017eamije Ahmet Vojvoda u 8,30 [&hellip;]\" \/>\n<meta property=\"og:url\" content=\"https:\/\/sandzakpress.net\/arhiva\/novi-pazar-centralna-bajramska-svecanost-u-dzamiji-el-dzinan\/\" \/>\n<meta property=\"og:site_name\" content=\"Sand\u017eak PRESS\" \/>\n<meta property=\"article:published_time\" content=\"2014-10-03T08:58:15+00:00\" \/>\n<meta property=\"article:modified_time\" content=\"2014-10-03T22:29:05+00:00\" \/>\n<meta property=\"og:image\" content=\"https:\/\/sandzakpress.net\/arhiva\/wp-content\/uploads\/2014\/10\/el-dzinan-2014.jpg\" \/>\n\t<meta property=\"og:image:width\" content=\"800\" \/>\n\t<meta property=\"og:image:height\" content=\"532\" \/>\n\t<meta property=\"og:image:type\" content=\"image\/jpeg\" \/>\n<meta name=\"author\" content=\"bosniak\" \/>\n<meta name=\"twitter:card\" content=\"summary_large_image\" \/>\n<meta name=\"twitter:label1\" content=\"Written by\" \/>\n\t<meta name=\"twitter:data1\" content=\"bosniak\" \/>\n<script type=\"application\/ld+json\" class=\"yoast-schema-graph\">{\"@context\":\"https:\/\/schema.org\",\"@graph\":[{\"@type\":\"Article\",\"@id\":\"https:\/\/sandzakpress.net\/arhiva\/novi-pazar-centralna-bajramska-svecanost-u-dzamiji-el-dzinan\/#article\",\"isPartOf\":{\"@id\":\"https:\/\/sandzakpress.net\/arhiva\/novi-pazar-centralna-bajramska-svecanost-u-dzamiji-el-dzinan\/\"},\"author\":{\"name\":\"bosniak\",\"@id\":\"https:\/\/sandzakpress.net\/arhiva\/#\/schema\/person\/c8baee722073534b583ea7bdb2e36c02\"},\"headline\":\"Novi Pazar &#8211; Centralna bajramska sve\u010danost u d\u017eamiji El D\u017einan\",\"datePublished\":\"2014-10-03T08:58:15+00:00\",\"dateModified\":\"2014-10-03T22:29:05+00:00\",\"mainEntityOfPage\":{\"@id\":\"https:\/\/sandzakpress.net\/arhiva\/novi-pazar-centralna-bajramska-svecanost-u-dzamiji-el-dzinan\/\"},\"wordCount\":88,\"commentCount\":0,\"publisher\":{\"@id\":\"https:\/\/sandzakpress.net\/arhiva\/#\/schema\/person\/6e72b67d6e51910a1117b3b483ba20bd\"},\"image\":{\"@id\":\"https:\/\/sandzakpress.net\/arhiva\/novi-pazar-centralna-bajramska-svecanost-u-dzamiji-el-dzinan\/#primaryimage\"},\"thumbnailUrl\":\"https:\/\/sandzakpress.net\/arhiva\/wp-content\/uploads\/2014\/10\/el-dzinan-2014.jpg\",\"keywords\":[\"muftija Muamer Zukorli\u0107\",\"Islamska zajednica\"],\"articleSection\":[\"Novi Pazar\",\"Sjenica\",\"Tutin\",\"Islamska zajednica\",\"VIJESTI DANA\"],\"inLanguage\":\"bs-BA\",\"potentialAction\":[{\"@type\":\"CommentAction\",\"name\":\"Comment\",\"target\":[\"https:\/\/sandzakpress.net\/arhiva\/novi-pazar-centralna-bajramska-svecanost-u-dzamiji-el-dzinan\/#respond\"]}]},{\"@type\":\"WebPage\",\"@id\":\"https:\/\/sandzakpress.net\/arhiva\/novi-pazar-centralna-bajramska-svecanost-u-dzamiji-el-dzinan\/\",\"url\":\"https:\/\/sandzakpress.net\/arhiva\/novi-pazar-centralna-bajramska-svecanost-u-dzamiji-el-dzinan\/\",\"name\":\"Novi Pazar - Centralna bajramska sve\u010danost u d\u017eamiji El D\u017einan\",\"isPartOf\":{\"@id\":\"https:\/\/sandzakpress.net\/arhiva\/#website\"},\"primaryImageOfPage\":{\"@id\":\"https:\/\/sandzakpress.net\/arhiva\/novi-pazar-centralna-bajramska-svecanost-u-dzamiji-el-dzinan\/#primaryimage\"},\"image\":{\"@id\":\"https:\/\/sandzakpress.net\/arhiva\/novi-pazar-centralna-bajramska-svecanost-u-dzamiji-el-dzinan\/#primaryimage\"},\"thumbnailUrl\":\"https:\/\/sandzakpress.net\/arhiva\/wp-content\/uploads\/2014\/10\/el-dzinan-2014.jpg\",\"datePublished\":\"2014-10-03T08:58:15+00:00\",\"dateModified\":\"2014-10-03T22:29:05+00:00\",\"breadcrumb\":{\"@id\":\"https:\/\/sandzakpress.net\/arhiva\/novi-pazar-centralna-bajramska-svecanost-u-dzamiji-el-dzinan\/#breadcrumb\"},\"inLanguage\":\"bs-BA\",\"potentialAction\":[{\"@type\":\"ReadAction\",\"target\":[\"https:\/\/sandzakpress.net\/arhiva\/novi-pazar-centralna-bajramska-svecanost-u-dzamiji-el-dzinan\/\"]}]},{\"@type\":\"ImageObject\",\"inLanguage\":\"bs-BA\",\"@id\":\"https:\/\/sandzakpress.net\/arhiva\/novi-pazar-centralna-bajramska-svecanost-u-dzamiji-el-dzinan\/#primaryimage\",\"url\":\"https:\/\/sandzakpress.net\/arhiva\/wp-content\/uploads\/2014\/10\/el-dzinan-2014.jpg\",\"contentUrl\":\"https:\/\/sandzakpress.net\/arhiva\/wp-content\/uploads\/2014\/10\/el-dzinan-2014.jpg\",\"width\":800,\"height\":532},{\"@type\":\"BreadcrumbList\",\"@id\":\"https:\/\/sandzakpress.net\/arhiva\/novi-pazar-centralna-bajramska-svecanost-u-dzamiji-el-dzinan\/#breadcrumb\",\"itemListElement\":[{\"@type\":\"ListItem\",\"position\":1,\"name\":\"Home\",\"item\":\"https:\/\/sandzakpress.net\/arhiva\/\"},{\"@type\":\"ListItem\",\"position\":2,\"name\":\"Novi Pazar &#8211; Centralna bajramska sve\u010danost u d\u017eamiji El D\u017einan\"}]},{\"@type\":\"WebSite\",\"@id\":\"https:\/\/sandzakpress.net\/arhiva\/#website\",\"url\":\"https:\/\/sandzakpress.net\/arhiva\/\",\"name\":\"Sand\u017eak PRESS\",\"description\":\"Prve elektronske novine u Sand\u017eaku\",\"publisher\":{\"@id\":\"https:\/\/sandzakpress.net\/arhiva\/#\/schema\/person\/6e72b67d6e51910a1117b3b483ba20bd\"},\"potentialAction\":[{\"@type\":\"SearchAction\",\"target\":{\"@type\":\"EntryPoint\",\"urlTemplate\":\"https:\/\/sandzakpress.net\/arhiva\/?s={search_term_string}\"},\"query-input\":{\"@type\":\"PropertyValueSpecification\",\"valueRequired\":true,\"valueName\":\"search_term_string\"}}],\"inLanguage\":\"bs-BA\"},{\"@type\":[\"Person\",\"Organization\"],\"@id\":\"https:\/\/sandzakpress.net\/arhiva\/#\/schema\/person\/6e72b67d6e51910a1117b3b483ba20bd\",\"name\":\"Kul\",\"image\":{\"@type\":\"ImageObject\",\"inLanguage\":\"bs-BA\",\"@id\":\"https:\/\/sandzakpress.net\/arhiva\/#\/schema\/person\/image\/\",\"url\":\"https:\/\/secure.gravatar.com\/avatar\/42263f39aa27ac04c43cab85c280eb2e?s=96&d=mm&r=pg\",\"contentUrl\":\"https:\/\/secure.gravatar.com\/avatar\/42263f39aa27ac04c43cab85c280eb2e?s=96&d=mm&r=pg\",\"caption\":\"Kul\"},\"logo\":{\"@id\":\"https:\/\/sandzakpress.net\/arhiva\/#\/schema\/person\/image\/\"}},{\"@type\":\"Person\",\"@id\":\"https:\/\/sandzakpress.net\/arhiva\/#\/schema\/person\/c8baee722073534b583ea7bdb2e36c02\",\"name\":\"bosniak\",\"image\":{\"@type\":\"ImageObject\",\"inLanguage\":\"bs-BA\",\"@id\":\"https:\/\/sandzakpress.net\/arhiva\/#\/schema\/person\/image\/\",\"url\":\"https:\/\/secure.gravatar.com\/avatar\/a04fd330bfe3a36a72a0ad4a6d89fca7?s=96&d=mm&r=pg\",\"contentUrl\":\"https:\/\/secure.gravatar.com\/avatar\/a04fd330bfe3a36a72a0ad4a6d89fca7?s=96&d=mm&r=pg\",\"caption\":\"bosniak\"},\"url\":\"https:\/\/sandzakpress.net\/arhiva\/author\/bosniak\/\"}]}<\/script>\n<!-- \/ Yoast SEO Premium plugin. -->","yoast_head_json":{"title":"Novi Pazar - Centralna bajramska sve\u010danost u d\u017eamiji El D\u017einan","robots":{"index":"index","follow":"follow","max-snippet":"max-snippet:-1","max-image-preview":"max-image-preview:large","max-video-preview":"max-video-preview:-1"},"canonical":"https:\/\/sandzakpress.net\/arhiva\/novi-pazar-centralna-bajramska-svecanost-u-dzamiji-el-dzinan\/","og_locale":"bs_BA","og_type":"article","og_title":"Novi Pazar - Centralna bajramska sve\u010danost u d\u017eamiji El D\u017einan","og_description":"Novi Pazar &#8211; Me\u0161ihat Islamske u Srbiji obavje\u0161tava pripadnike Islama da \u0107e CENTRALNA BAJRAMSKA SVE\u010cANOST biti uprili\u010dena u subotu 4.oktobra sa po\u010detkom u 6h u d\u017eamiji El D\u017einan u Rasadniku. Bajram namaz \u0107e predvoditi i bajramsku hutbu odr\u017eati muftija Muamer ef. Zukorli\u0107. Zajedni\u010dka kurbanska dova \u0107e se odr\u017eati u haremu d\u017eamije Ahmet Vojvoda u 8,30 [&hellip;]","og_url":"https:\/\/sandzakpress.net\/arhiva\/novi-pazar-centralna-bajramska-svecanost-u-dzamiji-el-dzinan\/","og_site_name":"Sand\u017eak PRESS","article_published_time":"2014-10-03T08:58:15+00:00","article_modified_time":"2014-10-03T22:29:05+00:00","og_image":[{"width":800,"height":532,"url":"https:\/\/sandzakpress.net\/arhiva\/wp-content\/uploads\/2014\/10\/el-dzinan-2014.jpg","type":"image\/jpeg"}],"author":"bosniak","twitter_card":"summary_large_image","twitter_misc":{"Written by":"bosniak"},"schema":{"@context":"https:\/\/schema.org","@graph":[{"@type":"Article","@id":"https:\/\/sandzakpress.net\/arhiva\/novi-pazar-centralna-bajramska-svecanost-u-dzamiji-el-dzinan\/#article","isPartOf":{"@id":"https:\/\/sandzakpress.net\/arhiva\/novi-pazar-centralna-bajramska-svecanost-u-dzamiji-el-dzinan\/"},"author":{"name":"bosniak","@id":"https:\/\/sandzakpress.net\/arhiva\/#\/schema\/person\/c8baee722073534b583ea7bdb2e36c02"},"headline":"Novi Pazar &#8211; Centralna bajramska sve\u010danost u d\u017eamiji El D\u017einan","datePublished":"2014-10-03T08:58:15+00:00","dateModified":"2014-10-03T22:29:05+00:00","mainEntityOfPage":{"@id":"https:\/\/sandzakpress.net\/arhiva\/novi-pazar-centralna-bajramska-svecanost-u-dzamiji-el-dzinan\/"},"wordCount":88,"commentCount":0,"publisher":{"@id":"https:\/\/sandzakpress.net\/arhiva\/#\/schema\/person\/6e72b67d6e51910a1117b3b483ba20bd"},"image":{"@id":"https:\/\/sandzakpress.net\/arhiva\/novi-pazar-centralna-bajramska-svecanost-u-dzamiji-el-dzinan\/#primaryimage"},"thumbnailUrl":"https:\/\/sandzakpress.net\/arhiva\/wp-content\/uploads\/2014\/10\/el-dzinan-2014.jpg","keywords":["muftija Muamer Zukorli\u0107","Islamska zajednica"],"articleSection":["Novi Pazar","Sjenica","Tutin","Islamska zajednica","VIJESTI DANA"],"inLanguage":"bs-BA","potentialAction":[{"@type":"CommentAction","name":"Comment","target":["https:\/\/sandzakpress.net\/arhiva\/novi-pazar-centralna-bajramska-svecanost-u-dzamiji-el-dzinan\/#respond"]}]},{"@type":"WebPage","@id":"https:\/\/sandzakpress.net\/arhiva\/novi-pazar-centralna-bajramska-svecanost-u-dzamiji-el-dzinan\/","url":"https:\/\/sandzakpress.net\/arhiva\/novi-pazar-centralna-bajramska-svecanost-u-dzamiji-el-dzinan\/","name":"Novi Pazar - Centralna bajramska sve\u010danost u d\u017eamiji El D\u017einan","isPartOf":{"@id":"https:\/\/sandzakpress.net\/arhiva\/#website"},"primaryImageOfPage":{"@id":"https:\/\/sandzakpress.net\/arhiva\/novi-pazar-centralna-bajramska-svecanost-u-dzamiji-el-dzinan\/#primaryimage"},"image":{"@id":"https:\/\/sandzakpress.net\/arhiva\/novi-pazar-centralna-bajramska-svecanost-u-dzamiji-el-dzinan\/#primaryimage"},"thumbnailUrl":"https:\/\/sandzakpress.net\/arhiva\/wp-content\/uploads\/2014\/10\/el-dzinan-2014.jpg","datePublished":"2014-10-03T08:58:15+00:00","dateModified":"2014-10-03T22:29:05+00:00","breadcrumb":{"@id":"https:\/\/sandzakpress.net\/arhiva\/novi-pazar-centralna-bajramska-svecanost-u-dzamiji-el-dzinan\/#breadcrumb"},"inLanguage":"bs-BA","potentialAction":[{"@type":"ReadAction","target":["https:\/\/sandzakpress.net\/arhiva\/novi-pazar-centralna-bajramska-svecanost-u-dzamiji-el-dzinan\/"]}]},{"@type":"ImageObject","inLanguage":"bs-BA","@id":"https:\/\/sandzakpress.net\/arhiva\/novi-pazar-centralna-bajramska-svecanost-u-dzamiji-el-dzinan\/#primaryimage","url":"https:\/\/sandzakpress.net\/arhiva\/wp-content\/uploads\/2014\/10\/el-dzinan-2014.jpg","contentUrl":"https:\/\/sandzakpress.net\/arhiva\/wp-content\/uploads\/2014\/10\/el-dzinan-2014.jpg","width":800,"height":532},{"@type":"BreadcrumbList","@id":"https:\/\/sandzakpress.net\/arhiva\/novi-pazar-centralna-bajramska-svecanost-u-dzamiji-el-dzinan\/#breadcrumb","itemListElement":[{"@type":"ListItem","position":1,"name":"Home","item":"https:\/\/sandzakpress.net\/arhiva\/"},{"@type":"ListItem","position":2,"name":"Novi Pazar &#8211; Centralna bajramska sve\u010danost u d\u017eamiji El D\u017einan"}]},{"@type":"WebSite","@id":"https:\/\/sandzakpress.net\/arhiva\/#website","url":"https:\/\/sandzakpress.net\/arhiva\/","name":"Sand\u017eak PRESS","description":"Prve elektronske novine u Sand\u017eaku","publisher":{"@id":"https:\/\/sandzakpress.net\/arhiva\/#\/schema\/person\/6e72b67d6e51910a1117b3b483ba20bd"},"potentialAction":[{"@type":"SearchAction","target":{"@type":"EntryPoint","urlTemplate":"https:\/\/sandzakpress.net\/arhiva\/?s={search_term_string}"},"query-input":{"@type":"PropertyValueSpecification","valueRequired":true,"valueName":"search_term_string"}}],"inLanguage":"bs-BA"},{"@type":["Person","Organization"],"@id":"https:\/\/sandzakpress.net\/arhiva\/#\/schema\/person\/6e72b67d6e51910a1117b3b483ba20bd","name":"Kul","image":{"@type":"ImageObject","inLanguage":"bs-BA","@id":"https:\/\/sandzakpress.net\/arhiva\/#\/schema\/person\/image\/","url":"https:\/\/secure.gravatar.com\/avatar\/42263f39aa27ac04c43cab85c280eb2e?s=96&d=mm&r=pg","contentUrl":"https:\/\/secure.gravatar.com\/avatar\/42263f39aa27ac04c43cab85c280eb2e?s=96&d=mm&r=pg","caption":"Kul"},"logo":{"@id":"https:\/\/sandzakpress.net\/arhiva\/#\/schema\/person\/image\/"}},{"@type":"Person","@id":"https:\/\/sandzakpress.net\/arhiva\/#\/schema\/person\/c8baee722073534b583ea7bdb2e36c02","name":"bosniak","image":{"@type":"ImageObject","inLanguage":"bs-BA","@id":"https:\/\/sandzakpress.net\/arhiva\/#\/schema\/person\/image\/","url":"https:\/\/secure.gravatar.com\/avatar\/a04fd330bfe3a36a72a0ad4a6d89fca7?s=96&d=mm&r=pg","contentUrl":"https:\/\/secure.gravatar.com\/avatar\/a04fd330bfe3a36a72a0ad4a6d89fca7?s=96&d=mm&r=pg","caption":"bosniak"},"url":"https:\/\/sandzakpress.net\/arhiva\/author\/bosniak\/"}]}},"_links":{"self":[{"href":"https:\/\/sandzakpress.net\/arhiva\/wp-json\/wp\/v2\/posts\/112653"}],"collection":[{"href":"https:\/\/sandzakpress.net\/arhiva\/wp-json\/wp\/v2\/posts"}],"about":[{"href":"https:\/\/sandzakpress.net\/arhiva\/wp-json\/wp\/v2\/types\/post"}],"author":[{"embeddable":true,"href":"https:\/\/sandzakpress.net\/arhiva\/wp-json\/wp\/v2\/users\/83"}],"replies":[{"embeddable":true,"href":"https:\/\/sandzakpress.net\/arhiva\/wp-json\/wp\/v2\/comments?post=112653"}],"version-history":[{"count":0,"href":"https:\/\/sandzakpress.net\/arhiva\/wp-json\/wp\/v2\/posts\/112653\/revisions"}],"wp:featuredmedia":[{"embeddable":true,"href":"https:\/\/sandzakpress.net\/arhiva\/wp-json\/wp\/v2\/media\/112654"}],"wp:attachment":[{"href":"https:\/\/sandzakpress.net\/arhiva\/wp-json\/wp\/v2\/media?parent=112653"}],"wp:term":[{"taxonomy":"category","embeddable":true,"href":"https:\/\/sandzakpress.net\/arhiva\/wp-json\/wp\/v2\/categories?post=112653"},{"taxonomy":"post_tag","embeddable":true,"href":"https:\/\/sandzakpress.net\/arhiva\/wp-json\/wp\/v2\/tags?post=112653"}],"curies":[{"name":"wp","href":"https:\/\/api.w.org\/{rel}","templated":true}]}}