{"id":112636,"date":"2014-10-02T18:35:01","date_gmt":"2014-10-02T16:35:01","guid":{"rendered":"https:\/\/sandzakpress.net\/arhiva\/?p=112636"},"modified":"2014-10-03T01:50:25","modified_gmt":"2014-10-02T23:50:25","slug":"turska-objavila-rat-organizaciji-islamske-drzave","status":"publish","type":"post","link":"https:\/\/sandzakpress.net\/arhiva\/turska-objavila-rat-organizaciji-islamske-drzave\/","title":{"rendered":"Turska objavila rat organizaciji Islamske dr\u017eave"},"content":{"rendered":"<p style=\"color: #323232;\">\n<div class=\"youtube-embed\" data-video_id=\"17eCngxtqAM\"><iframe loading=\"lazy\" title=\"Borba protiv ISIL-a na vi\u0161e frontova\" width=\"696\" height=\"392\" src=\"https:\/\/www.youtube.com\/embed\/17eCngxtqAM?feature=oembed&#038;enablejsapi=1\" frameborder=\"0\" allow=\"accelerometer; autoplay; encrypted-media; gyroscope; picture-in-picture\" allowfullscreen><\/iframe><\/div>\n<\/p>\n<p style=\"color: #323232;\"><strong>Turska &#8211; Turske trupe dobile su zeleno svjetlo za sudjelovanje u borbama protiv ISIL-a u Siriji i Iraku.\u00a0\u00a0<\/strong><\/p>\n<p style=\"color: #323232;\">Kada i kako odlu\u010dit \u0107e Vlada, koja je Parlamentu uputila ovaj, ve\u010deras prihva\u0107en prijedlog,\u00a0 da se pridru\u017ee me\u0111unarodnoj koaliciji koju predvodi SAD.<\/p>\n<p style=\"color: #323232;\">Predsjednik Recep Tayyip Erdogan u vi\u0161e je navrata predlagao tampon-zonu na turskoj granici sa Sirijom.<\/p>\n<p style=\"color: #323232;\">Me\u0111utim, naglasio je da samo bombardiranjem polo\u017eaja ISIL-a problem ne\u0107e biti rije\u0161en.<\/p>\n<p style=\"color: #323232;\">Erdogan je ranije izjavio da \u0107e se njegova zemlja pridru\u017eiti koaliciji u borbi protiv Islamske dr\u017eave Irak i Levant (ISIL).<\/p>\n<div class=\"inline-image right\" style=\"color: #323232;\">\n<p><iframe loading=\"lazy\" src=\"http:\/\/www.youtube.com\/embed\/ZOPleV9huwM\" width=\"330\" height=\"186\" frameborder=\"0\" allowfullscreen=\"allowfullscreen\"><\/iframe><br \/>\n<strong>Bernard Smith o prijetnjama turskoj stabilnosti<\/strong><\/p>\n<\/div>\n<p style=\"color: #323232;\">&#8220;Mi \u0107emo se efikasno boriti protiv ISIL-a i svih drugih teroristi\u010dkih organizacija u regionu&#8221;, rekao je Erdogan na otvaranju sjednice Parlamenta.<\/p>\n<p style=\"color: #323232;\">Iako Turska do sada nije sudjelovala u akcijama koalicije protiv ISIL-a, ona je poslala svoje tenkove na granicu sa Sirijom, u blizini grada Kobane.<\/p>\n<p style=\"color: #323232;\"><strong>Sukobi se nastavljaju<\/strong><\/p>\n<p style=\"color: #323232;\">U Kobaneu ne prestaju borbe ISIL-a i kurdskih snaga. ISIL grad napada iz tri smjera.<\/p>\n<p style=\"color: #323232;\">Hiljade ljudi poku\u0161avaju pobje\u0107i. Veliki broj izbjeglica, uglavnom \u017eena i djece, i dalje su na granici sa Turskom.<\/p>\n<p style=\"color: #323232;\">S druge strane nalaze se grupe Kurda koji se \u017eele vratiti u Kobane, kako bi, ka\u017eu, bili \u017eivi \u0161tit u odbrani grada.<\/p>\n<p style=\"color: #323232;\">Pripadnici ISIL-a su zauzeli grad Hiit u ira\u010dkoj pokrajini Anbar.<\/p>\n<div class=\"inline-image left\" style=\"color: #323232;\">\n<p><iframe loading=\"lazy\" src=\"http:\/\/www.youtube.com\/embed\/_L08b6WyoLk?list=UU_yXEx3-Gk5drg9qhPzSQSg\" width=\"330\" height=\"186\" frameborder=\"0\" allowfullscreen=\"allowfullscreen\"><\/iframe><br \/>\n<strong>Kurdi poku\u0161avaju zauzeti Mosul<\/strong><\/p>\n<\/div>\n<p style=\"color: #323232;\">Ujedinjeni narodi su u \u010detvrtak saop\u0107ili da je ISIL\u00a0po\u010dinio ratne zlo\u010dine.<\/p>\n<p style=\"color: #323232;\">U izvje\u0161taju UN-a detaljno su opisana djelovanja ISIL-a, koji je optu\u017een za kr\u0161enja ljudskih prava na sjeveru Iraka.<\/p>\n<p style=\"color: #323232;\">&#8220;\u0160irina povreda i zlostavljanja koje izvode pripadnici ISIL-a i pridru\u017eene oru\u017eane skupine je zapanjuju\u0107a, a brojna takva djela mogla bi se smatrati ratnim zlo\u010dinima i zlo\u010dinima protiv \u010dovje\u010dnosti&#8221;, tvrdi visoki komesar UN-a za ljudska prava UN-a Zeid Rad al-Husein.<\/p>\n<p style=\"color: #323232;\"><strong>I danski avioni u zraku<\/strong><\/p>\n<p style=\"color: #323232;\">Danski parlamentarci su u \u010detvrtak ve\u0107inom dali glas za slanje sedam borbenih aviona &#8220;F-16&#8221;, koji je u\u010destvovati u zra\u010dnim napadima na borce ISIL-a.<\/p>\n<p style=\"color: #323232;\">&#8220;To je bila te\u0161ka, ali ispravna, odluka&#8221;, izjavila je premijerka Helle Thorning-Schmidt nakon glasanja.<\/p>\n<p style=\"color: #323232;\">Borbeni avioni \u0107e djelovati samo u ira\u010dkom zra\u010dnom prostoru.<\/p>\n<p style=\"color: #323232;\">Ministar odbrane Nicolai Wammen rekao je da bi avioni trebali krenuti u \u010detvrtak, a baza \u0107e im biti u Kuvajtu.<\/p>\n<p style=\"color: #323232;\"><em>Izvor: Al Jazeera<\/em><\/p>\n","protected":false},"excerpt":{"rendered":"<p>Turska &#8211; Turske trupe dobile su zeleno svjetlo za sudjelovanje u borbama protiv ISIL-a u Siriji i Iraku.\u00a0\u00a0 Kada i kako odlu\u010dit \u0107e Vlada, koja je Parlamentu uputila ovaj, ve\u010deras prihva\u0107en prijedlog,\u00a0 da se pridru\u017ee me\u0111unarodnoj koaliciji koju predvodi SAD. Predsjednik Recep Tayyip Erdogan u vi\u0161e je navrata predlagao tampon-zonu na turskoj granici sa Sirijom. [&hellip;]<\/p>\n","protected":false},"author":83,"featured_media":112641,"comment_status":"open","ping_status":"open","sticky":false,"template":"","format":"standard","meta":{"footnotes":""},"categories":[9,8957,2692],"tags":[10225],"class_list":{"0":"post-112636","1":"post","2":"type-post","3":"status-publish","4":"format-standard","5":"has-post-thumbnail","7":"category-svijet","8":"category-vijesti-dana","9":"category-turska-gradovi","10":"tag-sirija"},"yoast_head":"<!-- This site is optimized with the Yoast SEO Premium plugin v23.1 (Yoast SEO v24.9) - https:\/\/yoast.com\/wordpress\/plugins\/seo\/ -->\n<title>Turska objavila rat organizaciji Islamske dr\u017eave<\/title>\n<meta name=\"robots\" content=\"index, follow, max-snippet:-1, max-image-preview:large, max-video-preview:-1\" \/>\n<link rel=\"canonical\" href=\"https:\/\/sandzakpress.net\/arhiva\/turska-objavila-rat-organizaciji-islamske-drzave\/\" \/>\n<meta property=\"og:locale\" content=\"bs_BA\" \/>\n<meta property=\"og:type\" content=\"article\" \/>\n<meta property=\"og:title\" content=\"Turska objavila rat organizaciji Islamske dr\u017eave\" \/>\n<meta property=\"og:description\" content=\"Turska &#8211; Turske trupe dobile su zeleno svjetlo za sudjelovanje u borbama protiv ISIL-a u Siriji i Iraku.\u00a0\u00a0 Kada i kako odlu\u010dit \u0107e Vlada, koja je Parlamentu uputila ovaj, ve\u010deras prihva\u0107en prijedlog,\u00a0 da se pridru\u017ee me\u0111unarodnoj koaliciji koju predvodi SAD. Predsjednik Recep Tayyip Erdogan u vi\u0161e je navrata predlagao tampon-zonu na turskoj granici sa Sirijom. [&hellip;]\" \/>\n<meta property=\"og:url\" content=\"https:\/\/sandzakpress.net\/arhiva\/turska-objavila-rat-organizaciji-islamske-drzave\/\" \/>\n<meta property=\"og:site_name\" content=\"Sand\u017eak PRESS\" \/>\n<meta property=\"article:published_time\" content=\"2014-10-02T16:35:01+00:00\" \/>\n<meta property=\"article:modified_time\" content=\"2014-10-02T23:50:25+00:00\" \/>\n<meta property=\"og:image\" content=\"https:\/\/sandzakpress.net\/arhiva\/wp-content\/uploads\/2014\/10\/09.jpg\" \/>\n\t<meta property=\"og:image:width\" content=\"480\" \/>\n\t<meta property=\"og:image:height\" content=\"360\" \/>\n\t<meta property=\"og:image:type\" content=\"image\/jpeg\" \/>\n<meta name=\"author\" content=\"bosniak\" \/>\n<meta name=\"twitter:card\" content=\"summary_large_image\" \/>\n<meta name=\"twitter:label1\" content=\"Written by\" \/>\n\t<meta name=\"twitter:data1\" content=\"bosniak\" \/>\n\t<meta name=\"twitter:label2\" content=\"Est. reading time\" \/>\n\t<meta name=\"twitter:data2\" content=\"2 minute\" \/>\n<script type=\"application\/ld+json\" class=\"yoast-schema-graph\">{\"@context\":\"https:\/\/schema.org\",\"@graph\":[{\"@type\":\"Article\",\"@id\":\"https:\/\/sandzakpress.net\/arhiva\/turska-objavila-rat-organizaciji-islamske-drzave\/#article\",\"isPartOf\":{\"@id\":\"https:\/\/sandzakpress.net\/arhiva\/turska-objavila-rat-organizaciji-islamske-drzave\/\"},\"author\":{\"name\":\"bosniak\",\"@id\":\"https:\/\/sandzakpress.net\/arhiva\/#\/schema\/person\/c8baee722073534b583ea7bdb2e36c02\"},\"headline\":\"Turska objavila rat organizaciji Islamske dr\u017eave\",\"datePublished\":\"2014-10-02T16:35:01+00:00\",\"dateModified\":\"2014-10-02T23:50:25+00:00\",\"mainEntityOfPage\":{\"@id\":\"https:\/\/sandzakpress.net\/arhiva\/turska-objavila-rat-organizaciji-islamske-drzave\/\"},\"wordCount\":403,\"commentCount\":15,\"publisher\":{\"@id\":\"https:\/\/sandzakpress.net\/arhiva\/#\/schema\/person\/6e72b67d6e51910a1117b3b483ba20bd\"},\"image\":{\"@id\":\"https:\/\/sandzakpress.net\/arhiva\/turska-objavila-rat-organizaciji-islamske-drzave\/#primaryimage\"},\"thumbnailUrl\":\"https:\/\/sandzakpress.net\/arhiva\/wp-content\/uploads\/2014\/10\/09.jpg\",\"keywords\":[\"Sirija\"],\"articleSection\":[\"Svijet\",\"VIJESTI DANA\",\"Turska\"],\"inLanguage\":\"bs-BA\",\"potentialAction\":[{\"@type\":\"CommentAction\",\"name\":\"Comment\",\"target\":[\"https:\/\/sandzakpress.net\/arhiva\/turska-objavila-rat-organizaciji-islamske-drzave\/#respond\"]}]},{\"@type\":\"WebPage\",\"@id\":\"https:\/\/sandzakpress.net\/arhiva\/turska-objavila-rat-organizaciji-islamske-drzave\/\",\"url\":\"https:\/\/sandzakpress.net\/arhiva\/turska-objavila-rat-organizaciji-islamske-drzave\/\",\"name\":\"Turska objavila rat organizaciji Islamske dr\u017eave\",\"isPartOf\":{\"@id\":\"https:\/\/sandzakpress.net\/arhiva\/#website\"},\"primaryImageOfPage\":{\"@id\":\"https:\/\/sandzakpress.net\/arhiva\/turska-objavila-rat-organizaciji-islamske-drzave\/#primaryimage\"},\"image\":{\"@id\":\"https:\/\/sandzakpress.net\/arhiva\/turska-objavila-rat-organizaciji-islamske-drzave\/#primaryimage\"},\"thumbnailUrl\":\"https:\/\/sandzakpress.net\/arhiva\/wp-content\/uploads\/2014\/10\/09.jpg\",\"datePublished\":\"2014-10-02T16:35:01+00:00\",\"dateModified\":\"2014-10-02T23:50:25+00:00\",\"breadcrumb\":{\"@id\":\"https:\/\/sandzakpress.net\/arhiva\/turska-objavila-rat-organizaciji-islamske-drzave\/#breadcrumb\"},\"inLanguage\":\"bs-BA\",\"potentialAction\":[{\"@type\":\"ReadAction\",\"target\":[\"https:\/\/sandzakpress.net\/arhiva\/turska-objavila-rat-organizaciji-islamske-drzave\/\"]}]},{\"@type\":\"ImageObject\",\"inLanguage\":\"bs-BA\",\"@id\":\"https:\/\/sandzakpress.net\/arhiva\/turska-objavila-rat-organizaciji-islamske-drzave\/#primaryimage\",\"url\":\"https:\/\/sandzakpress.net\/arhiva\/wp-content\/uploads\/2014\/10\/09.jpg\",\"contentUrl\":\"https:\/\/sandzakpress.net\/arhiva\/wp-content\/uploads\/2014\/10\/09.jpg\",\"width\":480,\"height\":360},{\"@type\":\"BreadcrumbList\",\"@id\":\"https:\/\/sandzakpress.net\/arhiva\/turska-objavila-rat-organizaciji-islamske-drzave\/#breadcrumb\",\"itemListElement\":[{\"@type\":\"ListItem\",\"position\":1,\"name\":\"Home\",\"item\":\"https:\/\/sandzakpress.net\/arhiva\/\"},{\"@type\":\"ListItem\",\"position\":2,\"name\":\"Turska objavila rat organizaciji Islamske dr\u017eave\"}]},{\"@type\":\"WebSite\",\"@id\":\"https:\/\/sandzakpress.net\/arhiva\/#website\",\"url\":\"https:\/\/sandzakpress.net\/arhiva\/\",\"name\":\"Sand\u017eak PRESS\",\"description\":\"Prve elektronske novine u Sand\u017eaku\",\"publisher\":{\"@id\":\"https:\/\/sandzakpress.net\/arhiva\/#\/schema\/person\/6e72b67d6e51910a1117b3b483ba20bd\"},\"potentialAction\":[{\"@type\":\"SearchAction\",\"target\":{\"@type\":\"EntryPoint\",\"urlTemplate\":\"https:\/\/sandzakpress.net\/arhiva\/?s={search_term_string}\"},\"query-input\":{\"@type\":\"PropertyValueSpecification\",\"valueRequired\":true,\"valueName\":\"search_term_string\"}}],\"inLanguage\":\"bs-BA\"},{\"@type\":[\"Person\",\"Organization\"],\"@id\":\"https:\/\/sandzakpress.net\/arhiva\/#\/schema\/person\/6e72b67d6e51910a1117b3b483ba20bd\",\"name\":\"Kul\",\"image\":{\"@type\":\"ImageObject\",\"inLanguage\":\"bs-BA\",\"@id\":\"https:\/\/sandzakpress.net\/arhiva\/#\/schema\/person\/image\/\",\"url\":\"https:\/\/secure.gravatar.com\/avatar\/42263f39aa27ac04c43cab85c280eb2e?s=96&d=mm&r=pg\",\"contentUrl\":\"https:\/\/secure.gravatar.com\/avatar\/42263f39aa27ac04c43cab85c280eb2e?s=96&d=mm&r=pg\",\"caption\":\"Kul\"},\"logo\":{\"@id\":\"https:\/\/sandzakpress.net\/arhiva\/#\/schema\/person\/image\/\"}},{\"@type\":\"Person\",\"@id\":\"https:\/\/sandzakpress.net\/arhiva\/#\/schema\/person\/c8baee722073534b583ea7bdb2e36c02\",\"name\":\"bosniak\",\"image\":{\"@type\":\"ImageObject\",\"inLanguage\":\"bs-BA\",\"@id\":\"https:\/\/sandzakpress.net\/arhiva\/#\/schema\/person\/image\/\",\"url\":\"https:\/\/secure.gravatar.com\/avatar\/a04fd330bfe3a36a72a0ad4a6d89fca7?s=96&d=mm&r=pg\",\"contentUrl\":\"https:\/\/secure.gravatar.com\/avatar\/a04fd330bfe3a36a72a0ad4a6d89fca7?s=96&d=mm&r=pg\",\"caption\":\"bosniak\"},\"url\":\"https:\/\/sandzakpress.net\/arhiva\/author\/bosniak\/\"}]}<\/script>\n<!-- \/ Yoast SEO Premium plugin. -->","yoast_head_json":{"title":"Turska objavila rat organizaciji Islamske dr\u017eave","robots":{"index":"index","follow":"follow","max-snippet":"max-snippet:-1","max-image-preview":"max-image-preview:large","max-video-preview":"max-video-preview:-1"},"canonical":"https:\/\/sandzakpress.net\/arhiva\/turska-objavila-rat-organizaciji-islamske-drzave\/","og_locale":"bs_BA","og_type":"article","og_title":"Turska objavila rat organizaciji Islamske dr\u017eave","og_description":"Turska &#8211; Turske trupe dobile su zeleno svjetlo za sudjelovanje u borbama protiv ISIL-a u Siriji i Iraku.\u00a0\u00a0 Kada i kako odlu\u010dit \u0107e Vlada, koja je Parlamentu uputila ovaj, ve\u010deras prihva\u0107en prijedlog,\u00a0 da se pridru\u017ee me\u0111unarodnoj koaliciji koju predvodi SAD. Predsjednik Recep Tayyip Erdogan u vi\u0161e je navrata predlagao tampon-zonu na turskoj granici sa Sirijom. [&hellip;]","og_url":"https:\/\/sandzakpress.net\/arhiva\/turska-objavila-rat-organizaciji-islamske-drzave\/","og_site_name":"Sand\u017eak PRESS","article_published_time":"2014-10-02T16:35:01+00:00","article_modified_time":"2014-10-02T23:50:25+00:00","og_image":[{"width":480,"height":360,"url":"https:\/\/sandzakpress.net\/arhiva\/wp-content\/uploads\/2014\/10\/09.jpg","type":"image\/jpeg"}],"author":"bosniak","twitter_card":"summary_large_image","twitter_misc":{"Written by":"bosniak","Est. reading time":"2 minute"},"schema":{"@context":"https:\/\/schema.org","@graph":[{"@type":"Article","@id":"https:\/\/sandzakpress.net\/arhiva\/turska-objavila-rat-organizaciji-islamske-drzave\/#article","isPartOf":{"@id":"https:\/\/sandzakpress.net\/arhiva\/turska-objavila-rat-organizaciji-islamske-drzave\/"},"author":{"name":"bosniak","@id":"https:\/\/sandzakpress.net\/arhiva\/#\/schema\/person\/c8baee722073534b583ea7bdb2e36c02"},"headline":"Turska objavila rat organizaciji Islamske dr\u017eave","datePublished":"2014-10-02T16:35:01+00:00","dateModified":"2014-10-02T23:50:25+00:00","mainEntityOfPage":{"@id":"https:\/\/sandzakpress.net\/arhiva\/turska-objavila-rat-organizaciji-islamske-drzave\/"},"wordCount":403,"commentCount":15,"publisher":{"@id":"https:\/\/sandzakpress.net\/arhiva\/#\/schema\/person\/6e72b67d6e51910a1117b3b483ba20bd"},"image":{"@id":"https:\/\/sandzakpress.net\/arhiva\/turska-objavila-rat-organizaciji-islamske-drzave\/#primaryimage"},"thumbnailUrl":"https:\/\/sandzakpress.net\/arhiva\/wp-content\/uploads\/2014\/10\/09.jpg","keywords":["Sirija"],"articleSection":["Svijet","VIJESTI DANA","Turska"],"inLanguage":"bs-BA","potentialAction":[{"@type":"CommentAction","name":"Comment","target":["https:\/\/sandzakpress.net\/arhiva\/turska-objavila-rat-organizaciji-islamske-drzave\/#respond"]}]},{"@type":"WebPage","@id":"https:\/\/sandzakpress.net\/arhiva\/turska-objavila-rat-organizaciji-islamske-drzave\/","url":"https:\/\/sandzakpress.net\/arhiva\/turska-objavila-rat-organizaciji-islamske-drzave\/","name":"Turska objavila rat organizaciji Islamske dr\u017eave","isPartOf":{"@id":"https:\/\/sandzakpress.net\/arhiva\/#website"},"primaryImageOfPage":{"@id":"https:\/\/sandzakpress.net\/arhiva\/turska-objavila-rat-organizaciji-islamske-drzave\/#primaryimage"},"image":{"@id":"https:\/\/sandzakpress.net\/arhiva\/turska-objavila-rat-organizaciji-islamske-drzave\/#primaryimage"},"thumbnailUrl":"https:\/\/sandzakpress.net\/arhiva\/wp-content\/uploads\/2014\/10\/09.jpg","datePublished":"2014-10-02T16:35:01+00:00","dateModified":"2014-10-02T23:50:25+00:00","breadcrumb":{"@id":"https:\/\/sandzakpress.net\/arhiva\/turska-objavila-rat-organizaciji-islamske-drzave\/#breadcrumb"},"inLanguage":"bs-BA","potentialAction":[{"@type":"ReadAction","target":["https:\/\/sandzakpress.net\/arhiva\/turska-objavila-rat-organizaciji-islamske-drzave\/"]}]},{"@type":"ImageObject","inLanguage":"bs-BA","@id":"https:\/\/sandzakpress.net\/arhiva\/turska-objavila-rat-organizaciji-islamske-drzave\/#primaryimage","url":"https:\/\/sandzakpress.net\/arhiva\/wp-content\/uploads\/2014\/10\/09.jpg","contentUrl":"https:\/\/sandzakpress.net\/arhiva\/wp-content\/uploads\/2014\/10\/09.jpg","width":480,"height":360},{"@type":"BreadcrumbList","@id":"https:\/\/sandzakpress.net\/arhiva\/turska-objavila-rat-organizaciji-islamske-drzave\/#breadcrumb","itemListElement":[{"@type":"ListItem","position":1,"name":"Home","item":"https:\/\/sandzakpress.net\/arhiva\/"},{"@type":"ListItem","position":2,"name":"Turska objavila rat organizaciji Islamske dr\u017eave"}]},{"@type":"WebSite","@id":"https:\/\/sandzakpress.net\/arhiva\/#website","url":"https:\/\/sandzakpress.net\/arhiva\/","name":"Sand\u017eak PRESS","description":"Prve elektronske novine u Sand\u017eaku","publisher":{"@id":"https:\/\/sandzakpress.net\/arhiva\/#\/schema\/person\/6e72b67d6e51910a1117b3b483ba20bd"},"potentialAction":[{"@type":"SearchAction","target":{"@type":"EntryPoint","urlTemplate":"https:\/\/sandzakpress.net\/arhiva\/?s={search_term_string}"},"query-input":{"@type":"PropertyValueSpecification","valueRequired":true,"valueName":"search_term_string"}}],"inLanguage":"bs-BA"},{"@type":["Person","Organization"],"@id":"https:\/\/sandzakpress.net\/arhiva\/#\/schema\/person\/6e72b67d6e51910a1117b3b483ba20bd","name":"Kul","image":{"@type":"ImageObject","inLanguage":"bs-BA","@id":"https:\/\/sandzakpress.net\/arhiva\/#\/schema\/person\/image\/","url":"https:\/\/secure.gravatar.com\/avatar\/42263f39aa27ac04c43cab85c280eb2e?s=96&d=mm&r=pg","contentUrl":"https:\/\/secure.gravatar.com\/avatar\/42263f39aa27ac04c43cab85c280eb2e?s=96&d=mm&r=pg","caption":"Kul"},"logo":{"@id":"https:\/\/sandzakpress.net\/arhiva\/#\/schema\/person\/image\/"}},{"@type":"Person","@id":"https:\/\/sandzakpress.net\/arhiva\/#\/schema\/person\/c8baee722073534b583ea7bdb2e36c02","name":"bosniak","image":{"@type":"ImageObject","inLanguage":"bs-BA","@id":"https:\/\/sandzakpress.net\/arhiva\/#\/schema\/person\/image\/","url":"https:\/\/secure.gravatar.com\/avatar\/a04fd330bfe3a36a72a0ad4a6d89fca7?s=96&d=mm&r=pg","contentUrl":"https:\/\/secure.gravatar.com\/avatar\/a04fd330bfe3a36a72a0ad4a6d89fca7?s=96&d=mm&r=pg","caption":"bosniak"},"url":"https:\/\/sandzakpress.net\/arhiva\/author\/bosniak\/"}]}},"_links":{"self":[{"href":"https:\/\/sandzakpress.net\/arhiva\/wp-json\/wp\/v2\/posts\/112636"}],"collection":[{"href":"https:\/\/sandzakpress.net\/arhiva\/wp-json\/wp\/v2\/posts"}],"about":[{"href":"https:\/\/sandzakpress.net\/arhiva\/wp-json\/wp\/v2\/types\/post"}],"author":[{"embeddable":true,"href":"https:\/\/sandzakpress.net\/arhiva\/wp-json\/wp\/v2\/users\/83"}],"replies":[{"embeddable":true,"href":"https:\/\/sandzakpress.net\/arhiva\/wp-json\/wp\/v2\/comments?post=112636"}],"version-history":[{"count":0,"href":"https:\/\/sandzakpress.net\/arhiva\/wp-json\/wp\/v2\/posts\/112636\/revisions"}],"wp:featuredmedia":[{"embeddable":true,"href":"https:\/\/sandzakpress.net\/arhiva\/wp-json\/wp\/v2\/media\/112641"}],"wp:attachment":[{"href":"https:\/\/sandzakpress.net\/arhiva\/wp-json\/wp\/v2\/media?parent=112636"}],"wp:term":[{"taxonomy":"category","embeddable":true,"href":"https:\/\/sandzakpress.net\/arhiva\/wp-json\/wp\/v2\/categories?post=112636"},{"taxonomy":"post_tag","embeddable":true,"href":"https:\/\/sandzakpress.net\/arhiva\/wp-json\/wp\/v2\/tags?post=112636"}],"curies":[{"name":"wp","href":"https:\/\/api.w.org\/{rel}","templated":true}]}}