{"id":112593,"date":"2014-10-02T01:52:51","date_gmt":"2014-10-01T23:52:51","guid":{"rendered":"https:\/\/sandzakpress.net\/arhiva\/?p=112593"},"modified":"2014-10-02T15:19:24","modified_gmt":"2014-10-02T13:19:24","slug":"muftijstvu-sandzackom-ne-treba-dozvola-crne-gore","status":"publish","type":"post","link":"https:\/\/sandzakpress.net\/arhiva\/muftijstvu-sandzackom-ne-treba-dozvola-crne-gore\/","title":{"rendered":"Muftijstvu sand\u017ea\u010dkom ne treba dozvola Crne Gore"},"content":{"rendered":"<p class=\"lead\" style=\"color: #000000;\"><img decoding=\"async\" src=\"http:\/\/www.novosti.rs\/upload\/thumbs\/images\/2014\/\/09\/30n\/reg--ZUKORLIc-NA-OTVARANJU-_620x0.jpg\" alt=\" \" \/><\/p>\n<p class=\"lead\" style=\"color: #000000;\"><strong>Ju\u017eni Sand\u017eak &#8211; \u0160kola Kur'ana i dje\u010diji vrti\u0107 &#8220;Reuda&#8221; u Ro\u017eajam dio su programa koji postoji du\u017ee od 15 godina ka\u017ee za Televiziju Crne Gore muftija-sand\u017ea\u010dki Muamer Zukorli\u0107.<\/strong><\/p>\n<p style=\"color: #000000;\">Za takvu vrstu programa ka\u017ee da mu nije potrebna dozvola ni dr\u017eavne ni lokalne samouprave niti reisa, jer su ti objekti ve\u0107 registrovani u okviru Bo\u0161nja\u010dke kulturne zajednice i Muslimanskog omladinskog kluba.<\/p>\n<p style=\"color: #000000;\">Muftija sand\u017ea\u010dki Muamer Zukorli\u0107 ne razumije kada je i za\u0161to razljutio reisa Islamske zajednice u Crnoj Gori Rifata Fejzi\u0107a, koji ga je optu\u017eio za fa\u0161isti\u010dko djelovanje.<\/p>\n<p style=\"color: #000000;\">\u201eO\u010dito je u pitanju neko ogor\u010denje &#8211; bijes, meni nejasno odakle i za\u0161to dolazi. Li\u010dna nesigurost\u201c, ka\u017ee Zukorli\u0107.<\/p>\n<p style=\"color: #000000;\">On ka\u017ee da nema ni\u0161ta sporno u otvaranju \u0160kole Kurana i islamskog dje\u010djeg vrti\u0107a u Ro\u017eajama, jer muftijstvo sand\u017ea\u010dko potpuno legitimno djeluje u oba dijela Sand\u017eaka.<\/p>\n<p style=\"color: #000000;\">\u201eNe prihvatamo obavezu mi za ovu vrstu programa, ni za dozvolu od strane dr\u017eave, ni za dozvolu od strane Rifata Fejzi\u0107a, lokalne uprave. Ako je to registrovano u bilo kojoj formi. To su ve\u0107 registrovani subjekti kao \u0161to sam kazao ili kao bo\u0161nja\u010dko kulturna zajednica ili dje\u010dja igraona\u201c, pojasnio je Zukorli\u0107.<\/p>\n<p style=\"color: #000000;\">\u0160ta bi muftija Islamske zajednice rekao kada bi poglavar Crnogorske pravoslavne crkve, sli\u010dan objekat otvorio u njegovom Novom Pazaru?<\/p>\n<p style=\"color: #000000;\">&#8220;Meni to ne bi smetalo\u201c, odgovara muftija.<\/p>\n<p style=\"color: #000000;\">Na pitanje da li \u017eeli da podijeli Islamsku zajednicu i \u0161ta mu je cilj u Crnoj Gori, muftija ka\u017ee da \u017eeli da na jednom historijskom regionu funkcioni\u0161e bez prepreka.<\/p>\n<p style=\"color: #000000;\">\u201eBez stajanja u redovima na tim granicama. Bez toga da vi meni sada govorite da je to drugi svijeti, da ja mogu otvoriti vrti\u0107 u Pazaru, ali ne mogu u Ro\u017eaja. To je opasna poruka. Mi samo to \u017eelimo, mi \u017eelimo da i Srbiju i Crnu Goru do\u017eivimo kao svoje domove. To mora biti na obostrano povjerenje i zadovoljstvo i mi smo na to spremni da uzmemo svoja prava i da damo svoju lojalnost\u201c, kazao je Zukorli\u0107.<\/p>\n<p style=\"color: #000000;\">Predstavnicima bo\u0161njaka u Vladi i Skup\u0161tini Crne Gore zamjera \u0161to umjesto partnerskog imaju poltronski odnos.<\/p>\n<p style=\"color: #000000;\">&#8220;Jedno pri\u010daju na\u0161i bo\u0161nja\u010dki politi\u010dari u Crnoj Gori, dok su u opoziciji a drugo kad postanu ministrri i do\u0111u na vlast, vi znate da je tako\u201c, isti\u010de muftija sand\u017ea\u010dki.<\/p>\n<p style=\"color: #000000;\">Zukorli\u0107 ka\u017ee da su jedini interes Bo\u0161njaka stabilne Crna Gora i Srbija, jer ako te dr\u017eave imaju problem, imaju ga i Bo\u0161njaci. Nije, ka\u017ee, radikalan ve\u0107 sa razlogom oprezan.<\/p>\n<p style=\"color: #000000;\">&#8220;Shvatate li vi da su bo\u0161njaci ranjeni sa 11 valova genocida, da su duboko ranjeni nedostatkom konvencionalne nacionalne dr\u017eave koja ih \u0161titi i to izaziva nesigurnost. I vi sad o\u010dekujete da Bo\u0161njaci u Sand\u017eaku i u Srbiji i Crnoj Gori potpuno bezuslovno vjeruju i Srbiji i Crnoj Gori da im se ne\u0107e desiti ni\u0161ta niti jedan genocid, a desili su im se od strane te dvije dr\u017eave\u201c, zaklju\u010dio je Zukorli\u0107.<\/p>\n<p style=\"color: #000000;\"><strong>&#8220;Amfilohije ba\u0161tini genocidnu politiku&#8221;<\/strong><\/p>\n<p style=\"color: #000000;\">Generalno nezadovoljan politikom Srpske pravoslavne crkve, Zukorli\u0107 tu vidi dva problema, ne razumijevanje izazova 21. vijeka i nesigurnost u sopstveno pravoslavno u\u010denje. Posebna pri\u010da je ka\u017ee mitropolit Amfilohije.<\/p>\n<p style=\"color: #000000;\">&#8220;Izjava koja se prije nekoliko sedmica \u010dula od Amfilohija u kojoj on veoma otvoreno pravda genocid nad muslimanima, je poziv na genocid. I priznanje da Srpskoj pravoslavna crkva na \u010delu sa Amfilohijem Radovi\u0107em zapravo ba\u0161tini genocidnu politiku. To je stravi\u010dno:&#8221;<\/p>\n<p style=\"color: #000000;\">Iako u Novom Pazaru u\u017eiva neprkosnoven autoritet, ima ogroman uticaj i neskrivenu mo\u0107 na sve, od vjere i politike do biznisa, muftija Zukorli\u0107 i tamo ima svoje ljute oponente, koji su ga nekada zdu\u0161no podr\u017eavali.<\/p>\n<p style=\"color: #000000;\">(RTCG)<\/p>\n","protected":false},"excerpt":{"rendered":"<p>Ju\u017eni Sand\u017eak &#8211; \u0160kola Kur'ana i dje\u010diji vrti\u0107 &#8220;Reuda&#8221; u Ro\u017eajam dio su programa koji postoji du\u017ee od 15 godina ka\u017ee za Televiziju Crne Gore muftija-sand\u017ea\u010dki Muamer Zukorli\u0107. Za takvu vrstu programa ka\u017ee da mu nije potrebna dozvola ni dr\u017eavne ni lokalne samouprave niti reisa, jer su ti objekti ve\u0107 registrovani u okviru Bo\u0161nja\u010dke kulturne [&hellip;]<\/p>\n","protected":false},"author":83,"featured_media":112594,"comment_status":"open","ping_status":"open","sticky":false,"template":"","format":"standard","meta":{"footnotes":""},"categories":[398,800,397,10174,396,395,399,10173,8957],"tags":[10229,10204,10218],"class_list":{"0":"post-112593","1":"post","2":"type-post","3":"status-publish","4":"format-standard","5":"has-post-thumbnail","7":"category-rozaje","8":"category-nacija","9":"category-berane","10":"category-petnjica-vase-vijesti","11":"category-bijelo_polje","12":"category-pljevlja_","13":"category-plav_","14":"category-gusinje-vase-vijesti","15":"category-vijesti-dana","16":"tag-islamska-zajednica","17":"tag-muftija-muamer-zukorlic","18":"tag-nepravde-crnogorske-vlasti"},"yoast_head":"<!-- This site is optimized with the Yoast SEO Premium plugin v23.1 (Yoast SEO v24.9) - https:\/\/yoast.com\/wordpress\/plugins\/seo\/ -->\n<title>Muftijstvu sand\u017ea\u010dkom ne treba dozvola Crne Gore<\/title>\n<meta name=\"robots\" content=\"index, follow, max-snippet:-1, max-image-preview:large, max-video-preview:-1\" \/>\n<link rel=\"canonical\" href=\"https:\/\/sandzakpress.net\/arhiva\/muftijstvu-sandzackom-ne-treba-dozvola-crne-gore\/\" \/>\n<meta property=\"og:locale\" content=\"bs_BA\" \/>\n<meta property=\"og:type\" content=\"article\" \/>\n<meta property=\"og:title\" content=\"Muftijstvu sand\u017ea\u010dkom ne treba dozvola Crne Gore\" \/>\n<meta property=\"og:description\" content=\"Ju\u017eni Sand\u017eak &#8211; \u0160kola Kur&#039;ana i dje\u010diji vrti\u0107 &#8220;Reuda&#8221; u Ro\u017eajam dio su programa koji postoji du\u017ee od 15 godina ka\u017ee za Televiziju Crne Gore muftija-sand\u017ea\u010dki Muamer Zukorli\u0107. Za takvu vrstu programa ka\u017ee da mu nije potrebna dozvola ni dr\u017eavne ni lokalne samouprave niti reisa, jer su ti objekti ve\u0107 registrovani u okviru Bo\u0161nja\u010dke kulturne [&hellip;]\" \/>\n<meta property=\"og:url\" content=\"https:\/\/sandzakpress.net\/arhiva\/muftijstvu-sandzackom-ne-treba-dozvola-crne-gore\/\" \/>\n<meta property=\"og:site_name\" content=\"Sand\u017eak PRESS\" \/>\n<meta property=\"article:published_time\" content=\"2014-10-01T23:52:51+00:00\" \/>\n<meta property=\"article:modified_time\" content=\"2014-10-02T13:19:24+00:00\" \/>\n<meta property=\"og:image\" content=\"https:\/\/sandzakpress.net\/arhiva\/wp-content\/uploads\/2014\/10\/reg-ZUKORLIc-NA-OTVARANJU-_620x0.jpg\" \/>\n\t<meta property=\"og:image:width\" content=\"620\" \/>\n\t<meta property=\"og:image:height\" content=\"411\" \/>\n\t<meta property=\"og:image:type\" content=\"image\/jpeg\" \/>\n<meta name=\"author\" content=\"bosniak\" \/>\n<meta name=\"twitter:card\" content=\"summary_large_image\" \/>\n<meta name=\"twitter:label1\" content=\"Written by\" \/>\n\t<meta name=\"twitter:data1\" content=\"bosniak\" \/>\n\t<meta name=\"twitter:label2\" content=\"Est. reading time\" \/>\n\t<meta name=\"twitter:data2\" content=\"3 minute\" \/>\n<script type=\"application\/ld+json\" class=\"yoast-schema-graph\">{\"@context\":\"https:\/\/schema.org\",\"@graph\":[{\"@type\":\"Article\",\"@id\":\"https:\/\/sandzakpress.net\/arhiva\/muftijstvu-sandzackom-ne-treba-dozvola-crne-gore\/#article\",\"isPartOf\":{\"@id\":\"https:\/\/sandzakpress.net\/arhiva\/muftijstvu-sandzackom-ne-treba-dozvola-crne-gore\/\"},\"author\":{\"name\":\"bosniak\",\"@id\":\"https:\/\/sandzakpress.net\/arhiva\/#\/schema\/person\/c8baee722073534b583ea7bdb2e36c02\"},\"headline\":\"Muftijstvu sand\u017ea\u010dkom ne treba dozvola Crne Gore\",\"datePublished\":\"2014-10-01T23:52:51+00:00\",\"dateModified\":\"2014-10-02T13:19:24+00:00\",\"mainEntityOfPage\":{\"@id\":\"https:\/\/sandzakpress.net\/arhiva\/muftijstvu-sandzackom-ne-treba-dozvola-crne-gore\/\"},\"wordCount\":648,\"commentCount\":8,\"publisher\":{\"@id\":\"https:\/\/sandzakpress.net\/arhiva\/#\/schema\/person\/6e72b67d6e51910a1117b3b483ba20bd\"},\"image\":{\"@id\":\"https:\/\/sandzakpress.net\/arhiva\/muftijstvu-sandzackom-ne-treba-dozvola-crne-gore\/#primaryimage\"},\"thumbnailUrl\":\"https:\/\/sandzakpress.net\/arhiva\/wp-content\/uploads\/2014\/10\/reg-ZUKORLIc-NA-OTVARANJU-_620x0.jpg\",\"keywords\":[\"Islamska zajednica\",\"muftija Muamer Zukorli\u0107\",\"nepravde crnogorske vlasti\"],\"articleSection\":[\"Ro\u017eaje\",\"Nacija\",\"Berane\",\"Petnjica\",\"Bijelo Polje\",\"Pljevlja\",\"Plav\",\"Gusinje\",\"VIJESTI DANA\"],\"inLanguage\":\"bs-BA\",\"potentialAction\":[{\"@type\":\"CommentAction\",\"name\":\"Comment\",\"target\":[\"https:\/\/sandzakpress.net\/arhiva\/muftijstvu-sandzackom-ne-treba-dozvola-crne-gore\/#respond\"]}]},{\"@type\":\"WebPage\",\"@id\":\"https:\/\/sandzakpress.net\/arhiva\/muftijstvu-sandzackom-ne-treba-dozvola-crne-gore\/\",\"url\":\"https:\/\/sandzakpress.net\/arhiva\/muftijstvu-sandzackom-ne-treba-dozvola-crne-gore\/\",\"name\":\"Muftijstvu sand\u017ea\u010dkom ne treba dozvola Crne Gore\",\"isPartOf\":{\"@id\":\"https:\/\/sandzakpress.net\/arhiva\/#website\"},\"primaryImageOfPage\":{\"@id\":\"https:\/\/sandzakpress.net\/arhiva\/muftijstvu-sandzackom-ne-treba-dozvola-crne-gore\/#primaryimage\"},\"image\":{\"@id\":\"https:\/\/sandzakpress.net\/arhiva\/muftijstvu-sandzackom-ne-treba-dozvola-crne-gore\/#primaryimage\"},\"thumbnailUrl\":\"https:\/\/sandzakpress.net\/arhiva\/wp-content\/uploads\/2014\/10\/reg-ZUKORLIc-NA-OTVARANJU-_620x0.jpg\",\"datePublished\":\"2014-10-01T23:52:51+00:00\",\"dateModified\":\"2014-10-02T13:19:24+00:00\",\"breadcrumb\":{\"@id\":\"https:\/\/sandzakpress.net\/arhiva\/muftijstvu-sandzackom-ne-treba-dozvola-crne-gore\/#breadcrumb\"},\"inLanguage\":\"bs-BA\",\"potentialAction\":[{\"@type\":\"ReadAction\",\"target\":[\"https:\/\/sandzakpress.net\/arhiva\/muftijstvu-sandzackom-ne-treba-dozvola-crne-gore\/\"]}]},{\"@type\":\"ImageObject\",\"inLanguage\":\"bs-BA\",\"@id\":\"https:\/\/sandzakpress.net\/arhiva\/muftijstvu-sandzackom-ne-treba-dozvola-crne-gore\/#primaryimage\",\"url\":\"https:\/\/sandzakpress.net\/arhiva\/wp-content\/uploads\/2014\/10\/reg-ZUKORLIc-NA-OTVARANJU-_620x0.jpg\",\"contentUrl\":\"https:\/\/sandzakpress.net\/arhiva\/wp-content\/uploads\/2014\/10\/reg-ZUKORLIc-NA-OTVARANJU-_620x0.jpg\",\"width\":620,\"height\":411},{\"@type\":\"BreadcrumbList\",\"@id\":\"https:\/\/sandzakpress.net\/arhiva\/muftijstvu-sandzackom-ne-treba-dozvola-crne-gore\/#breadcrumb\",\"itemListElement\":[{\"@type\":\"ListItem\",\"position\":1,\"name\":\"Home\",\"item\":\"https:\/\/sandzakpress.net\/arhiva\/\"},{\"@type\":\"ListItem\",\"position\":2,\"name\":\"Muftijstvu sand\u017ea\u010dkom ne treba dozvola Crne Gore\"}]},{\"@type\":\"WebSite\",\"@id\":\"https:\/\/sandzakpress.net\/arhiva\/#website\",\"url\":\"https:\/\/sandzakpress.net\/arhiva\/\",\"name\":\"Sand\u017eak PRESS\",\"description\":\"Prve elektronske novine u Sand\u017eaku\",\"publisher\":{\"@id\":\"https:\/\/sandzakpress.net\/arhiva\/#\/schema\/person\/6e72b67d6e51910a1117b3b483ba20bd\"},\"potentialAction\":[{\"@type\":\"SearchAction\",\"target\":{\"@type\":\"EntryPoint\",\"urlTemplate\":\"https:\/\/sandzakpress.net\/arhiva\/?s={search_term_string}\"},\"query-input\":{\"@type\":\"PropertyValueSpecification\",\"valueRequired\":true,\"valueName\":\"search_term_string\"}}],\"inLanguage\":\"bs-BA\"},{\"@type\":[\"Person\",\"Organization\"],\"@id\":\"https:\/\/sandzakpress.net\/arhiva\/#\/schema\/person\/6e72b67d6e51910a1117b3b483ba20bd\",\"name\":\"Kul\",\"image\":{\"@type\":\"ImageObject\",\"inLanguage\":\"bs-BA\",\"@id\":\"https:\/\/sandzakpress.net\/arhiva\/#\/schema\/person\/image\/\",\"url\":\"https:\/\/secure.gravatar.com\/avatar\/42263f39aa27ac04c43cab85c280eb2e?s=96&d=mm&r=pg\",\"contentUrl\":\"https:\/\/secure.gravatar.com\/avatar\/42263f39aa27ac04c43cab85c280eb2e?s=96&d=mm&r=pg\",\"caption\":\"Kul\"},\"logo\":{\"@id\":\"https:\/\/sandzakpress.net\/arhiva\/#\/schema\/person\/image\/\"}},{\"@type\":\"Person\",\"@id\":\"https:\/\/sandzakpress.net\/arhiva\/#\/schema\/person\/c8baee722073534b583ea7bdb2e36c02\",\"name\":\"bosniak\",\"image\":{\"@type\":\"ImageObject\",\"inLanguage\":\"bs-BA\",\"@id\":\"https:\/\/sandzakpress.net\/arhiva\/#\/schema\/person\/image\/\",\"url\":\"https:\/\/secure.gravatar.com\/avatar\/a04fd330bfe3a36a72a0ad4a6d89fca7?s=96&d=mm&r=pg\",\"contentUrl\":\"https:\/\/secure.gravatar.com\/avatar\/a04fd330bfe3a36a72a0ad4a6d89fca7?s=96&d=mm&r=pg\",\"caption\":\"bosniak\"},\"url\":\"https:\/\/sandzakpress.net\/arhiva\/author\/bosniak\/\"}]}<\/script>\n<!-- \/ Yoast SEO Premium plugin. -->","yoast_head_json":{"title":"Muftijstvu sand\u017ea\u010dkom ne treba dozvola Crne Gore","robots":{"index":"index","follow":"follow","max-snippet":"max-snippet:-1","max-image-preview":"max-image-preview:large","max-video-preview":"max-video-preview:-1"},"canonical":"https:\/\/sandzakpress.net\/arhiva\/muftijstvu-sandzackom-ne-treba-dozvola-crne-gore\/","og_locale":"bs_BA","og_type":"article","og_title":"Muftijstvu sand\u017ea\u010dkom ne treba dozvola Crne Gore","og_description":"Ju\u017eni Sand\u017eak &#8211; \u0160kola Kur'ana i dje\u010diji vrti\u0107 &#8220;Reuda&#8221; u Ro\u017eajam dio su programa koji postoji du\u017ee od 15 godina ka\u017ee za Televiziju Crne Gore muftija-sand\u017ea\u010dki Muamer Zukorli\u0107. Za takvu vrstu programa ka\u017ee da mu nije potrebna dozvola ni dr\u017eavne ni lokalne samouprave niti reisa, jer su ti objekti ve\u0107 registrovani u okviru Bo\u0161nja\u010dke kulturne [&hellip;]","og_url":"https:\/\/sandzakpress.net\/arhiva\/muftijstvu-sandzackom-ne-treba-dozvola-crne-gore\/","og_site_name":"Sand\u017eak PRESS","article_published_time":"2014-10-01T23:52:51+00:00","article_modified_time":"2014-10-02T13:19:24+00:00","og_image":[{"width":620,"height":411,"url":"https:\/\/sandzakpress.net\/arhiva\/wp-content\/uploads\/2014\/10\/reg-ZUKORLIc-NA-OTVARANJU-_620x0.jpg","type":"image\/jpeg"}],"author":"bosniak","twitter_card":"summary_large_image","twitter_misc":{"Written by":"bosniak","Est. reading time":"3 minute"},"schema":{"@context":"https:\/\/schema.org","@graph":[{"@type":"Article","@id":"https:\/\/sandzakpress.net\/arhiva\/muftijstvu-sandzackom-ne-treba-dozvola-crne-gore\/#article","isPartOf":{"@id":"https:\/\/sandzakpress.net\/arhiva\/muftijstvu-sandzackom-ne-treba-dozvola-crne-gore\/"},"author":{"name":"bosniak","@id":"https:\/\/sandzakpress.net\/arhiva\/#\/schema\/person\/c8baee722073534b583ea7bdb2e36c02"},"headline":"Muftijstvu sand\u017ea\u010dkom ne treba dozvola Crne Gore","datePublished":"2014-10-01T23:52:51+00:00","dateModified":"2014-10-02T13:19:24+00:00","mainEntityOfPage":{"@id":"https:\/\/sandzakpress.net\/arhiva\/muftijstvu-sandzackom-ne-treba-dozvola-crne-gore\/"},"wordCount":648,"commentCount":8,"publisher":{"@id":"https:\/\/sandzakpress.net\/arhiva\/#\/schema\/person\/6e72b67d6e51910a1117b3b483ba20bd"},"image":{"@id":"https:\/\/sandzakpress.net\/arhiva\/muftijstvu-sandzackom-ne-treba-dozvola-crne-gore\/#primaryimage"},"thumbnailUrl":"https:\/\/sandzakpress.net\/arhiva\/wp-content\/uploads\/2014\/10\/reg-ZUKORLIc-NA-OTVARANJU-_620x0.jpg","keywords":["Islamska zajednica","muftija Muamer Zukorli\u0107","nepravde crnogorske vlasti"],"articleSection":["Ro\u017eaje","Nacija","Berane","Petnjica","Bijelo Polje","Pljevlja","Plav","Gusinje","VIJESTI DANA"],"inLanguage":"bs-BA","potentialAction":[{"@type":"CommentAction","name":"Comment","target":["https:\/\/sandzakpress.net\/arhiva\/muftijstvu-sandzackom-ne-treba-dozvola-crne-gore\/#respond"]}]},{"@type":"WebPage","@id":"https:\/\/sandzakpress.net\/arhiva\/muftijstvu-sandzackom-ne-treba-dozvola-crne-gore\/","url":"https:\/\/sandzakpress.net\/arhiva\/muftijstvu-sandzackom-ne-treba-dozvola-crne-gore\/","name":"Muftijstvu sand\u017ea\u010dkom ne treba dozvola Crne Gore","isPartOf":{"@id":"https:\/\/sandzakpress.net\/arhiva\/#website"},"primaryImageOfPage":{"@id":"https:\/\/sandzakpress.net\/arhiva\/muftijstvu-sandzackom-ne-treba-dozvola-crne-gore\/#primaryimage"},"image":{"@id":"https:\/\/sandzakpress.net\/arhiva\/muftijstvu-sandzackom-ne-treba-dozvola-crne-gore\/#primaryimage"},"thumbnailUrl":"https:\/\/sandzakpress.net\/arhiva\/wp-content\/uploads\/2014\/10\/reg-ZUKORLIc-NA-OTVARANJU-_620x0.jpg","datePublished":"2014-10-01T23:52:51+00:00","dateModified":"2014-10-02T13:19:24+00:00","breadcrumb":{"@id":"https:\/\/sandzakpress.net\/arhiva\/muftijstvu-sandzackom-ne-treba-dozvola-crne-gore\/#breadcrumb"},"inLanguage":"bs-BA","potentialAction":[{"@type":"ReadAction","target":["https:\/\/sandzakpress.net\/arhiva\/muftijstvu-sandzackom-ne-treba-dozvola-crne-gore\/"]}]},{"@type":"ImageObject","inLanguage":"bs-BA","@id":"https:\/\/sandzakpress.net\/arhiva\/muftijstvu-sandzackom-ne-treba-dozvola-crne-gore\/#primaryimage","url":"https:\/\/sandzakpress.net\/arhiva\/wp-content\/uploads\/2014\/10\/reg-ZUKORLIc-NA-OTVARANJU-_620x0.jpg","contentUrl":"https:\/\/sandzakpress.net\/arhiva\/wp-content\/uploads\/2014\/10\/reg-ZUKORLIc-NA-OTVARANJU-_620x0.jpg","width":620,"height":411},{"@type":"BreadcrumbList","@id":"https:\/\/sandzakpress.net\/arhiva\/muftijstvu-sandzackom-ne-treba-dozvola-crne-gore\/#breadcrumb","itemListElement":[{"@type":"ListItem","position":1,"name":"Home","item":"https:\/\/sandzakpress.net\/arhiva\/"},{"@type":"ListItem","position":2,"name":"Muftijstvu sand\u017ea\u010dkom ne treba dozvola Crne Gore"}]},{"@type":"WebSite","@id":"https:\/\/sandzakpress.net\/arhiva\/#website","url":"https:\/\/sandzakpress.net\/arhiva\/","name":"Sand\u017eak PRESS","description":"Prve elektronske novine u Sand\u017eaku","publisher":{"@id":"https:\/\/sandzakpress.net\/arhiva\/#\/schema\/person\/6e72b67d6e51910a1117b3b483ba20bd"},"potentialAction":[{"@type":"SearchAction","target":{"@type":"EntryPoint","urlTemplate":"https:\/\/sandzakpress.net\/arhiva\/?s={search_term_string}"},"query-input":{"@type":"PropertyValueSpecification","valueRequired":true,"valueName":"search_term_string"}}],"inLanguage":"bs-BA"},{"@type":["Person","Organization"],"@id":"https:\/\/sandzakpress.net\/arhiva\/#\/schema\/person\/6e72b67d6e51910a1117b3b483ba20bd","name":"Kul","image":{"@type":"ImageObject","inLanguage":"bs-BA","@id":"https:\/\/sandzakpress.net\/arhiva\/#\/schema\/person\/image\/","url":"https:\/\/secure.gravatar.com\/avatar\/42263f39aa27ac04c43cab85c280eb2e?s=96&d=mm&r=pg","contentUrl":"https:\/\/secure.gravatar.com\/avatar\/42263f39aa27ac04c43cab85c280eb2e?s=96&d=mm&r=pg","caption":"Kul"},"logo":{"@id":"https:\/\/sandzakpress.net\/arhiva\/#\/schema\/person\/image\/"}},{"@type":"Person","@id":"https:\/\/sandzakpress.net\/arhiva\/#\/schema\/person\/c8baee722073534b583ea7bdb2e36c02","name":"bosniak","image":{"@type":"ImageObject","inLanguage":"bs-BA","@id":"https:\/\/sandzakpress.net\/arhiva\/#\/schema\/person\/image\/","url":"https:\/\/secure.gravatar.com\/avatar\/a04fd330bfe3a36a72a0ad4a6d89fca7?s=96&d=mm&r=pg","contentUrl":"https:\/\/secure.gravatar.com\/avatar\/a04fd330bfe3a36a72a0ad4a6d89fca7?s=96&d=mm&r=pg","caption":"bosniak"},"url":"https:\/\/sandzakpress.net\/arhiva\/author\/bosniak\/"}]}},"_links":{"self":[{"href":"https:\/\/sandzakpress.net\/arhiva\/wp-json\/wp\/v2\/posts\/112593"}],"collection":[{"href":"https:\/\/sandzakpress.net\/arhiva\/wp-json\/wp\/v2\/posts"}],"about":[{"href":"https:\/\/sandzakpress.net\/arhiva\/wp-json\/wp\/v2\/types\/post"}],"author":[{"embeddable":true,"href":"https:\/\/sandzakpress.net\/arhiva\/wp-json\/wp\/v2\/users\/83"}],"replies":[{"embeddable":true,"href":"https:\/\/sandzakpress.net\/arhiva\/wp-json\/wp\/v2\/comments?post=112593"}],"version-history":[{"count":0,"href":"https:\/\/sandzakpress.net\/arhiva\/wp-json\/wp\/v2\/posts\/112593\/revisions"}],"wp:featuredmedia":[{"embeddable":true,"href":"https:\/\/sandzakpress.net\/arhiva\/wp-json\/wp\/v2\/media\/112594"}],"wp:attachment":[{"href":"https:\/\/sandzakpress.net\/arhiva\/wp-json\/wp\/v2\/media?parent=112593"}],"wp:term":[{"taxonomy":"category","embeddable":true,"href":"https:\/\/sandzakpress.net\/arhiva\/wp-json\/wp\/v2\/categories?post=112593"},{"taxonomy":"post_tag","embeddable":true,"href":"https:\/\/sandzakpress.net\/arhiva\/wp-json\/wp\/v2\/tags?post=112593"}],"curies":[{"name":"wp","href":"https:\/\/api.w.org\/{rel}","templated":true}]}}