{"id":112591,"date":"2014-10-02T01:48:09","date_gmt":"2014-10-01T23:48:09","guid":{"rendered":"https:\/\/sandzakpress.net\/arhiva\/?p=112591"},"modified":"2014-10-02T15:13:25","modified_gmt":"2014-10-02T13:13:25","slug":"rastoder-prije-desetak-godina-fejzic-je-primao-platu-u-mesihatu-sandzackom","status":"publish","type":"post","link":"https:\/\/sandzakpress.net\/arhiva\/rastoder-prije-desetak-godina-fejzic-je-primao-platu-u-mesihatu-sandzackom\/","title":{"rendered":"Rastoder &#8211; Prije desetak godina, Fejzi\u0107 je primao platu u Me\u0161ihatu Sand\u017ea\u010dkom"},"content":{"rendered":"<p style=\"color: #000000;\"><img decoding=\"async\" src=\"http:\/\/www.img2.cdm.me\/sites\/cdm.bild-studio.me\/files\/styles\/301x227\/public\/multimedia\/foto\/2014\/10\/01\/serborastoder2.jpg\" alt=\"\" \/><\/p>\n<p style=\"color: #000000;\"><strong>Ju\u017eni Sand\u017eak &#8211; \u0160erbo Rastoder\u00a0je ocijenio da se ne radi o sukobu izme\u0111u Fejzi\u0107a i Zukorli\u0107a ni o sukobu, napomenuv\u0161i da je to prejaka i nedobronamjerna rije\u010d, i izraziv\u0161i uvjerenje da ni Fejzi\u0107 ni Zukorli\u0107 nisu nezreli da bi razli\u010dita gledi\u0161ta oko pojedinih pitanja generisali u sukob. Rastoder smatra da se radi o razli\u010ditim vi\u0111enjima uloge, mjesta i zna\u010daja IZ u dr\u017eavi i dru\u0161tvu, dodav\u0161i da te razlike postoje bar desetak godina unazad.<\/strong><\/p>\n<p style=\"color: #000000;\">&#8220;Unazad mnogo godina postavljao pitanja poput onih kako u Ro\u017eajama mo\u017ee raditi medresa koja nije pod duhovnom ingerencijom IZCG. Na takva pitanja bi mi kratko odgovarali da to valjda bolje od mene zna reis Fejzi\u0107 koji tamo radi kao profesor i mnogo toga jo\u0161. Dakle, volio bih da mi neko objasni, za\u0161to je ba\u0161 sada nekome stalo da reaktuelizuje neka pitanja, koja su desetak godina gurana pod tepih. Dozvolite mi da poga\u0111am: Zato \u0161to je sada aktuelna pri\u010da o ulasku Crne Gore u NATO ili zato \u0161to uskoro slijedi izbor novog reisa u Crnoj Gori? Mislim, da je ova &#8216;pri\u010da&#8217; iskonstruisana kao politi\u010dka logistika nekim centrima mo\u0107i i velika je neistina da je ona posljedica doktrinarnih razlika unutar iste vjere&#8221;, kazao je Rastoder Dnevnim novinama.<\/p>\n<p style=\"color: #000000;\">(CDM)<\/p>\n","protected":false},"excerpt":{"rendered":"<p>Ju\u017eni Sand\u017eak &#8211; \u0160erbo Rastoder\u00a0je ocijenio da se ne radi o sukobu izme\u0111u Fejzi\u0107a i Zukorli\u0107a ni o sukobu, napomenuv\u0161i da je to prejaka i nedobronamjerna rije\u010d, i izraziv\u0161i uvjerenje da ni Fejzi\u0107 ni Zukorli\u0107 nisu nezreli da bi razli\u010dita gledi\u0161ta oko pojedinih pitanja generisali u sukob. Rastoder smatra da se radi o razli\u010ditim vi\u0111enjima [&hellip;]<\/p>\n","protected":false},"author":83,"featured_media":112592,"comment_status":"open","ping_status":"open","sticky":false,"template":"","format":"standard","meta":{"footnotes":""},"categories":[398,1,397,10174,396,395,399,10173,8957],"tags":[10218],"class_list":{"0":"post-112591","1":"post","2":"type-post","3":"status-publish","4":"format-standard","5":"has-post-thumbnail","7":"category-rozaje","8":"category-politika","9":"category-berane","10":"category-petnjica-vase-vijesti","11":"category-bijelo_polje","12":"category-pljevlja_","13":"category-plav_","14":"category-gusinje-vase-vijesti","15":"category-vijesti-dana","16":"tag-nepravde-crnogorske-vlasti"},"yoast_head":"<!-- This site is optimized with the Yoast SEO Premium plugin v23.1 (Yoast SEO v24.9) - https:\/\/yoast.com\/wordpress\/plugins\/seo\/ -->\n<title>Rastoder - Prije desetak godina, Fejzi\u0107 je primao platu u Me\u0161ihatu Sand\u017ea\u010dkom<\/title>\n<meta name=\"robots\" content=\"index, follow, max-snippet:-1, max-image-preview:large, max-video-preview:-1\" \/>\n<link rel=\"canonical\" href=\"https:\/\/sandzakpress.net\/arhiva\/rastoder-prije-desetak-godina-fejzic-je-primao-platu-u-mesihatu-sandzackom\/\" \/>\n<meta property=\"og:locale\" content=\"bs_BA\" \/>\n<meta property=\"og:type\" content=\"article\" \/>\n<meta property=\"og:title\" content=\"Rastoder - Prije desetak godina, Fejzi\u0107 je primao platu u Me\u0161ihatu Sand\u017ea\u010dkom\" \/>\n<meta property=\"og:description\" content=\"Ju\u017eni Sand\u017eak &#8211; \u0160erbo Rastoder\u00a0je ocijenio da se ne radi o sukobu izme\u0111u Fejzi\u0107a i Zukorli\u0107a ni o sukobu, napomenuv\u0161i da je to prejaka i nedobronamjerna rije\u010d, i izraziv\u0161i uvjerenje da ni Fejzi\u0107 ni Zukorli\u0107 nisu nezreli da bi razli\u010dita gledi\u0161ta oko pojedinih pitanja generisali u sukob. Rastoder smatra da se radi o razli\u010ditim vi\u0111enjima [&hellip;]\" \/>\n<meta property=\"og:url\" content=\"https:\/\/sandzakpress.net\/arhiva\/rastoder-prije-desetak-godina-fejzic-je-primao-platu-u-mesihatu-sandzackom\/\" \/>\n<meta property=\"og:site_name\" content=\"Sand\u017eak PRESS\" \/>\n<meta property=\"article:published_time\" content=\"2014-10-01T23:48:09+00:00\" \/>\n<meta property=\"article:modified_time\" content=\"2014-10-02T13:13:25+00:00\" \/>\n<meta property=\"og:image\" content=\"https:\/\/sandzakpress.net\/arhiva\/wp-content\/uploads\/2014\/10\/serborastoder2.jpg\" \/>\n\t<meta property=\"og:image:width\" content=\"573\" \/>\n\t<meta property=\"og:image:height\" content=\"382\" \/>\n\t<meta property=\"og:image:type\" content=\"image\/jpeg\" \/>\n<meta name=\"author\" content=\"bosniak\" \/>\n<meta name=\"twitter:card\" content=\"summary_large_image\" \/>\n<meta name=\"twitter:label1\" content=\"Written by\" \/>\n\t<meta name=\"twitter:data1\" content=\"bosniak\" \/>\n\t<meta name=\"twitter:label2\" content=\"Est. reading time\" \/>\n\t<meta name=\"twitter:data2\" content=\"1 minuta\" \/>\n<script type=\"application\/ld+json\" class=\"yoast-schema-graph\">{\"@context\":\"https:\/\/schema.org\",\"@graph\":[{\"@type\":\"Article\",\"@id\":\"https:\/\/sandzakpress.net\/arhiva\/rastoder-prije-desetak-godina-fejzic-je-primao-platu-u-mesihatu-sandzackom\/#article\",\"isPartOf\":{\"@id\":\"https:\/\/sandzakpress.net\/arhiva\/rastoder-prije-desetak-godina-fejzic-je-primao-platu-u-mesihatu-sandzackom\/\"},\"author\":{\"name\":\"bosniak\",\"@id\":\"https:\/\/sandzakpress.net\/arhiva\/#\/schema\/person\/c8baee722073534b583ea7bdb2e36c02\"},\"headline\":\"Rastoder &#8211; Prije desetak godina, Fejzi\u0107 je primao platu u Me\u0161ihatu Sand\u017ea\u010dkom\",\"datePublished\":\"2014-10-01T23:48:09+00:00\",\"dateModified\":\"2014-10-02T13:13:25+00:00\",\"mainEntityOfPage\":{\"@id\":\"https:\/\/sandzakpress.net\/arhiva\/rastoder-prije-desetak-godina-fejzic-je-primao-platu-u-mesihatu-sandzackom\/\"},\"wordCount\":238,\"commentCount\":11,\"publisher\":{\"@id\":\"https:\/\/sandzakpress.net\/arhiva\/#\/schema\/person\/6e72b67d6e51910a1117b3b483ba20bd\"},\"image\":{\"@id\":\"https:\/\/sandzakpress.net\/arhiva\/rastoder-prije-desetak-godina-fejzic-je-primao-platu-u-mesihatu-sandzackom\/#primaryimage\"},\"thumbnailUrl\":\"https:\/\/sandzakpress.net\/arhiva\/wp-content\/uploads\/2014\/10\/serborastoder2.jpg\",\"keywords\":[\"nepravde crnogorske vlasti\"],\"articleSection\":[\"Ro\u017eaje\",\"Politika\",\"Berane\",\"Petnjica\",\"Bijelo Polje\",\"Pljevlja\",\"Plav\",\"Gusinje\",\"VIJESTI DANA\"],\"inLanguage\":\"bs-BA\",\"potentialAction\":[{\"@type\":\"CommentAction\",\"name\":\"Comment\",\"target\":[\"https:\/\/sandzakpress.net\/arhiva\/rastoder-prije-desetak-godina-fejzic-je-primao-platu-u-mesihatu-sandzackom\/#respond\"]}]},{\"@type\":\"WebPage\",\"@id\":\"https:\/\/sandzakpress.net\/arhiva\/rastoder-prije-desetak-godina-fejzic-je-primao-platu-u-mesihatu-sandzackom\/\",\"url\":\"https:\/\/sandzakpress.net\/arhiva\/rastoder-prije-desetak-godina-fejzic-je-primao-platu-u-mesihatu-sandzackom\/\",\"name\":\"Rastoder - Prije desetak godina, Fejzi\u0107 je primao platu u Me\u0161ihatu Sand\u017ea\u010dkom\",\"isPartOf\":{\"@id\":\"https:\/\/sandzakpress.net\/arhiva\/#website\"},\"primaryImageOfPage\":{\"@id\":\"https:\/\/sandzakpress.net\/arhiva\/rastoder-prije-desetak-godina-fejzic-je-primao-platu-u-mesihatu-sandzackom\/#primaryimage\"},\"image\":{\"@id\":\"https:\/\/sandzakpress.net\/arhiva\/rastoder-prije-desetak-godina-fejzic-je-primao-platu-u-mesihatu-sandzackom\/#primaryimage\"},\"thumbnailUrl\":\"https:\/\/sandzakpress.net\/arhiva\/wp-content\/uploads\/2014\/10\/serborastoder2.jpg\",\"datePublished\":\"2014-10-01T23:48:09+00:00\",\"dateModified\":\"2014-10-02T13:13:25+00:00\",\"breadcrumb\":{\"@id\":\"https:\/\/sandzakpress.net\/arhiva\/rastoder-prije-desetak-godina-fejzic-je-primao-platu-u-mesihatu-sandzackom\/#breadcrumb\"},\"inLanguage\":\"bs-BA\",\"potentialAction\":[{\"@type\":\"ReadAction\",\"target\":[\"https:\/\/sandzakpress.net\/arhiva\/rastoder-prije-desetak-godina-fejzic-je-primao-platu-u-mesihatu-sandzackom\/\"]}]},{\"@type\":\"ImageObject\",\"inLanguage\":\"bs-BA\",\"@id\":\"https:\/\/sandzakpress.net\/arhiva\/rastoder-prije-desetak-godina-fejzic-je-primao-platu-u-mesihatu-sandzackom\/#primaryimage\",\"url\":\"https:\/\/sandzakpress.net\/arhiva\/wp-content\/uploads\/2014\/10\/serborastoder2.jpg\",\"contentUrl\":\"https:\/\/sandzakpress.net\/arhiva\/wp-content\/uploads\/2014\/10\/serborastoder2.jpg\",\"width\":573,\"height\":382},{\"@type\":\"BreadcrumbList\",\"@id\":\"https:\/\/sandzakpress.net\/arhiva\/rastoder-prije-desetak-godina-fejzic-je-primao-platu-u-mesihatu-sandzackom\/#breadcrumb\",\"itemListElement\":[{\"@type\":\"ListItem\",\"position\":1,\"name\":\"Home\",\"item\":\"https:\/\/sandzakpress.net\/arhiva\/\"},{\"@type\":\"ListItem\",\"position\":2,\"name\":\"Rastoder &#8211; Prije desetak godina, Fejzi\u0107 je primao platu u Me\u0161ihatu Sand\u017ea\u010dkom\"}]},{\"@type\":\"WebSite\",\"@id\":\"https:\/\/sandzakpress.net\/arhiva\/#website\",\"url\":\"https:\/\/sandzakpress.net\/arhiva\/\",\"name\":\"Sand\u017eak PRESS\",\"description\":\"Prve elektronske novine u Sand\u017eaku\",\"publisher\":{\"@id\":\"https:\/\/sandzakpress.net\/arhiva\/#\/schema\/person\/6e72b67d6e51910a1117b3b483ba20bd\"},\"potentialAction\":[{\"@type\":\"SearchAction\",\"target\":{\"@type\":\"EntryPoint\",\"urlTemplate\":\"https:\/\/sandzakpress.net\/arhiva\/?s={search_term_string}\"},\"query-input\":{\"@type\":\"PropertyValueSpecification\",\"valueRequired\":true,\"valueName\":\"search_term_string\"}}],\"inLanguage\":\"bs-BA\"},{\"@type\":[\"Person\",\"Organization\"],\"@id\":\"https:\/\/sandzakpress.net\/arhiva\/#\/schema\/person\/6e72b67d6e51910a1117b3b483ba20bd\",\"name\":\"Kul\",\"image\":{\"@type\":\"ImageObject\",\"inLanguage\":\"bs-BA\",\"@id\":\"https:\/\/sandzakpress.net\/arhiva\/#\/schema\/person\/image\/\",\"url\":\"https:\/\/secure.gravatar.com\/avatar\/42263f39aa27ac04c43cab85c280eb2e?s=96&d=mm&r=pg\",\"contentUrl\":\"https:\/\/secure.gravatar.com\/avatar\/42263f39aa27ac04c43cab85c280eb2e?s=96&d=mm&r=pg\",\"caption\":\"Kul\"},\"logo\":{\"@id\":\"https:\/\/sandzakpress.net\/arhiva\/#\/schema\/person\/image\/\"}},{\"@type\":\"Person\",\"@id\":\"https:\/\/sandzakpress.net\/arhiva\/#\/schema\/person\/c8baee722073534b583ea7bdb2e36c02\",\"name\":\"bosniak\",\"image\":{\"@type\":\"ImageObject\",\"inLanguage\":\"bs-BA\",\"@id\":\"https:\/\/sandzakpress.net\/arhiva\/#\/schema\/person\/image\/\",\"url\":\"https:\/\/secure.gravatar.com\/avatar\/a04fd330bfe3a36a72a0ad4a6d89fca7?s=96&d=mm&r=pg\",\"contentUrl\":\"https:\/\/secure.gravatar.com\/avatar\/a04fd330bfe3a36a72a0ad4a6d89fca7?s=96&d=mm&r=pg\",\"caption\":\"bosniak\"},\"url\":\"https:\/\/sandzakpress.net\/arhiva\/author\/bosniak\/\"}]}<\/script>\n<!-- \/ Yoast SEO Premium plugin. -->","yoast_head_json":{"title":"Rastoder - Prije desetak godina, Fejzi\u0107 je primao platu u Me\u0161ihatu Sand\u017ea\u010dkom","robots":{"index":"index","follow":"follow","max-snippet":"max-snippet:-1","max-image-preview":"max-image-preview:large","max-video-preview":"max-video-preview:-1"},"canonical":"https:\/\/sandzakpress.net\/arhiva\/rastoder-prije-desetak-godina-fejzic-je-primao-platu-u-mesihatu-sandzackom\/","og_locale":"bs_BA","og_type":"article","og_title":"Rastoder - Prije desetak godina, Fejzi\u0107 je primao platu u Me\u0161ihatu Sand\u017ea\u010dkom","og_description":"Ju\u017eni Sand\u017eak &#8211; \u0160erbo Rastoder\u00a0je ocijenio da se ne radi o sukobu izme\u0111u Fejzi\u0107a i Zukorli\u0107a ni o sukobu, napomenuv\u0161i da je to prejaka i nedobronamjerna rije\u010d, i izraziv\u0161i uvjerenje da ni Fejzi\u0107 ni Zukorli\u0107 nisu nezreli da bi razli\u010dita gledi\u0161ta oko pojedinih pitanja generisali u sukob. Rastoder smatra da se radi o razli\u010ditim vi\u0111enjima [&hellip;]","og_url":"https:\/\/sandzakpress.net\/arhiva\/rastoder-prije-desetak-godina-fejzic-je-primao-platu-u-mesihatu-sandzackom\/","og_site_name":"Sand\u017eak PRESS","article_published_time":"2014-10-01T23:48:09+00:00","article_modified_time":"2014-10-02T13:13:25+00:00","og_image":[{"width":573,"height":382,"url":"https:\/\/sandzakpress.net\/arhiva\/wp-content\/uploads\/2014\/10\/serborastoder2.jpg","type":"image\/jpeg"}],"author":"bosniak","twitter_card":"summary_large_image","twitter_misc":{"Written by":"bosniak","Est. reading time":"1 minuta"},"schema":{"@context":"https:\/\/schema.org","@graph":[{"@type":"Article","@id":"https:\/\/sandzakpress.net\/arhiva\/rastoder-prije-desetak-godina-fejzic-je-primao-platu-u-mesihatu-sandzackom\/#article","isPartOf":{"@id":"https:\/\/sandzakpress.net\/arhiva\/rastoder-prije-desetak-godina-fejzic-je-primao-platu-u-mesihatu-sandzackom\/"},"author":{"name":"bosniak","@id":"https:\/\/sandzakpress.net\/arhiva\/#\/schema\/person\/c8baee722073534b583ea7bdb2e36c02"},"headline":"Rastoder &#8211; Prije desetak godina, Fejzi\u0107 je primao platu u Me\u0161ihatu Sand\u017ea\u010dkom","datePublished":"2014-10-01T23:48:09+00:00","dateModified":"2014-10-02T13:13:25+00:00","mainEntityOfPage":{"@id":"https:\/\/sandzakpress.net\/arhiva\/rastoder-prije-desetak-godina-fejzic-je-primao-platu-u-mesihatu-sandzackom\/"},"wordCount":238,"commentCount":11,"publisher":{"@id":"https:\/\/sandzakpress.net\/arhiva\/#\/schema\/person\/6e72b67d6e51910a1117b3b483ba20bd"},"image":{"@id":"https:\/\/sandzakpress.net\/arhiva\/rastoder-prije-desetak-godina-fejzic-je-primao-platu-u-mesihatu-sandzackom\/#primaryimage"},"thumbnailUrl":"https:\/\/sandzakpress.net\/arhiva\/wp-content\/uploads\/2014\/10\/serborastoder2.jpg","keywords":["nepravde crnogorske vlasti"],"articleSection":["Ro\u017eaje","Politika","Berane","Petnjica","Bijelo Polje","Pljevlja","Plav","Gusinje","VIJESTI DANA"],"inLanguage":"bs-BA","potentialAction":[{"@type":"CommentAction","name":"Comment","target":["https:\/\/sandzakpress.net\/arhiva\/rastoder-prije-desetak-godina-fejzic-je-primao-platu-u-mesihatu-sandzackom\/#respond"]}]},{"@type":"WebPage","@id":"https:\/\/sandzakpress.net\/arhiva\/rastoder-prije-desetak-godina-fejzic-je-primao-platu-u-mesihatu-sandzackom\/","url":"https:\/\/sandzakpress.net\/arhiva\/rastoder-prije-desetak-godina-fejzic-je-primao-platu-u-mesihatu-sandzackom\/","name":"Rastoder - Prije desetak godina, Fejzi\u0107 je primao platu u Me\u0161ihatu Sand\u017ea\u010dkom","isPartOf":{"@id":"https:\/\/sandzakpress.net\/arhiva\/#website"},"primaryImageOfPage":{"@id":"https:\/\/sandzakpress.net\/arhiva\/rastoder-prije-desetak-godina-fejzic-je-primao-platu-u-mesihatu-sandzackom\/#primaryimage"},"image":{"@id":"https:\/\/sandzakpress.net\/arhiva\/rastoder-prije-desetak-godina-fejzic-je-primao-platu-u-mesihatu-sandzackom\/#primaryimage"},"thumbnailUrl":"https:\/\/sandzakpress.net\/arhiva\/wp-content\/uploads\/2014\/10\/serborastoder2.jpg","datePublished":"2014-10-01T23:48:09+00:00","dateModified":"2014-10-02T13:13:25+00:00","breadcrumb":{"@id":"https:\/\/sandzakpress.net\/arhiva\/rastoder-prije-desetak-godina-fejzic-je-primao-platu-u-mesihatu-sandzackom\/#breadcrumb"},"inLanguage":"bs-BA","potentialAction":[{"@type":"ReadAction","target":["https:\/\/sandzakpress.net\/arhiva\/rastoder-prije-desetak-godina-fejzic-je-primao-platu-u-mesihatu-sandzackom\/"]}]},{"@type":"ImageObject","inLanguage":"bs-BA","@id":"https:\/\/sandzakpress.net\/arhiva\/rastoder-prije-desetak-godina-fejzic-je-primao-platu-u-mesihatu-sandzackom\/#primaryimage","url":"https:\/\/sandzakpress.net\/arhiva\/wp-content\/uploads\/2014\/10\/serborastoder2.jpg","contentUrl":"https:\/\/sandzakpress.net\/arhiva\/wp-content\/uploads\/2014\/10\/serborastoder2.jpg","width":573,"height":382},{"@type":"BreadcrumbList","@id":"https:\/\/sandzakpress.net\/arhiva\/rastoder-prije-desetak-godina-fejzic-je-primao-platu-u-mesihatu-sandzackom\/#breadcrumb","itemListElement":[{"@type":"ListItem","position":1,"name":"Home","item":"https:\/\/sandzakpress.net\/arhiva\/"},{"@type":"ListItem","position":2,"name":"Rastoder &#8211; Prije desetak godina, Fejzi\u0107 je primao platu u Me\u0161ihatu Sand\u017ea\u010dkom"}]},{"@type":"WebSite","@id":"https:\/\/sandzakpress.net\/arhiva\/#website","url":"https:\/\/sandzakpress.net\/arhiva\/","name":"Sand\u017eak PRESS","description":"Prve elektronske novine u Sand\u017eaku","publisher":{"@id":"https:\/\/sandzakpress.net\/arhiva\/#\/schema\/person\/6e72b67d6e51910a1117b3b483ba20bd"},"potentialAction":[{"@type":"SearchAction","target":{"@type":"EntryPoint","urlTemplate":"https:\/\/sandzakpress.net\/arhiva\/?s={search_term_string}"},"query-input":{"@type":"PropertyValueSpecification","valueRequired":true,"valueName":"search_term_string"}}],"inLanguage":"bs-BA"},{"@type":["Person","Organization"],"@id":"https:\/\/sandzakpress.net\/arhiva\/#\/schema\/person\/6e72b67d6e51910a1117b3b483ba20bd","name":"Kul","image":{"@type":"ImageObject","inLanguage":"bs-BA","@id":"https:\/\/sandzakpress.net\/arhiva\/#\/schema\/person\/image\/","url":"https:\/\/secure.gravatar.com\/avatar\/42263f39aa27ac04c43cab85c280eb2e?s=96&d=mm&r=pg","contentUrl":"https:\/\/secure.gravatar.com\/avatar\/42263f39aa27ac04c43cab85c280eb2e?s=96&d=mm&r=pg","caption":"Kul"},"logo":{"@id":"https:\/\/sandzakpress.net\/arhiva\/#\/schema\/person\/image\/"}},{"@type":"Person","@id":"https:\/\/sandzakpress.net\/arhiva\/#\/schema\/person\/c8baee722073534b583ea7bdb2e36c02","name":"bosniak","image":{"@type":"ImageObject","inLanguage":"bs-BA","@id":"https:\/\/sandzakpress.net\/arhiva\/#\/schema\/person\/image\/","url":"https:\/\/secure.gravatar.com\/avatar\/a04fd330bfe3a36a72a0ad4a6d89fca7?s=96&d=mm&r=pg","contentUrl":"https:\/\/secure.gravatar.com\/avatar\/a04fd330bfe3a36a72a0ad4a6d89fca7?s=96&d=mm&r=pg","caption":"bosniak"},"url":"https:\/\/sandzakpress.net\/arhiva\/author\/bosniak\/"}]}},"_links":{"self":[{"href":"https:\/\/sandzakpress.net\/arhiva\/wp-json\/wp\/v2\/posts\/112591"}],"collection":[{"href":"https:\/\/sandzakpress.net\/arhiva\/wp-json\/wp\/v2\/posts"}],"about":[{"href":"https:\/\/sandzakpress.net\/arhiva\/wp-json\/wp\/v2\/types\/post"}],"author":[{"embeddable":true,"href":"https:\/\/sandzakpress.net\/arhiva\/wp-json\/wp\/v2\/users\/83"}],"replies":[{"embeddable":true,"href":"https:\/\/sandzakpress.net\/arhiva\/wp-json\/wp\/v2\/comments?post=112591"}],"version-history":[{"count":0,"href":"https:\/\/sandzakpress.net\/arhiva\/wp-json\/wp\/v2\/posts\/112591\/revisions"}],"wp:featuredmedia":[{"embeddable":true,"href":"https:\/\/sandzakpress.net\/arhiva\/wp-json\/wp\/v2\/media\/112592"}],"wp:attachment":[{"href":"https:\/\/sandzakpress.net\/arhiva\/wp-json\/wp\/v2\/media?parent=112591"}],"wp:term":[{"taxonomy":"category","embeddable":true,"href":"https:\/\/sandzakpress.net\/arhiva\/wp-json\/wp\/v2\/categories?post=112591"},{"taxonomy":"post_tag","embeddable":true,"href":"https:\/\/sandzakpress.net\/arhiva\/wp-json\/wp\/v2\/tags?post=112591"}],"curies":[{"name":"wp","href":"https:\/\/api.w.org\/{rel}","templated":true}]}}