{"id":112565,"date":"2014-10-01T13:00:10","date_gmt":"2014-10-01T11:00:10","guid":{"rendered":"https:\/\/sandzakpress.net\/arhiva\/?p=112565"},"modified":"2014-10-01T11:46:28","modified_gmt":"2014-10-01T09:46:28","slug":"vujanovic-zukorlic-ne-moze-da-djeluje-u-crnoj-gori","status":"publish","type":"post","link":"https:\/\/sandzakpress.net\/arhiva\/vujanovic-zukorlic-ne-moze-da-djeluje-u-crnoj-gori\/","title":{"rendered":"Vujanovi\u0107: Zukorli\u0107 ne mo\u017ee da djeluje u Crnoj Gori"},"content":{"rendered":"<p style=\"color: #000000;\"><a href=\"https:\/\/sandzakpress.net\/arhiva\/wp-content\/uploads\/2014\/10\/lek41.jpg\"><img loading=\"lazy\" decoding=\"async\" class=\"aligncenter size-full wp-image-112567\" src=\"https:\/\/sandzakpress.net\/arhiva\/wp-content\/uploads\/2014\/10\/lek41.jpg\" alt=\"lek4(1)\" width=\"900\" height=\"598\" srcset=\"https:\/\/sandzakpress.net\/arhiva\/wp-content\/uploads\/2014\/10\/lek41.jpg 900w, https:\/\/sandzakpress.net\/arhiva\/wp-content\/uploads\/2014\/10\/lek41-616x409.jpg 616w\" sizes=\"(max-width: 900px) 100vw, 900px\" \/><\/a><\/p>\n<p id=\"article_lead\" style=\"color: #000000;\"><strong>Sand\u017eak, Crna Gora &#8211; Nadle\u017enosti muftije sand\u017ea\u010dkog Muamera Zukorli\u0107a imaju granicu i on ne mo\u017ee da djeluje u Crnoj Gori, koja ima svoju Islamsku zajednicu, poru\u010dio je predsjednik Crne Gore Filip Vujanovi\u0107.<\/strong><\/p>\n<p style=\"color: #111111;\">&#8220;Muftija treba da zna da ono \u0161to je njegova nadle\u017enost ima svoju granicu, da ne prelazi na prostore Crne Gore, jer ovdje djeluje Islamska zajednica i on ne mo\u017ee mimo nje da djeluje na ovom prostoru&#8221;, rekao je Vujanovi\u0107, prenosi &#8220;Analitika&#8221;.<\/p>\n<p style=\"color: #111111;\">On je poru\u010dio da se u Crnoj Gori mora \u010duvati jedinstvo, \u0161to, kako je istakao, islam i promovi\u0161e.<\/p>\n<p style=\"color: #111111;\">&#8220;Ljude ne treba razdvajati po vjeri. Islam to ni\u010dim nije zaslu\u017eio. Ubje\u0111en sam da \u0107e i reis Islamske zajednice u Crnoj Gori, a i vjernici, biti posve\u0107eni tome da o\u010duvaju jedinstvo, jer to i jeste jedna od poruka Kur'ana i poruka Muhammeda (s.a.v.s.), koji je u Kur'anu i u svim onim propovedima to na vrlo jasan na\u010din saop\u0161tio&#8221;, zaklju\u010dio je Vujanovi\u0107.<\/p>\n<p style=\"color: #111111;\">Crnogorski predsjednik je, s druge strane, naglasio da veoma po\u0161tuje sve \u0161to radi reis Islamske zajednice Crne Gore Rifat Fejzi\u0107.<\/p>\n<p style=\"color: #111111;\">&#8220;On je u svim svojim aktivnostima pokazao privr\u017eenost Crnoj Gori i spremnost da u okviru Islamske zajednice afirmi\u0161e vrijednosti Crne Gore u islamu i dobru saradnju sa ostalim vjerama, zbog \u010dega veoma podr\u017eavam sve \u0161to on radi&#8221;, kazao je Vujanovi\u0107.<\/p>\n<p style=\"color: #111111;\">Reis Islamske zajednice u Crnoj Gori (IZ u CG) Rifat Fejzi\u0107 ocijenio je da muftija Zukorli\u0107 svojim djelovanjem poku\u0161ava da u Crnu Goru prenese novopazarski sindrom.<\/p>\n<p style=\"color: #111111;\">&#8220;Crnoj Gori i Islamskoj zajednici u Crnoj Gori ne treba nikakva novopazarizacija&#8221;, rekao je Fejzi\u0107 za Televiziju Crne Gore.<\/p>\n<p style=\"color: #111111;\"><strong>Ovom prilikom podsje\u0107amo na\u0161e \u010ditaoce da je neposredno prije referenduma za osamostaljenje Crne Gore tada\u0161nji i sada\u0161nji predsjednik Crne Gore Filip Vujanovi\u0107 obe\u0107ao muftiji Zukorli\u0107u\u00a0<span style=\"color: #000000;\">da se u pitanju komunikacije i na vjerskoj, porodi\u010dnoj i kulturnoj osnovi izme\u0111u dva dijela granica, nakon uspostave te granice, ni\u0161ta ne\u0107e promijeniti.<\/span><\/strong><\/p>\n<p style=\"color: #111111;\">(blic)<\/p>\n","protected":false},"excerpt":{"rendered":"<p>Sand\u017eak, Crna Gora &#8211; Nadle\u017enosti muftije sand\u017ea\u010dkog Muamera Zukorli\u0107a imaju granicu i on ne mo\u017ee da djeluje u Crnoj Gori, koja ima svoju Islamsku zajednicu, poru\u010dio je predsjednik Crne Gore Filip Vujanovi\u0107. &#8220;Muftija treba da zna da ono \u0161to je njegova nadle\u017enost ima svoju granicu, da ne prelazi na prostore Crne Gore, jer ovdje djeluje [&hellip;]<\/p>\n","protected":false},"author":83,"featured_media":112567,"comment_status":"open","ping_status":"open","sticky":false,"template":"","format":"standard","meta":{"footnotes":""},"categories":[72,398,1,52,397,10174,327,10308,392,396,393,395,394,399,10173,8957,10193],"tags":[10204,10247],"class_list":{"0":"post-112565","1":"post","2":"type-post","3":"status-publish","4":"format-standard","5":"has-post-thumbnail","7":"category-novi-pazar","8":"category-rozaje","9":"category-politika","10":"category-sjenica","11":"category-berane","12":"category-petnjica-vase-vijesti","13":"category-tutin","14":"category-crna-gora","15":"category-prijepolje_","16":"category-bijelo_polje","17":"category-priboj","18":"category-pljevlja_","19":"category-nova-varos","20":"category-plav_","21":"category-gusinje-vase-vijesti","22":"category-vijesti-dana","23":"category-sandzak-2","24":"tag-muftija-muamer-zukorlic","25":"tag-filip-vujanovic"},"yoast_head":"<!-- This site is optimized with the Yoast SEO Premium plugin v23.1 (Yoast SEO v24.9) - https:\/\/yoast.com\/wordpress\/plugins\/seo\/ -->\n<title>Vujanovi\u0107: Zukorli\u0107 ne mo\u017ee da djeluje u Crnoj Gori<\/title>\n<meta name=\"robots\" content=\"index, follow, max-snippet:-1, max-image-preview:large, max-video-preview:-1\" \/>\n<link rel=\"canonical\" href=\"https:\/\/sandzakpress.net\/arhiva\/vujanovic-zukorlic-ne-moze-da-djeluje-u-crnoj-gori\/\" \/>\n<meta property=\"og:locale\" content=\"bs_BA\" \/>\n<meta property=\"og:type\" content=\"article\" \/>\n<meta property=\"og:title\" content=\"Vujanovi\u0107: Zukorli\u0107 ne mo\u017ee da djeluje u Crnoj Gori\" \/>\n<meta property=\"og:description\" content=\"Sand\u017eak, Crna Gora &#8211; Nadle\u017enosti muftije sand\u017ea\u010dkog Muamera Zukorli\u0107a imaju granicu i on ne mo\u017ee da djeluje u Crnoj Gori, koja ima svoju Islamsku zajednicu, poru\u010dio je predsjednik Crne Gore Filip Vujanovi\u0107. &#8220;Muftija treba da zna da ono \u0161to je njegova nadle\u017enost ima svoju granicu, da ne prelazi na prostore Crne Gore, jer ovdje djeluje [&hellip;]\" \/>\n<meta property=\"og:url\" content=\"https:\/\/sandzakpress.net\/arhiva\/vujanovic-zukorlic-ne-moze-da-djeluje-u-crnoj-gori\/\" \/>\n<meta property=\"og:site_name\" content=\"Sand\u017eak PRESS\" \/>\n<meta property=\"article:published_time\" content=\"2014-10-01T11:00:10+00:00\" \/>\n<meta property=\"og:image\" content=\"https:\/\/sandzakpress.net\/arhiva\/wp-content\/uploads\/2014\/10\/lek41.jpg\" \/>\n\t<meta property=\"og:image:width\" content=\"900\" \/>\n\t<meta property=\"og:image:height\" content=\"598\" \/>\n\t<meta property=\"og:image:type\" content=\"image\/jpeg\" \/>\n<meta name=\"author\" content=\"bosniak\" \/>\n<meta name=\"twitter:card\" content=\"summary_large_image\" \/>\n<meta name=\"twitter:label1\" content=\"Written by\" \/>\n\t<meta name=\"twitter:data1\" content=\"bosniak\" \/>\n\t<meta name=\"twitter:label2\" content=\"Est. reading time\" \/>\n\t<meta name=\"twitter:data2\" content=\"2 minute\" \/>\n<script type=\"application\/ld+json\" class=\"yoast-schema-graph\">{\"@context\":\"https:\/\/schema.org\",\"@graph\":[{\"@type\":\"Article\",\"@id\":\"https:\/\/sandzakpress.net\/arhiva\/vujanovic-zukorlic-ne-moze-da-djeluje-u-crnoj-gori\/#article\",\"isPartOf\":{\"@id\":\"https:\/\/sandzakpress.net\/arhiva\/vujanovic-zukorlic-ne-moze-da-djeluje-u-crnoj-gori\/\"},\"author\":{\"name\":\"bosniak\",\"@id\":\"https:\/\/sandzakpress.net\/arhiva\/#\/schema\/person\/c8baee722073534b583ea7bdb2e36c02\"},\"headline\":\"Vujanovi\u0107: Zukorli\u0107 ne mo\u017ee da djeluje u Crnoj Gori\",\"datePublished\":\"2014-10-01T11:00:10+00:00\",\"mainEntityOfPage\":{\"@id\":\"https:\/\/sandzakpress.net\/arhiva\/vujanovic-zukorlic-ne-moze-da-djeluje-u-crnoj-gori\/\"},\"wordCount\":355,\"commentCount\":58,\"publisher\":{\"@id\":\"https:\/\/sandzakpress.net\/arhiva\/#\/schema\/person\/6e72b67d6e51910a1117b3b483ba20bd\"},\"image\":{\"@id\":\"https:\/\/sandzakpress.net\/arhiva\/vujanovic-zukorlic-ne-moze-da-djeluje-u-crnoj-gori\/#primaryimage\"},\"thumbnailUrl\":\"https:\/\/sandzakpress.net\/arhiva\/wp-content\/uploads\/2014\/10\/lek41.jpg\",\"keywords\":[\"muftija Muamer Zukorli\u0107\",\"Filip Vujanovi\u0107\"],\"articleSection\":[\"Novi Pazar\",\"Ro\u017eaje\",\"Politika\",\"Sjenica\",\"Berane\",\"Petnjica\",\"Tutin\",\"Crna Gora\",\"Prijepolje\",\"Bijelo Polje\",\"Priboj\",\"Pljevlja\",\"Nova Varo\u0161\",\"Plav\",\"Gusinje\",\"VIJESTI DANA\",\"Sand\u017eak\"],\"inLanguage\":\"bs-BA\",\"potentialAction\":[{\"@type\":\"CommentAction\",\"name\":\"Comment\",\"target\":[\"https:\/\/sandzakpress.net\/arhiva\/vujanovic-zukorlic-ne-moze-da-djeluje-u-crnoj-gori\/#respond\"]}]},{\"@type\":\"WebPage\",\"@id\":\"https:\/\/sandzakpress.net\/arhiva\/vujanovic-zukorlic-ne-moze-da-djeluje-u-crnoj-gori\/\",\"url\":\"https:\/\/sandzakpress.net\/arhiva\/vujanovic-zukorlic-ne-moze-da-djeluje-u-crnoj-gori\/\",\"name\":\"Vujanovi\u0107: Zukorli\u0107 ne mo\u017ee da djeluje u Crnoj Gori\",\"isPartOf\":{\"@id\":\"https:\/\/sandzakpress.net\/arhiva\/#website\"},\"primaryImageOfPage\":{\"@id\":\"https:\/\/sandzakpress.net\/arhiva\/vujanovic-zukorlic-ne-moze-da-djeluje-u-crnoj-gori\/#primaryimage\"},\"image\":{\"@id\":\"https:\/\/sandzakpress.net\/arhiva\/vujanovic-zukorlic-ne-moze-da-djeluje-u-crnoj-gori\/#primaryimage\"},\"thumbnailUrl\":\"https:\/\/sandzakpress.net\/arhiva\/wp-content\/uploads\/2014\/10\/lek41.jpg\",\"datePublished\":\"2014-10-01T11:00:10+00:00\",\"breadcrumb\":{\"@id\":\"https:\/\/sandzakpress.net\/arhiva\/vujanovic-zukorlic-ne-moze-da-djeluje-u-crnoj-gori\/#breadcrumb\"},\"inLanguage\":\"bs-BA\",\"potentialAction\":[{\"@type\":\"ReadAction\",\"target\":[\"https:\/\/sandzakpress.net\/arhiva\/vujanovic-zukorlic-ne-moze-da-djeluje-u-crnoj-gori\/\"]}]},{\"@type\":\"ImageObject\",\"inLanguage\":\"bs-BA\",\"@id\":\"https:\/\/sandzakpress.net\/arhiva\/vujanovic-zukorlic-ne-moze-da-djeluje-u-crnoj-gori\/#primaryimage\",\"url\":\"https:\/\/sandzakpress.net\/arhiva\/wp-content\/uploads\/2014\/10\/lek41.jpg\",\"contentUrl\":\"https:\/\/sandzakpress.net\/arhiva\/wp-content\/uploads\/2014\/10\/lek41.jpg\",\"width\":900,\"height\":598},{\"@type\":\"BreadcrumbList\",\"@id\":\"https:\/\/sandzakpress.net\/arhiva\/vujanovic-zukorlic-ne-moze-da-djeluje-u-crnoj-gori\/#breadcrumb\",\"itemListElement\":[{\"@type\":\"ListItem\",\"position\":1,\"name\":\"Home\",\"item\":\"https:\/\/sandzakpress.net\/arhiva\/\"},{\"@type\":\"ListItem\",\"position\":2,\"name\":\"Vujanovi\u0107: Zukorli\u0107 ne mo\u017ee da djeluje u Crnoj Gori\"}]},{\"@type\":\"WebSite\",\"@id\":\"https:\/\/sandzakpress.net\/arhiva\/#website\",\"url\":\"https:\/\/sandzakpress.net\/arhiva\/\",\"name\":\"Sand\u017eak PRESS\",\"description\":\"Prve elektronske novine u Sand\u017eaku\",\"publisher\":{\"@id\":\"https:\/\/sandzakpress.net\/arhiva\/#\/schema\/person\/6e72b67d6e51910a1117b3b483ba20bd\"},\"potentialAction\":[{\"@type\":\"SearchAction\",\"target\":{\"@type\":\"EntryPoint\",\"urlTemplate\":\"https:\/\/sandzakpress.net\/arhiva\/?s={search_term_string}\"},\"query-input\":{\"@type\":\"PropertyValueSpecification\",\"valueRequired\":true,\"valueName\":\"search_term_string\"}}],\"inLanguage\":\"bs-BA\"},{\"@type\":[\"Person\",\"Organization\"],\"@id\":\"https:\/\/sandzakpress.net\/arhiva\/#\/schema\/person\/6e72b67d6e51910a1117b3b483ba20bd\",\"name\":\"Kul\",\"image\":{\"@type\":\"ImageObject\",\"inLanguage\":\"bs-BA\",\"@id\":\"https:\/\/sandzakpress.net\/arhiva\/#\/schema\/person\/image\/\",\"url\":\"https:\/\/secure.gravatar.com\/avatar\/42263f39aa27ac04c43cab85c280eb2e?s=96&d=mm&r=pg\",\"contentUrl\":\"https:\/\/secure.gravatar.com\/avatar\/42263f39aa27ac04c43cab85c280eb2e?s=96&d=mm&r=pg\",\"caption\":\"Kul\"},\"logo\":{\"@id\":\"https:\/\/sandzakpress.net\/arhiva\/#\/schema\/person\/image\/\"}},{\"@type\":\"Person\",\"@id\":\"https:\/\/sandzakpress.net\/arhiva\/#\/schema\/person\/c8baee722073534b583ea7bdb2e36c02\",\"name\":\"bosniak\",\"image\":{\"@type\":\"ImageObject\",\"inLanguage\":\"bs-BA\",\"@id\":\"https:\/\/sandzakpress.net\/arhiva\/#\/schema\/person\/image\/\",\"url\":\"https:\/\/secure.gravatar.com\/avatar\/a04fd330bfe3a36a72a0ad4a6d89fca7?s=96&d=mm&r=pg\",\"contentUrl\":\"https:\/\/secure.gravatar.com\/avatar\/a04fd330bfe3a36a72a0ad4a6d89fca7?s=96&d=mm&r=pg\",\"caption\":\"bosniak\"},\"url\":\"https:\/\/sandzakpress.net\/arhiva\/author\/bosniak\/\"}]}<\/script>\n<!-- \/ Yoast SEO Premium plugin. -->","yoast_head_json":{"title":"Vujanovi\u0107: Zukorli\u0107 ne mo\u017ee da djeluje u Crnoj Gori","robots":{"index":"index","follow":"follow","max-snippet":"max-snippet:-1","max-image-preview":"max-image-preview:large","max-video-preview":"max-video-preview:-1"},"canonical":"https:\/\/sandzakpress.net\/arhiva\/vujanovic-zukorlic-ne-moze-da-djeluje-u-crnoj-gori\/","og_locale":"bs_BA","og_type":"article","og_title":"Vujanovi\u0107: Zukorli\u0107 ne mo\u017ee da djeluje u Crnoj Gori","og_description":"Sand\u017eak, Crna Gora &#8211; Nadle\u017enosti muftije sand\u017ea\u010dkog Muamera Zukorli\u0107a imaju granicu i on ne mo\u017ee da djeluje u Crnoj Gori, koja ima svoju Islamsku zajednicu, poru\u010dio je predsjednik Crne Gore Filip Vujanovi\u0107. &#8220;Muftija treba da zna da ono \u0161to je njegova nadle\u017enost ima svoju granicu, da ne prelazi na prostore Crne Gore, jer ovdje djeluje [&hellip;]","og_url":"https:\/\/sandzakpress.net\/arhiva\/vujanovic-zukorlic-ne-moze-da-djeluje-u-crnoj-gori\/","og_site_name":"Sand\u017eak PRESS","article_published_time":"2014-10-01T11:00:10+00:00","og_image":[{"width":900,"height":598,"url":"https:\/\/sandzakpress.net\/arhiva\/wp-content\/uploads\/2014\/10\/lek41.jpg","type":"image\/jpeg"}],"author":"bosniak","twitter_card":"summary_large_image","twitter_misc":{"Written by":"bosniak","Est. reading time":"2 minute"},"schema":{"@context":"https:\/\/schema.org","@graph":[{"@type":"Article","@id":"https:\/\/sandzakpress.net\/arhiva\/vujanovic-zukorlic-ne-moze-da-djeluje-u-crnoj-gori\/#article","isPartOf":{"@id":"https:\/\/sandzakpress.net\/arhiva\/vujanovic-zukorlic-ne-moze-da-djeluje-u-crnoj-gori\/"},"author":{"name":"bosniak","@id":"https:\/\/sandzakpress.net\/arhiva\/#\/schema\/person\/c8baee722073534b583ea7bdb2e36c02"},"headline":"Vujanovi\u0107: Zukorli\u0107 ne mo\u017ee da djeluje u Crnoj Gori","datePublished":"2014-10-01T11:00:10+00:00","mainEntityOfPage":{"@id":"https:\/\/sandzakpress.net\/arhiva\/vujanovic-zukorlic-ne-moze-da-djeluje-u-crnoj-gori\/"},"wordCount":355,"commentCount":58,"publisher":{"@id":"https:\/\/sandzakpress.net\/arhiva\/#\/schema\/person\/6e72b67d6e51910a1117b3b483ba20bd"},"image":{"@id":"https:\/\/sandzakpress.net\/arhiva\/vujanovic-zukorlic-ne-moze-da-djeluje-u-crnoj-gori\/#primaryimage"},"thumbnailUrl":"https:\/\/sandzakpress.net\/arhiva\/wp-content\/uploads\/2014\/10\/lek41.jpg","keywords":["muftija Muamer Zukorli\u0107","Filip Vujanovi\u0107"],"articleSection":["Novi Pazar","Ro\u017eaje","Politika","Sjenica","Berane","Petnjica","Tutin","Crna Gora","Prijepolje","Bijelo Polje","Priboj","Pljevlja","Nova Varo\u0161","Plav","Gusinje","VIJESTI DANA","Sand\u017eak"],"inLanguage":"bs-BA","potentialAction":[{"@type":"CommentAction","name":"Comment","target":["https:\/\/sandzakpress.net\/arhiva\/vujanovic-zukorlic-ne-moze-da-djeluje-u-crnoj-gori\/#respond"]}]},{"@type":"WebPage","@id":"https:\/\/sandzakpress.net\/arhiva\/vujanovic-zukorlic-ne-moze-da-djeluje-u-crnoj-gori\/","url":"https:\/\/sandzakpress.net\/arhiva\/vujanovic-zukorlic-ne-moze-da-djeluje-u-crnoj-gori\/","name":"Vujanovi\u0107: Zukorli\u0107 ne mo\u017ee da djeluje u Crnoj Gori","isPartOf":{"@id":"https:\/\/sandzakpress.net\/arhiva\/#website"},"primaryImageOfPage":{"@id":"https:\/\/sandzakpress.net\/arhiva\/vujanovic-zukorlic-ne-moze-da-djeluje-u-crnoj-gori\/#primaryimage"},"image":{"@id":"https:\/\/sandzakpress.net\/arhiva\/vujanovic-zukorlic-ne-moze-da-djeluje-u-crnoj-gori\/#primaryimage"},"thumbnailUrl":"https:\/\/sandzakpress.net\/arhiva\/wp-content\/uploads\/2014\/10\/lek41.jpg","datePublished":"2014-10-01T11:00:10+00:00","breadcrumb":{"@id":"https:\/\/sandzakpress.net\/arhiva\/vujanovic-zukorlic-ne-moze-da-djeluje-u-crnoj-gori\/#breadcrumb"},"inLanguage":"bs-BA","potentialAction":[{"@type":"ReadAction","target":["https:\/\/sandzakpress.net\/arhiva\/vujanovic-zukorlic-ne-moze-da-djeluje-u-crnoj-gori\/"]}]},{"@type":"ImageObject","inLanguage":"bs-BA","@id":"https:\/\/sandzakpress.net\/arhiva\/vujanovic-zukorlic-ne-moze-da-djeluje-u-crnoj-gori\/#primaryimage","url":"https:\/\/sandzakpress.net\/arhiva\/wp-content\/uploads\/2014\/10\/lek41.jpg","contentUrl":"https:\/\/sandzakpress.net\/arhiva\/wp-content\/uploads\/2014\/10\/lek41.jpg","width":900,"height":598},{"@type":"BreadcrumbList","@id":"https:\/\/sandzakpress.net\/arhiva\/vujanovic-zukorlic-ne-moze-da-djeluje-u-crnoj-gori\/#breadcrumb","itemListElement":[{"@type":"ListItem","position":1,"name":"Home","item":"https:\/\/sandzakpress.net\/arhiva\/"},{"@type":"ListItem","position":2,"name":"Vujanovi\u0107: Zukorli\u0107 ne mo\u017ee da djeluje u Crnoj Gori"}]},{"@type":"WebSite","@id":"https:\/\/sandzakpress.net\/arhiva\/#website","url":"https:\/\/sandzakpress.net\/arhiva\/","name":"Sand\u017eak PRESS","description":"Prve elektronske novine u Sand\u017eaku","publisher":{"@id":"https:\/\/sandzakpress.net\/arhiva\/#\/schema\/person\/6e72b67d6e51910a1117b3b483ba20bd"},"potentialAction":[{"@type":"SearchAction","target":{"@type":"EntryPoint","urlTemplate":"https:\/\/sandzakpress.net\/arhiva\/?s={search_term_string}"},"query-input":{"@type":"PropertyValueSpecification","valueRequired":true,"valueName":"search_term_string"}}],"inLanguage":"bs-BA"},{"@type":["Person","Organization"],"@id":"https:\/\/sandzakpress.net\/arhiva\/#\/schema\/person\/6e72b67d6e51910a1117b3b483ba20bd","name":"Kul","image":{"@type":"ImageObject","inLanguage":"bs-BA","@id":"https:\/\/sandzakpress.net\/arhiva\/#\/schema\/person\/image\/","url":"https:\/\/secure.gravatar.com\/avatar\/42263f39aa27ac04c43cab85c280eb2e?s=96&d=mm&r=pg","contentUrl":"https:\/\/secure.gravatar.com\/avatar\/42263f39aa27ac04c43cab85c280eb2e?s=96&d=mm&r=pg","caption":"Kul"},"logo":{"@id":"https:\/\/sandzakpress.net\/arhiva\/#\/schema\/person\/image\/"}},{"@type":"Person","@id":"https:\/\/sandzakpress.net\/arhiva\/#\/schema\/person\/c8baee722073534b583ea7bdb2e36c02","name":"bosniak","image":{"@type":"ImageObject","inLanguage":"bs-BA","@id":"https:\/\/sandzakpress.net\/arhiva\/#\/schema\/person\/image\/","url":"https:\/\/secure.gravatar.com\/avatar\/a04fd330bfe3a36a72a0ad4a6d89fca7?s=96&d=mm&r=pg","contentUrl":"https:\/\/secure.gravatar.com\/avatar\/a04fd330bfe3a36a72a0ad4a6d89fca7?s=96&d=mm&r=pg","caption":"bosniak"},"url":"https:\/\/sandzakpress.net\/arhiva\/author\/bosniak\/"}]}},"_links":{"self":[{"href":"https:\/\/sandzakpress.net\/arhiva\/wp-json\/wp\/v2\/posts\/112565"}],"collection":[{"href":"https:\/\/sandzakpress.net\/arhiva\/wp-json\/wp\/v2\/posts"}],"about":[{"href":"https:\/\/sandzakpress.net\/arhiva\/wp-json\/wp\/v2\/types\/post"}],"author":[{"embeddable":true,"href":"https:\/\/sandzakpress.net\/arhiva\/wp-json\/wp\/v2\/users\/83"}],"replies":[{"embeddable":true,"href":"https:\/\/sandzakpress.net\/arhiva\/wp-json\/wp\/v2\/comments?post=112565"}],"version-history":[{"count":0,"href":"https:\/\/sandzakpress.net\/arhiva\/wp-json\/wp\/v2\/posts\/112565\/revisions"}],"wp:featuredmedia":[{"embeddable":true,"href":"https:\/\/sandzakpress.net\/arhiva\/wp-json\/wp\/v2\/media\/112567"}],"wp:attachment":[{"href":"https:\/\/sandzakpress.net\/arhiva\/wp-json\/wp\/v2\/media?parent=112565"}],"wp:term":[{"taxonomy":"category","embeddable":true,"href":"https:\/\/sandzakpress.net\/arhiva\/wp-json\/wp\/v2\/categories?post=112565"},{"taxonomy":"post_tag","embeddable":true,"href":"https:\/\/sandzakpress.net\/arhiva\/wp-json\/wp\/v2\/tags?post=112565"}],"curies":[{"name":"wp","href":"https:\/\/api.w.org\/{rel}","templated":true}]}}