{"id":112559,"date":"2014-10-01T00:00:36","date_gmt":"2014-09-30T22:00:36","guid":{"rendered":"https:\/\/sandzakpress.net\/arhiva\/?p=112559"},"modified":"2014-10-01T02:44:51","modified_gmt":"2014-10-01T00:44:51","slug":"dr-ceric-u-bugojnu-tu-sam-da-zatalasam-foto","status":"publish","type":"post","link":"https:\/\/sandzakpress.net\/arhiva\/dr-ceric-u-bugojnu-tu-sam-da-zatalasam-foto\/","title":{"rendered":"Dr. Ceri\u0107 u Bugojnu: \u2018Tu sam da zatalasam\u2019 (FOTO)"},"content":{"rendered":"<p><img loading=\"lazy\" decoding=\"async\" class=\"size-large wp-image-123135 aligncenter\" src=\"http:\/\/bosnapress.co\/wp-content\/uploads\/2014\/09\/10320914_1478492869095627_763267317461595142_o-616x410.jpg\" alt=\"10320914_1478492869095627_763267317461595142_o\" width=\"615\" height=\"409\" \/><\/p>\n<p style=\"color: #000000;\"><strong style=\"font-style: inherit;\">BiH &#8211; \u201ePrije su mi stalno prigovarali \u0161to pravim d\u017eamije. Bio sam u Jordanu i odlu\u010dio sam se vratiti i praviti fabrike, a onda su me pitali za\u0161to sam se vratio? Tipi\u010dno za bo\u0161nja\u010dke politi\u010dare. Samo \u010duvaju zauzete stolice i brinu se da se ni\u0161ta ne talasa. Vratio sam se da zatalasam\u201c, istakao je dr. Ceri\u0107.<span id=\"more-123131\" style=\"font-weight: inherit; font-style: inherit;\"><\/span><\/strong><\/p>\n<p style=\"color: #000000;\">Dr. Mustafa Ceri\u0107, nezavisni kandidat za bo\u0161nja\u010dkog \u010dlana Predsjedni\u0161tva Bosne i Hercegovine, odr\u017eao je u ponedjeljak nave\u010der, predizborni skup u Bugojnu.<\/p>\n<p style=\"color: #000000;\">\u00a0Dr. Ceri\u0107 se i u Bugojnu osvrnuo na u\u010destale gorljive reakcije stranaka na kritike ameri\u010dkih diplomata, naglasiv\u0161i da prijatelje ne treba udaljavati od sebe, ve\u0107 ih prigrliti i s njima raditi.<\/p>\n<p style=\"color: #000000;\">\u00a0Isto tako, dodao je, ne treba nikoga pretjerano preferirati, kao \u0161to neki bo\u0161nja\u010dki politi\u010dari uporno stavljaju fokus na odnose sa Turskom.<\/p>\n<p style=\"color: #000000;\">\u00a0\u201eErdogan tvrdi da mu je rahmetli predsjednik Alija Izetbegovi\u0107 u emanet ostavio Bosnu i Hercegovinu. Ako tako i jeste, onda ga podsje\u0107am da treba da \u010duva i brani i da se brine o Bosni\u201c, rekao je dr. Ceri\u0107.<\/p>\n<p style=\"color: #000000;\">\u00a0Ako je stvarno tako, pita se on, za\u0161to onda Turska ne ula\u017ee vi\u0161e u Bosnu i Hercegovinu i njenu privredu, ve\u0107 umjesto toga \u201eotkupljuje na\u0161e firme i zatvara ih da bi sebi smanjila konkurenciju na na\u0161em tr\u017ei\u0161tu, ukida na\u0161u avio-kompaniju i uvodi svoju, \u0161alje nam svoje firme i radnike da u Tusrku vrate sredstva koja smo od njih dobili kroz kredite\u201c.<\/p>\n<p style=\"color: #000000;\">\u00a0\u201eOd Turske tra\u017eimo konkretne korake u pravcu jake ekonomske saradnje, tra\u017eimo sredstva da gradimo auto-puteve, od Sarajeva do Biha\u0107a ili do Novog Pazara, da gradimo bolnice, a ne da se sve svodi na to da nam \u0161alje rahat-lokum\u201c, naglasio je dr. Ceri\u0107.<\/p>\n<p style=\"color: #000000;\">\u00a0Bugojancima je tako\u0111er objasnio za\u0161to se odlu\u010dio kandidirati za mjesto u dr\u017eavnom Predsjedni\u0161tvu.<\/p>\n<p style=\"color: #000000;\">\u00a0\u201ePrije su mi stalno prigovarali \u0161to pravim d\u017eamije. Bio sam u Jordanu i odlu\u010dio sam se vratiti i praviti fabrike, a onda su me pitali za\u0161to sam se vratio? Tipi\u010dno za bo\u0161nja\u010dke politi\u010dare. Samo \u010duvaju zauzete stolice i brinu se da se ni\u0161ta ne talasa. Vratio sam se da zatalasam\u201c, istakao je dr. Ceri\u0107.<\/p>\n<p style=\"color: #000000; text-align: center;\"><a style=\"font-weight: inherit; font-style: inherit; color: #222222;\" href=\"http:\/\/bosnapress.co\/wp-content\/uploads\/2014\/09\/1097924_1478492999095614_6549304252026448528_o.jpg\"><img loading=\"lazy\" decoding=\"async\" class=\"alignnone size-large wp-image-123132\" src=\"http:\/\/bosnapress.co\/wp-content\/uploads\/2014\/09\/1097924_1478492999095614_6549304252026448528_o-616x328.jpg\" alt=\"1097924_1478492999095614_6549304252026448528_o\" width=\"615\" height=\"327\" \/><\/a><a style=\"font-weight: inherit; font-style: inherit; color: #222222;\" href=\"http:\/\/bosnapress.co\/wp-content\/uploads\/2014\/09\/1898544_1478492799095634_713486144801464482_o.jpg\"><img loading=\"lazy\" decoding=\"async\" class=\"alignnone size-large wp-image-123133\" src=\"http:\/\/bosnapress.co\/wp-content\/uploads\/2014\/09\/1898544_1478492799095634_713486144801464482_o-616x357.jpg\" alt=\"1898544_1478492799095634_713486144801464482_o\" width=\"615\" height=\"356\" \/><\/a><a style=\"font-weight: inherit; font-style: inherit; color: #222222;\" href=\"http:\/\/bosnapress.co\/wp-content\/uploads\/2014\/09\/10005950_1478492969095617_6997936455985167887_o.jpg\"><img loading=\"lazy\" decoding=\"async\" class=\"alignnone size-large wp-image-123134\" src=\"http:\/\/bosnapress.co\/wp-content\/uploads\/2014\/09\/10005950_1478492969095617_6997936455985167887_o-616x410.jpg\" alt=\"10005950_1478492969095617_6997936455985167887_o\" width=\"615\" height=\"409\" \/><\/a><a style=\"font-weight: inherit; font-style: inherit; color: #222222;\" href=\"http:\/\/bosnapress.co\/wp-content\/uploads\/2014\/09\/10320914_1478492869095627_763267317461595142_o.jpg\"><img loading=\"lazy\" decoding=\"async\" class=\"alignnone size-large wp-image-123135\" src=\"http:\/\/bosnapress.co\/wp-content\/uploads\/2014\/09\/10320914_1478492869095627_763267317461595142_o-616x410.jpg\" alt=\"10320914_1478492869095627_763267317461595142_o\" width=\"615\" height=\"409\" \/><\/a><a style=\"font-weight: inherit; font-style: inherit; color: #222222;\" href=\"http:\/\/bosnapress.co\/wp-content\/uploads\/2014\/09\/10383846_1478492992428948_7054368125164293079_o.jpg\"><img loading=\"lazy\" decoding=\"async\" class=\"alignnone size-large wp-image-123136\" src=\"http:\/\/bosnapress.co\/wp-content\/uploads\/2014\/09\/10383846_1478492992428948_7054368125164293079_o-616x370.jpg\" alt=\"10383846_1478492992428948_7054368125164293079_o\" width=\"615\" height=\"369\" \/><\/a>\u00a0\u00a0<a style=\"font-weight: inherit; font-style: inherit; color: #222222;\" href=\"http:\/\/bosnapress.co\/wp-content\/uploads\/2014\/09\/10636354_1478492989095615_1000866072038303451_o.jpg\"><img loading=\"lazy\" decoding=\"async\" class=\"alignnone size-large wp-image-123138\" src=\"http:\/\/bosnapress.co\/wp-content\/uploads\/2014\/09\/10636354_1478492989095615_1000866072038303451_o-616x417.jpg\" alt=\"10636354_1478492989095615_1000866072038303451_o\" width=\"615\" height=\"416\" \/><\/a><a style=\"font-weight: inherit; font-style: inherit; color: #222222;\" href=\"http:\/\/bosnapress.co\/wp-content\/uploads\/2014\/09\/10644541_1478492842428963_890810158053953106_o.jpg\"><img loading=\"lazy\" decoding=\"async\" class=\"alignnone size-large wp-image-123139\" src=\"http:\/\/bosnapress.co\/wp-content\/uploads\/2014\/09\/10644541_1478492842428963_890810158053953106_o-616x338.jpg\" alt=\"10644541_1478492842428963_890810158053953106_o\" width=\"615\" height=\"337\" \/><\/a><a style=\"font-weight: inherit; font-style: inherit; color: #222222;\" href=\"http:\/\/bosnapress.co\/wp-content\/uploads\/2014\/09\/10655156_1478492782428969_4068464015472705130_o.jpg\"><img loading=\"lazy\" decoding=\"async\" class=\"alignnone size-large wp-image-123140\" src=\"http:\/\/bosnapress.co\/wp-content\/uploads\/2014\/09\/10655156_1478492782428969_4068464015472705130_o-616x323.jpg\" alt=\"10655156_1478492782428969_4068464015472705130_o\" width=\"615\" height=\"322\" \/><\/a><a style=\"font-weight: inherit; font-style: inherit; color: #222222;\" href=\"http:\/\/bosnapress.co\/wp-content\/uploads\/2014\/09\/10712434_1478492872428960_4902368670840874338_o.jpg\"><img loading=\"lazy\" decoding=\"async\" class=\"alignnone size-large wp-image-123141\" src=\"http:\/\/bosnapress.co\/wp-content\/uploads\/2014\/09\/10712434_1478492872428960_4902368670840874338_o-616x304.jpg\" alt=\"10712434_1478492872428960_4902368670840874338_o\" width=\"615\" height=\"303\" \/><\/a><\/p>\n<p style=\"color: #000000; text-align: left;\">(mustafaceric.ba)<\/p>\n","protected":false},"excerpt":{"rendered":"<p>BiH &#8211; \u201ePrije su mi stalno prigovarali \u0161to pravim d\u017eamije. Bio sam u Jordanu i odlu\u010dio sam se vratiti i praviti fabrike, a onda su me pitali za\u0161to sam se vratio? Tipi\u010dno za bo\u0161nja\u010dke politi\u010dare. Samo \u010duvaju zauzete stolice i brinu se da se ni\u0161ta ne talasa. Vratio sam se da zatalasam\u201c, istakao je dr. [&hellip;]<\/p>\n","protected":false},"author":83,"featured_media":112560,"comment_status":"open","ping_status":"open","sticky":false,"template":"","format":"standard","meta":{"footnotes":""},"categories":[2860,1,8957],"tags":[10233],"class_list":{"0":"post-112559","1":"post","2":"type-post","3":"status-publish","4":"format-standard","5":"has-post-thumbnail","7":"category-bosna-i-hercegovina-gradovi","8":"category-politika","9":"category-vijesti-dana","10":"tag-dr-mustafa-ceric"},"yoast_head":"<!-- This site is optimized with the Yoast SEO Premium plugin v23.1 (Yoast SEO v24.9) - https:\/\/yoast.com\/wordpress\/plugins\/seo\/ -->\n<title>Dr. Ceri\u0107 u Bugojnu: \u2018Tu sam da zatalasam\u2019 (FOTO)<\/title>\n<meta name=\"robots\" content=\"index, follow, max-snippet:-1, max-image-preview:large, max-video-preview:-1\" \/>\n<link rel=\"canonical\" href=\"https:\/\/sandzakpress.net\/arhiva\/dr-ceric-u-bugojnu-tu-sam-da-zatalasam-foto\/\" \/>\n<meta property=\"og:locale\" content=\"bs_BA\" \/>\n<meta property=\"og:type\" content=\"article\" \/>\n<meta property=\"og:title\" content=\"Dr. Ceri\u0107 u Bugojnu: \u2018Tu sam da zatalasam\u2019 (FOTO)\" \/>\n<meta property=\"og:description\" content=\"BiH &#8211; \u201ePrije su mi stalno prigovarali \u0161to pravim d\u017eamije. Bio sam u Jordanu i odlu\u010dio sam se vratiti i praviti fabrike, a onda su me pitali za\u0161to sam se vratio? Tipi\u010dno za bo\u0161nja\u010dke politi\u010dare. Samo \u010duvaju zauzete stolice i brinu se da se ni\u0161ta ne talasa. Vratio sam se da zatalasam\u201c, istakao je dr. [&hellip;]\" \/>\n<meta property=\"og:url\" content=\"https:\/\/sandzakpress.net\/arhiva\/dr-ceric-u-bugojnu-tu-sam-da-zatalasam-foto\/\" \/>\n<meta property=\"og:site_name\" content=\"Sand\u017eak PRESS\" \/>\n<meta property=\"article:published_time\" content=\"2014-09-30T22:00:36+00:00\" \/>\n<meta property=\"article:modified_time\" content=\"2014-10-01T00:44:51+00:00\" \/>\n<meta property=\"og:image\" content=\"https:\/\/sandzakpress.net\/arhiva\/wp-content\/uploads\/2014\/10\/10320914_1478492869095627_763267317461595142_o-616x410.jpg\" \/>\n\t<meta property=\"og:image:width\" content=\"616\" \/>\n\t<meta property=\"og:image:height\" content=\"410\" \/>\n\t<meta property=\"og:image:type\" content=\"image\/jpeg\" \/>\n<meta name=\"author\" content=\"bosniak\" \/>\n<meta name=\"twitter:card\" content=\"summary_large_image\" \/>\n<meta name=\"twitter:label1\" content=\"Written by\" \/>\n\t<meta name=\"twitter:data1\" content=\"bosniak\" \/>\n\t<meta name=\"twitter:label2\" content=\"Est. reading time\" \/>\n\t<meta name=\"twitter:data2\" content=\"2 minute\" \/>\n<script type=\"application\/ld+json\" class=\"yoast-schema-graph\">{\"@context\":\"https:\/\/schema.org\",\"@graph\":[{\"@type\":\"Article\",\"@id\":\"https:\/\/sandzakpress.net\/arhiva\/dr-ceric-u-bugojnu-tu-sam-da-zatalasam-foto\/#article\",\"isPartOf\":{\"@id\":\"https:\/\/sandzakpress.net\/arhiva\/dr-ceric-u-bugojnu-tu-sam-da-zatalasam-foto\/\"},\"author\":{\"name\":\"bosniak\",\"@id\":\"https:\/\/sandzakpress.net\/arhiva\/#\/schema\/person\/c8baee722073534b583ea7bdb2e36c02\"},\"headline\":\"Dr. Ceri\u0107 u Bugojnu: \u2018Tu sam da zatalasam\u2019 (FOTO)\",\"datePublished\":\"2014-09-30T22:00:36+00:00\",\"dateModified\":\"2014-10-01T00:44:51+00:00\",\"mainEntityOfPage\":{\"@id\":\"https:\/\/sandzakpress.net\/arhiva\/dr-ceric-u-bugojnu-tu-sam-da-zatalasam-foto\/\"},\"wordCount\":392,\"commentCount\":4,\"publisher\":{\"@id\":\"https:\/\/sandzakpress.net\/arhiva\/#\/schema\/person\/6e72b67d6e51910a1117b3b483ba20bd\"},\"image\":{\"@id\":\"https:\/\/sandzakpress.net\/arhiva\/dr-ceric-u-bugojnu-tu-sam-da-zatalasam-foto\/#primaryimage\"},\"thumbnailUrl\":\"https:\/\/sandzakpress.net\/arhiva\/wp-content\/uploads\/2014\/10\/10320914_1478492869095627_763267317461595142_o-616x410.jpg\",\"keywords\":[\"Dr. Mustafa Ceri\u0107\"],\"articleSection\":[\"Bosna i Hercegovina\",\"Politika\",\"VIJESTI DANA\"],\"inLanguage\":\"bs-BA\",\"potentialAction\":[{\"@type\":\"CommentAction\",\"name\":\"Comment\",\"target\":[\"https:\/\/sandzakpress.net\/arhiva\/dr-ceric-u-bugojnu-tu-sam-da-zatalasam-foto\/#respond\"]}]},{\"@type\":\"WebPage\",\"@id\":\"https:\/\/sandzakpress.net\/arhiva\/dr-ceric-u-bugojnu-tu-sam-da-zatalasam-foto\/\",\"url\":\"https:\/\/sandzakpress.net\/arhiva\/dr-ceric-u-bugojnu-tu-sam-da-zatalasam-foto\/\",\"name\":\"Dr. Ceri\u0107 u Bugojnu: \u2018Tu sam da zatalasam\u2019 (FOTO)\",\"isPartOf\":{\"@id\":\"https:\/\/sandzakpress.net\/arhiva\/#website\"},\"primaryImageOfPage\":{\"@id\":\"https:\/\/sandzakpress.net\/arhiva\/dr-ceric-u-bugojnu-tu-sam-da-zatalasam-foto\/#primaryimage\"},\"image\":{\"@id\":\"https:\/\/sandzakpress.net\/arhiva\/dr-ceric-u-bugojnu-tu-sam-da-zatalasam-foto\/#primaryimage\"},\"thumbnailUrl\":\"https:\/\/sandzakpress.net\/arhiva\/wp-content\/uploads\/2014\/10\/10320914_1478492869095627_763267317461595142_o-616x410.jpg\",\"datePublished\":\"2014-09-30T22:00:36+00:00\",\"dateModified\":\"2014-10-01T00:44:51+00:00\",\"breadcrumb\":{\"@id\":\"https:\/\/sandzakpress.net\/arhiva\/dr-ceric-u-bugojnu-tu-sam-da-zatalasam-foto\/#breadcrumb\"},\"inLanguage\":\"bs-BA\",\"potentialAction\":[{\"@type\":\"ReadAction\",\"target\":[\"https:\/\/sandzakpress.net\/arhiva\/dr-ceric-u-bugojnu-tu-sam-da-zatalasam-foto\/\"]}]},{\"@type\":\"ImageObject\",\"inLanguage\":\"bs-BA\",\"@id\":\"https:\/\/sandzakpress.net\/arhiva\/dr-ceric-u-bugojnu-tu-sam-da-zatalasam-foto\/#primaryimage\",\"url\":\"https:\/\/sandzakpress.net\/arhiva\/wp-content\/uploads\/2014\/10\/10320914_1478492869095627_763267317461595142_o-616x410.jpg\",\"contentUrl\":\"https:\/\/sandzakpress.net\/arhiva\/wp-content\/uploads\/2014\/10\/10320914_1478492869095627_763267317461595142_o-616x410.jpg\",\"width\":616,\"height\":410},{\"@type\":\"BreadcrumbList\",\"@id\":\"https:\/\/sandzakpress.net\/arhiva\/dr-ceric-u-bugojnu-tu-sam-da-zatalasam-foto\/#breadcrumb\",\"itemListElement\":[{\"@type\":\"ListItem\",\"position\":1,\"name\":\"Home\",\"item\":\"https:\/\/sandzakpress.net\/arhiva\/\"},{\"@type\":\"ListItem\",\"position\":2,\"name\":\"Dr. Ceri\u0107 u Bugojnu: \u2018Tu sam da zatalasam\u2019 (FOTO)\"}]},{\"@type\":\"WebSite\",\"@id\":\"https:\/\/sandzakpress.net\/arhiva\/#website\",\"url\":\"https:\/\/sandzakpress.net\/arhiva\/\",\"name\":\"Sand\u017eak PRESS\",\"description\":\"Prve elektronske novine u Sand\u017eaku\",\"publisher\":{\"@id\":\"https:\/\/sandzakpress.net\/arhiva\/#\/schema\/person\/6e72b67d6e51910a1117b3b483ba20bd\"},\"potentialAction\":[{\"@type\":\"SearchAction\",\"target\":{\"@type\":\"EntryPoint\",\"urlTemplate\":\"https:\/\/sandzakpress.net\/arhiva\/?s={search_term_string}\"},\"query-input\":{\"@type\":\"PropertyValueSpecification\",\"valueRequired\":true,\"valueName\":\"search_term_string\"}}],\"inLanguage\":\"bs-BA\"},{\"@type\":[\"Person\",\"Organization\"],\"@id\":\"https:\/\/sandzakpress.net\/arhiva\/#\/schema\/person\/6e72b67d6e51910a1117b3b483ba20bd\",\"name\":\"Kul\",\"image\":{\"@type\":\"ImageObject\",\"inLanguage\":\"bs-BA\",\"@id\":\"https:\/\/sandzakpress.net\/arhiva\/#\/schema\/person\/image\/\",\"url\":\"https:\/\/secure.gravatar.com\/avatar\/42263f39aa27ac04c43cab85c280eb2e?s=96&d=mm&r=pg\",\"contentUrl\":\"https:\/\/secure.gravatar.com\/avatar\/42263f39aa27ac04c43cab85c280eb2e?s=96&d=mm&r=pg\",\"caption\":\"Kul\"},\"logo\":{\"@id\":\"https:\/\/sandzakpress.net\/arhiva\/#\/schema\/person\/image\/\"}},{\"@type\":\"Person\",\"@id\":\"https:\/\/sandzakpress.net\/arhiva\/#\/schema\/person\/c8baee722073534b583ea7bdb2e36c02\",\"name\":\"bosniak\",\"image\":{\"@type\":\"ImageObject\",\"inLanguage\":\"bs-BA\",\"@id\":\"https:\/\/sandzakpress.net\/arhiva\/#\/schema\/person\/image\/\",\"url\":\"https:\/\/secure.gravatar.com\/avatar\/a04fd330bfe3a36a72a0ad4a6d89fca7?s=96&d=mm&r=pg\",\"contentUrl\":\"https:\/\/secure.gravatar.com\/avatar\/a04fd330bfe3a36a72a0ad4a6d89fca7?s=96&d=mm&r=pg\",\"caption\":\"bosniak\"},\"url\":\"https:\/\/sandzakpress.net\/arhiva\/author\/bosniak\/\"}]}<\/script>\n<!-- \/ Yoast SEO Premium plugin. -->","yoast_head_json":{"title":"Dr. Ceri\u0107 u Bugojnu: \u2018Tu sam da zatalasam\u2019 (FOTO)","robots":{"index":"index","follow":"follow","max-snippet":"max-snippet:-1","max-image-preview":"max-image-preview:large","max-video-preview":"max-video-preview:-1"},"canonical":"https:\/\/sandzakpress.net\/arhiva\/dr-ceric-u-bugojnu-tu-sam-da-zatalasam-foto\/","og_locale":"bs_BA","og_type":"article","og_title":"Dr. Ceri\u0107 u Bugojnu: \u2018Tu sam da zatalasam\u2019 (FOTO)","og_description":"BiH &#8211; \u201ePrije su mi stalno prigovarali \u0161to pravim d\u017eamije. Bio sam u Jordanu i odlu\u010dio sam se vratiti i praviti fabrike, a onda su me pitali za\u0161to sam se vratio? Tipi\u010dno za bo\u0161nja\u010dke politi\u010dare. Samo \u010duvaju zauzete stolice i brinu se da se ni\u0161ta ne talasa. Vratio sam se da zatalasam\u201c, istakao je dr. [&hellip;]","og_url":"https:\/\/sandzakpress.net\/arhiva\/dr-ceric-u-bugojnu-tu-sam-da-zatalasam-foto\/","og_site_name":"Sand\u017eak PRESS","article_published_time":"2014-09-30T22:00:36+00:00","article_modified_time":"2014-10-01T00:44:51+00:00","og_image":[{"width":616,"height":410,"url":"https:\/\/sandzakpress.net\/arhiva\/wp-content\/uploads\/2014\/10\/10320914_1478492869095627_763267317461595142_o-616x410.jpg","type":"image\/jpeg"}],"author":"bosniak","twitter_card":"summary_large_image","twitter_misc":{"Written by":"bosniak","Est. reading time":"2 minute"},"schema":{"@context":"https:\/\/schema.org","@graph":[{"@type":"Article","@id":"https:\/\/sandzakpress.net\/arhiva\/dr-ceric-u-bugojnu-tu-sam-da-zatalasam-foto\/#article","isPartOf":{"@id":"https:\/\/sandzakpress.net\/arhiva\/dr-ceric-u-bugojnu-tu-sam-da-zatalasam-foto\/"},"author":{"name":"bosniak","@id":"https:\/\/sandzakpress.net\/arhiva\/#\/schema\/person\/c8baee722073534b583ea7bdb2e36c02"},"headline":"Dr. Ceri\u0107 u Bugojnu: \u2018Tu sam da zatalasam\u2019 (FOTO)","datePublished":"2014-09-30T22:00:36+00:00","dateModified":"2014-10-01T00:44:51+00:00","mainEntityOfPage":{"@id":"https:\/\/sandzakpress.net\/arhiva\/dr-ceric-u-bugojnu-tu-sam-da-zatalasam-foto\/"},"wordCount":392,"commentCount":4,"publisher":{"@id":"https:\/\/sandzakpress.net\/arhiva\/#\/schema\/person\/6e72b67d6e51910a1117b3b483ba20bd"},"image":{"@id":"https:\/\/sandzakpress.net\/arhiva\/dr-ceric-u-bugojnu-tu-sam-da-zatalasam-foto\/#primaryimage"},"thumbnailUrl":"https:\/\/sandzakpress.net\/arhiva\/wp-content\/uploads\/2014\/10\/10320914_1478492869095627_763267317461595142_o-616x410.jpg","keywords":["Dr. Mustafa Ceri\u0107"],"articleSection":["Bosna i Hercegovina","Politika","VIJESTI DANA"],"inLanguage":"bs-BA","potentialAction":[{"@type":"CommentAction","name":"Comment","target":["https:\/\/sandzakpress.net\/arhiva\/dr-ceric-u-bugojnu-tu-sam-da-zatalasam-foto\/#respond"]}]},{"@type":"WebPage","@id":"https:\/\/sandzakpress.net\/arhiva\/dr-ceric-u-bugojnu-tu-sam-da-zatalasam-foto\/","url":"https:\/\/sandzakpress.net\/arhiva\/dr-ceric-u-bugojnu-tu-sam-da-zatalasam-foto\/","name":"Dr. Ceri\u0107 u Bugojnu: \u2018Tu sam da zatalasam\u2019 (FOTO)","isPartOf":{"@id":"https:\/\/sandzakpress.net\/arhiva\/#website"},"primaryImageOfPage":{"@id":"https:\/\/sandzakpress.net\/arhiva\/dr-ceric-u-bugojnu-tu-sam-da-zatalasam-foto\/#primaryimage"},"image":{"@id":"https:\/\/sandzakpress.net\/arhiva\/dr-ceric-u-bugojnu-tu-sam-da-zatalasam-foto\/#primaryimage"},"thumbnailUrl":"https:\/\/sandzakpress.net\/arhiva\/wp-content\/uploads\/2014\/10\/10320914_1478492869095627_763267317461595142_o-616x410.jpg","datePublished":"2014-09-30T22:00:36+00:00","dateModified":"2014-10-01T00:44:51+00:00","breadcrumb":{"@id":"https:\/\/sandzakpress.net\/arhiva\/dr-ceric-u-bugojnu-tu-sam-da-zatalasam-foto\/#breadcrumb"},"inLanguage":"bs-BA","potentialAction":[{"@type":"ReadAction","target":["https:\/\/sandzakpress.net\/arhiva\/dr-ceric-u-bugojnu-tu-sam-da-zatalasam-foto\/"]}]},{"@type":"ImageObject","inLanguage":"bs-BA","@id":"https:\/\/sandzakpress.net\/arhiva\/dr-ceric-u-bugojnu-tu-sam-da-zatalasam-foto\/#primaryimage","url":"https:\/\/sandzakpress.net\/arhiva\/wp-content\/uploads\/2014\/10\/10320914_1478492869095627_763267317461595142_o-616x410.jpg","contentUrl":"https:\/\/sandzakpress.net\/arhiva\/wp-content\/uploads\/2014\/10\/10320914_1478492869095627_763267317461595142_o-616x410.jpg","width":616,"height":410},{"@type":"BreadcrumbList","@id":"https:\/\/sandzakpress.net\/arhiva\/dr-ceric-u-bugojnu-tu-sam-da-zatalasam-foto\/#breadcrumb","itemListElement":[{"@type":"ListItem","position":1,"name":"Home","item":"https:\/\/sandzakpress.net\/arhiva\/"},{"@type":"ListItem","position":2,"name":"Dr. Ceri\u0107 u Bugojnu: \u2018Tu sam da zatalasam\u2019 (FOTO)"}]},{"@type":"WebSite","@id":"https:\/\/sandzakpress.net\/arhiva\/#website","url":"https:\/\/sandzakpress.net\/arhiva\/","name":"Sand\u017eak PRESS","description":"Prve elektronske novine u Sand\u017eaku","publisher":{"@id":"https:\/\/sandzakpress.net\/arhiva\/#\/schema\/person\/6e72b67d6e51910a1117b3b483ba20bd"},"potentialAction":[{"@type":"SearchAction","target":{"@type":"EntryPoint","urlTemplate":"https:\/\/sandzakpress.net\/arhiva\/?s={search_term_string}"},"query-input":{"@type":"PropertyValueSpecification","valueRequired":true,"valueName":"search_term_string"}}],"inLanguage":"bs-BA"},{"@type":["Person","Organization"],"@id":"https:\/\/sandzakpress.net\/arhiva\/#\/schema\/person\/6e72b67d6e51910a1117b3b483ba20bd","name":"Kul","image":{"@type":"ImageObject","inLanguage":"bs-BA","@id":"https:\/\/sandzakpress.net\/arhiva\/#\/schema\/person\/image\/","url":"https:\/\/secure.gravatar.com\/avatar\/42263f39aa27ac04c43cab85c280eb2e?s=96&d=mm&r=pg","contentUrl":"https:\/\/secure.gravatar.com\/avatar\/42263f39aa27ac04c43cab85c280eb2e?s=96&d=mm&r=pg","caption":"Kul"},"logo":{"@id":"https:\/\/sandzakpress.net\/arhiva\/#\/schema\/person\/image\/"}},{"@type":"Person","@id":"https:\/\/sandzakpress.net\/arhiva\/#\/schema\/person\/c8baee722073534b583ea7bdb2e36c02","name":"bosniak","image":{"@type":"ImageObject","inLanguage":"bs-BA","@id":"https:\/\/sandzakpress.net\/arhiva\/#\/schema\/person\/image\/","url":"https:\/\/secure.gravatar.com\/avatar\/a04fd330bfe3a36a72a0ad4a6d89fca7?s=96&d=mm&r=pg","contentUrl":"https:\/\/secure.gravatar.com\/avatar\/a04fd330bfe3a36a72a0ad4a6d89fca7?s=96&d=mm&r=pg","caption":"bosniak"},"url":"https:\/\/sandzakpress.net\/arhiva\/author\/bosniak\/"}]}},"_links":{"self":[{"href":"https:\/\/sandzakpress.net\/arhiva\/wp-json\/wp\/v2\/posts\/112559"}],"collection":[{"href":"https:\/\/sandzakpress.net\/arhiva\/wp-json\/wp\/v2\/posts"}],"about":[{"href":"https:\/\/sandzakpress.net\/arhiva\/wp-json\/wp\/v2\/types\/post"}],"author":[{"embeddable":true,"href":"https:\/\/sandzakpress.net\/arhiva\/wp-json\/wp\/v2\/users\/83"}],"replies":[{"embeddable":true,"href":"https:\/\/sandzakpress.net\/arhiva\/wp-json\/wp\/v2\/comments?post=112559"}],"version-history":[{"count":0,"href":"https:\/\/sandzakpress.net\/arhiva\/wp-json\/wp\/v2\/posts\/112559\/revisions"}],"wp:featuredmedia":[{"embeddable":true,"href":"https:\/\/sandzakpress.net\/arhiva\/wp-json\/wp\/v2\/media\/112560"}],"wp:attachment":[{"href":"https:\/\/sandzakpress.net\/arhiva\/wp-json\/wp\/v2\/media?parent=112559"}],"wp:term":[{"taxonomy":"category","embeddable":true,"href":"https:\/\/sandzakpress.net\/arhiva\/wp-json\/wp\/v2\/categories?post=112559"},{"taxonomy":"post_tag","embeddable":true,"href":"https:\/\/sandzakpress.net\/arhiva\/wp-json\/wp\/v2\/tags?post=112559"}],"curies":[{"name":"wp","href":"https:\/\/api.w.org\/{rel}","templated":true}]}}