{"id":11255,"date":"2011-01-16T18:09:20","date_gmt":"2011-01-16T17:09:20","guid":{"rendered":"https:\/\/sandzakpress.net\/arhiva\/?p=11255"},"modified":"2011-01-16T18:09:20","modified_gmt":"2011-01-16T17:09:20","slug":"cilj-plasman-u-superligu","status":"publish","type":"post","link":"https:\/\/sandzakpress.net\/arhiva\/cilj-plasman-u-superligu\/","title":{"rendered":"&#8220;Cilj plasman u Superligu&#8221;"},"content":{"rendered":"<p><strong><a href=\"https:\/\/sandzakpress.net\/arhiva\/wp-content\/uploads\/2011\/01\/10452430574d23a5aee0042698866646_big.jpg\"><img loading=\"lazy\" decoding=\"async\" class=\"alignleft size-full wp-image-11256\" title=\"10452430574d23a5aee0042698866646_big\" src=\"https:\/\/sandzakpress.net\/arhiva\/wp-content\/uploads\/2011\/01\/10452430574d23a5aee0042698866646_big.jpg\" alt=\"\" width=\"246\" height=\"151\" \/><\/a>Novi Pazar &#8211; Predsjednik FK Novi Pazar Rasim Ljaji\u0107 istakao je plasman u Superligu kao jedan od tri glavna cilja kluba.<\/strong><strong> <\/strong><\/p>\n<p>\u201cRazvoj fudbala, naro\u010dito omladinske \u0161kole, zatim razvoj infrastrukture i plasman u Superligu Srbije tri su glavna cilja\u201d, ministar rada i socijalne politike Rasim Ljaji\u0107.<\/p>\n<p>Ljaji\u0107 nije zadovoljan u\u010dinkom seniorske ekipe u jesenjoj polusezoni, jer, prema njegovim rije\u010dima, bodovni zaostatak u odnosu na vode\u0107i BASK je veliki.<\/p>\n<p><em>\u201cVeliki broj fudbalera koje smo ljetos anga\u017eovali, kao i promjene trenera, nisu donijeli \u017eeljene rezultate. Oijcenili smo da nam je potrebna nova energija i zbog toga smo se odlu\u010dili za promjenu u stru\u010dnom \u0161tabu, a sada preostaje da do kraja prelaznog roka dovedemo adekvatna poja\u010danja u svim linijama tima\u201d<\/em>, najavio je predsjednik Novog Pazara.<\/p>\n<p>Ljaji\u0107 je podsjetio da je klub do sada anga\u017eovao Dragi\u0161u Pejovi\u0107a i Vladana Spasojevi\u0107a, ali i da time spisak novajlija nije zaklju\u010den.<\/p>\n<p><em>&#8220;Preko su nam potrebni \u0161toper, \u0161pic i plejmejker. U pregovorima smo sa Crvenom zvijezdom oko ustupanja Bojana \u0110or\u0111evi\u0107a, a do ponedjeljka \u0107e biti poznat ishod, obzirom da su i neki prvoliga\u0161ki u superliga\u0161ki timovi zainteresovani za njega\u201d<\/em>, rekao je Ljaji\u0107, koji je i lider Socijaldemokratske partije Srbije (SDPS).<\/p>\n<p>Izvor: <strong>B92.net<\/strong><\/p>\n","protected":false},"excerpt":{"rendered":"<p>Novi Pazar &#8211; Predsjednik FK Novi Pazar Rasim Ljaji\u0107 istakao je plasman u Superligu kao jedan od tri glavna cilja kluba. \u201cRazvoj fudbala, naro\u010dito omladinske \u0161kole, zatim razvoj infrastrukture i plasman u Superligu Srbije tri su glavna cilja\u201d, ministar rada i socijalne politike Rasim Ljaji\u0107. Ljaji\u0107 nije zadovoljan u\u010dinkom seniorske ekipe u jesenjoj polusezoni, jer, [&hellip;]<\/p>\n","protected":false},"author":83,"featured_media":11256,"comment_status":"open","ping_status":"open","sticky":false,"template":"","format":"standard","meta":{"footnotes":""},"categories":[72,13],"tags":[],"class_list":{"0":"post-11255","1":"post","2":"type-post","3":"status-publish","4":"format-standard","5":"has-post-thumbnail","7":"category-novi-pazar","8":"category-sport"},"yoast_head":"<!-- This site is optimized with the Yoast SEO Premium plugin v23.1 (Yoast SEO v24.9) - https:\/\/yoast.com\/wordpress\/plugins\/seo\/ -->\n<title>&quot;Cilj plasman u Superligu&quot;<\/title>\n<meta name=\"robots\" content=\"index, follow, max-snippet:-1, max-image-preview:large, max-video-preview:-1\" \/>\n<link rel=\"canonical\" href=\"https:\/\/sandzakpress.net\/arhiva\/cilj-plasman-u-superligu\/\" \/>\n<meta property=\"og:locale\" content=\"bs_BA\" \/>\n<meta property=\"og:type\" content=\"article\" \/>\n<meta property=\"og:title\" content=\"&quot;Cilj plasman u Superligu&quot;\" \/>\n<meta property=\"og:description\" content=\"Novi Pazar &#8211; Predsjednik FK Novi Pazar Rasim Ljaji\u0107 istakao je plasman u Superligu kao jedan od tri glavna cilja kluba. \u201cRazvoj fudbala, naro\u010dito omladinske \u0161kole, zatim razvoj infrastrukture i plasman u Superligu Srbije tri su glavna cilja\u201d, ministar rada i socijalne politike Rasim Ljaji\u0107. Ljaji\u0107 nije zadovoljan u\u010dinkom seniorske ekipe u jesenjoj polusezoni, jer, [&hellip;]\" \/>\n<meta property=\"og:url\" content=\"https:\/\/sandzakpress.net\/arhiva\/cilj-plasman-u-superligu\/\" \/>\n<meta property=\"og:site_name\" content=\"Sand\u017eak PRESS\" \/>\n<meta property=\"article:published_time\" content=\"2011-01-16T17:09:20+00:00\" \/>\n<meta property=\"og:image\" content=\"https:\/\/sandzakpress.net\/arhiva\/wp-content\/uploads\/2011\/01\/10452430574d23a5aee0042698866646_big.jpg\" \/>\n\t<meta property=\"og:image:width\" content=\"246\" \/>\n\t<meta property=\"og:image:height\" content=\"151\" \/>\n\t<meta property=\"og:image:type\" content=\"image\/jpeg\" \/>\n<meta name=\"author\" content=\"bosniak\" \/>\n<meta name=\"twitter:card\" content=\"summary_large_image\" \/>\n<meta name=\"twitter:label1\" content=\"Written by\" \/>\n\t<meta name=\"twitter:data1\" content=\"bosniak\" \/>\n\t<meta name=\"twitter:label2\" content=\"Est. reading time\" \/>\n\t<meta name=\"twitter:data2\" content=\"1 minuta\" \/>\n<script type=\"application\/ld+json\" class=\"yoast-schema-graph\">{\"@context\":\"https:\/\/schema.org\",\"@graph\":[{\"@type\":\"Article\",\"@id\":\"https:\/\/sandzakpress.net\/arhiva\/cilj-plasman-u-superligu\/#article\",\"isPartOf\":{\"@id\":\"https:\/\/sandzakpress.net\/arhiva\/cilj-plasman-u-superligu\/\"},\"author\":{\"name\":\"bosniak\",\"@id\":\"https:\/\/sandzakpress.net\/arhiva\/#\/schema\/person\/c8baee722073534b583ea7bdb2e36c02\"},\"headline\":\"&#8220;Cilj plasman u Superligu&#8221;\",\"datePublished\":\"2011-01-16T17:09:20+00:00\",\"mainEntityOfPage\":{\"@id\":\"https:\/\/sandzakpress.net\/arhiva\/cilj-plasman-u-superligu\/\"},\"wordCount\":215,\"commentCount\":0,\"publisher\":{\"@id\":\"https:\/\/sandzakpress.net\/arhiva\/#\/schema\/person\/6e72b67d6e51910a1117b3b483ba20bd\"},\"image\":{\"@id\":\"https:\/\/sandzakpress.net\/arhiva\/cilj-plasman-u-superligu\/#primaryimage\"},\"thumbnailUrl\":\"https:\/\/sandzakpress.net\/arhiva\/wp-content\/uploads\/2011\/01\/10452430574d23a5aee0042698866646_big.jpg\",\"articleSection\":[\"Novi Pazar\",\"Sport\"],\"inLanguage\":\"bs-BA\",\"potentialAction\":[{\"@type\":\"CommentAction\",\"name\":\"Comment\",\"target\":[\"https:\/\/sandzakpress.net\/arhiva\/cilj-plasman-u-superligu\/#respond\"]}]},{\"@type\":\"WebPage\",\"@id\":\"https:\/\/sandzakpress.net\/arhiva\/cilj-plasman-u-superligu\/\",\"url\":\"https:\/\/sandzakpress.net\/arhiva\/cilj-plasman-u-superligu\/\",\"name\":\"\\\"Cilj plasman u Superligu\\\"\",\"isPartOf\":{\"@id\":\"https:\/\/sandzakpress.net\/arhiva\/#website\"},\"primaryImageOfPage\":{\"@id\":\"https:\/\/sandzakpress.net\/arhiva\/cilj-plasman-u-superligu\/#primaryimage\"},\"image\":{\"@id\":\"https:\/\/sandzakpress.net\/arhiva\/cilj-plasman-u-superligu\/#primaryimage\"},\"thumbnailUrl\":\"https:\/\/sandzakpress.net\/arhiva\/wp-content\/uploads\/2011\/01\/10452430574d23a5aee0042698866646_big.jpg\",\"datePublished\":\"2011-01-16T17:09:20+00:00\",\"breadcrumb\":{\"@id\":\"https:\/\/sandzakpress.net\/arhiva\/cilj-plasman-u-superligu\/#breadcrumb\"},\"inLanguage\":\"bs-BA\",\"potentialAction\":[{\"@type\":\"ReadAction\",\"target\":[\"https:\/\/sandzakpress.net\/arhiva\/cilj-plasman-u-superligu\/\"]}]},{\"@type\":\"ImageObject\",\"inLanguage\":\"bs-BA\",\"@id\":\"https:\/\/sandzakpress.net\/arhiva\/cilj-plasman-u-superligu\/#primaryimage\",\"url\":\"https:\/\/sandzakpress.net\/arhiva\/wp-content\/uploads\/2011\/01\/10452430574d23a5aee0042698866646_big.jpg\",\"contentUrl\":\"https:\/\/sandzakpress.net\/arhiva\/wp-content\/uploads\/2011\/01\/10452430574d23a5aee0042698866646_big.jpg\",\"width\":246,\"height\":151},{\"@type\":\"BreadcrumbList\",\"@id\":\"https:\/\/sandzakpress.net\/arhiva\/cilj-plasman-u-superligu\/#breadcrumb\",\"itemListElement\":[{\"@type\":\"ListItem\",\"position\":1,\"name\":\"Home\",\"item\":\"https:\/\/sandzakpress.net\/arhiva\/\"},{\"@type\":\"ListItem\",\"position\":2,\"name\":\"&#8220;Cilj plasman u Superligu&#8221;\"}]},{\"@type\":\"WebSite\",\"@id\":\"https:\/\/sandzakpress.net\/arhiva\/#website\",\"url\":\"https:\/\/sandzakpress.net\/arhiva\/\",\"name\":\"Sand\u017eak PRESS\",\"description\":\"Prve elektronske novine u Sand\u017eaku\",\"publisher\":{\"@id\":\"https:\/\/sandzakpress.net\/arhiva\/#\/schema\/person\/6e72b67d6e51910a1117b3b483ba20bd\"},\"potentialAction\":[{\"@type\":\"SearchAction\",\"target\":{\"@type\":\"EntryPoint\",\"urlTemplate\":\"https:\/\/sandzakpress.net\/arhiva\/?s={search_term_string}\"},\"query-input\":{\"@type\":\"PropertyValueSpecification\",\"valueRequired\":true,\"valueName\":\"search_term_string\"}}],\"inLanguage\":\"bs-BA\"},{\"@type\":[\"Person\",\"Organization\"],\"@id\":\"https:\/\/sandzakpress.net\/arhiva\/#\/schema\/person\/6e72b67d6e51910a1117b3b483ba20bd\",\"name\":\"Kul\",\"image\":{\"@type\":\"ImageObject\",\"inLanguage\":\"bs-BA\",\"@id\":\"https:\/\/sandzakpress.net\/arhiva\/#\/schema\/person\/image\/\",\"url\":\"https:\/\/secure.gravatar.com\/avatar\/42263f39aa27ac04c43cab85c280eb2e?s=96&d=mm&r=pg\",\"contentUrl\":\"https:\/\/secure.gravatar.com\/avatar\/42263f39aa27ac04c43cab85c280eb2e?s=96&d=mm&r=pg\",\"caption\":\"Kul\"},\"logo\":{\"@id\":\"https:\/\/sandzakpress.net\/arhiva\/#\/schema\/person\/image\/\"}},{\"@type\":\"Person\",\"@id\":\"https:\/\/sandzakpress.net\/arhiva\/#\/schema\/person\/c8baee722073534b583ea7bdb2e36c02\",\"name\":\"bosniak\",\"image\":{\"@type\":\"ImageObject\",\"inLanguage\":\"bs-BA\",\"@id\":\"https:\/\/sandzakpress.net\/arhiva\/#\/schema\/person\/image\/\",\"url\":\"https:\/\/secure.gravatar.com\/avatar\/a04fd330bfe3a36a72a0ad4a6d89fca7?s=96&d=mm&r=pg\",\"contentUrl\":\"https:\/\/secure.gravatar.com\/avatar\/a04fd330bfe3a36a72a0ad4a6d89fca7?s=96&d=mm&r=pg\",\"caption\":\"bosniak\"},\"url\":\"https:\/\/sandzakpress.net\/arhiva\/author\/bosniak\/\"}]}<\/script>\n<!-- \/ Yoast SEO Premium plugin. -->","yoast_head_json":{"title":"\"Cilj plasman u Superligu\"","robots":{"index":"index","follow":"follow","max-snippet":"max-snippet:-1","max-image-preview":"max-image-preview:large","max-video-preview":"max-video-preview:-1"},"canonical":"https:\/\/sandzakpress.net\/arhiva\/cilj-plasman-u-superligu\/","og_locale":"bs_BA","og_type":"article","og_title":"\"Cilj plasman u Superligu\"","og_description":"Novi Pazar &#8211; Predsjednik FK Novi Pazar Rasim Ljaji\u0107 istakao je plasman u Superligu kao jedan od tri glavna cilja kluba. \u201cRazvoj fudbala, naro\u010dito omladinske \u0161kole, zatim razvoj infrastrukture i plasman u Superligu Srbije tri su glavna cilja\u201d, ministar rada i socijalne politike Rasim Ljaji\u0107. Ljaji\u0107 nije zadovoljan u\u010dinkom seniorske ekipe u jesenjoj polusezoni, jer, [&hellip;]","og_url":"https:\/\/sandzakpress.net\/arhiva\/cilj-plasman-u-superligu\/","og_site_name":"Sand\u017eak PRESS","article_published_time":"2011-01-16T17:09:20+00:00","og_image":[{"width":246,"height":151,"url":"https:\/\/sandzakpress.net\/arhiva\/wp-content\/uploads\/2011\/01\/10452430574d23a5aee0042698866646_big.jpg","type":"image\/jpeg"}],"author":"bosniak","twitter_card":"summary_large_image","twitter_misc":{"Written by":"bosniak","Est. reading time":"1 minuta"},"schema":{"@context":"https:\/\/schema.org","@graph":[{"@type":"Article","@id":"https:\/\/sandzakpress.net\/arhiva\/cilj-plasman-u-superligu\/#article","isPartOf":{"@id":"https:\/\/sandzakpress.net\/arhiva\/cilj-plasman-u-superligu\/"},"author":{"name":"bosniak","@id":"https:\/\/sandzakpress.net\/arhiva\/#\/schema\/person\/c8baee722073534b583ea7bdb2e36c02"},"headline":"&#8220;Cilj plasman u Superligu&#8221;","datePublished":"2011-01-16T17:09:20+00:00","mainEntityOfPage":{"@id":"https:\/\/sandzakpress.net\/arhiva\/cilj-plasman-u-superligu\/"},"wordCount":215,"commentCount":0,"publisher":{"@id":"https:\/\/sandzakpress.net\/arhiva\/#\/schema\/person\/6e72b67d6e51910a1117b3b483ba20bd"},"image":{"@id":"https:\/\/sandzakpress.net\/arhiva\/cilj-plasman-u-superligu\/#primaryimage"},"thumbnailUrl":"https:\/\/sandzakpress.net\/arhiva\/wp-content\/uploads\/2011\/01\/10452430574d23a5aee0042698866646_big.jpg","articleSection":["Novi Pazar","Sport"],"inLanguage":"bs-BA","potentialAction":[{"@type":"CommentAction","name":"Comment","target":["https:\/\/sandzakpress.net\/arhiva\/cilj-plasman-u-superligu\/#respond"]}]},{"@type":"WebPage","@id":"https:\/\/sandzakpress.net\/arhiva\/cilj-plasman-u-superligu\/","url":"https:\/\/sandzakpress.net\/arhiva\/cilj-plasman-u-superligu\/","name":"\"Cilj plasman u Superligu\"","isPartOf":{"@id":"https:\/\/sandzakpress.net\/arhiva\/#website"},"primaryImageOfPage":{"@id":"https:\/\/sandzakpress.net\/arhiva\/cilj-plasman-u-superligu\/#primaryimage"},"image":{"@id":"https:\/\/sandzakpress.net\/arhiva\/cilj-plasman-u-superligu\/#primaryimage"},"thumbnailUrl":"https:\/\/sandzakpress.net\/arhiva\/wp-content\/uploads\/2011\/01\/10452430574d23a5aee0042698866646_big.jpg","datePublished":"2011-01-16T17:09:20+00:00","breadcrumb":{"@id":"https:\/\/sandzakpress.net\/arhiva\/cilj-plasman-u-superligu\/#breadcrumb"},"inLanguage":"bs-BA","potentialAction":[{"@type":"ReadAction","target":["https:\/\/sandzakpress.net\/arhiva\/cilj-plasman-u-superligu\/"]}]},{"@type":"ImageObject","inLanguage":"bs-BA","@id":"https:\/\/sandzakpress.net\/arhiva\/cilj-plasman-u-superligu\/#primaryimage","url":"https:\/\/sandzakpress.net\/arhiva\/wp-content\/uploads\/2011\/01\/10452430574d23a5aee0042698866646_big.jpg","contentUrl":"https:\/\/sandzakpress.net\/arhiva\/wp-content\/uploads\/2011\/01\/10452430574d23a5aee0042698866646_big.jpg","width":246,"height":151},{"@type":"BreadcrumbList","@id":"https:\/\/sandzakpress.net\/arhiva\/cilj-plasman-u-superligu\/#breadcrumb","itemListElement":[{"@type":"ListItem","position":1,"name":"Home","item":"https:\/\/sandzakpress.net\/arhiva\/"},{"@type":"ListItem","position":2,"name":"&#8220;Cilj plasman u Superligu&#8221;"}]},{"@type":"WebSite","@id":"https:\/\/sandzakpress.net\/arhiva\/#website","url":"https:\/\/sandzakpress.net\/arhiva\/","name":"Sand\u017eak PRESS","description":"Prve elektronske novine u Sand\u017eaku","publisher":{"@id":"https:\/\/sandzakpress.net\/arhiva\/#\/schema\/person\/6e72b67d6e51910a1117b3b483ba20bd"},"potentialAction":[{"@type":"SearchAction","target":{"@type":"EntryPoint","urlTemplate":"https:\/\/sandzakpress.net\/arhiva\/?s={search_term_string}"},"query-input":{"@type":"PropertyValueSpecification","valueRequired":true,"valueName":"search_term_string"}}],"inLanguage":"bs-BA"},{"@type":["Person","Organization"],"@id":"https:\/\/sandzakpress.net\/arhiva\/#\/schema\/person\/6e72b67d6e51910a1117b3b483ba20bd","name":"Kul","image":{"@type":"ImageObject","inLanguage":"bs-BA","@id":"https:\/\/sandzakpress.net\/arhiva\/#\/schema\/person\/image\/","url":"https:\/\/secure.gravatar.com\/avatar\/42263f39aa27ac04c43cab85c280eb2e?s=96&d=mm&r=pg","contentUrl":"https:\/\/secure.gravatar.com\/avatar\/42263f39aa27ac04c43cab85c280eb2e?s=96&d=mm&r=pg","caption":"Kul"},"logo":{"@id":"https:\/\/sandzakpress.net\/arhiva\/#\/schema\/person\/image\/"}},{"@type":"Person","@id":"https:\/\/sandzakpress.net\/arhiva\/#\/schema\/person\/c8baee722073534b583ea7bdb2e36c02","name":"bosniak","image":{"@type":"ImageObject","inLanguage":"bs-BA","@id":"https:\/\/sandzakpress.net\/arhiva\/#\/schema\/person\/image\/","url":"https:\/\/secure.gravatar.com\/avatar\/a04fd330bfe3a36a72a0ad4a6d89fca7?s=96&d=mm&r=pg","contentUrl":"https:\/\/secure.gravatar.com\/avatar\/a04fd330bfe3a36a72a0ad4a6d89fca7?s=96&d=mm&r=pg","caption":"bosniak"},"url":"https:\/\/sandzakpress.net\/arhiva\/author\/bosniak\/"}]}},"_links":{"self":[{"href":"https:\/\/sandzakpress.net\/arhiva\/wp-json\/wp\/v2\/posts\/11255"}],"collection":[{"href":"https:\/\/sandzakpress.net\/arhiva\/wp-json\/wp\/v2\/posts"}],"about":[{"href":"https:\/\/sandzakpress.net\/arhiva\/wp-json\/wp\/v2\/types\/post"}],"author":[{"embeddable":true,"href":"https:\/\/sandzakpress.net\/arhiva\/wp-json\/wp\/v2\/users\/83"}],"replies":[{"embeddable":true,"href":"https:\/\/sandzakpress.net\/arhiva\/wp-json\/wp\/v2\/comments?post=11255"}],"version-history":[{"count":0,"href":"https:\/\/sandzakpress.net\/arhiva\/wp-json\/wp\/v2\/posts\/11255\/revisions"}],"wp:featuredmedia":[{"embeddable":true,"href":"https:\/\/sandzakpress.net\/arhiva\/wp-json\/wp\/v2\/media\/11256"}],"wp:attachment":[{"href":"https:\/\/sandzakpress.net\/arhiva\/wp-json\/wp\/v2\/media?parent=11255"}],"wp:term":[{"taxonomy":"category","embeddable":true,"href":"https:\/\/sandzakpress.net\/arhiva\/wp-json\/wp\/v2\/categories?post=11255"},{"taxonomy":"post_tag","embeddable":true,"href":"https:\/\/sandzakpress.net\/arhiva\/wp-json\/wp\/v2\/tags?post=11255"}],"curies":[{"name":"wp","href":"https:\/\/api.w.org\/{rel}","templated":true}]}}