{"id":112539,"date":"2014-10-01T00:26:19","date_gmt":"2014-09-30T22:26:19","guid":{"rendered":"https:\/\/sandzakpress.net\/arhiva\/?p=112539"},"modified":"2014-10-01T00:39:33","modified_gmt":"2014-09-30T22:39:33","slug":"nekadasnji-saradnici-odbacili-optuzbe-dzudza-za-sporni-udzbenik","status":"publish","type":"post","link":"https:\/\/sandzakpress.net\/arhiva\/nekadasnji-saradnici-odbacili-optuzbe-dzudza-za-sporni-udzbenik\/","title":{"rendered":"Nekada\u0161nji saradnici odbacili optu\u017ebe D\u017eud\u017ea za sporni ud\u017ebenik"},"content":{"rendered":"<p><img decoding=\"async\" class=\"aligncenter\" src=\"http:\/\/rtvnp.rs\/images\/stories\/nekadasnji_vecnici_odbacili_optuzbe_dzudza_za_sporni_udzbenik.jpg\" alt=\"\" \/><\/p>\n<p><strong>Novi Pazar &#8211; Elijas Rebronja, Red\u017eep \u0160krijelj biv\u0161i \u010dlanovi Odbora za obrazovanje Bo\u0161nja\u010dkog nacionalog vije\u0107a u tehni\u010dkom mandatu i Amir Dautovi\u0107 prevodilac ud\u017ebenika sa srpskog na bosanski, negirali su danas optu\u017ebe Esada D\u017eud\u017ea da su odgovorni za pojavljivanje ilustracije proroka Muhameda u ud\u017ebeniku historije za 6.razred na bosanskom jeziku.<\/strong><\/p>\n<p>Oni smatraju da su optu\u017ebe dio politi\u010dkog cirkusa Esada D\u017eud\u017ea i njegovog privatnog BNV-a i to sve zbog toga \u0161to su, kako ka\u017eu, napustili BNV prije tri mjeseca.<\/p>\n<p>\u201cMi smo bili zadu\u017eeni za izradu ud\u017ebenika na bosanskom jeziku, pa smo izdali oko 15 ud\u017ebenika vezanih za bosanski jezik i knji\u017eevnost, \u0161to mi je i struka. Ostali ud\u017ebenici, poput matematike, biologije, historije, nisu na\u0161e djelo, nego je prijevod samo na\u0161. Mi nismo ni autori, ni urednici, ve\u0107 smo samo prevodili. Najodgovorniji za te ud\u017ebenike je D\u017eud\u017eo a i koji bi morao da zna kako izgledaju ud\u017ebenici na bosanskom jeziku\u201d \u2013 ka\u017ee Rebronja. On se pita za\u0161to se ba\u0161 sada pokre\u0107e ovo pitanje kad je isti ud\u017ebenik u upotrebi ve\u0107 8 godina u Srbiji, ali u Sand\u017eaku.<\/p>\n<p>\u201cGdje su bili prije 20 dana kada je u BNV-u organizovana promocija ud\u017ebenika izdava\u010dke ku\u0107e Klet, me\u0111u kojima je bila i sporna historija za 6.razred. Gdje su bili tad?\u201d \u2013 ka\u017ee Rebronja.<\/p>\n<div class=\"youtube-embed\" data-video_id=\"HKPVMr_0-fY\"><iframe loading=\"lazy\" title=\"Odgovor na optu\u017ebe D\u017eud\u017ea\" width=\"696\" height=\"522\" src=\"https:\/\/www.youtube.com\/embed\/HKPVMr_0-fY?feature=oembed&#038;enablejsapi=1\" frameborder=\"0\" allow=\"accelerometer; autoplay; encrypted-media; gyroscope; picture-in-picture\" allowfullscreen><\/iframe><\/div>\n<p>Red\u017eep \u0160krijelj ka\u017ee da su optu\u017ebe D\u017eud\u017ea besmislene I obja\u0161njava da su oni bili zadu\u017eeni isklju\u010divo za prijevod, a ne ure\u0111ivanje ud\u017ebenika historije.<\/p>\n<p>\u201cMI nismo mogli da budemo recenzenti ud\u017ebenika, jer ga nismo ni pisali, nismo bili autori. Bez obzira \u0161to nam se odre\u0111ene stvari I u ud\u017ebeniku ne svi\u0111aju, nemamo prava da mijenjamo tekst jer je u pitanju krivotvorenje, a to je krivi\u010dno djelo\u201d \u2013 ka\u017ee \u0160krijelj I nagla\u0161ava da je u pitanju osvetni\u010dko pona\u0161anje D\u017eud\u017ea zbog njihovog odlaska.<\/p>\n<p>Prevodilac spornog ud\u017ebenika Amir Dautovi\u0107 ka\u017ee da je on preveo tekst koji je dobio od izdava\u010dke ku\u0107e Klet ali da nije dobio nikakve ilustracije I da je njegov posao bio samo prijevod.<\/p>\n<p>\u201cPostoji i dokaz da sam iz Ve\u0107a poslao prevedeni tekst bez ikakvih ilustracija\u201d \u2013 ka\u017ee Dautovi\u0107.<\/p>\n<p>(RTVNP)<\/p>\n","protected":false},"excerpt":{"rendered":"<p>Novi Pazar &#8211; Elijas Rebronja, Red\u017eep \u0160krijelj biv\u0161i \u010dlanovi Odbora za obrazovanje Bo\u0161nja\u010dkog nacionalog vije\u0107a u tehni\u010dkom mandatu i Amir Dautovi\u0107 prevodilac ud\u017ebenika sa srpskog na bosanski, negirali su danas optu\u017ebe Esada D\u017eud\u017ea da su odgovorni za pojavljivanje ilustracije proroka Muhameda u ud\u017ebeniku historije za 6.razred na bosanskom jeziku. Oni smatraju da su optu\u017ebe dio [&hellip;]<\/p>\n","protected":false},"author":83,"featured_media":112541,"comment_status":"open","ping_status":"open","sticky":false,"template":"","format":"standard","meta":{"footnotes":""},"categories":[72,1,52,327,392,393,394,8957],"tags":[10238],"class_list":{"0":"post-112539","1":"post","2":"type-post","3":"status-publish","4":"format-standard","5":"has-post-thumbnail","7":"category-novi-pazar","8":"category-politika","9":"category-sjenica","10":"category-tutin","11":"category-prijepolje_","12":"category-priboj","13":"category-nova-varos","14":"category-vijesti-dana","15":"tag-esad-dzudzevic"},"yoast_head":"<!-- This site is optimized with the Yoast SEO Premium plugin v23.1 (Yoast SEO v24.9) - https:\/\/yoast.com\/wordpress\/plugins\/seo\/ -->\n<title>Nekada\u0161nji saradnici odbacili optu\u017ebe D\u017eud\u017ea za sporni ud\u017ebenik<\/title>\n<meta name=\"robots\" content=\"index, follow, max-snippet:-1, max-image-preview:large, max-video-preview:-1\" \/>\n<link rel=\"canonical\" href=\"https:\/\/sandzakpress.net\/arhiva\/nekadasnji-saradnici-odbacili-optuzbe-dzudza-za-sporni-udzbenik\/\" \/>\n<meta property=\"og:locale\" content=\"bs_BA\" \/>\n<meta property=\"og:type\" content=\"article\" \/>\n<meta property=\"og:title\" content=\"Nekada\u0161nji saradnici odbacili optu\u017ebe D\u017eud\u017ea za sporni ud\u017ebenik\" \/>\n<meta property=\"og:description\" content=\"Novi Pazar &#8211; Elijas Rebronja, Red\u017eep \u0160krijelj biv\u0161i \u010dlanovi Odbora za obrazovanje Bo\u0161nja\u010dkog nacionalog vije\u0107a u tehni\u010dkom mandatu i Amir Dautovi\u0107 prevodilac ud\u017ebenika sa srpskog na bosanski, negirali su danas optu\u017ebe Esada D\u017eud\u017ea da su odgovorni za pojavljivanje ilustracije proroka Muhameda u ud\u017ebeniku historije za 6.razred na bosanskom jeziku. Oni smatraju da su optu\u017ebe dio [&hellip;]\" \/>\n<meta property=\"og:url\" content=\"https:\/\/sandzakpress.net\/arhiva\/nekadasnji-saradnici-odbacili-optuzbe-dzudza-za-sporni-udzbenik\/\" \/>\n<meta property=\"og:site_name\" content=\"Sand\u017eak PRESS\" \/>\n<meta property=\"article:published_time\" content=\"2014-09-30T22:26:19+00:00\" \/>\n<meta property=\"article:modified_time\" content=\"2014-09-30T22:39:33+00:00\" \/>\n<meta property=\"og:image\" content=\"https:\/\/sandzakpress.net\/arhiva\/wp-content\/uploads\/2014\/10\/nekadasnji_vecnici_odbacili_optuzbe_dzudza_za_sporni_udzbenik.jpg\" \/>\n\t<meta property=\"og:image:width\" content=\"500\" \/>\n\t<meta property=\"og:image:height\" content=\"350\" \/>\n\t<meta property=\"og:image:type\" content=\"image\/jpeg\" \/>\n<meta name=\"author\" content=\"bosniak\" \/>\n<meta name=\"twitter:card\" content=\"summary_large_image\" \/>\n<meta name=\"twitter:label1\" content=\"Written by\" \/>\n\t<meta name=\"twitter:data1\" content=\"bosniak\" \/>\n\t<meta name=\"twitter:label2\" content=\"Est. reading time\" \/>\n\t<meta name=\"twitter:data2\" content=\"2 minute\" \/>\n<script type=\"application\/ld+json\" class=\"yoast-schema-graph\">{\"@context\":\"https:\/\/schema.org\",\"@graph\":[{\"@type\":\"Article\",\"@id\":\"https:\/\/sandzakpress.net\/arhiva\/nekadasnji-saradnici-odbacili-optuzbe-dzudza-za-sporni-udzbenik\/#article\",\"isPartOf\":{\"@id\":\"https:\/\/sandzakpress.net\/arhiva\/nekadasnji-saradnici-odbacili-optuzbe-dzudza-za-sporni-udzbenik\/\"},\"author\":{\"name\":\"bosniak\",\"@id\":\"https:\/\/sandzakpress.net\/arhiva\/#\/schema\/person\/c8baee722073534b583ea7bdb2e36c02\"},\"headline\":\"Nekada\u0161nji saradnici odbacili optu\u017ebe D\u017eud\u017ea za sporni ud\u017ebenik\",\"datePublished\":\"2014-09-30T22:26:19+00:00\",\"dateModified\":\"2014-09-30T22:39:33+00:00\",\"mainEntityOfPage\":{\"@id\":\"https:\/\/sandzakpress.net\/arhiva\/nekadasnji-saradnici-odbacili-optuzbe-dzudza-za-sporni-udzbenik\/\"},\"wordCount\":412,\"commentCount\":5,\"publisher\":{\"@id\":\"https:\/\/sandzakpress.net\/arhiva\/#\/schema\/person\/6e72b67d6e51910a1117b3b483ba20bd\"},\"image\":{\"@id\":\"https:\/\/sandzakpress.net\/arhiva\/nekadasnji-saradnici-odbacili-optuzbe-dzudza-za-sporni-udzbenik\/#primaryimage\"},\"thumbnailUrl\":\"https:\/\/sandzakpress.net\/arhiva\/wp-content\/uploads\/2014\/10\/nekadasnji_vecnici_odbacili_optuzbe_dzudza_za_sporni_udzbenik.jpg\",\"keywords\":[\"Esad D\u017eud\u017eo\"],\"articleSection\":[\"Novi Pazar\",\"Politika\",\"Sjenica\",\"Tutin\",\"Prijepolje\",\"Priboj\",\"Nova Varo\u0161\",\"VIJESTI DANA\"],\"inLanguage\":\"bs-BA\",\"potentialAction\":[{\"@type\":\"CommentAction\",\"name\":\"Comment\",\"target\":[\"https:\/\/sandzakpress.net\/arhiva\/nekadasnji-saradnici-odbacili-optuzbe-dzudza-za-sporni-udzbenik\/#respond\"]}]},{\"@type\":\"WebPage\",\"@id\":\"https:\/\/sandzakpress.net\/arhiva\/nekadasnji-saradnici-odbacili-optuzbe-dzudza-za-sporni-udzbenik\/\",\"url\":\"https:\/\/sandzakpress.net\/arhiva\/nekadasnji-saradnici-odbacili-optuzbe-dzudza-za-sporni-udzbenik\/\",\"name\":\"Nekada\u0161nji saradnici odbacili optu\u017ebe D\u017eud\u017ea za sporni ud\u017ebenik\",\"isPartOf\":{\"@id\":\"https:\/\/sandzakpress.net\/arhiva\/#website\"},\"primaryImageOfPage\":{\"@id\":\"https:\/\/sandzakpress.net\/arhiva\/nekadasnji-saradnici-odbacili-optuzbe-dzudza-za-sporni-udzbenik\/#primaryimage\"},\"image\":{\"@id\":\"https:\/\/sandzakpress.net\/arhiva\/nekadasnji-saradnici-odbacili-optuzbe-dzudza-za-sporni-udzbenik\/#primaryimage\"},\"thumbnailUrl\":\"https:\/\/sandzakpress.net\/arhiva\/wp-content\/uploads\/2014\/10\/nekadasnji_vecnici_odbacili_optuzbe_dzudza_za_sporni_udzbenik.jpg\",\"datePublished\":\"2014-09-30T22:26:19+00:00\",\"dateModified\":\"2014-09-30T22:39:33+00:00\",\"breadcrumb\":{\"@id\":\"https:\/\/sandzakpress.net\/arhiva\/nekadasnji-saradnici-odbacili-optuzbe-dzudza-za-sporni-udzbenik\/#breadcrumb\"},\"inLanguage\":\"bs-BA\",\"potentialAction\":[{\"@type\":\"ReadAction\",\"target\":[\"https:\/\/sandzakpress.net\/arhiva\/nekadasnji-saradnici-odbacili-optuzbe-dzudza-za-sporni-udzbenik\/\"]}]},{\"@type\":\"ImageObject\",\"inLanguage\":\"bs-BA\",\"@id\":\"https:\/\/sandzakpress.net\/arhiva\/nekadasnji-saradnici-odbacili-optuzbe-dzudza-za-sporni-udzbenik\/#primaryimage\",\"url\":\"https:\/\/sandzakpress.net\/arhiva\/wp-content\/uploads\/2014\/10\/nekadasnji_vecnici_odbacili_optuzbe_dzudza_za_sporni_udzbenik.jpg\",\"contentUrl\":\"https:\/\/sandzakpress.net\/arhiva\/wp-content\/uploads\/2014\/10\/nekadasnji_vecnici_odbacili_optuzbe_dzudza_za_sporni_udzbenik.jpg\",\"width\":500,\"height\":350},{\"@type\":\"BreadcrumbList\",\"@id\":\"https:\/\/sandzakpress.net\/arhiva\/nekadasnji-saradnici-odbacili-optuzbe-dzudza-za-sporni-udzbenik\/#breadcrumb\",\"itemListElement\":[{\"@type\":\"ListItem\",\"position\":1,\"name\":\"Home\",\"item\":\"https:\/\/sandzakpress.net\/arhiva\/\"},{\"@type\":\"ListItem\",\"position\":2,\"name\":\"Nekada\u0161nji saradnici odbacili optu\u017ebe D\u017eud\u017ea za sporni ud\u017ebenik\"}]},{\"@type\":\"WebSite\",\"@id\":\"https:\/\/sandzakpress.net\/arhiva\/#website\",\"url\":\"https:\/\/sandzakpress.net\/arhiva\/\",\"name\":\"Sand\u017eak PRESS\",\"description\":\"Prve elektronske novine u Sand\u017eaku\",\"publisher\":{\"@id\":\"https:\/\/sandzakpress.net\/arhiva\/#\/schema\/person\/6e72b67d6e51910a1117b3b483ba20bd\"},\"potentialAction\":[{\"@type\":\"SearchAction\",\"target\":{\"@type\":\"EntryPoint\",\"urlTemplate\":\"https:\/\/sandzakpress.net\/arhiva\/?s={search_term_string}\"},\"query-input\":{\"@type\":\"PropertyValueSpecification\",\"valueRequired\":true,\"valueName\":\"search_term_string\"}}],\"inLanguage\":\"bs-BA\"},{\"@type\":[\"Person\",\"Organization\"],\"@id\":\"https:\/\/sandzakpress.net\/arhiva\/#\/schema\/person\/6e72b67d6e51910a1117b3b483ba20bd\",\"name\":\"Kul\",\"image\":{\"@type\":\"ImageObject\",\"inLanguage\":\"bs-BA\",\"@id\":\"https:\/\/sandzakpress.net\/arhiva\/#\/schema\/person\/image\/\",\"url\":\"https:\/\/secure.gravatar.com\/avatar\/42263f39aa27ac04c43cab85c280eb2e?s=96&d=mm&r=pg\",\"contentUrl\":\"https:\/\/secure.gravatar.com\/avatar\/42263f39aa27ac04c43cab85c280eb2e?s=96&d=mm&r=pg\",\"caption\":\"Kul\"},\"logo\":{\"@id\":\"https:\/\/sandzakpress.net\/arhiva\/#\/schema\/person\/image\/\"}},{\"@type\":\"Person\",\"@id\":\"https:\/\/sandzakpress.net\/arhiva\/#\/schema\/person\/c8baee722073534b583ea7bdb2e36c02\",\"name\":\"bosniak\",\"image\":{\"@type\":\"ImageObject\",\"inLanguage\":\"bs-BA\",\"@id\":\"https:\/\/sandzakpress.net\/arhiva\/#\/schema\/person\/image\/\",\"url\":\"https:\/\/secure.gravatar.com\/avatar\/a04fd330bfe3a36a72a0ad4a6d89fca7?s=96&d=mm&r=pg\",\"contentUrl\":\"https:\/\/secure.gravatar.com\/avatar\/a04fd330bfe3a36a72a0ad4a6d89fca7?s=96&d=mm&r=pg\",\"caption\":\"bosniak\"},\"url\":\"https:\/\/sandzakpress.net\/arhiva\/author\/bosniak\/\"}]}<\/script>\n<!-- \/ Yoast SEO Premium plugin. -->","yoast_head_json":{"title":"Nekada\u0161nji saradnici odbacili optu\u017ebe D\u017eud\u017ea za sporni ud\u017ebenik","robots":{"index":"index","follow":"follow","max-snippet":"max-snippet:-1","max-image-preview":"max-image-preview:large","max-video-preview":"max-video-preview:-1"},"canonical":"https:\/\/sandzakpress.net\/arhiva\/nekadasnji-saradnici-odbacili-optuzbe-dzudza-za-sporni-udzbenik\/","og_locale":"bs_BA","og_type":"article","og_title":"Nekada\u0161nji saradnici odbacili optu\u017ebe D\u017eud\u017ea za sporni ud\u017ebenik","og_description":"Novi Pazar &#8211; Elijas Rebronja, Red\u017eep \u0160krijelj biv\u0161i \u010dlanovi Odbora za obrazovanje Bo\u0161nja\u010dkog nacionalog vije\u0107a u tehni\u010dkom mandatu i Amir Dautovi\u0107 prevodilac ud\u017ebenika sa srpskog na bosanski, negirali su danas optu\u017ebe Esada D\u017eud\u017ea da su odgovorni za pojavljivanje ilustracije proroka Muhameda u ud\u017ebeniku historije za 6.razred na bosanskom jeziku. Oni smatraju da su optu\u017ebe dio [&hellip;]","og_url":"https:\/\/sandzakpress.net\/arhiva\/nekadasnji-saradnici-odbacili-optuzbe-dzudza-za-sporni-udzbenik\/","og_site_name":"Sand\u017eak PRESS","article_published_time":"2014-09-30T22:26:19+00:00","article_modified_time":"2014-09-30T22:39:33+00:00","og_image":[{"width":500,"height":350,"url":"https:\/\/sandzakpress.net\/arhiva\/wp-content\/uploads\/2014\/10\/nekadasnji_vecnici_odbacili_optuzbe_dzudza_za_sporni_udzbenik.jpg","type":"image\/jpeg"}],"author":"bosniak","twitter_card":"summary_large_image","twitter_misc":{"Written by":"bosniak","Est. reading time":"2 minute"},"schema":{"@context":"https:\/\/schema.org","@graph":[{"@type":"Article","@id":"https:\/\/sandzakpress.net\/arhiva\/nekadasnji-saradnici-odbacili-optuzbe-dzudza-za-sporni-udzbenik\/#article","isPartOf":{"@id":"https:\/\/sandzakpress.net\/arhiva\/nekadasnji-saradnici-odbacili-optuzbe-dzudza-za-sporni-udzbenik\/"},"author":{"name":"bosniak","@id":"https:\/\/sandzakpress.net\/arhiva\/#\/schema\/person\/c8baee722073534b583ea7bdb2e36c02"},"headline":"Nekada\u0161nji saradnici odbacili optu\u017ebe D\u017eud\u017ea za sporni ud\u017ebenik","datePublished":"2014-09-30T22:26:19+00:00","dateModified":"2014-09-30T22:39:33+00:00","mainEntityOfPage":{"@id":"https:\/\/sandzakpress.net\/arhiva\/nekadasnji-saradnici-odbacili-optuzbe-dzudza-za-sporni-udzbenik\/"},"wordCount":412,"commentCount":5,"publisher":{"@id":"https:\/\/sandzakpress.net\/arhiva\/#\/schema\/person\/6e72b67d6e51910a1117b3b483ba20bd"},"image":{"@id":"https:\/\/sandzakpress.net\/arhiva\/nekadasnji-saradnici-odbacili-optuzbe-dzudza-za-sporni-udzbenik\/#primaryimage"},"thumbnailUrl":"https:\/\/sandzakpress.net\/arhiva\/wp-content\/uploads\/2014\/10\/nekadasnji_vecnici_odbacili_optuzbe_dzudza_za_sporni_udzbenik.jpg","keywords":["Esad D\u017eud\u017eo"],"articleSection":["Novi Pazar","Politika","Sjenica","Tutin","Prijepolje","Priboj","Nova Varo\u0161","VIJESTI DANA"],"inLanguage":"bs-BA","potentialAction":[{"@type":"CommentAction","name":"Comment","target":["https:\/\/sandzakpress.net\/arhiva\/nekadasnji-saradnici-odbacili-optuzbe-dzudza-za-sporni-udzbenik\/#respond"]}]},{"@type":"WebPage","@id":"https:\/\/sandzakpress.net\/arhiva\/nekadasnji-saradnici-odbacili-optuzbe-dzudza-za-sporni-udzbenik\/","url":"https:\/\/sandzakpress.net\/arhiva\/nekadasnji-saradnici-odbacili-optuzbe-dzudza-za-sporni-udzbenik\/","name":"Nekada\u0161nji saradnici odbacili optu\u017ebe D\u017eud\u017ea za sporni ud\u017ebenik","isPartOf":{"@id":"https:\/\/sandzakpress.net\/arhiva\/#website"},"primaryImageOfPage":{"@id":"https:\/\/sandzakpress.net\/arhiva\/nekadasnji-saradnici-odbacili-optuzbe-dzudza-za-sporni-udzbenik\/#primaryimage"},"image":{"@id":"https:\/\/sandzakpress.net\/arhiva\/nekadasnji-saradnici-odbacili-optuzbe-dzudza-za-sporni-udzbenik\/#primaryimage"},"thumbnailUrl":"https:\/\/sandzakpress.net\/arhiva\/wp-content\/uploads\/2014\/10\/nekadasnji_vecnici_odbacili_optuzbe_dzudza_za_sporni_udzbenik.jpg","datePublished":"2014-09-30T22:26:19+00:00","dateModified":"2014-09-30T22:39:33+00:00","breadcrumb":{"@id":"https:\/\/sandzakpress.net\/arhiva\/nekadasnji-saradnici-odbacili-optuzbe-dzudza-za-sporni-udzbenik\/#breadcrumb"},"inLanguage":"bs-BA","potentialAction":[{"@type":"ReadAction","target":["https:\/\/sandzakpress.net\/arhiva\/nekadasnji-saradnici-odbacili-optuzbe-dzudza-za-sporni-udzbenik\/"]}]},{"@type":"ImageObject","inLanguage":"bs-BA","@id":"https:\/\/sandzakpress.net\/arhiva\/nekadasnji-saradnici-odbacili-optuzbe-dzudza-za-sporni-udzbenik\/#primaryimage","url":"https:\/\/sandzakpress.net\/arhiva\/wp-content\/uploads\/2014\/10\/nekadasnji_vecnici_odbacili_optuzbe_dzudza_za_sporni_udzbenik.jpg","contentUrl":"https:\/\/sandzakpress.net\/arhiva\/wp-content\/uploads\/2014\/10\/nekadasnji_vecnici_odbacili_optuzbe_dzudza_za_sporni_udzbenik.jpg","width":500,"height":350},{"@type":"BreadcrumbList","@id":"https:\/\/sandzakpress.net\/arhiva\/nekadasnji-saradnici-odbacili-optuzbe-dzudza-za-sporni-udzbenik\/#breadcrumb","itemListElement":[{"@type":"ListItem","position":1,"name":"Home","item":"https:\/\/sandzakpress.net\/arhiva\/"},{"@type":"ListItem","position":2,"name":"Nekada\u0161nji saradnici odbacili optu\u017ebe D\u017eud\u017ea za sporni ud\u017ebenik"}]},{"@type":"WebSite","@id":"https:\/\/sandzakpress.net\/arhiva\/#website","url":"https:\/\/sandzakpress.net\/arhiva\/","name":"Sand\u017eak PRESS","description":"Prve elektronske novine u Sand\u017eaku","publisher":{"@id":"https:\/\/sandzakpress.net\/arhiva\/#\/schema\/person\/6e72b67d6e51910a1117b3b483ba20bd"},"potentialAction":[{"@type":"SearchAction","target":{"@type":"EntryPoint","urlTemplate":"https:\/\/sandzakpress.net\/arhiva\/?s={search_term_string}"},"query-input":{"@type":"PropertyValueSpecification","valueRequired":true,"valueName":"search_term_string"}}],"inLanguage":"bs-BA"},{"@type":["Person","Organization"],"@id":"https:\/\/sandzakpress.net\/arhiva\/#\/schema\/person\/6e72b67d6e51910a1117b3b483ba20bd","name":"Kul","image":{"@type":"ImageObject","inLanguage":"bs-BA","@id":"https:\/\/sandzakpress.net\/arhiva\/#\/schema\/person\/image\/","url":"https:\/\/secure.gravatar.com\/avatar\/42263f39aa27ac04c43cab85c280eb2e?s=96&d=mm&r=pg","contentUrl":"https:\/\/secure.gravatar.com\/avatar\/42263f39aa27ac04c43cab85c280eb2e?s=96&d=mm&r=pg","caption":"Kul"},"logo":{"@id":"https:\/\/sandzakpress.net\/arhiva\/#\/schema\/person\/image\/"}},{"@type":"Person","@id":"https:\/\/sandzakpress.net\/arhiva\/#\/schema\/person\/c8baee722073534b583ea7bdb2e36c02","name":"bosniak","image":{"@type":"ImageObject","inLanguage":"bs-BA","@id":"https:\/\/sandzakpress.net\/arhiva\/#\/schema\/person\/image\/","url":"https:\/\/secure.gravatar.com\/avatar\/a04fd330bfe3a36a72a0ad4a6d89fca7?s=96&d=mm&r=pg","contentUrl":"https:\/\/secure.gravatar.com\/avatar\/a04fd330bfe3a36a72a0ad4a6d89fca7?s=96&d=mm&r=pg","caption":"bosniak"},"url":"https:\/\/sandzakpress.net\/arhiva\/author\/bosniak\/"}]}},"_links":{"self":[{"href":"https:\/\/sandzakpress.net\/arhiva\/wp-json\/wp\/v2\/posts\/112539"}],"collection":[{"href":"https:\/\/sandzakpress.net\/arhiva\/wp-json\/wp\/v2\/posts"}],"about":[{"href":"https:\/\/sandzakpress.net\/arhiva\/wp-json\/wp\/v2\/types\/post"}],"author":[{"embeddable":true,"href":"https:\/\/sandzakpress.net\/arhiva\/wp-json\/wp\/v2\/users\/83"}],"replies":[{"embeddable":true,"href":"https:\/\/sandzakpress.net\/arhiva\/wp-json\/wp\/v2\/comments?post=112539"}],"version-history":[{"count":0,"href":"https:\/\/sandzakpress.net\/arhiva\/wp-json\/wp\/v2\/posts\/112539\/revisions"}],"wp:featuredmedia":[{"embeddable":true,"href":"https:\/\/sandzakpress.net\/arhiva\/wp-json\/wp\/v2\/media\/112541"}],"wp:attachment":[{"href":"https:\/\/sandzakpress.net\/arhiva\/wp-json\/wp\/v2\/media?parent=112539"}],"wp:term":[{"taxonomy":"category","embeddable":true,"href":"https:\/\/sandzakpress.net\/arhiva\/wp-json\/wp\/v2\/categories?post=112539"},{"taxonomy":"post_tag","embeddable":true,"href":"https:\/\/sandzakpress.net\/arhiva\/wp-json\/wp\/v2\/tags?post=112539"}],"curies":[{"name":"wp","href":"https:\/\/api.w.org\/{rel}","templated":true}]}}