{"id":112528,"date":"2014-09-30T18:11:55","date_gmt":"2014-09-30T16:11:55","guid":{"rendered":"https:\/\/sandzakpress.net\/arhiva\/?p=112528"},"modified":"2014-09-30T18:11:55","modified_gmt":"2014-09-30T16:11:55","slug":"zukorlic-fejzic-se-plasi-za-funkciju-pa-ne-zna-sta-prica","status":"publish","type":"post","link":"https:\/\/sandzakpress.net\/arhiva\/zukorlic-fejzic-se-plasi-za-funkciju-pa-ne-zna-sta-prica\/","title":{"rendered":"Zukorli\u0107: Fejzi\u0107 se pla\u0161i za funkciju pa ne zna \u0161ta pri\u010da"},"content":{"rendered":"<p><strong><a href=\"https:\/\/sandzakpress.net\/arhiva\/wp-content\/uploads\/2014\/09\/muamer-zukorlic-1392424973-445517.jpg\"><img loading=\"lazy\" decoding=\"async\" class=\"aligncenter size-full wp-image-112529\" src=\"https:\/\/sandzakpress.net\/arhiva\/wp-content\/uploads\/2014\/09\/muamer-zukorlic-1392424973-445517.jpg\" alt=\"muamer-zukorlic-1392424973-445517\" width=\"620\" height=\"419\" srcset=\"https:\/\/sandzakpress.net\/arhiva\/wp-content\/uploads\/2014\/09\/muamer-zukorlic-1392424973-445517.jpg 620w, https:\/\/sandzakpress.net\/arhiva\/wp-content\/uploads\/2014\/09\/muamer-zukorlic-1392424973-445517-616x416.jpg 616w\" sizes=\"(max-width: 620px) 100vw, 620px\" \/><\/a>Sand\u017eak &#8211; Reis Islamske zajednice u Crnoj Gori Rifat efendija Fejzi\u0107 nesiguran je u sebe i pla\u0161i se za svoju poziciju jer druga\u010dije ne mogu da shvatim za\u0161to na tako drasti\u010dan i neprimjeren na\u010din, neko ko se nalazi na \u010delu jedne vjerske zajednice, govori o drugim ljudima, ocijenio je u razgovoru za Dan muftija sand\u017ea\u010dki Muamer Zukorli\u0107 komentari\u0161u\u0107i navode Fejzi\u0107a koji je njegovo djelovanje nazvao fa\u0161isti\u010dkim, usmjerenom ka podjeli Muslimana u Crnoj Gori.<\/strong><\/p>\n<p>Zukorli\u0107 je u izjavi za Dan kazao da je iznena\u0111en izjavama reisa Islamske zajednice u Crnoj Gori Rifata Fejzi\u0107a, navode\u0107i da uz, kako ka\u017ee, stvarni trud, nije uspio razumjeti \u201etoliku koli\u010dinu ogor\u010denja iz koga proizilaze tako te\u0161ke rije\u010di\u201c. Zukori\u0107 smatra da Fejzi\u0107 \u201esam ne vjeruje u te rije\u010di\u201c.<\/p>\n<p>\u201eNe dolikuje jednom vjerniku da ka\u017ee za bilo koga, posebno za brata Muslimana, tako ru\u017ene rije\u010di, a prije svega koje predstavljaju uvredu. Ne mogu da shvatim kako je zaboravio prve lekcije iz Medrese u kojima su takve rije\u010di najstro\u017ee zabranjene. Iako ne razumijem pozadinu, siguran sam da on zna da to nije ta\u010dno, da je to o\u010dito trenutak neke njegove trenuta\u010dne slabosti, sa moje strane ni\u010dim izazvane. Siguran sam da on sam ne vjeruje u te rije\u010di, kako u ove poslednje optu\u017ebe vezane za fa\u0161izam, tako i za one prethodne u kojima se njegov prst optu\u017ebe uperio u nas kao podstreka\u010de, kolaborante radikalizma u Crnoj Gori. Mislim da i on, kao i svi drugi, zna da fa\u0161izam nikada nije imao upori\u0161te kod Bo\u0161njaka, da su Bo\u0161njaci mo\u017eda jedini narod u Evropi koji nije imao formu organizovanog fa\u0161isti\u010dkog pokreta. Mislim da Rifat efendija Fejzi\u0107 ne treba da pribjegava takvim kvalifikacijama, i mislim da se o\u010dito radi o nekim njegovim nesigurnostima u sebe, u svoju poziciju jer druga\u010dije ne mogu da shvatim za\u0161to na tako drasti\u010dan i neprimjeren na\u010din neko ko se nalazi na \u010delu jedne zajednice govori o drugim ljudima\u201c, smatra Zukorli\u0107.<\/p>\n<p>On je poru\u010dio da su neta\u010dne njegove tvrdnje da \u017eeli da izazove podjele i unese nemir me\u0111u Muslimanima u Crnoj Gori, navode\u0107i da je njegovo djelovanje u ju\u017enom dijelu Sand\u017eaka legalo i legitimno.<\/p>\n<p>\u201eJa sam muftija sand\u017ea\u010dki, prema ustavu islamske zajednice, sa sjedi\u0161tem u Sarajevu, \u010diji smo mi sastavni dio. Po prvome \u010dlanu, Sand\u017eak u svojoj cjelosti, kao istorijska regija, sastavni je dio te islamske zajednice. S druge strane, 1993. godine, nakon disolucije islamske zajednice sa prostora Jugoslavije, sand\u017ea\u010dki me\u0161ihat je formirao odbor islamske zajednice i sjevernog i ju\u017enog dijela Sand\u017eaka, \u0161to je drugi stub na\u0161eg legitimiteta na tom prostoru. Neposredno prije referenduma za osamostaljenje Crne Gore li\u010dno me je uvjeravao tada\u0161nji i sada\u0161nji predsjednik Crne Gore Filip Vujanovi\u0107\u00a0da se u pitanju komunikacije i na vjerskoj, porodi\u010dnoj i kulturnoj osnovi izme\u0111u dva dijela granica, nakon uspostave te granice, ni\u0161ta ne\u0107e promijeniti. Prema tome, moje djelovanje je zasnovano na tim momentima i na istorijskim osnovama koje su nesporne\u201c, pojasnio je on.<\/p>\n<p>Komentari\u0161u\u0107i izjave ministra za telekomunikacije i trgovinu u Vladi Srbije Rasima Ljaji\u0107a, Zukorli\u0107 je kazao da razumije i njegovu nervozu.<\/p>\n<p>\u201eLjaji\u0107 svoj uticaj odr\u017eava zahvaljuju\u0107i polugama vlasti i to obi\u010dno po le\u0111ima ili na le\u0111ima sopstvenog naroda ve\u0107 14 godina. Razumijem i njegovu nervozu s obzirom na to da je 14 godina ministar, a da za to vrijeme nije doveo nijednog investitora u Sand\u017eak, niti je obezbijednio ijedno radno mjesto, ako se izuzme onih 300-400 uposlenja porodi\u010dno-partijskog karaktera u lokalnoj samoupravi gdje on dr\u017ei vlast i to preko broja koji je predvi\u0111en sistematizacijom. Ako ne vr\u0161ite svoj posao ministra, politi\u010dara i ne izvr\u0161avate ono \u0161to ste obe\u0107ali, i kada nakon 14 godina nemate \u0161ta vi\u0161e da ponudite, onda ni obe\u0107anja nemaju smisla\u201c, istakao je Zukorli\u0107.<\/p>\n<p>Zukorli\u0107 je ukazao da su odnosi Crne Gore i Srbije oscilirali u prethodnom periodu, navode\u0107i da je njihovoj vjerskoj zajednici u interesu da oni budu pozitivni.<\/p>\n<p>\u201eBo\u0161nja\u010dki narod mo\u017ee samo da ima \u0161tete od tih negativnih odnosa izme\u0111u Srbije i Crne Gore. \u0160to se ti\u010de islamskih zajednica u dvije dr\u017eave, o\u010dito da mi imamo spor na prostoru Sand\u017eaka. Smatramo da ne postoji stvarni spor za taj prostor, osim \u0161to imamo taj na\u0161 balkanski sindrom da pojedinci koji se dokopaju jedne pozicije vi\u0161e vole da budu car u svome selu, nego tre\u0107i u velikoj zajednici. Mislim da je to jedan od razloga \u0161to rukovadstvo Islamske zajednice u Crnoj Gori ima nedosledan odnos u pogledu integracije Islamske zajednice sa sjedi\u0161tem u Sarajevu\u201c, zaklju\u010dio je on.<\/p>\n<p>(CdM)<\/p>\n","protected":false},"excerpt":{"rendered":"<p>Sand\u017eak &#8211; Reis Islamske zajednice u Crnoj Gori Rifat efendija Fejzi\u0107 nesiguran je u sebe i pla\u0161i se za svoju poziciju jer druga\u010dije ne mogu da shvatim za\u0161to na tako drasti\u010dan i neprimjeren na\u010din, neko ko se nalazi na \u010delu jedne vjerske zajednice, govori o drugim ljudima, ocijenio je u razgovoru za Dan muftija sand\u017ea\u010dki [&hellip;]<\/p>\n","protected":false},"author":83,"featured_media":112529,"comment_status":"open","ping_status":"open","sticky":false,"template":"","format":"standard","meta":{"footnotes":""},"categories":[398,72,397,52,10174,327,396,392,395,802,393,399,394,10173,8957,10193],"tags":[10200,10204],"class_list":{"0":"post-112528","1":"post","2":"type-post","3":"status-publish","4":"format-standard","5":"has-post-thumbnail","7":"category-rozaje","8":"category-novi-pazar","9":"category-berane","10":"category-sjenica","11":"category-petnjica-vase-vijesti","12":"category-tutin","13":"category-bijelo_polje","14":"category-prijepolje_","15":"category-pljevlja_","16":"category-islamska_zajednica","17":"category-priboj","18":"category-plav_","19":"category-nova-varos","20":"category-gusinje-vase-vijesti","21":"category-vijesti-dana","22":"category-sandzak-2","23":"tag-rifat-fejzic","24":"tag-muftija-muamer-zukorlic"},"yoast_head":"<!-- This site is optimized with the Yoast SEO Premium plugin v23.1 (Yoast SEO v24.9) - https:\/\/yoast.com\/wordpress\/plugins\/seo\/ -->\n<title>Zukorli\u0107: Fejzi\u0107 se pla\u0161i za funkciju pa ne zna \u0161ta pri\u010da<\/title>\n<meta name=\"robots\" content=\"index, follow, max-snippet:-1, max-image-preview:large, max-video-preview:-1\" \/>\n<link rel=\"canonical\" href=\"https:\/\/sandzakpress.net\/arhiva\/zukorlic-fejzic-se-plasi-za-funkciju-pa-ne-zna-sta-prica\/\" \/>\n<meta property=\"og:locale\" content=\"bs_BA\" \/>\n<meta property=\"og:type\" content=\"article\" \/>\n<meta property=\"og:title\" content=\"Zukorli\u0107: Fejzi\u0107 se pla\u0161i za funkciju pa ne zna \u0161ta pri\u010da\" \/>\n<meta property=\"og:description\" content=\"Sand\u017eak &#8211; Reis Islamske zajednice u Crnoj Gori Rifat efendija Fejzi\u0107 nesiguran je u sebe i pla\u0161i se za svoju poziciju jer druga\u010dije ne mogu da shvatim za\u0161to na tako drasti\u010dan i neprimjeren na\u010din, neko ko se nalazi na \u010delu jedne vjerske zajednice, govori o drugim ljudima, ocijenio je u razgovoru za Dan muftija sand\u017ea\u010dki [&hellip;]\" \/>\n<meta property=\"og:url\" content=\"https:\/\/sandzakpress.net\/arhiva\/zukorlic-fejzic-se-plasi-za-funkciju-pa-ne-zna-sta-prica\/\" \/>\n<meta property=\"og:site_name\" content=\"Sand\u017eak PRESS\" \/>\n<meta property=\"article:published_time\" content=\"2014-09-30T16:11:55+00:00\" \/>\n<meta property=\"og:image\" content=\"https:\/\/sandzakpress.net\/arhiva\/wp-content\/uploads\/2014\/09\/muamer-zukorlic-1392424973-445517.jpg\" \/>\n\t<meta property=\"og:image:width\" content=\"620\" \/>\n\t<meta property=\"og:image:height\" content=\"419\" \/>\n\t<meta property=\"og:image:type\" content=\"image\/jpeg\" \/>\n<meta name=\"author\" content=\"bosniak\" \/>\n<meta name=\"twitter:card\" content=\"summary_large_image\" \/>\n<meta name=\"twitter:label1\" content=\"Written by\" \/>\n\t<meta name=\"twitter:data1\" content=\"bosniak\" \/>\n\t<meta name=\"twitter:label2\" content=\"Est. reading time\" \/>\n\t<meta name=\"twitter:data2\" content=\"4 minute\" \/>\n<script type=\"application\/ld+json\" class=\"yoast-schema-graph\">{\"@context\":\"https:\/\/schema.org\",\"@graph\":[{\"@type\":\"Article\",\"@id\":\"https:\/\/sandzakpress.net\/arhiva\/zukorlic-fejzic-se-plasi-za-funkciju-pa-ne-zna-sta-prica\/#article\",\"isPartOf\":{\"@id\":\"https:\/\/sandzakpress.net\/arhiva\/zukorlic-fejzic-se-plasi-za-funkciju-pa-ne-zna-sta-prica\/\"},\"author\":{\"name\":\"bosniak\",\"@id\":\"https:\/\/sandzakpress.net\/arhiva\/#\/schema\/person\/c8baee722073534b583ea7bdb2e36c02\"},\"headline\":\"Zukorli\u0107: Fejzi\u0107 se pla\u0161i za funkciju pa ne zna \u0161ta pri\u010da\",\"datePublished\":\"2014-09-30T16:11:55+00:00\",\"mainEntityOfPage\":{\"@id\":\"https:\/\/sandzakpress.net\/arhiva\/zukorlic-fejzic-se-plasi-za-funkciju-pa-ne-zna-sta-prica\/\"},\"wordCount\":833,\"commentCount\":34,\"publisher\":{\"@id\":\"https:\/\/sandzakpress.net\/arhiva\/#\/schema\/person\/6e72b67d6e51910a1117b3b483ba20bd\"},\"image\":{\"@id\":\"https:\/\/sandzakpress.net\/arhiva\/zukorlic-fejzic-se-plasi-za-funkciju-pa-ne-zna-sta-prica\/#primaryimage\"},\"thumbnailUrl\":\"https:\/\/sandzakpress.net\/arhiva\/wp-content\/uploads\/2014\/09\/muamer-zukorlic-1392424973-445517.jpg\",\"keywords\":[\"Rifat Fejzi\u0107\",\"muftija Muamer Zukorli\u0107\"],\"articleSection\":[\"Ro\u017eaje\",\"Novi Pazar\",\"Berane\",\"Sjenica\",\"Petnjica\",\"Tutin\",\"Bijelo Polje\",\"Prijepolje\",\"Pljevlja\",\"Islamska zajednica\",\"Priboj\",\"Plav\",\"Nova Varo\u0161\",\"Gusinje\",\"VIJESTI DANA\",\"Sand\u017eak\"],\"inLanguage\":\"bs-BA\",\"potentialAction\":[{\"@type\":\"CommentAction\",\"name\":\"Comment\",\"target\":[\"https:\/\/sandzakpress.net\/arhiva\/zukorlic-fejzic-se-plasi-za-funkciju-pa-ne-zna-sta-prica\/#respond\"]}]},{\"@type\":\"WebPage\",\"@id\":\"https:\/\/sandzakpress.net\/arhiva\/zukorlic-fejzic-se-plasi-za-funkciju-pa-ne-zna-sta-prica\/\",\"url\":\"https:\/\/sandzakpress.net\/arhiva\/zukorlic-fejzic-se-plasi-za-funkciju-pa-ne-zna-sta-prica\/\",\"name\":\"Zukorli\u0107: Fejzi\u0107 se pla\u0161i za funkciju pa ne zna \u0161ta pri\u010da\",\"isPartOf\":{\"@id\":\"https:\/\/sandzakpress.net\/arhiva\/#website\"},\"primaryImageOfPage\":{\"@id\":\"https:\/\/sandzakpress.net\/arhiva\/zukorlic-fejzic-se-plasi-za-funkciju-pa-ne-zna-sta-prica\/#primaryimage\"},\"image\":{\"@id\":\"https:\/\/sandzakpress.net\/arhiva\/zukorlic-fejzic-se-plasi-za-funkciju-pa-ne-zna-sta-prica\/#primaryimage\"},\"thumbnailUrl\":\"https:\/\/sandzakpress.net\/arhiva\/wp-content\/uploads\/2014\/09\/muamer-zukorlic-1392424973-445517.jpg\",\"datePublished\":\"2014-09-30T16:11:55+00:00\",\"breadcrumb\":{\"@id\":\"https:\/\/sandzakpress.net\/arhiva\/zukorlic-fejzic-se-plasi-za-funkciju-pa-ne-zna-sta-prica\/#breadcrumb\"},\"inLanguage\":\"bs-BA\",\"potentialAction\":[{\"@type\":\"ReadAction\",\"target\":[\"https:\/\/sandzakpress.net\/arhiva\/zukorlic-fejzic-se-plasi-za-funkciju-pa-ne-zna-sta-prica\/\"]}]},{\"@type\":\"ImageObject\",\"inLanguage\":\"bs-BA\",\"@id\":\"https:\/\/sandzakpress.net\/arhiva\/zukorlic-fejzic-se-plasi-za-funkciju-pa-ne-zna-sta-prica\/#primaryimage\",\"url\":\"https:\/\/sandzakpress.net\/arhiva\/wp-content\/uploads\/2014\/09\/muamer-zukorlic-1392424973-445517.jpg\",\"contentUrl\":\"https:\/\/sandzakpress.net\/arhiva\/wp-content\/uploads\/2014\/09\/muamer-zukorlic-1392424973-445517.jpg\",\"width\":620,\"height\":419},{\"@type\":\"BreadcrumbList\",\"@id\":\"https:\/\/sandzakpress.net\/arhiva\/zukorlic-fejzic-se-plasi-za-funkciju-pa-ne-zna-sta-prica\/#breadcrumb\",\"itemListElement\":[{\"@type\":\"ListItem\",\"position\":1,\"name\":\"Home\",\"item\":\"https:\/\/sandzakpress.net\/arhiva\/\"},{\"@type\":\"ListItem\",\"position\":2,\"name\":\"Zukorli\u0107: Fejzi\u0107 se pla\u0161i za funkciju pa ne zna \u0161ta pri\u010da\"}]},{\"@type\":\"WebSite\",\"@id\":\"https:\/\/sandzakpress.net\/arhiva\/#website\",\"url\":\"https:\/\/sandzakpress.net\/arhiva\/\",\"name\":\"Sand\u017eak PRESS\",\"description\":\"Prve elektronske novine u Sand\u017eaku\",\"publisher\":{\"@id\":\"https:\/\/sandzakpress.net\/arhiva\/#\/schema\/person\/6e72b67d6e51910a1117b3b483ba20bd\"},\"potentialAction\":[{\"@type\":\"SearchAction\",\"target\":{\"@type\":\"EntryPoint\",\"urlTemplate\":\"https:\/\/sandzakpress.net\/arhiva\/?s={search_term_string}\"},\"query-input\":{\"@type\":\"PropertyValueSpecification\",\"valueRequired\":true,\"valueName\":\"search_term_string\"}}],\"inLanguage\":\"bs-BA\"},{\"@type\":[\"Person\",\"Organization\"],\"@id\":\"https:\/\/sandzakpress.net\/arhiva\/#\/schema\/person\/6e72b67d6e51910a1117b3b483ba20bd\",\"name\":\"Kul\",\"image\":{\"@type\":\"ImageObject\",\"inLanguage\":\"bs-BA\",\"@id\":\"https:\/\/sandzakpress.net\/arhiva\/#\/schema\/person\/image\/\",\"url\":\"https:\/\/secure.gravatar.com\/avatar\/42263f39aa27ac04c43cab85c280eb2e?s=96&d=mm&r=pg\",\"contentUrl\":\"https:\/\/secure.gravatar.com\/avatar\/42263f39aa27ac04c43cab85c280eb2e?s=96&d=mm&r=pg\",\"caption\":\"Kul\"},\"logo\":{\"@id\":\"https:\/\/sandzakpress.net\/arhiva\/#\/schema\/person\/image\/\"}},{\"@type\":\"Person\",\"@id\":\"https:\/\/sandzakpress.net\/arhiva\/#\/schema\/person\/c8baee722073534b583ea7bdb2e36c02\",\"name\":\"bosniak\",\"image\":{\"@type\":\"ImageObject\",\"inLanguage\":\"bs-BA\",\"@id\":\"https:\/\/sandzakpress.net\/arhiva\/#\/schema\/person\/image\/\",\"url\":\"https:\/\/secure.gravatar.com\/avatar\/a04fd330bfe3a36a72a0ad4a6d89fca7?s=96&d=mm&r=pg\",\"contentUrl\":\"https:\/\/secure.gravatar.com\/avatar\/a04fd330bfe3a36a72a0ad4a6d89fca7?s=96&d=mm&r=pg\",\"caption\":\"bosniak\"},\"url\":\"https:\/\/sandzakpress.net\/arhiva\/author\/bosniak\/\"}]}<\/script>\n<!-- \/ Yoast SEO Premium plugin. -->","yoast_head_json":{"title":"Zukorli\u0107: Fejzi\u0107 se pla\u0161i za funkciju pa ne zna \u0161ta pri\u010da","robots":{"index":"index","follow":"follow","max-snippet":"max-snippet:-1","max-image-preview":"max-image-preview:large","max-video-preview":"max-video-preview:-1"},"canonical":"https:\/\/sandzakpress.net\/arhiva\/zukorlic-fejzic-se-plasi-za-funkciju-pa-ne-zna-sta-prica\/","og_locale":"bs_BA","og_type":"article","og_title":"Zukorli\u0107: Fejzi\u0107 se pla\u0161i za funkciju pa ne zna \u0161ta pri\u010da","og_description":"Sand\u017eak &#8211; Reis Islamske zajednice u Crnoj Gori Rifat efendija Fejzi\u0107 nesiguran je u sebe i pla\u0161i se za svoju poziciju jer druga\u010dije ne mogu da shvatim za\u0161to na tako drasti\u010dan i neprimjeren na\u010din, neko ko se nalazi na \u010delu jedne vjerske zajednice, govori o drugim ljudima, ocijenio je u razgovoru za Dan muftija sand\u017ea\u010dki [&hellip;]","og_url":"https:\/\/sandzakpress.net\/arhiva\/zukorlic-fejzic-se-plasi-za-funkciju-pa-ne-zna-sta-prica\/","og_site_name":"Sand\u017eak PRESS","article_published_time":"2014-09-30T16:11:55+00:00","og_image":[{"width":620,"height":419,"url":"https:\/\/sandzakpress.net\/arhiva\/wp-content\/uploads\/2014\/09\/muamer-zukorlic-1392424973-445517.jpg","type":"image\/jpeg"}],"author":"bosniak","twitter_card":"summary_large_image","twitter_misc":{"Written by":"bosniak","Est. reading time":"4 minute"},"schema":{"@context":"https:\/\/schema.org","@graph":[{"@type":"Article","@id":"https:\/\/sandzakpress.net\/arhiva\/zukorlic-fejzic-se-plasi-za-funkciju-pa-ne-zna-sta-prica\/#article","isPartOf":{"@id":"https:\/\/sandzakpress.net\/arhiva\/zukorlic-fejzic-se-plasi-za-funkciju-pa-ne-zna-sta-prica\/"},"author":{"name":"bosniak","@id":"https:\/\/sandzakpress.net\/arhiva\/#\/schema\/person\/c8baee722073534b583ea7bdb2e36c02"},"headline":"Zukorli\u0107: Fejzi\u0107 se pla\u0161i za funkciju pa ne zna \u0161ta pri\u010da","datePublished":"2014-09-30T16:11:55+00:00","mainEntityOfPage":{"@id":"https:\/\/sandzakpress.net\/arhiva\/zukorlic-fejzic-se-plasi-za-funkciju-pa-ne-zna-sta-prica\/"},"wordCount":833,"commentCount":34,"publisher":{"@id":"https:\/\/sandzakpress.net\/arhiva\/#\/schema\/person\/6e72b67d6e51910a1117b3b483ba20bd"},"image":{"@id":"https:\/\/sandzakpress.net\/arhiva\/zukorlic-fejzic-se-plasi-za-funkciju-pa-ne-zna-sta-prica\/#primaryimage"},"thumbnailUrl":"https:\/\/sandzakpress.net\/arhiva\/wp-content\/uploads\/2014\/09\/muamer-zukorlic-1392424973-445517.jpg","keywords":["Rifat Fejzi\u0107","muftija Muamer Zukorli\u0107"],"articleSection":["Ro\u017eaje","Novi Pazar","Berane","Sjenica","Petnjica","Tutin","Bijelo Polje","Prijepolje","Pljevlja","Islamska zajednica","Priboj","Plav","Nova Varo\u0161","Gusinje","VIJESTI DANA","Sand\u017eak"],"inLanguage":"bs-BA","potentialAction":[{"@type":"CommentAction","name":"Comment","target":["https:\/\/sandzakpress.net\/arhiva\/zukorlic-fejzic-se-plasi-za-funkciju-pa-ne-zna-sta-prica\/#respond"]}]},{"@type":"WebPage","@id":"https:\/\/sandzakpress.net\/arhiva\/zukorlic-fejzic-se-plasi-za-funkciju-pa-ne-zna-sta-prica\/","url":"https:\/\/sandzakpress.net\/arhiva\/zukorlic-fejzic-se-plasi-za-funkciju-pa-ne-zna-sta-prica\/","name":"Zukorli\u0107: Fejzi\u0107 se pla\u0161i za funkciju pa ne zna \u0161ta pri\u010da","isPartOf":{"@id":"https:\/\/sandzakpress.net\/arhiva\/#website"},"primaryImageOfPage":{"@id":"https:\/\/sandzakpress.net\/arhiva\/zukorlic-fejzic-se-plasi-za-funkciju-pa-ne-zna-sta-prica\/#primaryimage"},"image":{"@id":"https:\/\/sandzakpress.net\/arhiva\/zukorlic-fejzic-se-plasi-za-funkciju-pa-ne-zna-sta-prica\/#primaryimage"},"thumbnailUrl":"https:\/\/sandzakpress.net\/arhiva\/wp-content\/uploads\/2014\/09\/muamer-zukorlic-1392424973-445517.jpg","datePublished":"2014-09-30T16:11:55+00:00","breadcrumb":{"@id":"https:\/\/sandzakpress.net\/arhiva\/zukorlic-fejzic-se-plasi-za-funkciju-pa-ne-zna-sta-prica\/#breadcrumb"},"inLanguage":"bs-BA","potentialAction":[{"@type":"ReadAction","target":["https:\/\/sandzakpress.net\/arhiva\/zukorlic-fejzic-se-plasi-za-funkciju-pa-ne-zna-sta-prica\/"]}]},{"@type":"ImageObject","inLanguage":"bs-BA","@id":"https:\/\/sandzakpress.net\/arhiva\/zukorlic-fejzic-se-plasi-za-funkciju-pa-ne-zna-sta-prica\/#primaryimage","url":"https:\/\/sandzakpress.net\/arhiva\/wp-content\/uploads\/2014\/09\/muamer-zukorlic-1392424973-445517.jpg","contentUrl":"https:\/\/sandzakpress.net\/arhiva\/wp-content\/uploads\/2014\/09\/muamer-zukorlic-1392424973-445517.jpg","width":620,"height":419},{"@type":"BreadcrumbList","@id":"https:\/\/sandzakpress.net\/arhiva\/zukorlic-fejzic-se-plasi-za-funkciju-pa-ne-zna-sta-prica\/#breadcrumb","itemListElement":[{"@type":"ListItem","position":1,"name":"Home","item":"https:\/\/sandzakpress.net\/arhiva\/"},{"@type":"ListItem","position":2,"name":"Zukorli\u0107: Fejzi\u0107 se pla\u0161i za funkciju pa ne zna \u0161ta pri\u010da"}]},{"@type":"WebSite","@id":"https:\/\/sandzakpress.net\/arhiva\/#website","url":"https:\/\/sandzakpress.net\/arhiva\/","name":"Sand\u017eak PRESS","description":"Prve elektronske novine u Sand\u017eaku","publisher":{"@id":"https:\/\/sandzakpress.net\/arhiva\/#\/schema\/person\/6e72b67d6e51910a1117b3b483ba20bd"},"potentialAction":[{"@type":"SearchAction","target":{"@type":"EntryPoint","urlTemplate":"https:\/\/sandzakpress.net\/arhiva\/?s={search_term_string}"},"query-input":{"@type":"PropertyValueSpecification","valueRequired":true,"valueName":"search_term_string"}}],"inLanguage":"bs-BA"},{"@type":["Person","Organization"],"@id":"https:\/\/sandzakpress.net\/arhiva\/#\/schema\/person\/6e72b67d6e51910a1117b3b483ba20bd","name":"Kul","image":{"@type":"ImageObject","inLanguage":"bs-BA","@id":"https:\/\/sandzakpress.net\/arhiva\/#\/schema\/person\/image\/","url":"https:\/\/secure.gravatar.com\/avatar\/42263f39aa27ac04c43cab85c280eb2e?s=96&d=mm&r=pg","contentUrl":"https:\/\/secure.gravatar.com\/avatar\/42263f39aa27ac04c43cab85c280eb2e?s=96&d=mm&r=pg","caption":"Kul"},"logo":{"@id":"https:\/\/sandzakpress.net\/arhiva\/#\/schema\/person\/image\/"}},{"@type":"Person","@id":"https:\/\/sandzakpress.net\/arhiva\/#\/schema\/person\/c8baee722073534b583ea7bdb2e36c02","name":"bosniak","image":{"@type":"ImageObject","inLanguage":"bs-BA","@id":"https:\/\/sandzakpress.net\/arhiva\/#\/schema\/person\/image\/","url":"https:\/\/secure.gravatar.com\/avatar\/a04fd330bfe3a36a72a0ad4a6d89fca7?s=96&d=mm&r=pg","contentUrl":"https:\/\/secure.gravatar.com\/avatar\/a04fd330bfe3a36a72a0ad4a6d89fca7?s=96&d=mm&r=pg","caption":"bosniak"},"url":"https:\/\/sandzakpress.net\/arhiva\/author\/bosniak\/"}]}},"_links":{"self":[{"href":"https:\/\/sandzakpress.net\/arhiva\/wp-json\/wp\/v2\/posts\/112528"}],"collection":[{"href":"https:\/\/sandzakpress.net\/arhiva\/wp-json\/wp\/v2\/posts"}],"about":[{"href":"https:\/\/sandzakpress.net\/arhiva\/wp-json\/wp\/v2\/types\/post"}],"author":[{"embeddable":true,"href":"https:\/\/sandzakpress.net\/arhiva\/wp-json\/wp\/v2\/users\/83"}],"replies":[{"embeddable":true,"href":"https:\/\/sandzakpress.net\/arhiva\/wp-json\/wp\/v2\/comments?post=112528"}],"version-history":[{"count":0,"href":"https:\/\/sandzakpress.net\/arhiva\/wp-json\/wp\/v2\/posts\/112528\/revisions"}],"wp:featuredmedia":[{"embeddable":true,"href":"https:\/\/sandzakpress.net\/arhiva\/wp-json\/wp\/v2\/media\/112529"}],"wp:attachment":[{"href":"https:\/\/sandzakpress.net\/arhiva\/wp-json\/wp\/v2\/media?parent=112528"}],"wp:term":[{"taxonomy":"category","embeddable":true,"href":"https:\/\/sandzakpress.net\/arhiva\/wp-json\/wp\/v2\/categories?post=112528"},{"taxonomy":"post_tag","embeddable":true,"href":"https:\/\/sandzakpress.net\/arhiva\/wp-json\/wp\/v2\/tags?post=112528"}],"curies":[{"name":"wp","href":"https:\/\/api.w.org\/{rel}","templated":true}]}}